{"id":96142,"date":"2024-12-16T09:56:37","date_gmt":"2024-12-16T12:56:37","guid":{"rendered":"https:\/\/radiolifefm.com.br\/noticias\/?p=96142"},"modified":"2026-04-02T02:36:24","modified_gmt":"2026-04-02T05:36:24","slug":"provincia-gestao-pinoquiana-e-la-nave-va","status":"publish","type":"post","link":"https:\/\/radiolifefm.com.br\/noticias\/provincia-gestao-pinoquiana-e-la-nave-va\/","title":{"rendered":"Prov\u00edncia, Gest\u00e3o PINOQUIANA  \u201ce la nave va\u201d\u2026"},"content":{"rendered":"<div id=\"fb-root\"><\/div>\n<p><strong><em>\u201c\u00c9 a pr\u00f3pria mente de um homem, e n\u00e3o seu inimigo ou advers\u00e1rio, que o seduz para caminhos mal\u00e9ficos.\u201d\u00a0<\/em><\/strong><strong><em>(<\/em><\/strong><a href=\"https:\/\/www.pensador.com\/autor\/buda\/\" target=\"_blank\" rel=\"nofollow noopener\"><strong><em>Buda<\/em><\/strong><\/a><strong><em>)<\/em><\/strong><\/p>\n<p><strong><em>\u00a0<\/em><\/strong><\/p>\n<p><strong>By seb@r.<\/strong><\/p>\n<p>N\u00e3o tem como deixar de lado as eternas IRONIAS para tentar dar a volta por cima, talvez, por este ou aquele outro lado de um mesmo lado quando se trata de temas e tem\u00e1ticas PROVINCIANAS\u2026<\/p>\n<p>Como sempre, no mais em meio ao tudo de menos, isso \u00e9, quando o ASSUNTO EM PAUTA est\u00e1 relacionado com a GEST\u00c3O PINOQUIANA que caminha (sic) para um FINAL sem muitas considera\u00e7\u00f5es quanto as CONQUISTAS para a COMUNIDADE PROVINCIANA\u2026<\/p>\n<p>Desta forma, E LA NAVE VA, neste caso em especial, est\u00e1 em sintonia com um filme italiano do cineasta FREDERICO FELLINI, sendo que a tradu\u00e7\u00e3o registra E O NAVIO VAI, assim, cada qual com suas ESCOLHAS em nome daquele que est\u00e1 se despedindo, ainda, depois de OITO LONGOS ANOS como GESTOR P\u00daBLICO desta PROV\u00cdNCIA DO FAZ DE CONTA\u2026<\/p>\n<p>Aquele outro pensador disse, a saber: O TEMPO \u00c9 O SENHOR DA RAZ\u00c3O, todavia, pode ser que a melhor escolha nestes OCASOS DE UM TALVEZ, esteja mais de acordo com um outro dito mais do que popular que afirma: NADA COMO UM DIA DEPOIS DO OUTRO\u2026<\/p>\n<p>Tais DESENCONTROS est\u00e3o relacionados com as ESCOLHAS que foram feitas e executadas pelo denominado PIN\u00d3QUIO PROVINCIANO e sua turma de ALOPRADOS\/AS nestes \u00faltimos anos, haja vista que muitas PROMESSAS foram feitas e o resultado ficou al\u00e9m do esperado\u2026<\/p>\n<p>Entretanto, a partir de JANEIRO do pr\u00f3ximo ano, assume uma NOVA GEST\u00c3O (sic), todavia, n\u00e3o se pode acreditar que haver\u00e1 uma MUDAN\u00c7A RADICAL (sic), haja vista que s\u00e3o todos FARINHA deste MESMO SACO, tendo em vista que essa turma pertence ao DITO CUJO que afirmou que era pra deixar A BOIADA PASSAR\u2026<\/p>\n<p>Desta forma, pelo MUGIR desta BOIADA que vai passar daqui pra frente nesta PROV\u00cdNCIA DO FAZ DE CONTA, tudo pode acontecer de um lado ou de outro, por\u00e9m, espero que tais MENTES MED\u00cdOCRES n\u00e3o entrem nas PAREDES ALVAS, tendo em vista que naqueles lados T\u00c1 TUDO DOMINADO, mesmo assim, sempre pode receber outras\/as para compor o TIME ACAD\u00caMICO\u2026<\/p>\n<p>Retornando ao GESTOR denominado de PIN\u00d3QUIO, tamb\u00e9m, recebeu outro apelido (sic) no passado, ou seja, de BO.DO.QUIO (BOzzo+DOria+pinoQUIO), deve-se ficar na tal BOCA DE ESPERA quanto as suas IDAS com poucas VINDAS, isso \u00e9, depois que o mesmo deixar o PODER pelo PODER, ainda, que sempre marcou a sua presen\u00e7a com apoio da Equipe de ALOPRADOS\/AS em n\u00edvel de GEST\u00c3O P\u00daBLICA\u2026<\/p>\n<p>Tais desencontros fazem parte deste PROCESSO PROVINCIANO e sempre naquela perspectiva popular que diz: MUDAM AS MOSCAS, MAS A M\u2026 \u00c9 SEMPRE A MESMA\u2026<\/p>\n<p>QUEM SOBREVIVER VAI SABER\u2026<\/p>\n<p>&nbsp;<\/p>\n<p>&nbsp;<\/p>\n<p><strong>e-mail:\u00a0<\/strong><a href=\"mailto:barbosa.sebar@gmail.com\"><strong>barbosa.sebar@gmail.com<\/strong><\/a><\/p>\n","protected":false},"excerpt":{"rendered":"<p>\u201c\u00c9 a pr\u00f3pria mente de um homem, e n\u00e3o seu inimigo ou advers\u00e1rio, que o seduz para caminhos mal\u00e9ficos.\u201d\u00a0(Buda) \u00a0 By seb@r. N\u00e3o tem como deixar de lado as eternas IRONIAS para tentar dar a volta por cima, talvez, por este ou aquele outro lado de um mesmo lado quando se trata de temas e [&hellip;]<\/p>\n","protected":false},"author":13,"featured_media":51988,"comment_status":"closed","ping_status":"open","sticky":false,"template":"","format":"standard","meta":{"_acf_changed":false,"_exactmetrics_skip_tracking":false,"_exactmetrics_sitenote_active":false,"_exactmetrics_sitenote_note":"","_exactmetrics_sitenote_category":0,"footnotes":""},"categories":[59],"tags":[],"class_list":["post-96142","post","type-post","status-publish","format-standard","has-post-thumbnail","hentry","category-opiniao"],"acf":[],"yoast_head":"<!-- This site is optimized with the Yoast SEO plugin v27.2 - https:\/\/yoast.com\/product\/yoast-seo-wordpress\/ -->\n<title>Prov\u00edncia, Gest\u00e3o PINOQUIANA \u201ce la nave va\u201d\u2026 - R\u00e1dio Life FM<\/title>\n<meta name=\"robots\" content=\"index, follow, max-snippet:-1, max-image-preview:large, max-video-preview:-1\" \/>\n<link rel=\"canonical\" href=\"https:\/\/radiolifefm.com.br\/noticias\/provincia-gestao-pinoquiana-e-la-nave-va\/\" \/>\n<meta property=\"og:locale\" content=\"pt_BR\" \/>\n<meta property=\"og:type\" content=\"article\" \/>\n<meta property=\"og:title\" content=\"Prov\u00edncia, Gest\u00e3o PINOQUIANA \u201ce la nave va\u201d\u2026 - R\u00e1dio Life FM\" \/>\n<meta property=\"og:description\" content=\"\u201c\u00c9 a pr\u00f3pria mente de um homem, e n\u00e3o seu inimigo ou advers\u00e1rio, que o seduz para caminhos mal\u00e9ficos.\u201d\u00a0(Buda) \u00a0 By seb@r. N\u00e3o tem como deixar de lado as eternas IRONIAS para tentar dar a volta por cima, talvez, por este ou aquele outro lado de um mesmo lado quando se trata de temas e [&hellip;]\" \/>\n<meta property=\"og:url\" content=\"https:\/\/radiolifefm.com.br\/noticias\/provincia-gestao-pinoquiana-e-la-nave-va\/\" \/>\n<meta property=\"og:site_name\" content=\"R\u00e1dio Life FM\" \/>\n<meta property=\"article:publisher\" content=\"https:\/\/www.facebook.com\/radiolifefm\/\" \/>\n<meta property=\"article:published_time\" content=\"2024-12-16T12:56:37+00:00\" \/>\n<meta property=\"article:modified_time\" content=\"2026-04-02T05:36:24+00:00\" \/>\n<meta property=\"og:image\" content=\"https:\/\/radiolifefm.com.br\/noticias\/wp-content\/uploads\/2022\/04\/WhatsApp-Image-2022-04-10-at-18.43.02.jpeg\" \/>\n\t<meta property=\"og:image:width\" content=\"972\" \/>\n\t<meta property=\"og:image:height\" content=\"1296\" \/>\n\t<meta property=\"og:image:type\" content=\"image\/jpeg\" \/>\n<meta name=\"author\" content=\"ritanery\" \/>\n<meta name=\"twitter:card\" content=\"summary_large_image\" \/>\n<meta name=\"twitter:label1\" content=\"Escrito por\" \/>\n\t<meta name=\"twitter:data1\" content=\"ritanery\" \/>\n\t<meta name=\"twitter:label2\" content=\"Est. tempo de leitura\" \/>\n\t<meta name=\"twitter:data2\" content=\"3 minutos\" \/>\n<script type=\"application\/ld+json\" class=\"yoast-schema-graph\">{\"@context\":\"https:\/\/schema.org\",\"@graph\":[{\"@type\":\"Article\",\"@id\":\"https:\/\/radiolifefm.com.br\/noticias\/provincia-gestao-pinoquiana-e-la-nave-va\/#article\",\"isPartOf\":{\"@id\":\"https:\/\/radiolifefm.com.br\/noticias\/provincia-gestao-pinoquiana-e-la-nave-va\/\"},\"author\":{\"name\":\"ritanery\",\"@id\":\"https:\/\/radiolifefm.com.br\/noticias\/#\/schema\/person\/6339b9fac59d12b071dec680d7375d87\"},\"headline\":\"Prov\u00edncia, Gest\u00e3o PINOQUIANA \u201ce la nave va\u201d\u2026\",\"datePublished\":\"2024-12-16T12:56:37+00:00\",\"dateModified\":\"2026-04-02T05:36:24+00:00\",\"mainEntityOfPage\":{\"@id\":\"https:\/\/radiolifefm.com.br\/noticias\/provincia-gestao-pinoquiana-e-la-nave-va\/\"},\"wordCount\":487,\"publisher\":{\"@id\":\"https:\/\/radiolifefm.com.br\/noticias\/#organization\"},\"image\":{\"@id\":\"https:\/\/radiolifefm.com.br\/noticias\/provincia-gestao-pinoquiana-e-la-nave-va\/#primaryimage\"},\"thumbnailUrl\":\"https:\/\/radiolifefm.com.br\/noticias\/wp-content\/uploads\/2022\/04\/WhatsApp-Image-2022-04-10-at-18.43.02.jpeg\",\"articleSection\":[\"Opini\u00e3o\"],\"inLanguage\":\"pt-BR\"},{\"@type\":\"WebPage\",\"@id\":\"https:\/\/radiolifefm.com.br\/noticias\/provincia-gestao-pinoquiana-e-la-nave-va\/\",\"url\":\"https:\/\/radiolifefm.com.br\/noticias\/provincia-gestao-pinoquiana-e-la-nave-va\/\",\"name\":\"Prov\u00edncia, Gest\u00e3o PINOQUIANA \u201ce la nave va\u201d\u2026 - R\u00e1dio Life FM\",\"isPartOf\":{\"@id\":\"https:\/\/radiolifefm.com.br\/noticias\/#website\"},\"primaryImageOfPage\":{\"@id\":\"https:\/\/radiolifefm.com.br\/noticias\/provincia-gestao-pinoquiana-e-la-nave-va\/#primaryimage\"},\"image\":{\"@id\":\"https:\/\/radiolifefm.com.br\/noticias\/provincia-gestao-pinoquiana-e-la-nave-va\/#primaryimage\"},\"thumbnailUrl\":\"https:\/\/radiolifefm.com.br\/noticias\/wp-content\/uploads\/2022\/04\/WhatsApp-Image-2022-04-10-at-18.43.02.jpeg\",\"datePublished\":\"2024-12-16T12:56:37+00:00\",\"dateModified\":\"2026-04-02T05:36:24+00:00\",\"breadcrumb\":{\"@id\":\"https:\/\/radiolifefm.com.br\/noticias\/provincia-gestao-pinoquiana-e-la-nave-va\/#breadcrumb\"},\"inLanguage\":\"pt-BR\",\"potentialAction\":[{\"@type\":\"ReadAction\",\"target\":[\"https:\/\/radiolifefm.com.br\/noticias\/provincia-gestao-pinoquiana-e-la-nave-va\/\"]}]},{\"@type\":\"ImageObject\",\"inLanguage\":\"pt-BR\",\"@id\":\"https:\/\/radiolifefm.com.br\/noticias\/provincia-gestao-pinoquiana-e-la-nave-va\/#primaryimage\",\"url\":\"https:\/\/radiolifefm.com.br\/noticias\/wp-content\/uploads\/2022\/04\/WhatsApp-Image-2022-04-10-at-18.43.02.jpeg\",\"contentUrl\":\"https:\/\/radiolifefm.com.br\/noticias\/wp-content\/uploads\/2022\/04\/WhatsApp-Image-2022-04-10-at-18.43.02.jpeg\",\"width\":972,\"height\":1296,\"caption\":\"S\u00e9rgio Barbosa\"},{\"@type\":\"BreadcrumbList\",\"@id\":\"https:\/\/radiolifefm.com.br\/noticias\/provincia-gestao-pinoquiana-e-la-nave-va\/#breadcrumb\",\"itemListElement\":[{\"@type\":\"ListItem\",\"position\":1,\"name\":\"In\u00edcio\",\"item\":\"https:\/\/radiolifefm.com.br\/noticias\/\"},{\"@type\":\"ListItem\",\"position\":2,\"name\":\"Prov\u00edncia, Gest\u00e3o PINOQUIANA \u201ce la nave va\u201d\u2026\"}]},{\"@type\":\"WebSite\",\"@id\":\"https:\/\/radiolifefm.com.br\/noticias\/#website\",\"url\":\"https:\/\/radiolifefm.com.br\/noticias\/\",\"name\":\"R\u00e1dio Life FM\",\"description\":\"O Portal de Not\u00edcias de Adamantina\",\"publisher\":{\"@id\":\"https:\/\/radiolifefm.com.br\/noticias\/#organization\"},\"alternateName\":\"Life FM\",\"potentialAction\":[{\"@type\":\"SearchAction\",\"target\":{\"@type\":\"EntryPoint\",\"urlTemplate\":\"https:\/\/radiolifefm.com.br\/noticias\/?s={search_term_string}\"},\"query-input\":{\"@type\":\"PropertyValueSpecification\",\"valueRequired\":true,\"valueName\":\"search_term_string\"}}],\"inLanguage\":\"pt-BR\"},{\"@type\":\"Organization\",\"@id\":\"https:\/\/radiolifefm.com.br\/noticias\/#organization\",\"name\":\"R\u00e1dio Life FM\",\"alternateName\":\"Life FM\",\"url\":\"https:\/\/radiolifefm.com.br\/noticias\/\",\"logo\":{\"@type\":\"ImageObject\",\"inLanguage\":\"pt-BR\",\"@id\":\"https:\/\/radiolifefm.com.br\/noticias\/#\/schema\/logo\/image\/\",\"url\":\"https:\/\/static.radiolifefm.com.br\/noticias\/wp-content\/uploads\/2019\/10\/logo-lifefm.png\",\"contentUrl\":\"https:\/\/static.radiolifefm.com.br\/noticias\/wp-content\/uploads\/2019\/10\/logo-lifefm.png\",\"width\":196,\"height\":47,\"caption\":\"R\u00e1dio Life FM\"},\"image\":{\"@id\":\"https:\/\/radiolifefm.com.br\/noticias\/#\/schema\/logo\/image\/\"},\"sameAs\":[\"https:\/\/www.facebook.com\/radiolifefm\/\",\"https:\/\/www.instagram.com\/life1079fm\/\"]},{\"@type\":\"Person\",\"@id\":\"https:\/\/radiolifefm.com.br\/noticias\/#\/schema\/person\/6339b9fac59d12b071dec680d7375d87\",\"name\":\"ritanery\",\"image\":{\"@type\":\"ImageObject\",\"inLanguage\":\"pt-BR\",\"@id\":\"https:\/\/secure.gravatar.com\/avatar\/0e37bb19071f47c0b8a23f62a903df117c5a0e75f65a0c2901562f97cd41cf86?s=96&d=mm&r=g\",\"url\":\"https:\/\/secure.gravatar.com\/avatar\/0e37bb19071f47c0b8a23f62a903df117c5a0e75f65a0c2901562f97cd41cf86?s=96&d=mm&r=g\",\"contentUrl\":\"https:\/\/secure.gravatar.com\/avatar\/0e37bb19071f47c0b8a23f62a903df117c5a0e75f65a0c2901562f97cd41cf86?s=96&d=mm&r=g\",\"caption\":\"ritanery\"}}]}<\/script>\n<!-- \/ Yoast SEO plugin. -->","yoast_head_json":{"title":"Prov\u00edncia, Gest\u00e3o PINOQUIANA \u201ce la nave va\u201d\u2026 - R\u00e1dio Life FM","robots":{"index":"index","follow":"follow","max-snippet":"max-snippet:-1","max-image-preview":"max-image-preview:large","max-video-preview":"max-video-preview:-1"},"canonical":"https:\/\/radiolifefm.com.br\/noticias\/provincia-gestao-pinoquiana-e-la-nave-va\/","og_locale":"pt_BR","og_type":"article","og_title":"Prov\u00edncia, Gest\u00e3o PINOQUIANA \u201ce la nave va\u201d\u2026 - R\u00e1dio Life FM","og_description":"\u201c\u00c9 a pr\u00f3pria mente de um homem, e n\u00e3o seu inimigo ou advers\u00e1rio, que o seduz para caminhos mal\u00e9ficos.\u201d\u00a0(Buda) \u00a0 By seb@r. N\u00e3o tem como deixar de lado as eternas IRONIAS para tentar dar a volta por cima, talvez, por este ou aquele outro lado de um mesmo lado quando se trata de temas e [&hellip;]","og_url":"https:\/\/radiolifefm.com.br\/noticias\/provincia-gestao-pinoquiana-e-la-nave-va\/","og_site_name":"R\u00e1dio Life FM","article_publisher":"https:\/\/www.facebook.com\/radiolifefm\/","article_published_time":"2024-12-16T12:56:37+00:00","article_modified_time":"2026-04-02T05:36:24+00:00","og_image":[{"width":972,"height":1296,"url":"https:\/\/radiolifefm.com.br\/noticias\/wp-content\/uploads\/2022\/04\/WhatsApp-Image-2022-04-10-at-18.43.02.jpeg","type":"image\/jpeg"}],"author":"ritanery","twitter_card":"summary_large_image","twitter_misc":{"Escrito por":"ritanery","Est. tempo de leitura":"3 minutos"},"schema":{"@context":"https:\/\/schema.org","@graph":[{"@type":"Article","@id":"https:\/\/radiolifefm.com.br\/noticias\/provincia-gestao-pinoquiana-e-la-nave-va\/#article","isPartOf":{"@id":"https:\/\/radiolifefm.com.br\/noticias\/provincia-gestao-pinoquiana-e-la-nave-va\/"},"author":{"name":"ritanery","@id":"https:\/\/radiolifefm.com.br\/noticias\/#\/schema\/person\/6339b9fac59d12b071dec680d7375d87"},"headline":"Prov\u00edncia, Gest\u00e3o PINOQUIANA \u201ce la nave va\u201d\u2026","datePublished":"2024-12-16T12:56:37+00:00","dateModified":"2026-04-02T05:36:24+00:00","mainEntityOfPage":{"@id":"https:\/\/radiolifefm.com.br\/noticias\/provincia-gestao-pinoquiana-e-la-nave-va\/"},"wordCount":487,"publisher":{"@id":"https:\/\/radiolifefm.com.br\/noticias\/#organization"},"image":{"@id":"https:\/\/radiolifefm.com.br\/noticias\/provincia-gestao-pinoquiana-e-la-nave-va\/#primaryimage"},"thumbnailUrl":"https:\/\/radiolifefm.com.br\/noticias\/wp-content\/uploads\/2022\/04\/WhatsApp-Image-2022-04-10-at-18.43.02.jpeg","articleSection":["Opini\u00e3o"],"inLanguage":"pt-BR"},{"@type":"WebPage","@id":"https:\/\/radiolifefm.com.br\/noticias\/provincia-gestao-pinoquiana-e-la-nave-va\/","url":"https:\/\/radiolifefm.com.br\/noticias\/provincia-gestao-pinoquiana-e-la-nave-va\/","name":"Prov\u00edncia, Gest\u00e3o PINOQUIANA \u201ce la nave va\u201d\u2026 - R\u00e1dio Life FM","isPartOf":{"@id":"https:\/\/radiolifefm.com.br\/noticias\/#website"},"primaryImageOfPage":{"@id":"https:\/\/radiolifefm.com.br\/noticias\/provincia-gestao-pinoquiana-e-la-nave-va\/#primaryimage"},"image":{"@id":"https:\/\/radiolifefm.com.br\/noticias\/provincia-gestao-pinoquiana-e-la-nave-va\/#primaryimage"},"thumbnailUrl":"https:\/\/radiolifefm.com.br\/noticias\/wp-content\/uploads\/2022\/04\/WhatsApp-Image-2022-04-10-at-18.43.02.jpeg","datePublished":"2024-12-16T12:56:37+00:00","dateModified":"2026-04-02T05:36:24+00:00","breadcrumb":{"@id":"https:\/\/radiolifefm.com.br\/noticias\/provincia-gestao-pinoquiana-e-la-nave-va\/#breadcrumb"},"inLanguage":"pt-BR","potentialAction":[{"@type":"ReadAction","target":["https:\/\/radiolifefm.com.br\/noticias\/provincia-gestao-pinoquiana-e-la-nave-va\/"]}]},{"@type":"ImageObject","inLanguage":"pt-BR","@id":"https:\/\/radiolifefm.com.br\/noticias\/provincia-gestao-pinoquiana-e-la-nave-va\/#primaryimage","url":"https:\/\/radiolifefm.com.br\/noticias\/wp-content\/uploads\/2022\/04\/WhatsApp-Image-2022-04-10-at-18.43.02.jpeg","contentUrl":"https:\/\/radiolifefm.com.br\/noticias\/wp-content\/uploads\/2022\/04\/WhatsApp-Image-2022-04-10-at-18.43.02.jpeg","width":972,"height":1296,"caption":"S\u00e9rgio Barbosa"},{"@type":"BreadcrumbList","@id":"https:\/\/radiolifefm.com.br\/noticias\/provincia-gestao-pinoquiana-e-la-nave-va\/#breadcrumb","itemListElement":[{"@type":"ListItem","position":1,"name":"In\u00edcio","item":"https:\/\/radiolifefm.com.br\/noticias\/"},{"@type":"ListItem","position":2,"name":"Prov\u00edncia, Gest\u00e3o PINOQUIANA \u201ce la nave va\u201d\u2026"}]},{"@type":"WebSite","@id":"https:\/\/radiolifefm.com.br\/noticias\/#website","url":"https:\/\/radiolifefm.com.br\/noticias\/","name":"R\u00e1dio Life FM","description":"O Portal de Not\u00edcias de Adamantina","publisher":{"@id":"https:\/\/radiolifefm.com.br\/noticias\/#organization"},"alternateName":"Life FM","potentialAction":[{"@type":"SearchAction","target":{"@type":"EntryPoint","urlTemplate":"https:\/\/radiolifefm.com.br\/noticias\/?s={search_term_string}"},"query-input":{"@type":"PropertyValueSpecification","valueRequired":true,"valueName":"search_term_string"}}],"inLanguage":"pt-BR"},{"@type":"Organization","@id":"https:\/\/radiolifefm.com.br\/noticias\/#organization","name":"R\u00e1dio Life FM","alternateName":"Life FM","url":"https:\/\/radiolifefm.com.br\/noticias\/","logo":{"@type":"ImageObject","inLanguage":"pt-BR","@id":"https:\/\/radiolifefm.com.br\/noticias\/#\/schema\/logo\/image\/","url":"https:\/\/static.radiolifefm.com.br\/noticias\/wp-content\/uploads\/2019\/10\/logo-lifefm.png","contentUrl":"https:\/\/static.radiolifefm.com.br\/noticias\/wp-content\/uploads\/2019\/10\/logo-lifefm.png","width":196,"height":47,"caption":"R\u00e1dio Life FM"},"image":{"@id":"https:\/\/radiolifefm.com.br\/noticias\/#\/schema\/logo\/image\/"},"sameAs":["https:\/\/www.facebook.com\/radiolifefm\/","https:\/\/www.instagram.com\/life1079fm\/"]},{"@type":"Person","@id":"https:\/\/radiolifefm.com.br\/noticias\/#\/schema\/person\/6339b9fac59d12b071dec680d7375d87","name":"ritanery","image":{"@type":"ImageObject","inLanguage":"pt-BR","@id":"https:\/\/secure.gravatar.com\/avatar\/0e37bb19071f47c0b8a23f62a903df117c5a0e75f65a0c2901562f97cd41cf86?s=96&d=mm&r=g","url":"https:\/\/secure.gravatar.com\/avatar\/0e37bb19071f47c0b8a23f62a903df117c5a0e75f65a0c2901562f97cd41cf86?s=96&d=mm&r=g","contentUrl":"https:\/\/secure.gravatar.com\/avatar\/0e37bb19071f47c0b8a23f62a903df117c5a0e75f65a0c2901562f97cd41cf86?s=96&d=mm&r=g","caption":"ritanery"}}]}},"amp_enabled":true,"_links":{"self":[{"href":"https:\/\/radiolifefm.com.br\/noticias\/wp-json\/wp\/v2\/posts\/96142","targetHints":{"allow":["GET"]}}],"collection":[{"href":"https:\/\/radiolifefm.com.br\/noticias\/wp-json\/wp\/v2\/posts"}],"about":[{"href":"https:\/\/radiolifefm.com.br\/noticias\/wp-json\/wp\/v2\/types\/post"}],"author":[{"embeddable":true,"href":"https:\/\/radiolifefm.com.br\/noticias\/wp-json\/wp\/v2\/users\/13"}],"replies":[{"embeddable":true,"href":"https:\/\/radiolifefm.com.br\/noticias\/wp-json\/wp\/v2\/comments?post=96142"}],"version-history":[{"count":1,"href":"https:\/\/radiolifefm.com.br\/noticias\/wp-json\/wp\/v2\/posts\/96142\/revisions"}],"predecessor-version":[{"id":96143,"href":"https:\/\/radiolifefm.com.br\/noticias\/wp-json\/wp\/v2\/posts\/96142\/revisions\/96143"}],"wp:featuredmedia":[{"embeddable":true,"href":"https:\/\/radiolifefm.com.br\/noticias\/wp-json\/wp\/v2\/media\/51988"}],"wp:attachment":[{"href":"https:\/\/radiolifefm.com.br\/noticias\/wp-json\/wp\/v2\/media?parent=96142"}],"wp:term":[{"taxonomy":"category","embeddable":true,"href":"https:\/\/radiolifefm.com.br\/noticias\/wp-json\/wp\/v2\/categories?post=96142"},{"taxonomy":"post_tag","embeddable":true,"href":"https:\/\/radiolifefm.com.br\/noticias\/wp-json\/wp\/v2\/tags?post=96142"}],"curies":[{"name":"wp","href":"https:\/\/api.w.org\/{rel}","templated":true}]}}