{"id":96082,"date":"2024-12-12T16:00:42","date_gmt":"2024-12-12T19:00:42","guid":{"rendered":"https:\/\/radiolifefm.com.br\/noticias\/?p=96082"},"modified":"2026-04-18T04:46:33","modified_gmt":"2026-04-18T07:46:33","slug":"life-fm-realiza-ultima-edicao-do-podcast-prosa-do-campo-de-2024-com-retrospectiva-e-homenagem","status":"publish","type":"post","link":"https:\/\/radiolifefm.com.br\/noticias\/life-fm-realiza-ultima-edicao-do-podcast-prosa-do-campo-de-2024-com-retrospectiva-e-homenagem\/","title":{"rendered":"Life FM Realiza \u00daltima Edi\u00e7\u00e3o do Podcast \u201cProsa do Campo\u201d de 2024 com Retrospectiva e Homenagem"},"content":{"rendered":"<div id=\"fb-root\"><\/div>\n<p>Na noite da \u00faltima ter\u00e7a-feira, 10 de dezembro, foi ao ar na Life FM a \u00faltima edi\u00e7\u00e3o de 2024 do podcast \u201cProsa do Campo\u201d, apresentado pelo pecuarista e investidor Cristiano do Mor\u00e3o. Durante o programa, Cristiano fez uma retrospectiva da primeira temporada, que contou com 15 semanas de epis\u00f3dios.<\/p>\n<div class='flex flex-wrap items-center -mx-1'>\r\n<a class='thumbnail gallery p-1 w-1\/2 md:w-1\/4' href='https:\/\/radiolifefm.com.br\/noticias\/wp-content\/uploads\/2024\/12\/Marca-dagua-PROSA-DO-CAMPO-2.jpg'><img class='border border-white' src='https:\/\/radiolifefm.com.br\/noticias\/wp-content\/uploads\/2024\/12\/Marca-dagua-PROSA-DO-CAMPO-2-200x200.jpg' alt='Marca D'agua PROSA DO CAMPO (2)' \/><\/a><a class='thumbnail gallery p-1 w-1\/2 md:w-1\/4' href='https:\/\/radiolifefm.com.br\/noticias\/wp-content\/uploads\/2024\/12\/Marca-dagua-PROSA-DO-CAMPO-3.jpg'><img class='border border-white' src='https:\/\/radiolifefm.com.br\/noticias\/wp-content\/uploads\/2024\/12\/Marca-dagua-PROSA-DO-CAMPO-3-200x200.jpg' alt='Marca D'agua PROSA DO CAMPO (3)' \/><\/a><\/div>\n<p>Cristiano iniciou o podcast \u201cProsa do Campo\u201d no dia 26 de agosto deste ano, ap\u00f3s receber o convite da jornalista Lucia Prado, que est\u00e1 afastada por motivos cir\u00fargicos. Desde ent\u00e3o, ele segurou as r\u00e9deas e tocou o movimento, trazendo ao programa entrevistados de diversos segmentos e abordando temas variados com foco no produtor rural.<\/p>\n<div class='flex flex-wrap items-center -mx-1'>\r\n<a class='thumbnail gallery p-1 w-1\/2 md:w-1\/4' href='https:\/\/radiolifefm.com.br\/noticias\/wp-content\/uploads\/2024\/12\/Marca-dagua-PROSA-DO-CAMPO-4.jpg'><img class='border border-white' src='https:\/\/radiolifefm.com.br\/noticias\/wp-content\/uploads\/2024\/12\/Marca-dagua-PROSA-DO-CAMPO-4-200x200.jpg' alt='Marca D'agua PROSA DO CAMPO (4)' \/><\/a><a class='thumbnail gallery p-1 w-1\/2 md:w-1\/4' href='https:\/\/radiolifefm.com.br\/noticias\/wp-content\/uploads\/2024\/12\/Marca-dagua-PROSA-DO-CAMPO-5.jpg'><img class='border border-white' src='https:\/\/radiolifefm.com.br\/noticias\/wp-content\/uploads\/2024\/12\/Marca-dagua-PROSA-DO-CAMPO-5-200x200.jpg' alt='Marca D'agua PROSA DO CAMPO (5)' \/><\/a><\/div>\n<p>Prop\u00f3sito do Podcast: O \u201cProsa do Campo\u201d foi criado para discutir o cotidiano do campo, abordando desde as atividades di\u00e1rias at\u00e9 os desafios enfrentados por quem vive no interior. Cristiano, com sua paix\u00e3o pelo agroneg\u00f3cio, teve autonomia para escolher os convidados e liberdade de express\u00e3o para transmitir todo o amor do homem do campo pelo mundo do agroneg\u00f3cio.<\/p>\n<div class='flex flex-wrap items-center -mx-1'>\r\n<a class='thumbnail gallery p-1 w-1\/2 md:w-1\/4' href='https:\/\/radiolifefm.com.br\/noticias\/wp-content\/uploads\/2024\/12\/Marca-dagua-PROSA-DO-CAMPO-7.jpg'><img class='border border-white' src='https:\/\/radiolifefm.com.br\/noticias\/wp-content\/uploads\/2024\/12\/Marca-dagua-PROSA-DO-CAMPO-7-200x200.jpg' alt='Marca D'agua PROSA DO CAMPO (7)' \/><\/a><a class='thumbnail gallery p-1 w-1\/2 md:w-1\/4' href='https:\/\/radiolifefm.com.br\/noticias\/wp-content\/uploads\/2024\/12\/Marca-dagua-PROSA-DO-CAMPO-6.jpg'><img class='border border-white' src='https:\/\/radiolifefm.com.br\/noticias\/wp-content\/uploads\/2024\/12\/Marca-dagua-PROSA-DO-CAMPO-6-200x200.jpg' alt='Marca D'agua PROSA DO CAMPO (6)' \/><\/a><\/div>\n<p>Homenagem a Lucia Prado: Na \u00faltima edi\u00e7\u00e3o, foi realizada uma homenagem emocionante a Lucia Prado, com v\u00eddeos e mensagens de carinho de amigos e familiares, desejando uma r\u00e1pida recupera\u00e7\u00e3o.<img loading=\"lazy\" decoding=\"async\" class=\"aligncenter size-medium wp-image-96083\" src=\"https:\/\/static.radiolifefm.com.br\/noticias\/wp-content\/uploads\/2024\/12\/Marca-dagua-PROSA-DO-CAMPO-8-300x300.jpg\" alt=\"\" width=\"300\" height=\"300\" srcset=\"https:\/\/radiolifefm.com.br\/noticias\/wp-content\/uploads\/2024\/12\/Marca-dagua-PROSA-DO-CAMPO-8-300x300.jpg 300w, https:\/\/radiolifefm.com.br\/noticias\/wp-content\/uploads\/2024\/12\/Marca-dagua-PROSA-DO-CAMPO-8-1024x1024.jpg 1024w, https:\/\/radiolifefm.com.br\/noticias\/wp-content\/uploads\/2024\/12\/Marca-dagua-PROSA-DO-CAMPO-8-150x150.jpg 150w, https:\/\/radiolifefm.com.br\/noticias\/wp-content\/uploads\/2024\/12\/Marca-dagua-PROSA-DO-CAMPO-8-768x768.jpg 768w, https:\/\/radiolifefm.com.br\/noticias\/wp-content\/uploads\/2024\/12\/Marca-dagua-PROSA-DO-CAMPO-8-200x200.jpg 200w, https:\/\/radiolifefm.com.br\/noticias\/wp-content\/uploads\/2024\/12\/Marca-dagua-PROSA-DO-CAMPO-8-250x250.jpg 250w, https:\/\/radiolifefm.com.br\/noticias\/wp-content\/uploads\/2024\/12\/Marca-dagua-PROSA-DO-CAMPO-8-500x500.jpg 500w, https:\/\/radiolifefm.com.br\/noticias\/wp-content\/uploads\/2024\/12\/Marca-dagua-PROSA-DO-CAMPO-8-700x700.jpg 700w, https:\/\/radiolifefm.com.br\/noticias\/wp-content\/uploads\/2024\/12\/Marca-dagua-PROSA-DO-CAMPO-8.jpg 1080w\" sizes=\"auto, (max-width: 300px) 100vw, 300px\" \/><\/p>\n<p>\u201cProsa do Campo\u201d &#8211; Um espa\u00e7o de express\u00e3o e valoriza\u00e7\u00e3o do agroneg\u00f3cio!<\/p>\n<p>Para conferir os principais momentos da \u00faltima edi\u00e7\u00e3o e as datas dos programas realizados, acesse o link abaixo.<\/p>\n<p><a href=\"https:\/\/www.youtube.com\/watch?v=Ge18IV0x3Uc\">https:\/\/www.youtube.com\/watch?v=Ge18IV0x3Uc<\/a><\/p>\n<p>&nbsp;<\/p>\n","protected":false},"excerpt":{"rendered":"<p>Na noite da \u00faltima ter\u00e7a-feira, 10 de dezembro, foi ao ar na Life FM a \u00faltima edi\u00e7\u00e3o de 2024 do podcast \u201cProsa do Campo\u201d, apresentado pelo pecuarista e investidor Cristiano do Mor\u00e3o. Durante o programa, Cristiano fez uma retrospectiva da primeira temporada, que contou com 15 semanas de epis\u00f3dios. Cristiano iniciou o podcast \u201cProsa do [&hellip;]<\/p>\n","protected":false},"author":8,"featured_media":96090,"comment_status":"closed","ping_status":"open","sticky":false,"template":"","format":"standard","meta":{"_acf_changed":false,"_exactmetrics_skip_tracking":false,"_exactmetrics_sitenote_active":false,"_exactmetrics_sitenote_note":"","_exactmetrics_sitenote_category":0,"footnotes":""},"categories":[191],"tags":[],"class_list":["post-96082","post","type-post","status-publish","format-standard","has-post-thumbnail","hentry","category-prosa-do-campo"],"acf":[],"yoast_head":"<!-- This site is optimized with the Yoast SEO plugin v27.2 - https:\/\/yoast.com\/product\/yoast-seo-wordpress\/ -->\n<title>Life FM Realiza \u00daltima Edi\u00e7\u00e3o do Podcast \u201cProsa do Campo\u201d de 2024 com Retrospectiva e Homenagem - R\u00e1dio Life FM<\/title>\n<meta name=\"robots\" content=\"index, follow, max-snippet:-1, max-image-preview:large, max-video-preview:-1\" \/>\n<link rel=\"canonical\" href=\"https:\/\/radiolifefm.com.br\/noticias\/life-fm-realiza-ultima-edicao-do-podcast-prosa-do-campo-de-2024-com-retrospectiva-e-homenagem\/\" \/>\n<meta property=\"og:locale\" content=\"pt_BR\" \/>\n<meta property=\"og:type\" content=\"article\" \/>\n<meta property=\"og:title\" content=\"Life FM Realiza \u00daltima Edi\u00e7\u00e3o do Podcast \u201cProsa do Campo\u201d de 2024 com Retrospectiva e Homenagem - R\u00e1dio Life FM\" \/>\n<meta property=\"og:description\" content=\"Na noite da \u00faltima ter\u00e7a-feira, 10 de dezembro, foi ao ar na Life FM a \u00faltima edi\u00e7\u00e3o de 2024 do podcast \u201cProsa do Campo\u201d, apresentado pelo pecuarista e investidor Cristiano do Mor\u00e3o. Durante o programa, Cristiano fez uma retrospectiva da primeira temporada, que contou com 15 semanas de epis\u00f3dios. Cristiano iniciou o podcast \u201cProsa do [&hellip;]\" \/>\n<meta property=\"og:url\" content=\"https:\/\/radiolifefm.com.br\/noticias\/life-fm-realiza-ultima-edicao-do-podcast-prosa-do-campo-de-2024-com-retrospectiva-e-homenagem\/\" \/>\n<meta property=\"og:site_name\" content=\"R\u00e1dio Life FM\" \/>\n<meta property=\"article:publisher\" content=\"https:\/\/www.facebook.com\/radiolifefm\/\" \/>\n<meta property=\"article:published_time\" content=\"2024-12-12T19:00:42+00:00\" \/>\n<meta property=\"article:modified_time\" content=\"2026-04-18T07:46:33+00:00\" \/>\n<meta property=\"og:image\" content=\"https:\/\/radiolifefm.com.br\/noticias\/wp-content\/uploads\/2024\/12\/WhatsApp-Image-2024-12-11-at-13.21.11.jpeg\" \/>\n\t<meta property=\"og:image:width\" content=\"1600\" \/>\n\t<meta property=\"og:image:height\" content=\"1200\" \/>\n\t<meta property=\"og:image:type\" content=\"image\/jpeg\" \/>\n<meta name=\"author\" content=\"joaograndao\" \/>\n<meta name=\"twitter:card\" content=\"summary_large_image\" \/>\n<meta name=\"twitter:label1\" content=\"Escrito por\" \/>\n\t<meta name=\"twitter:data1\" content=\"joaograndao\" \/>\n\t<meta name=\"twitter:label2\" content=\"Est. tempo de leitura\" \/>\n\t<meta name=\"twitter:data2\" content=\"2 minutos\" \/>\n<script type=\"application\/ld+json\" class=\"yoast-schema-graph\">{\"@context\":\"https:\/\/schema.org\",\"@graph\":[{\"@type\":\"Article\",\"@id\":\"https:\/\/radiolifefm.com.br\/noticias\/life-fm-realiza-ultima-edicao-do-podcast-prosa-do-campo-de-2024-com-retrospectiva-e-homenagem\/#article\",\"isPartOf\":{\"@id\":\"https:\/\/radiolifefm.com.br\/noticias\/life-fm-realiza-ultima-edicao-do-podcast-prosa-do-campo-de-2024-com-retrospectiva-e-homenagem\/\"},\"author\":{\"name\":\"joaograndao\",\"@id\":\"https:\/\/radiolifefm.com.br\/noticias\/#\/schema\/person\/6876e1240feffe6e1b63fd5cb85abf28\"},\"headline\":\"Life FM Realiza \u00daltima Edi\u00e7\u00e3o do Podcast \u201cProsa do Campo\u201d de 2024 com Retrospectiva e Homenagem\",\"datePublished\":\"2024-12-12T19:00:42+00:00\",\"dateModified\":\"2026-04-18T07:46:33+00:00\",\"mainEntityOfPage\":{\"@id\":\"https:\/\/radiolifefm.com.br\/noticias\/life-fm-realiza-ultima-edicao-do-podcast-prosa-do-campo-de-2024-com-retrospectiva-e-homenagem\/\"},\"wordCount\":272,\"publisher\":{\"@id\":\"https:\/\/radiolifefm.com.br\/noticias\/#organization\"},\"image\":{\"@id\":\"https:\/\/radiolifefm.com.br\/noticias\/life-fm-realiza-ultima-edicao-do-podcast-prosa-do-campo-de-2024-com-retrospectiva-e-homenagem\/#primaryimage\"},\"thumbnailUrl\":\"https:\/\/radiolifefm.com.br\/noticias\/wp-content\/uploads\/2024\/12\/WhatsApp-Image-2024-12-11-at-13.21.11.jpeg\",\"articleSection\":[\"Prosa do Campo\"],\"inLanguage\":\"pt-BR\"},{\"@type\":\"WebPage\",\"@id\":\"https:\/\/radiolifefm.com.br\/noticias\/life-fm-realiza-ultima-edicao-do-podcast-prosa-do-campo-de-2024-com-retrospectiva-e-homenagem\/\",\"url\":\"https:\/\/radiolifefm.com.br\/noticias\/life-fm-realiza-ultima-edicao-do-podcast-prosa-do-campo-de-2024-com-retrospectiva-e-homenagem\/\",\"name\":\"Life FM Realiza \u00daltima Edi\u00e7\u00e3o do Podcast \u201cProsa do Campo\u201d de 2024 com Retrospectiva e Homenagem - R\u00e1dio Life FM\",\"isPartOf\":{\"@id\":\"https:\/\/radiolifefm.com.br\/noticias\/#website\"},\"primaryImageOfPage\":{\"@id\":\"https:\/\/radiolifefm.com.br\/noticias\/life-fm-realiza-ultima-edicao-do-podcast-prosa-do-campo-de-2024-com-retrospectiva-e-homenagem\/#primaryimage\"},\"image\":{\"@id\":\"https:\/\/radiolifefm.com.br\/noticias\/life-fm-realiza-ultima-edicao-do-podcast-prosa-do-campo-de-2024-com-retrospectiva-e-homenagem\/#primaryimage\"},\"thumbnailUrl\":\"https:\/\/radiolifefm.com.br\/noticias\/wp-content\/uploads\/2024\/12\/WhatsApp-Image-2024-12-11-at-13.21.11.jpeg\",\"datePublished\":\"2024-12-12T19:00:42+00:00\",\"dateModified\":\"2026-04-18T07:46:33+00:00\",\"breadcrumb\":{\"@id\":\"https:\/\/radiolifefm.com.br\/noticias\/life-fm-realiza-ultima-edicao-do-podcast-prosa-do-campo-de-2024-com-retrospectiva-e-homenagem\/#breadcrumb\"},\"inLanguage\":\"pt-BR\",\"potentialAction\":[{\"@type\":\"ReadAction\",\"target\":[\"https:\/\/radiolifefm.com.br\/noticias\/life-fm-realiza-ultima-edicao-do-podcast-prosa-do-campo-de-2024-com-retrospectiva-e-homenagem\/\"]}]},{\"@type\":\"ImageObject\",\"inLanguage\":\"pt-BR\",\"@id\":\"https:\/\/radiolifefm.com.br\/noticias\/life-fm-realiza-ultima-edicao-do-podcast-prosa-do-campo-de-2024-com-retrospectiva-e-homenagem\/#primaryimage\",\"url\":\"https:\/\/radiolifefm.com.br\/noticias\/wp-content\/uploads\/2024\/12\/WhatsApp-Image-2024-12-11-at-13.21.11.jpeg\",\"contentUrl\":\"https:\/\/radiolifefm.com.br\/noticias\/wp-content\/uploads\/2024\/12\/WhatsApp-Image-2024-12-11-at-13.21.11.jpeg\",\"width\":1600,\"height\":1200},{\"@type\":\"BreadcrumbList\",\"@id\":\"https:\/\/radiolifefm.com.br\/noticias\/life-fm-realiza-ultima-edicao-do-podcast-prosa-do-campo-de-2024-com-retrospectiva-e-homenagem\/#breadcrumb\",\"itemListElement\":[{\"@type\":\"ListItem\",\"position\":1,\"name\":\"In\u00edcio\",\"item\":\"https:\/\/radiolifefm.com.br\/noticias\/\"},{\"@type\":\"ListItem\",\"position\":2,\"name\":\"Life FM Realiza \u00daltima Edi\u00e7\u00e3o do Podcast \u201cProsa do Campo\u201d de 2024 com Retrospectiva e Homenagem\"}]},{\"@type\":\"WebSite\",\"@id\":\"https:\/\/radiolifefm.com.br\/noticias\/#website\",\"url\":\"https:\/\/radiolifefm.com.br\/noticias\/\",\"name\":\"R\u00e1dio Life FM\",\"description\":\"O Portal de Not\u00edcias de Adamantina\",\"publisher\":{\"@id\":\"https:\/\/radiolifefm.com.br\/noticias\/#organization\"},\"alternateName\":\"Life FM\",\"potentialAction\":[{\"@type\":\"SearchAction\",\"target\":{\"@type\":\"EntryPoint\",\"urlTemplate\":\"https:\/\/radiolifefm.com.br\/noticias\/?s={search_term_string}\"},\"query-input\":{\"@type\":\"PropertyValueSpecification\",\"valueRequired\":true,\"valueName\":\"search_term_string\"}}],\"inLanguage\":\"pt-BR\"},{\"@type\":\"Organization\",\"@id\":\"https:\/\/radiolifefm.com.br\/noticias\/#organization\",\"name\":\"R\u00e1dio Life FM\",\"alternateName\":\"Life FM\",\"url\":\"https:\/\/radiolifefm.com.br\/noticias\/\",\"logo\":{\"@type\":\"ImageObject\",\"inLanguage\":\"pt-BR\",\"@id\":\"https:\/\/radiolifefm.com.br\/noticias\/#\/schema\/logo\/image\/\",\"url\":\"https:\/\/static.radiolifefm.com.br\/noticias\/wp-content\/uploads\/2019\/10\/logo-lifefm.png\",\"contentUrl\":\"https:\/\/static.radiolifefm.com.br\/noticias\/wp-content\/uploads\/2019\/10\/logo-lifefm.png\",\"width\":196,\"height\":47,\"caption\":\"R\u00e1dio Life FM\"},\"image\":{\"@id\":\"https:\/\/radiolifefm.com.br\/noticias\/#\/schema\/logo\/image\/\"},\"sameAs\":[\"https:\/\/www.facebook.com\/radiolifefm\/\",\"https:\/\/www.instagram.com\/life1079fm\/\"]},{\"@type\":\"Person\",\"@id\":\"https:\/\/radiolifefm.com.br\/noticias\/#\/schema\/person\/6876e1240feffe6e1b63fd5cb85abf28\",\"name\":\"joaograndao\",\"image\":{\"@type\":\"ImageObject\",\"inLanguage\":\"pt-BR\",\"@id\":\"https:\/\/secure.gravatar.com\/avatar\/d5b1a3cf357ed9c50404e256a1294083aa8ab5d2a994001567302786016cb32c?s=96&d=mm&r=g\",\"url\":\"https:\/\/secure.gravatar.com\/avatar\/d5b1a3cf357ed9c50404e256a1294083aa8ab5d2a994001567302786016cb32c?s=96&d=mm&r=g\",\"contentUrl\":\"https:\/\/secure.gravatar.com\/avatar\/d5b1a3cf357ed9c50404e256a1294083aa8ab5d2a994001567302786016cb32c?s=96&d=mm&r=g\",\"caption\":\"joaograndao\"}}]}<\/script>\n<!-- \/ Yoast SEO plugin. -->","yoast_head_json":{"title":"Life FM Realiza \u00daltima Edi\u00e7\u00e3o do Podcast \u201cProsa do Campo\u201d de 2024 com Retrospectiva e Homenagem - R\u00e1dio Life FM","robots":{"index":"index","follow":"follow","max-snippet":"max-snippet:-1","max-image-preview":"max-image-preview:large","max-video-preview":"max-video-preview:-1"},"canonical":"https:\/\/radiolifefm.com.br\/noticias\/life-fm-realiza-ultima-edicao-do-podcast-prosa-do-campo-de-2024-com-retrospectiva-e-homenagem\/","og_locale":"pt_BR","og_type":"article","og_title":"Life FM Realiza \u00daltima Edi\u00e7\u00e3o do Podcast \u201cProsa do Campo\u201d de 2024 com Retrospectiva e Homenagem - R\u00e1dio Life FM","og_description":"Na noite da \u00faltima ter\u00e7a-feira, 10 de dezembro, foi ao ar na Life FM a \u00faltima edi\u00e7\u00e3o de 2024 do podcast \u201cProsa do Campo\u201d, apresentado pelo pecuarista e investidor Cristiano do Mor\u00e3o. Durante o programa, Cristiano fez uma retrospectiva da primeira temporada, que contou com 15 semanas de epis\u00f3dios. Cristiano iniciou o podcast \u201cProsa do [&hellip;]","og_url":"https:\/\/radiolifefm.com.br\/noticias\/life-fm-realiza-ultima-edicao-do-podcast-prosa-do-campo-de-2024-com-retrospectiva-e-homenagem\/","og_site_name":"R\u00e1dio Life FM","article_publisher":"https:\/\/www.facebook.com\/radiolifefm\/","article_published_time":"2024-12-12T19:00:42+00:00","article_modified_time":"2026-04-18T07:46:33+00:00","og_image":[{"width":1600,"height":1200,"url":"https:\/\/radiolifefm.com.br\/noticias\/wp-content\/uploads\/2024\/12\/WhatsApp-Image-2024-12-11-at-13.21.11.jpeg","type":"image\/jpeg"}],"author":"joaograndao","twitter_card":"summary_large_image","twitter_misc":{"Escrito por":"joaograndao","Est. tempo de leitura":"2 minutos"},"schema":{"@context":"https:\/\/schema.org","@graph":[{"@type":"Article","@id":"https:\/\/radiolifefm.com.br\/noticias\/life-fm-realiza-ultima-edicao-do-podcast-prosa-do-campo-de-2024-com-retrospectiva-e-homenagem\/#article","isPartOf":{"@id":"https:\/\/radiolifefm.com.br\/noticias\/life-fm-realiza-ultima-edicao-do-podcast-prosa-do-campo-de-2024-com-retrospectiva-e-homenagem\/"},"author":{"name":"joaograndao","@id":"https:\/\/radiolifefm.com.br\/noticias\/#\/schema\/person\/6876e1240feffe6e1b63fd5cb85abf28"},"headline":"Life FM Realiza \u00daltima Edi\u00e7\u00e3o do Podcast \u201cProsa do Campo\u201d de 2024 com Retrospectiva e Homenagem","datePublished":"2024-12-12T19:00:42+00:00","dateModified":"2026-04-18T07:46:33+00:00","mainEntityOfPage":{"@id":"https:\/\/radiolifefm.com.br\/noticias\/life-fm-realiza-ultima-edicao-do-podcast-prosa-do-campo-de-2024-com-retrospectiva-e-homenagem\/"},"wordCount":272,"publisher":{"@id":"https:\/\/radiolifefm.com.br\/noticias\/#organization"},"image":{"@id":"https:\/\/radiolifefm.com.br\/noticias\/life-fm-realiza-ultima-edicao-do-podcast-prosa-do-campo-de-2024-com-retrospectiva-e-homenagem\/#primaryimage"},"thumbnailUrl":"https:\/\/radiolifefm.com.br\/noticias\/wp-content\/uploads\/2024\/12\/WhatsApp-Image-2024-12-11-at-13.21.11.jpeg","articleSection":["Prosa do Campo"],"inLanguage":"pt-BR"},{"@type":"WebPage","@id":"https:\/\/radiolifefm.com.br\/noticias\/life-fm-realiza-ultima-edicao-do-podcast-prosa-do-campo-de-2024-com-retrospectiva-e-homenagem\/","url":"https:\/\/radiolifefm.com.br\/noticias\/life-fm-realiza-ultima-edicao-do-podcast-prosa-do-campo-de-2024-com-retrospectiva-e-homenagem\/","name":"Life FM Realiza \u00daltima Edi\u00e7\u00e3o do Podcast \u201cProsa do Campo\u201d de 2024 com Retrospectiva e Homenagem - R\u00e1dio Life FM","isPartOf":{"@id":"https:\/\/radiolifefm.com.br\/noticias\/#website"},"primaryImageOfPage":{"@id":"https:\/\/radiolifefm.com.br\/noticias\/life-fm-realiza-ultima-edicao-do-podcast-prosa-do-campo-de-2024-com-retrospectiva-e-homenagem\/#primaryimage"},"image":{"@id":"https:\/\/radiolifefm.com.br\/noticias\/life-fm-realiza-ultima-edicao-do-podcast-prosa-do-campo-de-2024-com-retrospectiva-e-homenagem\/#primaryimage"},"thumbnailUrl":"https:\/\/radiolifefm.com.br\/noticias\/wp-content\/uploads\/2024\/12\/WhatsApp-Image-2024-12-11-at-13.21.11.jpeg","datePublished":"2024-12-12T19:00:42+00:00","dateModified":"2026-04-18T07:46:33+00:00","breadcrumb":{"@id":"https:\/\/radiolifefm.com.br\/noticias\/life-fm-realiza-ultima-edicao-do-podcast-prosa-do-campo-de-2024-com-retrospectiva-e-homenagem\/#breadcrumb"},"inLanguage":"pt-BR","potentialAction":[{"@type":"ReadAction","target":["https:\/\/radiolifefm.com.br\/noticias\/life-fm-realiza-ultima-edicao-do-podcast-prosa-do-campo-de-2024-com-retrospectiva-e-homenagem\/"]}]},{"@type":"ImageObject","inLanguage":"pt-BR","@id":"https:\/\/radiolifefm.com.br\/noticias\/life-fm-realiza-ultima-edicao-do-podcast-prosa-do-campo-de-2024-com-retrospectiva-e-homenagem\/#primaryimage","url":"https:\/\/radiolifefm.com.br\/noticias\/wp-content\/uploads\/2024\/12\/WhatsApp-Image-2024-12-11-at-13.21.11.jpeg","contentUrl":"https:\/\/radiolifefm.com.br\/noticias\/wp-content\/uploads\/2024\/12\/WhatsApp-Image-2024-12-11-at-13.21.11.jpeg","width":1600,"height":1200},{"@type":"BreadcrumbList","@id":"https:\/\/radiolifefm.com.br\/noticias\/life-fm-realiza-ultima-edicao-do-podcast-prosa-do-campo-de-2024-com-retrospectiva-e-homenagem\/#breadcrumb","itemListElement":[{"@type":"ListItem","position":1,"name":"In\u00edcio","item":"https:\/\/radiolifefm.com.br\/noticias\/"},{"@type":"ListItem","position":2,"name":"Life FM Realiza \u00daltima Edi\u00e7\u00e3o do Podcast \u201cProsa do Campo\u201d de 2024 com Retrospectiva e Homenagem"}]},{"@type":"WebSite","@id":"https:\/\/radiolifefm.com.br\/noticias\/#website","url":"https:\/\/radiolifefm.com.br\/noticias\/","name":"R\u00e1dio Life FM","description":"O Portal de Not\u00edcias de Adamantina","publisher":{"@id":"https:\/\/radiolifefm.com.br\/noticias\/#organization"},"alternateName":"Life FM","potentialAction":[{"@type":"SearchAction","target":{"@type":"EntryPoint","urlTemplate":"https:\/\/radiolifefm.com.br\/noticias\/?s={search_term_string}"},"query-input":{"@type":"PropertyValueSpecification","valueRequired":true,"valueName":"search_term_string"}}],"inLanguage":"pt-BR"},{"@type":"Organization","@id":"https:\/\/radiolifefm.com.br\/noticias\/#organization","name":"R\u00e1dio Life FM","alternateName":"Life FM","url":"https:\/\/radiolifefm.com.br\/noticias\/","logo":{"@type":"ImageObject","inLanguage":"pt-BR","@id":"https:\/\/radiolifefm.com.br\/noticias\/#\/schema\/logo\/image\/","url":"https:\/\/static.radiolifefm.com.br\/noticias\/wp-content\/uploads\/2019\/10\/logo-lifefm.png","contentUrl":"https:\/\/static.radiolifefm.com.br\/noticias\/wp-content\/uploads\/2019\/10\/logo-lifefm.png","width":196,"height":47,"caption":"R\u00e1dio Life FM"},"image":{"@id":"https:\/\/radiolifefm.com.br\/noticias\/#\/schema\/logo\/image\/"},"sameAs":["https:\/\/www.facebook.com\/radiolifefm\/","https:\/\/www.instagram.com\/life1079fm\/"]},{"@type":"Person","@id":"https:\/\/radiolifefm.com.br\/noticias\/#\/schema\/person\/6876e1240feffe6e1b63fd5cb85abf28","name":"joaograndao","image":{"@type":"ImageObject","inLanguage":"pt-BR","@id":"https:\/\/secure.gravatar.com\/avatar\/d5b1a3cf357ed9c50404e256a1294083aa8ab5d2a994001567302786016cb32c?s=96&d=mm&r=g","url":"https:\/\/secure.gravatar.com\/avatar\/d5b1a3cf357ed9c50404e256a1294083aa8ab5d2a994001567302786016cb32c?s=96&d=mm&r=g","contentUrl":"https:\/\/secure.gravatar.com\/avatar\/d5b1a3cf357ed9c50404e256a1294083aa8ab5d2a994001567302786016cb32c?s=96&d=mm&r=g","caption":"joaograndao"}}]}},"amp_enabled":true,"_links":{"self":[{"href":"https:\/\/radiolifefm.com.br\/noticias\/wp-json\/wp\/v2\/posts\/96082","targetHints":{"allow":["GET"]}}],"collection":[{"href":"https:\/\/radiolifefm.com.br\/noticias\/wp-json\/wp\/v2\/posts"}],"about":[{"href":"https:\/\/radiolifefm.com.br\/noticias\/wp-json\/wp\/v2\/types\/post"}],"author":[{"embeddable":true,"href":"https:\/\/radiolifefm.com.br\/noticias\/wp-json\/wp\/v2\/users\/8"}],"replies":[{"embeddable":true,"href":"https:\/\/radiolifefm.com.br\/noticias\/wp-json\/wp\/v2\/comments?post=96082"}],"version-history":[{"count":1,"href":"https:\/\/radiolifefm.com.br\/noticias\/wp-json\/wp\/v2\/posts\/96082\/revisions"}],"predecessor-version":[{"id":96091,"href":"https:\/\/radiolifefm.com.br\/noticias\/wp-json\/wp\/v2\/posts\/96082\/revisions\/96091"}],"wp:featuredmedia":[{"embeddable":true,"href":"https:\/\/radiolifefm.com.br\/noticias\/wp-json\/wp\/v2\/media\/96090"}],"wp:attachment":[{"href":"https:\/\/radiolifefm.com.br\/noticias\/wp-json\/wp\/v2\/media?parent=96082"}],"wp:term":[{"taxonomy":"category","embeddable":true,"href":"https:\/\/radiolifefm.com.br\/noticias\/wp-json\/wp\/v2\/categories?post=96082"},{"taxonomy":"post_tag","embeddable":true,"href":"https:\/\/radiolifefm.com.br\/noticias\/wp-json\/wp\/v2\/tags?post=96082"}],"curies":[{"name":"wp","href":"https:\/\/api.w.org\/{rel}","templated":true}]}}