{"id":96037,"date":"2024-12-12T08:45:57","date_gmt":"2024-12-12T11:45:57","guid":{"rendered":"https:\/\/radiolifefm.com.br\/noticias\/?p=96037"},"modified":"2026-04-21T08:05:35","modified_gmt":"2026-04-21T11:05:35","slug":"outra-vez-e-natal-mais-uma-vez-e-natal","status":"publish","type":"post","link":"https:\/\/radiolifefm.com.br\/noticias\/outra-vez-e-natal-mais-uma-vez-e-natal\/","title":{"rendered":"Outra vez \u00e9 Natal, mais uma vez \u00e9 Natal"},"content":{"rendered":"<div id=\"fb-root\"><\/div>\n<p>&nbsp;<\/p>\n<p>Outra vez \u00e9 Natal, mais uma vez \u00e9 Natal, e n\u00f3s vamos concluindo mais um ano e o Natal \u00e9 sempre uma oportunidade maravilhosa de renova\u00e7\u00e3o, porque as pessoas chegam cansadas. De fato, n\u00f3s chegamos cansados no fim do ano, porque o ano traz muitas coisas. Voc\u00ea viveu muito, trabalhou, sofreu, se alegrou. Mas agora, nesse tempo que \u00e9 tempo de cansa\u00e7o, tamb\u00e9m \u00e9 tempo de renova\u00e7\u00e3o. \u00c9 tempo de fazer um balan\u00e7o do ano, virar a p\u00e1gina e perceber o que eu posso fazer para viver bem no pr\u00f3ximo ano. Mas que esse sentimento seja tamb\u00e9m para refletirmos, que possamos responder para n\u00f3s mesmos o que significa o nascimento de Jesus. A resposta n\u00e3o deve ser autom\u00e1tica, pois em cada ano, em cada Natal, a tua vida se renova. O que significa Jesus para mim? Por isso temos aqui um pequeno sinal, a manjedoura, onde reflete o nascimento que acontece a cada ano. No dia onde o povo pag\u00e3o celebrava o Deus Sol. Mas agora o sol verdadeiro, o sol da justi\u00e7a, \u00e9 um menino que nasce na manjedoura fr\u00e1gil. Qual mem\u00f3ria boa de Natal que tu tens da inf\u00e2ncia, da tua vida? Na \u00e9poca, tinha-se menos dinheiro que agora. Na verdade, era tudo mais dif\u00edcil, n\u00e9? N\u00f3s t\u00ednhamos o costume de colocar alimento para o burrinho do Menino Jesus, porque quem vinha trazer o presente n\u00e3o era o Papai Noel e sim o burrinho. E eu sempre colocava alfafa, porque era uma planta\u00e7\u00e3o que n\u00f3s t\u00ednhamos l\u00e1 no interior, que alimentava os porcos e o gado, e eu colocava bastante para deixar o burrinho e o menino Jesus bem contente com o alimento. E depois, no dia seguinte, na noite de Natal, n\u00f3s acord\u00e1vamos e estava o presente l\u00e1, e n\u00e3o tinha mais nada de alfafa. Mas at\u00e9 que um dia eu fui crescendo e eu fui percebendo alguns outros sinais. E a\u00ed acabou a magia, porque eu j\u00e1 virei adolescente e percebi que era tudo uma coisa criada pelos meus pais. Mas isso, a magia do Natal \u00e9 essa no\u00e7\u00e3o tamb\u00e9m interessante de que n\u00f3s t\u00ednhamos de ser o Menino Jesus que vinha e n\u00e3o o Papai Noel. Hoje em dia vem o Papai Noel, que muitas vezes \u00e9 mais forte que Jesus. Mas n\u00f3s temos que falar para as crian\u00e7as que o Papai Noel vem porque Jesus nasceu, o Papai Noel traz o presente porque o maior presente \u00e9 Jesus. Natal \u00e9 tempo de luz, \u00e9 tempo de esperan\u00e7a, \u00e9 tempo de amor. A humanidade se abra\u00e7a em nome do nosso Senhor. \u00c9 Natal e Jesus vem, esse \u00e9 o sentido. \u00c9 Natal, \u00e9 Jesus que vem, n\u00e3o \u00e9 outro, n\u00e3o tem outro sentido. O sentido se amplia a partir desse n\u00facleo central, por isso, voc\u00ea em sua casa, com sua fam\u00edlia, com seus amigos, na celebra\u00e7\u00e3o que voc\u00ea vai celebrar e participar, ali voc\u00ea encontra o sentido que \u00e9 o Menino da manjedoura e o Menino de Bel\u00e9m que vem para trazer a not\u00edcia de liberta\u00e7\u00e3o para todo o povo. Natal, Jesus vem, n\u00e3o \u00e9 o presente que vem, presente f\u00edsico que voc\u00ea vai ganhar. O sentido do presente, \u00e9 o presente maior que n\u00f3s recebemos em Jesus. Esse \u00e9 o presente que de fato d\u00e1 sentido \u00e0 vida, que d\u00e1 sentido \u00e0 nossa aventura nesse mundo. Passando por Deus, a seguran\u00e7a, a serenidade e a paz interior v\u00eam quando as coisas passam por Deus. Por isso, que o Natal tenha sentido, porque \u00e9 Jesus que nasce no seu cora\u00e7\u00e3o. N\u00f3s queremos desejar a voc\u00ea um Feliz Natal, a voc\u00ea e \u00e0 sua fam\u00edlia, toda a sua casa, os seus amigos. Que o Natal seja de fato um Natal de sentido e o Natal de sentido acontece agora, nesses dias e depois estendendo at\u00e9 o tempo de Natal, onde a gente encontra pessoas, onde a gente faz uma reflex\u00e3o maior, onde a gente sintoniza de fato com a vida e com aquilo que ela pede para que a gente responda, com sinceridade e amor. Feliz Natal a voc\u00eas, as vossas fam\u00edlias.<\/p>\n<p>&nbsp;<\/p>\n<p>Padre Ezequiel Dal Pozzo<\/p>\n<p>&nbsp;<\/p>\n","protected":false},"excerpt":{"rendered":"<p>&nbsp; Outra vez \u00e9 Natal, mais uma vez \u00e9 Natal, e n\u00f3s vamos concluindo mais um ano e o Natal \u00e9 sempre uma oportunidade maravilhosa de renova\u00e7\u00e3o, porque as pessoas chegam cansadas. De fato, n\u00f3s chegamos cansados no fim do ano, porque o ano traz muitas coisas. Voc\u00ea viveu muito, trabalhou, sofreu, se alegrou. Mas [&hellip;]<\/p>\n","protected":false},"author":13,"featured_media":40609,"comment_status":"closed","ping_status":"open","sticky":false,"template":"","format":"standard","meta":{"_acf_changed":false,"_exactmetrics_skip_tracking":false,"_exactmetrics_sitenote_active":false,"_exactmetrics_sitenote_note":"","_exactmetrics_sitenote_category":0,"footnotes":""},"categories":[57],"tags":[],"class_list":["post-96037","post","type-post","status-publish","format-standard","has-post-thumbnail","hentry","category-fe"],"acf":[],"yoast_head":"<!-- This site is optimized with the Yoast SEO plugin v27.2 - https:\/\/yoast.com\/product\/yoast-seo-wordpress\/ -->\n<title>Outra vez \u00e9 Natal, mais uma vez \u00e9 Natal - R\u00e1dio Life FM<\/title>\n<meta name=\"robots\" content=\"index, follow, max-snippet:-1, max-image-preview:large, max-video-preview:-1\" \/>\n<link rel=\"canonical\" href=\"https:\/\/radiolifefm.com.br\/noticias\/outra-vez-e-natal-mais-uma-vez-e-natal\/\" \/>\n<meta property=\"og:locale\" content=\"pt_BR\" \/>\n<meta property=\"og:type\" content=\"article\" \/>\n<meta property=\"og:title\" content=\"Outra vez \u00e9 Natal, mais uma vez \u00e9 Natal - R\u00e1dio Life FM\" \/>\n<meta property=\"og:description\" content=\"&nbsp; Outra vez \u00e9 Natal, mais uma vez \u00e9 Natal, e n\u00f3s vamos concluindo mais um ano e o Natal \u00e9 sempre uma oportunidade maravilhosa de renova\u00e7\u00e3o, porque as pessoas chegam cansadas. De fato, n\u00f3s chegamos cansados no fim do ano, porque o ano traz muitas coisas. Voc\u00ea viveu muito, trabalhou, sofreu, se alegrou. Mas [&hellip;]\" \/>\n<meta property=\"og:url\" content=\"https:\/\/radiolifefm.com.br\/noticias\/outra-vez-e-natal-mais-uma-vez-e-natal\/\" \/>\n<meta property=\"og:site_name\" content=\"R\u00e1dio Life FM\" \/>\n<meta property=\"article:publisher\" content=\"https:\/\/www.facebook.com\/radiolifefm\/\" \/>\n<meta property=\"article:published_time\" content=\"2024-12-12T11:45:57+00:00\" \/>\n<meta property=\"article:modified_time\" content=\"2026-04-21T11:05:35+00:00\" \/>\n<meta property=\"og:image\" content=\"https:\/\/radiolifefm.com.br\/noticias\/wp-content\/uploads\/2021\/07\/Padre-Ezequiel.jpg\" \/>\n\t<meta property=\"og:image:width\" content=\"1920\" \/>\n\t<meta property=\"og:image:height\" content=\"1080\" \/>\n\t<meta property=\"og:image:type\" content=\"image\/jpeg\" \/>\n<meta name=\"author\" content=\"ritanery\" \/>\n<meta name=\"twitter:card\" content=\"summary_large_image\" \/>\n<meta name=\"twitter:label1\" content=\"Escrito por\" \/>\n\t<meta name=\"twitter:data1\" content=\"ritanery\" \/>\n\t<meta name=\"twitter:label2\" content=\"Est. tempo de leitura\" \/>\n\t<meta name=\"twitter:data2\" content=\"4 minutos\" \/>\n<script type=\"application\/ld+json\" class=\"yoast-schema-graph\">{\"@context\":\"https:\/\/schema.org\",\"@graph\":[{\"@type\":\"Article\",\"@id\":\"https:\/\/radiolifefm.com.br\/noticias\/outra-vez-e-natal-mais-uma-vez-e-natal\/#article\",\"isPartOf\":{\"@id\":\"https:\/\/radiolifefm.com.br\/noticias\/outra-vez-e-natal-mais-uma-vez-e-natal\/\"},\"author\":{\"name\":\"ritanery\",\"@id\":\"https:\/\/radiolifefm.com.br\/noticias\/#\/schema\/person\/6339b9fac59d12b071dec680d7375d87\"},\"headline\":\"Outra vez \u00e9 Natal, mais uma vez \u00e9 Natal\",\"datePublished\":\"2024-12-12T11:45:57+00:00\",\"dateModified\":\"2026-04-21T11:05:35+00:00\",\"mainEntityOfPage\":{\"@id\":\"https:\/\/radiolifefm.com.br\/noticias\/outra-vez-e-natal-mais-uma-vez-e-natal\/\"},\"wordCount\":720,\"publisher\":{\"@id\":\"https:\/\/radiolifefm.com.br\/noticias\/#organization\"},\"image\":{\"@id\":\"https:\/\/radiolifefm.com.br\/noticias\/outra-vez-e-natal-mais-uma-vez-e-natal\/#primaryimage\"},\"thumbnailUrl\":\"https:\/\/radiolifefm.com.br\/noticias\/wp-content\/uploads\/2021\/07\/Padre-Ezequiel.jpg\",\"articleSection\":[\"F\u00e9\"],\"inLanguage\":\"pt-BR\"},{\"@type\":\"WebPage\",\"@id\":\"https:\/\/radiolifefm.com.br\/noticias\/outra-vez-e-natal-mais-uma-vez-e-natal\/\",\"url\":\"https:\/\/radiolifefm.com.br\/noticias\/outra-vez-e-natal-mais-uma-vez-e-natal\/\",\"name\":\"Outra vez \u00e9 Natal, mais uma vez \u00e9 Natal - R\u00e1dio Life FM\",\"isPartOf\":{\"@id\":\"https:\/\/radiolifefm.com.br\/noticias\/#website\"},\"primaryImageOfPage\":{\"@id\":\"https:\/\/radiolifefm.com.br\/noticias\/outra-vez-e-natal-mais-uma-vez-e-natal\/#primaryimage\"},\"image\":{\"@id\":\"https:\/\/radiolifefm.com.br\/noticias\/outra-vez-e-natal-mais-uma-vez-e-natal\/#primaryimage\"},\"thumbnailUrl\":\"https:\/\/radiolifefm.com.br\/noticias\/wp-content\/uploads\/2021\/07\/Padre-Ezequiel.jpg\",\"datePublished\":\"2024-12-12T11:45:57+00:00\",\"dateModified\":\"2026-04-21T11:05:35+00:00\",\"breadcrumb\":{\"@id\":\"https:\/\/radiolifefm.com.br\/noticias\/outra-vez-e-natal-mais-uma-vez-e-natal\/#breadcrumb\"},\"inLanguage\":\"pt-BR\",\"potentialAction\":[{\"@type\":\"ReadAction\",\"target\":[\"https:\/\/radiolifefm.com.br\/noticias\/outra-vez-e-natal-mais-uma-vez-e-natal\/\"]}]},{\"@type\":\"ImageObject\",\"inLanguage\":\"pt-BR\",\"@id\":\"https:\/\/radiolifefm.com.br\/noticias\/outra-vez-e-natal-mais-uma-vez-e-natal\/#primaryimage\",\"url\":\"https:\/\/radiolifefm.com.br\/noticias\/wp-content\/uploads\/2021\/07\/Padre-Ezequiel.jpg\",\"contentUrl\":\"https:\/\/radiolifefm.com.br\/noticias\/wp-content\/uploads\/2021\/07\/Padre-Ezequiel.jpg\",\"width\":1920,\"height\":1080},{\"@type\":\"BreadcrumbList\",\"@id\":\"https:\/\/radiolifefm.com.br\/noticias\/outra-vez-e-natal-mais-uma-vez-e-natal\/#breadcrumb\",\"itemListElement\":[{\"@type\":\"ListItem\",\"position\":1,\"name\":\"In\u00edcio\",\"item\":\"https:\/\/radiolifefm.com.br\/noticias\/\"},{\"@type\":\"ListItem\",\"position\":2,\"name\":\"Outra vez \u00e9 Natal, mais uma vez \u00e9 Natal\"}]},{\"@type\":\"WebSite\",\"@id\":\"https:\/\/radiolifefm.com.br\/noticias\/#website\",\"url\":\"https:\/\/radiolifefm.com.br\/noticias\/\",\"name\":\"R\u00e1dio Life FM\",\"description\":\"O Portal de Not\u00edcias de Adamantina\",\"publisher\":{\"@id\":\"https:\/\/radiolifefm.com.br\/noticias\/#organization\"},\"alternateName\":\"Life FM\",\"potentialAction\":[{\"@type\":\"SearchAction\",\"target\":{\"@type\":\"EntryPoint\",\"urlTemplate\":\"https:\/\/radiolifefm.com.br\/noticias\/?s={search_term_string}\"},\"query-input\":{\"@type\":\"PropertyValueSpecification\",\"valueRequired\":true,\"valueName\":\"search_term_string\"}}],\"inLanguage\":\"pt-BR\"},{\"@type\":\"Organization\",\"@id\":\"https:\/\/radiolifefm.com.br\/noticias\/#organization\",\"name\":\"R\u00e1dio Life FM\",\"alternateName\":\"Life FM\",\"url\":\"https:\/\/radiolifefm.com.br\/noticias\/\",\"logo\":{\"@type\":\"ImageObject\",\"inLanguage\":\"pt-BR\",\"@id\":\"https:\/\/radiolifefm.com.br\/noticias\/#\/schema\/logo\/image\/\",\"url\":\"https:\/\/static.radiolifefm.com.br\/noticias\/wp-content\/uploads\/2019\/10\/logo-lifefm.png\",\"contentUrl\":\"https:\/\/static.radiolifefm.com.br\/noticias\/wp-content\/uploads\/2019\/10\/logo-lifefm.png\",\"width\":196,\"height\":47,\"caption\":\"R\u00e1dio Life FM\"},\"image\":{\"@id\":\"https:\/\/radiolifefm.com.br\/noticias\/#\/schema\/logo\/image\/\"},\"sameAs\":[\"https:\/\/www.facebook.com\/radiolifefm\/\",\"https:\/\/www.instagram.com\/life1079fm\/\"]},{\"@type\":\"Person\",\"@id\":\"https:\/\/radiolifefm.com.br\/noticias\/#\/schema\/person\/6339b9fac59d12b071dec680d7375d87\",\"name\":\"ritanery\",\"image\":{\"@type\":\"ImageObject\",\"inLanguage\":\"pt-BR\",\"@id\":\"https:\/\/secure.gravatar.com\/avatar\/0e37bb19071f47c0b8a23f62a903df117c5a0e75f65a0c2901562f97cd41cf86?s=96&d=mm&r=g\",\"url\":\"https:\/\/secure.gravatar.com\/avatar\/0e37bb19071f47c0b8a23f62a903df117c5a0e75f65a0c2901562f97cd41cf86?s=96&d=mm&r=g\",\"contentUrl\":\"https:\/\/secure.gravatar.com\/avatar\/0e37bb19071f47c0b8a23f62a903df117c5a0e75f65a0c2901562f97cd41cf86?s=96&d=mm&r=g\",\"caption\":\"ritanery\"}}]}<\/script>\n<!-- \/ Yoast SEO plugin. -->","yoast_head_json":{"title":"Outra vez \u00e9 Natal, mais uma vez \u00e9 Natal - R\u00e1dio Life FM","robots":{"index":"index","follow":"follow","max-snippet":"max-snippet:-1","max-image-preview":"max-image-preview:large","max-video-preview":"max-video-preview:-1"},"canonical":"https:\/\/radiolifefm.com.br\/noticias\/outra-vez-e-natal-mais-uma-vez-e-natal\/","og_locale":"pt_BR","og_type":"article","og_title":"Outra vez \u00e9 Natal, mais uma vez \u00e9 Natal - R\u00e1dio Life FM","og_description":"&nbsp; Outra vez \u00e9 Natal, mais uma vez \u00e9 Natal, e n\u00f3s vamos concluindo mais um ano e o Natal \u00e9 sempre uma oportunidade maravilhosa de renova\u00e7\u00e3o, porque as pessoas chegam cansadas. De fato, n\u00f3s chegamos cansados no fim do ano, porque o ano traz muitas coisas. Voc\u00ea viveu muito, trabalhou, sofreu, se alegrou. Mas [&hellip;]","og_url":"https:\/\/radiolifefm.com.br\/noticias\/outra-vez-e-natal-mais-uma-vez-e-natal\/","og_site_name":"R\u00e1dio Life FM","article_publisher":"https:\/\/www.facebook.com\/radiolifefm\/","article_published_time":"2024-12-12T11:45:57+00:00","article_modified_time":"2026-04-21T11:05:35+00:00","og_image":[{"width":1920,"height":1080,"url":"https:\/\/radiolifefm.com.br\/noticias\/wp-content\/uploads\/2021\/07\/Padre-Ezequiel.jpg","type":"image\/jpeg"}],"author":"ritanery","twitter_card":"summary_large_image","twitter_misc":{"Escrito por":"ritanery","Est. tempo de leitura":"4 minutos"},"schema":{"@context":"https:\/\/schema.org","@graph":[{"@type":"Article","@id":"https:\/\/radiolifefm.com.br\/noticias\/outra-vez-e-natal-mais-uma-vez-e-natal\/#article","isPartOf":{"@id":"https:\/\/radiolifefm.com.br\/noticias\/outra-vez-e-natal-mais-uma-vez-e-natal\/"},"author":{"name":"ritanery","@id":"https:\/\/radiolifefm.com.br\/noticias\/#\/schema\/person\/6339b9fac59d12b071dec680d7375d87"},"headline":"Outra vez \u00e9 Natal, mais uma vez \u00e9 Natal","datePublished":"2024-12-12T11:45:57+00:00","dateModified":"2026-04-21T11:05:35+00:00","mainEntityOfPage":{"@id":"https:\/\/radiolifefm.com.br\/noticias\/outra-vez-e-natal-mais-uma-vez-e-natal\/"},"wordCount":720,"publisher":{"@id":"https:\/\/radiolifefm.com.br\/noticias\/#organization"},"image":{"@id":"https:\/\/radiolifefm.com.br\/noticias\/outra-vez-e-natal-mais-uma-vez-e-natal\/#primaryimage"},"thumbnailUrl":"https:\/\/radiolifefm.com.br\/noticias\/wp-content\/uploads\/2021\/07\/Padre-Ezequiel.jpg","articleSection":["F\u00e9"],"inLanguage":"pt-BR"},{"@type":"WebPage","@id":"https:\/\/radiolifefm.com.br\/noticias\/outra-vez-e-natal-mais-uma-vez-e-natal\/","url":"https:\/\/radiolifefm.com.br\/noticias\/outra-vez-e-natal-mais-uma-vez-e-natal\/","name":"Outra vez \u00e9 Natal, mais uma vez \u00e9 Natal - R\u00e1dio Life FM","isPartOf":{"@id":"https:\/\/radiolifefm.com.br\/noticias\/#website"},"primaryImageOfPage":{"@id":"https:\/\/radiolifefm.com.br\/noticias\/outra-vez-e-natal-mais-uma-vez-e-natal\/#primaryimage"},"image":{"@id":"https:\/\/radiolifefm.com.br\/noticias\/outra-vez-e-natal-mais-uma-vez-e-natal\/#primaryimage"},"thumbnailUrl":"https:\/\/radiolifefm.com.br\/noticias\/wp-content\/uploads\/2021\/07\/Padre-Ezequiel.jpg","datePublished":"2024-12-12T11:45:57+00:00","dateModified":"2026-04-21T11:05:35+00:00","breadcrumb":{"@id":"https:\/\/radiolifefm.com.br\/noticias\/outra-vez-e-natal-mais-uma-vez-e-natal\/#breadcrumb"},"inLanguage":"pt-BR","potentialAction":[{"@type":"ReadAction","target":["https:\/\/radiolifefm.com.br\/noticias\/outra-vez-e-natal-mais-uma-vez-e-natal\/"]}]},{"@type":"ImageObject","inLanguage":"pt-BR","@id":"https:\/\/radiolifefm.com.br\/noticias\/outra-vez-e-natal-mais-uma-vez-e-natal\/#primaryimage","url":"https:\/\/radiolifefm.com.br\/noticias\/wp-content\/uploads\/2021\/07\/Padre-Ezequiel.jpg","contentUrl":"https:\/\/radiolifefm.com.br\/noticias\/wp-content\/uploads\/2021\/07\/Padre-Ezequiel.jpg","width":1920,"height":1080},{"@type":"BreadcrumbList","@id":"https:\/\/radiolifefm.com.br\/noticias\/outra-vez-e-natal-mais-uma-vez-e-natal\/#breadcrumb","itemListElement":[{"@type":"ListItem","position":1,"name":"In\u00edcio","item":"https:\/\/radiolifefm.com.br\/noticias\/"},{"@type":"ListItem","position":2,"name":"Outra vez \u00e9 Natal, mais uma vez \u00e9 Natal"}]},{"@type":"WebSite","@id":"https:\/\/radiolifefm.com.br\/noticias\/#website","url":"https:\/\/radiolifefm.com.br\/noticias\/","name":"R\u00e1dio Life FM","description":"O Portal de Not\u00edcias de Adamantina","publisher":{"@id":"https:\/\/radiolifefm.com.br\/noticias\/#organization"},"alternateName":"Life FM","potentialAction":[{"@type":"SearchAction","target":{"@type":"EntryPoint","urlTemplate":"https:\/\/radiolifefm.com.br\/noticias\/?s={search_term_string}"},"query-input":{"@type":"PropertyValueSpecification","valueRequired":true,"valueName":"search_term_string"}}],"inLanguage":"pt-BR"},{"@type":"Organization","@id":"https:\/\/radiolifefm.com.br\/noticias\/#organization","name":"R\u00e1dio Life FM","alternateName":"Life FM","url":"https:\/\/radiolifefm.com.br\/noticias\/","logo":{"@type":"ImageObject","inLanguage":"pt-BR","@id":"https:\/\/radiolifefm.com.br\/noticias\/#\/schema\/logo\/image\/","url":"https:\/\/static.radiolifefm.com.br\/noticias\/wp-content\/uploads\/2019\/10\/logo-lifefm.png","contentUrl":"https:\/\/static.radiolifefm.com.br\/noticias\/wp-content\/uploads\/2019\/10\/logo-lifefm.png","width":196,"height":47,"caption":"R\u00e1dio Life FM"},"image":{"@id":"https:\/\/radiolifefm.com.br\/noticias\/#\/schema\/logo\/image\/"},"sameAs":["https:\/\/www.facebook.com\/radiolifefm\/","https:\/\/www.instagram.com\/life1079fm\/"]},{"@type":"Person","@id":"https:\/\/radiolifefm.com.br\/noticias\/#\/schema\/person\/6339b9fac59d12b071dec680d7375d87","name":"ritanery","image":{"@type":"ImageObject","inLanguage":"pt-BR","@id":"https:\/\/secure.gravatar.com\/avatar\/0e37bb19071f47c0b8a23f62a903df117c5a0e75f65a0c2901562f97cd41cf86?s=96&d=mm&r=g","url":"https:\/\/secure.gravatar.com\/avatar\/0e37bb19071f47c0b8a23f62a903df117c5a0e75f65a0c2901562f97cd41cf86?s=96&d=mm&r=g","contentUrl":"https:\/\/secure.gravatar.com\/avatar\/0e37bb19071f47c0b8a23f62a903df117c5a0e75f65a0c2901562f97cd41cf86?s=96&d=mm&r=g","caption":"ritanery"}}]}},"amp_enabled":true,"_links":{"self":[{"href":"https:\/\/radiolifefm.com.br\/noticias\/wp-json\/wp\/v2\/posts\/96037","targetHints":{"allow":["GET"]}}],"collection":[{"href":"https:\/\/radiolifefm.com.br\/noticias\/wp-json\/wp\/v2\/posts"}],"about":[{"href":"https:\/\/radiolifefm.com.br\/noticias\/wp-json\/wp\/v2\/types\/post"}],"author":[{"embeddable":true,"href":"https:\/\/radiolifefm.com.br\/noticias\/wp-json\/wp\/v2\/users\/13"}],"replies":[{"embeddable":true,"href":"https:\/\/radiolifefm.com.br\/noticias\/wp-json\/wp\/v2\/comments?post=96037"}],"version-history":[{"count":1,"href":"https:\/\/radiolifefm.com.br\/noticias\/wp-json\/wp\/v2\/posts\/96037\/revisions"}],"predecessor-version":[{"id":96038,"href":"https:\/\/radiolifefm.com.br\/noticias\/wp-json\/wp\/v2\/posts\/96037\/revisions\/96038"}],"wp:featuredmedia":[{"embeddable":true,"href":"https:\/\/radiolifefm.com.br\/noticias\/wp-json\/wp\/v2\/media\/40609"}],"wp:attachment":[{"href":"https:\/\/radiolifefm.com.br\/noticias\/wp-json\/wp\/v2\/media?parent=96037"}],"wp:term":[{"taxonomy":"category","embeddable":true,"href":"https:\/\/radiolifefm.com.br\/noticias\/wp-json\/wp\/v2\/categories?post=96037"},{"taxonomy":"post_tag","embeddable":true,"href":"https:\/\/radiolifefm.com.br\/noticias\/wp-json\/wp\/v2\/tags?post=96037"}],"curies":[{"name":"wp","href":"https:\/\/api.w.org\/{rel}","templated":true}]}}