{"id":95970,"date":"2024-12-09T08:45:51","date_gmt":"2024-12-09T11:45:51","guid":{"rendered":"https:\/\/radiolifefm.com.br\/noticias\/?p=95970"},"modified":"2026-02-13T08:17:12","modified_gmt":"2026-02-13T11:17:12","slug":"provincia-do-faz-de-conta-em-tempo-de-boca-de-espera","status":"publish","type":"post","link":"https:\/\/radiolifefm.com.br\/noticias\/provincia-do-faz-de-conta-em-tempo-de-boca-de-espera\/","title":{"rendered":"Prov\u00edncia do faz de conta em tempo de BOCA DE ESPERA&#8230;"},"content":{"rendered":"<div id=\"fb-root\"><\/div>\n<p><strong><em>\u201cVem, vamos embora, que esperar n\u00e3o \u00e9 saber \/ Quem sabe faz a hora e n\u00e3o espera acontecer\u201d (<\/em><\/strong><a href=\"https:\/\/www.pensador.com\/autor\/geraldo_vandre\/\"><strong><em>Geraldo Vandr\u00e9<\/em><\/strong><\/a><strong><em>)<\/em><\/strong><\/p>\n<p>&nbsp;<\/p>\n<p><strong>By seb@r.<\/strong><\/p>\n<p>&nbsp;<\/p>\n<p>Isso mesmo, assim, como sempre, CADA LOUCO COM SUA MANIA neste tempo deste mesmo tempo em busca do outro tempo daquele tempo&#8230;<\/p>\n<p>Finalmente, depois de OITO LONGOS ANOS, eis que est\u00e1 chegando ao final a dita cuja GEST\u00c3O PINOQUIANA nesta PROV\u00cdNCIA DO FAZ DE CONTA&#8230;<\/p>\n<p>De um jeito ou de outro, deve-se considerar que ocorreram AVAN\u00c7OS deste e do outro lado, por\u00e9m, os RETROCESSOS sempre marcaram presen\u00e7a nestes \u00faltimos anos, ainda, na \u00e1rea da GEST\u00c3O P\u00daBLICA provinciana&#8230;<\/p>\n<p>Mas, n\u00e3o se pode deixar de lado aquele velho dito mais do que popular que afirma, a saber: SE VOC\u00ca PENSA QUE T\u00c1 RUIM, PODE PIORAR&#8230;<\/p>\n<p>Desta forma, o NOVO GESTOR e esquipe escolhida e referendada pela C\u00daPULA VENCEDORA, ainda, \u00e9 mais do que uma CAIXINHA DE SURPRESA para todos\/as os\/as PROVINCIANOS\/AS&#8230;<\/p>\n<p>Entretanto, as MENTES MED\u00cdOCRES est\u00e3o mais ativas do que nunca com suas TEORIAS relacionadas com a TERRA PLANA, bem como, os\/as NEGACIONISTAS contra as descobertas CIENT\u00cdFICAS&#8230;<\/p>\n<p>No mais em meio ao tudo de menos, apenas o TEMPO deste NOVO TEMPO NOVO pode determinar para que lado vai essa NOVA GEST\u00c3O PROVINCIANA&#8230;<\/p>\n<p>Por isso e talvez aquilo, dependendo sempre de cada OLHAR, tudo pode acontecer no pr\u00f3ximo ano, todavia, espera-se que seja executado de acordo com as NECESSIDADES afins aos interesses da COMUNIDADE PROVINCIANA&#8230;<\/p>\n<p>Tamb\u00e9m, no pr\u00f3ximo ano, vai ocorrer a DAN\u00c7A DAS CADEIRAS nos lados das PAREDES ALVAS, desta forma, alguns NOMES para isto ou aquilo, est\u00e3o nos CORREDORES daqueles lados, tamb\u00e9m, nas ESQUINAS e CAFETERIAS desta PROV\u00cdNCIA DO FAZ DE CONTA&#8230;<\/p>\n<p>Mas, como sempre, ainda bem que existe sempre a D\u00daVIDA para fazer a diferen\u00e7a em todas as \u00e1reas, refor\u00e7a-se com aquela outro dito popular que diz, a saber: NADA EST\u00c1 T\u00c3O RUIM QUE N\u00c3O PODE PIORAR&#8230;<\/p>\n<p>Deste ou daquele outro jeito, n\u00e3o se pode deixar de lado que o PROFISSIONALISMO deve estar acima dos interesses PESSOAIS que envolvem RELA\u00c7\u00d5ES FAMILIARES, ainda mais quando o CEN\u00c1RIO atual refor\u00e7a a necessidade da COMPET\u00caNCIA com QUALIFICA\u00c7\u00c3O&#8230;<\/p>\n<p>Tudo indica, isso \u00e9, dependendo sempre dos interesses neste JOGO mais do que VICIADO pelas eternas TROCAS NADA SIMB\u00d3LICAS, as mesmices de sempre quando se trata do PODER em busca do PODER, al\u00e9m disto e mais aquilo, as VAIDADES ACAD\u00caMICAS sempre marcam presen\u00e7a em nome disto ou daquilo nos lados das PAREDES ALVAS&#8230;<\/p>\n<p>QUEM SOBREVIVER VAI SABER&#8230;<\/p>\n<p>&nbsp;<\/p>\n<p>&nbsp;<\/p>\n<p>&nbsp;<\/p>\n<p><strong>e-mail: <\/strong><a href=\"mailto:barbosa.sebar@gmail.com\"><strong>barbosa.sebar@gmail.com<\/strong><\/a><\/p>\n","protected":false},"excerpt":{"rendered":"<p>\u201cVem, vamos embora, que esperar n\u00e3o \u00e9 saber \/ Quem sabe faz a hora e n\u00e3o espera acontecer\u201d (Geraldo Vandr\u00e9) &nbsp; By seb@r. &nbsp; Isso mesmo, assim, como sempre, CADA LOUCO COM SUA MANIA neste tempo deste mesmo tempo em busca do outro tempo daquele tempo&#8230; Finalmente, depois de OITO LONGOS ANOS, eis que est\u00e1 [&hellip;]<\/p>\n","protected":false},"author":13,"featured_media":51988,"comment_status":"closed","ping_status":"open","sticky":false,"template":"","format":"standard","meta":{"_acf_changed":false,"_exactmetrics_skip_tracking":false,"_exactmetrics_sitenote_active":false,"_exactmetrics_sitenote_note":"","_exactmetrics_sitenote_category":0,"footnotes":""},"categories":[59],"tags":[],"class_list":["post-95970","post","type-post","status-publish","format-standard","has-post-thumbnail","hentry","category-opiniao"],"acf":[],"yoast_head":"<!-- This site is optimized with the Yoast SEO plugin v27.2 - https:\/\/yoast.com\/product\/yoast-seo-wordpress\/ -->\n<title>Prov\u00edncia do faz de conta em tempo de BOCA DE ESPERA... - R\u00e1dio Life FM<\/title>\n<meta name=\"robots\" content=\"index, follow, max-snippet:-1, max-image-preview:large, max-video-preview:-1\" \/>\n<link rel=\"canonical\" href=\"https:\/\/radiolifefm.com.br\/noticias\/provincia-do-faz-de-conta-em-tempo-de-boca-de-espera\/\" \/>\n<meta property=\"og:locale\" content=\"pt_BR\" \/>\n<meta property=\"og:type\" content=\"article\" \/>\n<meta property=\"og:title\" content=\"Prov\u00edncia do faz de conta em tempo de BOCA DE ESPERA... - R\u00e1dio Life FM\" \/>\n<meta property=\"og:description\" content=\"\u201cVem, vamos embora, que esperar n\u00e3o \u00e9 saber \/ Quem sabe faz a hora e n\u00e3o espera acontecer\u201d (Geraldo Vandr\u00e9) &nbsp; By seb@r. &nbsp; Isso mesmo, assim, como sempre, CADA LOUCO COM SUA MANIA neste tempo deste mesmo tempo em busca do outro tempo daquele tempo&#8230; Finalmente, depois de OITO LONGOS ANOS, eis que est\u00e1 [&hellip;]\" \/>\n<meta property=\"og:url\" content=\"https:\/\/radiolifefm.com.br\/noticias\/provincia-do-faz-de-conta-em-tempo-de-boca-de-espera\/\" \/>\n<meta property=\"og:site_name\" content=\"R\u00e1dio Life FM\" \/>\n<meta property=\"article:publisher\" content=\"https:\/\/www.facebook.com\/radiolifefm\/\" \/>\n<meta property=\"article:published_time\" content=\"2024-12-09T11:45:51+00:00\" \/>\n<meta property=\"article:modified_time\" content=\"2026-02-13T11:17:12+00:00\" \/>\n<meta property=\"og:image\" content=\"https:\/\/radiolifefm.com.br\/noticias\/wp-content\/uploads\/2022\/04\/WhatsApp-Image-2022-04-10-at-18.43.02.jpeg\" \/>\n\t<meta property=\"og:image:width\" content=\"972\" \/>\n\t<meta property=\"og:image:height\" content=\"1296\" \/>\n\t<meta property=\"og:image:type\" content=\"image\/jpeg\" \/>\n<meta name=\"author\" content=\"ritanery\" \/>\n<meta name=\"twitter:card\" content=\"summary_large_image\" \/>\n<meta name=\"twitter:label1\" content=\"Escrito por\" \/>\n\t<meta name=\"twitter:data1\" content=\"ritanery\" \/>\n\t<meta name=\"twitter:label2\" content=\"Est. tempo de leitura\" \/>\n\t<meta name=\"twitter:data2\" content=\"3 minutos\" \/>\n<script type=\"application\/ld+json\" class=\"yoast-schema-graph\">{\"@context\":\"https:\/\/schema.org\",\"@graph\":[{\"@type\":\"Article\",\"@id\":\"https:\/\/radiolifefm.com.br\/noticias\/provincia-do-faz-de-conta-em-tempo-de-boca-de-espera\/#article\",\"isPartOf\":{\"@id\":\"https:\/\/radiolifefm.com.br\/noticias\/provincia-do-faz-de-conta-em-tempo-de-boca-de-espera\/\"},\"author\":{\"name\":\"ritanery\",\"@id\":\"https:\/\/radiolifefm.com.br\/noticias\/#\/schema\/person\/6339b9fac59d12b071dec680d7375d87\"},\"headline\":\"Prov\u00edncia do faz de conta em tempo de BOCA DE ESPERA&#8230;\",\"datePublished\":\"2024-12-09T11:45:51+00:00\",\"dateModified\":\"2026-02-13T11:17:12+00:00\",\"mainEntityOfPage\":{\"@id\":\"https:\/\/radiolifefm.com.br\/noticias\/provincia-do-faz-de-conta-em-tempo-de-boca-de-espera\/\"},\"wordCount\":463,\"publisher\":{\"@id\":\"https:\/\/radiolifefm.com.br\/noticias\/#organization\"},\"image\":{\"@id\":\"https:\/\/radiolifefm.com.br\/noticias\/provincia-do-faz-de-conta-em-tempo-de-boca-de-espera\/#primaryimage\"},\"thumbnailUrl\":\"https:\/\/radiolifefm.com.br\/noticias\/wp-content\/uploads\/2022\/04\/WhatsApp-Image-2022-04-10-at-18.43.02.jpeg\",\"articleSection\":[\"Opini\u00e3o\"],\"inLanguage\":\"pt-BR\"},{\"@type\":\"WebPage\",\"@id\":\"https:\/\/radiolifefm.com.br\/noticias\/provincia-do-faz-de-conta-em-tempo-de-boca-de-espera\/\",\"url\":\"https:\/\/radiolifefm.com.br\/noticias\/provincia-do-faz-de-conta-em-tempo-de-boca-de-espera\/\",\"name\":\"Prov\u00edncia do faz de conta em tempo de BOCA DE ESPERA... - R\u00e1dio Life FM\",\"isPartOf\":{\"@id\":\"https:\/\/radiolifefm.com.br\/noticias\/#website\"},\"primaryImageOfPage\":{\"@id\":\"https:\/\/radiolifefm.com.br\/noticias\/provincia-do-faz-de-conta-em-tempo-de-boca-de-espera\/#primaryimage\"},\"image\":{\"@id\":\"https:\/\/radiolifefm.com.br\/noticias\/provincia-do-faz-de-conta-em-tempo-de-boca-de-espera\/#primaryimage\"},\"thumbnailUrl\":\"https:\/\/radiolifefm.com.br\/noticias\/wp-content\/uploads\/2022\/04\/WhatsApp-Image-2022-04-10-at-18.43.02.jpeg\",\"datePublished\":\"2024-12-09T11:45:51+00:00\",\"dateModified\":\"2026-02-13T11:17:12+00:00\",\"breadcrumb\":{\"@id\":\"https:\/\/radiolifefm.com.br\/noticias\/provincia-do-faz-de-conta-em-tempo-de-boca-de-espera\/#breadcrumb\"},\"inLanguage\":\"pt-BR\",\"potentialAction\":[{\"@type\":\"ReadAction\",\"target\":[\"https:\/\/radiolifefm.com.br\/noticias\/provincia-do-faz-de-conta-em-tempo-de-boca-de-espera\/\"]}]},{\"@type\":\"ImageObject\",\"inLanguage\":\"pt-BR\",\"@id\":\"https:\/\/radiolifefm.com.br\/noticias\/provincia-do-faz-de-conta-em-tempo-de-boca-de-espera\/#primaryimage\",\"url\":\"https:\/\/radiolifefm.com.br\/noticias\/wp-content\/uploads\/2022\/04\/WhatsApp-Image-2022-04-10-at-18.43.02.jpeg\",\"contentUrl\":\"https:\/\/radiolifefm.com.br\/noticias\/wp-content\/uploads\/2022\/04\/WhatsApp-Image-2022-04-10-at-18.43.02.jpeg\",\"width\":972,\"height\":1296,\"caption\":\"S\u00e9rgio Barbosa\"},{\"@type\":\"BreadcrumbList\",\"@id\":\"https:\/\/radiolifefm.com.br\/noticias\/provincia-do-faz-de-conta-em-tempo-de-boca-de-espera\/#breadcrumb\",\"itemListElement\":[{\"@type\":\"ListItem\",\"position\":1,\"name\":\"In\u00edcio\",\"item\":\"https:\/\/radiolifefm.com.br\/noticias\/\"},{\"@type\":\"ListItem\",\"position\":2,\"name\":\"Prov\u00edncia do faz de conta em tempo de BOCA DE ESPERA&#8230;\"}]},{\"@type\":\"WebSite\",\"@id\":\"https:\/\/radiolifefm.com.br\/noticias\/#website\",\"url\":\"https:\/\/radiolifefm.com.br\/noticias\/\",\"name\":\"R\u00e1dio Life FM\",\"description\":\"O Portal de Not\u00edcias de Adamantina\",\"publisher\":{\"@id\":\"https:\/\/radiolifefm.com.br\/noticias\/#organization\"},\"alternateName\":\"Life FM\",\"potentialAction\":[{\"@type\":\"SearchAction\",\"target\":{\"@type\":\"EntryPoint\",\"urlTemplate\":\"https:\/\/radiolifefm.com.br\/noticias\/?s={search_term_string}\"},\"query-input\":{\"@type\":\"PropertyValueSpecification\",\"valueRequired\":true,\"valueName\":\"search_term_string\"}}],\"inLanguage\":\"pt-BR\"},{\"@type\":\"Organization\",\"@id\":\"https:\/\/radiolifefm.com.br\/noticias\/#organization\",\"name\":\"R\u00e1dio Life FM\",\"alternateName\":\"Life FM\",\"url\":\"https:\/\/radiolifefm.com.br\/noticias\/\",\"logo\":{\"@type\":\"ImageObject\",\"inLanguage\":\"pt-BR\",\"@id\":\"https:\/\/radiolifefm.com.br\/noticias\/#\/schema\/logo\/image\/\",\"url\":\"https:\/\/static.radiolifefm.com.br\/noticias\/wp-content\/uploads\/2019\/10\/logo-lifefm.png\",\"contentUrl\":\"https:\/\/static.radiolifefm.com.br\/noticias\/wp-content\/uploads\/2019\/10\/logo-lifefm.png\",\"width\":196,\"height\":47,\"caption\":\"R\u00e1dio Life FM\"},\"image\":{\"@id\":\"https:\/\/radiolifefm.com.br\/noticias\/#\/schema\/logo\/image\/\"},\"sameAs\":[\"https:\/\/www.facebook.com\/radiolifefm\/\",\"https:\/\/www.instagram.com\/life1079fm\/\"]},{\"@type\":\"Person\",\"@id\":\"https:\/\/radiolifefm.com.br\/noticias\/#\/schema\/person\/6339b9fac59d12b071dec680d7375d87\",\"name\":\"ritanery\",\"image\":{\"@type\":\"ImageObject\",\"inLanguage\":\"pt-BR\",\"@id\":\"https:\/\/secure.gravatar.com\/avatar\/0e37bb19071f47c0b8a23f62a903df117c5a0e75f65a0c2901562f97cd41cf86?s=96&d=mm&r=g\",\"url\":\"https:\/\/secure.gravatar.com\/avatar\/0e37bb19071f47c0b8a23f62a903df117c5a0e75f65a0c2901562f97cd41cf86?s=96&d=mm&r=g\",\"contentUrl\":\"https:\/\/secure.gravatar.com\/avatar\/0e37bb19071f47c0b8a23f62a903df117c5a0e75f65a0c2901562f97cd41cf86?s=96&d=mm&r=g\",\"caption\":\"ritanery\"}}]}<\/script>\n<!-- \/ Yoast SEO plugin. -->","yoast_head_json":{"title":"Prov\u00edncia do faz de conta em tempo de BOCA DE ESPERA... - R\u00e1dio Life FM","robots":{"index":"index","follow":"follow","max-snippet":"max-snippet:-1","max-image-preview":"max-image-preview:large","max-video-preview":"max-video-preview:-1"},"canonical":"https:\/\/radiolifefm.com.br\/noticias\/provincia-do-faz-de-conta-em-tempo-de-boca-de-espera\/","og_locale":"pt_BR","og_type":"article","og_title":"Prov\u00edncia do faz de conta em tempo de BOCA DE ESPERA... - R\u00e1dio Life FM","og_description":"\u201cVem, vamos embora, que esperar n\u00e3o \u00e9 saber \/ Quem sabe faz a hora e n\u00e3o espera acontecer\u201d (Geraldo Vandr\u00e9) &nbsp; By seb@r. &nbsp; Isso mesmo, assim, como sempre, CADA LOUCO COM SUA MANIA neste tempo deste mesmo tempo em busca do outro tempo daquele tempo&#8230; Finalmente, depois de OITO LONGOS ANOS, eis que est\u00e1 [&hellip;]","og_url":"https:\/\/radiolifefm.com.br\/noticias\/provincia-do-faz-de-conta-em-tempo-de-boca-de-espera\/","og_site_name":"R\u00e1dio Life FM","article_publisher":"https:\/\/www.facebook.com\/radiolifefm\/","article_published_time":"2024-12-09T11:45:51+00:00","article_modified_time":"2026-02-13T11:17:12+00:00","og_image":[{"width":972,"height":1296,"url":"https:\/\/radiolifefm.com.br\/noticias\/wp-content\/uploads\/2022\/04\/WhatsApp-Image-2022-04-10-at-18.43.02.jpeg","type":"image\/jpeg"}],"author":"ritanery","twitter_card":"summary_large_image","twitter_misc":{"Escrito por":"ritanery","Est. tempo de leitura":"3 minutos"},"schema":{"@context":"https:\/\/schema.org","@graph":[{"@type":"Article","@id":"https:\/\/radiolifefm.com.br\/noticias\/provincia-do-faz-de-conta-em-tempo-de-boca-de-espera\/#article","isPartOf":{"@id":"https:\/\/radiolifefm.com.br\/noticias\/provincia-do-faz-de-conta-em-tempo-de-boca-de-espera\/"},"author":{"name":"ritanery","@id":"https:\/\/radiolifefm.com.br\/noticias\/#\/schema\/person\/6339b9fac59d12b071dec680d7375d87"},"headline":"Prov\u00edncia do faz de conta em tempo de BOCA DE ESPERA&#8230;","datePublished":"2024-12-09T11:45:51+00:00","dateModified":"2026-02-13T11:17:12+00:00","mainEntityOfPage":{"@id":"https:\/\/radiolifefm.com.br\/noticias\/provincia-do-faz-de-conta-em-tempo-de-boca-de-espera\/"},"wordCount":463,"publisher":{"@id":"https:\/\/radiolifefm.com.br\/noticias\/#organization"},"image":{"@id":"https:\/\/radiolifefm.com.br\/noticias\/provincia-do-faz-de-conta-em-tempo-de-boca-de-espera\/#primaryimage"},"thumbnailUrl":"https:\/\/radiolifefm.com.br\/noticias\/wp-content\/uploads\/2022\/04\/WhatsApp-Image-2022-04-10-at-18.43.02.jpeg","articleSection":["Opini\u00e3o"],"inLanguage":"pt-BR"},{"@type":"WebPage","@id":"https:\/\/radiolifefm.com.br\/noticias\/provincia-do-faz-de-conta-em-tempo-de-boca-de-espera\/","url":"https:\/\/radiolifefm.com.br\/noticias\/provincia-do-faz-de-conta-em-tempo-de-boca-de-espera\/","name":"Prov\u00edncia do faz de conta em tempo de BOCA DE ESPERA... - R\u00e1dio Life FM","isPartOf":{"@id":"https:\/\/radiolifefm.com.br\/noticias\/#website"},"primaryImageOfPage":{"@id":"https:\/\/radiolifefm.com.br\/noticias\/provincia-do-faz-de-conta-em-tempo-de-boca-de-espera\/#primaryimage"},"image":{"@id":"https:\/\/radiolifefm.com.br\/noticias\/provincia-do-faz-de-conta-em-tempo-de-boca-de-espera\/#primaryimage"},"thumbnailUrl":"https:\/\/radiolifefm.com.br\/noticias\/wp-content\/uploads\/2022\/04\/WhatsApp-Image-2022-04-10-at-18.43.02.jpeg","datePublished":"2024-12-09T11:45:51+00:00","dateModified":"2026-02-13T11:17:12+00:00","breadcrumb":{"@id":"https:\/\/radiolifefm.com.br\/noticias\/provincia-do-faz-de-conta-em-tempo-de-boca-de-espera\/#breadcrumb"},"inLanguage":"pt-BR","potentialAction":[{"@type":"ReadAction","target":["https:\/\/radiolifefm.com.br\/noticias\/provincia-do-faz-de-conta-em-tempo-de-boca-de-espera\/"]}]},{"@type":"ImageObject","inLanguage":"pt-BR","@id":"https:\/\/radiolifefm.com.br\/noticias\/provincia-do-faz-de-conta-em-tempo-de-boca-de-espera\/#primaryimage","url":"https:\/\/radiolifefm.com.br\/noticias\/wp-content\/uploads\/2022\/04\/WhatsApp-Image-2022-04-10-at-18.43.02.jpeg","contentUrl":"https:\/\/radiolifefm.com.br\/noticias\/wp-content\/uploads\/2022\/04\/WhatsApp-Image-2022-04-10-at-18.43.02.jpeg","width":972,"height":1296,"caption":"S\u00e9rgio Barbosa"},{"@type":"BreadcrumbList","@id":"https:\/\/radiolifefm.com.br\/noticias\/provincia-do-faz-de-conta-em-tempo-de-boca-de-espera\/#breadcrumb","itemListElement":[{"@type":"ListItem","position":1,"name":"In\u00edcio","item":"https:\/\/radiolifefm.com.br\/noticias\/"},{"@type":"ListItem","position":2,"name":"Prov\u00edncia do faz de conta em tempo de BOCA DE ESPERA&#8230;"}]},{"@type":"WebSite","@id":"https:\/\/radiolifefm.com.br\/noticias\/#website","url":"https:\/\/radiolifefm.com.br\/noticias\/","name":"R\u00e1dio Life FM","description":"O Portal de Not\u00edcias de Adamantina","publisher":{"@id":"https:\/\/radiolifefm.com.br\/noticias\/#organization"},"alternateName":"Life FM","potentialAction":[{"@type":"SearchAction","target":{"@type":"EntryPoint","urlTemplate":"https:\/\/radiolifefm.com.br\/noticias\/?s={search_term_string}"},"query-input":{"@type":"PropertyValueSpecification","valueRequired":true,"valueName":"search_term_string"}}],"inLanguage":"pt-BR"},{"@type":"Organization","@id":"https:\/\/radiolifefm.com.br\/noticias\/#organization","name":"R\u00e1dio Life FM","alternateName":"Life FM","url":"https:\/\/radiolifefm.com.br\/noticias\/","logo":{"@type":"ImageObject","inLanguage":"pt-BR","@id":"https:\/\/radiolifefm.com.br\/noticias\/#\/schema\/logo\/image\/","url":"https:\/\/static.radiolifefm.com.br\/noticias\/wp-content\/uploads\/2019\/10\/logo-lifefm.png","contentUrl":"https:\/\/static.radiolifefm.com.br\/noticias\/wp-content\/uploads\/2019\/10\/logo-lifefm.png","width":196,"height":47,"caption":"R\u00e1dio Life FM"},"image":{"@id":"https:\/\/radiolifefm.com.br\/noticias\/#\/schema\/logo\/image\/"},"sameAs":["https:\/\/www.facebook.com\/radiolifefm\/","https:\/\/www.instagram.com\/life1079fm\/"]},{"@type":"Person","@id":"https:\/\/radiolifefm.com.br\/noticias\/#\/schema\/person\/6339b9fac59d12b071dec680d7375d87","name":"ritanery","image":{"@type":"ImageObject","inLanguage":"pt-BR","@id":"https:\/\/secure.gravatar.com\/avatar\/0e37bb19071f47c0b8a23f62a903df117c5a0e75f65a0c2901562f97cd41cf86?s=96&d=mm&r=g","url":"https:\/\/secure.gravatar.com\/avatar\/0e37bb19071f47c0b8a23f62a903df117c5a0e75f65a0c2901562f97cd41cf86?s=96&d=mm&r=g","contentUrl":"https:\/\/secure.gravatar.com\/avatar\/0e37bb19071f47c0b8a23f62a903df117c5a0e75f65a0c2901562f97cd41cf86?s=96&d=mm&r=g","caption":"ritanery"}}]}},"amp_enabled":true,"_links":{"self":[{"href":"https:\/\/radiolifefm.com.br\/noticias\/wp-json\/wp\/v2\/posts\/95970","targetHints":{"allow":["GET"]}}],"collection":[{"href":"https:\/\/radiolifefm.com.br\/noticias\/wp-json\/wp\/v2\/posts"}],"about":[{"href":"https:\/\/radiolifefm.com.br\/noticias\/wp-json\/wp\/v2\/types\/post"}],"author":[{"embeddable":true,"href":"https:\/\/radiolifefm.com.br\/noticias\/wp-json\/wp\/v2\/users\/13"}],"replies":[{"embeddable":true,"href":"https:\/\/radiolifefm.com.br\/noticias\/wp-json\/wp\/v2\/comments?post=95970"}],"version-history":[{"count":1,"href":"https:\/\/radiolifefm.com.br\/noticias\/wp-json\/wp\/v2\/posts\/95970\/revisions"}],"predecessor-version":[{"id":95971,"href":"https:\/\/radiolifefm.com.br\/noticias\/wp-json\/wp\/v2\/posts\/95970\/revisions\/95971"}],"wp:featuredmedia":[{"embeddable":true,"href":"https:\/\/radiolifefm.com.br\/noticias\/wp-json\/wp\/v2\/media\/51988"}],"wp:attachment":[{"href":"https:\/\/radiolifefm.com.br\/noticias\/wp-json\/wp\/v2\/media?parent=95970"}],"wp:term":[{"taxonomy":"category","embeddable":true,"href":"https:\/\/radiolifefm.com.br\/noticias\/wp-json\/wp\/v2\/categories?post=95970"},{"taxonomy":"post_tag","embeddable":true,"href":"https:\/\/radiolifefm.com.br\/noticias\/wp-json\/wp\/v2\/tags?post=95970"}],"curies":[{"name":"wp","href":"https:\/\/api.w.org\/{rel}","templated":true}]}}