{"id":95925,"date":"2024-12-05T08:41:06","date_gmt":"2024-12-05T11:41:06","guid":{"rendered":"https:\/\/radiolifefm.com.br\/noticias\/?p=95925"},"modified":"2026-02-01T01:16:16","modified_gmt":"2026-02-01T04:16:16","slug":"a-palavra-e-a-cancao-transformando-vidas","status":"publish","type":"post","link":"https:\/\/radiolifefm.com.br\/noticias\/a-palavra-e-a-cancao-transformando-vidas\/","title":{"rendered":"A palavra e a Can\u00e7\u00e3o transformando vidas"},"content":{"rendered":"<div id=\"fb-root\"><\/div>\n<p>Padre Ezequiel Dal Pozzo foi ordenado h\u00e1 17 anos e pertence \u00e0 Diocese de Caxias do Sul\/RS. Trabalha com a comunica\u00e7\u00e3o, fala para mais de 600 r\u00e1dios diariamente, tem programas di\u00e1rios e semanais na TV Evangelizar e TV Pai Eterno, artigos em mais de 100 jornais e um alcance expressivo atrav\u00e9s das redes sociais. No Facebook, mais de 3 milh\u00f5es de seguidores, no Instagram s\u00e3o mais de 835 mil, no Youtube mais de 470 mil inscritos no canal, al\u00e9m de ter mais de 30 mil ouvintes mensais no Spotify e outras plataformas. Padre Ezequiel tem 7 CDs gravados e 3 DVDs, e 4 livros escritos, onde o livro EU NO CAMINHO DA FELICIDADE \u00e9 o mais recente e viaja por todo o Brasil levando o Show Vida e Esperan\u00e7a que proporciona momentos de m\u00fasica, reflex\u00e3o, ora\u00e7\u00e3o e alegria. O Show Vida e Esperan\u00e7a \u00e9 um momento significativo para as comunidades, igrejas, festas de munic\u00edpios, feiras de eventos e para estarmos l\u00e1 basta entrar em contato com a nossa esquipe pelos contatos (48) 99651.9145 | (48) 99134.9298 | (54) 99902.9595. O que fez alcan\u00e7ar todos esses meios foi a m\u00fasica. Com muitas can\u00e7\u00f5es gravadas, em \u00e1udio e v\u00eddeos de composi\u00e7\u00f5es pr\u00f3prias, regrava\u00e7\u00f5es e vers\u00f5es, que se espalham pelas r\u00e1dios, TVs e redes sociais. Para Padre Ezequiel, sua obra na m\u00fasica vai se fortalecendo cada vez mais, realizando sempre o melhor e com qualidade, fazendo com que a m\u00fasica expresse as buscas, sentimentos e necessidades das pessoas. A m\u00fasica tem um poder muito grande de tocar os cora\u00e7\u00f5es, inspirar atitudes e colocar as pessoas num caminho de busca de crescimento. \u201cA minha vida de padre \u00e9 chamada a servir pessoas. Eu acredito que sirvo na medida que anuncio. O valor de cada coisa est\u00e1 de acordo com aquilo que isso proporciona de vida e crescimento para cada um. Eu acredito que a m\u00fasica, juntamente com a palavra que digo, tudo junto, ajuda de v\u00e1rias formas as pessoas. Por isso, o conjunto daquilo que fazemos se torna significativo, e a nossa vida, sempre ser\u00e1 assim, isto \u00e9, uma composi\u00e7\u00e3o de muitas coisas, que queremos, que sejam \u00fateis aos outros e nos fa\u00e7am felizes\u201d, afirma Padre Ezequiel. Recentemente gravou can\u00e7\u00f5es, com Rionegro e Solim\u00f5es a m\u00fasica VIVA O AMOR, com o cantor Milion\u00e1rio a m\u00fasica SANTA MARIA DO BRASIL, com Teodoro, da dupla Teodoro e Sampaio, gravou QUATRO CANTOS DA CASA e a \u00faltima com o Paran\u00e1, da dupla Chico Rei e Paran\u00e1, a m\u00fasica QUERO DEIXAR MINHAS MARCAS.<\/p>\n","protected":false},"excerpt":{"rendered":"<p>Padre Ezequiel Dal Pozzo foi ordenado h\u00e1 17 anos e pertence \u00e0 Diocese de Caxias do Sul\/RS. Trabalha com a comunica\u00e7\u00e3o, fala para mais de 600 r\u00e1dios diariamente, tem programas di\u00e1rios e semanais na TV Evangelizar e TV Pai Eterno, artigos em mais de 100 jornais e um alcance expressivo atrav\u00e9s das redes sociais. No [&hellip;]<\/p>\n","protected":false},"author":13,"featured_media":22633,"comment_status":"closed","ping_status":"open","sticky":false,"template":"","format":"standard","meta":{"_acf_changed":false,"_exactmetrics_skip_tracking":false,"_exactmetrics_sitenote_active":false,"_exactmetrics_sitenote_note":"","_exactmetrics_sitenote_category":0,"footnotes":""},"categories":[57],"tags":[],"class_list":["post-95925","post","type-post","status-publish","format-standard","has-post-thumbnail","hentry","category-fe"],"acf":[],"yoast_head":"<!-- This site is optimized with the Yoast SEO plugin v27.2 - https:\/\/yoast.com\/product\/yoast-seo-wordpress\/ -->\n<title>A palavra e a Can\u00e7\u00e3o transformando vidas - R\u00e1dio Life FM<\/title>\n<meta name=\"robots\" content=\"index, follow, max-snippet:-1, max-image-preview:large, max-video-preview:-1\" \/>\n<link rel=\"canonical\" href=\"https:\/\/radiolifefm.com.br\/noticias\/a-palavra-e-a-cancao-transformando-vidas\/\" \/>\n<meta property=\"og:locale\" content=\"pt_BR\" \/>\n<meta property=\"og:type\" content=\"article\" \/>\n<meta property=\"og:title\" content=\"A palavra e a Can\u00e7\u00e3o transformando vidas - R\u00e1dio Life FM\" \/>\n<meta property=\"og:description\" content=\"Padre Ezequiel Dal Pozzo foi ordenado h\u00e1 17 anos e pertence \u00e0 Diocese de Caxias do Sul\/RS. Trabalha com a comunica\u00e7\u00e3o, fala para mais de 600 r\u00e1dios diariamente, tem programas di\u00e1rios e semanais na TV Evangelizar e TV Pai Eterno, artigos em mais de 100 jornais e um alcance expressivo atrav\u00e9s das redes sociais. No [&hellip;]\" \/>\n<meta property=\"og:url\" content=\"https:\/\/radiolifefm.com.br\/noticias\/a-palavra-e-a-cancao-transformando-vidas\/\" \/>\n<meta property=\"og:site_name\" content=\"R\u00e1dio Life FM\" \/>\n<meta property=\"article:publisher\" content=\"https:\/\/www.facebook.com\/radiolifefm\/\" \/>\n<meta property=\"article:published_time\" content=\"2024-12-05T11:41:06+00:00\" \/>\n<meta property=\"article:modified_time\" content=\"2026-02-01T04:16:16+00:00\" \/>\n<meta property=\"og:image\" content=\"https:\/\/radiolifefm.com.br\/noticias\/wp-content\/uploads\/2020\/04\/Banner-Padre-Ezequiel.jpg\" \/>\n\t<meta property=\"og:image:width\" content=\"512\" \/>\n\t<meta property=\"og:image:height\" content=\"451\" \/>\n\t<meta property=\"og:image:type\" content=\"image\/jpeg\" \/>\n<meta name=\"author\" content=\"ritanery\" \/>\n<meta name=\"twitter:card\" content=\"summary_large_image\" \/>\n<meta name=\"twitter:label1\" content=\"Escrito por\" \/>\n\t<meta name=\"twitter:data1\" content=\"ritanery\" \/>\n\t<meta name=\"twitter:label2\" content=\"Est. tempo de leitura\" \/>\n\t<meta name=\"twitter:data2\" content=\"3 minutos\" \/>\n<script type=\"application\/ld+json\" class=\"yoast-schema-graph\">{\"@context\":\"https:\/\/schema.org\",\"@graph\":[{\"@type\":\"Article\",\"@id\":\"https:\/\/radiolifefm.com.br\/noticias\/a-palavra-e-a-cancao-transformando-vidas\/#article\",\"isPartOf\":{\"@id\":\"https:\/\/radiolifefm.com.br\/noticias\/a-palavra-e-a-cancao-transformando-vidas\/\"},\"author\":{\"name\":\"ritanery\",\"@id\":\"https:\/\/radiolifefm.com.br\/noticias\/#\/schema\/person\/6339b9fac59d12b071dec680d7375d87\"},\"headline\":\"A palavra e a Can\u00e7\u00e3o transformando vidas\",\"datePublished\":\"2024-12-05T11:41:06+00:00\",\"dateModified\":\"2026-02-01T04:16:16+00:00\",\"mainEntityOfPage\":{\"@id\":\"https:\/\/radiolifefm.com.br\/noticias\/a-palavra-e-a-cancao-transformando-vidas\/\"},\"wordCount\":437,\"publisher\":{\"@id\":\"https:\/\/radiolifefm.com.br\/noticias\/#organization\"},\"image\":{\"@id\":\"https:\/\/radiolifefm.com.br\/noticias\/a-palavra-e-a-cancao-transformando-vidas\/#primaryimage\"},\"thumbnailUrl\":\"https:\/\/radiolifefm.com.br\/noticias\/wp-content\/uploads\/2020\/04\/Banner-Padre-Ezequiel.jpg\",\"articleSection\":[\"F\u00e9\"],\"inLanguage\":\"pt-BR\"},{\"@type\":\"WebPage\",\"@id\":\"https:\/\/radiolifefm.com.br\/noticias\/a-palavra-e-a-cancao-transformando-vidas\/\",\"url\":\"https:\/\/radiolifefm.com.br\/noticias\/a-palavra-e-a-cancao-transformando-vidas\/\",\"name\":\"A palavra e a Can\u00e7\u00e3o transformando vidas - R\u00e1dio Life FM\",\"isPartOf\":{\"@id\":\"https:\/\/radiolifefm.com.br\/noticias\/#website\"},\"primaryImageOfPage\":{\"@id\":\"https:\/\/radiolifefm.com.br\/noticias\/a-palavra-e-a-cancao-transformando-vidas\/#primaryimage\"},\"image\":{\"@id\":\"https:\/\/radiolifefm.com.br\/noticias\/a-palavra-e-a-cancao-transformando-vidas\/#primaryimage\"},\"thumbnailUrl\":\"https:\/\/radiolifefm.com.br\/noticias\/wp-content\/uploads\/2020\/04\/Banner-Padre-Ezequiel.jpg\",\"datePublished\":\"2024-12-05T11:41:06+00:00\",\"dateModified\":\"2026-02-01T04:16:16+00:00\",\"breadcrumb\":{\"@id\":\"https:\/\/radiolifefm.com.br\/noticias\/a-palavra-e-a-cancao-transformando-vidas\/#breadcrumb\"},\"inLanguage\":\"pt-BR\",\"potentialAction\":[{\"@type\":\"ReadAction\",\"target\":[\"https:\/\/radiolifefm.com.br\/noticias\/a-palavra-e-a-cancao-transformando-vidas\/\"]}]},{\"@type\":\"ImageObject\",\"inLanguage\":\"pt-BR\",\"@id\":\"https:\/\/radiolifefm.com.br\/noticias\/a-palavra-e-a-cancao-transformando-vidas\/#primaryimage\",\"url\":\"https:\/\/radiolifefm.com.br\/noticias\/wp-content\/uploads\/2020\/04\/Banner-Padre-Ezequiel.jpg\",\"contentUrl\":\"https:\/\/radiolifefm.com.br\/noticias\/wp-content\/uploads\/2020\/04\/Banner-Padre-Ezequiel.jpg\",\"width\":512,\"height\":451},{\"@type\":\"BreadcrumbList\",\"@id\":\"https:\/\/radiolifefm.com.br\/noticias\/a-palavra-e-a-cancao-transformando-vidas\/#breadcrumb\",\"itemListElement\":[{\"@type\":\"ListItem\",\"position\":1,\"name\":\"In\u00edcio\",\"item\":\"https:\/\/radiolifefm.com.br\/noticias\/\"},{\"@type\":\"ListItem\",\"position\":2,\"name\":\"A palavra e a Can\u00e7\u00e3o transformando vidas\"}]},{\"@type\":\"WebSite\",\"@id\":\"https:\/\/radiolifefm.com.br\/noticias\/#website\",\"url\":\"https:\/\/radiolifefm.com.br\/noticias\/\",\"name\":\"R\u00e1dio Life FM\",\"description\":\"O Portal de Not\u00edcias de Adamantina\",\"publisher\":{\"@id\":\"https:\/\/radiolifefm.com.br\/noticias\/#organization\"},\"alternateName\":\"Life FM\",\"potentialAction\":[{\"@type\":\"SearchAction\",\"target\":{\"@type\":\"EntryPoint\",\"urlTemplate\":\"https:\/\/radiolifefm.com.br\/noticias\/?s={search_term_string}\"},\"query-input\":{\"@type\":\"PropertyValueSpecification\",\"valueRequired\":true,\"valueName\":\"search_term_string\"}}],\"inLanguage\":\"pt-BR\"},{\"@type\":\"Organization\",\"@id\":\"https:\/\/radiolifefm.com.br\/noticias\/#organization\",\"name\":\"R\u00e1dio Life FM\",\"alternateName\":\"Life FM\",\"url\":\"https:\/\/radiolifefm.com.br\/noticias\/\",\"logo\":{\"@type\":\"ImageObject\",\"inLanguage\":\"pt-BR\",\"@id\":\"https:\/\/radiolifefm.com.br\/noticias\/#\/schema\/logo\/image\/\",\"url\":\"https:\/\/static.radiolifefm.com.br\/noticias\/wp-content\/uploads\/2019\/10\/logo-lifefm.png\",\"contentUrl\":\"https:\/\/static.radiolifefm.com.br\/noticias\/wp-content\/uploads\/2019\/10\/logo-lifefm.png\",\"width\":196,\"height\":47,\"caption\":\"R\u00e1dio Life FM\"},\"image\":{\"@id\":\"https:\/\/radiolifefm.com.br\/noticias\/#\/schema\/logo\/image\/\"},\"sameAs\":[\"https:\/\/www.facebook.com\/radiolifefm\/\",\"https:\/\/www.instagram.com\/life1079fm\/\"]},{\"@type\":\"Person\",\"@id\":\"https:\/\/radiolifefm.com.br\/noticias\/#\/schema\/person\/6339b9fac59d12b071dec680d7375d87\",\"name\":\"ritanery\",\"image\":{\"@type\":\"ImageObject\",\"inLanguage\":\"pt-BR\",\"@id\":\"https:\/\/secure.gravatar.com\/avatar\/0e37bb19071f47c0b8a23f62a903df117c5a0e75f65a0c2901562f97cd41cf86?s=96&d=mm&r=g\",\"url\":\"https:\/\/secure.gravatar.com\/avatar\/0e37bb19071f47c0b8a23f62a903df117c5a0e75f65a0c2901562f97cd41cf86?s=96&d=mm&r=g\",\"contentUrl\":\"https:\/\/secure.gravatar.com\/avatar\/0e37bb19071f47c0b8a23f62a903df117c5a0e75f65a0c2901562f97cd41cf86?s=96&d=mm&r=g\",\"caption\":\"ritanery\"}}]}<\/script>\n<!-- \/ Yoast SEO plugin. -->","yoast_head_json":{"title":"A palavra e a Can\u00e7\u00e3o transformando vidas - R\u00e1dio Life FM","robots":{"index":"index","follow":"follow","max-snippet":"max-snippet:-1","max-image-preview":"max-image-preview:large","max-video-preview":"max-video-preview:-1"},"canonical":"https:\/\/radiolifefm.com.br\/noticias\/a-palavra-e-a-cancao-transformando-vidas\/","og_locale":"pt_BR","og_type":"article","og_title":"A palavra e a Can\u00e7\u00e3o transformando vidas - R\u00e1dio Life FM","og_description":"Padre Ezequiel Dal Pozzo foi ordenado h\u00e1 17 anos e pertence \u00e0 Diocese de Caxias do Sul\/RS. Trabalha com a comunica\u00e7\u00e3o, fala para mais de 600 r\u00e1dios diariamente, tem programas di\u00e1rios e semanais na TV Evangelizar e TV Pai Eterno, artigos em mais de 100 jornais e um alcance expressivo atrav\u00e9s das redes sociais. No [&hellip;]","og_url":"https:\/\/radiolifefm.com.br\/noticias\/a-palavra-e-a-cancao-transformando-vidas\/","og_site_name":"R\u00e1dio Life FM","article_publisher":"https:\/\/www.facebook.com\/radiolifefm\/","article_published_time":"2024-12-05T11:41:06+00:00","article_modified_time":"2026-02-01T04:16:16+00:00","og_image":[{"width":512,"height":451,"url":"https:\/\/radiolifefm.com.br\/noticias\/wp-content\/uploads\/2020\/04\/Banner-Padre-Ezequiel.jpg","type":"image\/jpeg"}],"author":"ritanery","twitter_card":"summary_large_image","twitter_misc":{"Escrito por":"ritanery","Est. tempo de leitura":"3 minutos"},"schema":{"@context":"https:\/\/schema.org","@graph":[{"@type":"Article","@id":"https:\/\/radiolifefm.com.br\/noticias\/a-palavra-e-a-cancao-transformando-vidas\/#article","isPartOf":{"@id":"https:\/\/radiolifefm.com.br\/noticias\/a-palavra-e-a-cancao-transformando-vidas\/"},"author":{"name":"ritanery","@id":"https:\/\/radiolifefm.com.br\/noticias\/#\/schema\/person\/6339b9fac59d12b071dec680d7375d87"},"headline":"A palavra e a Can\u00e7\u00e3o transformando vidas","datePublished":"2024-12-05T11:41:06+00:00","dateModified":"2026-02-01T04:16:16+00:00","mainEntityOfPage":{"@id":"https:\/\/radiolifefm.com.br\/noticias\/a-palavra-e-a-cancao-transformando-vidas\/"},"wordCount":437,"publisher":{"@id":"https:\/\/radiolifefm.com.br\/noticias\/#organization"},"image":{"@id":"https:\/\/radiolifefm.com.br\/noticias\/a-palavra-e-a-cancao-transformando-vidas\/#primaryimage"},"thumbnailUrl":"https:\/\/radiolifefm.com.br\/noticias\/wp-content\/uploads\/2020\/04\/Banner-Padre-Ezequiel.jpg","articleSection":["F\u00e9"],"inLanguage":"pt-BR"},{"@type":"WebPage","@id":"https:\/\/radiolifefm.com.br\/noticias\/a-palavra-e-a-cancao-transformando-vidas\/","url":"https:\/\/radiolifefm.com.br\/noticias\/a-palavra-e-a-cancao-transformando-vidas\/","name":"A palavra e a Can\u00e7\u00e3o transformando vidas - R\u00e1dio Life FM","isPartOf":{"@id":"https:\/\/radiolifefm.com.br\/noticias\/#website"},"primaryImageOfPage":{"@id":"https:\/\/radiolifefm.com.br\/noticias\/a-palavra-e-a-cancao-transformando-vidas\/#primaryimage"},"image":{"@id":"https:\/\/radiolifefm.com.br\/noticias\/a-palavra-e-a-cancao-transformando-vidas\/#primaryimage"},"thumbnailUrl":"https:\/\/radiolifefm.com.br\/noticias\/wp-content\/uploads\/2020\/04\/Banner-Padre-Ezequiel.jpg","datePublished":"2024-12-05T11:41:06+00:00","dateModified":"2026-02-01T04:16:16+00:00","breadcrumb":{"@id":"https:\/\/radiolifefm.com.br\/noticias\/a-palavra-e-a-cancao-transformando-vidas\/#breadcrumb"},"inLanguage":"pt-BR","potentialAction":[{"@type":"ReadAction","target":["https:\/\/radiolifefm.com.br\/noticias\/a-palavra-e-a-cancao-transformando-vidas\/"]}]},{"@type":"ImageObject","inLanguage":"pt-BR","@id":"https:\/\/radiolifefm.com.br\/noticias\/a-palavra-e-a-cancao-transformando-vidas\/#primaryimage","url":"https:\/\/radiolifefm.com.br\/noticias\/wp-content\/uploads\/2020\/04\/Banner-Padre-Ezequiel.jpg","contentUrl":"https:\/\/radiolifefm.com.br\/noticias\/wp-content\/uploads\/2020\/04\/Banner-Padre-Ezequiel.jpg","width":512,"height":451},{"@type":"BreadcrumbList","@id":"https:\/\/radiolifefm.com.br\/noticias\/a-palavra-e-a-cancao-transformando-vidas\/#breadcrumb","itemListElement":[{"@type":"ListItem","position":1,"name":"In\u00edcio","item":"https:\/\/radiolifefm.com.br\/noticias\/"},{"@type":"ListItem","position":2,"name":"A palavra e a Can\u00e7\u00e3o transformando vidas"}]},{"@type":"WebSite","@id":"https:\/\/radiolifefm.com.br\/noticias\/#website","url":"https:\/\/radiolifefm.com.br\/noticias\/","name":"R\u00e1dio Life FM","description":"O Portal de Not\u00edcias de Adamantina","publisher":{"@id":"https:\/\/radiolifefm.com.br\/noticias\/#organization"},"alternateName":"Life FM","potentialAction":[{"@type":"SearchAction","target":{"@type":"EntryPoint","urlTemplate":"https:\/\/radiolifefm.com.br\/noticias\/?s={search_term_string}"},"query-input":{"@type":"PropertyValueSpecification","valueRequired":true,"valueName":"search_term_string"}}],"inLanguage":"pt-BR"},{"@type":"Organization","@id":"https:\/\/radiolifefm.com.br\/noticias\/#organization","name":"R\u00e1dio Life FM","alternateName":"Life FM","url":"https:\/\/radiolifefm.com.br\/noticias\/","logo":{"@type":"ImageObject","inLanguage":"pt-BR","@id":"https:\/\/radiolifefm.com.br\/noticias\/#\/schema\/logo\/image\/","url":"https:\/\/static.radiolifefm.com.br\/noticias\/wp-content\/uploads\/2019\/10\/logo-lifefm.png","contentUrl":"https:\/\/static.radiolifefm.com.br\/noticias\/wp-content\/uploads\/2019\/10\/logo-lifefm.png","width":196,"height":47,"caption":"R\u00e1dio Life FM"},"image":{"@id":"https:\/\/radiolifefm.com.br\/noticias\/#\/schema\/logo\/image\/"},"sameAs":["https:\/\/www.facebook.com\/radiolifefm\/","https:\/\/www.instagram.com\/life1079fm\/"]},{"@type":"Person","@id":"https:\/\/radiolifefm.com.br\/noticias\/#\/schema\/person\/6339b9fac59d12b071dec680d7375d87","name":"ritanery","image":{"@type":"ImageObject","inLanguage":"pt-BR","@id":"https:\/\/secure.gravatar.com\/avatar\/0e37bb19071f47c0b8a23f62a903df117c5a0e75f65a0c2901562f97cd41cf86?s=96&d=mm&r=g","url":"https:\/\/secure.gravatar.com\/avatar\/0e37bb19071f47c0b8a23f62a903df117c5a0e75f65a0c2901562f97cd41cf86?s=96&d=mm&r=g","contentUrl":"https:\/\/secure.gravatar.com\/avatar\/0e37bb19071f47c0b8a23f62a903df117c5a0e75f65a0c2901562f97cd41cf86?s=96&d=mm&r=g","caption":"ritanery"}}]}},"amp_enabled":true,"_links":{"self":[{"href":"https:\/\/radiolifefm.com.br\/noticias\/wp-json\/wp\/v2\/posts\/95925","targetHints":{"allow":["GET"]}}],"collection":[{"href":"https:\/\/radiolifefm.com.br\/noticias\/wp-json\/wp\/v2\/posts"}],"about":[{"href":"https:\/\/radiolifefm.com.br\/noticias\/wp-json\/wp\/v2\/types\/post"}],"author":[{"embeddable":true,"href":"https:\/\/radiolifefm.com.br\/noticias\/wp-json\/wp\/v2\/users\/13"}],"replies":[{"embeddable":true,"href":"https:\/\/radiolifefm.com.br\/noticias\/wp-json\/wp\/v2\/comments?post=95925"}],"version-history":[{"count":1,"href":"https:\/\/radiolifefm.com.br\/noticias\/wp-json\/wp\/v2\/posts\/95925\/revisions"}],"predecessor-version":[{"id":95926,"href":"https:\/\/radiolifefm.com.br\/noticias\/wp-json\/wp\/v2\/posts\/95925\/revisions\/95926"}],"wp:featuredmedia":[{"embeddable":true,"href":"https:\/\/radiolifefm.com.br\/noticias\/wp-json\/wp\/v2\/media\/22633"}],"wp:attachment":[{"href":"https:\/\/radiolifefm.com.br\/noticias\/wp-json\/wp\/v2\/media?parent=95925"}],"wp:term":[{"taxonomy":"category","embeddable":true,"href":"https:\/\/radiolifefm.com.br\/noticias\/wp-json\/wp\/v2\/categories?post=95925"},{"taxonomy":"post_tag","embeddable":true,"href":"https:\/\/radiolifefm.com.br\/noticias\/wp-json\/wp\/v2\/tags?post=95925"}],"curies":[{"name":"wp","href":"https:\/\/api.w.org\/{rel}","templated":true}]}}