{"id":95843,"date":"2024-12-02T15:09:08","date_gmt":"2024-12-02T18:09:08","guid":{"rendered":"https:\/\/radiolifefm.com.br\/noticias\/?p=95843"},"modified":"2026-04-28T12:29:27","modified_gmt":"2026-04-28T15:29:27","slug":"veterinario-fernando-manicardi-compartilha-experiencias-no-prosa-do-campo","status":"publish","type":"post","link":"https:\/\/radiolifefm.com.br\/noticias\/veterinario-fernando-manicardi-compartilha-experiencias-no-prosa-do-campo\/","title":{"rendered":"Veterin\u00e1rio Fernando Manicardi Compartilha Experi\u00eancias no Prosa do Campo"},"content":{"rendered":"<div id=\"fb-root\"><\/div>\n<p>Na \u00faltima ter\u00e7a-feira, 26 de novembro, o programa Prosa do Campo, apresentado por Cristiano do Mor\u00e3o na Life FM, contou com a participa\u00e7\u00e3o especial do m\u00e9dico veterin\u00e1rio Fernando Manicardi. Durante a entrevista, Manicardi compartilhou hist\u00f3rias de sua forma\u00e7\u00e3o e destacou sua experi\u00eancia com a apresenta\u00e7\u00e3o bovina.<img loading=\"lazy\" decoding=\"async\" class=\"aligncenter size-medium wp-image-95845\" src=\"https:\/\/static.radiolifefm.com.br\/noticias\/wp-content\/uploads\/2024\/12\/Marca-dagua-PROSA-DO-CAMPO-1-300x300.jpg\" alt=\"\" width=\"300\" height=\"300\" srcset=\"https:\/\/radiolifefm.com.br\/noticias\/wp-content\/uploads\/2024\/12\/Marca-dagua-PROSA-DO-CAMPO-1-300x300.jpg 300w, https:\/\/radiolifefm.com.br\/noticias\/wp-content\/uploads\/2024\/12\/Marca-dagua-PROSA-DO-CAMPO-1-1024x1024.jpg 1024w, https:\/\/radiolifefm.com.br\/noticias\/wp-content\/uploads\/2024\/12\/Marca-dagua-PROSA-DO-CAMPO-1-150x150.jpg 150w, https:\/\/radiolifefm.com.br\/noticias\/wp-content\/uploads\/2024\/12\/Marca-dagua-PROSA-DO-CAMPO-1-768x768.jpg 768w, https:\/\/radiolifefm.com.br\/noticias\/wp-content\/uploads\/2024\/12\/Marca-dagua-PROSA-DO-CAMPO-1-200x200.jpg 200w, https:\/\/radiolifefm.com.br\/noticias\/wp-content\/uploads\/2024\/12\/Marca-dagua-PROSA-DO-CAMPO-1-250x250.jpg 250w, https:\/\/radiolifefm.com.br\/noticias\/wp-content\/uploads\/2024\/12\/Marca-dagua-PROSA-DO-CAMPO-1-500x500.jpg 500w, https:\/\/radiolifefm.com.br\/noticias\/wp-content\/uploads\/2024\/12\/Marca-dagua-PROSA-DO-CAMPO-1-700x700.jpg 700w, https:\/\/radiolifefm.com.br\/noticias\/wp-content\/uploads\/2024\/12\/Marca-dagua-PROSA-DO-CAMPO-1.jpg 1080w\" sizes=\"auto, (max-width: 300px) 100vw, 300px\" \/><\/p>\n<p>Formado pela UNESP de Ara\u00e7atuba em 1996, Fernando Manicardi iniciou sua carreira em uma fazenda no estado do Mato Grosso. Apesar de vir de uma fam\u00edlia ligada ao ramo empresarial, com sua m\u00e3e professora e seu pai banc\u00e1rio, ele sempre manteve firme o sonho de se tornar veterin\u00e1rio, desde crian\u00e7a. Hoje, com 12 anos de atua\u00e7\u00e3o em Adamantina, ele possui uma propriedade rural no bairro do Mour\u00e3o.<img loading=\"lazy\" decoding=\"async\" class=\"aligncenter size-medium wp-image-95844\" src=\"https:\/\/static.radiolifefm.com.br\/noticias\/wp-content\/uploads\/2024\/12\/Marca-dagua-PROSA-DO-CAMPO-300x300.jpg\" alt=\"\" width=\"300\" height=\"300\" srcset=\"https:\/\/radiolifefm.com.br\/noticias\/wp-content\/uploads\/2024\/12\/Marca-dagua-PROSA-DO-CAMPO-300x300.jpg 300w, https:\/\/radiolifefm.com.br\/noticias\/wp-content\/uploads\/2024\/12\/Marca-dagua-PROSA-DO-CAMPO-1024x1024.jpg 1024w, https:\/\/radiolifefm.com.br\/noticias\/wp-content\/uploads\/2024\/12\/Marca-dagua-PROSA-DO-CAMPO-150x150.jpg 150w, https:\/\/radiolifefm.com.br\/noticias\/wp-content\/uploads\/2024\/12\/Marca-dagua-PROSA-DO-CAMPO-768x768.jpg 768w, https:\/\/radiolifefm.com.br\/noticias\/wp-content\/uploads\/2024\/12\/Marca-dagua-PROSA-DO-CAMPO-200x200.jpg 200w, https:\/\/radiolifefm.com.br\/noticias\/wp-content\/uploads\/2024\/12\/Marca-dagua-PROSA-DO-CAMPO-250x250.jpg 250w, https:\/\/radiolifefm.com.br\/noticias\/wp-content\/uploads\/2024\/12\/Marca-dagua-PROSA-DO-CAMPO-500x500.jpg 500w, https:\/\/radiolifefm.com.br\/noticias\/wp-content\/uploads\/2024\/12\/Marca-dagua-PROSA-DO-CAMPO-700x700.jpg 700w, https:\/\/radiolifefm.com.br\/noticias\/wp-content\/uploads\/2024\/12\/Marca-dagua-PROSA-DO-CAMPO.jpg 1080w\" sizes=\"auto, (max-width: 300px) 100vw, 300px\" \/><\/p>\n<p>T\u00f3picos do Programa:<\/p>\n<p>Trabalhos realizados<br \/>\nLocalidades atendidas<br \/>\nDesafios enfrentados<br \/>\nPara saber mais sobre a trajet\u00f3ria e as experi\u00eancias de Fernando Manicardi, acesse o link abaixo.<\/p>\n<p><a href=\"https:\/\/www.youtube.com\/watch?v=OTzujIojNwU\">https:\/\/www.youtube.com\/watch?v=OTzujIojNwU<\/a><\/p>\n","protected":false},"excerpt":{"rendered":"<p>Na \u00faltima ter\u00e7a-feira, 26 de novembro, o programa Prosa do Campo, apresentado por Cristiano do Mor\u00e3o na Life FM, contou com a participa\u00e7\u00e3o especial do m\u00e9dico veterin\u00e1rio Fernando Manicardi. Durante a entrevista, Manicardi compartilhou hist\u00f3rias de sua forma\u00e7\u00e3o e destacou sua experi\u00eancia com a apresenta\u00e7\u00e3o bovina. Formado pela UNESP de Ara\u00e7atuba em 1996, Fernando Manicardi [&hellip;]<\/p>\n","protected":false},"author":8,"featured_media":95846,"comment_status":"closed","ping_status":"open","sticky":false,"template":"","format":"standard","meta":{"_acf_changed":false,"_exactmetrics_skip_tracking":false,"_exactmetrics_sitenote_active":false,"_exactmetrics_sitenote_note":"","_exactmetrics_sitenote_category":0,"footnotes":""},"categories":[191],"tags":[],"class_list":["post-95843","post","type-post","status-publish","format-standard","has-post-thumbnail","hentry","category-prosa-do-campo"],"acf":[],"yoast_head":"<!-- This site is optimized with the Yoast SEO plugin v27.2 - https:\/\/yoast.com\/product\/yoast-seo-wordpress\/ -->\n<title>Veterin\u00e1rio Fernando Manicardi Compartilha Experi\u00eancias no Prosa do Campo - R\u00e1dio Life FM<\/title>\n<meta name=\"robots\" content=\"index, follow, max-snippet:-1, max-image-preview:large, max-video-preview:-1\" \/>\n<link rel=\"canonical\" href=\"https:\/\/radiolifefm.com.br\/noticias\/veterinario-fernando-manicardi-compartilha-experiencias-no-prosa-do-campo\/\" \/>\n<meta property=\"og:locale\" content=\"pt_BR\" \/>\n<meta property=\"og:type\" content=\"article\" \/>\n<meta property=\"og:title\" content=\"Veterin\u00e1rio Fernando Manicardi Compartilha Experi\u00eancias no Prosa do Campo - R\u00e1dio Life FM\" \/>\n<meta property=\"og:description\" content=\"Na \u00faltima ter\u00e7a-feira, 26 de novembro, o programa Prosa do Campo, apresentado por Cristiano do Mor\u00e3o na Life FM, contou com a participa\u00e7\u00e3o especial do m\u00e9dico veterin\u00e1rio Fernando Manicardi. Durante a entrevista, Manicardi compartilhou hist\u00f3rias de sua forma\u00e7\u00e3o e destacou sua experi\u00eancia com a apresenta\u00e7\u00e3o bovina. Formado pela UNESP de Ara\u00e7atuba em 1996, Fernando Manicardi [&hellip;]\" \/>\n<meta property=\"og:url\" content=\"https:\/\/radiolifefm.com.br\/noticias\/veterinario-fernando-manicardi-compartilha-experiencias-no-prosa-do-campo\/\" \/>\n<meta property=\"og:site_name\" content=\"R\u00e1dio Life FM\" \/>\n<meta property=\"article:publisher\" content=\"https:\/\/www.facebook.com\/radiolifefm\/\" \/>\n<meta property=\"article:published_time\" content=\"2024-12-02T18:09:08+00:00\" \/>\n<meta property=\"article:modified_time\" content=\"2026-04-28T15:29:27+00:00\" \/>\n<meta property=\"og:image\" content=\"https:\/\/radiolifefm.com.br\/noticias\/wp-content\/uploads\/2024\/12\/WhatsApp-Image-2024-12-02-at-15.02.52.jpeg\" \/>\n\t<meta property=\"og:image:width\" content=\"1600\" \/>\n\t<meta property=\"og:image:height\" content=\"1200\" \/>\n\t<meta property=\"og:image:type\" content=\"image\/jpeg\" \/>\n<meta name=\"author\" content=\"joaograndao\" \/>\n<meta name=\"twitter:card\" content=\"summary_large_image\" \/>\n<meta name=\"twitter:label1\" content=\"Escrito por\" \/>\n\t<meta name=\"twitter:data1\" content=\"joaograndao\" \/>\n\t<meta name=\"twitter:label2\" content=\"Est. tempo de leitura\" \/>\n\t<meta name=\"twitter:data2\" content=\"2 minutos\" \/>\n<script type=\"application\/ld+json\" class=\"yoast-schema-graph\">{\"@context\":\"https:\/\/schema.org\",\"@graph\":[{\"@type\":\"Article\",\"@id\":\"https:\/\/radiolifefm.com.br\/noticias\/veterinario-fernando-manicardi-compartilha-experiencias-no-prosa-do-campo\/#article\",\"isPartOf\":{\"@id\":\"https:\/\/radiolifefm.com.br\/noticias\/veterinario-fernando-manicardi-compartilha-experiencias-no-prosa-do-campo\/\"},\"author\":{\"name\":\"joaograndao\",\"@id\":\"https:\/\/radiolifefm.com.br\/noticias\/#\/schema\/person\/6876e1240feffe6e1b63fd5cb85abf28\"},\"headline\":\"Veterin\u00e1rio Fernando Manicardi Compartilha Experi\u00eancias no Prosa do Campo\",\"datePublished\":\"2024-12-02T18:09:08+00:00\",\"dateModified\":\"2026-04-28T15:29:27+00:00\",\"mainEntityOfPage\":{\"@id\":\"https:\/\/radiolifefm.com.br\/noticias\/veterinario-fernando-manicardi-compartilha-experiencias-no-prosa-do-campo\/\"},\"wordCount\":173,\"publisher\":{\"@id\":\"https:\/\/radiolifefm.com.br\/noticias\/#organization\"},\"image\":{\"@id\":\"https:\/\/radiolifefm.com.br\/noticias\/veterinario-fernando-manicardi-compartilha-experiencias-no-prosa-do-campo\/#primaryimage\"},\"thumbnailUrl\":\"https:\/\/radiolifefm.com.br\/noticias\/wp-content\/uploads\/2024\/12\/WhatsApp-Image-2024-12-02-at-15.02.52.jpeg\",\"articleSection\":[\"Prosa do Campo\"],\"inLanguage\":\"pt-BR\"},{\"@type\":\"WebPage\",\"@id\":\"https:\/\/radiolifefm.com.br\/noticias\/veterinario-fernando-manicardi-compartilha-experiencias-no-prosa-do-campo\/\",\"url\":\"https:\/\/radiolifefm.com.br\/noticias\/veterinario-fernando-manicardi-compartilha-experiencias-no-prosa-do-campo\/\",\"name\":\"Veterin\u00e1rio Fernando Manicardi Compartilha Experi\u00eancias no Prosa do Campo - R\u00e1dio Life FM\",\"isPartOf\":{\"@id\":\"https:\/\/radiolifefm.com.br\/noticias\/#website\"},\"primaryImageOfPage\":{\"@id\":\"https:\/\/radiolifefm.com.br\/noticias\/veterinario-fernando-manicardi-compartilha-experiencias-no-prosa-do-campo\/#primaryimage\"},\"image\":{\"@id\":\"https:\/\/radiolifefm.com.br\/noticias\/veterinario-fernando-manicardi-compartilha-experiencias-no-prosa-do-campo\/#primaryimage\"},\"thumbnailUrl\":\"https:\/\/radiolifefm.com.br\/noticias\/wp-content\/uploads\/2024\/12\/WhatsApp-Image-2024-12-02-at-15.02.52.jpeg\",\"datePublished\":\"2024-12-02T18:09:08+00:00\",\"dateModified\":\"2026-04-28T15:29:27+00:00\",\"breadcrumb\":{\"@id\":\"https:\/\/radiolifefm.com.br\/noticias\/veterinario-fernando-manicardi-compartilha-experiencias-no-prosa-do-campo\/#breadcrumb\"},\"inLanguage\":\"pt-BR\",\"potentialAction\":[{\"@type\":\"ReadAction\",\"target\":[\"https:\/\/radiolifefm.com.br\/noticias\/veterinario-fernando-manicardi-compartilha-experiencias-no-prosa-do-campo\/\"]}]},{\"@type\":\"ImageObject\",\"inLanguage\":\"pt-BR\",\"@id\":\"https:\/\/radiolifefm.com.br\/noticias\/veterinario-fernando-manicardi-compartilha-experiencias-no-prosa-do-campo\/#primaryimage\",\"url\":\"https:\/\/radiolifefm.com.br\/noticias\/wp-content\/uploads\/2024\/12\/WhatsApp-Image-2024-12-02-at-15.02.52.jpeg\",\"contentUrl\":\"https:\/\/radiolifefm.com.br\/noticias\/wp-content\/uploads\/2024\/12\/WhatsApp-Image-2024-12-02-at-15.02.52.jpeg\",\"width\":1600,\"height\":1200},{\"@type\":\"BreadcrumbList\",\"@id\":\"https:\/\/radiolifefm.com.br\/noticias\/veterinario-fernando-manicardi-compartilha-experiencias-no-prosa-do-campo\/#breadcrumb\",\"itemListElement\":[{\"@type\":\"ListItem\",\"position\":1,\"name\":\"In\u00edcio\",\"item\":\"https:\/\/radiolifefm.com.br\/noticias\/\"},{\"@type\":\"ListItem\",\"position\":2,\"name\":\"Veterin\u00e1rio Fernando Manicardi Compartilha Experi\u00eancias no Prosa do Campo\"}]},{\"@type\":\"WebSite\",\"@id\":\"https:\/\/radiolifefm.com.br\/noticias\/#website\",\"url\":\"https:\/\/radiolifefm.com.br\/noticias\/\",\"name\":\"R\u00e1dio Life FM\",\"description\":\"O Portal de Not\u00edcias de Adamantina\",\"publisher\":{\"@id\":\"https:\/\/radiolifefm.com.br\/noticias\/#organization\"},\"alternateName\":\"Life FM\",\"potentialAction\":[{\"@type\":\"SearchAction\",\"target\":{\"@type\":\"EntryPoint\",\"urlTemplate\":\"https:\/\/radiolifefm.com.br\/noticias\/?s={search_term_string}\"},\"query-input\":{\"@type\":\"PropertyValueSpecification\",\"valueRequired\":true,\"valueName\":\"search_term_string\"}}],\"inLanguage\":\"pt-BR\"},{\"@type\":\"Organization\",\"@id\":\"https:\/\/radiolifefm.com.br\/noticias\/#organization\",\"name\":\"R\u00e1dio Life FM\",\"alternateName\":\"Life FM\",\"url\":\"https:\/\/radiolifefm.com.br\/noticias\/\",\"logo\":{\"@type\":\"ImageObject\",\"inLanguage\":\"pt-BR\",\"@id\":\"https:\/\/radiolifefm.com.br\/noticias\/#\/schema\/logo\/image\/\",\"url\":\"https:\/\/static.radiolifefm.com.br\/noticias\/wp-content\/uploads\/2019\/10\/logo-lifefm.png\",\"contentUrl\":\"https:\/\/static.radiolifefm.com.br\/noticias\/wp-content\/uploads\/2019\/10\/logo-lifefm.png\",\"width\":196,\"height\":47,\"caption\":\"R\u00e1dio Life FM\"},\"image\":{\"@id\":\"https:\/\/radiolifefm.com.br\/noticias\/#\/schema\/logo\/image\/\"},\"sameAs\":[\"https:\/\/www.facebook.com\/radiolifefm\/\",\"https:\/\/www.instagram.com\/life1079fm\/\"]},{\"@type\":\"Person\",\"@id\":\"https:\/\/radiolifefm.com.br\/noticias\/#\/schema\/person\/6876e1240feffe6e1b63fd5cb85abf28\",\"name\":\"joaograndao\",\"image\":{\"@type\":\"ImageObject\",\"inLanguage\":\"pt-BR\",\"@id\":\"https:\/\/secure.gravatar.com\/avatar\/d5b1a3cf357ed9c50404e256a1294083aa8ab5d2a994001567302786016cb32c?s=96&d=mm&r=g\",\"url\":\"https:\/\/secure.gravatar.com\/avatar\/d5b1a3cf357ed9c50404e256a1294083aa8ab5d2a994001567302786016cb32c?s=96&d=mm&r=g\",\"contentUrl\":\"https:\/\/secure.gravatar.com\/avatar\/d5b1a3cf357ed9c50404e256a1294083aa8ab5d2a994001567302786016cb32c?s=96&d=mm&r=g\",\"caption\":\"joaograndao\"}}]}<\/script>\n<!-- \/ Yoast SEO plugin. -->","yoast_head_json":{"title":"Veterin\u00e1rio Fernando Manicardi Compartilha Experi\u00eancias no Prosa do Campo - R\u00e1dio Life FM","robots":{"index":"index","follow":"follow","max-snippet":"max-snippet:-1","max-image-preview":"max-image-preview:large","max-video-preview":"max-video-preview:-1"},"canonical":"https:\/\/radiolifefm.com.br\/noticias\/veterinario-fernando-manicardi-compartilha-experiencias-no-prosa-do-campo\/","og_locale":"pt_BR","og_type":"article","og_title":"Veterin\u00e1rio Fernando Manicardi Compartilha Experi\u00eancias no Prosa do Campo - R\u00e1dio Life FM","og_description":"Na \u00faltima ter\u00e7a-feira, 26 de novembro, o programa Prosa do Campo, apresentado por Cristiano do Mor\u00e3o na Life FM, contou com a participa\u00e7\u00e3o especial do m\u00e9dico veterin\u00e1rio Fernando Manicardi. Durante a entrevista, Manicardi compartilhou hist\u00f3rias de sua forma\u00e7\u00e3o e destacou sua experi\u00eancia com a apresenta\u00e7\u00e3o bovina. Formado pela UNESP de Ara\u00e7atuba em 1996, Fernando Manicardi [&hellip;]","og_url":"https:\/\/radiolifefm.com.br\/noticias\/veterinario-fernando-manicardi-compartilha-experiencias-no-prosa-do-campo\/","og_site_name":"R\u00e1dio Life FM","article_publisher":"https:\/\/www.facebook.com\/radiolifefm\/","article_published_time":"2024-12-02T18:09:08+00:00","article_modified_time":"2026-04-28T15:29:27+00:00","og_image":[{"width":1600,"height":1200,"url":"https:\/\/radiolifefm.com.br\/noticias\/wp-content\/uploads\/2024\/12\/WhatsApp-Image-2024-12-02-at-15.02.52.jpeg","type":"image\/jpeg"}],"author":"joaograndao","twitter_card":"summary_large_image","twitter_misc":{"Escrito por":"joaograndao","Est. tempo de leitura":"2 minutos"},"schema":{"@context":"https:\/\/schema.org","@graph":[{"@type":"Article","@id":"https:\/\/radiolifefm.com.br\/noticias\/veterinario-fernando-manicardi-compartilha-experiencias-no-prosa-do-campo\/#article","isPartOf":{"@id":"https:\/\/radiolifefm.com.br\/noticias\/veterinario-fernando-manicardi-compartilha-experiencias-no-prosa-do-campo\/"},"author":{"name":"joaograndao","@id":"https:\/\/radiolifefm.com.br\/noticias\/#\/schema\/person\/6876e1240feffe6e1b63fd5cb85abf28"},"headline":"Veterin\u00e1rio Fernando Manicardi Compartilha Experi\u00eancias no Prosa do Campo","datePublished":"2024-12-02T18:09:08+00:00","dateModified":"2026-04-28T15:29:27+00:00","mainEntityOfPage":{"@id":"https:\/\/radiolifefm.com.br\/noticias\/veterinario-fernando-manicardi-compartilha-experiencias-no-prosa-do-campo\/"},"wordCount":173,"publisher":{"@id":"https:\/\/radiolifefm.com.br\/noticias\/#organization"},"image":{"@id":"https:\/\/radiolifefm.com.br\/noticias\/veterinario-fernando-manicardi-compartilha-experiencias-no-prosa-do-campo\/#primaryimage"},"thumbnailUrl":"https:\/\/radiolifefm.com.br\/noticias\/wp-content\/uploads\/2024\/12\/WhatsApp-Image-2024-12-02-at-15.02.52.jpeg","articleSection":["Prosa do Campo"],"inLanguage":"pt-BR"},{"@type":"WebPage","@id":"https:\/\/radiolifefm.com.br\/noticias\/veterinario-fernando-manicardi-compartilha-experiencias-no-prosa-do-campo\/","url":"https:\/\/radiolifefm.com.br\/noticias\/veterinario-fernando-manicardi-compartilha-experiencias-no-prosa-do-campo\/","name":"Veterin\u00e1rio Fernando Manicardi Compartilha Experi\u00eancias no Prosa do Campo - R\u00e1dio Life FM","isPartOf":{"@id":"https:\/\/radiolifefm.com.br\/noticias\/#website"},"primaryImageOfPage":{"@id":"https:\/\/radiolifefm.com.br\/noticias\/veterinario-fernando-manicardi-compartilha-experiencias-no-prosa-do-campo\/#primaryimage"},"image":{"@id":"https:\/\/radiolifefm.com.br\/noticias\/veterinario-fernando-manicardi-compartilha-experiencias-no-prosa-do-campo\/#primaryimage"},"thumbnailUrl":"https:\/\/radiolifefm.com.br\/noticias\/wp-content\/uploads\/2024\/12\/WhatsApp-Image-2024-12-02-at-15.02.52.jpeg","datePublished":"2024-12-02T18:09:08+00:00","dateModified":"2026-04-28T15:29:27+00:00","breadcrumb":{"@id":"https:\/\/radiolifefm.com.br\/noticias\/veterinario-fernando-manicardi-compartilha-experiencias-no-prosa-do-campo\/#breadcrumb"},"inLanguage":"pt-BR","potentialAction":[{"@type":"ReadAction","target":["https:\/\/radiolifefm.com.br\/noticias\/veterinario-fernando-manicardi-compartilha-experiencias-no-prosa-do-campo\/"]}]},{"@type":"ImageObject","inLanguage":"pt-BR","@id":"https:\/\/radiolifefm.com.br\/noticias\/veterinario-fernando-manicardi-compartilha-experiencias-no-prosa-do-campo\/#primaryimage","url":"https:\/\/radiolifefm.com.br\/noticias\/wp-content\/uploads\/2024\/12\/WhatsApp-Image-2024-12-02-at-15.02.52.jpeg","contentUrl":"https:\/\/radiolifefm.com.br\/noticias\/wp-content\/uploads\/2024\/12\/WhatsApp-Image-2024-12-02-at-15.02.52.jpeg","width":1600,"height":1200},{"@type":"BreadcrumbList","@id":"https:\/\/radiolifefm.com.br\/noticias\/veterinario-fernando-manicardi-compartilha-experiencias-no-prosa-do-campo\/#breadcrumb","itemListElement":[{"@type":"ListItem","position":1,"name":"In\u00edcio","item":"https:\/\/radiolifefm.com.br\/noticias\/"},{"@type":"ListItem","position":2,"name":"Veterin\u00e1rio Fernando Manicardi Compartilha Experi\u00eancias no Prosa do Campo"}]},{"@type":"WebSite","@id":"https:\/\/radiolifefm.com.br\/noticias\/#website","url":"https:\/\/radiolifefm.com.br\/noticias\/","name":"R\u00e1dio Life FM","description":"O Portal de Not\u00edcias de Adamantina","publisher":{"@id":"https:\/\/radiolifefm.com.br\/noticias\/#organization"},"alternateName":"Life FM","potentialAction":[{"@type":"SearchAction","target":{"@type":"EntryPoint","urlTemplate":"https:\/\/radiolifefm.com.br\/noticias\/?s={search_term_string}"},"query-input":{"@type":"PropertyValueSpecification","valueRequired":true,"valueName":"search_term_string"}}],"inLanguage":"pt-BR"},{"@type":"Organization","@id":"https:\/\/radiolifefm.com.br\/noticias\/#organization","name":"R\u00e1dio Life FM","alternateName":"Life FM","url":"https:\/\/radiolifefm.com.br\/noticias\/","logo":{"@type":"ImageObject","inLanguage":"pt-BR","@id":"https:\/\/radiolifefm.com.br\/noticias\/#\/schema\/logo\/image\/","url":"https:\/\/static.radiolifefm.com.br\/noticias\/wp-content\/uploads\/2019\/10\/logo-lifefm.png","contentUrl":"https:\/\/static.radiolifefm.com.br\/noticias\/wp-content\/uploads\/2019\/10\/logo-lifefm.png","width":196,"height":47,"caption":"R\u00e1dio Life FM"},"image":{"@id":"https:\/\/radiolifefm.com.br\/noticias\/#\/schema\/logo\/image\/"},"sameAs":["https:\/\/www.facebook.com\/radiolifefm\/","https:\/\/www.instagram.com\/life1079fm\/"]},{"@type":"Person","@id":"https:\/\/radiolifefm.com.br\/noticias\/#\/schema\/person\/6876e1240feffe6e1b63fd5cb85abf28","name":"joaograndao","image":{"@type":"ImageObject","inLanguage":"pt-BR","@id":"https:\/\/secure.gravatar.com\/avatar\/d5b1a3cf357ed9c50404e256a1294083aa8ab5d2a994001567302786016cb32c?s=96&d=mm&r=g","url":"https:\/\/secure.gravatar.com\/avatar\/d5b1a3cf357ed9c50404e256a1294083aa8ab5d2a994001567302786016cb32c?s=96&d=mm&r=g","contentUrl":"https:\/\/secure.gravatar.com\/avatar\/d5b1a3cf357ed9c50404e256a1294083aa8ab5d2a994001567302786016cb32c?s=96&d=mm&r=g","caption":"joaograndao"}}]}},"amp_enabled":true,"_links":{"self":[{"href":"https:\/\/radiolifefm.com.br\/noticias\/wp-json\/wp\/v2\/posts\/95843","targetHints":{"allow":["GET"]}}],"collection":[{"href":"https:\/\/radiolifefm.com.br\/noticias\/wp-json\/wp\/v2\/posts"}],"about":[{"href":"https:\/\/radiolifefm.com.br\/noticias\/wp-json\/wp\/v2\/types\/post"}],"author":[{"embeddable":true,"href":"https:\/\/radiolifefm.com.br\/noticias\/wp-json\/wp\/v2\/users\/8"}],"replies":[{"embeddable":true,"href":"https:\/\/radiolifefm.com.br\/noticias\/wp-json\/wp\/v2\/comments?post=95843"}],"version-history":[{"count":1,"href":"https:\/\/radiolifefm.com.br\/noticias\/wp-json\/wp\/v2\/posts\/95843\/revisions"}],"predecessor-version":[{"id":95847,"href":"https:\/\/radiolifefm.com.br\/noticias\/wp-json\/wp\/v2\/posts\/95843\/revisions\/95847"}],"wp:featuredmedia":[{"embeddable":true,"href":"https:\/\/radiolifefm.com.br\/noticias\/wp-json\/wp\/v2\/media\/95846"}],"wp:attachment":[{"href":"https:\/\/radiolifefm.com.br\/noticias\/wp-json\/wp\/v2\/media?parent=95843"}],"wp:term":[{"taxonomy":"category","embeddable":true,"href":"https:\/\/radiolifefm.com.br\/noticias\/wp-json\/wp\/v2\/categories?post=95843"},{"taxonomy":"post_tag","embeddable":true,"href":"https:\/\/radiolifefm.com.br\/noticias\/wp-json\/wp\/v2\/tags?post=95843"}],"curies":[{"name":"wp","href":"https:\/\/api.w.org\/{rel}","templated":true}]}}