{"id":95811,"date":"2024-11-29T08:52:32","date_gmt":"2024-11-29T11:52:32","guid":{"rendered":"https:\/\/radiolifefm.com.br\/noticias\/?p=95811"},"modified":"2026-04-20T00:09:59","modified_gmt":"2026-04-20T03:09:59","slug":"iub-pioneiro-do-ead","status":"publish","type":"post","link":"https:\/\/radiolifefm.com.br\/noticias\/iub-pioneiro-do-ead\/","title":{"rendered":"IUB: Pioneiro do EAD!"},"content":{"rendered":"<div id=\"fb-root\"><\/div>\n<p><em>&#8220;Ilumine o seu futuro profissional!!!&#8221; (Guia de Profiss\u00f5es, Ano 21, 4a. Edi\u00e7\u00e3o &#8211; Maio de 2013)<\/em><\/p>\n<p><strong><em>Ao meu pai, Sebasti\u00e3o Francisco Barbosa (in memoriam), dedico!<\/em><\/strong><\/p>\n<p><strong><em>By seb@r.<\/em><\/strong><\/p>\n<p>N\u00e3o posso atestar historicamente o in\u00edcio das atividades do IUB-Instituto Universal Brasileiro, pois, a institui\u00e7\u00e3o desenvolvia atividades educacionais via &#8220;correio&#8221; com op\u00e7\u00e3o de diversos cursos t\u00e9cnicos para os\/as interessados\/as em geral&#8230;<\/p>\n<p>Tamb\u00e9m, meu saudoso pai, &#8220;Basti\u00e3o Barbosa&#8221;, se n\u00e3o me engano, na d\u00e9cada de 60, cursou &#8220;T\u00e9cnico em R\u00e1dio&#8221; por meio deste processo de Ensino a Dist\u00e2ncia e nas horas vagas\/descanso de &#8220;ferrovi\u00e1rio&#8221; nas extintas RVPSC-Rede de Via\u00e7\u00e3o Paran\u00e1 &#8211; Santa Catarina, depois, RFFSA-Rede Ferrovi\u00e1ria Federal S\/A&#8230;<\/p>\n<p>Desta forma, como centenas de outras pessoas, tornaram-se t\u00e9cnicos em atividades diversas com o Diploma outorgado pelo IUB, portanto, &#8220;A C\u00e9sar o que \u00e9 de C\u00e9sar&#8221;, o Instituto era uma refer\u00eancia naquela \u00e9poca para o mercado e apresentava credibilidade junto aos clientes\/alunos&#8230;<\/p>\n<p>Ainda, desconhe\u00e7o estat\u00edsticas relacionadas com n\u00fameros de alunos e alunas diplomados pelos IUB deste o in\u00edcio das atividades da empresa, mesmo assim, torna-se necess\u00e1rio tal registro para que os interessados em cursar tal op\u00e7\u00e3o na \u00e1rea educacional, possa reconhecer o quanto foi importante estudar pelas apostilas do IUB&#8230;<\/p>\n<p>Outro dia, esperando pelo atendimento na Ag\u00eancia dos Correios, procurei alguma coisa para passar o tempo em cima do balc\u00e3o na \u00e1rea de espera e encontrei um material denominado de &#8220;Guia de Profiss\u00f5es&#8221; do IPR-Instituto Padre Reus com diversas op\u00e7\u00f5es de cursos t\u00e9cnicos e supletivo&#8230;<\/p>\n<p>Portanto, acredito que o sistema continua existindo no mercado com as mais variadas propostas e escolhas para o p\u00fablico interessado em cursar, por exemplo: Curso de Detetive Particular ou Curso de Padeiro e Confeiteiro, ainda, Curso de Instala\u00e7\u00f5es El\u00e9tricas etc&#8230;<\/p>\n<p>Deve-se ressaltar que atualmente os Correios em parceria com outras empresas, oferecem dezenas servi\u00e7os visando ocupar espa\u00e7o no mercado, consolidando da melhor forma poss\u00edvel a EBCT como uma marca confi\u00e1vel por meio das parcerias, entre as quais o IPR-Instituto Padre Reus&#8230;<\/p>\n<p>Ave IUB!<\/p>\n<p><strong>E-MAIL: <\/strong><a href=\"mailto:barbosaa.sebar@gmail.com\"><strong>barbosaa.sebar@gmail.com<\/strong><\/a><\/p>\n","protected":false},"excerpt":{"rendered":"<p>&#8220;Ilumine o seu futuro profissional!!!&#8221; (Guia de Profiss\u00f5es, Ano 21, 4a. Edi\u00e7\u00e3o &#8211; Maio de 2013) Ao meu pai, Sebasti\u00e3o Francisco Barbosa (in memoriam), dedico! By seb@r. N\u00e3o posso atestar historicamente o in\u00edcio das atividades do IUB-Instituto Universal Brasileiro, pois, a institui\u00e7\u00e3o desenvolvia atividades educacionais via &#8220;correio&#8221; com op\u00e7\u00e3o de diversos cursos t\u00e9cnicos para os\/as [&hellip;]<\/p>\n","protected":false},"author":13,"featured_media":51988,"comment_status":"closed","ping_status":"open","sticky":false,"template":"","format":"standard","meta":{"_acf_changed":false,"_exactmetrics_skip_tracking":false,"_exactmetrics_sitenote_active":false,"_exactmetrics_sitenote_note":"","_exactmetrics_sitenote_category":0,"footnotes":""},"categories":[59],"tags":[],"class_list":["post-95811","post","type-post","status-publish","format-standard","has-post-thumbnail","hentry","category-opiniao"],"acf":[],"yoast_head":"<!-- This site is optimized with the Yoast SEO plugin v27.2 - https:\/\/yoast.com\/product\/yoast-seo-wordpress\/ -->\n<title>IUB: Pioneiro do EAD! - R\u00e1dio Life FM<\/title>\n<meta name=\"robots\" content=\"index, follow, max-snippet:-1, max-image-preview:large, max-video-preview:-1\" \/>\n<link rel=\"canonical\" href=\"https:\/\/radiolifefm.com.br\/noticias\/iub-pioneiro-do-ead\/\" \/>\n<meta property=\"og:locale\" content=\"pt_BR\" \/>\n<meta property=\"og:type\" content=\"article\" \/>\n<meta property=\"og:title\" content=\"IUB: Pioneiro do EAD! - R\u00e1dio Life FM\" \/>\n<meta property=\"og:description\" content=\"&#8220;Ilumine o seu futuro profissional!!!&#8221; (Guia de Profiss\u00f5es, Ano 21, 4a. Edi\u00e7\u00e3o &#8211; Maio de 2013) Ao meu pai, Sebasti\u00e3o Francisco Barbosa (in memoriam), dedico! By seb@r. N\u00e3o posso atestar historicamente o in\u00edcio das atividades do IUB-Instituto Universal Brasileiro, pois, a institui\u00e7\u00e3o desenvolvia atividades educacionais via &#8220;correio&#8221; com op\u00e7\u00e3o de diversos cursos t\u00e9cnicos para os\/as [&hellip;]\" \/>\n<meta property=\"og:url\" content=\"https:\/\/radiolifefm.com.br\/noticias\/iub-pioneiro-do-ead\/\" \/>\n<meta property=\"og:site_name\" content=\"R\u00e1dio Life FM\" \/>\n<meta property=\"article:publisher\" content=\"https:\/\/www.facebook.com\/radiolifefm\/\" \/>\n<meta property=\"article:published_time\" content=\"2024-11-29T11:52:32+00:00\" \/>\n<meta property=\"article:modified_time\" content=\"2026-04-20T03:09:59+00:00\" \/>\n<meta property=\"og:image\" content=\"https:\/\/radiolifefm.com.br\/noticias\/wp-content\/uploads\/2022\/04\/WhatsApp-Image-2022-04-10-at-18.43.02.jpeg\" \/>\n\t<meta property=\"og:image:width\" content=\"972\" \/>\n\t<meta property=\"og:image:height\" content=\"1296\" \/>\n\t<meta property=\"og:image:type\" content=\"image\/jpeg\" \/>\n<meta name=\"author\" content=\"ritanery\" \/>\n<meta name=\"twitter:card\" content=\"summary_large_image\" \/>\n<meta name=\"twitter:label1\" content=\"Escrito por\" \/>\n\t<meta name=\"twitter:data1\" content=\"ritanery\" \/>\n\t<meta name=\"twitter:label2\" content=\"Est. tempo de leitura\" \/>\n\t<meta name=\"twitter:data2\" content=\"2 minutos\" \/>\n<script type=\"application\/ld+json\" class=\"yoast-schema-graph\">{\"@context\":\"https:\/\/schema.org\",\"@graph\":[{\"@type\":\"Article\",\"@id\":\"https:\/\/radiolifefm.com.br\/noticias\/iub-pioneiro-do-ead\/#article\",\"isPartOf\":{\"@id\":\"https:\/\/radiolifefm.com.br\/noticias\/iub-pioneiro-do-ead\/\"},\"author\":{\"name\":\"ritanery\",\"@id\":\"https:\/\/radiolifefm.com.br\/noticias\/#\/schema\/person\/6339b9fac59d12b071dec680d7375d87\"},\"headline\":\"IUB: Pioneiro do EAD!\",\"datePublished\":\"2024-11-29T11:52:32+00:00\",\"dateModified\":\"2026-04-20T03:09:59+00:00\",\"mainEntityOfPage\":{\"@id\":\"https:\/\/radiolifefm.com.br\/noticias\/iub-pioneiro-do-ead\/\"},\"wordCount\":373,\"publisher\":{\"@id\":\"https:\/\/radiolifefm.com.br\/noticias\/#organization\"},\"image\":{\"@id\":\"https:\/\/radiolifefm.com.br\/noticias\/iub-pioneiro-do-ead\/#primaryimage\"},\"thumbnailUrl\":\"https:\/\/radiolifefm.com.br\/noticias\/wp-content\/uploads\/2022\/04\/WhatsApp-Image-2022-04-10-at-18.43.02.jpeg\",\"articleSection\":[\"Opini\u00e3o\"],\"inLanguage\":\"pt-BR\"},{\"@type\":\"WebPage\",\"@id\":\"https:\/\/radiolifefm.com.br\/noticias\/iub-pioneiro-do-ead\/\",\"url\":\"https:\/\/radiolifefm.com.br\/noticias\/iub-pioneiro-do-ead\/\",\"name\":\"IUB: Pioneiro do EAD! - R\u00e1dio Life FM\",\"isPartOf\":{\"@id\":\"https:\/\/radiolifefm.com.br\/noticias\/#website\"},\"primaryImageOfPage\":{\"@id\":\"https:\/\/radiolifefm.com.br\/noticias\/iub-pioneiro-do-ead\/#primaryimage\"},\"image\":{\"@id\":\"https:\/\/radiolifefm.com.br\/noticias\/iub-pioneiro-do-ead\/#primaryimage\"},\"thumbnailUrl\":\"https:\/\/radiolifefm.com.br\/noticias\/wp-content\/uploads\/2022\/04\/WhatsApp-Image-2022-04-10-at-18.43.02.jpeg\",\"datePublished\":\"2024-11-29T11:52:32+00:00\",\"dateModified\":\"2026-04-20T03:09:59+00:00\",\"breadcrumb\":{\"@id\":\"https:\/\/radiolifefm.com.br\/noticias\/iub-pioneiro-do-ead\/#breadcrumb\"},\"inLanguage\":\"pt-BR\",\"potentialAction\":[{\"@type\":\"ReadAction\",\"target\":[\"https:\/\/radiolifefm.com.br\/noticias\/iub-pioneiro-do-ead\/\"]}]},{\"@type\":\"ImageObject\",\"inLanguage\":\"pt-BR\",\"@id\":\"https:\/\/radiolifefm.com.br\/noticias\/iub-pioneiro-do-ead\/#primaryimage\",\"url\":\"https:\/\/radiolifefm.com.br\/noticias\/wp-content\/uploads\/2022\/04\/WhatsApp-Image-2022-04-10-at-18.43.02.jpeg\",\"contentUrl\":\"https:\/\/radiolifefm.com.br\/noticias\/wp-content\/uploads\/2022\/04\/WhatsApp-Image-2022-04-10-at-18.43.02.jpeg\",\"width\":972,\"height\":1296,\"caption\":\"S\u00e9rgio Barbosa\"},{\"@type\":\"BreadcrumbList\",\"@id\":\"https:\/\/radiolifefm.com.br\/noticias\/iub-pioneiro-do-ead\/#breadcrumb\",\"itemListElement\":[{\"@type\":\"ListItem\",\"position\":1,\"name\":\"In\u00edcio\",\"item\":\"https:\/\/radiolifefm.com.br\/noticias\/\"},{\"@type\":\"ListItem\",\"position\":2,\"name\":\"IUB: Pioneiro do EAD!\"}]},{\"@type\":\"WebSite\",\"@id\":\"https:\/\/radiolifefm.com.br\/noticias\/#website\",\"url\":\"https:\/\/radiolifefm.com.br\/noticias\/\",\"name\":\"R\u00e1dio Life FM\",\"description\":\"O Portal de Not\u00edcias de Adamantina\",\"publisher\":{\"@id\":\"https:\/\/radiolifefm.com.br\/noticias\/#organization\"},\"alternateName\":\"Life FM\",\"potentialAction\":[{\"@type\":\"SearchAction\",\"target\":{\"@type\":\"EntryPoint\",\"urlTemplate\":\"https:\/\/radiolifefm.com.br\/noticias\/?s={search_term_string}\"},\"query-input\":{\"@type\":\"PropertyValueSpecification\",\"valueRequired\":true,\"valueName\":\"search_term_string\"}}],\"inLanguage\":\"pt-BR\"},{\"@type\":\"Organization\",\"@id\":\"https:\/\/radiolifefm.com.br\/noticias\/#organization\",\"name\":\"R\u00e1dio Life FM\",\"alternateName\":\"Life FM\",\"url\":\"https:\/\/radiolifefm.com.br\/noticias\/\",\"logo\":{\"@type\":\"ImageObject\",\"inLanguage\":\"pt-BR\",\"@id\":\"https:\/\/radiolifefm.com.br\/noticias\/#\/schema\/logo\/image\/\",\"url\":\"https:\/\/static.radiolifefm.com.br\/noticias\/wp-content\/uploads\/2019\/10\/logo-lifefm.png\",\"contentUrl\":\"https:\/\/static.radiolifefm.com.br\/noticias\/wp-content\/uploads\/2019\/10\/logo-lifefm.png\",\"width\":196,\"height\":47,\"caption\":\"R\u00e1dio Life FM\"},\"image\":{\"@id\":\"https:\/\/radiolifefm.com.br\/noticias\/#\/schema\/logo\/image\/\"},\"sameAs\":[\"https:\/\/www.facebook.com\/radiolifefm\/\",\"https:\/\/www.instagram.com\/life1079fm\/\"]},{\"@type\":\"Person\",\"@id\":\"https:\/\/radiolifefm.com.br\/noticias\/#\/schema\/person\/6339b9fac59d12b071dec680d7375d87\",\"name\":\"ritanery\",\"image\":{\"@type\":\"ImageObject\",\"inLanguage\":\"pt-BR\",\"@id\":\"https:\/\/secure.gravatar.com\/avatar\/0e37bb19071f47c0b8a23f62a903df117c5a0e75f65a0c2901562f97cd41cf86?s=96&d=mm&r=g\",\"url\":\"https:\/\/secure.gravatar.com\/avatar\/0e37bb19071f47c0b8a23f62a903df117c5a0e75f65a0c2901562f97cd41cf86?s=96&d=mm&r=g\",\"contentUrl\":\"https:\/\/secure.gravatar.com\/avatar\/0e37bb19071f47c0b8a23f62a903df117c5a0e75f65a0c2901562f97cd41cf86?s=96&d=mm&r=g\",\"caption\":\"ritanery\"}}]}<\/script>\n<!-- \/ Yoast SEO plugin. -->","yoast_head_json":{"title":"IUB: Pioneiro do EAD! - R\u00e1dio Life FM","robots":{"index":"index","follow":"follow","max-snippet":"max-snippet:-1","max-image-preview":"max-image-preview:large","max-video-preview":"max-video-preview:-1"},"canonical":"https:\/\/radiolifefm.com.br\/noticias\/iub-pioneiro-do-ead\/","og_locale":"pt_BR","og_type":"article","og_title":"IUB: Pioneiro do EAD! - R\u00e1dio Life FM","og_description":"&#8220;Ilumine o seu futuro profissional!!!&#8221; (Guia de Profiss\u00f5es, Ano 21, 4a. Edi\u00e7\u00e3o &#8211; Maio de 2013) Ao meu pai, Sebasti\u00e3o Francisco Barbosa (in memoriam), dedico! By seb@r. N\u00e3o posso atestar historicamente o in\u00edcio das atividades do IUB-Instituto Universal Brasileiro, pois, a institui\u00e7\u00e3o desenvolvia atividades educacionais via &#8220;correio&#8221; com op\u00e7\u00e3o de diversos cursos t\u00e9cnicos para os\/as [&hellip;]","og_url":"https:\/\/radiolifefm.com.br\/noticias\/iub-pioneiro-do-ead\/","og_site_name":"R\u00e1dio Life FM","article_publisher":"https:\/\/www.facebook.com\/radiolifefm\/","article_published_time":"2024-11-29T11:52:32+00:00","article_modified_time":"2026-04-20T03:09:59+00:00","og_image":[{"width":972,"height":1296,"url":"https:\/\/radiolifefm.com.br\/noticias\/wp-content\/uploads\/2022\/04\/WhatsApp-Image-2022-04-10-at-18.43.02.jpeg","type":"image\/jpeg"}],"author":"ritanery","twitter_card":"summary_large_image","twitter_misc":{"Escrito por":"ritanery","Est. tempo de leitura":"2 minutos"},"schema":{"@context":"https:\/\/schema.org","@graph":[{"@type":"Article","@id":"https:\/\/radiolifefm.com.br\/noticias\/iub-pioneiro-do-ead\/#article","isPartOf":{"@id":"https:\/\/radiolifefm.com.br\/noticias\/iub-pioneiro-do-ead\/"},"author":{"name":"ritanery","@id":"https:\/\/radiolifefm.com.br\/noticias\/#\/schema\/person\/6339b9fac59d12b071dec680d7375d87"},"headline":"IUB: Pioneiro do EAD!","datePublished":"2024-11-29T11:52:32+00:00","dateModified":"2026-04-20T03:09:59+00:00","mainEntityOfPage":{"@id":"https:\/\/radiolifefm.com.br\/noticias\/iub-pioneiro-do-ead\/"},"wordCount":373,"publisher":{"@id":"https:\/\/radiolifefm.com.br\/noticias\/#organization"},"image":{"@id":"https:\/\/radiolifefm.com.br\/noticias\/iub-pioneiro-do-ead\/#primaryimage"},"thumbnailUrl":"https:\/\/radiolifefm.com.br\/noticias\/wp-content\/uploads\/2022\/04\/WhatsApp-Image-2022-04-10-at-18.43.02.jpeg","articleSection":["Opini\u00e3o"],"inLanguage":"pt-BR"},{"@type":"WebPage","@id":"https:\/\/radiolifefm.com.br\/noticias\/iub-pioneiro-do-ead\/","url":"https:\/\/radiolifefm.com.br\/noticias\/iub-pioneiro-do-ead\/","name":"IUB: Pioneiro do EAD! - R\u00e1dio Life FM","isPartOf":{"@id":"https:\/\/radiolifefm.com.br\/noticias\/#website"},"primaryImageOfPage":{"@id":"https:\/\/radiolifefm.com.br\/noticias\/iub-pioneiro-do-ead\/#primaryimage"},"image":{"@id":"https:\/\/radiolifefm.com.br\/noticias\/iub-pioneiro-do-ead\/#primaryimage"},"thumbnailUrl":"https:\/\/radiolifefm.com.br\/noticias\/wp-content\/uploads\/2022\/04\/WhatsApp-Image-2022-04-10-at-18.43.02.jpeg","datePublished":"2024-11-29T11:52:32+00:00","dateModified":"2026-04-20T03:09:59+00:00","breadcrumb":{"@id":"https:\/\/radiolifefm.com.br\/noticias\/iub-pioneiro-do-ead\/#breadcrumb"},"inLanguage":"pt-BR","potentialAction":[{"@type":"ReadAction","target":["https:\/\/radiolifefm.com.br\/noticias\/iub-pioneiro-do-ead\/"]}]},{"@type":"ImageObject","inLanguage":"pt-BR","@id":"https:\/\/radiolifefm.com.br\/noticias\/iub-pioneiro-do-ead\/#primaryimage","url":"https:\/\/radiolifefm.com.br\/noticias\/wp-content\/uploads\/2022\/04\/WhatsApp-Image-2022-04-10-at-18.43.02.jpeg","contentUrl":"https:\/\/radiolifefm.com.br\/noticias\/wp-content\/uploads\/2022\/04\/WhatsApp-Image-2022-04-10-at-18.43.02.jpeg","width":972,"height":1296,"caption":"S\u00e9rgio Barbosa"},{"@type":"BreadcrumbList","@id":"https:\/\/radiolifefm.com.br\/noticias\/iub-pioneiro-do-ead\/#breadcrumb","itemListElement":[{"@type":"ListItem","position":1,"name":"In\u00edcio","item":"https:\/\/radiolifefm.com.br\/noticias\/"},{"@type":"ListItem","position":2,"name":"IUB: Pioneiro do EAD!"}]},{"@type":"WebSite","@id":"https:\/\/radiolifefm.com.br\/noticias\/#website","url":"https:\/\/radiolifefm.com.br\/noticias\/","name":"R\u00e1dio Life FM","description":"O Portal de Not\u00edcias de Adamantina","publisher":{"@id":"https:\/\/radiolifefm.com.br\/noticias\/#organization"},"alternateName":"Life FM","potentialAction":[{"@type":"SearchAction","target":{"@type":"EntryPoint","urlTemplate":"https:\/\/radiolifefm.com.br\/noticias\/?s={search_term_string}"},"query-input":{"@type":"PropertyValueSpecification","valueRequired":true,"valueName":"search_term_string"}}],"inLanguage":"pt-BR"},{"@type":"Organization","@id":"https:\/\/radiolifefm.com.br\/noticias\/#organization","name":"R\u00e1dio Life FM","alternateName":"Life FM","url":"https:\/\/radiolifefm.com.br\/noticias\/","logo":{"@type":"ImageObject","inLanguage":"pt-BR","@id":"https:\/\/radiolifefm.com.br\/noticias\/#\/schema\/logo\/image\/","url":"https:\/\/static.radiolifefm.com.br\/noticias\/wp-content\/uploads\/2019\/10\/logo-lifefm.png","contentUrl":"https:\/\/static.radiolifefm.com.br\/noticias\/wp-content\/uploads\/2019\/10\/logo-lifefm.png","width":196,"height":47,"caption":"R\u00e1dio Life FM"},"image":{"@id":"https:\/\/radiolifefm.com.br\/noticias\/#\/schema\/logo\/image\/"},"sameAs":["https:\/\/www.facebook.com\/radiolifefm\/","https:\/\/www.instagram.com\/life1079fm\/"]},{"@type":"Person","@id":"https:\/\/radiolifefm.com.br\/noticias\/#\/schema\/person\/6339b9fac59d12b071dec680d7375d87","name":"ritanery","image":{"@type":"ImageObject","inLanguage":"pt-BR","@id":"https:\/\/secure.gravatar.com\/avatar\/0e37bb19071f47c0b8a23f62a903df117c5a0e75f65a0c2901562f97cd41cf86?s=96&d=mm&r=g","url":"https:\/\/secure.gravatar.com\/avatar\/0e37bb19071f47c0b8a23f62a903df117c5a0e75f65a0c2901562f97cd41cf86?s=96&d=mm&r=g","contentUrl":"https:\/\/secure.gravatar.com\/avatar\/0e37bb19071f47c0b8a23f62a903df117c5a0e75f65a0c2901562f97cd41cf86?s=96&d=mm&r=g","caption":"ritanery"}}]}},"amp_enabled":true,"_links":{"self":[{"href":"https:\/\/radiolifefm.com.br\/noticias\/wp-json\/wp\/v2\/posts\/95811","targetHints":{"allow":["GET"]}}],"collection":[{"href":"https:\/\/radiolifefm.com.br\/noticias\/wp-json\/wp\/v2\/posts"}],"about":[{"href":"https:\/\/radiolifefm.com.br\/noticias\/wp-json\/wp\/v2\/types\/post"}],"author":[{"embeddable":true,"href":"https:\/\/radiolifefm.com.br\/noticias\/wp-json\/wp\/v2\/users\/13"}],"replies":[{"embeddable":true,"href":"https:\/\/radiolifefm.com.br\/noticias\/wp-json\/wp\/v2\/comments?post=95811"}],"version-history":[{"count":1,"href":"https:\/\/radiolifefm.com.br\/noticias\/wp-json\/wp\/v2\/posts\/95811\/revisions"}],"predecessor-version":[{"id":95812,"href":"https:\/\/radiolifefm.com.br\/noticias\/wp-json\/wp\/v2\/posts\/95811\/revisions\/95812"}],"wp:featuredmedia":[{"embeddable":true,"href":"https:\/\/radiolifefm.com.br\/noticias\/wp-json\/wp\/v2\/media\/51988"}],"wp:attachment":[{"href":"https:\/\/radiolifefm.com.br\/noticias\/wp-json\/wp\/v2\/media?parent=95811"}],"wp:term":[{"taxonomy":"category","embeddable":true,"href":"https:\/\/radiolifefm.com.br\/noticias\/wp-json\/wp\/v2\/categories?post=95811"},{"taxonomy":"post_tag","embeddable":true,"href":"https:\/\/radiolifefm.com.br\/noticias\/wp-json\/wp\/v2\/tags?post=95811"}],"curies":[{"name":"wp","href":"https:\/\/api.w.org\/{rel}","templated":true}]}}