{"id":95753,"date":"2024-11-25T08:11:02","date_gmt":"2024-11-25T11:11:02","guid":{"rendered":"https:\/\/radiolifefm.com.br\/noticias\/?p=95753"},"modified":"2025-09-23T16:03:10","modified_gmt":"2025-09-23T19:03:10","slug":"provincia-natal-e-nova-gestao-se-aproximando","status":"publish","type":"post","link":"https:\/\/radiolifefm.com.br\/noticias\/provincia-natal-e-nova-gestao-se-aproximando\/","title":{"rendered":"Prov\u00edncia, Natal e Nova Gest\u00e3o se aproximando&#8230;"},"content":{"rendered":"<div id=\"fb-root\"><\/div>\n<p><strong><em>\u201cBasicamente, a Gest\u00e3o significa influenciar a a\u00e7\u00e3o. Gest\u00e3o \u00e9 sobre ajudar as organiza\u00e7\u00f5es e as unidades fazerem o que tem que ser feito, o que significa a\u00e7\u00e3o\u201d (<\/em><\/strong><a href=\"https:\/\/www.pensador.com\/autor\/henry_mintzberg\/\"><strong><em>Henry Mintzberg<\/em><\/strong><\/a><strong><em>)<\/em><\/strong><\/p>\n<p><strong><em>\u00a0<\/em><\/strong><\/p>\n<p><strong><em>\u201cO otimista \u00e9 um tolo. O pessimista, um chato. Bom mesmo \u00e9 ser um realista esperan\u00e7oso.\u201d (<\/em><\/strong><a href=\"https:\/\/www.pensador.com\/autor\/ariano_suassuna\/\"><strong><em>Ariano Suassuna<\/em><\/strong><\/a><strong><em>)<\/em><\/strong><\/p>\n<p><strong><em>\u00a0<\/em><\/strong><\/p>\n<p><strong>By seb@r.<\/strong><\/p>\n<p>&nbsp;<\/p>\n<p>De um jeito ou de outro, isso \u00e9, espera-se que aquela TURMA que continua no QUARTO ESCURO, estejam mais de acordo com o RESULTADO das elei\u00e7\u00f5es provincianas para o EXECUTIVO e LEGISLATIVO e ponto quase final&#8230;<\/p>\n<p>Portanto, em per\u00edodo que antecede o NATAL e o ANO NOVO, todos\/as os\/as envolvidos\/a neste NOVO (sic) PROJETO DE GEST\u00c3O, possam de um jeito ou de outro, isso \u00e9, n\u00e3o se pode deixar de lado as ETERNAS TROCAS SIMB\u00d3LICAS que envolvem o PODER pelo PODER em busca do PODER&#8230;<\/p>\n<p>Tamb\u00e9m, deve-se considerar que os famosos DITOS POPULARES est\u00e3o mediando as IDAS e VINDAS para muitos DESENCONTROS com os\/as NOVOS\/AS MANDAT\u00c1RIOS\/AS desta PROV\u00cdNCIA DO FAZ DE CONTA&#8230;<\/p>\n<p>Al\u00e9m do mais em meio ao tudo de menos, isso \u00e9, quando se trata da POL\u00cdTICA PROVINCIANA, ou melhor, dos\/as POLITIQUEIROS\/AS que est\u00e3o sempre em ESTADO DE ALERTA, como sempre, para dar o BOTE pra cima do famoso TOMA L\u00c1, D\u00c1 C\u00c1&#8230;<\/p>\n<p>Mesmo tendo, pelo menos na TEORIA, uma MAIORIA no LEGISLATIVO PROVINCIANO, o GESTOR eleito e sua EQUIPE DE APOIO, n\u00e3o est\u00e3o fora de um CEN\u00c1RIO onde tudo pode acontecer deste e do outro lado&#8230;<\/p>\n<p>Com as FESTAS NATALINAS se aproximando, bem como, as luzes de mais um ANO NOVO ANO para um NOVO ANO NOVO, as ditas CARTAS (sic) est\u00e3o em cima da mesa para isto e mais aquilo, todavia, registra-se, a saber: QUEM SOBREVIVER VAI SABER&#8230;<\/p>\n<p>Ah! N\u00e3o se pode esquecer da turma PINOQUIANA que est\u00e3o em DEBANDADA geral daqui pra frente, ou seja, a CONTAGEM REGRESSIVA come\u00e7ou assim que os RESULTADOS foram publicados pela JUSTI\u00c7A ELEITORAL&#8230;<\/p>\n<p>Por isso, talvez aquilo, seja poss\u00edvel estar em SINTONIA com as PROPOSTAS veiculadas durante o per\u00edodo ELEITORAL, mesmo assim, as TEORIAS ser\u00e3o colocadas na PR\u00c1TICA assim que o GESTOR ELEITO assumir o cargo com a equipe de apoio&#8230;<\/p>\n<p>Ainda, depois de ANOS e ANOS em terras PROVINCIANAS, acredito que n\u00e3o se pode BAIXAR A GUARDA, ainda mais nesta \u00e1rea denominada de P\u00daBLICA, por\u00e9m, TODO CUIDADO \u00c9 POUCO neste TEMPO NOVO TEMPO que se aproxima&#8230;<\/p>\n<p>At\u00e9 o momento, como sempre, existem diversas ESPECULA\u00c7\u00d5ES quanto aos NOMES INDICADOS para compor o SECRETARIADO, haja vista que os primeiros MESES iniciais desta GEST\u00c3O, com certeza, devem MOSTRAR pra que vieram em n\u00edvel de SERVI\u00c7OS P\u00daBLICOS&#8230;<\/p>\n<p>&nbsp;<\/p>\n<p>&nbsp;<\/p>\n<p>e-mail: <a href=\"mailto:barbosa.sebar@gmail.com\">barbosa.sebar@gmail.com<\/a><\/p>\n<p>&nbsp;<\/p>\n","protected":false},"excerpt":{"rendered":"<p>\u201cBasicamente, a Gest\u00e3o significa influenciar a a\u00e7\u00e3o. Gest\u00e3o \u00e9 sobre ajudar as organiza\u00e7\u00f5es e as unidades fazerem o que tem que ser feito, o que significa a\u00e7\u00e3o\u201d (Henry Mintzberg) \u00a0 \u201cO otimista \u00e9 um tolo. O pessimista, um chato. Bom mesmo \u00e9 ser um realista esperan\u00e7oso.\u201d (Ariano Suassuna) \u00a0 By seb@r. &nbsp; De um jeito [&hellip;]<\/p>\n","protected":false},"author":13,"featured_media":51988,"comment_status":"closed","ping_status":"open","sticky":false,"template":"","format":"standard","meta":{"_acf_changed":false,"_exactmetrics_skip_tracking":false,"_exactmetrics_sitenote_active":false,"_exactmetrics_sitenote_note":"","_exactmetrics_sitenote_category":0,"footnotes":""},"categories":[59],"tags":[],"class_list":["post-95753","post","type-post","status-publish","format-standard","has-post-thumbnail","hentry","category-opiniao"],"acf":[],"yoast_head":"<!-- This site is optimized with the Yoast SEO plugin v27.2 - https:\/\/yoast.com\/product\/yoast-seo-wordpress\/ -->\n<title>Prov\u00edncia, Natal e Nova Gest\u00e3o se aproximando... - R\u00e1dio Life FM<\/title>\n<meta name=\"robots\" content=\"index, follow, max-snippet:-1, max-image-preview:large, max-video-preview:-1\" \/>\n<link rel=\"canonical\" href=\"https:\/\/radiolifefm.com.br\/noticias\/provincia-natal-e-nova-gestao-se-aproximando\/\" \/>\n<meta property=\"og:locale\" content=\"pt_BR\" \/>\n<meta property=\"og:type\" content=\"article\" \/>\n<meta property=\"og:title\" content=\"Prov\u00edncia, Natal e Nova Gest\u00e3o se aproximando... - R\u00e1dio Life FM\" \/>\n<meta property=\"og:description\" content=\"\u201cBasicamente, a Gest\u00e3o significa influenciar a a\u00e7\u00e3o. Gest\u00e3o \u00e9 sobre ajudar as organiza\u00e7\u00f5es e as unidades fazerem o que tem que ser feito, o que significa a\u00e7\u00e3o\u201d (Henry Mintzberg) \u00a0 \u201cO otimista \u00e9 um tolo. O pessimista, um chato. Bom mesmo \u00e9 ser um realista esperan\u00e7oso.\u201d (Ariano Suassuna) \u00a0 By seb@r. &nbsp; De um jeito [&hellip;]\" \/>\n<meta property=\"og:url\" content=\"https:\/\/radiolifefm.com.br\/noticias\/provincia-natal-e-nova-gestao-se-aproximando\/\" \/>\n<meta property=\"og:site_name\" content=\"R\u00e1dio Life FM\" \/>\n<meta property=\"article:publisher\" content=\"https:\/\/www.facebook.com\/radiolifefm\/\" \/>\n<meta property=\"article:published_time\" content=\"2024-11-25T11:11:02+00:00\" \/>\n<meta property=\"article:modified_time\" content=\"2025-09-23T19:03:10+00:00\" \/>\n<meta property=\"og:image\" content=\"https:\/\/static.radiolifefm.com.br\/noticias\/wp-content\/uploads\/2022\/04\/WhatsApp-Image-2022-04-10-at-18.43.02.jpeg\" \/>\n\t<meta property=\"og:image:width\" content=\"972\" \/>\n\t<meta property=\"og:image:height\" content=\"1296\" \/>\n\t<meta property=\"og:image:type\" content=\"image\/jpeg\" \/>\n<meta name=\"author\" content=\"ritanery\" \/>\n<meta name=\"twitter:card\" content=\"summary_large_image\" \/>\n<meta name=\"twitter:label1\" content=\"Escrito por\" \/>\n\t<meta name=\"twitter:data1\" content=\"ritanery\" \/>\n\t<meta name=\"twitter:label2\" content=\"Est. tempo de leitura\" \/>\n\t<meta name=\"twitter:data2\" content=\"3 minutos\" \/>\n<script type=\"application\/ld+json\" class=\"yoast-schema-graph\">{\"@context\":\"https:\/\/schema.org\",\"@graph\":[{\"@type\":\"Article\",\"@id\":\"https:\/\/radiolifefm.com.br\/noticias\/provincia-natal-e-nova-gestao-se-aproximando\/#article\",\"isPartOf\":{\"@id\":\"https:\/\/radiolifefm.com.br\/noticias\/provincia-natal-e-nova-gestao-se-aproximando\/\"},\"author\":{\"name\":\"ritanery\",\"@id\":\"https:\/\/radiolifefm.com.br\/noticias\/#\/schema\/person\/6339b9fac59d12b071dec680d7375d87\"},\"headline\":\"Prov\u00edncia, Natal e Nova Gest\u00e3o se aproximando&#8230;\",\"datePublished\":\"2024-11-25T11:11:02+00:00\",\"dateModified\":\"2025-09-23T19:03:10+00:00\",\"mainEntityOfPage\":{\"@id\":\"https:\/\/radiolifefm.com.br\/noticias\/provincia-natal-e-nova-gestao-se-aproximando\/\"},\"wordCount\":480,\"publisher\":{\"@id\":\"https:\/\/radiolifefm.com.br\/noticias\/#organization\"},\"image\":{\"@id\":\"https:\/\/radiolifefm.com.br\/noticias\/provincia-natal-e-nova-gestao-se-aproximando\/#primaryimage\"},\"thumbnailUrl\":\"https:\/\/radiolifefm.com.br\/noticias\/wp-content\/uploads\/2022\/04\/WhatsApp-Image-2022-04-10-at-18.43.02.jpeg\",\"articleSection\":[\"Opini\u00e3o\"],\"inLanguage\":\"pt-BR\"},{\"@type\":\"WebPage\",\"@id\":\"https:\/\/radiolifefm.com.br\/noticias\/provincia-natal-e-nova-gestao-se-aproximando\/\",\"url\":\"https:\/\/radiolifefm.com.br\/noticias\/provincia-natal-e-nova-gestao-se-aproximando\/\",\"name\":\"Prov\u00edncia, Natal e Nova Gest\u00e3o se aproximando... - R\u00e1dio Life FM\",\"isPartOf\":{\"@id\":\"https:\/\/radiolifefm.com.br\/noticias\/#website\"},\"primaryImageOfPage\":{\"@id\":\"https:\/\/radiolifefm.com.br\/noticias\/provincia-natal-e-nova-gestao-se-aproximando\/#primaryimage\"},\"image\":{\"@id\":\"https:\/\/radiolifefm.com.br\/noticias\/provincia-natal-e-nova-gestao-se-aproximando\/#primaryimage\"},\"thumbnailUrl\":\"https:\/\/radiolifefm.com.br\/noticias\/wp-content\/uploads\/2022\/04\/WhatsApp-Image-2022-04-10-at-18.43.02.jpeg\",\"datePublished\":\"2024-11-25T11:11:02+00:00\",\"dateModified\":\"2025-09-23T19:03:10+00:00\",\"breadcrumb\":{\"@id\":\"https:\/\/radiolifefm.com.br\/noticias\/provincia-natal-e-nova-gestao-se-aproximando\/#breadcrumb\"},\"inLanguage\":\"pt-BR\",\"potentialAction\":[{\"@type\":\"ReadAction\",\"target\":[\"https:\/\/radiolifefm.com.br\/noticias\/provincia-natal-e-nova-gestao-se-aproximando\/\"]}]},{\"@type\":\"ImageObject\",\"inLanguage\":\"pt-BR\",\"@id\":\"https:\/\/radiolifefm.com.br\/noticias\/provincia-natal-e-nova-gestao-se-aproximando\/#primaryimage\",\"url\":\"https:\/\/radiolifefm.com.br\/noticias\/wp-content\/uploads\/2022\/04\/WhatsApp-Image-2022-04-10-at-18.43.02.jpeg\",\"contentUrl\":\"https:\/\/radiolifefm.com.br\/noticias\/wp-content\/uploads\/2022\/04\/WhatsApp-Image-2022-04-10-at-18.43.02.jpeg\",\"width\":972,\"height\":1296,\"caption\":\"S\u00e9rgio Barbosa\"},{\"@type\":\"BreadcrumbList\",\"@id\":\"https:\/\/radiolifefm.com.br\/noticias\/provincia-natal-e-nova-gestao-se-aproximando\/#breadcrumb\",\"itemListElement\":[{\"@type\":\"ListItem\",\"position\":1,\"name\":\"In\u00edcio\",\"item\":\"https:\/\/radiolifefm.com.br\/noticias\/\"},{\"@type\":\"ListItem\",\"position\":2,\"name\":\"Prov\u00edncia, Natal e Nova Gest\u00e3o se aproximando&#8230;\"}]},{\"@type\":\"WebSite\",\"@id\":\"https:\/\/radiolifefm.com.br\/noticias\/#website\",\"url\":\"https:\/\/radiolifefm.com.br\/noticias\/\",\"name\":\"R\u00e1dio Life FM\",\"description\":\"O Portal de Not\u00edcias de Adamantina\",\"publisher\":{\"@id\":\"https:\/\/radiolifefm.com.br\/noticias\/#organization\"},\"alternateName\":\"Life FM\",\"potentialAction\":[{\"@type\":\"SearchAction\",\"target\":{\"@type\":\"EntryPoint\",\"urlTemplate\":\"https:\/\/radiolifefm.com.br\/noticias\/?s={search_term_string}\"},\"query-input\":{\"@type\":\"PropertyValueSpecification\",\"valueRequired\":true,\"valueName\":\"search_term_string\"}}],\"inLanguage\":\"pt-BR\"},{\"@type\":\"Organization\",\"@id\":\"https:\/\/radiolifefm.com.br\/noticias\/#organization\",\"name\":\"R\u00e1dio Life FM\",\"alternateName\":\"Life FM\",\"url\":\"https:\/\/radiolifefm.com.br\/noticias\/\",\"logo\":{\"@type\":\"ImageObject\",\"inLanguage\":\"pt-BR\",\"@id\":\"https:\/\/radiolifefm.com.br\/noticias\/#\/schema\/logo\/image\/\",\"url\":\"https:\/\/static.radiolifefm.com.br\/noticias\/wp-content\/uploads\/2019\/10\/logo-lifefm.png\",\"contentUrl\":\"https:\/\/static.radiolifefm.com.br\/noticias\/wp-content\/uploads\/2019\/10\/logo-lifefm.png\",\"width\":196,\"height\":47,\"caption\":\"R\u00e1dio Life FM\"},\"image\":{\"@id\":\"https:\/\/radiolifefm.com.br\/noticias\/#\/schema\/logo\/image\/\"},\"sameAs\":[\"https:\/\/www.facebook.com\/radiolifefm\/\",\"https:\/\/www.instagram.com\/life1079fm\/\"]},{\"@type\":\"Person\",\"@id\":\"https:\/\/radiolifefm.com.br\/noticias\/#\/schema\/person\/6339b9fac59d12b071dec680d7375d87\",\"name\":\"ritanery\",\"image\":{\"@type\":\"ImageObject\",\"inLanguage\":\"pt-BR\",\"@id\":\"https:\/\/secure.gravatar.com\/avatar\/0e37bb19071f47c0b8a23f62a903df117c5a0e75f65a0c2901562f97cd41cf86?s=96&d=mm&r=g\",\"url\":\"https:\/\/secure.gravatar.com\/avatar\/0e37bb19071f47c0b8a23f62a903df117c5a0e75f65a0c2901562f97cd41cf86?s=96&d=mm&r=g\",\"contentUrl\":\"https:\/\/secure.gravatar.com\/avatar\/0e37bb19071f47c0b8a23f62a903df117c5a0e75f65a0c2901562f97cd41cf86?s=96&d=mm&r=g\",\"caption\":\"ritanery\"}}]}<\/script>\n<!-- \/ Yoast SEO plugin. -->","yoast_head_json":{"title":"Prov\u00edncia, Natal e Nova Gest\u00e3o se aproximando... - R\u00e1dio Life FM","robots":{"index":"index","follow":"follow","max-snippet":"max-snippet:-1","max-image-preview":"max-image-preview:large","max-video-preview":"max-video-preview:-1"},"canonical":"https:\/\/radiolifefm.com.br\/noticias\/provincia-natal-e-nova-gestao-se-aproximando\/","og_locale":"pt_BR","og_type":"article","og_title":"Prov\u00edncia, Natal e Nova Gest\u00e3o se aproximando... - R\u00e1dio Life FM","og_description":"\u201cBasicamente, a Gest\u00e3o significa influenciar a a\u00e7\u00e3o. Gest\u00e3o \u00e9 sobre ajudar as organiza\u00e7\u00f5es e as unidades fazerem o que tem que ser feito, o que significa a\u00e7\u00e3o\u201d (Henry Mintzberg) \u00a0 \u201cO otimista \u00e9 um tolo. O pessimista, um chato. Bom mesmo \u00e9 ser um realista esperan\u00e7oso.\u201d (Ariano Suassuna) \u00a0 By seb@r. &nbsp; De um jeito [&hellip;]","og_url":"https:\/\/radiolifefm.com.br\/noticias\/provincia-natal-e-nova-gestao-se-aproximando\/","og_site_name":"R\u00e1dio Life FM","article_publisher":"https:\/\/www.facebook.com\/radiolifefm\/","article_published_time":"2024-11-25T11:11:02+00:00","article_modified_time":"2025-09-23T19:03:10+00:00","og_image":[{"width":972,"height":1296,"url":"https:\/\/static.radiolifefm.com.br\/noticias\/wp-content\/uploads\/2022\/04\/WhatsApp-Image-2022-04-10-at-18.43.02.jpeg","type":"image\/jpeg"}],"author":"ritanery","twitter_card":"summary_large_image","twitter_misc":{"Escrito por":"ritanery","Est. tempo de leitura":"3 minutos"},"schema":{"@context":"https:\/\/schema.org","@graph":[{"@type":"Article","@id":"https:\/\/radiolifefm.com.br\/noticias\/provincia-natal-e-nova-gestao-se-aproximando\/#article","isPartOf":{"@id":"https:\/\/radiolifefm.com.br\/noticias\/provincia-natal-e-nova-gestao-se-aproximando\/"},"author":{"name":"ritanery","@id":"https:\/\/radiolifefm.com.br\/noticias\/#\/schema\/person\/6339b9fac59d12b071dec680d7375d87"},"headline":"Prov\u00edncia, Natal e Nova Gest\u00e3o se aproximando&#8230;","datePublished":"2024-11-25T11:11:02+00:00","dateModified":"2025-09-23T19:03:10+00:00","mainEntityOfPage":{"@id":"https:\/\/radiolifefm.com.br\/noticias\/provincia-natal-e-nova-gestao-se-aproximando\/"},"wordCount":480,"publisher":{"@id":"https:\/\/radiolifefm.com.br\/noticias\/#organization"},"image":{"@id":"https:\/\/radiolifefm.com.br\/noticias\/provincia-natal-e-nova-gestao-se-aproximando\/#primaryimage"},"thumbnailUrl":"https:\/\/radiolifefm.com.br\/noticias\/wp-content\/uploads\/2022\/04\/WhatsApp-Image-2022-04-10-at-18.43.02.jpeg","articleSection":["Opini\u00e3o"],"inLanguage":"pt-BR"},{"@type":"WebPage","@id":"https:\/\/radiolifefm.com.br\/noticias\/provincia-natal-e-nova-gestao-se-aproximando\/","url":"https:\/\/radiolifefm.com.br\/noticias\/provincia-natal-e-nova-gestao-se-aproximando\/","name":"Prov\u00edncia, Natal e Nova Gest\u00e3o se aproximando... - R\u00e1dio Life FM","isPartOf":{"@id":"https:\/\/radiolifefm.com.br\/noticias\/#website"},"primaryImageOfPage":{"@id":"https:\/\/radiolifefm.com.br\/noticias\/provincia-natal-e-nova-gestao-se-aproximando\/#primaryimage"},"image":{"@id":"https:\/\/radiolifefm.com.br\/noticias\/provincia-natal-e-nova-gestao-se-aproximando\/#primaryimage"},"thumbnailUrl":"https:\/\/radiolifefm.com.br\/noticias\/wp-content\/uploads\/2022\/04\/WhatsApp-Image-2022-04-10-at-18.43.02.jpeg","datePublished":"2024-11-25T11:11:02+00:00","dateModified":"2025-09-23T19:03:10+00:00","breadcrumb":{"@id":"https:\/\/radiolifefm.com.br\/noticias\/provincia-natal-e-nova-gestao-se-aproximando\/#breadcrumb"},"inLanguage":"pt-BR","potentialAction":[{"@type":"ReadAction","target":["https:\/\/radiolifefm.com.br\/noticias\/provincia-natal-e-nova-gestao-se-aproximando\/"]}]},{"@type":"ImageObject","inLanguage":"pt-BR","@id":"https:\/\/radiolifefm.com.br\/noticias\/provincia-natal-e-nova-gestao-se-aproximando\/#primaryimage","url":"https:\/\/radiolifefm.com.br\/noticias\/wp-content\/uploads\/2022\/04\/WhatsApp-Image-2022-04-10-at-18.43.02.jpeg","contentUrl":"https:\/\/radiolifefm.com.br\/noticias\/wp-content\/uploads\/2022\/04\/WhatsApp-Image-2022-04-10-at-18.43.02.jpeg","width":972,"height":1296,"caption":"S\u00e9rgio Barbosa"},{"@type":"BreadcrumbList","@id":"https:\/\/radiolifefm.com.br\/noticias\/provincia-natal-e-nova-gestao-se-aproximando\/#breadcrumb","itemListElement":[{"@type":"ListItem","position":1,"name":"In\u00edcio","item":"https:\/\/radiolifefm.com.br\/noticias\/"},{"@type":"ListItem","position":2,"name":"Prov\u00edncia, Natal e Nova Gest\u00e3o se aproximando&#8230;"}]},{"@type":"WebSite","@id":"https:\/\/radiolifefm.com.br\/noticias\/#website","url":"https:\/\/radiolifefm.com.br\/noticias\/","name":"R\u00e1dio Life FM","description":"O Portal de Not\u00edcias de Adamantina","publisher":{"@id":"https:\/\/radiolifefm.com.br\/noticias\/#organization"},"alternateName":"Life FM","potentialAction":[{"@type":"SearchAction","target":{"@type":"EntryPoint","urlTemplate":"https:\/\/radiolifefm.com.br\/noticias\/?s={search_term_string}"},"query-input":{"@type":"PropertyValueSpecification","valueRequired":true,"valueName":"search_term_string"}}],"inLanguage":"pt-BR"},{"@type":"Organization","@id":"https:\/\/radiolifefm.com.br\/noticias\/#organization","name":"R\u00e1dio Life FM","alternateName":"Life FM","url":"https:\/\/radiolifefm.com.br\/noticias\/","logo":{"@type":"ImageObject","inLanguage":"pt-BR","@id":"https:\/\/radiolifefm.com.br\/noticias\/#\/schema\/logo\/image\/","url":"https:\/\/static.radiolifefm.com.br\/noticias\/wp-content\/uploads\/2019\/10\/logo-lifefm.png","contentUrl":"https:\/\/static.radiolifefm.com.br\/noticias\/wp-content\/uploads\/2019\/10\/logo-lifefm.png","width":196,"height":47,"caption":"R\u00e1dio Life FM"},"image":{"@id":"https:\/\/radiolifefm.com.br\/noticias\/#\/schema\/logo\/image\/"},"sameAs":["https:\/\/www.facebook.com\/radiolifefm\/","https:\/\/www.instagram.com\/life1079fm\/"]},{"@type":"Person","@id":"https:\/\/radiolifefm.com.br\/noticias\/#\/schema\/person\/6339b9fac59d12b071dec680d7375d87","name":"ritanery","image":{"@type":"ImageObject","inLanguage":"pt-BR","@id":"https:\/\/secure.gravatar.com\/avatar\/0e37bb19071f47c0b8a23f62a903df117c5a0e75f65a0c2901562f97cd41cf86?s=96&d=mm&r=g","url":"https:\/\/secure.gravatar.com\/avatar\/0e37bb19071f47c0b8a23f62a903df117c5a0e75f65a0c2901562f97cd41cf86?s=96&d=mm&r=g","contentUrl":"https:\/\/secure.gravatar.com\/avatar\/0e37bb19071f47c0b8a23f62a903df117c5a0e75f65a0c2901562f97cd41cf86?s=96&d=mm&r=g","caption":"ritanery"}}]}},"amp_enabled":true,"_links":{"self":[{"href":"https:\/\/radiolifefm.com.br\/noticias\/wp-json\/wp\/v2\/posts\/95753","targetHints":{"allow":["GET"]}}],"collection":[{"href":"https:\/\/radiolifefm.com.br\/noticias\/wp-json\/wp\/v2\/posts"}],"about":[{"href":"https:\/\/radiolifefm.com.br\/noticias\/wp-json\/wp\/v2\/types\/post"}],"author":[{"embeddable":true,"href":"https:\/\/radiolifefm.com.br\/noticias\/wp-json\/wp\/v2\/users\/13"}],"replies":[{"embeddable":true,"href":"https:\/\/radiolifefm.com.br\/noticias\/wp-json\/wp\/v2\/comments?post=95753"}],"version-history":[{"count":1,"href":"https:\/\/radiolifefm.com.br\/noticias\/wp-json\/wp\/v2\/posts\/95753\/revisions"}],"predecessor-version":[{"id":95754,"href":"https:\/\/radiolifefm.com.br\/noticias\/wp-json\/wp\/v2\/posts\/95753\/revisions\/95754"}],"wp:featuredmedia":[{"embeddable":true,"href":"https:\/\/radiolifefm.com.br\/noticias\/wp-json\/wp\/v2\/media\/51988"}],"wp:attachment":[{"href":"https:\/\/radiolifefm.com.br\/noticias\/wp-json\/wp\/v2\/media?parent=95753"}],"wp:term":[{"taxonomy":"category","embeddable":true,"href":"https:\/\/radiolifefm.com.br\/noticias\/wp-json\/wp\/v2\/categories?post=95753"},{"taxonomy":"post_tag","embeddable":true,"href":"https:\/\/radiolifefm.com.br\/noticias\/wp-json\/wp\/v2\/tags?post=95753"}],"curies":[{"name":"wp","href":"https:\/\/api.w.org\/{rel}","templated":true}]}}