{"id":95702,"date":"2024-11-18T08:27:09","date_gmt":"2024-11-18T11:27:09","guid":{"rendered":"https:\/\/radiolifefm.com.br\/noticias\/?p=95702"},"modified":"2025-10-20T21:23:07","modified_gmt":"2025-10-21T00:23:07","slug":"provincia-provincianos-as-e-golpe-da-republica","status":"publish","type":"post","link":"https:\/\/radiolifefm.com.br\/noticias\/provincia-provincianos-as-e-golpe-da-republica\/","title":{"rendered":"Prov\u00edncia, provincianos\/as e Golpe da Rep\u00fablica&#8230;"},"content":{"rendered":"<div id=\"fb-root\"><\/div>\n<p><strong>\u201cSempre vimos boas leis, que fizeram com que uma pequena rep\u00fablica crescesse, transformarem-se depois num peso para ela, depois de grande.\u201d (<\/strong><a href=\"https:\/\/www.pensador.com\/autor\/barao_de_montesquieu\/\"><strong>Bar\u00e3o de Montesquieu<\/strong><\/a><strong>)<\/strong><\/p>\n<p><strong>\u00a0<\/strong><\/p>\n<p><strong>By seb@r.<\/strong><\/p>\n<p>&nbsp;<\/p>\n<p>O que se pode escrever sobre tais temas e tem\u00e1ticas em pauta, ou seja, SER PROVINCIANO\/A pode ser mais do que interessante neste cen\u00e1rio atual com as denominadas MENTES MED\u00cdOCRES, ainda, perambulando deste e do outro lado de um mesmo lado&#8230;<\/p>\n<p>Pelo andar disto e mais aquilo, parece que o NOVO GESTOR desta PROV\u00cdNCIA DO FAZ DE CONTA, est\u00e1 empenhado em MONTAR a sua EQUIPE o mais r\u00e1pido poss\u00edvel, todavia, NADA CONTRA&#8230; NADA A FAVOR&#8230; ainda, MUITO PELO CONTR\u00c1RIO&#8230;<\/p>\n<p>Por\u00e9m, n\u00e3o se pode ficar distante deste ou daquele NOME ESCOLHIDO, tamb\u00e9m, criando muitos DESENCONTROS com outras poss\u00edveis INDICA\u00c7\u00d5ES e ponto quase final&#8230;<\/p>\n<p>N\u00e3o tem como deixar de lado aquele velho dito popular que diz, a saber: SE VOC\u00ca PENSA QUE T\u00c1 RUIM, PODE PIORAR&#8230;<\/p>\n<p>Mas, tamb\u00e9m, pode-se dar ao DIREITO (sic) da D\u00daVIDA quanto ao FUTURO desta NOVA GEST\u00c3O, entretanto, TODO CUIDADO \u00c9 POUCO, considerando que as tais MENTES MED\u00cdOCRES est\u00e3o envolvidas neste CONTEXTO PROVINCIANO&#8230;<\/p>\n<p>Desta forma, at\u00e9 o in\u00edcio deste MANDATO, pode-se afirmar que MUITA \u00c1GUA, ainda, VAI PASSAR POR DEBAIXO DA PONTE, isso \u00e9, se o atual PIN\u00d3QUIO PROVINCIANO conseguir dar conta das ETERNAS PROMESSAS, ainda, do PRIMEIRO MANDATO naquele outro TEMPO deste TEMPO que se chama hoje&#8230;<\/p>\n<p>Portanto, cada qual deve seguir o seu CAMINHO de um jeito ou de outro neste CEN\u00c1RIO PROVINCIANO, todavia, daqui pra frente, tendo em vista que o ANO ACABOU para essa turma de ALOPRADOS\/AS da GEST\u00c3O PINOQUIANA&#8230;<\/p>\n<p>Como destacado em muitos ARTIGOS assinados nesta COLUNA nas semanas antes das elei\u00e7\u00f5es para o EXECUTIVO e LEGISLATIVO PROVINCIANO, o VOTO foi EM BRANCO para PREFEITO, desta forma, refor\u00e7o aquele velho dito popular nestes ocasos de um talvez quando ao NOVO GESTOR, a saber: NADA CONTRA&#8230; NADA A FAVOR&#8230; ainda, MUITO PELO CONTR\u00c1RIO,,,<\/p>\n<p>Assim, dizem, CAMINHA A HUMANIDADE em n\u00edvel GLOCAL, ou seja, do tal do TRUMP para o CEN\u00c1RIO PROVINCIANO em tempo de p\u00f3s-globaliza\u00e7\u00e3o midi\u00e1tica&#8230;<\/p>\n<p>Ah! Estava esquecendo de citar o tal do GOLPE REPUBLICANO, isso mesmo, aquele que ocorreu no dia 15 de novembro de 1.889 pela ESPADA de um militar de carreira e ponto quase final&#8230;<\/p>\n<p>Por isso e mais aquilo, ainda, de GOLPE em GOLPE, tamb\u00e9m, de FUGAS tal qual aquela de 1.808, talvez seja poss\u00edvel em meio ao IMPOSS\u00cdVEL, tentar entender tais DESENCONTROS com tais FATOS HIST\u00d3RICOS deste PA\u00cdS DO FAZ DE CONTA&#8230;<\/p>\n<p>QUEM SOBREVIVER VAI SABER&#8230;<\/p>\n<p>&nbsp;<\/p>\n<p><strong>e-mail: <\/strong><a href=\"mailto:barbosa.sebar@gmail.com\"><strong>barbosa.sebar@gmail.com<\/strong><\/a><\/p>\n<p>&nbsp;<\/p>\n","protected":false},"excerpt":{"rendered":"<p>\u201cSempre vimos boas leis, que fizeram com que uma pequena rep\u00fablica crescesse, transformarem-se depois num peso para ela, depois de grande.\u201d (Bar\u00e3o de Montesquieu) \u00a0 By seb@r. &nbsp; O que se pode escrever sobre tais temas e tem\u00e1ticas em pauta, ou seja, SER PROVINCIANO\/A pode ser mais do que interessante neste cen\u00e1rio atual com as [&hellip;]<\/p>\n","protected":false},"author":13,"featured_media":51988,"comment_status":"closed","ping_status":"open","sticky":false,"template":"","format":"standard","meta":{"_acf_changed":false,"_exactmetrics_skip_tracking":false,"_exactmetrics_sitenote_active":false,"_exactmetrics_sitenote_note":"","_exactmetrics_sitenote_category":0,"footnotes":""},"categories":[59],"tags":[],"class_list":["post-95702","post","type-post","status-publish","format-standard","has-post-thumbnail","hentry","category-opiniao"],"acf":[],"yoast_head":"<!-- This site is optimized with the Yoast SEO plugin v27.2 - https:\/\/yoast.com\/product\/yoast-seo-wordpress\/ -->\n<title>Prov\u00edncia, provincianos\/as e Golpe da Rep\u00fablica... - R\u00e1dio Life FM<\/title>\n<meta name=\"robots\" content=\"index, follow, max-snippet:-1, max-image-preview:large, max-video-preview:-1\" \/>\n<link rel=\"canonical\" href=\"https:\/\/radiolifefm.com.br\/noticias\/provincia-provincianos-as-e-golpe-da-republica\/\" \/>\n<meta property=\"og:locale\" content=\"pt_BR\" \/>\n<meta property=\"og:type\" content=\"article\" \/>\n<meta property=\"og:title\" content=\"Prov\u00edncia, provincianos\/as e Golpe da Rep\u00fablica... - R\u00e1dio Life FM\" \/>\n<meta property=\"og:description\" content=\"\u201cSempre vimos boas leis, que fizeram com que uma pequena rep\u00fablica crescesse, transformarem-se depois num peso para ela, depois de grande.\u201d (Bar\u00e3o de Montesquieu) \u00a0 By seb@r. &nbsp; O que se pode escrever sobre tais temas e tem\u00e1ticas em pauta, ou seja, SER PROVINCIANO\/A pode ser mais do que interessante neste cen\u00e1rio atual com as [&hellip;]\" \/>\n<meta property=\"og:url\" content=\"https:\/\/radiolifefm.com.br\/noticias\/provincia-provincianos-as-e-golpe-da-republica\/\" \/>\n<meta property=\"og:site_name\" content=\"R\u00e1dio Life FM\" \/>\n<meta property=\"article:publisher\" content=\"https:\/\/www.facebook.com\/radiolifefm\/\" \/>\n<meta property=\"article:published_time\" content=\"2024-11-18T11:27:09+00:00\" \/>\n<meta property=\"article:modified_time\" content=\"2025-10-21T00:23:07+00:00\" \/>\n<meta property=\"og:image\" content=\"https:\/\/static.radiolifefm.com.br\/noticias\/wp-content\/uploads\/2022\/04\/WhatsApp-Image-2022-04-10-at-18.43.02.jpeg\" \/>\n\t<meta property=\"og:image:width\" content=\"972\" \/>\n\t<meta property=\"og:image:height\" content=\"1296\" \/>\n\t<meta property=\"og:image:type\" content=\"image\/jpeg\" \/>\n<meta name=\"author\" content=\"ritanery\" \/>\n<meta name=\"twitter:card\" content=\"summary_large_image\" \/>\n<meta name=\"twitter:label1\" content=\"Escrito por\" \/>\n\t<meta name=\"twitter:data1\" content=\"ritanery\" \/>\n\t<meta name=\"twitter:label2\" content=\"Est. tempo de leitura\" \/>\n\t<meta name=\"twitter:data2\" content=\"3 minutos\" \/>\n<script type=\"application\/ld+json\" class=\"yoast-schema-graph\">{\"@context\":\"https:\/\/schema.org\",\"@graph\":[{\"@type\":\"Article\",\"@id\":\"https:\/\/radiolifefm.com.br\/noticias\/provincia-provincianos-as-e-golpe-da-republica\/#article\",\"isPartOf\":{\"@id\":\"https:\/\/radiolifefm.com.br\/noticias\/provincia-provincianos-as-e-golpe-da-republica\/\"},\"author\":{\"name\":\"ritanery\",\"@id\":\"https:\/\/radiolifefm.com.br\/noticias\/#\/schema\/person\/6339b9fac59d12b071dec680d7375d87\"},\"headline\":\"Prov\u00edncia, provincianos\/as e Golpe da Rep\u00fablica&#8230;\",\"datePublished\":\"2024-11-18T11:27:09+00:00\",\"dateModified\":\"2025-10-21T00:23:07+00:00\",\"mainEntityOfPage\":{\"@id\":\"https:\/\/radiolifefm.com.br\/noticias\/provincia-provincianos-as-e-golpe-da-republica\/\"},\"wordCount\":466,\"publisher\":{\"@id\":\"https:\/\/radiolifefm.com.br\/noticias\/#organization\"},\"image\":{\"@id\":\"https:\/\/radiolifefm.com.br\/noticias\/provincia-provincianos-as-e-golpe-da-republica\/#primaryimage\"},\"thumbnailUrl\":\"https:\/\/radiolifefm.com.br\/noticias\/wp-content\/uploads\/2022\/04\/WhatsApp-Image-2022-04-10-at-18.43.02.jpeg\",\"articleSection\":[\"Opini\u00e3o\"],\"inLanguage\":\"pt-BR\"},{\"@type\":\"WebPage\",\"@id\":\"https:\/\/radiolifefm.com.br\/noticias\/provincia-provincianos-as-e-golpe-da-republica\/\",\"url\":\"https:\/\/radiolifefm.com.br\/noticias\/provincia-provincianos-as-e-golpe-da-republica\/\",\"name\":\"Prov\u00edncia, provincianos\/as e Golpe da Rep\u00fablica... - R\u00e1dio Life FM\",\"isPartOf\":{\"@id\":\"https:\/\/radiolifefm.com.br\/noticias\/#website\"},\"primaryImageOfPage\":{\"@id\":\"https:\/\/radiolifefm.com.br\/noticias\/provincia-provincianos-as-e-golpe-da-republica\/#primaryimage\"},\"image\":{\"@id\":\"https:\/\/radiolifefm.com.br\/noticias\/provincia-provincianos-as-e-golpe-da-republica\/#primaryimage\"},\"thumbnailUrl\":\"https:\/\/radiolifefm.com.br\/noticias\/wp-content\/uploads\/2022\/04\/WhatsApp-Image-2022-04-10-at-18.43.02.jpeg\",\"datePublished\":\"2024-11-18T11:27:09+00:00\",\"dateModified\":\"2025-10-21T00:23:07+00:00\",\"breadcrumb\":{\"@id\":\"https:\/\/radiolifefm.com.br\/noticias\/provincia-provincianos-as-e-golpe-da-republica\/#breadcrumb\"},\"inLanguage\":\"pt-BR\",\"potentialAction\":[{\"@type\":\"ReadAction\",\"target\":[\"https:\/\/radiolifefm.com.br\/noticias\/provincia-provincianos-as-e-golpe-da-republica\/\"]}]},{\"@type\":\"ImageObject\",\"inLanguage\":\"pt-BR\",\"@id\":\"https:\/\/radiolifefm.com.br\/noticias\/provincia-provincianos-as-e-golpe-da-republica\/#primaryimage\",\"url\":\"https:\/\/radiolifefm.com.br\/noticias\/wp-content\/uploads\/2022\/04\/WhatsApp-Image-2022-04-10-at-18.43.02.jpeg\",\"contentUrl\":\"https:\/\/radiolifefm.com.br\/noticias\/wp-content\/uploads\/2022\/04\/WhatsApp-Image-2022-04-10-at-18.43.02.jpeg\",\"width\":972,\"height\":1296,\"caption\":\"S\u00e9rgio Barbosa\"},{\"@type\":\"BreadcrumbList\",\"@id\":\"https:\/\/radiolifefm.com.br\/noticias\/provincia-provincianos-as-e-golpe-da-republica\/#breadcrumb\",\"itemListElement\":[{\"@type\":\"ListItem\",\"position\":1,\"name\":\"In\u00edcio\",\"item\":\"https:\/\/radiolifefm.com.br\/noticias\/\"},{\"@type\":\"ListItem\",\"position\":2,\"name\":\"Prov\u00edncia, provincianos\/as e Golpe da Rep\u00fablica&#8230;\"}]},{\"@type\":\"WebSite\",\"@id\":\"https:\/\/radiolifefm.com.br\/noticias\/#website\",\"url\":\"https:\/\/radiolifefm.com.br\/noticias\/\",\"name\":\"R\u00e1dio Life FM\",\"description\":\"O Portal de Not\u00edcias de Adamantina\",\"publisher\":{\"@id\":\"https:\/\/radiolifefm.com.br\/noticias\/#organization\"},\"alternateName\":\"Life FM\",\"potentialAction\":[{\"@type\":\"SearchAction\",\"target\":{\"@type\":\"EntryPoint\",\"urlTemplate\":\"https:\/\/radiolifefm.com.br\/noticias\/?s={search_term_string}\"},\"query-input\":{\"@type\":\"PropertyValueSpecification\",\"valueRequired\":true,\"valueName\":\"search_term_string\"}}],\"inLanguage\":\"pt-BR\"},{\"@type\":\"Organization\",\"@id\":\"https:\/\/radiolifefm.com.br\/noticias\/#organization\",\"name\":\"R\u00e1dio Life FM\",\"alternateName\":\"Life FM\",\"url\":\"https:\/\/radiolifefm.com.br\/noticias\/\",\"logo\":{\"@type\":\"ImageObject\",\"inLanguage\":\"pt-BR\",\"@id\":\"https:\/\/radiolifefm.com.br\/noticias\/#\/schema\/logo\/image\/\",\"url\":\"https:\/\/static.radiolifefm.com.br\/noticias\/wp-content\/uploads\/2019\/10\/logo-lifefm.png\",\"contentUrl\":\"https:\/\/static.radiolifefm.com.br\/noticias\/wp-content\/uploads\/2019\/10\/logo-lifefm.png\",\"width\":196,\"height\":47,\"caption\":\"R\u00e1dio Life FM\"},\"image\":{\"@id\":\"https:\/\/radiolifefm.com.br\/noticias\/#\/schema\/logo\/image\/\"},\"sameAs\":[\"https:\/\/www.facebook.com\/radiolifefm\/\",\"https:\/\/www.instagram.com\/life1079fm\/\"]},{\"@type\":\"Person\",\"@id\":\"https:\/\/radiolifefm.com.br\/noticias\/#\/schema\/person\/6339b9fac59d12b071dec680d7375d87\",\"name\":\"ritanery\",\"image\":{\"@type\":\"ImageObject\",\"inLanguage\":\"pt-BR\",\"@id\":\"https:\/\/secure.gravatar.com\/avatar\/0e37bb19071f47c0b8a23f62a903df117c5a0e75f65a0c2901562f97cd41cf86?s=96&d=mm&r=g\",\"url\":\"https:\/\/secure.gravatar.com\/avatar\/0e37bb19071f47c0b8a23f62a903df117c5a0e75f65a0c2901562f97cd41cf86?s=96&d=mm&r=g\",\"contentUrl\":\"https:\/\/secure.gravatar.com\/avatar\/0e37bb19071f47c0b8a23f62a903df117c5a0e75f65a0c2901562f97cd41cf86?s=96&d=mm&r=g\",\"caption\":\"ritanery\"}}]}<\/script>\n<!-- \/ Yoast SEO plugin. -->","yoast_head_json":{"title":"Prov\u00edncia, provincianos\/as e Golpe da Rep\u00fablica... - R\u00e1dio Life FM","robots":{"index":"index","follow":"follow","max-snippet":"max-snippet:-1","max-image-preview":"max-image-preview:large","max-video-preview":"max-video-preview:-1"},"canonical":"https:\/\/radiolifefm.com.br\/noticias\/provincia-provincianos-as-e-golpe-da-republica\/","og_locale":"pt_BR","og_type":"article","og_title":"Prov\u00edncia, provincianos\/as e Golpe da Rep\u00fablica... - R\u00e1dio Life FM","og_description":"\u201cSempre vimos boas leis, que fizeram com que uma pequena rep\u00fablica crescesse, transformarem-se depois num peso para ela, depois de grande.\u201d (Bar\u00e3o de Montesquieu) \u00a0 By seb@r. &nbsp; O que se pode escrever sobre tais temas e tem\u00e1ticas em pauta, ou seja, SER PROVINCIANO\/A pode ser mais do que interessante neste cen\u00e1rio atual com as [&hellip;]","og_url":"https:\/\/radiolifefm.com.br\/noticias\/provincia-provincianos-as-e-golpe-da-republica\/","og_site_name":"R\u00e1dio Life FM","article_publisher":"https:\/\/www.facebook.com\/radiolifefm\/","article_published_time":"2024-11-18T11:27:09+00:00","article_modified_time":"2025-10-21T00:23:07+00:00","og_image":[{"width":972,"height":1296,"url":"https:\/\/static.radiolifefm.com.br\/noticias\/wp-content\/uploads\/2022\/04\/WhatsApp-Image-2022-04-10-at-18.43.02.jpeg","type":"image\/jpeg"}],"author":"ritanery","twitter_card":"summary_large_image","twitter_misc":{"Escrito por":"ritanery","Est. tempo de leitura":"3 minutos"},"schema":{"@context":"https:\/\/schema.org","@graph":[{"@type":"Article","@id":"https:\/\/radiolifefm.com.br\/noticias\/provincia-provincianos-as-e-golpe-da-republica\/#article","isPartOf":{"@id":"https:\/\/radiolifefm.com.br\/noticias\/provincia-provincianos-as-e-golpe-da-republica\/"},"author":{"name":"ritanery","@id":"https:\/\/radiolifefm.com.br\/noticias\/#\/schema\/person\/6339b9fac59d12b071dec680d7375d87"},"headline":"Prov\u00edncia, provincianos\/as e Golpe da Rep\u00fablica&#8230;","datePublished":"2024-11-18T11:27:09+00:00","dateModified":"2025-10-21T00:23:07+00:00","mainEntityOfPage":{"@id":"https:\/\/radiolifefm.com.br\/noticias\/provincia-provincianos-as-e-golpe-da-republica\/"},"wordCount":466,"publisher":{"@id":"https:\/\/radiolifefm.com.br\/noticias\/#organization"},"image":{"@id":"https:\/\/radiolifefm.com.br\/noticias\/provincia-provincianos-as-e-golpe-da-republica\/#primaryimage"},"thumbnailUrl":"https:\/\/radiolifefm.com.br\/noticias\/wp-content\/uploads\/2022\/04\/WhatsApp-Image-2022-04-10-at-18.43.02.jpeg","articleSection":["Opini\u00e3o"],"inLanguage":"pt-BR"},{"@type":"WebPage","@id":"https:\/\/radiolifefm.com.br\/noticias\/provincia-provincianos-as-e-golpe-da-republica\/","url":"https:\/\/radiolifefm.com.br\/noticias\/provincia-provincianos-as-e-golpe-da-republica\/","name":"Prov\u00edncia, provincianos\/as e Golpe da Rep\u00fablica... - R\u00e1dio Life FM","isPartOf":{"@id":"https:\/\/radiolifefm.com.br\/noticias\/#website"},"primaryImageOfPage":{"@id":"https:\/\/radiolifefm.com.br\/noticias\/provincia-provincianos-as-e-golpe-da-republica\/#primaryimage"},"image":{"@id":"https:\/\/radiolifefm.com.br\/noticias\/provincia-provincianos-as-e-golpe-da-republica\/#primaryimage"},"thumbnailUrl":"https:\/\/radiolifefm.com.br\/noticias\/wp-content\/uploads\/2022\/04\/WhatsApp-Image-2022-04-10-at-18.43.02.jpeg","datePublished":"2024-11-18T11:27:09+00:00","dateModified":"2025-10-21T00:23:07+00:00","breadcrumb":{"@id":"https:\/\/radiolifefm.com.br\/noticias\/provincia-provincianos-as-e-golpe-da-republica\/#breadcrumb"},"inLanguage":"pt-BR","potentialAction":[{"@type":"ReadAction","target":["https:\/\/radiolifefm.com.br\/noticias\/provincia-provincianos-as-e-golpe-da-republica\/"]}]},{"@type":"ImageObject","inLanguage":"pt-BR","@id":"https:\/\/radiolifefm.com.br\/noticias\/provincia-provincianos-as-e-golpe-da-republica\/#primaryimage","url":"https:\/\/radiolifefm.com.br\/noticias\/wp-content\/uploads\/2022\/04\/WhatsApp-Image-2022-04-10-at-18.43.02.jpeg","contentUrl":"https:\/\/radiolifefm.com.br\/noticias\/wp-content\/uploads\/2022\/04\/WhatsApp-Image-2022-04-10-at-18.43.02.jpeg","width":972,"height":1296,"caption":"S\u00e9rgio Barbosa"},{"@type":"BreadcrumbList","@id":"https:\/\/radiolifefm.com.br\/noticias\/provincia-provincianos-as-e-golpe-da-republica\/#breadcrumb","itemListElement":[{"@type":"ListItem","position":1,"name":"In\u00edcio","item":"https:\/\/radiolifefm.com.br\/noticias\/"},{"@type":"ListItem","position":2,"name":"Prov\u00edncia, provincianos\/as e Golpe da Rep\u00fablica&#8230;"}]},{"@type":"WebSite","@id":"https:\/\/radiolifefm.com.br\/noticias\/#website","url":"https:\/\/radiolifefm.com.br\/noticias\/","name":"R\u00e1dio Life FM","description":"O Portal de Not\u00edcias de Adamantina","publisher":{"@id":"https:\/\/radiolifefm.com.br\/noticias\/#organization"},"alternateName":"Life FM","potentialAction":[{"@type":"SearchAction","target":{"@type":"EntryPoint","urlTemplate":"https:\/\/radiolifefm.com.br\/noticias\/?s={search_term_string}"},"query-input":{"@type":"PropertyValueSpecification","valueRequired":true,"valueName":"search_term_string"}}],"inLanguage":"pt-BR"},{"@type":"Organization","@id":"https:\/\/radiolifefm.com.br\/noticias\/#organization","name":"R\u00e1dio Life FM","alternateName":"Life FM","url":"https:\/\/radiolifefm.com.br\/noticias\/","logo":{"@type":"ImageObject","inLanguage":"pt-BR","@id":"https:\/\/radiolifefm.com.br\/noticias\/#\/schema\/logo\/image\/","url":"https:\/\/static.radiolifefm.com.br\/noticias\/wp-content\/uploads\/2019\/10\/logo-lifefm.png","contentUrl":"https:\/\/static.radiolifefm.com.br\/noticias\/wp-content\/uploads\/2019\/10\/logo-lifefm.png","width":196,"height":47,"caption":"R\u00e1dio Life FM"},"image":{"@id":"https:\/\/radiolifefm.com.br\/noticias\/#\/schema\/logo\/image\/"},"sameAs":["https:\/\/www.facebook.com\/radiolifefm\/","https:\/\/www.instagram.com\/life1079fm\/"]},{"@type":"Person","@id":"https:\/\/radiolifefm.com.br\/noticias\/#\/schema\/person\/6339b9fac59d12b071dec680d7375d87","name":"ritanery","image":{"@type":"ImageObject","inLanguage":"pt-BR","@id":"https:\/\/secure.gravatar.com\/avatar\/0e37bb19071f47c0b8a23f62a903df117c5a0e75f65a0c2901562f97cd41cf86?s=96&d=mm&r=g","url":"https:\/\/secure.gravatar.com\/avatar\/0e37bb19071f47c0b8a23f62a903df117c5a0e75f65a0c2901562f97cd41cf86?s=96&d=mm&r=g","contentUrl":"https:\/\/secure.gravatar.com\/avatar\/0e37bb19071f47c0b8a23f62a903df117c5a0e75f65a0c2901562f97cd41cf86?s=96&d=mm&r=g","caption":"ritanery"}}]}},"amp_enabled":true,"_links":{"self":[{"href":"https:\/\/radiolifefm.com.br\/noticias\/wp-json\/wp\/v2\/posts\/95702","targetHints":{"allow":["GET"]}}],"collection":[{"href":"https:\/\/radiolifefm.com.br\/noticias\/wp-json\/wp\/v2\/posts"}],"about":[{"href":"https:\/\/radiolifefm.com.br\/noticias\/wp-json\/wp\/v2\/types\/post"}],"author":[{"embeddable":true,"href":"https:\/\/radiolifefm.com.br\/noticias\/wp-json\/wp\/v2\/users\/13"}],"replies":[{"embeddable":true,"href":"https:\/\/radiolifefm.com.br\/noticias\/wp-json\/wp\/v2\/comments?post=95702"}],"version-history":[{"count":1,"href":"https:\/\/radiolifefm.com.br\/noticias\/wp-json\/wp\/v2\/posts\/95702\/revisions"}],"predecessor-version":[{"id":95703,"href":"https:\/\/radiolifefm.com.br\/noticias\/wp-json\/wp\/v2\/posts\/95702\/revisions\/95703"}],"wp:featuredmedia":[{"embeddable":true,"href":"https:\/\/radiolifefm.com.br\/noticias\/wp-json\/wp\/v2\/media\/51988"}],"wp:attachment":[{"href":"https:\/\/radiolifefm.com.br\/noticias\/wp-json\/wp\/v2\/media?parent=95702"}],"wp:term":[{"taxonomy":"category","embeddable":true,"href":"https:\/\/radiolifefm.com.br\/noticias\/wp-json\/wp\/v2\/categories?post=95702"},{"taxonomy":"post_tag","embeddable":true,"href":"https:\/\/radiolifefm.com.br\/noticias\/wp-json\/wp\/v2\/tags?post=95702"}],"curies":[{"name":"wp","href":"https:\/\/api.w.org\/{rel}","templated":true}]}}