{"id":95582,"date":"2024-11-13T15:54:18","date_gmt":"2024-11-13T18:54:18","guid":{"rendered":"https:\/\/radiolifefm.com.br\/noticias\/?p=95582"},"modified":"2026-04-17T06:17:55","modified_gmt":"2026-04-17T09:17:55","slug":"prosa-do-campo-agronomo-mauricio-konrad-compartilha-conhecimento-e-o-trabalho-da-casa-da-agricultura","status":"publish","type":"post","link":"https:\/\/radiolifefm.com.br\/noticias\/prosa-do-campo-agronomo-mauricio-konrad-compartilha-conhecimento-e-o-trabalho-da-casa-da-agricultura\/","title":{"rendered":"Prosa do Campo: Agr\u00f4nomo Maur\u00edcio Konrad Compartilha Conhecimento e o Trabalho da Casa da Agricultura"},"content":{"rendered":"<div id=\"fb-root\"><\/div>\n<p>Na \u00faltima segunda-feira, 11 de novembro, foi ao ar mais uma edi\u00e7\u00e3o do programa <em>Prosa do Campo<\/em> na Life FM. Apresentado por Cristiano do Mor\u00e3o, pecuarista e investidor, o programa contou com a participa\u00e7\u00e3o especial de Maur\u00edcio Konrad, agr\u00f4nomo da Casa da Agricultura de Adamantina.<\/p>\n<div class='flex flex-wrap items-center -mx-1'>\r\n<a class='thumbnail gallery p-1 w-1\/2 md:w-1\/4' href='https:\/\/radiolifefm.com.br\/noticias\/wp-content\/uploads\/2024\/11\/WhatsApp-Image-2024-11-13-at-15.46.42.jpeg'><img class='border border-white' src='https:\/\/radiolifefm.com.br\/noticias\/wp-content\/uploads\/2024\/11\/WhatsApp-Image-2024-11-13-at-15.46.42-200x200.jpeg' alt='WhatsApp Image 2024 11 13 At 15.46.42' \/><\/a><a class='thumbnail gallery p-1 w-1\/2 md:w-1\/4' href='https:\/\/radiolifefm.com.br\/noticias\/wp-content\/uploads\/2024\/11\/WhatsApp-Image-2024-11-13-at-15.51.06-4.jpeg'><img class='border border-white' src='https:\/\/radiolifefm.com.br\/noticias\/wp-content\/uploads\/2024\/11\/WhatsApp-Image-2024-11-13-at-15.51.06-4-200x200.jpeg' alt='WhatsApp Image 2024 11 13 At 15.51.06 (4)' \/><\/a><\/div>\n<p>Durante a entrevista, Maur\u00edcio compartilhou hist\u00f3rias inspiradoras sobre o universo rural, ressaltando que Adamantina possui cerca de 900 propriedades rurais e destacando a import\u00e2ncia de valorizar o setor agr\u00edcola e seus agricultores. Ele tamb\u00e9m discutiu os desafios enfrentados pela agricultura ao longo dos anos.<\/p>\n<div class='flex flex-wrap items-center -mx-1'>\r\n<a class='thumbnail gallery p-1 w-1\/2 md:w-1\/4' href='https:\/\/radiolifefm.com.br\/noticias\/wp-content\/uploads\/2024\/11\/WhatsApp-Image-2024-11-13-at-15.51.06-3.jpeg'><img class='border border-white' src='https:\/\/radiolifefm.com.br\/noticias\/wp-content\/uploads\/2024\/11\/WhatsApp-Image-2024-11-13-at-15.51.06-3-200x200.jpeg' alt='WhatsApp Image 2024 11 13 At 15.51.06 (3)' \/><\/a><a class='thumbnail gallery p-1 w-1\/2 md:w-1\/4' href='https:\/\/radiolifefm.com.br\/noticias\/wp-content\/uploads\/2024\/11\/WhatsApp-Image-2024-11-13-at-15.51.06-2.jpeg'><img class='border border-white' src='https:\/\/radiolifefm.com.br\/noticias\/wp-content\/uploads\/2024\/11\/WhatsApp-Image-2024-11-13-at-15.51.06-2-200x200.jpeg' alt='WhatsApp Image 2024 11 13 At 15.51.06 (2)' \/><\/a><\/div>\n<p>Maur\u00edcio refor\u00e7ou que, em caso de d\u00favidas, os produtores podem procurar a Casa da Agricultura de Adamantina, localizada na Alameda Santa Cruz, 541 \u2013 Centro.<\/p>\n<div class='flex flex-wrap items-center -mx-1'>\r\n<a class='thumbnail gallery p-1 w-1\/2 md:w-1\/4' href='https:\/\/radiolifefm.com.br\/noticias\/wp-content\/uploads\/2024\/11\/WhatsApp-Image-2024-11-13-at-15.51.06-1.jpeg'><img class='border border-white' src='https:\/\/radiolifefm.com.br\/noticias\/wp-content\/uploads\/2024\/11\/WhatsApp-Image-2024-11-13-at-15.51.06-1-200x200.jpeg' alt='WhatsApp Image 2024 11 13 At 15.51.06 (1)' \/><\/a><a class='thumbnail gallery p-1 w-1\/2 md:w-1\/4' href='https:\/\/radiolifefm.com.br\/noticias\/wp-content\/uploads\/2024\/11\/WhatsApp-Image-2024-11-13-at-15.51.06.jpeg'><img class='border border-white' src='https:\/\/radiolifefm.com.br\/noticias\/wp-content\/uploads\/2024\/11\/WhatsApp-Image-2024-11-13-at-15.51.06-200x200.jpeg' alt='WhatsApp Image 2024 11 13 At 15.51.06' \/><\/a><\/div>\n<p><strong>T\u00f3picos Abordados na Entrevista:<\/strong><\/p>\n<ul>\n<li>Cidades da regi\u00e3o atendidas pela Casa da Agricultura<\/li>\n<li>Dificuldades enfrentadas pelos agricultores<\/li>\n<li>Servi\u00e7os oferecidos pela Casa da Agricultura<\/li>\n<li>Benef\u00edcios para os produtores<\/li>\n<li>Import\u00e2ncia do Cadastro Ambiental Rural (CAR)<\/li>\n<\/ul>\n<p>Para mais informa\u00e7\u00f5es, acesse o link da entrevista completa.<\/p>\n<p><a href=\"https:\/\/www.youtube.com\/watch?v=mPXhFPDhn0g\">https:\/\/www.youtube.com\/watch?v=mPXhFPDhn0g<\/a><\/p>\n","protected":false},"excerpt":{"rendered":"<p>Na \u00faltima segunda-feira, 11 de novembro, foi ao ar mais uma edi\u00e7\u00e3o do programa Prosa do Campo na Life FM. Apresentado por Cristiano do Mor\u00e3o, pecuarista e investidor, o programa contou com a participa\u00e7\u00e3o especial de Maur\u00edcio Konrad, agr\u00f4nomo da Casa da Agricultura de Adamantina. Durante a entrevista, Maur\u00edcio compartilhou hist\u00f3rias inspiradoras sobre o universo [&hellip;]<\/p>\n","protected":false},"author":8,"featured_media":95589,"comment_status":"closed","ping_status":"open","sticky":false,"template":"","format":"standard","meta":{"_acf_changed":false,"_exactmetrics_skip_tracking":false,"_exactmetrics_sitenote_active":false,"_exactmetrics_sitenote_note":"","_exactmetrics_sitenote_category":0,"footnotes":""},"categories":[191],"tags":[],"class_list":["post-95582","post","type-post","status-publish","format-standard","has-post-thumbnail","hentry","category-prosa-do-campo"],"acf":[],"yoast_head":"<!-- This site is optimized with the Yoast SEO plugin v27.2 - https:\/\/yoast.com\/product\/yoast-seo-wordpress\/ -->\n<title>Prosa do Campo: Agr\u00f4nomo Maur\u00edcio Konrad Compartilha Conhecimento e o Trabalho da Casa da Agricultura - R\u00e1dio Life FM<\/title>\n<meta name=\"robots\" content=\"index, follow, max-snippet:-1, max-image-preview:large, max-video-preview:-1\" \/>\n<link rel=\"canonical\" href=\"https:\/\/radiolifefm.com.br\/noticias\/prosa-do-campo-agronomo-mauricio-konrad-compartilha-conhecimento-e-o-trabalho-da-casa-da-agricultura\/\" \/>\n<meta property=\"og:locale\" content=\"pt_BR\" \/>\n<meta property=\"og:type\" content=\"article\" \/>\n<meta property=\"og:title\" content=\"Prosa do Campo: Agr\u00f4nomo Maur\u00edcio Konrad Compartilha Conhecimento e o Trabalho da Casa da Agricultura - R\u00e1dio Life FM\" \/>\n<meta property=\"og:description\" content=\"Na \u00faltima segunda-feira, 11 de novembro, foi ao ar mais uma edi\u00e7\u00e3o do programa Prosa do Campo na Life FM. Apresentado por Cristiano do Mor\u00e3o, pecuarista e investidor, o programa contou com a participa\u00e7\u00e3o especial de Maur\u00edcio Konrad, agr\u00f4nomo da Casa da Agricultura de Adamantina. Durante a entrevista, Maur\u00edcio compartilhou hist\u00f3rias inspiradoras sobre o universo [&hellip;]\" \/>\n<meta property=\"og:url\" content=\"https:\/\/radiolifefm.com.br\/noticias\/prosa-do-campo-agronomo-mauricio-konrad-compartilha-conhecimento-e-o-trabalho-da-casa-da-agricultura\/\" \/>\n<meta property=\"og:site_name\" content=\"R\u00e1dio Life FM\" \/>\n<meta property=\"article:publisher\" content=\"https:\/\/www.facebook.com\/radiolifefm\/\" \/>\n<meta property=\"article:published_time\" content=\"2024-11-13T18:54:18+00:00\" \/>\n<meta property=\"article:modified_time\" content=\"2026-04-17T09:17:55+00:00\" \/>\n<meta property=\"og:image\" content=\"https:\/\/radiolifefm.com.br\/noticias\/wp-content\/uploads\/2024\/11\/WhatsApp-Image-2024-11-13-at-14.51.07-1.jpeg\" \/>\n\t<meta property=\"og:image:width\" content=\"1600\" \/>\n\t<meta property=\"og:image:height\" content=\"1200\" \/>\n\t<meta property=\"og:image:type\" content=\"image\/jpeg\" \/>\n<meta name=\"author\" content=\"joaograndao\" \/>\n<meta name=\"twitter:card\" content=\"summary_large_image\" \/>\n<meta name=\"twitter:label1\" content=\"Escrito por\" \/>\n\t<meta name=\"twitter:data1\" content=\"joaograndao\" \/>\n\t<meta name=\"twitter:label2\" content=\"Est. tempo de leitura\" \/>\n\t<meta name=\"twitter:data2\" content=\"2 minutos\" \/>\n<script type=\"application\/ld+json\" class=\"yoast-schema-graph\">{\"@context\":\"https:\/\/schema.org\",\"@graph\":[{\"@type\":\"Article\",\"@id\":\"https:\/\/radiolifefm.com.br\/noticias\/prosa-do-campo-agronomo-mauricio-konrad-compartilha-conhecimento-e-o-trabalho-da-casa-da-agricultura\/#article\",\"isPartOf\":{\"@id\":\"https:\/\/radiolifefm.com.br\/noticias\/prosa-do-campo-agronomo-mauricio-konrad-compartilha-conhecimento-e-o-trabalho-da-casa-da-agricultura\/\"},\"author\":{\"name\":\"joaograndao\",\"@id\":\"https:\/\/radiolifefm.com.br\/noticias\/#\/schema\/person\/6876e1240feffe6e1b63fd5cb85abf28\"},\"headline\":\"Prosa do Campo: Agr\u00f4nomo Maur\u00edcio Konrad Compartilha Conhecimento e o Trabalho da Casa da Agricultura\",\"datePublished\":\"2024-11-13T18:54:18+00:00\",\"dateModified\":\"2026-04-17T09:17:55+00:00\",\"mainEntityOfPage\":{\"@id\":\"https:\/\/radiolifefm.com.br\/noticias\/prosa-do-campo-agronomo-mauricio-konrad-compartilha-conhecimento-e-o-trabalho-da-casa-da-agricultura\/\"},\"wordCount\":201,\"publisher\":{\"@id\":\"https:\/\/radiolifefm.com.br\/noticias\/#organization\"},\"image\":{\"@id\":\"https:\/\/radiolifefm.com.br\/noticias\/prosa-do-campo-agronomo-mauricio-konrad-compartilha-conhecimento-e-o-trabalho-da-casa-da-agricultura\/#primaryimage\"},\"thumbnailUrl\":\"https:\/\/radiolifefm.com.br\/noticias\/wp-content\/uploads\/2024\/11\/WhatsApp-Image-2024-11-13-at-14.51.07-1.jpeg\",\"articleSection\":[\"Prosa do Campo\"],\"inLanguage\":\"pt-BR\"},{\"@type\":\"WebPage\",\"@id\":\"https:\/\/radiolifefm.com.br\/noticias\/prosa-do-campo-agronomo-mauricio-konrad-compartilha-conhecimento-e-o-trabalho-da-casa-da-agricultura\/\",\"url\":\"https:\/\/radiolifefm.com.br\/noticias\/prosa-do-campo-agronomo-mauricio-konrad-compartilha-conhecimento-e-o-trabalho-da-casa-da-agricultura\/\",\"name\":\"Prosa do Campo: Agr\u00f4nomo Maur\u00edcio Konrad Compartilha Conhecimento e o Trabalho da Casa da Agricultura - R\u00e1dio Life FM\",\"isPartOf\":{\"@id\":\"https:\/\/radiolifefm.com.br\/noticias\/#website\"},\"primaryImageOfPage\":{\"@id\":\"https:\/\/radiolifefm.com.br\/noticias\/prosa-do-campo-agronomo-mauricio-konrad-compartilha-conhecimento-e-o-trabalho-da-casa-da-agricultura\/#primaryimage\"},\"image\":{\"@id\":\"https:\/\/radiolifefm.com.br\/noticias\/prosa-do-campo-agronomo-mauricio-konrad-compartilha-conhecimento-e-o-trabalho-da-casa-da-agricultura\/#primaryimage\"},\"thumbnailUrl\":\"https:\/\/radiolifefm.com.br\/noticias\/wp-content\/uploads\/2024\/11\/WhatsApp-Image-2024-11-13-at-14.51.07-1.jpeg\",\"datePublished\":\"2024-11-13T18:54:18+00:00\",\"dateModified\":\"2026-04-17T09:17:55+00:00\",\"breadcrumb\":{\"@id\":\"https:\/\/radiolifefm.com.br\/noticias\/prosa-do-campo-agronomo-mauricio-konrad-compartilha-conhecimento-e-o-trabalho-da-casa-da-agricultura\/#breadcrumb\"},\"inLanguage\":\"pt-BR\",\"potentialAction\":[{\"@type\":\"ReadAction\",\"target\":[\"https:\/\/radiolifefm.com.br\/noticias\/prosa-do-campo-agronomo-mauricio-konrad-compartilha-conhecimento-e-o-trabalho-da-casa-da-agricultura\/\"]}]},{\"@type\":\"ImageObject\",\"inLanguage\":\"pt-BR\",\"@id\":\"https:\/\/radiolifefm.com.br\/noticias\/prosa-do-campo-agronomo-mauricio-konrad-compartilha-conhecimento-e-o-trabalho-da-casa-da-agricultura\/#primaryimage\",\"url\":\"https:\/\/radiolifefm.com.br\/noticias\/wp-content\/uploads\/2024\/11\/WhatsApp-Image-2024-11-13-at-14.51.07-1.jpeg\",\"contentUrl\":\"https:\/\/radiolifefm.com.br\/noticias\/wp-content\/uploads\/2024\/11\/WhatsApp-Image-2024-11-13-at-14.51.07-1.jpeg\",\"width\":1600,\"height\":1200},{\"@type\":\"BreadcrumbList\",\"@id\":\"https:\/\/radiolifefm.com.br\/noticias\/prosa-do-campo-agronomo-mauricio-konrad-compartilha-conhecimento-e-o-trabalho-da-casa-da-agricultura\/#breadcrumb\",\"itemListElement\":[{\"@type\":\"ListItem\",\"position\":1,\"name\":\"In\u00edcio\",\"item\":\"https:\/\/radiolifefm.com.br\/noticias\/\"},{\"@type\":\"ListItem\",\"position\":2,\"name\":\"Prosa do Campo: Agr\u00f4nomo Maur\u00edcio Konrad Compartilha Conhecimento e o Trabalho da Casa da Agricultura\"}]},{\"@type\":\"WebSite\",\"@id\":\"https:\/\/radiolifefm.com.br\/noticias\/#website\",\"url\":\"https:\/\/radiolifefm.com.br\/noticias\/\",\"name\":\"R\u00e1dio Life FM\",\"description\":\"O Portal de Not\u00edcias de Adamantina\",\"publisher\":{\"@id\":\"https:\/\/radiolifefm.com.br\/noticias\/#organization\"},\"alternateName\":\"Life FM\",\"potentialAction\":[{\"@type\":\"SearchAction\",\"target\":{\"@type\":\"EntryPoint\",\"urlTemplate\":\"https:\/\/radiolifefm.com.br\/noticias\/?s={search_term_string}\"},\"query-input\":{\"@type\":\"PropertyValueSpecification\",\"valueRequired\":true,\"valueName\":\"search_term_string\"}}],\"inLanguage\":\"pt-BR\"},{\"@type\":\"Organization\",\"@id\":\"https:\/\/radiolifefm.com.br\/noticias\/#organization\",\"name\":\"R\u00e1dio Life FM\",\"alternateName\":\"Life FM\",\"url\":\"https:\/\/radiolifefm.com.br\/noticias\/\",\"logo\":{\"@type\":\"ImageObject\",\"inLanguage\":\"pt-BR\",\"@id\":\"https:\/\/radiolifefm.com.br\/noticias\/#\/schema\/logo\/image\/\",\"url\":\"https:\/\/static.radiolifefm.com.br\/noticias\/wp-content\/uploads\/2019\/10\/logo-lifefm.png\",\"contentUrl\":\"https:\/\/static.radiolifefm.com.br\/noticias\/wp-content\/uploads\/2019\/10\/logo-lifefm.png\",\"width\":196,\"height\":47,\"caption\":\"R\u00e1dio Life FM\"},\"image\":{\"@id\":\"https:\/\/radiolifefm.com.br\/noticias\/#\/schema\/logo\/image\/\"},\"sameAs\":[\"https:\/\/www.facebook.com\/radiolifefm\/\",\"https:\/\/www.instagram.com\/life1079fm\/\"]},{\"@type\":\"Person\",\"@id\":\"https:\/\/radiolifefm.com.br\/noticias\/#\/schema\/person\/6876e1240feffe6e1b63fd5cb85abf28\",\"name\":\"joaograndao\",\"image\":{\"@type\":\"ImageObject\",\"inLanguage\":\"pt-BR\",\"@id\":\"https:\/\/secure.gravatar.com\/avatar\/d5b1a3cf357ed9c50404e256a1294083aa8ab5d2a994001567302786016cb32c?s=96&d=mm&r=g\",\"url\":\"https:\/\/secure.gravatar.com\/avatar\/d5b1a3cf357ed9c50404e256a1294083aa8ab5d2a994001567302786016cb32c?s=96&d=mm&r=g\",\"contentUrl\":\"https:\/\/secure.gravatar.com\/avatar\/d5b1a3cf357ed9c50404e256a1294083aa8ab5d2a994001567302786016cb32c?s=96&d=mm&r=g\",\"caption\":\"joaograndao\"}}]}<\/script>\n<!-- \/ Yoast SEO plugin. -->","yoast_head_json":{"title":"Prosa do Campo: Agr\u00f4nomo Maur\u00edcio Konrad Compartilha Conhecimento e o Trabalho da Casa da Agricultura - R\u00e1dio Life FM","robots":{"index":"index","follow":"follow","max-snippet":"max-snippet:-1","max-image-preview":"max-image-preview:large","max-video-preview":"max-video-preview:-1"},"canonical":"https:\/\/radiolifefm.com.br\/noticias\/prosa-do-campo-agronomo-mauricio-konrad-compartilha-conhecimento-e-o-trabalho-da-casa-da-agricultura\/","og_locale":"pt_BR","og_type":"article","og_title":"Prosa do Campo: Agr\u00f4nomo Maur\u00edcio Konrad Compartilha Conhecimento e o Trabalho da Casa da Agricultura - R\u00e1dio Life FM","og_description":"Na \u00faltima segunda-feira, 11 de novembro, foi ao ar mais uma edi\u00e7\u00e3o do programa Prosa do Campo na Life FM. Apresentado por Cristiano do Mor\u00e3o, pecuarista e investidor, o programa contou com a participa\u00e7\u00e3o especial de Maur\u00edcio Konrad, agr\u00f4nomo da Casa da Agricultura de Adamantina. Durante a entrevista, Maur\u00edcio compartilhou hist\u00f3rias inspiradoras sobre o universo [&hellip;]","og_url":"https:\/\/radiolifefm.com.br\/noticias\/prosa-do-campo-agronomo-mauricio-konrad-compartilha-conhecimento-e-o-trabalho-da-casa-da-agricultura\/","og_site_name":"R\u00e1dio Life FM","article_publisher":"https:\/\/www.facebook.com\/radiolifefm\/","article_published_time":"2024-11-13T18:54:18+00:00","article_modified_time":"2026-04-17T09:17:55+00:00","og_image":[{"width":1600,"height":1200,"url":"https:\/\/radiolifefm.com.br\/noticias\/wp-content\/uploads\/2024\/11\/WhatsApp-Image-2024-11-13-at-14.51.07-1.jpeg","type":"image\/jpeg"}],"author":"joaograndao","twitter_card":"summary_large_image","twitter_misc":{"Escrito por":"joaograndao","Est. tempo de leitura":"2 minutos"},"schema":{"@context":"https:\/\/schema.org","@graph":[{"@type":"Article","@id":"https:\/\/radiolifefm.com.br\/noticias\/prosa-do-campo-agronomo-mauricio-konrad-compartilha-conhecimento-e-o-trabalho-da-casa-da-agricultura\/#article","isPartOf":{"@id":"https:\/\/radiolifefm.com.br\/noticias\/prosa-do-campo-agronomo-mauricio-konrad-compartilha-conhecimento-e-o-trabalho-da-casa-da-agricultura\/"},"author":{"name":"joaograndao","@id":"https:\/\/radiolifefm.com.br\/noticias\/#\/schema\/person\/6876e1240feffe6e1b63fd5cb85abf28"},"headline":"Prosa do Campo: Agr\u00f4nomo Maur\u00edcio Konrad Compartilha Conhecimento e o Trabalho da Casa da Agricultura","datePublished":"2024-11-13T18:54:18+00:00","dateModified":"2026-04-17T09:17:55+00:00","mainEntityOfPage":{"@id":"https:\/\/radiolifefm.com.br\/noticias\/prosa-do-campo-agronomo-mauricio-konrad-compartilha-conhecimento-e-o-trabalho-da-casa-da-agricultura\/"},"wordCount":201,"publisher":{"@id":"https:\/\/radiolifefm.com.br\/noticias\/#organization"},"image":{"@id":"https:\/\/radiolifefm.com.br\/noticias\/prosa-do-campo-agronomo-mauricio-konrad-compartilha-conhecimento-e-o-trabalho-da-casa-da-agricultura\/#primaryimage"},"thumbnailUrl":"https:\/\/radiolifefm.com.br\/noticias\/wp-content\/uploads\/2024\/11\/WhatsApp-Image-2024-11-13-at-14.51.07-1.jpeg","articleSection":["Prosa do Campo"],"inLanguage":"pt-BR"},{"@type":"WebPage","@id":"https:\/\/radiolifefm.com.br\/noticias\/prosa-do-campo-agronomo-mauricio-konrad-compartilha-conhecimento-e-o-trabalho-da-casa-da-agricultura\/","url":"https:\/\/radiolifefm.com.br\/noticias\/prosa-do-campo-agronomo-mauricio-konrad-compartilha-conhecimento-e-o-trabalho-da-casa-da-agricultura\/","name":"Prosa do Campo: Agr\u00f4nomo Maur\u00edcio Konrad Compartilha Conhecimento e o Trabalho da Casa da Agricultura - R\u00e1dio Life FM","isPartOf":{"@id":"https:\/\/radiolifefm.com.br\/noticias\/#website"},"primaryImageOfPage":{"@id":"https:\/\/radiolifefm.com.br\/noticias\/prosa-do-campo-agronomo-mauricio-konrad-compartilha-conhecimento-e-o-trabalho-da-casa-da-agricultura\/#primaryimage"},"image":{"@id":"https:\/\/radiolifefm.com.br\/noticias\/prosa-do-campo-agronomo-mauricio-konrad-compartilha-conhecimento-e-o-trabalho-da-casa-da-agricultura\/#primaryimage"},"thumbnailUrl":"https:\/\/radiolifefm.com.br\/noticias\/wp-content\/uploads\/2024\/11\/WhatsApp-Image-2024-11-13-at-14.51.07-1.jpeg","datePublished":"2024-11-13T18:54:18+00:00","dateModified":"2026-04-17T09:17:55+00:00","breadcrumb":{"@id":"https:\/\/radiolifefm.com.br\/noticias\/prosa-do-campo-agronomo-mauricio-konrad-compartilha-conhecimento-e-o-trabalho-da-casa-da-agricultura\/#breadcrumb"},"inLanguage":"pt-BR","potentialAction":[{"@type":"ReadAction","target":["https:\/\/radiolifefm.com.br\/noticias\/prosa-do-campo-agronomo-mauricio-konrad-compartilha-conhecimento-e-o-trabalho-da-casa-da-agricultura\/"]}]},{"@type":"ImageObject","inLanguage":"pt-BR","@id":"https:\/\/radiolifefm.com.br\/noticias\/prosa-do-campo-agronomo-mauricio-konrad-compartilha-conhecimento-e-o-trabalho-da-casa-da-agricultura\/#primaryimage","url":"https:\/\/radiolifefm.com.br\/noticias\/wp-content\/uploads\/2024\/11\/WhatsApp-Image-2024-11-13-at-14.51.07-1.jpeg","contentUrl":"https:\/\/radiolifefm.com.br\/noticias\/wp-content\/uploads\/2024\/11\/WhatsApp-Image-2024-11-13-at-14.51.07-1.jpeg","width":1600,"height":1200},{"@type":"BreadcrumbList","@id":"https:\/\/radiolifefm.com.br\/noticias\/prosa-do-campo-agronomo-mauricio-konrad-compartilha-conhecimento-e-o-trabalho-da-casa-da-agricultura\/#breadcrumb","itemListElement":[{"@type":"ListItem","position":1,"name":"In\u00edcio","item":"https:\/\/radiolifefm.com.br\/noticias\/"},{"@type":"ListItem","position":2,"name":"Prosa do Campo: Agr\u00f4nomo Maur\u00edcio Konrad Compartilha Conhecimento e o Trabalho da Casa da Agricultura"}]},{"@type":"WebSite","@id":"https:\/\/radiolifefm.com.br\/noticias\/#website","url":"https:\/\/radiolifefm.com.br\/noticias\/","name":"R\u00e1dio Life FM","description":"O Portal de Not\u00edcias de Adamantina","publisher":{"@id":"https:\/\/radiolifefm.com.br\/noticias\/#organization"},"alternateName":"Life FM","potentialAction":[{"@type":"SearchAction","target":{"@type":"EntryPoint","urlTemplate":"https:\/\/radiolifefm.com.br\/noticias\/?s={search_term_string}"},"query-input":{"@type":"PropertyValueSpecification","valueRequired":true,"valueName":"search_term_string"}}],"inLanguage":"pt-BR"},{"@type":"Organization","@id":"https:\/\/radiolifefm.com.br\/noticias\/#organization","name":"R\u00e1dio Life FM","alternateName":"Life FM","url":"https:\/\/radiolifefm.com.br\/noticias\/","logo":{"@type":"ImageObject","inLanguage":"pt-BR","@id":"https:\/\/radiolifefm.com.br\/noticias\/#\/schema\/logo\/image\/","url":"https:\/\/static.radiolifefm.com.br\/noticias\/wp-content\/uploads\/2019\/10\/logo-lifefm.png","contentUrl":"https:\/\/static.radiolifefm.com.br\/noticias\/wp-content\/uploads\/2019\/10\/logo-lifefm.png","width":196,"height":47,"caption":"R\u00e1dio Life FM"},"image":{"@id":"https:\/\/radiolifefm.com.br\/noticias\/#\/schema\/logo\/image\/"},"sameAs":["https:\/\/www.facebook.com\/radiolifefm\/","https:\/\/www.instagram.com\/life1079fm\/"]},{"@type":"Person","@id":"https:\/\/radiolifefm.com.br\/noticias\/#\/schema\/person\/6876e1240feffe6e1b63fd5cb85abf28","name":"joaograndao","image":{"@type":"ImageObject","inLanguage":"pt-BR","@id":"https:\/\/secure.gravatar.com\/avatar\/d5b1a3cf357ed9c50404e256a1294083aa8ab5d2a994001567302786016cb32c?s=96&d=mm&r=g","url":"https:\/\/secure.gravatar.com\/avatar\/d5b1a3cf357ed9c50404e256a1294083aa8ab5d2a994001567302786016cb32c?s=96&d=mm&r=g","contentUrl":"https:\/\/secure.gravatar.com\/avatar\/d5b1a3cf357ed9c50404e256a1294083aa8ab5d2a994001567302786016cb32c?s=96&d=mm&r=g","caption":"joaograndao"}}]}},"amp_enabled":true,"_links":{"self":[{"href":"https:\/\/radiolifefm.com.br\/noticias\/wp-json\/wp\/v2\/posts\/95582","targetHints":{"allow":["GET"]}}],"collection":[{"href":"https:\/\/radiolifefm.com.br\/noticias\/wp-json\/wp\/v2\/posts"}],"about":[{"href":"https:\/\/radiolifefm.com.br\/noticias\/wp-json\/wp\/v2\/types\/post"}],"author":[{"embeddable":true,"href":"https:\/\/radiolifefm.com.br\/noticias\/wp-json\/wp\/v2\/users\/8"}],"replies":[{"embeddable":true,"href":"https:\/\/radiolifefm.com.br\/noticias\/wp-json\/wp\/v2\/comments?post=95582"}],"version-history":[{"count":1,"href":"https:\/\/radiolifefm.com.br\/noticias\/wp-json\/wp\/v2\/posts\/95582\/revisions"}],"predecessor-version":[{"id":95590,"href":"https:\/\/radiolifefm.com.br\/noticias\/wp-json\/wp\/v2\/posts\/95582\/revisions\/95590"}],"wp:featuredmedia":[{"embeddable":true,"href":"https:\/\/radiolifefm.com.br\/noticias\/wp-json\/wp\/v2\/media\/95589"}],"wp:attachment":[{"href":"https:\/\/radiolifefm.com.br\/noticias\/wp-json\/wp\/v2\/media?parent=95582"}],"wp:term":[{"taxonomy":"category","embeddable":true,"href":"https:\/\/radiolifefm.com.br\/noticias\/wp-json\/wp\/v2\/categories?post=95582"},{"taxonomy":"post_tag","embeddable":true,"href":"https:\/\/radiolifefm.com.br\/noticias\/wp-json\/wp\/v2\/tags?post=95582"}],"curies":[{"name":"wp","href":"https:\/\/api.w.org\/{rel}","templated":true}]}}