{"id":95524,"date":"2024-11-13T10:19:14","date_gmt":"2024-11-13T13:19:14","guid":{"rendered":"https:\/\/radiolifefm.com.br\/noticias\/?p=95524"},"modified":"2026-04-05T07:59:08","modified_gmt":"2026-04-05T10:59:08","slug":"nevermind-o-album-que-ressuscitou-o-rock-2","status":"publish","type":"post","link":"https:\/\/radiolifefm.com.br\/noticias\/nevermind-o-album-que-ressuscitou-o-rock-2\/","title":{"rendered":"\u2018NEVERMIND\u2019: O \u00c1LBUM QUE RESSUSCITOU O ROCK&#8230; (*)"},"content":{"rendered":"<div id=\"fb-root\"><\/div>\n<p>&nbsp;<\/p>\n<p><em>\u201c\u00c1lbum do Nirvana lan\u00e7ado em 1991 ganha festas de anivers\u00e1rio por todo o lado&#8230;\u201d <\/em><em>(L\u00facio Ribeiro in \u201cNevermind, 10: Barulhinho bom, Folhateen, FSP, SP, Segunda-feira, 17\/9\/01, p\u00e1g. 6) <\/em><\/p>\n<p><strong><em>S\u00e9rgio Barbosa<\/em><\/strong><\/p>\n<p><strong><em>\u00a0<\/em><\/strong><\/p>\n<p><strong><em>Dedico este texto aos alunos: Rafael, Marcelo, Alex e Everton. <\/em><\/strong><\/p>\n<p>&nbsp;<\/p>\n<p>Neste novo tempo, quando o mundo est\u00e1 de cabe\u00e7a para baixo como diz um dito popular em terras tupiniquins, pode-se meditar sobre muitas e muitas coisas, entre as quais, os grandes \u00edcones da cultura musical em n\u00edvel mundial.<\/p>\n<p>A chamada Ind\u00fastria cultural se faz presente em v\u00e1rias \u00e1reas neste contexto multicultural em meio aos desencontros patrocinados pela globaliza\u00e7\u00e3o num momento complicado para o planeta terra.<\/p>\n<p>Mesmo assim, n\u00e3o se pode deixar de registrar fatos que fizeram Hist\u00f3ria na d\u00e9cada passada, ou seja, os anos 90, mais precisamente em territ\u00f3rio norte-americano, para ser mais exato, no dia 24 de setembro de 1991, ter\u00e7a-feira, cujo objetivo inicial era comercializar 150 mil discos, sendo este, o alvo da gravadora Geffen, considerada uma megagravadora no disputad\u00edssimo mercado fonogr\u00e1fico em n\u00edvel mundial.<\/p>\n<p>Bom, leitores e leitoras, entre a cruz e a espada do in\u00edcio dos anos 90, quando o mundo estava curtindo uma tremenda ressaca dos anos 80, surge para abalar as estruturas do rock\u2019and roll de forma radical e com marca registrada em forma de explos\u00e3o musical a banda norte-americana NIRVANA com o \u00e1lbum \u201cNEVERMIND\u201d.<\/p>\n<p>Vale a pena ressaltar que o lan\u00e7amento do disco acontece logo depois da Guerra do Golfo, patrocinada e executada pelos norte-americanos em territ\u00f3rios \u00c1rabes, assim, neste momento, registramos mais uma escalada da viol\u00eancia no contexto internacional, depois dos atentados terroristas nas cidades de Nova Iorque e Washington, ambas nos EUA-Estados Unidos da Am\u00e9rica.<\/p>\n<p>&nbsp;<\/p>\n<p>\u201csou pior no que fa\u00e7o melhor\/ e por este presente e eu me sinto aben\u00e7oado\/ nosso grupinho sempre foi\/ e sempre ser\u00e1 at\u00e9 o fim\u201d<\/p>\n<p>&nbsp;<\/p>\n<p>As can\u00e7\u00f5es do disco superaram todas as expectativas do momento em foco, sendo que, \u201cSmells Like Teen Spirit\u201d, colocou em poucos meses o \u00e1lbum em primeiro lugar na concorrida parada top-musical \u201cBillboard\u201d dos EUA.<\/p>\n<p>Era o som que veio parar ficar, de Seatle para o resto do mundo, um grito nervoso e estremecido naquele momento, quando o planeta ainda buscava o seu caminho, sem falar que o rock estava em estado de putrefa\u00e7\u00e3o melanc\u00f3lica, por\u00e9m, sem pedir licen\u00e7a para ningu\u00e9m, eis que surge do nada para o tudo ou do tudo para o nada, Kurt Kobain para mostrar que rock era mais do que alguma coisa naquele fat\u00eddico ano de 1991.<\/p>\n<p>Foram, ou melhor, s\u00e3o 12 m\u00fasicas num \u00e1lbum que deixou marcas pelo caminho, basta olhar para algum lugar perdido no horizonte de uma morte mais do que anunciada, em abril de 1994, quando Kurt Cobain deixou este andar e partiu sem dizer adeus para o outro lado, isso, foi&#8230;<\/p>\n<p>Mas, nada \u00e9 para sempre, afirma o poeta contempor\u00e2neo, por\u00e9m, ficou o registro deste tempo neste in\u00edcio de s\u00e9culo para os disc\u00edpulos do tempo, ou melhor, da redescoberta do rock pelo NIRVANA e sua m\u00fasica, ovacionado como Deuses do Nirvana pela rebeldia dos adolescentes e jovens do \u201cPa\u00eds do faz de conta\u201d durante as manifesta\u00e7\u00f5es pelo \u201cimpeachment\u201d do ent\u00e3o, pseudopresidente, Fernando Collor de Mello, aquele que ca\u00e7ava Maraj\u00e1s no seu estado natal&#8230;<\/p>\n<p>&nbsp;<\/p>\n<p>\u201cAqui estamos\/entretenha-nos\/sinto me\u00a0 est\u00fapido e contagioso\/aqui estamos\/entretenha-nos\/um mulato\/um albino\/minha libido\/yeh\u201d<\/p>\n<p>&nbsp;<\/p>\n<p>Este m\u00eas, o \u00e1lbum \u2018NEVERMIND\u2019 comemora 10 anos de vida em meio aos desmandos dos donos do poder, por\u00e9m, o momento \u00e9 de comemora\u00e7\u00e3o com sinais de protesto pela morte prematura do l\u00edder do NIRVANA, Kurt Cobain em 1994, sem deixar vest\u00edgios para a sua legi\u00e3o de seguidores no Planeta Terra.<\/p>\n<p>A homenagem \u00e9 mais do que p\u00f3stuma para um dos \u00edcones do rock contempor\u00e2neo, de qualquer maneira, o registro est\u00e1 feito neste texto, uma forma de contestar o senso comum que impera nos quatro cantos do mundo neste panorama mais do que p\u00f3smoderno, isso \u00e9, se levar em conta \u00e0 conjuntura do momento, pode-se afirmar sem medo de errar, que o cen\u00e1rio \u00e9 pr\u00f3prio para o ressurgimento do NIRVANA: <em>\u201cEstou t\u00e3o feliz\/porque hoje encontrei meus amigos\/eles est\u00e3o em minha cabe\u00e7a\/sou t\u00e3o feio\/tudo bem, porque voc\u00ea tamb\u00e9m \u00e9\/quebramos nossos espelhos\/domingo de manh\u00e3\/\u00e9 todo dia que me importo\/e n\u00e3o me tenho medo\/acendo minhas velas\/em deslumbramentos porque encontre Deus\/Yeh\u201d<\/em>.<\/p>\n<p>Ave Kurt Cobain! Ave Nirvana! Ave \u201cNevermind\u201d!<\/p>\n<p>&nbsp;<\/p>\n<p><strong><em>_________________________<\/em><\/strong><\/p>\n<p><strong><em>(*) Artigo escrito em 2.001, ainda, quando os nomes registrados na \u201cdedicat\u00f3ria\u201d eram acad\u00eamicos do curso de Publicidade &amp; Propaganda da FAI<\/em><\/strong><\/p>\n","protected":false},"excerpt":{"rendered":"<p>&nbsp; \u201c\u00c1lbum do Nirvana lan\u00e7ado em 1991 ganha festas de anivers\u00e1rio por todo o lado&#8230;\u201d (L\u00facio Ribeiro in \u201cNevermind, 10: Barulhinho bom, Folhateen, FSP, SP, Segunda-feira, 17\/9\/01, p\u00e1g. 6) S\u00e9rgio Barbosa \u00a0 Dedico este texto aos alunos: Rafael, Marcelo, Alex e Everton. &nbsp; Neste novo tempo, quando o mundo est\u00e1 de cabe\u00e7a para baixo como [&hellip;]<\/p>\n","protected":false},"author":13,"featured_media":51988,"comment_status":"closed","ping_status":"open","sticky":false,"template":"","format":"standard","meta":{"_acf_changed":false,"_exactmetrics_skip_tracking":false,"_exactmetrics_sitenote_active":false,"_exactmetrics_sitenote_note":"","_exactmetrics_sitenote_category":0,"footnotes":""},"categories":[59],"tags":[],"class_list":["post-95524","post","type-post","status-publish","format-standard","has-post-thumbnail","hentry","category-opiniao"],"acf":[],"yoast_head":"<!-- This site is optimized with the Yoast SEO plugin v27.2 - https:\/\/yoast.com\/product\/yoast-seo-wordpress\/ -->\n<title>\u2018NEVERMIND\u2019: O \u00c1LBUM QUE RESSUSCITOU O ROCK... (*) - R\u00e1dio Life FM<\/title>\n<meta name=\"robots\" content=\"index, follow, max-snippet:-1, max-image-preview:large, max-video-preview:-1\" \/>\n<link rel=\"canonical\" href=\"https:\/\/radiolifefm.com.br\/noticias\/nevermind-o-album-que-ressuscitou-o-rock-2\/\" \/>\n<meta property=\"og:locale\" content=\"pt_BR\" \/>\n<meta property=\"og:type\" content=\"article\" \/>\n<meta property=\"og:title\" content=\"\u2018NEVERMIND\u2019: O \u00c1LBUM QUE RESSUSCITOU O ROCK... (*) - R\u00e1dio Life FM\" \/>\n<meta property=\"og:description\" content=\"&nbsp; \u201c\u00c1lbum do Nirvana lan\u00e7ado em 1991 ganha festas de anivers\u00e1rio por todo o lado&#8230;\u201d (L\u00facio Ribeiro in \u201cNevermind, 10: Barulhinho bom, Folhateen, FSP, SP, Segunda-feira, 17\/9\/01, p\u00e1g. 6) S\u00e9rgio Barbosa \u00a0 Dedico este texto aos alunos: Rafael, Marcelo, Alex e Everton. &nbsp; Neste novo tempo, quando o mundo est\u00e1 de cabe\u00e7a para baixo como [&hellip;]\" \/>\n<meta property=\"og:url\" content=\"https:\/\/radiolifefm.com.br\/noticias\/nevermind-o-album-que-ressuscitou-o-rock-2\/\" \/>\n<meta property=\"og:site_name\" content=\"R\u00e1dio Life FM\" \/>\n<meta property=\"article:publisher\" content=\"https:\/\/www.facebook.com\/radiolifefm\/\" \/>\n<meta property=\"article:published_time\" content=\"2024-11-13T13:19:14+00:00\" \/>\n<meta property=\"article:modified_time\" content=\"2026-04-05T10:59:08+00:00\" \/>\n<meta property=\"og:image\" content=\"https:\/\/radiolifefm.com.br\/noticias\/wp-content\/uploads\/2022\/04\/WhatsApp-Image-2022-04-10-at-18.43.02.jpeg\" \/>\n\t<meta property=\"og:image:width\" content=\"972\" \/>\n\t<meta property=\"og:image:height\" content=\"1296\" \/>\n\t<meta property=\"og:image:type\" content=\"image\/jpeg\" \/>\n<meta name=\"author\" content=\"ritanery\" \/>\n<meta name=\"twitter:card\" content=\"summary_large_image\" \/>\n<meta name=\"twitter:label1\" content=\"Escrito por\" \/>\n\t<meta name=\"twitter:data1\" content=\"ritanery\" \/>\n\t<meta name=\"twitter:label2\" content=\"Est. tempo de leitura\" \/>\n\t<meta name=\"twitter:data2\" content=\"5 minutos\" \/>\n<script type=\"application\/ld+json\" class=\"yoast-schema-graph\">{\"@context\":\"https:\/\/schema.org\",\"@graph\":[{\"@type\":\"Article\",\"@id\":\"https:\/\/radiolifefm.com.br\/noticias\/nevermind-o-album-que-ressuscitou-o-rock-2\/#article\",\"isPartOf\":{\"@id\":\"https:\/\/radiolifefm.com.br\/noticias\/nevermind-o-album-que-ressuscitou-o-rock-2\/\"},\"author\":{\"name\":\"ritanery\",\"@id\":\"https:\/\/radiolifefm.com.br\/noticias\/#\/schema\/person\/6339b9fac59d12b071dec680d7375d87\"},\"headline\":\"\u2018NEVERMIND\u2019: O \u00c1LBUM QUE RESSUSCITOU O ROCK&#8230; (*)\",\"datePublished\":\"2024-11-13T13:19:14+00:00\",\"dateModified\":\"2026-04-05T10:59:08+00:00\",\"mainEntityOfPage\":{\"@id\":\"https:\/\/radiolifefm.com.br\/noticias\/nevermind-o-album-que-ressuscitou-o-rock-2\/\"},\"wordCount\":802,\"publisher\":{\"@id\":\"https:\/\/radiolifefm.com.br\/noticias\/#organization\"},\"image\":{\"@id\":\"https:\/\/radiolifefm.com.br\/noticias\/nevermind-o-album-que-ressuscitou-o-rock-2\/#primaryimage\"},\"thumbnailUrl\":\"https:\/\/radiolifefm.com.br\/noticias\/wp-content\/uploads\/2022\/04\/WhatsApp-Image-2022-04-10-at-18.43.02.jpeg\",\"articleSection\":[\"Opini\u00e3o\"],\"inLanguage\":\"pt-BR\"},{\"@type\":\"WebPage\",\"@id\":\"https:\/\/radiolifefm.com.br\/noticias\/nevermind-o-album-que-ressuscitou-o-rock-2\/\",\"url\":\"https:\/\/radiolifefm.com.br\/noticias\/nevermind-o-album-que-ressuscitou-o-rock-2\/\",\"name\":\"\u2018NEVERMIND\u2019: O \u00c1LBUM QUE RESSUSCITOU O ROCK... (*) - R\u00e1dio Life FM\",\"isPartOf\":{\"@id\":\"https:\/\/radiolifefm.com.br\/noticias\/#website\"},\"primaryImageOfPage\":{\"@id\":\"https:\/\/radiolifefm.com.br\/noticias\/nevermind-o-album-que-ressuscitou-o-rock-2\/#primaryimage\"},\"image\":{\"@id\":\"https:\/\/radiolifefm.com.br\/noticias\/nevermind-o-album-que-ressuscitou-o-rock-2\/#primaryimage\"},\"thumbnailUrl\":\"https:\/\/radiolifefm.com.br\/noticias\/wp-content\/uploads\/2022\/04\/WhatsApp-Image-2022-04-10-at-18.43.02.jpeg\",\"datePublished\":\"2024-11-13T13:19:14+00:00\",\"dateModified\":\"2026-04-05T10:59:08+00:00\",\"breadcrumb\":{\"@id\":\"https:\/\/radiolifefm.com.br\/noticias\/nevermind-o-album-que-ressuscitou-o-rock-2\/#breadcrumb\"},\"inLanguage\":\"pt-BR\",\"potentialAction\":[{\"@type\":\"ReadAction\",\"target\":[\"https:\/\/radiolifefm.com.br\/noticias\/nevermind-o-album-que-ressuscitou-o-rock-2\/\"]}]},{\"@type\":\"ImageObject\",\"inLanguage\":\"pt-BR\",\"@id\":\"https:\/\/radiolifefm.com.br\/noticias\/nevermind-o-album-que-ressuscitou-o-rock-2\/#primaryimage\",\"url\":\"https:\/\/radiolifefm.com.br\/noticias\/wp-content\/uploads\/2022\/04\/WhatsApp-Image-2022-04-10-at-18.43.02.jpeg\",\"contentUrl\":\"https:\/\/radiolifefm.com.br\/noticias\/wp-content\/uploads\/2022\/04\/WhatsApp-Image-2022-04-10-at-18.43.02.jpeg\",\"width\":972,\"height\":1296,\"caption\":\"S\u00e9rgio Barbosa\"},{\"@type\":\"BreadcrumbList\",\"@id\":\"https:\/\/radiolifefm.com.br\/noticias\/nevermind-o-album-que-ressuscitou-o-rock-2\/#breadcrumb\",\"itemListElement\":[{\"@type\":\"ListItem\",\"position\":1,\"name\":\"In\u00edcio\",\"item\":\"https:\/\/radiolifefm.com.br\/noticias\/\"},{\"@type\":\"ListItem\",\"position\":2,\"name\":\"\u2018NEVERMIND\u2019: O \u00c1LBUM QUE RESSUSCITOU O ROCK&#8230; (*)\"}]},{\"@type\":\"WebSite\",\"@id\":\"https:\/\/radiolifefm.com.br\/noticias\/#website\",\"url\":\"https:\/\/radiolifefm.com.br\/noticias\/\",\"name\":\"R\u00e1dio Life FM\",\"description\":\"O Portal de Not\u00edcias de Adamantina\",\"publisher\":{\"@id\":\"https:\/\/radiolifefm.com.br\/noticias\/#organization\"},\"alternateName\":\"Life FM\",\"potentialAction\":[{\"@type\":\"SearchAction\",\"target\":{\"@type\":\"EntryPoint\",\"urlTemplate\":\"https:\/\/radiolifefm.com.br\/noticias\/?s={search_term_string}\"},\"query-input\":{\"@type\":\"PropertyValueSpecification\",\"valueRequired\":true,\"valueName\":\"search_term_string\"}}],\"inLanguage\":\"pt-BR\"},{\"@type\":\"Organization\",\"@id\":\"https:\/\/radiolifefm.com.br\/noticias\/#organization\",\"name\":\"R\u00e1dio Life FM\",\"alternateName\":\"Life FM\",\"url\":\"https:\/\/radiolifefm.com.br\/noticias\/\",\"logo\":{\"@type\":\"ImageObject\",\"inLanguage\":\"pt-BR\",\"@id\":\"https:\/\/radiolifefm.com.br\/noticias\/#\/schema\/logo\/image\/\",\"url\":\"https:\/\/static.radiolifefm.com.br\/noticias\/wp-content\/uploads\/2019\/10\/logo-lifefm.png\",\"contentUrl\":\"https:\/\/static.radiolifefm.com.br\/noticias\/wp-content\/uploads\/2019\/10\/logo-lifefm.png\",\"width\":196,\"height\":47,\"caption\":\"R\u00e1dio Life FM\"},\"image\":{\"@id\":\"https:\/\/radiolifefm.com.br\/noticias\/#\/schema\/logo\/image\/\"},\"sameAs\":[\"https:\/\/www.facebook.com\/radiolifefm\/\",\"https:\/\/www.instagram.com\/life1079fm\/\"]},{\"@type\":\"Person\",\"@id\":\"https:\/\/radiolifefm.com.br\/noticias\/#\/schema\/person\/6339b9fac59d12b071dec680d7375d87\",\"name\":\"ritanery\",\"image\":{\"@type\":\"ImageObject\",\"inLanguage\":\"pt-BR\",\"@id\":\"https:\/\/secure.gravatar.com\/avatar\/0e37bb19071f47c0b8a23f62a903df117c5a0e75f65a0c2901562f97cd41cf86?s=96&d=mm&r=g\",\"url\":\"https:\/\/secure.gravatar.com\/avatar\/0e37bb19071f47c0b8a23f62a903df117c5a0e75f65a0c2901562f97cd41cf86?s=96&d=mm&r=g\",\"contentUrl\":\"https:\/\/secure.gravatar.com\/avatar\/0e37bb19071f47c0b8a23f62a903df117c5a0e75f65a0c2901562f97cd41cf86?s=96&d=mm&r=g\",\"caption\":\"ritanery\"}}]}<\/script>\n<!-- \/ Yoast SEO plugin. -->","yoast_head_json":{"title":"\u2018NEVERMIND\u2019: O \u00c1LBUM QUE RESSUSCITOU O ROCK... (*) - R\u00e1dio Life FM","robots":{"index":"index","follow":"follow","max-snippet":"max-snippet:-1","max-image-preview":"max-image-preview:large","max-video-preview":"max-video-preview:-1"},"canonical":"https:\/\/radiolifefm.com.br\/noticias\/nevermind-o-album-que-ressuscitou-o-rock-2\/","og_locale":"pt_BR","og_type":"article","og_title":"\u2018NEVERMIND\u2019: O \u00c1LBUM QUE RESSUSCITOU O ROCK... (*) - R\u00e1dio Life FM","og_description":"&nbsp; \u201c\u00c1lbum do Nirvana lan\u00e7ado em 1991 ganha festas de anivers\u00e1rio por todo o lado&#8230;\u201d (L\u00facio Ribeiro in \u201cNevermind, 10: Barulhinho bom, Folhateen, FSP, SP, Segunda-feira, 17\/9\/01, p\u00e1g. 6) S\u00e9rgio Barbosa \u00a0 Dedico este texto aos alunos: Rafael, Marcelo, Alex e Everton. &nbsp; Neste novo tempo, quando o mundo est\u00e1 de cabe\u00e7a para baixo como [&hellip;]","og_url":"https:\/\/radiolifefm.com.br\/noticias\/nevermind-o-album-que-ressuscitou-o-rock-2\/","og_site_name":"R\u00e1dio Life FM","article_publisher":"https:\/\/www.facebook.com\/radiolifefm\/","article_published_time":"2024-11-13T13:19:14+00:00","article_modified_time":"2026-04-05T10:59:08+00:00","og_image":[{"width":972,"height":1296,"url":"https:\/\/radiolifefm.com.br\/noticias\/wp-content\/uploads\/2022\/04\/WhatsApp-Image-2022-04-10-at-18.43.02.jpeg","type":"image\/jpeg"}],"author":"ritanery","twitter_card":"summary_large_image","twitter_misc":{"Escrito por":"ritanery","Est. tempo de leitura":"5 minutos"},"schema":{"@context":"https:\/\/schema.org","@graph":[{"@type":"Article","@id":"https:\/\/radiolifefm.com.br\/noticias\/nevermind-o-album-que-ressuscitou-o-rock-2\/#article","isPartOf":{"@id":"https:\/\/radiolifefm.com.br\/noticias\/nevermind-o-album-que-ressuscitou-o-rock-2\/"},"author":{"name":"ritanery","@id":"https:\/\/radiolifefm.com.br\/noticias\/#\/schema\/person\/6339b9fac59d12b071dec680d7375d87"},"headline":"\u2018NEVERMIND\u2019: O \u00c1LBUM QUE RESSUSCITOU O ROCK&#8230; (*)","datePublished":"2024-11-13T13:19:14+00:00","dateModified":"2026-04-05T10:59:08+00:00","mainEntityOfPage":{"@id":"https:\/\/radiolifefm.com.br\/noticias\/nevermind-o-album-que-ressuscitou-o-rock-2\/"},"wordCount":802,"publisher":{"@id":"https:\/\/radiolifefm.com.br\/noticias\/#organization"},"image":{"@id":"https:\/\/radiolifefm.com.br\/noticias\/nevermind-o-album-que-ressuscitou-o-rock-2\/#primaryimage"},"thumbnailUrl":"https:\/\/radiolifefm.com.br\/noticias\/wp-content\/uploads\/2022\/04\/WhatsApp-Image-2022-04-10-at-18.43.02.jpeg","articleSection":["Opini\u00e3o"],"inLanguage":"pt-BR"},{"@type":"WebPage","@id":"https:\/\/radiolifefm.com.br\/noticias\/nevermind-o-album-que-ressuscitou-o-rock-2\/","url":"https:\/\/radiolifefm.com.br\/noticias\/nevermind-o-album-que-ressuscitou-o-rock-2\/","name":"\u2018NEVERMIND\u2019: O \u00c1LBUM QUE RESSUSCITOU O ROCK... (*) - R\u00e1dio Life FM","isPartOf":{"@id":"https:\/\/radiolifefm.com.br\/noticias\/#website"},"primaryImageOfPage":{"@id":"https:\/\/radiolifefm.com.br\/noticias\/nevermind-o-album-que-ressuscitou-o-rock-2\/#primaryimage"},"image":{"@id":"https:\/\/radiolifefm.com.br\/noticias\/nevermind-o-album-que-ressuscitou-o-rock-2\/#primaryimage"},"thumbnailUrl":"https:\/\/radiolifefm.com.br\/noticias\/wp-content\/uploads\/2022\/04\/WhatsApp-Image-2022-04-10-at-18.43.02.jpeg","datePublished":"2024-11-13T13:19:14+00:00","dateModified":"2026-04-05T10:59:08+00:00","breadcrumb":{"@id":"https:\/\/radiolifefm.com.br\/noticias\/nevermind-o-album-que-ressuscitou-o-rock-2\/#breadcrumb"},"inLanguage":"pt-BR","potentialAction":[{"@type":"ReadAction","target":["https:\/\/radiolifefm.com.br\/noticias\/nevermind-o-album-que-ressuscitou-o-rock-2\/"]}]},{"@type":"ImageObject","inLanguage":"pt-BR","@id":"https:\/\/radiolifefm.com.br\/noticias\/nevermind-o-album-que-ressuscitou-o-rock-2\/#primaryimage","url":"https:\/\/radiolifefm.com.br\/noticias\/wp-content\/uploads\/2022\/04\/WhatsApp-Image-2022-04-10-at-18.43.02.jpeg","contentUrl":"https:\/\/radiolifefm.com.br\/noticias\/wp-content\/uploads\/2022\/04\/WhatsApp-Image-2022-04-10-at-18.43.02.jpeg","width":972,"height":1296,"caption":"S\u00e9rgio Barbosa"},{"@type":"BreadcrumbList","@id":"https:\/\/radiolifefm.com.br\/noticias\/nevermind-o-album-que-ressuscitou-o-rock-2\/#breadcrumb","itemListElement":[{"@type":"ListItem","position":1,"name":"In\u00edcio","item":"https:\/\/radiolifefm.com.br\/noticias\/"},{"@type":"ListItem","position":2,"name":"\u2018NEVERMIND\u2019: O \u00c1LBUM QUE RESSUSCITOU O ROCK&#8230; (*)"}]},{"@type":"WebSite","@id":"https:\/\/radiolifefm.com.br\/noticias\/#website","url":"https:\/\/radiolifefm.com.br\/noticias\/","name":"R\u00e1dio Life FM","description":"O Portal de Not\u00edcias de Adamantina","publisher":{"@id":"https:\/\/radiolifefm.com.br\/noticias\/#organization"},"alternateName":"Life FM","potentialAction":[{"@type":"SearchAction","target":{"@type":"EntryPoint","urlTemplate":"https:\/\/radiolifefm.com.br\/noticias\/?s={search_term_string}"},"query-input":{"@type":"PropertyValueSpecification","valueRequired":true,"valueName":"search_term_string"}}],"inLanguage":"pt-BR"},{"@type":"Organization","@id":"https:\/\/radiolifefm.com.br\/noticias\/#organization","name":"R\u00e1dio Life FM","alternateName":"Life FM","url":"https:\/\/radiolifefm.com.br\/noticias\/","logo":{"@type":"ImageObject","inLanguage":"pt-BR","@id":"https:\/\/radiolifefm.com.br\/noticias\/#\/schema\/logo\/image\/","url":"https:\/\/static.radiolifefm.com.br\/noticias\/wp-content\/uploads\/2019\/10\/logo-lifefm.png","contentUrl":"https:\/\/static.radiolifefm.com.br\/noticias\/wp-content\/uploads\/2019\/10\/logo-lifefm.png","width":196,"height":47,"caption":"R\u00e1dio Life FM"},"image":{"@id":"https:\/\/radiolifefm.com.br\/noticias\/#\/schema\/logo\/image\/"},"sameAs":["https:\/\/www.facebook.com\/radiolifefm\/","https:\/\/www.instagram.com\/life1079fm\/"]},{"@type":"Person","@id":"https:\/\/radiolifefm.com.br\/noticias\/#\/schema\/person\/6339b9fac59d12b071dec680d7375d87","name":"ritanery","image":{"@type":"ImageObject","inLanguage":"pt-BR","@id":"https:\/\/secure.gravatar.com\/avatar\/0e37bb19071f47c0b8a23f62a903df117c5a0e75f65a0c2901562f97cd41cf86?s=96&d=mm&r=g","url":"https:\/\/secure.gravatar.com\/avatar\/0e37bb19071f47c0b8a23f62a903df117c5a0e75f65a0c2901562f97cd41cf86?s=96&d=mm&r=g","contentUrl":"https:\/\/secure.gravatar.com\/avatar\/0e37bb19071f47c0b8a23f62a903df117c5a0e75f65a0c2901562f97cd41cf86?s=96&d=mm&r=g","caption":"ritanery"}}]}},"amp_enabled":true,"_links":{"self":[{"href":"https:\/\/radiolifefm.com.br\/noticias\/wp-json\/wp\/v2\/posts\/95524","targetHints":{"allow":["GET"]}}],"collection":[{"href":"https:\/\/radiolifefm.com.br\/noticias\/wp-json\/wp\/v2\/posts"}],"about":[{"href":"https:\/\/radiolifefm.com.br\/noticias\/wp-json\/wp\/v2\/types\/post"}],"author":[{"embeddable":true,"href":"https:\/\/radiolifefm.com.br\/noticias\/wp-json\/wp\/v2\/users\/13"}],"replies":[{"embeddable":true,"href":"https:\/\/radiolifefm.com.br\/noticias\/wp-json\/wp\/v2\/comments?post=95524"}],"version-history":[{"count":1,"href":"https:\/\/radiolifefm.com.br\/noticias\/wp-json\/wp\/v2\/posts\/95524\/revisions"}],"predecessor-version":[{"id":95525,"href":"https:\/\/radiolifefm.com.br\/noticias\/wp-json\/wp\/v2\/posts\/95524\/revisions\/95525"}],"wp:featuredmedia":[{"embeddable":true,"href":"https:\/\/radiolifefm.com.br\/noticias\/wp-json\/wp\/v2\/media\/51988"}],"wp:attachment":[{"href":"https:\/\/radiolifefm.com.br\/noticias\/wp-json\/wp\/v2\/media?parent=95524"}],"wp:term":[{"taxonomy":"category","embeddable":true,"href":"https:\/\/radiolifefm.com.br\/noticias\/wp-json\/wp\/v2\/categories?post=95524"},{"taxonomy":"post_tag","embeddable":true,"href":"https:\/\/radiolifefm.com.br\/noticias\/wp-json\/wp\/v2\/tags?post=95524"}],"curies":[{"name":"wp","href":"https:\/\/api.w.org\/{rel}","templated":true}]}}