{"id":95270,"date":"2024-11-12T10:12:25","date_gmt":"2024-11-12T13:12:25","guid":{"rendered":"https:\/\/radiolifefm.com.br\/noticias\/?p=95270"},"modified":"2026-04-08T20:08:09","modified_gmt":"2026-04-08T23:08:09","slug":"o-relogio-do-tempo-de-nossas-vidas","status":"publish","type":"post","link":"https:\/\/radiolifefm.com.br\/noticias\/o-relogio-do-tempo-de-nossas-vidas\/","title":{"rendered":"O REL\u00d3GIO DO TEMPO DE NOSSAS VIDAS!"},"content":{"rendered":"<div id=\"fb-root\"><\/div>\n<p>N\u00e3o me recordo a partir de quando o tic tac do rel\u00f3gio come\u00e7ou a ter import\u00e2ncia em minha vida.<br \/>\nQuando crian\u00e7as, n\u00e3o percebendo o que, na verdade, ocorre, desejamos crescer o mais r\u00e1pido poss\u00edvel e tomar as r\u00e9deas de nossa exist\u00eancia!<br \/>\nAs imagina\u00e7\u00f5es de nossa \u00e9poca mais pueril, rodeadas de sonhos e expectativas insontes, n\u00e3o nos permitem alcan\u00e7ar a cortina que se abre \u00e0 medida que nossos olhos s\u00e3o clareados pela aptid\u00e3o.<br \/>\nO fato \u00e9 que, ao nos darmos conta do imut\u00e1vel vas\u00e3o da ampulheta, que inexoravelmente nos cobra urg\u00eancia, queremos viver e viver, sorver cada segundo, mas isso se d\u00e1 somente ap\u00f3s muitos anos, quando j\u00e1 o passado \u00e9 imenso e o futuro, quem o sabe?<br \/>\nAgora com mais de seis d\u00e9cadas de exist\u00eancia, tenho me deparado com o desejo de armazenar o m\u00e1ximo poss\u00edvel de lembran\u00e7as, imagens, sons, palavras rabiscadas num cantinho do papel, pequenas recorda\u00e7\u00f5es (tesouros preciosos).<br \/>\nA celeridade do rel\u00f3gio nos faz valorizar tudo o que antes n\u00e3o passava de um detalhe e ent\u00e3o, aquelas rosas, que ap\u00f3s uma semana seriam jogadas no lixo, ir\u00e3o carinhosamente ser guardadas em p\u00e1ginas de livros.<br \/>\nAs flores na janela, a \u00e1gua com n\u00e9ctar, atraem os passarinhos, sendo respons\u00e1veis por meu despertar nas manh\u00e3s e pelo primeiro sorriso de felicidade.<br \/>\nQuero abrir as gavetas da mente e do cora\u00e7\u00e3o, acumular o brilho reluzente das \u00e1guas do mar com o reflexo do sol, olhar aquele c\u00e9u perfeitamente preparado para receber a lua e as estrelas. Quero o som dos beija-flores, dos besouros, do bater de asas das gar\u00e7as.<br \/>\nSe conseguir, depois viv\u00ea-los de uma s\u00f3 vez, sem esquecer, nem, perder qualquer nuance. Ah! Seria de inestim\u00e1vel valor!<br \/>\nEstive no restaurante em uma ilha e convers\u00e1vamos animadamente com as pessoas \u00e0 mesa, e somente ao levantar para sair, deparei-me com um espet\u00e1culo maravilhoso da praia e o p\u00f4r-do-sol.<br \/>\nComo pude perder isso?<br \/>\nFiz a pergunta a mim mesma, em tom aud\u00edvel, e todos olharam para o cen\u00e1rio.<br \/>\nN\u00e3o sei se algu\u00e9m sentiu o mesmo que eu, mas foi como se tivesse perdido algo que de nenhuma outra maneira conseguirei repor. A beleza estonteante daquele instante fez valer todo aquele dia.<br \/>\nO tempo n\u00e3o para, \u00e9 verdade, mas podemos parar e calar diante do espet\u00e1culo da vida que nos rodeia.<\/p>\n<p><strong>Solange Lisboa<\/strong><\/p>\n<p><strong>11\/11\/2024<\/strong><\/p>\n<p><strong>@sollisboapoeta<\/strong><\/p>\n","protected":false},"excerpt":{"rendered":"<p>N\u00e3o me recordo a partir de quando o tic tac do rel\u00f3gio come\u00e7ou a ter import\u00e2ncia em minha vida. Quando crian\u00e7as, n\u00e3o percebendo o que, na verdade, ocorre, desejamos crescer o mais r\u00e1pido poss\u00edvel e tomar as r\u00e9deas de nossa exist\u00eancia! As imagina\u00e7\u00f5es de nossa \u00e9poca mais pueril, rodeadas de sonhos e expectativas insontes, n\u00e3o [&hellip;]<\/p>\n","protected":false},"author":13,"featured_media":95271,"comment_status":"closed","ping_status":"open","sticky":false,"template":"","format":"standard","meta":{"_acf_changed":false,"_exactmetrics_skip_tracking":false,"_exactmetrics_sitenote_active":false,"_exactmetrics_sitenote_note":"","_exactmetrics_sitenote_category":0,"footnotes":""},"categories":[59],"tags":[],"class_list":["post-95270","post","type-post","status-publish","format-standard","has-post-thumbnail","hentry","category-opiniao"],"acf":[],"yoast_head":"<!-- This site is optimized with the Yoast SEO plugin v27.2 - https:\/\/yoast.com\/product\/yoast-seo-wordpress\/ -->\n<title>O REL\u00d3GIO DO TEMPO DE NOSSAS VIDAS! - R\u00e1dio Life FM<\/title>\n<meta name=\"robots\" content=\"index, follow, max-snippet:-1, max-image-preview:large, max-video-preview:-1\" \/>\n<link rel=\"canonical\" href=\"https:\/\/radiolifefm.com.br\/noticias\/o-relogio-do-tempo-de-nossas-vidas\/\" \/>\n<meta property=\"og:locale\" content=\"pt_BR\" \/>\n<meta property=\"og:type\" content=\"article\" \/>\n<meta property=\"og:title\" content=\"O REL\u00d3GIO DO TEMPO DE NOSSAS VIDAS! - R\u00e1dio Life FM\" \/>\n<meta property=\"og:description\" content=\"N\u00e3o me recordo a partir de quando o tic tac do rel\u00f3gio come\u00e7ou a ter import\u00e2ncia em minha vida. Quando crian\u00e7as, n\u00e3o percebendo o que, na verdade, ocorre, desejamos crescer o mais r\u00e1pido poss\u00edvel e tomar as r\u00e9deas de nossa exist\u00eancia! As imagina\u00e7\u00f5es de nossa \u00e9poca mais pueril, rodeadas de sonhos e expectativas insontes, n\u00e3o [&hellip;]\" \/>\n<meta property=\"og:url\" content=\"https:\/\/radiolifefm.com.br\/noticias\/o-relogio-do-tempo-de-nossas-vidas\/\" \/>\n<meta property=\"og:site_name\" content=\"R\u00e1dio Life FM\" \/>\n<meta property=\"article:publisher\" content=\"https:\/\/www.facebook.com\/radiolifefm\/\" \/>\n<meta property=\"article:published_time\" content=\"2024-11-12T13:12:25+00:00\" \/>\n<meta property=\"article:modified_time\" content=\"2026-04-08T23:08:09+00:00\" \/>\n<meta property=\"og:image\" content=\"https:\/\/radiolifefm.com.br\/noticias\/wp-content\/uploads\/2024\/11\/WhatsApp-Image-2024-11-11-at-23.47.58.jpeg\" \/>\n\t<meta property=\"og:image:width\" content=\"1199\" \/>\n\t<meta property=\"og:image:height\" content=\"1599\" \/>\n\t<meta property=\"og:image:type\" content=\"image\/jpeg\" \/>\n<meta name=\"author\" content=\"ritanery\" \/>\n<meta name=\"twitter:card\" content=\"summary_large_image\" \/>\n<meta name=\"twitter:label1\" content=\"Escrito por\" \/>\n\t<meta name=\"twitter:data1\" content=\"ritanery\" \/>\n\t<meta name=\"twitter:label2\" content=\"Est. tempo de leitura\" \/>\n\t<meta name=\"twitter:data2\" content=\"3 minutos\" \/>\n<script type=\"application\/ld+json\" class=\"yoast-schema-graph\">{\"@context\":\"https:\/\/schema.org\",\"@graph\":[{\"@type\":\"Article\",\"@id\":\"https:\/\/radiolifefm.com.br\/noticias\/o-relogio-do-tempo-de-nossas-vidas\/#article\",\"isPartOf\":{\"@id\":\"https:\/\/radiolifefm.com.br\/noticias\/o-relogio-do-tempo-de-nossas-vidas\/\"},\"author\":{\"name\":\"ritanery\",\"@id\":\"https:\/\/radiolifefm.com.br\/noticias\/#\/schema\/person\/6339b9fac59d12b071dec680d7375d87\"},\"headline\":\"O REL\u00d3GIO DO TEMPO DE NOSSAS VIDAS!\",\"datePublished\":\"2024-11-12T13:12:25+00:00\",\"dateModified\":\"2026-04-08T23:08:09+00:00\",\"mainEntityOfPage\":{\"@id\":\"https:\/\/radiolifefm.com.br\/noticias\/o-relogio-do-tempo-de-nossas-vidas\/\"},\"wordCount\":431,\"publisher\":{\"@id\":\"https:\/\/radiolifefm.com.br\/noticias\/#organization\"},\"image\":{\"@id\":\"https:\/\/radiolifefm.com.br\/noticias\/o-relogio-do-tempo-de-nossas-vidas\/#primaryimage\"},\"thumbnailUrl\":\"https:\/\/radiolifefm.com.br\/noticias\/wp-content\/uploads\/2024\/11\/WhatsApp-Image-2024-11-11-at-23.47.58.jpeg\",\"articleSection\":[\"Opini\u00e3o\"],\"inLanguage\":\"pt-BR\"},{\"@type\":\"WebPage\",\"@id\":\"https:\/\/radiolifefm.com.br\/noticias\/o-relogio-do-tempo-de-nossas-vidas\/\",\"url\":\"https:\/\/radiolifefm.com.br\/noticias\/o-relogio-do-tempo-de-nossas-vidas\/\",\"name\":\"O REL\u00d3GIO DO TEMPO DE NOSSAS VIDAS! - R\u00e1dio Life FM\",\"isPartOf\":{\"@id\":\"https:\/\/radiolifefm.com.br\/noticias\/#website\"},\"primaryImageOfPage\":{\"@id\":\"https:\/\/radiolifefm.com.br\/noticias\/o-relogio-do-tempo-de-nossas-vidas\/#primaryimage\"},\"image\":{\"@id\":\"https:\/\/radiolifefm.com.br\/noticias\/o-relogio-do-tempo-de-nossas-vidas\/#primaryimage\"},\"thumbnailUrl\":\"https:\/\/radiolifefm.com.br\/noticias\/wp-content\/uploads\/2024\/11\/WhatsApp-Image-2024-11-11-at-23.47.58.jpeg\",\"datePublished\":\"2024-11-12T13:12:25+00:00\",\"dateModified\":\"2026-04-08T23:08:09+00:00\",\"breadcrumb\":{\"@id\":\"https:\/\/radiolifefm.com.br\/noticias\/o-relogio-do-tempo-de-nossas-vidas\/#breadcrumb\"},\"inLanguage\":\"pt-BR\",\"potentialAction\":[{\"@type\":\"ReadAction\",\"target\":[\"https:\/\/radiolifefm.com.br\/noticias\/o-relogio-do-tempo-de-nossas-vidas\/\"]}]},{\"@type\":\"ImageObject\",\"inLanguage\":\"pt-BR\",\"@id\":\"https:\/\/radiolifefm.com.br\/noticias\/o-relogio-do-tempo-de-nossas-vidas\/#primaryimage\",\"url\":\"https:\/\/radiolifefm.com.br\/noticias\/wp-content\/uploads\/2024\/11\/WhatsApp-Image-2024-11-11-at-23.47.58.jpeg\",\"contentUrl\":\"https:\/\/radiolifefm.com.br\/noticias\/wp-content\/uploads\/2024\/11\/WhatsApp-Image-2024-11-11-at-23.47.58.jpeg\",\"width\":1199,\"height\":1599,\"caption\":\"Solange Lisboa\"},{\"@type\":\"BreadcrumbList\",\"@id\":\"https:\/\/radiolifefm.com.br\/noticias\/o-relogio-do-tempo-de-nossas-vidas\/#breadcrumb\",\"itemListElement\":[{\"@type\":\"ListItem\",\"position\":1,\"name\":\"In\u00edcio\",\"item\":\"https:\/\/radiolifefm.com.br\/noticias\/\"},{\"@type\":\"ListItem\",\"position\":2,\"name\":\"O REL\u00d3GIO DO TEMPO DE NOSSAS VIDAS!\"}]},{\"@type\":\"WebSite\",\"@id\":\"https:\/\/radiolifefm.com.br\/noticias\/#website\",\"url\":\"https:\/\/radiolifefm.com.br\/noticias\/\",\"name\":\"R\u00e1dio Life FM\",\"description\":\"O Portal de Not\u00edcias de Adamantina\",\"publisher\":{\"@id\":\"https:\/\/radiolifefm.com.br\/noticias\/#organization\"},\"alternateName\":\"Life FM\",\"potentialAction\":[{\"@type\":\"SearchAction\",\"target\":{\"@type\":\"EntryPoint\",\"urlTemplate\":\"https:\/\/radiolifefm.com.br\/noticias\/?s={search_term_string}\"},\"query-input\":{\"@type\":\"PropertyValueSpecification\",\"valueRequired\":true,\"valueName\":\"search_term_string\"}}],\"inLanguage\":\"pt-BR\"},{\"@type\":\"Organization\",\"@id\":\"https:\/\/radiolifefm.com.br\/noticias\/#organization\",\"name\":\"R\u00e1dio Life FM\",\"alternateName\":\"Life FM\",\"url\":\"https:\/\/radiolifefm.com.br\/noticias\/\",\"logo\":{\"@type\":\"ImageObject\",\"inLanguage\":\"pt-BR\",\"@id\":\"https:\/\/radiolifefm.com.br\/noticias\/#\/schema\/logo\/image\/\",\"url\":\"https:\/\/static.radiolifefm.com.br\/noticias\/wp-content\/uploads\/2019\/10\/logo-lifefm.png\",\"contentUrl\":\"https:\/\/static.radiolifefm.com.br\/noticias\/wp-content\/uploads\/2019\/10\/logo-lifefm.png\",\"width\":196,\"height\":47,\"caption\":\"R\u00e1dio Life FM\"},\"image\":{\"@id\":\"https:\/\/radiolifefm.com.br\/noticias\/#\/schema\/logo\/image\/\"},\"sameAs\":[\"https:\/\/www.facebook.com\/radiolifefm\/\",\"https:\/\/www.instagram.com\/life1079fm\/\"]},{\"@type\":\"Person\",\"@id\":\"https:\/\/radiolifefm.com.br\/noticias\/#\/schema\/person\/6339b9fac59d12b071dec680d7375d87\",\"name\":\"ritanery\",\"image\":{\"@type\":\"ImageObject\",\"inLanguage\":\"pt-BR\",\"@id\":\"https:\/\/secure.gravatar.com\/avatar\/0e37bb19071f47c0b8a23f62a903df117c5a0e75f65a0c2901562f97cd41cf86?s=96&d=mm&r=g\",\"url\":\"https:\/\/secure.gravatar.com\/avatar\/0e37bb19071f47c0b8a23f62a903df117c5a0e75f65a0c2901562f97cd41cf86?s=96&d=mm&r=g\",\"contentUrl\":\"https:\/\/secure.gravatar.com\/avatar\/0e37bb19071f47c0b8a23f62a903df117c5a0e75f65a0c2901562f97cd41cf86?s=96&d=mm&r=g\",\"caption\":\"ritanery\"}}]}<\/script>\n<!-- \/ Yoast SEO plugin. -->","yoast_head_json":{"title":"O REL\u00d3GIO DO TEMPO DE NOSSAS VIDAS! - R\u00e1dio Life FM","robots":{"index":"index","follow":"follow","max-snippet":"max-snippet:-1","max-image-preview":"max-image-preview:large","max-video-preview":"max-video-preview:-1"},"canonical":"https:\/\/radiolifefm.com.br\/noticias\/o-relogio-do-tempo-de-nossas-vidas\/","og_locale":"pt_BR","og_type":"article","og_title":"O REL\u00d3GIO DO TEMPO DE NOSSAS VIDAS! - R\u00e1dio Life FM","og_description":"N\u00e3o me recordo a partir de quando o tic tac do rel\u00f3gio come\u00e7ou a ter import\u00e2ncia em minha vida. Quando crian\u00e7as, n\u00e3o percebendo o que, na verdade, ocorre, desejamos crescer o mais r\u00e1pido poss\u00edvel e tomar as r\u00e9deas de nossa exist\u00eancia! As imagina\u00e7\u00f5es de nossa \u00e9poca mais pueril, rodeadas de sonhos e expectativas insontes, n\u00e3o [&hellip;]","og_url":"https:\/\/radiolifefm.com.br\/noticias\/o-relogio-do-tempo-de-nossas-vidas\/","og_site_name":"R\u00e1dio Life FM","article_publisher":"https:\/\/www.facebook.com\/radiolifefm\/","article_published_time":"2024-11-12T13:12:25+00:00","article_modified_time":"2026-04-08T23:08:09+00:00","og_image":[{"width":1199,"height":1599,"url":"https:\/\/radiolifefm.com.br\/noticias\/wp-content\/uploads\/2024\/11\/WhatsApp-Image-2024-11-11-at-23.47.58.jpeg","type":"image\/jpeg"}],"author":"ritanery","twitter_card":"summary_large_image","twitter_misc":{"Escrito por":"ritanery","Est. tempo de leitura":"3 minutos"},"schema":{"@context":"https:\/\/schema.org","@graph":[{"@type":"Article","@id":"https:\/\/radiolifefm.com.br\/noticias\/o-relogio-do-tempo-de-nossas-vidas\/#article","isPartOf":{"@id":"https:\/\/radiolifefm.com.br\/noticias\/o-relogio-do-tempo-de-nossas-vidas\/"},"author":{"name":"ritanery","@id":"https:\/\/radiolifefm.com.br\/noticias\/#\/schema\/person\/6339b9fac59d12b071dec680d7375d87"},"headline":"O REL\u00d3GIO DO TEMPO DE NOSSAS VIDAS!","datePublished":"2024-11-12T13:12:25+00:00","dateModified":"2026-04-08T23:08:09+00:00","mainEntityOfPage":{"@id":"https:\/\/radiolifefm.com.br\/noticias\/o-relogio-do-tempo-de-nossas-vidas\/"},"wordCount":431,"publisher":{"@id":"https:\/\/radiolifefm.com.br\/noticias\/#organization"},"image":{"@id":"https:\/\/radiolifefm.com.br\/noticias\/o-relogio-do-tempo-de-nossas-vidas\/#primaryimage"},"thumbnailUrl":"https:\/\/radiolifefm.com.br\/noticias\/wp-content\/uploads\/2024\/11\/WhatsApp-Image-2024-11-11-at-23.47.58.jpeg","articleSection":["Opini\u00e3o"],"inLanguage":"pt-BR"},{"@type":"WebPage","@id":"https:\/\/radiolifefm.com.br\/noticias\/o-relogio-do-tempo-de-nossas-vidas\/","url":"https:\/\/radiolifefm.com.br\/noticias\/o-relogio-do-tempo-de-nossas-vidas\/","name":"O REL\u00d3GIO DO TEMPO DE NOSSAS VIDAS! - R\u00e1dio Life FM","isPartOf":{"@id":"https:\/\/radiolifefm.com.br\/noticias\/#website"},"primaryImageOfPage":{"@id":"https:\/\/radiolifefm.com.br\/noticias\/o-relogio-do-tempo-de-nossas-vidas\/#primaryimage"},"image":{"@id":"https:\/\/radiolifefm.com.br\/noticias\/o-relogio-do-tempo-de-nossas-vidas\/#primaryimage"},"thumbnailUrl":"https:\/\/radiolifefm.com.br\/noticias\/wp-content\/uploads\/2024\/11\/WhatsApp-Image-2024-11-11-at-23.47.58.jpeg","datePublished":"2024-11-12T13:12:25+00:00","dateModified":"2026-04-08T23:08:09+00:00","breadcrumb":{"@id":"https:\/\/radiolifefm.com.br\/noticias\/o-relogio-do-tempo-de-nossas-vidas\/#breadcrumb"},"inLanguage":"pt-BR","potentialAction":[{"@type":"ReadAction","target":["https:\/\/radiolifefm.com.br\/noticias\/o-relogio-do-tempo-de-nossas-vidas\/"]}]},{"@type":"ImageObject","inLanguage":"pt-BR","@id":"https:\/\/radiolifefm.com.br\/noticias\/o-relogio-do-tempo-de-nossas-vidas\/#primaryimage","url":"https:\/\/radiolifefm.com.br\/noticias\/wp-content\/uploads\/2024\/11\/WhatsApp-Image-2024-11-11-at-23.47.58.jpeg","contentUrl":"https:\/\/radiolifefm.com.br\/noticias\/wp-content\/uploads\/2024\/11\/WhatsApp-Image-2024-11-11-at-23.47.58.jpeg","width":1199,"height":1599,"caption":"Solange Lisboa"},{"@type":"BreadcrumbList","@id":"https:\/\/radiolifefm.com.br\/noticias\/o-relogio-do-tempo-de-nossas-vidas\/#breadcrumb","itemListElement":[{"@type":"ListItem","position":1,"name":"In\u00edcio","item":"https:\/\/radiolifefm.com.br\/noticias\/"},{"@type":"ListItem","position":2,"name":"O REL\u00d3GIO DO TEMPO DE NOSSAS VIDAS!"}]},{"@type":"WebSite","@id":"https:\/\/radiolifefm.com.br\/noticias\/#website","url":"https:\/\/radiolifefm.com.br\/noticias\/","name":"R\u00e1dio Life FM","description":"O Portal de Not\u00edcias de Adamantina","publisher":{"@id":"https:\/\/radiolifefm.com.br\/noticias\/#organization"},"alternateName":"Life FM","potentialAction":[{"@type":"SearchAction","target":{"@type":"EntryPoint","urlTemplate":"https:\/\/radiolifefm.com.br\/noticias\/?s={search_term_string}"},"query-input":{"@type":"PropertyValueSpecification","valueRequired":true,"valueName":"search_term_string"}}],"inLanguage":"pt-BR"},{"@type":"Organization","@id":"https:\/\/radiolifefm.com.br\/noticias\/#organization","name":"R\u00e1dio Life FM","alternateName":"Life FM","url":"https:\/\/radiolifefm.com.br\/noticias\/","logo":{"@type":"ImageObject","inLanguage":"pt-BR","@id":"https:\/\/radiolifefm.com.br\/noticias\/#\/schema\/logo\/image\/","url":"https:\/\/static.radiolifefm.com.br\/noticias\/wp-content\/uploads\/2019\/10\/logo-lifefm.png","contentUrl":"https:\/\/static.radiolifefm.com.br\/noticias\/wp-content\/uploads\/2019\/10\/logo-lifefm.png","width":196,"height":47,"caption":"R\u00e1dio Life FM"},"image":{"@id":"https:\/\/radiolifefm.com.br\/noticias\/#\/schema\/logo\/image\/"},"sameAs":["https:\/\/www.facebook.com\/radiolifefm\/","https:\/\/www.instagram.com\/life1079fm\/"]},{"@type":"Person","@id":"https:\/\/radiolifefm.com.br\/noticias\/#\/schema\/person\/6339b9fac59d12b071dec680d7375d87","name":"ritanery","image":{"@type":"ImageObject","inLanguage":"pt-BR","@id":"https:\/\/secure.gravatar.com\/avatar\/0e37bb19071f47c0b8a23f62a903df117c5a0e75f65a0c2901562f97cd41cf86?s=96&d=mm&r=g","url":"https:\/\/secure.gravatar.com\/avatar\/0e37bb19071f47c0b8a23f62a903df117c5a0e75f65a0c2901562f97cd41cf86?s=96&d=mm&r=g","contentUrl":"https:\/\/secure.gravatar.com\/avatar\/0e37bb19071f47c0b8a23f62a903df117c5a0e75f65a0c2901562f97cd41cf86?s=96&d=mm&r=g","caption":"ritanery"}}]}},"amp_enabled":true,"_links":{"self":[{"href":"https:\/\/radiolifefm.com.br\/noticias\/wp-json\/wp\/v2\/posts\/95270","targetHints":{"allow":["GET"]}}],"collection":[{"href":"https:\/\/radiolifefm.com.br\/noticias\/wp-json\/wp\/v2\/posts"}],"about":[{"href":"https:\/\/radiolifefm.com.br\/noticias\/wp-json\/wp\/v2\/types\/post"}],"author":[{"embeddable":true,"href":"https:\/\/radiolifefm.com.br\/noticias\/wp-json\/wp\/v2\/users\/13"}],"replies":[{"embeddable":true,"href":"https:\/\/radiolifefm.com.br\/noticias\/wp-json\/wp\/v2\/comments?post=95270"}],"version-history":[{"count":1,"href":"https:\/\/radiolifefm.com.br\/noticias\/wp-json\/wp\/v2\/posts\/95270\/revisions"}],"predecessor-version":[{"id":95272,"href":"https:\/\/radiolifefm.com.br\/noticias\/wp-json\/wp\/v2\/posts\/95270\/revisions\/95272"}],"wp:featuredmedia":[{"embeddable":true,"href":"https:\/\/radiolifefm.com.br\/noticias\/wp-json\/wp\/v2\/media\/95271"}],"wp:attachment":[{"href":"https:\/\/radiolifefm.com.br\/noticias\/wp-json\/wp\/v2\/media?parent=95270"}],"wp:term":[{"taxonomy":"category","embeddable":true,"href":"https:\/\/radiolifefm.com.br\/noticias\/wp-json\/wp\/v2\/categories?post=95270"},{"taxonomy":"post_tag","embeddable":true,"href":"https:\/\/radiolifefm.com.br\/noticias\/wp-json\/wp\/v2\/tags?post=95270"}],"curies":[{"name":"wp","href":"https:\/\/api.w.org\/{rel}","templated":true}]}}