{"id":95216,"date":"2024-11-11T09:52:08","date_gmt":"2024-11-11T12:52:08","guid":{"rendered":"https:\/\/radiolifefm.com.br\/noticias\/?p=95216"},"modified":"2026-04-26T10:17:02","modified_gmt":"2026-04-26T13:17:02","slug":"a-provincia-do-faz-de-conta-no-cenario-glocal","status":"publish","type":"post","link":"https:\/\/radiolifefm.com.br\/noticias\/a-provincia-do-faz-de-conta-no-cenario-glocal\/","title":{"rendered":"A Prov\u00edncia do faz de conta no cen\u00e1rio GLOCAL&#8230;"},"content":{"rendered":"<div id=\"fb-root\"><\/div>\n<p><strong><em>Querem que vos ensine o modo de chegar \u00e0 ci\u00eancia verdadeira? Aquilo que se sabe, saber que se sabe; aquilo que n\u00e3o se sabe, saber que n\u00e3o se sabe; na verdade \u00e9 este o saber.<\/em><\/strong><\/p>\n<p><strong><em>(<\/em><\/strong><a href=\"https:\/\/www.pensador.com\/autor\/confucio\/\"><strong><em>Conf\u00facio<\/em><\/strong><\/a><strong><em>)<\/em><\/strong><\/p>\n<p>&nbsp;<\/p>\n<p><strong>Ao Prof. Dr. Rubens Galdino, dedico!<\/strong><\/p>\n<p>&nbsp;<\/p>\n<p><strong><em>S\u00e9rgio Barbosa (*)<\/em><\/strong><\/p>\n<p>&nbsp;<\/p>\n<p>Teve um tempo nesta PROV\u00cdNCIA DO FAZ DE CONTA que o CEN\u00c1RIO era mais do que interessante, tendo em vista, isso \u00e9, na \u00c1REA ACAD\u00caMICA, a parceria entre a FAI e a C\u00c1DETRA UNESCO\/METODISTA DE COMUNICA\u00c7\u00c3O PARA O DESENVOLVIMENTO REGIONAL&#8230;<\/p>\n<p>Pra quem nunca ouviu falar disto e mais aquilo, considerando que estamos em uma PROV\u00cdNCIA que possui a maioria com MENTES MED\u00cdOCRES, essa tal de UNESCO \u00e9 um \u00f3rg\u00e3o das NA\u00c7\u00d5ES UNIDAS que desenvolve atividades nas \u00e1reas da EDUCA\u00c7\u00c3O e da CULTURA em n\u00edvel MUNDIAL&#8230;<\/p>\n<p>Assim, entre os anos de 1.999 e 2.008, as PAREDES ALVAS promoveram e executaram, SEIS EVENTOS com a INICIATIVA da C\u00c1TEDRA UNESCO\/METODISTA, ainda, sempre com APOIO INSTITUCIONAL da UMESP-UNIVERSIDADE METODISTA DE S\u00c3O PAULO, bem como, sempre que poss\u00edvel, da INTERCOM e outras parcerias afins aos objetivos dos eventos realizados nos CAMPIS I e II da FAI&#8230;<\/p>\n<p>Portanto, faz-se necess\u00e1rio destacar que em tempo de MENTES MED\u00cdOCRES, inclusive nos lados das PAREDES ALVAS, considerando que o RETROCESSO est\u00e1 mais do que evidente, apesar dos N\u00daMEROS disto e mais aquilo, refor\u00e7ar que este TEMPO do outro TEMPO se perdeu no TEMPO&#8230;<\/p>\n<p>Mesmo assim, quando o debate envolve a proposta GLOCAL, ou seja, do GLOBAL (mundo) para o LOCAL (Prov\u00edncia), tais desencontros mediados pelos REGISTROS HIST\u00d3RICOS s\u00e3o mais do que necess\u00e1rios&#8230;<\/p>\n<p>Al\u00e9m do mais em meio ao tudo de menos, a MEM\u00d3RIA destes eventos foram simplesmente DELETADOS dos ANAIS das PAREDES ALVAS, claro, pode ter SOBRADO (sic) alguma coisa aqui e ali, por\u00e9m, o ESSENCIAL se perdeu na MED\u00cdOCRIDADE dos CI\u00daMES patrocinados pela ACADEMIA em todas as \u00e1reas de atua\u00e7\u00e3o&#8230;<\/p>\n<p>Mas, como sempre, ainda bem que existe aquela MINORIA que participou deste outro TEMPO das PAREDES ALVAS, desta forma, a MEM\u00d3RIA ORAL, talvez com algum MATERIAL guardado destas MINORIA, possa ATESTAR a import\u00e2ncia destes EVENTOS realizados em parceria com a C\u00c1TEDRA UNESCO\/METODISTA DE COMUNICA\u00c7\u00c3O PARA O DESENVOLVIMENTO REGIONAL, ainda, com apoio da UMESP-Universidade METODISTA de S\u00e3o PAULO em terras PROVINCIANAS&#8230;<\/p>\n<p>Disse o poeta do outro tempo deste tempo, a saber: QUE RECORDAR \u00c9 VIVER&#8230;, todavia, na maioria das vezes, talvez seja necess\u00e1rio deixar de lado tais RECORDA\u00c7\u00c3O, ainda mais neste NOVO TEMPO NOVO com tantas MENTES MEDIOCRES em todas as \u00e1reas do mercado&#8230;<\/p>\n<p>QUEM ESTEVE NESTAS ATIVIDADES VAI SABER DISTO E MAIS AQUILO&#8230;<\/p>\n<p><strong>AVE PROF. DR. GILSON JO\u00c3O PARISOTO (in memoriam)!<\/strong><\/p>\n<p><strong>AVE PROF. DR. JOS\u00c9 MARQUS DE MELO (in memoriam)!<\/strong><\/p>\n<p><strong>AVE PROF. DR. ISAAC EPSTEIN (in memoriam)!\u00a0 \u00a0<\/strong><\/p>\n<p><strong>_____________________<\/strong><\/p>\n<p><strong>(*) bacharel em comunica\u00e7\u00e3o social\/jornalismo (1983); jornalista diplomado (1986), mestre em ci\u00eancias da religi\u00e3o pela PPGCR\/UMESP (1997); pesquisador da C\u00e1tedra UNESCO\/METODISTA desde o ano de 1.998 e desenvolveu atividades como COORDENADOR-EXECUTIVO dos seis eventos realizados nos campis I e II da FAI (1999\/2008).<\/strong><\/p>\n<p><strong>e-mail: <\/strong><a href=\"mailto:barbosa.sebar@gmail.com\"><strong>barbosa.sebar@gmail.com<\/strong><\/a><\/p>\n<p><strong>\u00a0<\/strong><\/p>\n<p>&nbsp;<\/p>\n","protected":false},"excerpt":{"rendered":"<p>Querem que vos ensine o modo de chegar \u00e0 ci\u00eancia verdadeira? Aquilo que se sabe, saber que se sabe; aquilo que n\u00e3o se sabe, saber que n\u00e3o se sabe; na verdade \u00e9 este o saber. (Conf\u00facio) &nbsp; Ao Prof. Dr. Rubens Galdino, dedico! &nbsp; S\u00e9rgio Barbosa (*) &nbsp; Teve um tempo nesta PROV\u00cdNCIA DO FAZ [&hellip;]<\/p>\n","protected":false},"author":13,"featured_media":51988,"comment_status":"closed","ping_status":"open","sticky":false,"template":"","format":"standard","meta":{"_acf_changed":false,"_exactmetrics_skip_tracking":false,"_exactmetrics_sitenote_active":false,"_exactmetrics_sitenote_note":"","_exactmetrics_sitenote_category":0,"footnotes":""},"categories":[59],"tags":[],"class_list":["post-95216","post","type-post","status-publish","format-standard","has-post-thumbnail","hentry","category-opiniao"],"acf":[],"yoast_head":"<!-- This site is optimized with the Yoast SEO plugin v27.2 - https:\/\/yoast.com\/product\/yoast-seo-wordpress\/ -->\n<title>A Prov\u00edncia do faz de conta no cen\u00e1rio GLOCAL... - R\u00e1dio Life FM<\/title>\n<meta name=\"robots\" content=\"index, follow, max-snippet:-1, max-image-preview:large, max-video-preview:-1\" \/>\n<link rel=\"canonical\" href=\"https:\/\/radiolifefm.com.br\/noticias\/a-provincia-do-faz-de-conta-no-cenario-glocal\/\" \/>\n<meta property=\"og:locale\" content=\"pt_BR\" \/>\n<meta property=\"og:type\" content=\"article\" \/>\n<meta property=\"og:title\" content=\"A Prov\u00edncia do faz de conta no cen\u00e1rio GLOCAL... - R\u00e1dio Life FM\" \/>\n<meta property=\"og:description\" content=\"Querem que vos ensine o modo de chegar \u00e0 ci\u00eancia verdadeira? Aquilo que se sabe, saber que se sabe; aquilo que n\u00e3o se sabe, saber que n\u00e3o se sabe; na verdade \u00e9 este o saber. (Conf\u00facio) &nbsp; Ao Prof. Dr. Rubens Galdino, dedico! &nbsp; S\u00e9rgio Barbosa (*) &nbsp; Teve um tempo nesta PROV\u00cdNCIA DO FAZ [&hellip;]\" \/>\n<meta property=\"og:url\" content=\"https:\/\/radiolifefm.com.br\/noticias\/a-provincia-do-faz-de-conta-no-cenario-glocal\/\" \/>\n<meta property=\"og:site_name\" content=\"R\u00e1dio Life FM\" \/>\n<meta property=\"article:publisher\" content=\"https:\/\/www.facebook.com\/radiolifefm\/\" \/>\n<meta property=\"article:published_time\" content=\"2024-11-11T12:52:08+00:00\" \/>\n<meta property=\"article:modified_time\" content=\"2026-04-26T13:17:02+00:00\" \/>\n<meta property=\"og:image\" content=\"https:\/\/radiolifefm.com.br\/noticias\/wp-content\/uploads\/2022\/04\/WhatsApp-Image-2022-04-10-at-18.43.02.jpeg\" \/>\n\t<meta property=\"og:image:width\" content=\"972\" \/>\n\t<meta property=\"og:image:height\" content=\"1296\" \/>\n\t<meta property=\"og:image:type\" content=\"image\/jpeg\" \/>\n<meta name=\"author\" content=\"ritanery\" \/>\n<meta name=\"twitter:card\" content=\"summary_large_image\" \/>\n<meta name=\"twitter:label1\" content=\"Escrito por\" \/>\n\t<meta name=\"twitter:data1\" content=\"ritanery\" \/>\n\t<meta name=\"twitter:label2\" content=\"Est. tempo de leitura\" \/>\n\t<meta name=\"twitter:data2\" content=\"3 minutos\" \/>\n<script type=\"application\/ld+json\" class=\"yoast-schema-graph\">{\"@context\":\"https:\/\/schema.org\",\"@graph\":[{\"@type\":\"Article\",\"@id\":\"https:\/\/radiolifefm.com.br\/noticias\/a-provincia-do-faz-de-conta-no-cenario-glocal\/#article\",\"isPartOf\":{\"@id\":\"https:\/\/radiolifefm.com.br\/noticias\/a-provincia-do-faz-de-conta-no-cenario-glocal\/\"},\"author\":{\"name\":\"ritanery\",\"@id\":\"https:\/\/radiolifefm.com.br\/noticias\/#\/schema\/person\/6339b9fac59d12b071dec680d7375d87\"},\"headline\":\"A Prov\u00edncia do faz de conta no cen\u00e1rio GLOCAL&#8230;\",\"datePublished\":\"2024-11-11T12:52:08+00:00\",\"dateModified\":\"2026-04-26T13:17:02+00:00\",\"mainEntityOfPage\":{\"@id\":\"https:\/\/radiolifefm.com.br\/noticias\/a-provincia-do-faz-de-conta-no-cenario-glocal\/\"},\"wordCount\":544,\"publisher\":{\"@id\":\"https:\/\/radiolifefm.com.br\/noticias\/#organization\"},\"image\":{\"@id\":\"https:\/\/radiolifefm.com.br\/noticias\/a-provincia-do-faz-de-conta-no-cenario-glocal\/#primaryimage\"},\"thumbnailUrl\":\"https:\/\/radiolifefm.com.br\/noticias\/wp-content\/uploads\/2022\/04\/WhatsApp-Image-2022-04-10-at-18.43.02.jpeg\",\"articleSection\":[\"Opini\u00e3o\"],\"inLanguage\":\"pt-BR\"},{\"@type\":\"WebPage\",\"@id\":\"https:\/\/radiolifefm.com.br\/noticias\/a-provincia-do-faz-de-conta-no-cenario-glocal\/\",\"url\":\"https:\/\/radiolifefm.com.br\/noticias\/a-provincia-do-faz-de-conta-no-cenario-glocal\/\",\"name\":\"A Prov\u00edncia do faz de conta no cen\u00e1rio GLOCAL... - R\u00e1dio Life FM\",\"isPartOf\":{\"@id\":\"https:\/\/radiolifefm.com.br\/noticias\/#website\"},\"primaryImageOfPage\":{\"@id\":\"https:\/\/radiolifefm.com.br\/noticias\/a-provincia-do-faz-de-conta-no-cenario-glocal\/#primaryimage\"},\"image\":{\"@id\":\"https:\/\/radiolifefm.com.br\/noticias\/a-provincia-do-faz-de-conta-no-cenario-glocal\/#primaryimage\"},\"thumbnailUrl\":\"https:\/\/radiolifefm.com.br\/noticias\/wp-content\/uploads\/2022\/04\/WhatsApp-Image-2022-04-10-at-18.43.02.jpeg\",\"datePublished\":\"2024-11-11T12:52:08+00:00\",\"dateModified\":\"2026-04-26T13:17:02+00:00\",\"breadcrumb\":{\"@id\":\"https:\/\/radiolifefm.com.br\/noticias\/a-provincia-do-faz-de-conta-no-cenario-glocal\/#breadcrumb\"},\"inLanguage\":\"pt-BR\",\"potentialAction\":[{\"@type\":\"ReadAction\",\"target\":[\"https:\/\/radiolifefm.com.br\/noticias\/a-provincia-do-faz-de-conta-no-cenario-glocal\/\"]}]},{\"@type\":\"ImageObject\",\"inLanguage\":\"pt-BR\",\"@id\":\"https:\/\/radiolifefm.com.br\/noticias\/a-provincia-do-faz-de-conta-no-cenario-glocal\/#primaryimage\",\"url\":\"https:\/\/radiolifefm.com.br\/noticias\/wp-content\/uploads\/2022\/04\/WhatsApp-Image-2022-04-10-at-18.43.02.jpeg\",\"contentUrl\":\"https:\/\/radiolifefm.com.br\/noticias\/wp-content\/uploads\/2022\/04\/WhatsApp-Image-2022-04-10-at-18.43.02.jpeg\",\"width\":972,\"height\":1296,\"caption\":\"S\u00e9rgio Barbosa\"},{\"@type\":\"BreadcrumbList\",\"@id\":\"https:\/\/radiolifefm.com.br\/noticias\/a-provincia-do-faz-de-conta-no-cenario-glocal\/#breadcrumb\",\"itemListElement\":[{\"@type\":\"ListItem\",\"position\":1,\"name\":\"In\u00edcio\",\"item\":\"https:\/\/radiolifefm.com.br\/noticias\/\"},{\"@type\":\"ListItem\",\"position\":2,\"name\":\"A Prov\u00edncia do faz de conta no cen\u00e1rio GLOCAL&#8230;\"}]},{\"@type\":\"WebSite\",\"@id\":\"https:\/\/radiolifefm.com.br\/noticias\/#website\",\"url\":\"https:\/\/radiolifefm.com.br\/noticias\/\",\"name\":\"R\u00e1dio Life FM\",\"description\":\"O Portal de Not\u00edcias de Adamantina\",\"publisher\":{\"@id\":\"https:\/\/radiolifefm.com.br\/noticias\/#organization\"},\"alternateName\":\"Life FM\",\"potentialAction\":[{\"@type\":\"SearchAction\",\"target\":{\"@type\":\"EntryPoint\",\"urlTemplate\":\"https:\/\/radiolifefm.com.br\/noticias\/?s={search_term_string}\"},\"query-input\":{\"@type\":\"PropertyValueSpecification\",\"valueRequired\":true,\"valueName\":\"search_term_string\"}}],\"inLanguage\":\"pt-BR\"},{\"@type\":\"Organization\",\"@id\":\"https:\/\/radiolifefm.com.br\/noticias\/#organization\",\"name\":\"R\u00e1dio Life FM\",\"alternateName\":\"Life FM\",\"url\":\"https:\/\/radiolifefm.com.br\/noticias\/\",\"logo\":{\"@type\":\"ImageObject\",\"inLanguage\":\"pt-BR\",\"@id\":\"https:\/\/radiolifefm.com.br\/noticias\/#\/schema\/logo\/image\/\",\"url\":\"https:\/\/static.radiolifefm.com.br\/noticias\/wp-content\/uploads\/2019\/10\/logo-lifefm.png\",\"contentUrl\":\"https:\/\/static.radiolifefm.com.br\/noticias\/wp-content\/uploads\/2019\/10\/logo-lifefm.png\",\"width\":196,\"height\":47,\"caption\":\"R\u00e1dio Life FM\"},\"image\":{\"@id\":\"https:\/\/radiolifefm.com.br\/noticias\/#\/schema\/logo\/image\/\"},\"sameAs\":[\"https:\/\/www.facebook.com\/radiolifefm\/\",\"https:\/\/www.instagram.com\/life1079fm\/\"]},{\"@type\":\"Person\",\"@id\":\"https:\/\/radiolifefm.com.br\/noticias\/#\/schema\/person\/6339b9fac59d12b071dec680d7375d87\",\"name\":\"ritanery\",\"image\":{\"@type\":\"ImageObject\",\"inLanguage\":\"pt-BR\",\"@id\":\"https:\/\/secure.gravatar.com\/avatar\/0e37bb19071f47c0b8a23f62a903df117c5a0e75f65a0c2901562f97cd41cf86?s=96&d=mm&r=g\",\"url\":\"https:\/\/secure.gravatar.com\/avatar\/0e37bb19071f47c0b8a23f62a903df117c5a0e75f65a0c2901562f97cd41cf86?s=96&d=mm&r=g\",\"contentUrl\":\"https:\/\/secure.gravatar.com\/avatar\/0e37bb19071f47c0b8a23f62a903df117c5a0e75f65a0c2901562f97cd41cf86?s=96&d=mm&r=g\",\"caption\":\"ritanery\"}}]}<\/script>\n<!-- \/ Yoast SEO plugin. -->","yoast_head_json":{"title":"A Prov\u00edncia do faz de conta no cen\u00e1rio GLOCAL... - R\u00e1dio Life FM","robots":{"index":"index","follow":"follow","max-snippet":"max-snippet:-1","max-image-preview":"max-image-preview:large","max-video-preview":"max-video-preview:-1"},"canonical":"https:\/\/radiolifefm.com.br\/noticias\/a-provincia-do-faz-de-conta-no-cenario-glocal\/","og_locale":"pt_BR","og_type":"article","og_title":"A Prov\u00edncia do faz de conta no cen\u00e1rio GLOCAL... - R\u00e1dio Life FM","og_description":"Querem que vos ensine o modo de chegar \u00e0 ci\u00eancia verdadeira? Aquilo que se sabe, saber que se sabe; aquilo que n\u00e3o se sabe, saber que n\u00e3o se sabe; na verdade \u00e9 este o saber. (Conf\u00facio) &nbsp; Ao Prof. Dr. Rubens Galdino, dedico! &nbsp; S\u00e9rgio Barbosa (*) &nbsp; Teve um tempo nesta PROV\u00cdNCIA DO FAZ [&hellip;]","og_url":"https:\/\/radiolifefm.com.br\/noticias\/a-provincia-do-faz-de-conta-no-cenario-glocal\/","og_site_name":"R\u00e1dio Life FM","article_publisher":"https:\/\/www.facebook.com\/radiolifefm\/","article_published_time":"2024-11-11T12:52:08+00:00","article_modified_time":"2026-04-26T13:17:02+00:00","og_image":[{"width":972,"height":1296,"url":"https:\/\/radiolifefm.com.br\/noticias\/wp-content\/uploads\/2022\/04\/WhatsApp-Image-2022-04-10-at-18.43.02.jpeg","type":"image\/jpeg"}],"author":"ritanery","twitter_card":"summary_large_image","twitter_misc":{"Escrito por":"ritanery","Est. tempo de leitura":"3 minutos"},"schema":{"@context":"https:\/\/schema.org","@graph":[{"@type":"Article","@id":"https:\/\/radiolifefm.com.br\/noticias\/a-provincia-do-faz-de-conta-no-cenario-glocal\/#article","isPartOf":{"@id":"https:\/\/radiolifefm.com.br\/noticias\/a-provincia-do-faz-de-conta-no-cenario-glocal\/"},"author":{"name":"ritanery","@id":"https:\/\/radiolifefm.com.br\/noticias\/#\/schema\/person\/6339b9fac59d12b071dec680d7375d87"},"headline":"A Prov\u00edncia do faz de conta no cen\u00e1rio GLOCAL&#8230;","datePublished":"2024-11-11T12:52:08+00:00","dateModified":"2026-04-26T13:17:02+00:00","mainEntityOfPage":{"@id":"https:\/\/radiolifefm.com.br\/noticias\/a-provincia-do-faz-de-conta-no-cenario-glocal\/"},"wordCount":544,"publisher":{"@id":"https:\/\/radiolifefm.com.br\/noticias\/#organization"},"image":{"@id":"https:\/\/radiolifefm.com.br\/noticias\/a-provincia-do-faz-de-conta-no-cenario-glocal\/#primaryimage"},"thumbnailUrl":"https:\/\/radiolifefm.com.br\/noticias\/wp-content\/uploads\/2022\/04\/WhatsApp-Image-2022-04-10-at-18.43.02.jpeg","articleSection":["Opini\u00e3o"],"inLanguage":"pt-BR"},{"@type":"WebPage","@id":"https:\/\/radiolifefm.com.br\/noticias\/a-provincia-do-faz-de-conta-no-cenario-glocal\/","url":"https:\/\/radiolifefm.com.br\/noticias\/a-provincia-do-faz-de-conta-no-cenario-glocal\/","name":"A Prov\u00edncia do faz de conta no cen\u00e1rio GLOCAL... - R\u00e1dio Life FM","isPartOf":{"@id":"https:\/\/radiolifefm.com.br\/noticias\/#website"},"primaryImageOfPage":{"@id":"https:\/\/radiolifefm.com.br\/noticias\/a-provincia-do-faz-de-conta-no-cenario-glocal\/#primaryimage"},"image":{"@id":"https:\/\/radiolifefm.com.br\/noticias\/a-provincia-do-faz-de-conta-no-cenario-glocal\/#primaryimage"},"thumbnailUrl":"https:\/\/radiolifefm.com.br\/noticias\/wp-content\/uploads\/2022\/04\/WhatsApp-Image-2022-04-10-at-18.43.02.jpeg","datePublished":"2024-11-11T12:52:08+00:00","dateModified":"2026-04-26T13:17:02+00:00","breadcrumb":{"@id":"https:\/\/radiolifefm.com.br\/noticias\/a-provincia-do-faz-de-conta-no-cenario-glocal\/#breadcrumb"},"inLanguage":"pt-BR","potentialAction":[{"@type":"ReadAction","target":["https:\/\/radiolifefm.com.br\/noticias\/a-provincia-do-faz-de-conta-no-cenario-glocal\/"]}]},{"@type":"ImageObject","inLanguage":"pt-BR","@id":"https:\/\/radiolifefm.com.br\/noticias\/a-provincia-do-faz-de-conta-no-cenario-glocal\/#primaryimage","url":"https:\/\/radiolifefm.com.br\/noticias\/wp-content\/uploads\/2022\/04\/WhatsApp-Image-2022-04-10-at-18.43.02.jpeg","contentUrl":"https:\/\/radiolifefm.com.br\/noticias\/wp-content\/uploads\/2022\/04\/WhatsApp-Image-2022-04-10-at-18.43.02.jpeg","width":972,"height":1296,"caption":"S\u00e9rgio Barbosa"},{"@type":"BreadcrumbList","@id":"https:\/\/radiolifefm.com.br\/noticias\/a-provincia-do-faz-de-conta-no-cenario-glocal\/#breadcrumb","itemListElement":[{"@type":"ListItem","position":1,"name":"In\u00edcio","item":"https:\/\/radiolifefm.com.br\/noticias\/"},{"@type":"ListItem","position":2,"name":"A Prov\u00edncia do faz de conta no cen\u00e1rio GLOCAL&#8230;"}]},{"@type":"WebSite","@id":"https:\/\/radiolifefm.com.br\/noticias\/#website","url":"https:\/\/radiolifefm.com.br\/noticias\/","name":"R\u00e1dio Life FM","description":"O Portal de Not\u00edcias de Adamantina","publisher":{"@id":"https:\/\/radiolifefm.com.br\/noticias\/#organization"},"alternateName":"Life FM","potentialAction":[{"@type":"SearchAction","target":{"@type":"EntryPoint","urlTemplate":"https:\/\/radiolifefm.com.br\/noticias\/?s={search_term_string}"},"query-input":{"@type":"PropertyValueSpecification","valueRequired":true,"valueName":"search_term_string"}}],"inLanguage":"pt-BR"},{"@type":"Organization","@id":"https:\/\/radiolifefm.com.br\/noticias\/#organization","name":"R\u00e1dio Life FM","alternateName":"Life FM","url":"https:\/\/radiolifefm.com.br\/noticias\/","logo":{"@type":"ImageObject","inLanguage":"pt-BR","@id":"https:\/\/radiolifefm.com.br\/noticias\/#\/schema\/logo\/image\/","url":"https:\/\/static.radiolifefm.com.br\/noticias\/wp-content\/uploads\/2019\/10\/logo-lifefm.png","contentUrl":"https:\/\/static.radiolifefm.com.br\/noticias\/wp-content\/uploads\/2019\/10\/logo-lifefm.png","width":196,"height":47,"caption":"R\u00e1dio Life FM"},"image":{"@id":"https:\/\/radiolifefm.com.br\/noticias\/#\/schema\/logo\/image\/"},"sameAs":["https:\/\/www.facebook.com\/radiolifefm\/","https:\/\/www.instagram.com\/life1079fm\/"]},{"@type":"Person","@id":"https:\/\/radiolifefm.com.br\/noticias\/#\/schema\/person\/6339b9fac59d12b071dec680d7375d87","name":"ritanery","image":{"@type":"ImageObject","inLanguage":"pt-BR","@id":"https:\/\/secure.gravatar.com\/avatar\/0e37bb19071f47c0b8a23f62a903df117c5a0e75f65a0c2901562f97cd41cf86?s=96&d=mm&r=g","url":"https:\/\/secure.gravatar.com\/avatar\/0e37bb19071f47c0b8a23f62a903df117c5a0e75f65a0c2901562f97cd41cf86?s=96&d=mm&r=g","contentUrl":"https:\/\/secure.gravatar.com\/avatar\/0e37bb19071f47c0b8a23f62a903df117c5a0e75f65a0c2901562f97cd41cf86?s=96&d=mm&r=g","caption":"ritanery"}}]}},"amp_enabled":true,"_links":{"self":[{"href":"https:\/\/radiolifefm.com.br\/noticias\/wp-json\/wp\/v2\/posts\/95216","targetHints":{"allow":["GET"]}}],"collection":[{"href":"https:\/\/radiolifefm.com.br\/noticias\/wp-json\/wp\/v2\/posts"}],"about":[{"href":"https:\/\/radiolifefm.com.br\/noticias\/wp-json\/wp\/v2\/types\/post"}],"author":[{"embeddable":true,"href":"https:\/\/radiolifefm.com.br\/noticias\/wp-json\/wp\/v2\/users\/13"}],"replies":[{"embeddable":true,"href":"https:\/\/radiolifefm.com.br\/noticias\/wp-json\/wp\/v2\/comments?post=95216"}],"version-history":[{"count":1,"href":"https:\/\/radiolifefm.com.br\/noticias\/wp-json\/wp\/v2\/posts\/95216\/revisions"}],"predecessor-version":[{"id":95217,"href":"https:\/\/radiolifefm.com.br\/noticias\/wp-json\/wp\/v2\/posts\/95216\/revisions\/95217"}],"wp:featuredmedia":[{"embeddable":true,"href":"https:\/\/radiolifefm.com.br\/noticias\/wp-json\/wp\/v2\/media\/51988"}],"wp:attachment":[{"href":"https:\/\/radiolifefm.com.br\/noticias\/wp-json\/wp\/v2\/media?parent=95216"}],"wp:term":[{"taxonomy":"category","embeddable":true,"href":"https:\/\/radiolifefm.com.br\/noticias\/wp-json\/wp\/v2\/categories?post=95216"},{"taxonomy":"post_tag","embeddable":true,"href":"https:\/\/radiolifefm.com.br\/noticias\/wp-json\/wp\/v2\/tags?post=95216"}],"curies":[{"name":"wp","href":"https:\/\/api.w.org\/{rel}","templated":true}]}}