{"id":95181,"date":"2024-11-08T10:30:22","date_gmt":"2024-11-08T13:30:22","guid":{"rendered":"https:\/\/radiolifefm.com.br\/noticias\/?p=95181"},"modified":"2026-03-29T10:19:03","modified_gmt":"2026-03-29T13:19:03","slug":"provincia-e-os-dez-dias-que-abalaram-o-mundo","status":"publish","type":"post","link":"https:\/\/radiolifefm.com.br\/noticias\/provincia-e-os-dez-dias-que-abalaram-o-mundo\/","title":{"rendered":"PROV\u00cdNCIA E &#8220;OS DEZ DIAS QUE ABALARAM O MUNDO&#8230;&#8221;"},"content":{"rendered":"<div id=\"fb-root\"><\/div>\n<p><em>\u00a0\u201cR\u00fassia, 1917: A Revolu\u00e7\u00e3o Bolchevique. Os Dias que abalaram o Mundo\u201d (Hist\u00f3ria do S\u00e9culo 20, No. 28, Abril Cultural, SP, 1974)<\/em><\/p>\n<p>&nbsp;<\/p>\n<p><strong><em>S\u00e9rgio Barbosa (*)<\/em><\/strong><\/p>\n<p>&nbsp;<\/p>\n<p>A Hist\u00f3ria em n\u00edvel mundial proporciona diversas reflex\u00f5es para o cen\u00e1rio mais do que provinciano neste cen\u00e1rio al\u00e9m da imagina\u00e7\u00e3o para as mesmices de sempre, quando os desencontros em busca do poder pelo poder est\u00e3o acima do bem e do mal para os pol\u00edticos em tempo de p\u00f3s-globaliza\u00e7\u00e3o organizacional em terras provincianas&#8230;<\/p>\n<p>Os meses est\u00e3o passando tal qual o tempo deste velho tempo, ainda, aquele per\u00edodo das \u00a0mil e uma mentiras que ficaram para tr\u00e1s sem mais e sem menos&#8230;<\/p>\n<p>Entretanto, ainda bem que existem muitos fatos hist\u00f3ricos para uma reflex\u00e3o al\u00e9m deste \u201cnovo tempo velho\u201d, portanto, faz-se necess\u00e1rio buscar no s\u00e9culo passado um dos maiores acontecimentos hist\u00f3ricos do mundo, ou seja, os denominados \u201c10 dias que abalaram o Mundo\u201d&#8230;<\/p>\n<p>A \u201cRevolu\u00e7\u00e3o Russa\u201d apresentou ao mundo uma nova proposta de governo, afinal de contas, \u201ctudo \u00e9 poss\u00edvel para aquele que cr\u00ea\u201d, por\u00e9m, neste caso em pauta, n\u00e3o tem nada a ver com os conceitos religiosos do mundo ocidental mediado pelo cristianismo.<\/p>\n<p>Durante o per\u00edodo revolucion\u00e1rio russo, aconteceram diversos confrontos ideol\u00f3gicos entre os membros do partido em busca, cada qual, do seu lugarzinho ao sol, se poss\u00edvel, bem longe das geleiras da Sib\u00e9ria&#8230;<\/p>\n<p>Neste contexto hist\u00f3rico, entretanto, ideol\u00f3gico para os donos do poder revolucion\u00e1rio russo, muitos personagens se perderam nas idas e vindas do poder em busca do poder, al\u00e9m do mais, n\u00e3o se podem ficar alheio aos vencedores que acabam eliminando os perdedores neste jogo p\u00f3s-maquiav\u00e9lico&#8230;<\/p>\n<p>O poder em pauta foi conquistado pelo l\u00edder russo L\u00eanin, por\u00e9m, por meio dos acordos entre muitos lados de um mesmo jogo, possibilitando diversas mudan\u00e7as ap\u00f3s a morte do mesmo e deixando para tr\u00e1s na sua passagem para al\u00e9m-t\u00famulo, \u00e0s sobras de um \u00fanico poder outorgado pelo Comit\u00ea Central do Partido&#8230;<\/p>\n<p>Os expurgos aconteceram de um lado para o outro, tamb\u00e9m, de um mesmo para ficar de bem com o outro lado e assim por diante, afinal de contas, o \u201cstalinismo russo\u201d se faz presente em todos os cantos para fazer a diferen\u00e7a em meio \u00e0s propostas dos pol\u00edticos de sempre nesta Prov\u00edncia do faz de conta&#8230;<\/p>\n<p>As li\u00e7\u00f5es outorgadas pelos acontecimentos p\u00f3s-Revolu\u00e7\u00e3o Russa continuam ecoando pelos quatro ou mais cantos do \u201cPa\u00eds do faz de conta\u201d com ru\u00eddos em terras provincianas, por\u00e9m, as ideologias se perderam no jogo dos interesses do poder pelo poder, deixando de lado, as conquistas do outro tempo para prevalecer apenas o interesse individual frente \u00e0s propostas para uma sociedade democr\u00e1tica&#8230;<\/p>\n<p>Ainda, refor\u00e7a-se que este \u00e9 um novo tempo novo para um cen\u00e1rio de transforma\u00e7\u00e3o midi\u00e1tica e tecnol\u00f3gica em todas as \u00e1reas do mercado, portanto, o \u201cconhecimento\u201d, ainda, continua marcando presen\u00e7a para muitas aproxima\u00e7\u00f5es entre o \u201cpassado e o presente\u201d , ainda, em uma perspectiva de \u201cfuturo\u201d&#8230;<\/p>\n<p>_______________________________<\/p>\n<p><strong><em>(*) jornalista DIPLOMADO.<\/em><\/strong><\/p>\n<p><strong><em>e-mail: <\/em><\/strong><a href=\"mailto:barbosa.sebar@gmail.com\"><strong><em>barbosa.sebar@gmail.com<\/em><\/strong><\/a><\/p>\n<p><em>\u00a0<\/em><\/p>\n<p><em>\u00a0<\/em><\/p>\n<p><em>\u00a0<\/em><\/p>\n<p>&nbsp;<\/p>\n<p>&nbsp;<\/p>\n","protected":false},"excerpt":{"rendered":"<p>\u00a0\u201cR\u00fassia, 1917: A Revolu\u00e7\u00e3o Bolchevique. Os Dias que abalaram o Mundo\u201d (Hist\u00f3ria do S\u00e9culo 20, No. 28, Abril Cultural, SP, 1974) &nbsp; S\u00e9rgio Barbosa (*) &nbsp; A Hist\u00f3ria em n\u00edvel mundial proporciona diversas reflex\u00f5es para o cen\u00e1rio mais do que provinciano neste cen\u00e1rio al\u00e9m da imagina\u00e7\u00e3o para as mesmices de sempre, quando os desencontros em [&hellip;]<\/p>\n","protected":false},"author":13,"featured_media":51988,"comment_status":"closed","ping_status":"open","sticky":false,"template":"","format":"standard","meta":{"_acf_changed":false,"_exactmetrics_skip_tracking":false,"_exactmetrics_sitenote_active":false,"_exactmetrics_sitenote_note":"","_exactmetrics_sitenote_category":0,"footnotes":""},"categories":[59],"tags":[],"class_list":["post-95181","post","type-post","status-publish","format-standard","has-post-thumbnail","hentry","category-opiniao"],"acf":[],"yoast_head":"<!-- This site is optimized with the Yoast SEO plugin v27.2 - https:\/\/yoast.com\/product\/yoast-seo-wordpress\/ -->\n<title>PROV\u00cdNCIA E &quot;OS DEZ DIAS QUE ABALARAM O MUNDO...&quot; - R\u00e1dio Life FM<\/title>\n<meta name=\"robots\" content=\"index, follow, max-snippet:-1, max-image-preview:large, max-video-preview:-1\" \/>\n<link rel=\"canonical\" href=\"https:\/\/radiolifefm.com.br\/noticias\/provincia-e-os-dez-dias-que-abalaram-o-mundo\/\" \/>\n<meta property=\"og:locale\" content=\"pt_BR\" \/>\n<meta property=\"og:type\" content=\"article\" \/>\n<meta property=\"og:title\" content=\"PROV\u00cdNCIA E &quot;OS DEZ DIAS QUE ABALARAM O MUNDO...&quot; - R\u00e1dio Life FM\" \/>\n<meta property=\"og:description\" content=\"\u00a0\u201cR\u00fassia, 1917: A Revolu\u00e7\u00e3o Bolchevique. Os Dias que abalaram o Mundo\u201d (Hist\u00f3ria do S\u00e9culo 20, No. 28, Abril Cultural, SP, 1974) &nbsp; S\u00e9rgio Barbosa (*) &nbsp; A Hist\u00f3ria em n\u00edvel mundial proporciona diversas reflex\u00f5es para o cen\u00e1rio mais do que provinciano neste cen\u00e1rio al\u00e9m da imagina\u00e7\u00e3o para as mesmices de sempre, quando os desencontros em [&hellip;]\" \/>\n<meta property=\"og:url\" content=\"https:\/\/radiolifefm.com.br\/noticias\/provincia-e-os-dez-dias-que-abalaram-o-mundo\/\" \/>\n<meta property=\"og:site_name\" content=\"R\u00e1dio Life FM\" \/>\n<meta property=\"article:publisher\" content=\"https:\/\/www.facebook.com\/radiolifefm\/\" \/>\n<meta property=\"article:published_time\" content=\"2024-11-08T13:30:22+00:00\" \/>\n<meta property=\"article:modified_time\" content=\"2026-03-29T13:19:03+00:00\" \/>\n<meta property=\"og:image\" content=\"https:\/\/radiolifefm.com.br\/noticias\/wp-content\/uploads\/2022\/04\/WhatsApp-Image-2022-04-10-at-18.43.02.jpeg\" \/>\n\t<meta property=\"og:image:width\" content=\"972\" \/>\n\t<meta property=\"og:image:height\" content=\"1296\" \/>\n\t<meta property=\"og:image:type\" content=\"image\/jpeg\" \/>\n<meta name=\"author\" content=\"ritanery\" \/>\n<meta name=\"twitter:card\" content=\"summary_large_image\" \/>\n<meta name=\"twitter:label1\" content=\"Escrito por\" \/>\n\t<meta name=\"twitter:data1\" content=\"ritanery\" \/>\n\t<meta name=\"twitter:label2\" content=\"Est. tempo de leitura\" \/>\n\t<meta name=\"twitter:data2\" content=\"3 minutos\" \/>\n<script type=\"application\/ld+json\" class=\"yoast-schema-graph\">{\"@context\":\"https:\/\/schema.org\",\"@graph\":[{\"@type\":\"Article\",\"@id\":\"https:\/\/radiolifefm.com.br\/noticias\/provincia-e-os-dez-dias-que-abalaram-o-mundo\/#article\",\"isPartOf\":{\"@id\":\"https:\/\/radiolifefm.com.br\/noticias\/provincia-e-os-dez-dias-que-abalaram-o-mundo\/\"},\"author\":{\"name\":\"ritanery\",\"@id\":\"https:\/\/radiolifefm.com.br\/noticias\/#\/schema\/person\/6339b9fac59d12b071dec680d7375d87\"},\"headline\":\"PROV\u00cdNCIA E &#8220;OS DEZ DIAS QUE ABALARAM O MUNDO&#8230;&#8221;\",\"datePublished\":\"2024-11-08T13:30:22+00:00\",\"dateModified\":\"2026-03-29T13:19:03+00:00\",\"mainEntityOfPage\":{\"@id\":\"https:\/\/radiolifefm.com.br\/noticias\/provincia-e-os-dez-dias-que-abalaram-o-mundo\/\"},\"wordCount\":551,\"publisher\":{\"@id\":\"https:\/\/radiolifefm.com.br\/noticias\/#organization\"},\"image\":{\"@id\":\"https:\/\/radiolifefm.com.br\/noticias\/provincia-e-os-dez-dias-que-abalaram-o-mundo\/#primaryimage\"},\"thumbnailUrl\":\"https:\/\/radiolifefm.com.br\/noticias\/wp-content\/uploads\/2022\/04\/WhatsApp-Image-2022-04-10-at-18.43.02.jpeg\",\"articleSection\":[\"Opini\u00e3o\"],\"inLanguage\":\"pt-BR\"},{\"@type\":\"WebPage\",\"@id\":\"https:\/\/radiolifefm.com.br\/noticias\/provincia-e-os-dez-dias-que-abalaram-o-mundo\/\",\"url\":\"https:\/\/radiolifefm.com.br\/noticias\/provincia-e-os-dez-dias-que-abalaram-o-mundo\/\",\"name\":\"PROV\u00cdNCIA E \\\"OS DEZ DIAS QUE ABALARAM O MUNDO...\\\" - R\u00e1dio Life FM\",\"isPartOf\":{\"@id\":\"https:\/\/radiolifefm.com.br\/noticias\/#website\"},\"primaryImageOfPage\":{\"@id\":\"https:\/\/radiolifefm.com.br\/noticias\/provincia-e-os-dez-dias-que-abalaram-o-mundo\/#primaryimage\"},\"image\":{\"@id\":\"https:\/\/radiolifefm.com.br\/noticias\/provincia-e-os-dez-dias-que-abalaram-o-mundo\/#primaryimage\"},\"thumbnailUrl\":\"https:\/\/radiolifefm.com.br\/noticias\/wp-content\/uploads\/2022\/04\/WhatsApp-Image-2022-04-10-at-18.43.02.jpeg\",\"datePublished\":\"2024-11-08T13:30:22+00:00\",\"dateModified\":\"2026-03-29T13:19:03+00:00\",\"breadcrumb\":{\"@id\":\"https:\/\/radiolifefm.com.br\/noticias\/provincia-e-os-dez-dias-que-abalaram-o-mundo\/#breadcrumb\"},\"inLanguage\":\"pt-BR\",\"potentialAction\":[{\"@type\":\"ReadAction\",\"target\":[\"https:\/\/radiolifefm.com.br\/noticias\/provincia-e-os-dez-dias-que-abalaram-o-mundo\/\"]}]},{\"@type\":\"ImageObject\",\"inLanguage\":\"pt-BR\",\"@id\":\"https:\/\/radiolifefm.com.br\/noticias\/provincia-e-os-dez-dias-que-abalaram-o-mundo\/#primaryimage\",\"url\":\"https:\/\/radiolifefm.com.br\/noticias\/wp-content\/uploads\/2022\/04\/WhatsApp-Image-2022-04-10-at-18.43.02.jpeg\",\"contentUrl\":\"https:\/\/radiolifefm.com.br\/noticias\/wp-content\/uploads\/2022\/04\/WhatsApp-Image-2022-04-10-at-18.43.02.jpeg\",\"width\":972,\"height\":1296,\"caption\":\"S\u00e9rgio Barbosa\"},{\"@type\":\"BreadcrumbList\",\"@id\":\"https:\/\/radiolifefm.com.br\/noticias\/provincia-e-os-dez-dias-que-abalaram-o-mundo\/#breadcrumb\",\"itemListElement\":[{\"@type\":\"ListItem\",\"position\":1,\"name\":\"In\u00edcio\",\"item\":\"https:\/\/radiolifefm.com.br\/noticias\/\"},{\"@type\":\"ListItem\",\"position\":2,\"name\":\"PROV\u00cdNCIA E &#8220;OS DEZ DIAS QUE ABALARAM O MUNDO&#8230;&#8221;\"}]},{\"@type\":\"WebSite\",\"@id\":\"https:\/\/radiolifefm.com.br\/noticias\/#website\",\"url\":\"https:\/\/radiolifefm.com.br\/noticias\/\",\"name\":\"R\u00e1dio Life FM\",\"description\":\"O Portal de Not\u00edcias de Adamantina\",\"publisher\":{\"@id\":\"https:\/\/radiolifefm.com.br\/noticias\/#organization\"},\"alternateName\":\"Life FM\",\"potentialAction\":[{\"@type\":\"SearchAction\",\"target\":{\"@type\":\"EntryPoint\",\"urlTemplate\":\"https:\/\/radiolifefm.com.br\/noticias\/?s={search_term_string}\"},\"query-input\":{\"@type\":\"PropertyValueSpecification\",\"valueRequired\":true,\"valueName\":\"search_term_string\"}}],\"inLanguage\":\"pt-BR\"},{\"@type\":\"Organization\",\"@id\":\"https:\/\/radiolifefm.com.br\/noticias\/#organization\",\"name\":\"R\u00e1dio Life FM\",\"alternateName\":\"Life FM\",\"url\":\"https:\/\/radiolifefm.com.br\/noticias\/\",\"logo\":{\"@type\":\"ImageObject\",\"inLanguage\":\"pt-BR\",\"@id\":\"https:\/\/radiolifefm.com.br\/noticias\/#\/schema\/logo\/image\/\",\"url\":\"https:\/\/static.radiolifefm.com.br\/noticias\/wp-content\/uploads\/2019\/10\/logo-lifefm.png\",\"contentUrl\":\"https:\/\/static.radiolifefm.com.br\/noticias\/wp-content\/uploads\/2019\/10\/logo-lifefm.png\",\"width\":196,\"height\":47,\"caption\":\"R\u00e1dio Life FM\"},\"image\":{\"@id\":\"https:\/\/radiolifefm.com.br\/noticias\/#\/schema\/logo\/image\/\"},\"sameAs\":[\"https:\/\/www.facebook.com\/radiolifefm\/\",\"https:\/\/www.instagram.com\/life1079fm\/\"]},{\"@type\":\"Person\",\"@id\":\"https:\/\/radiolifefm.com.br\/noticias\/#\/schema\/person\/6339b9fac59d12b071dec680d7375d87\",\"name\":\"ritanery\",\"image\":{\"@type\":\"ImageObject\",\"inLanguage\":\"pt-BR\",\"@id\":\"https:\/\/secure.gravatar.com\/avatar\/0e37bb19071f47c0b8a23f62a903df117c5a0e75f65a0c2901562f97cd41cf86?s=96&d=mm&r=g\",\"url\":\"https:\/\/secure.gravatar.com\/avatar\/0e37bb19071f47c0b8a23f62a903df117c5a0e75f65a0c2901562f97cd41cf86?s=96&d=mm&r=g\",\"contentUrl\":\"https:\/\/secure.gravatar.com\/avatar\/0e37bb19071f47c0b8a23f62a903df117c5a0e75f65a0c2901562f97cd41cf86?s=96&d=mm&r=g\",\"caption\":\"ritanery\"}}]}<\/script>\n<!-- \/ Yoast SEO plugin. -->","yoast_head_json":{"title":"PROV\u00cdNCIA E \"OS DEZ DIAS QUE ABALARAM O MUNDO...\" - R\u00e1dio Life FM","robots":{"index":"index","follow":"follow","max-snippet":"max-snippet:-1","max-image-preview":"max-image-preview:large","max-video-preview":"max-video-preview:-1"},"canonical":"https:\/\/radiolifefm.com.br\/noticias\/provincia-e-os-dez-dias-que-abalaram-o-mundo\/","og_locale":"pt_BR","og_type":"article","og_title":"PROV\u00cdNCIA E \"OS DEZ DIAS QUE ABALARAM O MUNDO...\" - R\u00e1dio Life FM","og_description":"\u00a0\u201cR\u00fassia, 1917: A Revolu\u00e7\u00e3o Bolchevique. Os Dias que abalaram o Mundo\u201d (Hist\u00f3ria do S\u00e9culo 20, No. 28, Abril Cultural, SP, 1974) &nbsp; S\u00e9rgio Barbosa (*) &nbsp; A Hist\u00f3ria em n\u00edvel mundial proporciona diversas reflex\u00f5es para o cen\u00e1rio mais do que provinciano neste cen\u00e1rio al\u00e9m da imagina\u00e7\u00e3o para as mesmices de sempre, quando os desencontros em [&hellip;]","og_url":"https:\/\/radiolifefm.com.br\/noticias\/provincia-e-os-dez-dias-que-abalaram-o-mundo\/","og_site_name":"R\u00e1dio Life FM","article_publisher":"https:\/\/www.facebook.com\/radiolifefm\/","article_published_time":"2024-11-08T13:30:22+00:00","article_modified_time":"2026-03-29T13:19:03+00:00","og_image":[{"width":972,"height":1296,"url":"https:\/\/radiolifefm.com.br\/noticias\/wp-content\/uploads\/2022\/04\/WhatsApp-Image-2022-04-10-at-18.43.02.jpeg","type":"image\/jpeg"}],"author":"ritanery","twitter_card":"summary_large_image","twitter_misc":{"Escrito por":"ritanery","Est. tempo de leitura":"3 minutos"},"schema":{"@context":"https:\/\/schema.org","@graph":[{"@type":"Article","@id":"https:\/\/radiolifefm.com.br\/noticias\/provincia-e-os-dez-dias-que-abalaram-o-mundo\/#article","isPartOf":{"@id":"https:\/\/radiolifefm.com.br\/noticias\/provincia-e-os-dez-dias-que-abalaram-o-mundo\/"},"author":{"name":"ritanery","@id":"https:\/\/radiolifefm.com.br\/noticias\/#\/schema\/person\/6339b9fac59d12b071dec680d7375d87"},"headline":"PROV\u00cdNCIA E &#8220;OS DEZ DIAS QUE ABALARAM O MUNDO&#8230;&#8221;","datePublished":"2024-11-08T13:30:22+00:00","dateModified":"2026-03-29T13:19:03+00:00","mainEntityOfPage":{"@id":"https:\/\/radiolifefm.com.br\/noticias\/provincia-e-os-dez-dias-que-abalaram-o-mundo\/"},"wordCount":551,"publisher":{"@id":"https:\/\/radiolifefm.com.br\/noticias\/#organization"},"image":{"@id":"https:\/\/radiolifefm.com.br\/noticias\/provincia-e-os-dez-dias-que-abalaram-o-mundo\/#primaryimage"},"thumbnailUrl":"https:\/\/radiolifefm.com.br\/noticias\/wp-content\/uploads\/2022\/04\/WhatsApp-Image-2022-04-10-at-18.43.02.jpeg","articleSection":["Opini\u00e3o"],"inLanguage":"pt-BR"},{"@type":"WebPage","@id":"https:\/\/radiolifefm.com.br\/noticias\/provincia-e-os-dez-dias-que-abalaram-o-mundo\/","url":"https:\/\/radiolifefm.com.br\/noticias\/provincia-e-os-dez-dias-que-abalaram-o-mundo\/","name":"PROV\u00cdNCIA E \"OS DEZ DIAS QUE ABALARAM O MUNDO...\" - R\u00e1dio Life FM","isPartOf":{"@id":"https:\/\/radiolifefm.com.br\/noticias\/#website"},"primaryImageOfPage":{"@id":"https:\/\/radiolifefm.com.br\/noticias\/provincia-e-os-dez-dias-que-abalaram-o-mundo\/#primaryimage"},"image":{"@id":"https:\/\/radiolifefm.com.br\/noticias\/provincia-e-os-dez-dias-que-abalaram-o-mundo\/#primaryimage"},"thumbnailUrl":"https:\/\/radiolifefm.com.br\/noticias\/wp-content\/uploads\/2022\/04\/WhatsApp-Image-2022-04-10-at-18.43.02.jpeg","datePublished":"2024-11-08T13:30:22+00:00","dateModified":"2026-03-29T13:19:03+00:00","breadcrumb":{"@id":"https:\/\/radiolifefm.com.br\/noticias\/provincia-e-os-dez-dias-que-abalaram-o-mundo\/#breadcrumb"},"inLanguage":"pt-BR","potentialAction":[{"@type":"ReadAction","target":["https:\/\/radiolifefm.com.br\/noticias\/provincia-e-os-dez-dias-que-abalaram-o-mundo\/"]}]},{"@type":"ImageObject","inLanguage":"pt-BR","@id":"https:\/\/radiolifefm.com.br\/noticias\/provincia-e-os-dez-dias-que-abalaram-o-mundo\/#primaryimage","url":"https:\/\/radiolifefm.com.br\/noticias\/wp-content\/uploads\/2022\/04\/WhatsApp-Image-2022-04-10-at-18.43.02.jpeg","contentUrl":"https:\/\/radiolifefm.com.br\/noticias\/wp-content\/uploads\/2022\/04\/WhatsApp-Image-2022-04-10-at-18.43.02.jpeg","width":972,"height":1296,"caption":"S\u00e9rgio Barbosa"},{"@type":"BreadcrumbList","@id":"https:\/\/radiolifefm.com.br\/noticias\/provincia-e-os-dez-dias-que-abalaram-o-mundo\/#breadcrumb","itemListElement":[{"@type":"ListItem","position":1,"name":"In\u00edcio","item":"https:\/\/radiolifefm.com.br\/noticias\/"},{"@type":"ListItem","position":2,"name":"PROV\u00cdNCIA E &#8220;OS DEZ DIAS QUE ABALARAM O MUNDO&#8230;&#8221;"}]},{"@type":"WebSite","@id":"https:\/\/radiolifefm.com.br\/noticias\/#website","url":"https:\/\/radiolifefm.com.br\/noticias\/","name":"R\u00e1dio Life FM","description":"O Portal de Not\u00edcias de Adamantina","publisher":{"@id":"https:\/\/radiolifefm.com.br\/noticias\/#organization"},"alternateName":"Life FM","potentialAction":[{"@type":"SearchAction","target":{"@type":"EntryPoint","urlTemplate":"https:\/\/radiolifefm.com.br\/noticias\/?s={search_term_string}"},"query-input":{"@type":"PropertyValueSpecification","valueRequired":true,"valueName":"search_term_string"}}],"inLanguage":"pt-BR"},{"@type":"Organization","@id":"https:\/\/radiolifefm.com.br\/noticias\/#organization","name":"R\u00e1dio Life FM","alternateName":"Life FM","url":"https:\/\/radiolifefm.com.br\/noticias\/","logo":{"@type":"ImageObject","inLanguage":"pt-BR","@id":"https:\/\/radiolifefm.com.br\/noticias\/#\/schema\/logo\/image\/","url":"https:\/\/static.radiolifefm.com.br\/noticias\/wp-content\/uploads\/2019\/10\/logo-lifefm.png","contentUrl":"https:\/\/static.radiolifefm.com.br\/noticias\/wp-content\/uploads\/2019\/10\/logo-lifefm.png","width":196,"height":47,"caption":"R\u00e1dio Life FM"},"image":{"@id":"https:\/\/radiolifefm.com.br\/noticias\/#\/schema\/logo\/image\/"},"sameAs":["https:\/\/www.facebook.com\/radiolifefm\/","https:\/\/www.instagram.com\/life1079fm\/"]},{"@type":"Person","@id":"https:\/\/radiolifefm.com.br\/noticias\/#\/schema\/person\/6339b9fac59d12b071dec680d7375d87","name":"ritanery","image":{"@type":"ImageObject","inLanguage":"pt-BR","@id":"https:\/\/secure.gravatar.com\/avatar\/0e37bb19071f47c0b8a23f62a903df117c5a0e75f65a0c2901562f97cd41cf86?s=96&d=mm&r=g","url":"https:\/\/secure.gravatar.com\/avatar\/0e37bb19071f47c0b8a23f62a903df117c5a0e75f65a0c2901562f97cd41cf86?s=96&d=mm&r=g","contentUrl":"https:\/\/secure.gravatar.com\/avatar\/0e37bb19071f47c0b8a23f62a903df117c5a0e75f65a0c2901562f97cd41cf86?s=96&d=mm&r=g","caption":"ritanery"}}]}},"amp_enabled":true,"_links":{"self":[{"href":"https:\/\/radiolifefm.com.br\/noticias\/wp-json\/wp\/v2\/posts\/95181","targetHints":{"allow":["GET"]}}],"collection":[{"href":"https:\/\/radiolifefm.com.br\/noticias\/wp-json\/wp\/v2\/posts"}],"about":[{"href":"https:\/\/radiolifefm.com.br\/noticias\/wp-json\/wp\/v2\/types\/post"}],"author":[{"embeddable":true,"href":"https:\/\/radiolifefm.com.br\/noticias\/wp-json\/wp\/v2\/users\/13"}],"replies":[{"embeddable":true,"href":"https:\/\/radiolifefm.com.br\/noticias\/wp-json\/wp\/v2\/comments?post=95181"}],"version-history":[{"count":1,"href":"https:\/\/radiolifefm.com.br\/noticias\/wp-json\/wp\/v2\/posts\/95181\/revisions"}],"predecessor-version":[{"id":95182,"href":"https:\/\/radiolifefm.com.br\/noticias\/wp-json\/wp\/v2\/posts\/95181\/revisions\/95182"}],"wp:featuredmedia":[{"embeddable":true,"href":"https:\/\/radiolifefm.com.br\/noticias\/wp-json\/wp\/v2\/media\/51988"}],"wp:attachment":[{"href":"https:\/\/radiolifefm.com.br\/noticias\/wp-json\/wp\/v2\/media?parent=95181"}],"wp:term":[{"taxonomy":"category","embeddable":true,"href":"https:\/\/radiolifefm.com.br\/noticias\/wp-json\/wp\/v2\/categories?post=95181"},{"taxonomy":"post_tag","embeddable":true,"href":"https:\/\/radiolifefm.com.br\/noticias\/wp-json\/wp\/v2\/tags?post=95181"}],"curies":[{"name":"wp","href":"https:\/\/api.w.org\/{rel}","templated":true}]}}