{"id":95025,"date":"2024-11-04T08:24:18","date_gmt":"2024-11-04T11:24:18","guid":{"rendered":"https:\/\/radiolifefm.com.br\/noticias\/?p=95025"},"modified":"2025-10-25T01:06:03","modified_gmt":"2025-10-25T04:06:03","slug":"provincia-e-mais-um-final-de-ano-chegando","status":"publish","type":"post","link":"https:\/\/radiolifefm.com.br\/noticias\/provincia-e-mais-um-final-de-ano-chegando\/","title":{"rendered":"Prov\u00edncia e mais um final de ano chegando&#8230;"},"content":{"rendered":"<div id=\"fb-root\"><\/div>\n<p>\u201cUm alegre Natal \/ E um feliz ano novo \/ Vamos esperar que seja um bom ano \/ Sem sofrimento\u201d (John Ono Lennon)<\/p>\n<p><strong>\u00a0<\/strong><\/p>\n<p><strong>By seb@r.<\/strong><\/p>\n<p>&nbsp;<\/p>\n<p>Mais um final de ano chegando nos quatro cantos deste PLANETA, por\u00e9m, como a PROV\u00cdNCIA DO FAZ DE CONTA est\u00e1 neste contexto, faz-se necess\u00e1rio muito mais do que uma simples reflex\u00e3o cr\u00edtica sobre tudo e todos\/as&#8230;<\/p>\n<p>Por\u00e9m, como sempre, os ditos com seus ditos, acabam dando o AR DA GRA\u00c7A de um jeito ou de outro, considerando que a IRONIA, ainda \u00e9 a melhor alternativa para o atual CEN\u00c1RIO PROVINCIANO&#8230;<\/p>\n<p>N\u00e3o se pode deixar de lado aquela TURMA que continua no tal QUARTO ESCURO, tendo em vista o RESULTADO DAS ELEI\u00c7\u00d5ES para o EXECUTIVO E LEGISLATIVO PROVINCIANO, todavia, cada qual se vira como pode e ponto quase final&#8230;<\/p>\n<p>Dizem que o N\u00daMEROS N\u00c3O MENTEM, assim, todos\/as aqueles\/as que perderam as respectivas VAGAS, est\u00e3o mais do que motivados para tal REFLEX\u00c3O CR\u00cdTICA, tamb\u00e9m, isso \u00e9, se conseguirem, fazer a famosa MEA CULPA&#8230;<\/p>\n<p>Mas, acredito que tais CONSELHOS n\u00e3o ser\u00e3o levados a s\u00e9rio pela turma que prefere continuar no QUARTO ESCURO, todavia, QUEM AVISA, dizem, AMIGO \u00c9&#8230;<\/p>\n<p>Apenas pra refor\u00e7ar, tamb\u00e9m, DECLARAR O VOTO para o EXECUTIVO PROVINCIANO, como nos textos escritos antes da realiza\u00e7\u00e3o das ELEI\u00c7\u00d5ES, a tecla acionada e efetivada foi EM BRANCO&#8230;<\/p>\n<p>Portanto, assim que o NOVO MANDAT\u00c1RIO assumir o comando do EXECUTIVO com sua equipe de apoio, estarei, como sempre nestes \u00faltimos anos, OBSERVANDO as idas e voltas deste time que assume em janeiro de 2.025, por\u00e9m, sempre que poss\u00edvel, ESCREVENDO os artigos OPINATIVOS by seb@r&#8230;<\/p>\n<p>No mais em meio ao tudo de menos, o NATAL e o ANO NOVO ANO est\u00e3o batendo nas PORTAS PROVINCIANAS, desta forma, tudo pode SE DA PAZ, por\u00e9m, TODO CUIDADO \u00c9 POUCO com quem est\u00e1 saindo deste lado para o outro lado, tamb\u00e9m, com quem est\u00e1 entrando neste CEN\u00c1RIO PROVINCIANO&#8230;<\/p>\n<p>Ah! Quanto aos NOMES EFETIVADOS para compor o pr\u00f3ximo MANDATO DO LEGISLATIVO, deve-se considerar que as tais RAPOSAS POLITIQUEIRAS continuam na \u00e1rea, todavia, entram NOVO\/AS NOMES neste BALAIO e tudo indica que o NOVO GESTOR e equipe, estar\u00e1 com APOIO da MAIORIA deste LEGISLATIVO&#8230;<\/p>\n<p>Por isso e mais aquilo, SE VOC\u00ca PENSA QUE T\u00c1 RUIM, PODE PIORAR&#8230;<\/p>\n<p>QUEM SOBREVIVER VAI SABER&#8230;<\/p>\n<p>&nbsp;<\/p>\n<p>&nbsp;<\/p>\n<p><strong>e-mail: <\/strong><a href=\"mailto:barbosa.sebar@gmail.com\"><strong>barbosa.sebar@gmail.com<\/strong><\/a><\/p>\n<p>&nbsp;<\/p>\n","protected":false},"excerpt":{"rendered":"<p>\u201cUm alegre Natal \/ E um feliz ano novo \/ Vamos esperar que seja um bom ano \/ Sem sofrimento\u201d (John Ono Lennon) \u00a0 By seb@r. &nbsp; Mais um final de ano chegando nos quatro cantos deste PLANETA, por\u00e9m, como a PROV\u00cdNCIA DO FAZ DE CONTA est\u00e1 neste contexto, faz-se necess\u00e1rio muito mais do que [&hellip;]<\/p>\n","protected":false},"author":13,"featured_media":51988,"comment_status":"closed","ping_status":"open","sticky":false,"template":"","format":"standard","meta":{"_acf_changed":false,"_exactmetrics_skip_tracking":false,"_exactmetrics_sitenote_active":false,"_exactmetrics_sitenote_note":"","_exactmetrics_sitenote_category":0,"footnotes":""},"categories":[59],"tags":[],"class_list":["post-95025","post","type-post","status-publish","format-standard","has-post-thumbnail","hentry","category-opiniao"],"acf":[],"yoast_head":"<!-- This site is optimized with the Yoast SEO plugin v27.2 - https:\/\/yoast.com\/product\/yoast-seo-wordpress\/ -->\n<title>Prov\u00edncia e mais um final de ano chegando... - R\u00e1dio Life FM<\/title>\n<meta name=\"robots\" content=\"index, follow, max-snippet:-1, max-image-preview:large, max-video-preview:-1\" \/>\n<link rel=\"canonical\" href=\"https:\/\/radiolifefm.com.br\/noticias\/provincia-e-mais-um-final-de-ano-chegando\/\" \/>\n<meta property=\"og:locale\" content=\"pt_BR\" \/>\n<meta property=\"og:type\" content=\"article\" \/>\n<meta property=\"og:title\" content=\"Prov\u00edncia e mais um final de ano chegando... - R\u00e1dio Life FM\" \/>\n<meta property=\"og:description\" content=\"\u201cUm alegre Natal \/ E um feliz ano novo \/ Vamos esperar que seja um bom ano \/ Sem sofrimento\u201d (John Ono Lennon) \u00a0 By seb@r. &nbsp; Mais um final de ano chegando nos quatro cantos deste PLANETA, por\u00e9m, como a PROV\u00cdNCIA DO FAZ DE CONTA est\u00e1 neste contexto, faz-se necess\u00e1rio muito mais do que [&hellip;]\" \/>\n<meta property=\"og:url\" content=\"https:\/\/radiolifefm.com.br\/noticias\/provincia-e-mais-um-final-de-ano-chegando\/\" \/>\n<meta property=\"og:site_name\" content=\"R\u00e1dio Life FM\" \/>\n<meta property=\"article:publisher\" content=\"https:\/\/www.facebook.com\/radiolifefm\/\" \/>\n<meta property=\"article:published_time\" content=\"2024-11-04T11:24:18+00:00\" \/>\n<meta property=\"article:modified_time\" content=\"2025-10-25T04:06:03+00:00\" \/>\n<meta property=\"og:image\" content=\"https:\/\/static.radiolifefm.com.br\/noticias\/wp-content\/uploads\/2022\/04\/WhatsApp-Image-2022-04-10-at-18.43.02.jpeg\" \/>\n\t<meta property=\"og:image:width\" content=\"972\" \/>\n\t<meta property=\"og:image:height\" content=\"1296\" \/>\n\t<meta property=\"og:image:type\" content=\"image\/jpeg\" \/>\n<meta name=\"author\" content=\"ritanery\" \/>\n<meta name=\"twitter:card\" content=\"summary_large_image\" \/>\n<meta name=\"twitter:label1\" content=\"Escrito por\" \/>\n\t<meta name=\"twitter:data1\" content=\"ritanery\" \/>\n\t<meta name=\"twitter:label2\" content=\"Est. tempo de leitura\" \/>\n\t<meta name=\"twitter:data2\" content=\"3 minutos\" \/>\n<script type=\"application\/ld+json\" class=\"yoast-schema-graph\">{\"@context\":\"https:\/\/schema.org\",\"@graph\":[{\"@type\":\"Article\",\"@id\":\"https:\/\/radiolifefm.com.br\/noticias\/provincia-e-mais-um-final-de-ano-chegando\/#article\",\"isPartOf\":{\"@id\":\"https:\/\/radiolifefm.com.br\/noticias\/provincia-e-mais-um-final-de-ano-chegando\/\"},\"author\":{\"name\":\"ritanery\",\"@id\":\"https:\/\/radiolifefm.com.br\/noticias\/#\/schema\/person\/6339b9fac59d12b071dec680d7375d87\"},\"headline\":\"Prov\u00edncia e mais um final de ano chegando&#8230;\",\"datePublished\":\"2024-11-04T11:24:18+00:00\",\"dateModified\":\"2025-10-25T04:06:03+00:00\",\"mainEntityOfPage\":{\"@id\":\"https:\/\/radiolifefm.com.br\/noticias\/provincia-e-mais-um-final-de-ano-chegando\/\"},\"wordCount\":421,\"publisher\":{\"@id\":\"https:\/\/radiolifefm.com.br\/noticias\/#organization\"},\"image\":{\"@id\":\"https:\/\/radiolifefm.com.br\/noticias\/provincia-e-mais-um-final-de-ano-chegando\/#primaryimage\"},\"thumbnailUrl\":\"https:\/\/radiolifefm.com.br\/noticias\/wp-content\/uploads\/2022\/04\/WhatsApp-Image-2022-04-10-at-18.43.02.jpeg\",\"articleSection\":[\"Opini\u00e3o\"],\"inLanguage\":\"pt-BR\"},{\"@type\":\"WebPage\",\"@id\":\"https:\/\/radiolifefm.com.br\/noticias\/provincia-e-mais-um-final-de-ano-chegando\/\",\"url\":\"https:\/\/radiolifefm.com.br\/noticias\/provincia-e-mais-um-final-de-ano-chegando\/\",\"name\":\"Prov\u00edncia e mais um final de ano chegando... - R\u00e1dio Life FM\",\"isPartOf\":{\"@id\":\"https:\/\/radiolifefm.com.br\/noticias\/#website\"},\"primaryImageOfPage\":{\"@id\":\"https:\/\/radiolifefm.com.br\/noticias\/provincia-e-mais-um-final-de-ano-chegando\/#primaryimage\"},\"image\":{\"@id\":\"https:\/\/radiolifefm.com.br\/noticias\/provincia-e-mais-um-final-de-ano-chegando\/#primaryimage\"},\"thumbnailUrl\":\"https:\/\/radiolifefm.com.br\/noticias\/wp-content\/uploads\/2022\/04\/WhatsApp-Image-2022-04-10-at-18.43.02.jpeg\",\"datePublished\":\"2024-11-04T11:24:18+00:00\",\"dateModified\":\"2025-10-25T04:06:03+00:00\",\"breadcrumb\":{\"@id\":\"https:\/\/radiolifefm.com.br\/noticias\/provincia-e-mais-um-final-de-ano-chegando\/#breadcrumb\"},\"inLanguage\":\"pt-BR\",\"potentialAction\":[{\"@type\":\"ReadAction\",\"target\":[\"https:\/\/radiolifefm.com.br\/noticias\/provincia-e-mais-um-final-de-ano-chegando\/\"]}]},{\"@type\":\"ImageObject\",\"inLanguage\":\"pt-BR\",\"@id\":\"https:\/\/radiolifefm.com.br\/noticias\/provincia-e-mais-um-final-de-ano-chegando\/#primaryimage\",\"url\":\"https:\/\/radiolifefm.com.br\/noticias\/wp-content\/uploads\/2022\/04\/WhatsApp-Image-2022-04-10-at-18.43.02.jpeg\",\"contentUrl\":\"https:\/\/radiolifefm.com.br\/noticias\/wp-content\/uploads\/2022\/04\/WhatsApp-Image-2022-04-10-at-18.43.02.jpeg\",\"width\":972,\"height\":1296,\"caption\":\"S\u00e9rgio Barbosa\"},{\"@type\":\"BreadcrumbList\",\"@id\":\"https:\/\/radiolifefm.com.br\/noticias\/provincia-e-mais-um-final-de-ano-chegando\/#breadcrumb\",\"itemListElement\":[{\"@type\":\"ListItem\",\"position\":1,\"name\":\"In\u00edcio\",\"item\":\"https:\/\/radiolifefm.com.br\/noticias\/\"},{\"@type\":\"ListItem\",\"position\":2,\"name\":\"Prov\u00edncia e mais um final de ano chegando&#8230;\"}]},{\"@type\":\"WebSite\",\"@id\":\"https:\/\/radiolifefm.com.br\/noticias\/#website\",\"url\":\"https:\/\/radiolifefm.com.br\/noticias\/\",\"name\":\"R\u00e1dio Life FM\",\"description\":\"O Portal de Not\u00edcias de Adamantina\",\"publisher\":{\"@id\":\"https:\/\/radiolifefm.com.br\/noticias\/#organization\"},\"alternateName\":\"Life FM\",\"potentialAction\":[{\"@type\":\"SearchAction\",\"target\":{\"@type\":\"EntryPoint\",\"urlTemplate\":\"https:\/\/radiolifefm.com.br\/noticias\/?s={search_term_string}\"},\"query-input\":{\"@type\":\"PropertyValueSpecification\",\"valueRequired\":true,\"valueName\":\"search_term_string\"}}],\"inLanguage\":\"pt-BR\"},{\"@type\":\"Organization\",\"@id\":\"https:\/\/radiolifefm.com.br\/noticias\/#organization\",\"name\":\"R\u00e1dio Life FM\",\"alternateName\":\"Life FM\",\"url\":\"https:\/\/radiolifefm.com.br\/noticias\/\",\"logo\":{\"@type\":\"ImageObject\",\"inLanguage\":\"pt-BR\",\"@id\":\"https:\/\/radiolifefm.com.br\/noticias\/#\/schema\/logo\/image\/\",\"url\":\"https:\/\/static.radiolifefm.com.br\/noticias\/wp-content\/uploads\/2019\/10\/logo-lifefm.png\",\"contentUrl\":\"https:\/\/static.radiolifefm.com.br\/noticias\/wp-content\/uploads\/2019\/10\/logo-lifefm.png\",\"width\":196,\"height\":47,\"caption\":\"R\u00e1dio Life FM\"},\"image\":{\"@id\":\"https:\/\/radiolifefm.com.br\/noticias\/#\/schema\/logo\/image\/\"},\"sameAs\":[\"https:\/\/www.facebook.com\/radiolifefm\/\",\"https:\/\/www.instagram.com\/life1079fm\/\"]},{\"@type\":\"Person\",\"@id\":\"https:\/\/radiolifefm.com.br\/noticias\/#\/schema\/person\/6339b9fac59d12b071dec680d7375d87\",\"name\":\"ritanery\",\"image\":{\"@type\":\"ImageObject\",\"inLanguage\":\"pt-BR\",\"@id\":\"https:\/\/secure.gravatar.com\/avatar\/0e37bb19071f47c0b8a23f62a903df117c5a0e75f65a0c2901562f97cd41cf86?s=96&d=mm&r=g\",\"url\":\"https:\/\/secure.gravatar.com\/avatar\/0e37bb19071f47c0b8a23f62a903df117c5a0e75f65a0c2901562f97cd41cf86?s=96&d=mm&r=g\",\"contentUrl\":\"https:\/\/secure.gravatar.com\/avatar\/0e37bb19071f47c0b8a23f62a903df117c5a0e75f65a0c2901562f97cd41cf86?s=96&d=mm&r=g\",\"caption\":\"ritanery\"}}]}<\/script>\n<!-- \/ Yoast SEO plugin. -->","yoast_head_json":{"title":"Prov\u00edncia e mais um final de ano chegando... - R\u00e1dio Life FM","robots":{"index":"index","follow":"follow","max-snippet":"max-snippet:-1","max-image-preview":"max-image-preview:large","max-video-preview":"max-video-preview:-1"},"canonical":"https:\/\/radiolifefm.com.br\/noticias\/provincia-e-mais-um-final-de-ano-chegando\/","og_locale":"pt_BR","og_type":"article","og_title":"Prov\u00edncia e mais um final de ano chegando... - R\u00e1dio Life FM","og_description":"\u201cUm alegre Natal \/ E um feliz ano novo \/ Vamos esperar que seja um bom ano \/ Sem sofrimento\u201d (John Ono Lennon) \u00a0 By seb@r. &nbsp; Mais um final de ano chegando nos quatro cantos deste PLANETA, por\u00e9m, como a PROV\u00cdNCIA DO FAZ DE CONTA est\u00e1 neste contexto, faz-se necess\u00e1rio muito mais do que [&hellip;]","og_url":"https:\/\/radiolifefm.com.br\/noticias\/provincia-e-mais-um-final-de-ano-chegando\/","og_site_name":"R\u00e1dio Life FM","article_publisher":"https:\/\/www.facebook.com\/radiolifefm\/","article_published_time":"2024-11-04T11:24:18+00:00","article_modified_time":"2025-10-25T04:06:03+00:00","og_image":[{"width":972,"height":1296,"url":"https:\/\/static.radiolifefm.com.br\/noticias\/wp-content\/uploads\/2022\/04\/WhatsApp-Image-2022-04-10-at-18.43.02.jpeg","type":"image\/jpeg"}],"author":"ritanery","twitter_card":"summary_large_image","twitter_misc":{"Escrito por":"ritanery","Est. tempo de leitura":"3 minutos"},"schema":{"@context":"https:\/\/schema.org","@graph":[{"@type":"Article","@id":"https:\/\/radiolifefm.com.br\/noticias\/provincia-e-mais-um-final-de-ano-chegando\/#article","isPartOf":{"@id":"https:\/\/radiolifefm.com.br\/noticias\/provincia-e-mais-um-final-de-ano-chegando\/"},"author":{"name":"ritanery","@id":"https:\/\/radiolifefm.com.br\/noticias\/#\/schema\/person\/6339b9fac59d12b071dec680d7375d87"},"headline":"Prov\u00edncia e mais um final de ano chegando&#8230;","datePublished":"2024-11-04T11:24:18+00:00","dateModified":"2025-10-25T04:06:03+00:00","mainEntityOfPage":{"@id":"https:\/\/radiolifefm.com.br\/noticias\/provincia-e-mais-um-final-de-ano-chegando\/"},"wordCount":421,"publisher":{"@id":"https:\/\/radiolifefm.com.br\/noticias\/#organization"},"image":{"@id":"https:\/\/radiolifefm.com.br\/noticias\/provincia-e-mais-um-final-de-ano-chegando\/#primaryimage"},"thumbnailUrl":"https:\/\/radiolifefm.com.br\/noticias\/wp-content\/uploads\/2022\/04\/WhatsApp-Image-2022-04-10-at-18.43.02.jpeg","articleSection":["Opini\u00e3o"],"inLanguage":"pt-BR"},{"@type":"WebPage","@id":"https:\/\/radiolifefm.com.br\/noticias\/provincia-e-mais-um-final-de-ano-chegando\/","url":"https:\/\/radiolifefm.com.br\/noticias\/provincia-e-mais-um-final-de-ano-chegando\/","name":"Prov\u00edncia e mais um final de ano chegando... - R\u00e1dio Life FM","isPartOf":{"@id":"https:\/\/radiolifefm.com.br\/noticias\/#website"},"primaryImageOfPage":{"@id":"https:\/\/radiolifefm.com.br\/noticias\/provincia-e-mais-um-final-de-ano-chegando\/#primaryimage"},"image":{"@id":"https:\/\/radiolifefm.com.br\/noticias\/provincia-e-mais-um-final-de-ano-chegando\/#primaryimage"},"thumbnailUrl":"https:\/\/radiolifefm.com.br\/noticias\/wp-content\/uploads\/2022\/04\/WhatsApp-Image-2022-04-10-at-18.43.02.jpeg","datePublished":"2024-11-04T11:24:18+00:00","dateModified":"2025-10-25T04:06:03+00:00","breadcrumb":{"@id":"https:\/\/radiolifefm.com.br\/noticias\/provincia-e-mais-um-final-de-ano-chegando\/#breadcrumb"},"inLanguage":"pt-BR","potentialAction":[{"@type":"ReadAction","target":["https:\/\/radiolifefm.com.br\/noticias\/provincia-e-mais-um-final-de-ano-chegando\/"]}]},{"@type":"ImageObject","inLanguage":"pt-BR","@id":"https:\/\/radiolifefm.com.br\/noticias\/provincia-e-mais-um-final-de-ano-chegando\/#primaryimage","url":"https:\/\/radiolifefm.com.br\/noticias\/wp-content\/uploads\/2022\/04\/WhatsApp-Image-2022-04-10-at-18.43.02.jpeg","contentUrl":"https:\/\/radiolifefm.com.br\/noticias\/wp-content\/uploads\/2022\/04\/WhatsApp-Image-2022-04-10-at-18.43.02.jpeg","width":972,"height":1296,"caption":"S\u00e9rgio Barbosa"},{"@type":"BreadcrumbList","@id":"https:\/\/radiolifefm.com.br\/noticias\/provincia-e-mais-um-final-de-ano-chegando\/#breadcrumb","itemListElement":[{"@type":"ListItem","position":1,"name":"In\u00edcio","item":"https:\/\/radiolifefm.com.br\/noticias\/"},{"@type":"ListItem","position":2,"name":"Prov\u00edncia e mais um final de ano chegando&#8230;"}]},{"@type":"WebSite","@id":"https:\/\/radiolifefm.com.br\/noticias\/#website","url":"https:\/\/radiolifefm.com.br\/noticias\/","name":"R\u00e1dio Life FM","description":"O Portal de Not\u00edcias de Adamantina","publisher":{"@id":"https:\/\/radiolifefm.com.br\/noticias\/#organization"},"alternateName":"Life FM","potentialAction":[{"@type":"SearchAction","target":{"@type":"EntryPoint","urlTemplate":"https:\/\/radiolifefm.com.br\/noticias\/?s={search_term_string}"},"query-input":{"@type":"PropertyValueSpecification","valueRequired":true,"valueName":"search_term_string"}}],"inLanguage":"pt-BR"},{"@type":"Organization","@id":"https:\/\/radiolifefm.com.br\/noticias\/#organization","name":"R\u00e1dio Life FM","alternateName":"Life FM","url":"https:\/\/radiolifefm.com.br\/noticias\/","logo":{"@type":"ImageObject","inLanguage":"pt-BR","@id":"https:\/\/radiolifefm.com.br\/noticias\/#\/schema\/logo\/image\/","url":"https:\/\/static.radiolifefm.com.br\/noticias\/wp-content\/uploads\/2019\/10\/logo-lifefm.png","contentUrl":"https:\/\/static.radiolifefm.com.br\/noticias\/wp-content\/uploads\/2019\/10\/logo-lifefm.png","width":196,"height":47,"caption":"R\u00e1dio Life FM"},"image":{"@id":"https:\/\/radiolifefm.com.br\/noticias\/#\/schema\/logo\/image\/"},"sameAs":["https:\/\/www.facebook.com\/radiolifefm\/","https:\/\/www.instagram.com\/life1079fm\/"]},{"@type":"Person","@id":"https:\/\/radiolifefm.com.br\/noticias\/#\/schema\/person\/6339b9fac59d12b071dec680d7375d87","name":"ritanery","image":{"@type":"ImageObject","inLanguage":"pt-BR","@id":"https:\/\/secure.gravatar.com\/avatar\/0e37bb19071f47c0b8a23f62a903df117c5a0e75f65a0c2901562f97cd41cf86?s=96&d=mm&r=g","url":"https:\/\/secure.gravatar.com\/avatar\/0e37bb19071f47c0b8a23f62a903df117c5a0e75f65a0c2901562f97cd41cf86?s=96&d=mm&r=g","contentUrl":"https:\/\/secure.gravatar.com\/avatar\/0e37bb19071f47c0b8a23f62a903df117c5a0e75f65a0c2901562f97cd41cf86?s=96&d=mm&r=g","caption":"ritanery"}}]}},"amp_enabled":true,"_links":{"self":[{"href":"https:\/\/radiolifefm.com.br\/noticias\/wp-json\/wp\/v2\/posts\/95025","targetHints":{"allow":["GET"]}}],"collection":[{"href":"https:\/\/radiolifefm.com.br\/noticias\/wp-json\/wp\/v2\/posts"}],"about":[{"href":"https:\/\/radiolifefm.com.br\/noticias\/wp-json\/wp\/v2\/types\/post"}],"author":[{"embeddable":true,"href":"https:\/\/radiolifefm.com.br\/noticias\/wp-json\/wp\/v2\/users\/13"}],"replies":[{"embeddable":true,"href":"https:\/\/radiolifefm.com.br\/noticias\/wp-json\/wp\/v2\/comments?post=95025"}],"version-history":[{"count":1,"href":"https:\/\/radiolifefm.com.br\/noticias\/wp-json\/wp\/v2\/posts\/95025\/revisions"}],"predecessor-version":[{"id":95026,"href":"https:\/\/radiolifefm.com.br\/noticias\/wp-json\/wp\/v2\/posts\/95025\/revisions\/95026"}],"wp:featuredmedia":[{"embeddable":true,"href":"https:\/\/radiolifefm.com.br\/noticias\/wp-json\/wp\/v2\/media\/51988"}],"wp:attachment":[{"href":"https:\/\/radiolifefm.com.br\/noticias\/wp-json\/wp\/v2\/media?parent=95025"}],"wp:term":[{"taxonomy":"category","embeddable":true,"href":"https:\/\/radiolifefm.com.br\/noticias\/wp-json\/wp\/v2\/categories?post=95025"},{"taxonomy":"post_tag","embeddable":true,"href":"https:\/\/radiolifefm.com.br\/noticias\/wp-json\/wp\/v2\/tags?post=95025"}],"curies":[{"name":"wp","href":"https:\/\/api.w.org\/{rel}","templated":true}]}}