{"id":94669,"date":"2024-10-24T16:08:38","date_gmt":"2024-10-24T19:08:38","guid":{"rendered":"https:\/\/radiolifefm.com.br\/noticias\/?p=94669"},"modified":"2026-04-24T15:53:10","modified_gmt":"2026-04-24T18:53:10","slug":"pequenos-passos-diante-da-crise-2","status":"publish","type":"post","link":"https:\/\/radiolifefm.com.br\/noticias\/pequenos-passos-diante-da-crise-2\/","title":{"rendered":"Pequenos passos diante da crise"},"content":{"rendered":"<div id=\"fb-root\"><\/div>\n<p>Quando n\u00f3s falamos em crise financeira ou crise pol\u00edtica e econ\u00f4mica, muitas vezes n\u00f3s a descrevemos com imagens globais. Ou seja, ela abrange o mundo inteiro. E da mesma forma, n\u00f3s pensamos que a crise s\u00f3 poderia ser superada com solu\u00e7\u00f5es globais. Quando se trata de crises pol\u00edticas ou crises econ\u00f4micas, isso de certa forma \u00e9 verdade. O que \u00e9 preciso \u00e9 procurar novas regras que sejam v\u00e1lidas para todos os pa\u00edses. No entanto, isso n\u00e3o \u00e9 v\u00e1lido para a maneira que eu pessoalmente respondo a crise em que me encontro por causa da crise global.\u00a0 Existem solu\u00e7\u00f5es que s\u00e3o globais, mas eu tenho que dar conta da minha vida aqui onde estou, por isso eu preciso dar conta da minha crise pessoal, daquilo que a crise envolve sobre mim mesmo. Eu n\u00e3o tenho como solucionar pessoalmente a crise mundial, pelo contr\u00e1rio, eu preciso considerar os passos que devo dar para responder a minha crise individual, e nesse caso \u00e9 bom ser modesto e pensar em passos pequenos, ao inv\u00e9s de quebrar a cabe\u00e7a em busca de solu\u00e7\u00f5es para a crise mundial. Um desses pequenos passos poderia ser planejar as pr\u00f3ximas f\u00e9rias com mod\u00e9stia, desistir de viagens de f\u00e9rias que sejam caras. Um outro passo, por exemplo, poderia ser an\u00e1lise das despesas dom\u00e9sticas, meu consumo de energia \u00e9 adequado? Ou eu poderia economizar aqui, poderia economizar ali? A quest\u00e3o dos alimentos: nossos alimentos e h\u00e1bitos alimentares s\u00e3o realmente bons ou eu estou gastando demais? N\u00e3o seria poss\u00edvel simplificar alguma coisa nesse sentido? Talvez isso tamb\u00e9m fosse bom para a minha sa\u00fade. Por isso, eu mesmo posso dar pequenos passos, eles me levam ao movimento. Quando olho fixamente apenas para a crise, permane\u00e7o parado e n\u00e3o tenho nenhuma ideia de como eu poderia reagir a ela. Se eu, no entanto, dar o primeiro passo, pequeno que seja, alguma coisa come\u00e7a a se movimentar em mim. Ent\u00e3o, eu sinto que n\u00e3o estou simplesmente entregue \u00e0 crise, mas que eu posso reagir ativamente a ela. Ao me movimentar, tamb\u00e9m me ocorrer\u00e3o outros passos que eu poderia dar.<\/p>\n<p>Em todo caso, o movimento ativa a minha reflex\u00e3o, a minha criatividade, e isso produz em mim uma sensa\u00e7\u00e3o boa de que eu n\u00e3o estou dominado pela crise, mas que eu estou reagindo \u00e0 crise. Esses pequenos passos s\u00e3o importantes! N\u00e3o fiquemos reclamando o tempo todo. Busquemos dar passos e encontrar solu\u00e7\u00f5es.<\/p>\n<p>&nbsp;<\/p>\n<p>Padre Ezequiel Dal Pozzo<\/p>\n","protected":false},"excerpt":{"rendered":"<p>Quando n\u00f3s falamos em crise financeira ou crise pol\u00edtica e econ\u00f4mica, muitas vezes n\u00f3s a descrevemos com imagens globais. Ou seja, ela abrange o mundo inteiro. E da mesma forma, n\u00f3s pensamos que a crise s\u00f3 poderia ser superada com solu\u00e7\u00f5es globais. Quando se trata de crises pol\u00edticas ou crises econ\u00f4micas, isso de certa forma [&hellip;]<\/p>\n","protected":false},"author":13,"featured_media":73487,"comment_status":"closed","ping_status":"open","sticky":false,"template":"","format":"standard","meta":{"_acf_changed":false,"_exactmetrics_skip_tracking":false,"_exactmetrics_sitenote_active":false,"_exactmetrics_sitenote_note":"","_exactmetrics_sitenote_category":0,"footnotes":""},"categories":[57],"tags":[],"class_list":["post-94669","post","type-post","status-publish","format-standard","has-post-thumbnail","hentry","category-fe"],"acf":[],"yoast_head":"<!-- This site is optimized with the Yoast SEO plugin v27.2 - https:\/\/yoast.com\/product\/yoast-seo-wordpress\/ -->\n<title>Pequenos passos diante da crise - R\u00e1dio Life FM<\/title>\n<meta name=\"robots\" content=\"index, follow, max-snippet:-1, max-image-preview:large, max-video-preview:-1\" \/>\n<link rel=\"canonical\" href=\"https:\/\/radiolifefm.com.br\/noticias\/pequenos-passos-diante-da-crise-2\/\" \/>\n<meta property=\"og:locale\" content=\"pt_BR\" \/>\n<meta property=\"og:type\" content=\"article\" \/>\n<meta property=\"og:title\" content=\"Pequenos passos diante da crise - R\u00e1dio Life FM\" \/>\n<meta property=\"og:description\" content=\"Quando n\u00f3s falamos em crise financeira ou crise pol\u00edtica e econ\u00f4mica, muitas vezes n\u00f3s a descrevemos com imagens globais. Ou seja, ela abrange o mundo inteiro. E da mesma forma, n\u00f3s pensamos que a crise s\u00f3 poderia ser superada com solu\u00e7\u00f5es globais. Quando se trata de crises pol\u00edticas ou crises econ\u00f4micas, isso de certa forma [&hellip;]\" \/>\n<meta property=\"og:url\" content=\"https:\/\/radiolifefm.com.br\/noticias\/pequenos-passos-diante-da-crise-2\/\" \/>\n<meta property=\"og:site_name\" content=\"R\u00e1dio Life FM\" \/>\n<meta property=\"article:publisher\" content=\"https:\/\/www.facebook.com\/radiolifefm\/\" \/>\n<meta property=\"article:published_time\" content=\"2024-10-24T19:08:38+00:00\" \/>\n<meta property=\"article:modified_time\" content=\"2026-04-24T18:53:10+00:00\" \/>\n<meta property=\"og:image\" content=\"https:\/\/radiolifefm.com.br\/noticias\/wp-content\/uploads\/2023\/07\/Padre-Ezequiel-Dal-Pozzo.jpg\" \/>\n\t<meta property=\"og:image:width\" content=\"2303\" \/>\n\t<meta property=\"og:image:height\" content=\"1535\" \/>\n\t<meta property=\"og:image:type\" content=\"image\/jpeg\" \/>\n<meta name=\"author\" content=\"ritanery\" \/>\n<meta name=\"twitter:card\" content=\"summary_large_image\" \/>\n<meta name=\"twitter:label1\" content=\"Escrito por\" \/>\n\t<meta name=\"twitter:data1\" content=\"ritanery\" \/>\n\t<meta name=\"twitter:label2\" content=\"Est. tempo de leitura\" \/>\n\t<meta name=\"twitter:data2\" content=\"3 minutos\" \/>\n<script type=\"application\/ld+json\" class=\"yoast-schema-graph\">{\"@context\":\"https:\/\/schema.org\",\"@graph\":[{\"@type\":\"Article\",\"@id\":\"https:\/\/radiolifefm.com.br\/noticias\/pequenos-passos-diante-da-crise-2\/#article\",\"isPartOf\":{\"@id\":\"https:\/\/radiolifefm.com.br\/noticias\/pequenos-passos-diante-da-crise-2\/\"},\"author\":{\"name\":\"ritanery\",\"@id\":\"https:\/\/radiolifefm.com.br\/noticias\/#\/schema\/person\/6339b9fac59d12b071dec680d7375d87\"},\"headline\":\"Pequenos passos diante da crise\",\"datePublished\":\"2024-10-24T19:08:38+00:00\",\"dateModified\":\"2026-04-24T18:53:10+00:00\",\"mainEntityOfPage\":{\"@id\":\"https:\/\/radiolifefm.com.br\/noticias\/pequenos-passos-diante-da-crise-2\/\"},\"wordCount\":443,\"publisher\":{\"@id\":\"https:\/\/radiolifefm.com.br\/noticias\/#organization\"},\"image\":{\"@id\":\"https:\/\/radiolifefm.com.br\/noticias\/pequenos-passos-diante-da-crise-2\/#primaryimage\"},\"thumbnailUrl\":\"https:\/\/radiolifefm.com.br\/noticias\/wp-content\/uploads\/2023\/07\/Padre-Ezequiel-Dal-Pozzo.jpg\",\"articleSection\":[\"F\u00e9\"],\"inLanguage\":\"pt-BR\"},{\"@type\":\"WebPage\",\"@id\":\"https:\/\/radiolifefm.com.br\/noticias\/pequenos-passos-diante-da-crise-2\/\",\"url\":\"https:\/\/radiolifefm.com.br\/noticias\/pequenos-passos-diante-da-crise-2\/\",\"name\":\"Pequenos passos diante da crise - R\u00e1dio Life FM\",\"isPartOf\":{\"@id\":\"https:\/\/radiolifefm.com.br\/noticias\/#website\"},\"primaryImageOfPage\":{\"@id\":\"https:\/\/radiolifefm.com.br\/noticias\/pequenos-passos-diante-da-crise-2\/#primaryimage\"},\"image\":{\"@id\":\"https:\/\/radiolifefm.com.br\/noticias\/pequenos-passos-diante-da-crise-2\/#primaryimage\"},\"thumbnailUrl\":\"https:\/\/radiolifefm.com.br\/noticias\/wp-content\/uploads\/2023\/07\/Padre-Ezequiel-Dal-Pozzo.jpg\",\"datePublished\":\"2024-10-24T19:08:38+00:00\",\"dateModified\":\"2026-04-24T18:53:10+00:00\",\"breadcrumb\":{\"@id\":\"https:\/\/radiolifefm.com.br\/noticias\/pequenos-passos-diante-da-crise-2\/#breadcrumb\"},\"inLanguage\":\"pt-BR\",\"potentialAction\":[{\"@type\":\"ReadAction\",\"target\":[\"https:\/\/radiolifefm.com.br\/noticias\/pequenos-passos-diante-da-crise-2\/\"]}]},{\"@type\":\"ImageObject\",\"inLanguage\":\"pt-BR\",\"@id\":\"https:\/\/radiolifefm.com.br\/noticias\/pequenos-passos-diante-da-crise-2\/#primaryimage\",\"url\":\"https:\/\/radiolifefm.com.br\/noticias\/wp-content\/uploads\/2023\/07\/Padre-Ezequiel-Dal-Pozzo.jpg\",\"contentUrl\":\"https:\/\/radiolifefm.com.br\/noticias\/wp-content\/uploads\/2023\/07\/Padre-Ezequiel-Dal-Pozzo.jpg\",\"width\":2303,\"height\":1535},{\"@type\":\"BreadcrumbList\",\"@id\":\"https:\/\/radiolifefm.com.br\/noticias\/pequenos-passos-diante-da-crise-2\/#breadcrumb\",\"itemListElement\":[{\"@type\":\"ListItem\",\"position\":1,\"name\":\"In\u00edcio\",\"item\":\"https:\/\/radiolifefm.com.br\/noticias\/\"},{\"@type\":\"ListItem\",\"position\":2,\"name\":\"Pequenos passos diante da crise\"}]},{\"@type\":\"WebSite\",\"@id\":\"https:\/\/radiolifefm.com.br\/noticias\/#website\",\"url\":\"https:\/\/radiolifefm.com.br\/noticias\/\",\"name\":\"R\u00e1dio Life FM\",\"description\":\"O Portal de Not\u00edcias de Adamantina\",\"publisher\":{\"@id\":\"https:\/\/radiolifefm.com.br\/noticias\/#organization\"},\"alternateName\":\"Life FM\",\"potentialAction\":[{\"@type\":\"SearchAction\",\"target\":{\"@type\":\"EntryPoint\",\"urlTemplate\":\"https:\/\/radiolifefm.com.br\/noticias\/?s={search_term_string}\"},\"query-input\":{\"@type\":\"PropertyValueSpecification\",\"valueRequired\":true,\"valueName\":\"search_term_string\"}}],\"inLanguage\":\"pt-BR\"},{\"@type\":\"Organization\",\"@id\":\"https:\/\/radiolifefm.com.br\/noticias\/#organization\",\"name\":\"R\u00e1dio Life FM\",\"alternateName\":\"Life FM\",\"url\":\"https:\/\/radiolifefm.com.br\/noticias\/\",\"logo\":{\"@type\":\"ImageObject\",\"inLanguage\":\"pt-BR\",\"@id\":\"https:\/\/radiolifefm.com.br\/noticias\/#\/schema\/logo\/image\/\",\"url\":\"https:\/\/static.radiolifefm.com.br\/noticias\/wp-content\/uploads\/2019\/10\/logo-lifefm.png\",\"contentUrl\":\"https:\/\/static.radiolifefm.com.br\/noticias\/wp-content\/uploads\/2019\/10\/logo-lifefm.png\",\"width\":196,\"height\":47,\"caption\":\"R\u00e1dio Life FM\"},\"image\":{\"@id\":\"https:\/\/radiolifefm.com.br\/noticias\/#\/schema\/logo\/image\/\"},\"sameAs\":[\"https:\/\/www.facebook.com\/radiolifefm\/\",\"https:\/\/www.instagram.com\/life1079fm\/\"]},{\"@type\":\"Person\",\"@id\":\"https:\/\/radiolifefm.com.br\/noticias\/#\/schema\/person\/6339b9fac59d12b071dec680d7375d87\",\"name\":\"ritanery\",\"image\":{\"@type\":\"ImageObject\",\"inLanguage\":\"pt-BR\",\"@id\":\"https:\/\/secure.gravatar.com\/avatar\/0e37bb19071f47c0b8a23f62a903df117c5a0e75f65a0c2901562f97cd41cf86?s=96&d=mm&r=g\",\"url\":\"https:\/\/secure.gravatar.com\/avatar\/0e37bb19071f47c0b8a23f62a903df117c5a0e75f65a0c2901562f97cd41cf86?s=96&d=mm&r=g\",\"contentUrl\":\"https:\/\/secure.gravatar.com\/avatar\/0e37bb19071f47c0b8a23f62a903df117c5a0e75f65a0c2901562f97cd41cf86?s=96&d=mm&r=g\",\"caption\":\"ritanery\"}}]}<\/script>\n<!-- \/ Yoast SEO plugin. -->","yoast_head_json":{"title":"Pequenos passos diante da crise - R\u00e1dio Life FM","robots":{"index":"index","follow":"follow","max-snippet":"max-snippet:-1","max-image-preview":"max-image-preview:large","max-video-preview":"max-video-preview:-1"},"canonical":"https:\/\/radiolifefm.com.br\/noticias\/pequenos-passos-diante-da-crise-2\/","og_locale":"pt_BR","og_type":"article","og_title":"Pequenos passos diante da crise - R\u00e1dio Life FM","og_description":"Quando n\u00f3s falamos em crise financeira ou crise pol\u00edtica e econ\u00f4mica, muitas vezes n\u00f3s a descrevemos com imagens globais. Ou seja, ela abrange o mundo inteiro. E da mesma forma, n\u00f3s pensamos que a crise s\u00f3 poderia ser superada com solu\u00e7\u00f5es globais. Quando se trata de crises pol\u00edticas ou crises econ\u00f4micas, isso de certa forma [&hellip;]","og_url":"https:\/\/radiolifefm.com.br\/noticias\/pequenos-passos-diante-da-crise-2\/","og_site_name":"R\u00e1dio Life FM","article_publisher":"https:\/\/www.facebook.com\/radiolifefm\/","article_published_time":"2024-10-24T19:08:38+00:00","article_modified_time":"2026-04-24T18:53:10+00:00","og_image":[{"width":2303,"height":1535,"url":"https:\/\/radiolifefm.com.br\/noticias\/wp-content\/uploads\/2023\/07\/Padre-Ezequiel-Dal-Pozzo.jpg","type":"image\/jpeg"}],"author":"ritanery","twitter_card":"summary_large_image","twitter_misc":{"Escrito por":"ritanery","Est. tempo de leitura":"3 minutos"},"schema":{"@context":"https:\/\/schema.org","@graph":[{"@type":"Article","@id":"https:\/\/radiolifefm.com.br\/noticias\/pequenos-passos-diante-da-crise-2\/#article","isPartOf":{"@id":"https:\/\/radiolifefm.com.br\/noticias\/pequenos-passos-diante-da-crise-2\/"},"author":{"name":"ritanery","@id":"https:\/\/radiolifefm.com.br\/noticias\/#\/schema\/person\/6339b9fac59d12b071dec680d7375d87"},"headline":"Pequenos passos diante da crise","datePublished":"2024-10-24T19:08:38+00:00","dateModified":"2026-04-24T18:53:10+00:00","mainEntityOfPage":{"@id":"https:\/\/radiolifefm.com.br\/noticias\/pequenos-passos-diante-da-crise-2\/"},"wordCount":443,"publisher":{"@id":"https:\/\/radiolifefm.com.br\/noticias\/#organization"},"image":{"@id":"https:\/\/radiolifefm.com.br\/noticias\/pequenos-passos-diante-da-crise-2\/#primaryimage"},"thumbnailUrl":"https:\/\/radiolifefm.com.br\/noticias\/wp-content\/uploads\/2023\/07\/Padre-Ezequiel-Dal-Pozzo.jpg","articleSection":["F\u00e9"],"inLanguage":"pt-BR"},{"@type":"WebPage","@id":"https:\/\/radiolifefm.com.br\/noticias\/pequenos-passos-diante-da-crise-2\/","url":"https:\/\/radiolifefm.com.br\/noticias\/pequenos-passos-diante-da-crise-2\/","name":"Pequenos passos diante da crise - R\u00e1dio Life FM","isPartOf":{"@id":"https:\/\/radiolifefm.com.br\/noticias\/#website"},"primaryImageOfPage":{"@id":"https:\/\/radiolifefm.com.br\/noticias\/pequenos-passos-diante-da-crise-2\/#primaryimage"},"image":{"@id":"https:\/\/radiolifefm.com.br\/noticias\/pequenos-passos-diante-da-crise-2\/#primaryimage"},"thumbnailUrl":"https:\/\/radiolifefm.com.br\/noticias\/wp-content\/uploads\/2023\/07\/Padre-Ezequiel-Dal-Pozzo.jpg","datePublished":"2024-10-24T19:08:38+00:00","dateModified":"2026-04-24T18:53:10+00:00","breadcrumb":{"@id":"https:\/\/radiolifefm.com.br\/noticias\/pequenos-passos-diante-da-crise-2\/#breadcrumb"},"inLanguage":"pt-BR","potentialAction":[{"@type":"ReadAction","target":["https:\/\/radiolifefm.com.br\/noticias\/pequenos-passos-diante-da-crise-2\/"]}]},{"@type":"ImageObject","inLanguage":"pt-BR","@id":"https:\/\/radiolifefm.com.br\/noticias\/pequenos-passos-diante-da-crise-2\/#primaryimage","url":"https:\/\/radiolifefm.com.br\/noticias\/wp-content\/uploads\/2023\/07\/Padre-Ezequiel-Dal-Pozzo.jpg","contentUrl":"https:\/\/radiolifefm.com.br\/noticias\/wp-content\/uploads\/2023\/07\/Padre-Ezequiel-Dal-Pozzo.jpg","width":2303,"height":1535},{"@type":"BreadcrumbList","@id":"https:\/\/radiolifefm.com.br\/noticias\/pequenos-passos-diante-da-crise-2\/#breadcrumb","itemListElement":[{"@type":"ListItem","position":1,"name":"In\u00edcio","item":"https:\/\/radiolifefm.com.br\/noticias\/"},{"@type":"ListItem","position":2,"name":"Pequenos passos diante da crise"}]},{"@type":"WebSite","@id":"https:\/\/radiolifefm.com.br\/noticias\/#website","url":"https:\/\/radiolifefm.com.br\/noticias\/","name":"R\u00e1dio Life FM","description":"O Portal de Not\u00edcias de Adamantina","publisher":{"@id":"https:\/\/radiolifefm.com.br\/noticias\/#organization"},"alternateName":"Life FM","potentialAction":[{"@type":"SearchAction","target":{"@type":"EntryPoint","urlTemplate":"https:\/\/radiolifefm.com.br\/noticias\/?s={search_term_string}"},"query-input":{"@type":"PropertyValueSpecification","valueRequired":true,"valueName":"search_term_string"}}],"inLanguage":"pt-BR"},{"@type":"Organization","@id":"https:\/\/radiolifefm.com.br\/noticias\/#organization","name":"R\u00e1dio Life FM","alternateName":"Life FM","url":"https:\/\/radiolifefm.com.br\/noticias\/","logo":{"@type":"ImageObject","inLanguage":"pt-BR","@id":"https:\/\/radiolifefm.com.br\/noticias\/#\/schema\/logo\/image\/","url":"https:\/\/static.radiolifefm.com.br\/noticias\/wp-content\/uploads\/2019\/10\/logo-lifefm.png","contentUrl":"https:\/\/static.radiolifefm.com.br\/noticias\/wp-content\/uploads\/2019\/10\/logo-lifefm.png","width":196,"height":47,"caption":"R\u00e1dio Life FM"},"image":{"@id":"https:\/\/radiolifefm.com.br\/noticias\/#\/schema\/logo\/image\/"},"sameAs":["https:\/\/www.facebook.com\/radiolifefm\/","https:\/\/www.instagram.com\/life1079fm\/"]},{"@type":"Person","@id":"https:\/\/radiolifefm.com.br\/noticias\/#\/schema\/person\/6339b9fac59d12b071dec680d7375d87","name":"ritanery","image":{"@type":"ImageObject","inLanguage":"pt-BR","@id":"https:\/\/secure.gravatar.com\/avatar\/0e37bb19071f47c0b8a23f62a903df117c5a0e75f65a0c2901562f97cd41cf86?s=96&d=mm&r=g","url":"https:\/\/secure.gravatar.com\/avatar\/0e37bb19071f47c0b8a23f62a903df117c5a0e75f65a0c2901562f97cd41cf86?s=96&d=mm&r=g","contentUrl":"https:\/\/secure.gravatar.com\/avatar\/0e37bb19071f47c0b8a23f62a903df117c5a0e75f65a0c2901562f97cd41cf86?s=96&d=mm&r=g","caption":"ritanery"}}]}},"amp_enabled":true,"_links":{"self":[{"href":"https:\/\/radiolifefm.com.br\/noticias\/wp-json\/wp\/v2\/posts\/94669","targetHints":{"allow":["GET"]}}],"collection":[{"href":"https:\/\/radiolifefm.com.br\/noticias\/wp-json\/wp\/v2\/posts"}],"about":[{"href":"https:\/\/radiolifefm.com.br\/noticias\/wp-json\/wp\/v2\/types\/post"}],"author":[{"embeddable":true,"href":"https:\/\/radiolifefm.com.br\/noticias\/wp-json\/wp\/v2\/users\/13"}],"replies":[{"embeddable":true,"href":"https:\/\/radiolifefm.com.br\/noticias\/wp-json\/wp\/v2\/comments?post=94669"}],"version-history":[{"count":1,"href":"https:\/\/radiolifefm.com.br\/noticias\/wp-json\/wp\/v2\/posts\/94669\/revisions"}],"predecessor-version":[{"id":94670,"href":"https:\/\/radiolifefm.com.br\/noticias\/wp-json\/wp\/v2\/posts\/94669\/revisions\/94670"}],"wp:featuredmedia":[{"embeddable":true,"href":"https:\/\/radiolifefm.com.br\/noticias\/wp-json\/wp\/v2\/media\/73487"}],"wp:attachment":[{"href":"https:\/\/radiolifefm.com.br\/noticias\/wp-json\/wp\/v2\/media?parent=94669"}],"wp:term":[{"taxonomy":"category","embeddable":true,"href":"https:\/\/radiolifefm.com.br\/noticias\/wp-json\/wp\/v2\/categories?post=94669"},{"taxonomy":"post_tag","embeddable":true,"href":"https:\/\/radiolifefm.com.br\/noticias\/wp-json\/wp\/v2\/tags?post=94669"}],"curies":[{"name":"wp","href":"https:\/\/api.w.org\/{rel}","templated":true}]}}