{"id":94623,"date":"2024-10-24T10:11:46","date_gmt":"2024-10-24T13:11:46","guid":{"rendered":"https:\/\/radiolifefm.com.br\/noticias\/?p=94623"},"modified":"2026-04-26T15:26:01","modified_gmt":"2026-04-26T18:26:01","slug":"vice-prefeita-e-vereadora-eleitas-compartilham-experiencias-no-podcast-prosa-do-campo","status":"publish","type":"post","link":"https:\/\/radiolifefm.com.br\/noticias\/vice-prefeita-e-vereadora-eleitas-compartilham-experiencias-no-podcast-prosa-do-campo\/","title":{"rendered":"Vice-prefeita e Vereadora Eleitas Compartilham Experi\u00eancias no Podcast Prosa do Campo"},"content":{"rendered":"<div id=\"fb-root\"><\/div>\n<p>Na \u00faltima segunda-feira, 21 de outubro, foi realizada mais uma edi\u00e7\u00e3o do podcast <em>Prosa do Campo<\/em> na Life FM. O programa, apresentado semanalmente pelo pecuarista e investidor Cristiano do Mor\u00e3o, contou com a participa\u00e7\u00e3o de L\u00facia Haga, vice-prefeita eleita de Adamantina, e Meire Escriv\u00e3, vereadora eleita nas elei\u00e7\u00f5es municipais de 6 de outubro deste ano. Ambas tomar\u00e3o posse no pr\u00f3ximo ano.<\/p>\n<div class='flex flex-wrap items-center -mx-1'>\r\n<a class='thumbnail gallery p-1 w-1\/2 md:w-1\/4' href='https:\/\/radiolifefm.com.br\/noticias\/wp-content\/uploads\/2024\/10\/WhatsApp-Image-2024-10-23-at-13.08.38.jpeg'><img class='border border-white' src='https:\/\/radiolifefm.com.br\/noticias\/wp-content\/uploads\/2024\/10\/WhatsApp-Image-2024-10-23-at-13.08.38-200x200.jpeg' alt='WhatsApp Image 2024 10 23 At 13.08.38' \/><\/a><a class='thumbnail gallery p-1 w-1\/2 md:w-1\/4' href='https:\/\/radiolifefm.com.br\/noticias\/wp-content\/uploads\/2024\/10\/WhatsApp-Image-2024-10-23-at-13.08.38-1.jpeg'><img class='border border-white' src='https:\/\/radiolifefm.com.br\/noticias\/wp-content\/uploads\/2024\/10\/WhatsApp-Image-2024-10-23-at-13.08.38-1-200x200.jpeg' alt='WhatsApp Image 2024 10 23 At 13.08.38 (1)' \/><\/a><\/div>\n<p>Durante o programa, L\u00facia e Meire compartilharam suas experi\u00eancias no agroneg\u00f3cio e discutiram o papel das mulheres no setor, com destaque para a campanha Outubro Rosa. L\u00facia contou sobre seu in\u00edcio nas competi\u00e7\u00f5es de tr\u00eas tambores, esporte que come\u00e7ou a praticar quando seu filho foi a S\u00e3o Paulo prestar vestibular. Desde ent\u00e3o, ela participou de diversos campeonatos estaduais e nacionais, conquistando v\u00e1rios trof\u00e9us.<\/p>\n<div class='flex flex-wrap items-center -mx-1'>\r\n<a class='thumbnail gallery p-1 w-1\/2 md:w-1\/4' href='https:\/\/radiolifefm.com.br\/noticias\/wp-content\/uploads\/2024\/10\/WhatsApp-Image-2024-10-23-at-13.08.38-2.jpeg'><img class='border border-white' src='https:\/\/radiolifefm.com.br\/noticias\/wp-content\/uploads\/2024\/10\/WhatsApp-Image-2024-10-23-at-13.08.38-2-200x200.jpeg' alt='WhatsApp Image 2024 10 23 At 13.08.38 (2)' \/><\/a><a class='thumbnail gallery p-1 w-1\/2 md:w-1\/4' href='https:\/\/radiolifefm.com.br\/noticias\/wp-content\/uploads\/2024\/10\/WhatsApp-Image-2024-10-23-at-13.08.37-1.jpeg'><img class='border border-white' src='https:\/\/radiolifefm.com.br\/noticias\/wp-content\/uploads\/2024\/10\/WhatsApp-Image-2024-10-23-at-13.08.37-1-200x200.jpeg' alt='WhatsApp Image 2024 10 23 At 13.08.37 (1)' \/><\/a><\/div>\n<p>Meire destacou sua trajet\u00f3ria de vida, mencionando que sempre viveu no s\u00edtio at\u00e9 se mudar para a cidade na pr\u00e9-adolesc\u00eancia. Ela tamb\u00e9m mencionou sua recente participa\u00e7\u00e3o no Segundo Encontro Estadual da Mulher no Campo, evento que reuniu mais de 3 mil participantes.<\/p>\n<div class='flex flex-wrap items-center -mx-1'>\r\n<a class='thumbnail gallery p-1 w-1\/2 md:w-1\/4' href='https:\/\/radiolifefm.com.br\/noticias\/wp-content\/uploads\/2024\/10\/WhatsApp-Image-2024-10-23-at-13.08.37-2.jpeg'><img class='border border-white' src='https:\/\/radiolifefm.com.br\/noticias\/wp-content\/uploads\/2024\/10\/WhatsApp-Image-2024-10-23-at-13.08.37-2-200x200.jpeg' alt='WhatsApp Image 2024 10 23 At 13.08.37 (2)' \/><\/a><a class='thumbnail gallery p-1 w-1\/2 md:w-1\/4' href='https:\/\/radiolifefm.com.br\/noticias\/wp-content\/uploads\/2024\/10\/WhatsApp-Image-2024-10-23-at-13.08.37.jpeg'><img class='border border-white' src='https:\/\/radiolifefm.com.br\/noticias\/wp-content\/uploads\/2024\/10\/WhatsApp-Image-2024-10-23-at-13.08.37-200x200.jpeg' alt='WhatsApp Image 2024 10 23 At 13.08.37' \/><\/a><\/div>\n<p><strong>T\u00f3picos destacados:<\/strong><\/p>\n<ul>\n<li>Projetos para o pr\u00f3ximo ano na administra\u00e7\u00e3o p\u00fablica, mencionados por Meire.<\/li>\n<li>Trof\u00e9us conquistados por L\u00facia nas competi\u00e7\u00f5es de tr\u00eas tambores.<\/li>\n<li>Import\u00e2ncia da campanha Outubro Rosa.<\/li>\n<li>Hor\u00e1rios e exames preventivos realizados neste m\u00eas.<\/li>\n<li>Faixa et\u00e1ria recomendada para os exames.<\/li>\n<li>Realiza\u00e7\u00e3o de mutir\u00f5es de atendimento.<img loading=\"lazy\" decoding=\"async\" class=\"aligncenter size-medium wp-image-94625\" src=\"https:\/\/static.radiolifefm.com.br\/noticias\/wp-content\/uploads\/2024\/10\/WhatsApp-Image-2024-10-23-at-13.08.37-3-300x225.jpeg\" alt=\"\" width=\"300\" height=\"225\" srcset=\"https:\/\/radiolifefm.com.br\/noticias\/wp-content\/uploads\/2024\/10\/WhatsApp-Image-2024-10-23-at-13.08.37-3-300x225.jpeg 300w, https:\/\/radiolifefm.com.br\/noticias\/wp-content\/uploads\/2024\/10\/WhatsApp-Image-2024-10-23-at-13.08.37-3-1024x768.jpeg 1024w, https:\/\/radiolifefm.com.br\/noticias\/wp-content\/uploads\/2024\/10\/WhatsApp-Image-2024-10-23-at-13.08.37-3-768x576.jpeg 768w, https:\/\/radiolifefm.com.br\/noticias\/wp-content\/uploads\/2024\/10\/WhatsApp-Image-2024-10-23-at-13.08.37-3-1536x1152.jpeg 1536w, https:\/\/radiolifefm.com.br\/noticias\/wp-content\/uploads\/2024\/10\/WhatsApp-Image-2024-10-23-at-13.08.37-3.jpeg 1600w\" sizes=\"auto, (max-width: 300px) 100vw, 300px\" \/><\/li>\n<\/ul>\n<p>Acesse o link abaixo e confira a entrevista completa.<\/p>\n<p><a href=\"https:\/\/www.youtube.com\/watch?v=xtPYHVgD4PM\">https:\/\/www.youtube.com\/watch?v=xtPYHVgD4PM<\/a><\/p>\n","protected":false},"excerpt":{"rendered":"<p>Na \u00faltima segunda-feira, 21 de outubro, foi realizada mais uma edi\u00e7\u00e3o do podcast Prosa do Campo na Life FM. O programa, apresentado semanalmente pelo pecuarista e investidor Cristiano do Mor\u00e3o, contou com a participa\u00e7\u00e3o de L\u00facia Haga, vice-prefeita eleita de Adamantina, e Meire Escriv\u00e3, vereadora eleita nas elei\u00e7\u00f5es municipais de 6 de outubro deste ano. [&hellip;]<\/p>\n","protected":false},"author":8,"featured_media":94624,"comment_status":"closed","ping_status":"open","sticky":false,"template":"","format":"standard","meta":{"_acf_changed":false,"_exactmetrics_skip_tracking":false,"_exactmetrics_sitenote_active":false,"_exactmetrics_sitenote_note":"","_exactmetrics_sitenote_category":0,"footnotes":""},"categories":[191],"tags":[],"class_list":["post-94623","post","type-post","status-publish","format-standard","has-post-thumbnail","hentry","category-prosa-do-campo"],"acf":[],"yoast_head":"<!-- This site is optimized with the Yoast SEO plugin v27.2 - https:\/\/yoast.com\/product\/yoast-seo-wordpress\/ -->\n<title>Vice-prefeita e Vereadora Eleitas Compartilham Experi\u00eancias no Podcast Prosa do Campo - R\u00e1dio Life FM<\/title>\n<meta name=\"robots\" content=\"index, follow, max-snippet:-1, max-image-preview:large, max-video-preview:-1\" \/>\n<link rel=\"canonical\" href=\"https:\/\/radiolifefm.com.br\/noticias\/vice-prefeita-e-vereadora-eleitas-compartilham-experiencias-no-podcast-prosa-do-campo\/\" \/>\n<meta property=\"og:locale\" content=\"pt_BR\" \/>\n<meta property=\"og:type\" content=\"article\" \/>\n<meta property=\"og:title\" content=\"Vice-prefeita e Vereadora Eleitas Compartilham Experi\u00eancias no Podcast Prosa do Campo - R\u00e1dio Life FM\" \/>\n<meta property=\"og:description\" content=\"Na \u00faltima segunda-feira, 21 de outubro, foi realizada mais uma edi\u00e7\u00e3o do podcast Prosa do Campo na Life FM. O programa, apresentado semanalmente pelo pecuarista e investidor Cristiano do Mor\u00e3o, contou com a participa\u00e7\u00e3o de L\u00facia Haga, vice-prefeita eleita de Adamantina, e Meire Escriv\u00e3, vereadora eleita nas elei\u00e7\u00f5es municipais de 6 de outubro deste ano. [&hellip;]\" \/>\n<meta property=\"og:url\" content=\"https:\/\/radiolifefm.com.br\/noticias\/vice-prefeita-e-vereadora-eleitas-compartilham-experiencias-no-podcast-prosa-do-campo\/\" \/>\n<meta property=\"og:site_name\" content=\"R\u00e1dio Life FM\" \/>\n<meta property=\"article:publisher\" content=\"https:\/\/www.facebook.com\/radiolifefm\/\" \/>\n<meta property=\"article:published_time\" content=\"2024-10-24T13:11:46+00:00\" \/>\n<meta property=\"article:modified_time\" content=\"2026-04-26T18:26:01+00:00\" \/>\n<meta property=\"og:image\" content=\"https:\/\/radiolifefm.com.br\/noticias\/wp-content\/uploads\/2024\/10\/WhatsApp-Image-2024-10-23-at-13.08.36.jpeg\" \/>\n\t<meta property=\"og:image:width\" content=\"1600\" \/>\n\t<meta property=\"og:image:height\" content=\"1200\" \/>\n\t<meta property=\"og:image:type\" content=\"image\/jpeg\" \/>\n<meta name=\"author\" content=\"joaograndao\" \/>\n<meta name=\"twitter:card\" content=\"summary_large_image\" \/>\n<meta name=\"twitter:label1\" content=\"Escrito por\" \/>\n\t<meta name=\"twitter:data1\" content=\"joaograndao\" \/>\n\t<meta name=\"twitter:label2\" content=\"Est. tempo de leitura\" \/>\n\t<meta name=\"twitter:data2\" content=\"2 minutos\" \/>\n<script type=\"application\/ld+json\" class=\"yoast-schema-graph\">{\"@context\":\"https:\/\/schema.org\",\"@graph\":[{\"@type\":\"Article\",\"@id\":\"https:\/\/radiolifefm.com.br\/noticias\/vice-prefeita-e-vereadora-eleitas-compartilham-experiencias-no-podcast-prosa-do-campo\/#article\",\"isPartOf\":{\"@id\":\"https:\/\/radiolifefm.com.br\/noticias\/vice-prefeita-e-vereadora-eleitas-compartilham-experiencias-no-podcast-prosa-do-campo\/\"},\"author\":{\"name\":\"joaograndao\",\"@id\":\"https:\/\/radiolifefm.com.br\/noticias\/#\/schema\/person\/6876e1240feffe6e1b63fd5cb85abf28\"},\"headline\":\"Vice-prefeita e Vereadora Eleitas Compartilham Experi\u00eancias no Podcast Prosa do Campo\",\"datePublished\":\"2024-10-24T13:11:46+00:00\",\"dateModified\":\"2026-04-26T18:26:01+00:00\",\"mainEntityOfPage\":{\"@id\":\"https:\/\/radiolifefm.com.br\/noticias\/vice-prefeita-e-vereadora-eleitas-compartilham-experiencias-no-podcast-prosa-do-campo\/\"},\"wordCount\":282,\"publisher\":{\"@id\":\"https:\/\/radiolifefm.com.br\/noticias\/#organization\"},\"image\":{\"@id\":\"https:\/\/radiolifefm.com.br\/noticias\/vice-prefeita-e-vereadora-eleitas-compartilham-experiencias-no-podcast-prosa-do-campo\/#primaryimage\"},\"thumbnailUrl\":\"https:\/\/radiolifefm.com.br\/noticias\/wp-content\/uploads\/2024\/10\/WhatsApp-Image-2024-10-23-at-13.08.36.jpeg\",\"articleSection\":[\"Prosa do Campo\"],\"inLanguage\":\"pt-BR\"},{\"@type\":\"WebPage\",\"@id\":\"https:\/\/radiolifefm.com.br\/noticias\/vice-prefeita-e-vereadora-eleitas-compartilham-experiencias-no-podcast-prosa-do-campo\/\",\"url\":\"https:\/\/radiolifefm.com.br\/noticias\/vice-prefeita-e-vereadora-eleitas-compartilham-experiencias-no-podcast-prosa-do-campo\/\",\"name\":\"Vice-prefeita e Vereadora Eleitas Compartilham Experi\u00eancias no Podcast Prosa do Campo - R\u00e1dio Life FM\",\"isPartOf\":{\"@id\":\"https:\/\/radiolifefm.com.br\/noticias\/#website\"},\"primaryImageOfPage\":{\"@id\":\"https:\/\/radiolifefm.com.br\/noticias\/vice-prefeita-e-vereadora-eleitas-compartilham-experiencias-no-podcast-prosa-do-campo\/#primaryimage\"},\"image\":{\"@id\":\"https:\/\/radiolifefm.com.br\/noticias\/vice-prefeita-e-vereadora-eleitas-compartilham-experiencias-no-podcast-prosa-do-campo\/#primaryimage\"},\"thumbnailUrl\":\"https:\/\/radiolifefm.com.br\/noticias\/wp-content\/uploads\/2024\/10\/WhatsApp-Image-2024-10-23-at-13.08.36.jpeg\",\"datePublished\":\"2024-10-24T13:11:46+00:00\",\"dateModified\":\"2026-04-26T18:26:01+00:00\",\"breadcrumb\":{\"@id\":\"https:\/\/radiolifefm.com.br\/noticias\/vice-prefeita-e-vereadora-eleitas-compartilham-experiencias-no-podcast-prosa-do-campo\/#breadcrumb\"},\"inLanguage\":\"pt-BR\",\"potentialAction\":[{\"@type\":\"ReadAction\",\"target\":[\"https:\/\/radiolifefm.com.br\/noticias\/vice-prefeita-e-vereadora-eleitas-compartilham-experiencias-no-podcast-prosa-do-campo\/\"]}]},{\"@type\":\"ImageObject\",\"inLanguage\":\"pt-BR\",\"@id\":\"https:\/\/radiolifefm.com.br\/noticias\/vice-prefeita-e-vereadora-eleitas-compartilham-experiencias-no-podcast-prosa-do-campo\/#primaryimage\",\"url\":\"https:\/\/radiolifefm.com.br\/noticias\/wp-content\/uploads\/2024\/10\/WhatsApp-Image-2024-10-23-at-13.08.36.jpeg\",\"contentUrl\":\"https:\/\/radiolifefm.com.br\/noticias\/wp-content\/uploads\/2024\/10\/WhatsApp-Image-2024-10-23-at-13.08.36.jpeg\",\"width\":1600,\"height\":1200},{\"@type\":\"BreadcrumbList\",\"@id\":\"https:\/\/radiolifefm.com.br\/noticias\/vice-prefeita-e-vereadora-eleitas-compartilham-experiencias-no-podcast-prosa-do-campo\/#breadcrumb\",\"itemListElement\":[{\"@type\":\"ListItem\",\"position\":1,\"name\":\"In\u00edcio\",\"item\":\"https:\/\/radiolifefm.com.br\/noticias\/\"},{\"@type\":\"ListItem\",\"position\":2,\"name\":\"Vice-prefeita e Vereadora Eleitas Compartilham Experi\u00eancias no Podcast Prosa do Campo\"}]},{\"@type\":\"WebSite\",\"@id\":\"https:\/\/radiolifefm.com.br\/noticias\/#website\",\"url\":\"https:\/\/radiolifefm.com.br\/noticias\/\",\"name\":\"R\u00e1dio Life FM\",\"description\":\"O Portal de Not\u00edcias de Adamantina\",\"publisher\":{\"@id\":\"https:\/\/radiolifefm.com.br\/noticias\/#organization\"},\"alternateName\":\"Life FM\",\"potentialAction\":[{\"@type\":\"SearchAction\",\"target\":{\"@type\":\"EntryPoint\",\"urlTemplate\":\"https:\/\/radiolifefm.com.br\/noticias\/?s={search_term_string}\"},\"query-input\":{\"@type\":\"PropertyValueSpecification\",\"valueRequired\":true,\"valueName\":\"search_term_string\"}}],\"inLanguage\":\"pt-BR\"},{\"@type\":\"Organization\",\"@id\":\"https:\/\/radiolifefm.com.br\/noticias\/#organization\",\"name\":\"R\u00e1dio Life FM\",\"alternateName\":\"Life FM\",\"url\":\"https:\/\/radiolifefm.com.br\/noticias\/\",\"logo\":{\"@type\":\"ImageObject\",\"inLanguage\":\"pt-BR\",\"@id\":\"https:\/\/radiolifefm.com.br\/noticias\/#\/schema\/logo\/image\/\",\"url\":\"https:\/\/static.radiolifefm.com.br\/noticias\/wp-content\/uploads\/2019\/10\/logo-lifefm.png\",\"contentUrl\":\"https:\/\/static.radiolifefm.com.br\/noticias\/wp-content\/uploads\/2019\/10\/logo-lifefm.png\",\"width\":196,\"height\":47,\"caption\":\"R\u00e1dio Life FM\"},\"image\":{\"@id\":\"https:\/\/radiolifefm.com.br\/noticias\/#\/schema\/logo\/image\/\"},\"sameAs\":[\"https:\/\/www.facebook.com\/radiolifefm\/\",\"https:\/\/www.instagram.com\/life1079fm\/\"]},{\"@type\":\"Person\",\"@id\":\"https:\/\/radiolifefm.com.br\/noticias\/#\/schema\/person\/6876e1240feffe6e1b63fd5cb85abf28\",\"name\":\"joaograndao\",\"image\":{\"@type\":\"ImageObject\",\"inLanguage\":\"pt-BR\",\"@id\":\"https:\/\/secure.gravatar.com\/avatar\/d5b1a3cf357ed9c50404e256a1294083aa8ab5d2a994001567302786016cb32c?s=96&d=mm&r=g\",\"url\":\"https:\/\/secure.gravatar.com\/avatar\/d5b1a3cf357ed9c50404e256a1294083aa8ab5d2a994001567302786016cb32c?s=96&d=mm&r=g\",\"contentUrl\":\"https:\/\/secure.gravatar.com\/avatar\/d5b1a3cf357ed9c50404e256a1294083aa8ab5d2a994001567302786016cb32c?s=96&d=mm&r=g\",\"caption\":\"joaograndao\"}}]}<\/script>\n<!-- \/ Yoast SEO plugin. -->","yoast_head_json":{"title":"Vice-prefeita e Vereadora Eleitas Compartilham Experi\u00eancias no Podcast Prosa do Campo - R\u00e1dio Life FM","robots":{"index":"index","follow":"follow","max-snippet":"max-snippet:-1","max-image-preview":"max-image-preview:large","max-video-preview":"max-video-preview:-1"},"canonical":"https:\/\/radiolifefm.com.br\/noticias\/vice-prefeita-e-vereadora-eleitas-compartilham-experiencias-no-podcast-prosa-do-campo\/","og_locale":"pt_BR","og_type":"article","og_title":"Vice-prefeita e Vereadora Eleitas Compartilham Experi\u00eancias no Podcast Prosa do Campo - R\u00e1dio Life FM","og_description":"Na \u00faltima segunda-feira, 21 de outubro, foi realizada mais uma edi\u00e7\u00e3o do podcast Prosa do Campo na Life FM. O programa, apresentado semanalmente pelo pecuarista e investidor Cristiano do Mor\u00e3o, contou com a participa\u00e7\u00e3o de L\u00facia Haga, vice-prefeita eleita de Adamantina, e Meire Escriv\u00e3, vereadora eleita nas elei\u00e7\u00f5es municipais de 6 de outubro deste ano. [&hellip;]","og_url":"https:\/\/radiolifefm.com.br\/noticias\/vice-prefeita-e-vereadora-eleitas-compartilham-experiencias-no-podcast-prosa-do-campo\/","og_site_name":"R\u00e1dio Life FM","article_publisher":"https:\/\/www.facebook.com\/radiolifefm\/","article_published_time":"2024-10-24T13:11:46+00:00","article_modified_time":"2026-04-26T18:26:01+00:00","og_image":[{"width":1600,"height":1200,"url":"https:\/\/radiolifefm.com.br\/noticias\/wp-content\/uploads\/2024\/10\/WhatsApp-Image-2024-10-23-at-13.08.36.jpeg","type":"image\/jpeg"}],"author":"joaograndao","twitter_card":"summary_large_image","twitter_misc":{"Escrito por":"joaograndao","Est. tempo de leitura":"2 minutos"},"schema":{"@context":"https:\/\/schema.org","@graph":[{"@type":"Article","@id":"https:\/\/radiolifefm.com.br\/noticias\/vice-prefeita-e-vereadora-eleitas-compartilham-experiencias-no-podcast-prosa-do-campo\/#article","isPartOf":{"@id":"https:\/\/radiolifefm.com.br\/noticias\/vice-prefeita-e-vereadora-eleitas-compartilham-experiencias-no-podcast-prosa-do-campo\/"},"author":{"name":"joaograndao","@id":"https:\/\/radiolifefm.com.br\/noticias\/#\/schema\/person\/6876e1240feffe6e1b63fd5cb85abf28"},"headline":"Vice-prefeita e Vereadora Eleitas Compartilham Experi\u00eancias no Podcast Prosa do Campo","datePublished":"2024-10-24T13:11:46+00:00","dateModified":"2026-04-26T18:26:01+00:00","mainEntityOfPage":{"@id":"https:\/\/radiolifefm.com.br\/noticias\/vice-prefeita-e-vereadora-eleitas-compartilham-experiencias-no-podcast-prosa-do-campo\/"},"wordCount":282,"publisher":{"@id":"https:\/\/radiolifefm.com.br\/noticias\/#organization"},"image":{"@id":"https:\/\/radiolifefm.com.br\/noticias\/vice-prefeita-e-vereadora-eleitas-compartilham-experiencias-no-podcast-prosa-do-campo\/#primaryimage"},"thumbnailUrl":"https:\/\/radiolifefm.com.br\/noticias\/wp-content\/uploads\/2024\/10\/WhatsApp-Image-2024-10-23-at-13.08.36.jpeg","articleSection":["Prosa do Campo"],"inLanguage":"pt-BR"},{"@type":"WebPage","@id":"https:\/\/radiolifefm.com.br\/noticias\/vice-prefeita-e-vereadora-eleitas-compartilham-experiencias-no-podcast-prosa-do-campo\/","url":"https:\/\/radiolifefm.com.br\/noticias\/vice-prefeita-e-vereadora-eleitas-compartilham-experiencias-no-podcast-prosa-do-campo\/","name":"Vice-prefeita e Vereadora Eleitas Compartilham Experi\u00eancias no Podcast Prosa do Campo - R\u00e1dio Life FM","isPartOf":{"@id":"https:\/\/radiolifefm.com.br\/noticias\/#website"},"primaryImageOfPage":{"@id":"https:\/\/radiolifefm.com.br\/noticias\/vice-prefeita-e-vereadora-eleitas-compartilham-experiencias-no-podcast-prosa-do-campo\/#primaryimage"},"image":{"@id":"https:\/\/radiolifefm.com.br\/noticias\/vice-prefeita-e-vereadora-eleitas-compartilham-experiencias-no-podcast-prosa-do-campo\/#primaryimage"},"thumbnailUrl":"https:\/\/radiolifefm.com.br\/noticias\/wp-content\/uploads\/2024\/10\/WhatsApp-Image-2024-10-23-at-13.08.36.jpeg","datePublished":"2024-10-24T13:11:46+00:00","dateModified":"2026-04-26T18:26:01+00:00","breadcrumb":{"@id":"https:\/\/radiolifefm.com.br\/noticias\/vice-prefeita-e-vereadora-eleitas-compartilham-experiencias-no-podcast-prosa-do-campo\/#breadcrumb"},"inLanguage":"pt-BR","potentialAction":[{"@type":"ReadAction","target":["https:\/\/radiolifefm.com.br\/noticias\/vice-prefeita-e-vereadora-eleitas-compartilham-experiencias-no-podcast-prosa-do-campo\/"]}]},{"@type":"ImageObject","inLanguage":"pt-BR","@id":"https:\/\/radiolifefm.com.br\/noticias\/vice-prefeita-e-vereadora-eleitas-compartilham-experiencias-no-podcast-prosa-do-campo\/#primaryimage","url":"https:\/\/radiolifefm.com.br\/noticias\/wp-content\/uploads\/2024\/10\/WhatsApp-Image-2024-10-23-at-13.08.36.jpeg","contentUrl":"https:\/\/radiolifefm.com.br\/noticias\/wp-content\/uploads\/2024\/10\/WhatsApp-Image-2024-10-23-at-13.08.36.jpeg","width":1600,"height":1200},{"@type":"BreadcrumbList","@id":"https:\/\/radiolifefm.com.br\/noticias\/vice-prefeita-e-vereadora-eleitas-compartilham-experiencias-no-podcast-prosa-do-campo\/#breadcrumb","itemListElement":[{"@type":"ListItem","position":1,"name":"In\u00edcio","item":"https:\/\/radiolifefm.com.br\/noticias\/"},{"@type":"ListItem","position":2,"name":"Vice-prefeita e Vereadora Eleitas Compartilham Experi\u00eancias no Podcast Prosa do Campo"}]},{"@type":"WebSite","@id":"https:\/\/radiolifefm.com.br\/noticias\/#website","url":"https:\/\/radiolifefm.com.br\/noticias\/","name":"R\u00e1dio Life FM","description":"O Portal de Not\u00edcias de Adamantina","publisher":{"@id":"https:\/\/radiolifefm.com.br\/noticias\/#organization"},"alternateName":"Life FM","potentialAction":[{"@type":"SearchAction","target":{"@type":"EntryPoint","urlTemplate":"https:\/\/radiolifefm.com.br\/noticias\/?s={search_term_string}"},"query-input":{"@type":"PropertyValueSpecification","valueRequired":true,"valueName":"search_term_string"}}],"inLanguage":"pt-BR"},{"@type":"Organization","@id":"https:\/\/radiolifefm.com.br\/noticias\/#organization","name":"R\u00e1dio Life FM","alternateName":"Life FM","url":"https:\/\/radiolifefm.com.br\/noticias\/","logo":{"@type":"ImageObject","inLanguage":"pt-BR","@id":"https:\/\/radiolifefm.com.br\/noticias\/#\/schema\/logo\/image\/","url":"https:\/\/static.radiolifefm.com.br\/noticias\/wp-content\/uploads\/2019\/10\/logo-lifefm.png","contentUrl":"https:\/\/static.radiolifefm.com.br\/noticias\/wp-content\/uploads\/2019\/10\/logo-lifefm.png","width":196,"height":47,"caption":"R\u00e1dio Life FM"},"image":{"@id":"https:\/\/radiolifefm.com.br\/noticias\/#\/schema\/logo\/image\/"},"sameAs":["https:\/\/www.facebook.com\/radiolifefm\/","https:\/\/www.instagram.com\/life1079fm\/"]},{"@type":"Person","@id":"https:\/\/radiolifefm.com.br\/noticias\/#\/schema\/person\/6876e1240feffe6e1b63fd5cb85abf28","name":"joaograndao","image":{"@type":"ImageObject","inLanguage":"pt-BR","@id":"https:\/\/secure.gravatar.com\/avatar\/d5b1a3cf357ed9c50404e256a1294083aa8ab5d2a994001567302786016cb32c?s=96&d=mm&r=g","url":"https:\/\/secure.gravatar.com\/avatar\/d5b1a3cf357ed9c50404e256a1294083aa8ab5d2a994001567302786016cb32c?s=96&d=mm&r=g","contentUrl":"https:\/\/secure.gravatar.com\/avatar\/d5b1a3cf357ed9c50404e256a1294083aa8ab5d2a994001567302786016cb32c?s=96&d=mm&r=g","caption":"joaograndao"}}]}},"amp_enabled":true,"_links":{"self":[{"href":"https:\/\/radiolifefm.com.br\/noticias\/wp-json\/wp\/v2\/posts\/94623","targetHints":{"allow":["GET"]}}],"collection":[{"href":"https:\/\/radiolifefm.com.br\/noticias\/wp-json\/wp\/v2\/posts"}],"about":[{"href":"https:\/\/radiolifefm.com.br\/noticias\/wp-json\/wp\/v2\/types\/post"}],"author":[{"embeddable":true,"href":"https:\/\/radiolifefm.com.br\/noticias\/wp-json\/wp\/v2\/users\/8"}],"replies":[{"embeddable":true,"href":"https:\/\/radiolifefm.com.br\/noticias\/wp-json\/wp\/v2\/comments?post=94623"}],"version-history":[{"count":2,"href":"https:\/\/radiolifefm.com.br\/noticias\/wp-json\/wp\/v2\/posts\/94623\/revisions"}],"predecessor-version":[{"id":94634,"href":"https:\/\/radiolifefm.com.br\/noticias\/wp-json\/wp\/v2\/posts\/94623\/revisions\/94634"}],"wp:featuredmedia":[{"embeddable":true,"href":"https:\/\/radiolifefm.com.br\/noticias\/wp-json\/wp\/v2\/media\/94624"}],"wp:attachment":[{"href":"https:\/\/radiolifefm.com.br\/noticias\/wp-json\/wp\/v2\/media?parent=94623"}],"wp:term":[{"taxonomy":"category","embeddable":true,"href":"https:\/\/radiolifefm.com.br\/noticias\/wp-json\/wp\/v2\/categories?post=94623"},{"taxonomy":"post_tag","embeddable":true,"href":"https:\/\/radiolifefm.com.br\/noticias\/wp-json\/wp\/v2\/tags?post=94623"}],"curies":[{"name":"wp","href":"https:\/\/api.w.org\/{rel}","templated":true}]}}