{"id":94575,"date":"2024-10-23T11:21:23","date_gmt":"2024-10-23T14:21:23","guid":{"rendered":"https:\/\/radiolifefm.com.br\/noticias\/?p=94575"},"modified":"2026-01-05T20:25:50","modified_gmt":"2026-01-05T23:25:50","slug":"promocao-imperdivel-para-igrejas-a-forja-o-poder-da-transformacao-no-cine-hos","status":"publish","type":"post","link":"https:\/\/radiolifefm.com.br\/noticias\/promocao-imperdivel-para-igrejas-a-forja-o-poder-da-transformacao-no-cine-hos\/","title":{"rendered":"Promo\u00e7\u00e3o Imperd\u00edvel para Igrejas: \u201cA Forja &#8211; O Poder da Transforma\u00e7\u00e3o\u201d no Cine HOS!"},"content":{"rendered":"<div id=\"fb-root\"><\/div>\n<p>&nbsp;<\/p>\n<p>O Cine HOS tem o prazer de anunciar uma promo\u00e7\u00e3o especial para igrejas de Adamantina e regi\u00e3o! Aproveite a oportunidade de assistir ao inspirador filme \u201cA Forja &#8211; O Poder da Transforma\u00e7\u00e3o\u201d com descontos exclusivos para grupos religiosos.<img loading=\"lazy\" decoding=\"async\" class=\"aligncenter size-medium wp-image-94584\" src=\"https:\/\/static.radiolifefm.com.br\/noticias\/wp-content\/uploads\/2024\/10\/WhatsApp-Image-2024-10-23-at-11.10.37-300x296.jpeg\" alt=\"\" width=\"300\" height=\"296\" srcset=\"https:\/\/radiolifefm.com.br\/noticias\/wp-content\/uploads\/2024\/10\/WhatsApp-Image-2024-10-23-at-11.10.37-300x296.jpeg 300w, https:\/\/radiolifefm.com.br\/noticias\/wp-content\/uploads\/2024\/10\/WhatsApp-Image-2024-10-23-at-11.10.37.jpeg 329w\" sizes=\"auto, (max-width: 300px) 100vw, 300px\" \/><\/p>\n<p>Sobre o Filme<br \/>\nDirigido por Alex Kendrick, \u201cA Forja &#8211; O Poder da Transforma\u00e7\u00e3o\u201d conta a emocionante hist\u00f3ria de Isaiah Wright (Aspen Kennedy), um jovem de 19 anos que, ap\u00f3s terminar o ensino m\u00e9dio, se encontra perdido e sem dire\u00e7\u00e3o. Viciado em basquete e videogames, Isaiah enfrenta um ultimato de sua m\u00e3e solteira, Cynthia (Priscilla C. Shirer): encontrar um rumo ou deixar a casa. Com o apoio das ora\u00e7\u00f5es de Cynthia e da devota Dona Clara (Karen Abercrombie), e a oportunidade de trabalhar na Moore Fitness, Isaiah \u00e9 guiado por um mentor surpreendente que o desafia a refletir sobre seu futuro. Ao enfrentar seu passado e aprender a abrir m\u00e3o de seu ego\u00edsmo, Isaiah come\u00e7a a entender que Deus pode ter um prop\u00f3sito maior para sua vida.<\/p>\n<div class='flex flex-wrap items-center -mx-1'>\r\n<a class='thumbnail gallery p-1 w-1\/2 md:w-1\/4' href='https:\/\/radiolifefm.com.br\/noticias\/wp-content\/uploads\/2024\/10\/WhatsApp-Image-2024-10-23-at-11.10.38-1.jpeg'><img class='border border-white' src='https:\/\/radiolifefm.com.br\/noticias\/wp-content\/uploads\/2024\/10\/WhatsApp-Image-2024-10-23-at-11.10.38-1-200x200.jpeg' alt='WhatsApp Image 2024 10 23 At 11.10.38 (1)' \/><\/a><a class='thumbnail gallery p-1 w-1\/2 md:w-1\/4' href='https:\/\/radiolifefm.com.br\/noticias\/wp-content\/uploads\/2024\/10\/WhatsApp-Image-2024-10-23-at-11.10.39-2.jpeg'><img class='border border-white' src='https:\/\/radiolifefm.com.br\/noticias\/wp-content\/uploads\/2024\/10\/WhatsApp-Image-2024-10-23-at-11.10.39-2-200x200.jpeg' alt='WhatsApp Image 2024 10 23 At 11.10.39 (2)' \/><\/a><\/div>\n<p>Promo\u00e7\u00e3o Especial para Igrejas<br \/>\nSess\u00f5es Fechadas: Reserve uma sess\u00e3o exclusiva para sua igreja e tenha uma experi\u00eancia \u00fanica e personalizada.<br \/>\nCombos de Ingressos: Descontos especiais para grupos em sess\u00f5es abertas, com valores reduzidos conforme o n\u00famero de ingressos adquiridos.<br \/>\nContato<br \/>\nPara mais informa\u00e7\u00f5es e reservas, entre em contato pelo n\u00famero: (18) 9-9630-2587.<\/p>\n<div class='flex flex-wrap items-center -mx-1'>\r\n<a class='thumbnail gallery p-1 w-1\/2 md:w-1\/4' href='https:\/\/radiolifefm.com.br\/noticias\/wp-content\/uploads\/2024\/10\/WhatsApp-Image-2024-10-23-at-11.10.39.jpeg'><img class='border border-white' src='https:\/\/radiolifefm.com.br\/noticias\/wp-content\/uploads\/2024\/10\/WhatsApp-Image-2024-10-23-at-11.10.39-200x200.jpeg' alt='WhatsApp Image 2024 10 23 At 11.10.39' \/><\/a><a class='thumbnail gallery p-1 w-1\/2 md:w-1\/4' href='https:\/\/radiolifefm.com.br\/noticias\/wp-content\/uploads\/2024\/10\/WhatsApp-Image-2024-10-23-at-11.10.39-1.jpeg'><img class='border border-white' src='https:\/\/radiolifefm.com.br\/noticias\/wp-content\/uploads\/2024\/10\/WhatsApp-Image-2024-10-23-at-11.10.39-1-200x200.jpeg' alt='WhatsApp Image 2024 10 23 At 11.10.39 (1)' \/><\/a><\/div>\n<p>A Import\u00e2ncia do Cinema<br \/>\nO cinema \u00e9 uma poderosa ferramenta de transforma\u00e7\u00e3o e reflex\u00e3o. Filmes como \u201cA Forja &#8211; O Poder da Transforma\u00e7\u00e3o\u201d n\u00e3o apenas entret\u00eam, mas tamb\u00e9m inspiram e motivam, oferecendo mensagens profundas sobre f\u00e9, prop\u00f3sito e supera\u00e7\u00e3o. N\u00e3o perca a chance de proporcionar \u00e0 sua comunidade uma experi\u00eancia cinematogr\u00e1fica enriquecedora e edificante.<\/p>\n<div class='flex flex-wrap items-center -mx-1'>\r\n<a class='thumbnail gallery p-1 w-1\/2 md:w-1\/4' href='https:\/\/radiolifefm.com.br\/noticias\/wp-content\/uploads\/2024\/10\/WhatsApp-Image-2024-10-23-at-11.10.40.jpeg'><img class='border border-white' src='https:\/\/radiolifefm.com.br\/noticias\/wp-content\/uploads\/2024\/10\/WhatsApp-Image-2024-10-23-at-11.10.40-200x200.jpeg' alt='WhatsApp Image 2024 10 23 At 11.10.40' \/><\/a><a class='thumbnail gallery p-1 w-1\/2 md:w-1\/4' href='https:\/\/radiolifefm.com.br\/noticias\/wp-content\/uploads\/2024\/10\/WhatsApp-Image-2024-10-23-at-11.10.40-1.jpeg'><img class='border border-white' src='https:\/\/radiolifefm.com.br\/noticias\/wp-content\/uploads\/2024\/10\/WhatsApp-Image-2024-10-23-at-11.10.40-1-200x200.jpeg' alt='WhatsApp Image 2024 10 23 At 11.10.40 (1)' \/><\/a><\/div>\n<p>Venha para o Cine HOS e viva essa jornada de transforma\u00e7\u00e3o com sua igreja! \ud83c\udfac\u2728<img loading=\"lazy\" decoding=\"async\" class=\"aligncenter size-medium wp-image-94583\" src=\"https:\/\/static.radiolifefm.com.br\/noticias\/wp-content\/uploads\/2024\/10\/WhatsApp-Image-2024-10-23-at-11.10.38-300x300.jpeg\" alt=\"\" width=\"300\" height=\"300\" srcset=\"https:\/\/radiolifefm.com.br\/noticias\/wp-content\/uploads\/2024\/10\/WhatsApp-Image-2024-10-23-at-11.10.38-300x300.jpeg 300w, https:\/\/radiolifefm.com.br\/noticias\/wp-content\/uploads\/2024\/10\/WhatsApp-Image-2024-10-23-at-11.10.38-150x150.jpeg 150w, https:\/\/radiolifefm.com.br\/noticias\/wp-content\/uploads\/2024\/10\/WhatsApp-Image-2024-10-23-at-11.10.38-200x200.jpeg 200w, https:\/\/radiolifefm.com.br\/noticias\/wp-content\/uploads\/2024\/10\/WhatsApp-Image-2024-10-23-at-11.10.38-250x250.jpeg 250w, https:\/\/radiolifefm.com.br\/noticias\/wp-content\/uploads\/2024\/10\/WhatsApp-Image-2024-10-23-at-11.10.38-500x500.jpeg 500w, https:\/\/radiolifefm.com.br\/noticias\/wp-content\/uploads\/2024\/10\/WhatsApp-Image-2024-10-23-at-11.10.38-700x700.jpeg 700w, https:\/\/radiolifefm.com.br\/noticias\/wp-content\/uploads\/2024\/10\/WhatsApp-Image-2024-10-23-at-11.10.38.jpeg 554w\" sizes=\"auto, (max-width: 300px) 100vw, 300px\" \/><\/p>\n","protected":false},"excerpt":{"rendered":"<p>&nbsp; O Cine HOS tem o prazer de anunciar uma promo\u00e7\u00e3o especial para igrejas de Adamantina e regi\u00e3o! Aproveite a oportunidade de assistir ao inspirador filme \u201cA Forja &#8211; O Poder da Transforma\u00e7\u00e3o\u201d com descontos exclusivos para grupos religiosos. Sobre o Filme Dirigido por Alex Kendrick, \u201cA Forja &#8211; O Poder da Transforma\u00e7\u00e3o\u201d conta a [&hellip;]<\/p>\n","protected":false},"author":8,"featured_media":94586,"comment_status":"closed","ping_status":"open","sticky":false,"template":"","format":"standard","meta":{"_acf_changed":false,"_exactmetrics_skip_tracking":false,"_exactmetrics_sitenote_active":false,"_exactmetrics_sitenote_note":"","_exactmetrics_sitenote_category":0,"footnotes":""},"categories":[21,57,24],"tags":[],"class_list":["post-94575","post","type-post","status-publish","format-standard","has-post-thumbnail","hentry","category-adamantina","category-fe","category-regiao"],"acf":[],"yoast_head":"<!-- This site is optimized with the Yoast SEO plugin v27.2 - https:\/\/yoast.com\/product\/yoast-seo-wordpress\/ -->\n<title>Promo\u00e7\u00e3o Imperd\u00edvel para Igrejas: \u201cA Forja - O Poder da Transforma\u00e7\u00e3o\u201d no Cine HOS! - R\u00e1dio Life FM<\/title>\n<meta name=\"robots\" content=\"index, follow, max-snippet:-1, max-image-preview:large, max-video-preview:-1\" \/>\n<link rel=\"canonical\" href=\"https:\/\/radiolifefm.com.br\/noticias\/promocao-imperdivel-para-igrejas-a-forja-o-poder-da-transformacao-no-cine-hos\/\" \/>\n<meta property=\"og:locale\" content=\"pt_BR\" \/>\n<meta property=\"og:type\" content=\"article\" \/>\n<meta property=\"og:title\" content=\"Promo\u00e7\u00e3o Imperd\u00edvel para Igrejas: \u201cA Forja - O Poder da Transforma\u00e7\u00e3o\u201d no Cine HOS! - R\u00e1dio Life FM\" \/>\n<meta property=\"og:description\" content=\"&nbsp; O Cine HOS tem o prazer de anunciar uma promo\u00e7\u00e3o especial para igrejas de Adamantina e regi\u00e3o! Aproveite a oportunidade de assistir ao inspirador filme \u201cA Forja &#8211; O Poder da Transforma\u00e7\u00e3o\u201d com descontos exclusivos para grupos religiosos. Sobre o Filme Dirigido por Alex Kendrick, \u201cA Forja &#8211; O Poder da Transforma\u00e7\u00e3o\u201d conta a [&hellip;]\" \/>\n<meta property=\"og:url\" content=\"https:\/\/radiolifefm.com.br\/noticias\/promocao-imperdivel-para-igrejas-a-forja-o-poder-da-transformacao-no-cine-hos\/\" \/>\n<meta property=\"og:site_name\" content=\"R\u00e1dio Life FM\" \/>\n<meta property=\"article:publisher\" content=\"https:\/\/www.facebook.com\/radiolifefm\/\" \/>\n<meta property=\"article:published_time\" content=\"2024-10-23T14:21:23+00:00\" \/>\n<meta property=\"article:modified_time\" content=\"2026-01-05T23:25:50+00:00\" \/>\n<meta property=\"og:image\" content=\"https:\/\/radiolifefm.com.br\/noticias\/wp-content\/uploads\/2024\/10\/WhatsApp-Image-2024-10-23-at-11.24.38.jpeg\" \/>\n\t<meta property=\"og:image:width\" content=\"640\" \/>\n\t<meta property=\"og:image:height\" content=\"480\" \/>\n\t<meta property=\"og:image:type\" content=\"image\/jpeg\" \/>\n<meta name=\"author\" content=\"joaograndao\" \/>\n<meta name=\"twitter:card\" content=\"summary_large_image\" \/>\n<meta name=\"twitter:label1\" content=\"Escrito por\" \/>\n\t<meta name=\"twitter:data1\" content=\"joaograndao\" \/>\n\t<meta name=\"twitter:label2\" content=\"Est. tempo de leitura\" \/>\n\t<meta name=\"twitter:data2\" content=\"3 minutos\" \/>\n<script type=\"application\/ld+json\" class=\"yoast-schema-graph\">{\"@context\":\"https:\/\/schema.org\",\"@graph\":[{\"@type\":\"Article\",\"@id\":\"https:\/\/radiolifefm.com.br\/noticias\/promocao-imperdivel-para-igrejas-a-forja-o-poder-da-transformacao-no-cine-hos\/#article\",\"isPartOf\":{\"@id\":\"https:\/\/radiolifefm.com.br\/noticias\/promocao-imperdivel-para-igrejas-a-forja-o-poder-da-transformacao-no-cine-hos\/\"},\"author\":{\"name\":\"joaograndao\",\"@id\":\"https:\/\/radiolifefm.com.br\/noticias\/#\/schema\/person\/6876e1240feffe6e1b63fd5cb85abf28\"},\"headline\":\"Promo\u00e7\u00e3o Imperd\u00edvel para Igrejas: \u201cA Forja &#8211; O Poder da Transforma\u00e7\u00e3o\u201d no Cine HOS!\",\"datePublished\":\"2024-10-23T14:21:23+00:00\",\"dateModified\":\"2026-01-05T23:25:50+00:00\",\"mainEntityOfPage\":{\"@id\":\"https:\/\/radiolifefm.com.br\/noticias\/promocao-imperdivel-para-igrejas-a-forja-o-poder-da-transformacao-no-cine-hos\/\"},\"wordCount\":340,\"publisher\":{\"@id\":\"https:\/\/radiolifefm.com.br\/noticias\/#organization\"},\"image\":{\"@id\":\"https:\/\/radiolifefm.com.br\/noticias\/promocao-imperdivel-para-igrejas-a-forja-o-poder-da-transformacao-no-cine-hos\/#primaryimage\"},\"thumbnailUrl\":\"https:\/\/radiolifefm.com.br\/noticias\/wp-content\/uploads\/2024\/10\/WhatsApp-Image-2024-10-23-at-11.24.38.jpeg\",\"articleSection\":[\"Adamantina\",\"F\u00e9\",\"Regi\u00e3o\"],\"inLanguage\":\"pt-BR\"},{\"@type\":\"WebPage\",\"@id\":\"https:\/\/radiolifefm.com.br\/noticias\/promocao-imperdivel-para-igrejas-a-forja-o-poder-da-transformacao-no-cine-hos\/\",\"url\":\"https:\/\/radiolifefm.com.br\/noticias\/promocao-imperdivel-para-igrejas-a-forja-o-poder-da-transformacao-no-cine-hos\/\",\"name\":\"Promo\u00e7\u00e3o Imperd\u00edvel para Igrejas: \u201cA Forja - O Poder da Transforma\u00e7\u00e3o\u201d no Cine HOS! - R\u00e1dio Life FM\",\"isPartOf\":{\"@id\":\"https:\/\/radiolifefm.com.br\/noticias\/#website\"},\"primaryImageOfPage\":{\"@id\":\"https:\/\/radiolifefm.com.br\/noticias\/promocao-imperdivel-para-igrejas-a-forja-o-poder-da-transformacao-no-cine-hos\/#primaryimage\"},\"image\":{\"@id\":\"https:\/\/radiolifefm.com.br\/noticias\/promocao-imperdivel-para-igrejas-a-forja-o-poder-da-transformacao-no-cine-hos\/#primaryimage\"},\"thumbnailUrl\":\"https:\/\/radiolifefm.com.br\/noticias\/wp-content\/uploads\/2024\/10\/WhatsApp-Image-2024-10-23-at-11.24.38.jpeg\",\"datePublished\":\"2024-10-23T14:21:23+00:00\",\"dateModified\":\"2026-01-05T23:25:50+00:00\",\"breadcrumb\":{\"@id\":\"https:\/\/radiolifefm.com.br\/noticias\/promocao-imperdivel-para-igrejas-a-forja-o-poder-da-transformacao-no-cine-hos\/#breadcrumb\"},\"inLanguage\":\"pt-BR\",\"potentialAction\":[{\"@type\":\"ReadAction\",\"target\":[\"https:\/\/radiolifefm.com.br\/noticias\/promocao-imperdivel-para-igrejas-a-forja-o-poder-da-transformacao-no-cine-hos\/\"]}]},{\"@type\":\"ImageObject\",\"inLanguage\":\"pt-BR\",\"@id\":\"https:\/\/radiolifefm.com.br\/noticias\/promocao-imperdivel-para-igrejas-a-forja-o-poder-da-transformacao-no-cine-hos\/#primaryimage\",\"url\":\"https:\/\/radiolifefm.com.br\/noticias\/wp-content\/uploads\/2024\/10\/WhatsApp-Image-2024-10-23-at-11.24.38.jpeg\",\"contentUrl\":\"https:\/\/radiolifefm.com.br\/noticias\/wp-content\/uploads\/2024\/10\/WhatsApp-Image-2024-10-23-at-11.24.38.jpeg\",\"width\":640,\"height\":480},{\"@type\":\"BreadcrumbList\",\"@id\":\"https:\/\/radiolifefm.com.br\/noticias\/promocao-imperdivel-para-igrejas-a-forja-o-poder-da-transformacao-no-cine-hos\/#breadcrumb\",\"itemListElement\":[{\"@type\":\"ListItem\",\"position\":1,\"name\":\"In\u00edcio\",\"item\":\"https:\/\/radiolifefm.com.br\/noticias\/\"},{\"@type\":\"ListItem\",\"position\":2,\"name\":\"Promo\u00e7\u00e3o Imperd\u00edvel para Igrejas: \u201cA Forja &#8211; O Poder da Transforma\u00e7\u00e3o\u201d no Cine HOS!\"}]},{\"@type\":\"WebSite\",\"@id\":\"https:\/\/radiolifefm.com.br\/noticias\/#website\",\"url\":\"https:\/\/radiolifefm.com.br\/noticias\/\",\"name\":\"R\u00e1dio Life FM\",\"description\":\"O Portal de Not\u00edcias de Adamantina\",\"publisher\":{\"@id\":\"https:\/\/radiolifefm.com.br\/noticias\/#organization\"},\"alternateName\":\"Life FM\",\"potentialAction\":[{\"@type\":\"SearchAction\",\"target\":{\"@type\":\"EntryPoint\",\"urlTemplate\":\"https:\/\/radiolifefm.com.br\/noticias\/?s={search_term_string}\"},\"query-input\":{\"@type\":\"PropertyValueSpecification\",\"valueRequired\":true,\"valueName\":\"search_term_string\"}}],\"inLanguage\":\"pt-BR\"},{\"@type\":\"Organization\",\"@id\":\"https:\/\/radiolifefm.com.br\/noticias\/#organization\",\"name\":\"R\u00e1dio Life FM\",\"alternateName\":\"Life FM\",\"url\":\"https:\/\/radiolifefm.com.br\/noticias\/\",\"logo\":{\"@type\":\"ImageObject\",\"inLanguage\":\"pt-BR\",\"@id\":\"https:\/\/radiolifefm.com.br\/noticias\/#\/schema\/logo\/image\/\",\"url\":\"https:\/\/static.radiolifefm.com.br\/noticias\/wp-content\/uploads\/2019\/10\/logo-lifefm.png\",\"contentUrl\":\"https:\/\/static.radiolifefm.com.br\/noticias\/wp-content\/uploads\/2019\/10\/logo-lifefm.png\",\"width\":196,\"height\":47,\"caption\":\"R\u00e1dio Life FM\"},\"image\":{\"@id\":\"https:\/\/radiolifefm.com.br\/noticias\/#\/schema\/logo\/image\/\"},\"sameAs\":[\"https:\/\/www.facebook.com\/radiolifefm\/\",\"https:\/\/www.instagram.com\/life1079fm\/\"]},{\"@type\":\"Person\",\"@id\":\"https:\/\/radiolifefm.com.br\/noticias\/#\/schema\/person\/6876e1240feffe6e1b63fd5cb85abf28\",\"name\":\"joaograndao\",\"image\":{\"@type\":\"ImageObject\",\"inLanguage\":\"pt-BR\",\"@id\":\"https:\/\/secure.gravatar.com\/avatar\/d5b1a3cf357ed9c50404e256a1294083aa8ab5d2a994001567302786016cb32c?s=96&d=mm&r=g\",\"url\":\"https:\/\/secure.gravatar.com\/avatar\/d5b1a3cf357ed9c50404e256a1294083aa8ab5d2a994001567302786016cb32c?s=96&d=mm&r=g\",\"contentUrl\":\"https:\/\/secure.gravatar.com\/avatar\/d5b1a3cf357ed9c50404e256a1294083aa8ab5d2a994001567302786016cb32c?s=96&d=mm&r=g\",\"caption\":\"joaograndao\"}}]}<\/script>\n<!-- \/ Yoast SEO plugin. -->","yoast_head_json":{"title":"Promo\u00e7\u00e3o Imperd\u00edvel para Igrejas: \u201cA Forja - O Poder da Transforma\u00e7\u00e3o\u201d no Cine HOS! - R\u00e1dio Life FM","robots":{"index":"index","follow":"follow","max-snippet":"max-snippet:-1","max-image-preview":"max-image-preview:large","max-video-preview":"max-video-preview:-1"},"canonical":"https:\/\/radiolifefm.com.br\/noticias\/promocao-imperdivel-para-igrejas-a-forja-o-poder-da-transformacao-no-cine-hos\/","og_locale":"pt_BR","og_type":"article","og_title":"Promo\u00e7\u00e3o Imperd\u00edvel para Igrejas: \u201cA Forja - O Poder da Transforma\u00e7\u00e3o\u201d no Cine HOS! - R\u00e1dio Life FM","og_description":"&nbsp; O Cine HOS tem o prazer de anunciar uma promo\u00e7\u00e3o especial para igrejas de Adamantina e regi\u00e3o! Aproveite a oportunidade de assistir ao inspirador filme \u201cA Forja &#8211; O Poder da Transforma\u00e7\u00e3o\u201d com descontos exclusivos para grupos religiosos. Sobre o Filme Dirigido por Alex Kendrick, \u201cA Forja &#8211; O Poder da Transforma\u00e7\u00e3o\u201d conta a [&hellip;]","og_url":"https:\/\/radiolifefm.com.br\/noticias\/promocao-imperdivel-para-igrejas-a-forja-o-poder-da-transformacao-no-cine-hos\/","og_site_name":"R\u00e1dio Life FM","article_publisher":"https:\/\/www.facebook.com\/radiolifefm\/","article_published_time":"2024-10-23T14:21:23+00:00","article_modified_time":"2026-01-05T23:25:50+00:00","og_image":[{"width":640,"height":480,"url":"https:\/\/radiolifefm.com.br\/noticias\/wp-content\/uploads\/2024\/10\/WhatsApp-Image-2024-10-23-at-11.24.38.jpeg","type":"image\/jpeg"}],"author":"joaograndao","twitter_card":"summary_large_image","twitter_misc":{"Escrito por":"joaograndao","Est. tempo de leitura":"3 minutos"},"schema":{"@context":"https:\/\/schema.org","@graph":[{"@type":"Article","@id":"https:\/\/radiolifefm.com.br\/noticias\/promocao-imperdivel-para-igrejas-a-forja-o-poder-da-transformacao-no-cine-hos\/#article","isPartOf":{"@id":"https:\/\/radiolifefm.com.br\/noticias\/promocao-imperdivel-para-igrejas-a-forja-o-poder-da-transformacao-no-cine-hos\/"},"author":{"name":"joaograndao","@id":"https:\/\/radiolifefm.com.br\/noticias\/#\/schema\/person\/6876e1240feffe6e1b63fd5cb85abf28"},"headline":"Promo\u00e7\u00e3o Imperd\u00edvel para Igrejas: \u201cA Forja &#8211; O Poder da Transforma\u00e7\u00e3o\u201d no Cine HOS!","datePublished":"2024-10-23T14:21:23+00:00","dateModified":"2026-01-05T23:25:50+00:00","mainEntityOfPage":{"@id":"https:\/\/radiolifefm.com.br\/noticias\/promocao-imperdivel-para-igrejas-a-forja-o-poder-da-transformacao-no-cine-hos\/"},"wordCount":340,"publisher":{"@id":"https:\/\/radiolifefm.com.br\/noticias\/#organization"},"image":{"@id":"https:\/\/radiolifefm.com.br\/noticias\/promocao-imperdivel-para-igrejas-a-forja-o-poder-da-transformacao-no-cine-hos\/#primaryimage"},"thumbnailUrl":"https:\/\/radiolifefm.com.br\/noticias\/wp-content\/uploads\/2024\/10\/WhatsApp-Image-2024-10-23-at-11.24.38.jpeg","articleSection":["Adamantina","F\u00e9","Regi\u00e3o"],"inLanguage":"pt-BR"},{"@type":"WebPage","@id":"https:\/\/radiolifefm.com.br\/noticias\/promocao-imperdivel-para-igrejas-a-forja-o-poder-da-transformacao-no-cine-hos\/","url":"https:\/\/radiolifefm.com.br\/noticias\/promocao-imperdivel-para-igrejas-a-forja-o-poder-da-transformacao-no-cine-hos\/","name":"Promo\u00e7\u00e3o Imperd\u00edvel para Igrejas: \u201cA Forja - O Poder da Transforma\u00e7\u00e3o\u201d no Cine HOS! - R\u00e1dio Life FM","isPartOf":{"@id":"https:\/\/radiolifefm.com.br\/noticias\/#website"},"primaryImageOfPage":{"@id":"https:\/\/radiolifefm.com.br\/noticias\/promocao-imperdivel-para-igrejas-a-forja-o-poder-da-transformacao-no-cine-hos\/#primaryimage"},"image":{"@id":"https:\/\/radiolifefm.com.br\/noticias\/promocao-imperdivel-para-igrejas-a-forja-o-poder-da-transformacao-no-cine-hos\/#primaryimage"},"thumbnailUrl":"https:\/\/radiolifefm.com.br\/noticias\/wp-content\/uploads\/2024\/10\/WhatsApp-Image-2024-10-23-at-11.24.38.jpeg","datePublished":"2024-10-23T14:21:23+00:00","dateModified":"2026-01-05T23:25:50+00:00","breadcrumb":{"@id":"https:\/\/radiolifefm.com.br\/noticias\/promocao-imperdivel-para-igrejas-a-forja-o-poder-da-transformacao-no-cine-hos\/#breadcrumb"},"inLanguage":"pt-BR","potentialAction":[{"@type":"ReadAction","target":["https:\/\/radiolifefm.com.br\/noticias\/promocao-imperdivel-para-igrejas-a-forja-o-poder-da-transformacao-no-cine-hos\/"]}]},{"@type":"ImageObject","inLanguage":"pt-BR","@id":"https:\/\/radiolifefm.com.br\/noticias\/promocao-imperdivel-para-igrejas-a-forja-o-poder-da-transformacao-no-cine-hos\/#primaryimage","url":"https:\/\/radiolifefm.com.br\/noticias\/wp-content\/uploads\/2024\/10\/WhatsApp-Image-2024-10-23-at-11.24.38.jpeg","contentUrl":"https:\/\/radiolifefm.com.br\/noticias\/wp-content\/uploads\/2024\/10\/WhatsApp-Image-2024-10-23-at-11.24.38.jpeg","width":640,"height":480},{"@type":"BreadcrumbList","@id":"https:\/\/radiolifefm.com.br\/noticias\/promocao-imperdivel-para-igrejas-a-forja-o-poder-da-transformacao-no-cine-hos\/#breadcrumb","itemListElement":[{"@type":"ListItem","position":1,"name":"In\u00edcio","item":"https:\/\/radiolifefm.com.br\/noticias\/"},{"@type":"ListItem","position":2,"name":"Promo\u00e7\u00e3o Imperd\u00edvel para Igrejas: \u201cA Forja &#8211; O Poder da Transforma\u00e7\u00e3o\u201d no Cine HOS!"}]},{"@type":"WebSite","@id":"https:\/\/radiolifefm.com.br\/noticias\/#website","url":"https:\/\/radiolifefm.com.br\/noticias\/","name":"R\u00e1dio Life FM","description":"O Portal de Not\u00edcias de Adamantina","publisher":{"@id":"https:\/\/radiolifefm.com.br\/noticias\/#organization"},"alternateName":"Life FM","potentialAction":[{"@type":"SearchAction","target":{"@type":"EntryPoint","urlTemplate":"https:\/\/radiolifefm.com.br\/noticias\/?s={search_term_string}"},"query-input":{"@type":"PropertyValueSpecification","valueRequired":true,"valueName":"search_term_string"}}],"inLanguage":"pt-BR"},{"@type":"Organization","@id":"https:\/\/radiolifefm.com.br\/noticias\/#organization","name":"R\u00e1dio Life FM","alternateName":"Life FM","url":"https:\/\/radiolifefm.com.br\/noticias\/","logo":{"@type":"ImageObject","inLanguage":"pt-BR","@id":"https:\/\/radiolifefm.com.br\/noticias\/#\/schema\/logo\/image\/","url":"https:\/\/static.radiolifefm.com.br\/noticias\/wp-content\/uploads\/2019\/10\/logo-lifefm.png","contentUrl":"https:\/\/static.radiolifefm.com.br\/noticias\/wp-content\/uploads\/2019\/10\/logo-lifefm.png","width":196,"height":47,"caption":"R\u00e1dio Life FM"},"image":{"@id":"https:\/\/radiolifefm.com.br\/noticias\/#\/schema\/logo\/image\/"},"sameAs":["https:\/\/www.facebook.com\/radiolifefm\/","https:\/\/www.instagram.com\/life1079fm\/"]},{"@type":"Person","@id":"https:\/\/radiolifefm.com.br\/noticias\/#\/schema\/person\/6876e1240feffe6e1b63fd5cb85abf28","name":"joaograndao","image":{"@type":"ImageObject","inLanguage":"pt-BR","@id":"https:\/\/secure.gravatar.com\/avatar\/d5b1a3cf357ed9c50404e256a1294083aa8ab5d2a994001567302786016cb32c?s=96&d=mm&r=g","url":"https:\/\/secure.gravatar.com\/avatar\/d5b1a3cf357ed9c50404e256a1294083aa8ab5d2a994001567302786016cb32c?s=96&d=mm&r=g","contentUrl":"https:\/\/secure.gravatar.com\/avatar\/d5b1a3cf357ed9c50404e256a1294083aa8ab5d2a994001567302786016cb32c?s=96&d=mm&r=g","caption":"joaograndao"}}]}},"amp_enabled":true,"_links":{"self":[{"href":"https:\/\/radiolifefm.com.br\/noticias\/wp-json\/wp\/v2\/posts\/94575","targetHints":{"allow":["GET"]}}],"collection":[{"href":"https:\/\/radiolifefm.com.br\/noticias\/wp-json\/wp\/v2\/posts"}],"about":[{"href":"https:\/\/radiolifefm.com.br\/noticias\/wp-json\/wp\/v2\/types\/post"}],"author":[{"embeddable":true,"href":"https:\/\/radiolifefm.com.br\/noticias\/wp-json\/wp\/v2\/users\/8"}],"replies":[{"embeddable":true,"href":"https:\/\/radiolifefm.com.br\/noticias\/wp-json\/wp\/v2\/comments?post=94575"}],"version-history":[{"count":1,"href":"https:\/\/radiolifefm.com.br\/noticias\/wp-json\/wp\/v2\/posts\/94575\/revisions"}],"predecessor-version":[{"id":94585,"href":"https:\/\/radiolifefm.com.br\/noticias\/wp-json\/wp\/v2\/posts\/94575\/revisions\/94585"}],"wp:featuredmedia":[{"embeddable":true,"href":"https:\/\/radiolifefm.com.br\/noticias\/wp-json\/wp\/v2\/media\/94586"}],"wp:attachment":[{"href":"https:\/\/radiolifefm.com.br\/noticias\/wp-json\/wp\/v2\/media?parent=94575"}],"wp:term":[{"taxonomy":"category","embeddable":true,"href":"https:\/\/radiolifefm.com.br\/noticias\/wp-json\/wp\/v2\/categories?post=94575"},{"taxonomy":"post_tag","embeddable":true,"href":"https:\/\/radiolifefm.com.br\/noticias\/wp-json\/wp\/v2\/tags?post=94575"}],"curies":[{"name":"wp","href":"https:\/\/api.w.org\/{rel}","templated":true}]}}