{"id":94534,"date":"2024-10-23T07:57:47","date_gmt":"2024-10-23T10:57:47","guid":{"rendered":"https:\/\/radiolifefm.com.br\/noticias\/?p=94534"},"modified":"2026-04-07T06:03:15","modified_gmt":"2026-04-07T09:03:15","slug":"johann-sebastian-bach-porque-e-o-recreio-do-espirito-e-o-auxilio-a-irma-ao-fabio-3","status":"publish","type":"post","link":"https:\/\/radiolifefm.com.br\/noticias\/johann-sebastian-bach-porque-e-o-recreio-do-espirito-e-o-auxilio-a-irma-ao-fabio-3\/","title":{"rendered":"JOHANN SEBASTIAN BACH: \u201cPorque \u00e9 o recreio do Esp\u00edrito e o aux\u00edlio \u00e0 irm\u00e3 (\u00e3o)\u201d (F\u00e1bio)"},"content":{"rendered":"<div id=\"fb-root\"><\/div>\n<p><strong>\u201c O \u00fanico fim, o \u00fanico objetivo de toda m\u00fasica \/ \u00e9 o louvor a Deus e a recrea\u00e7\u00e3o da alma. \/ Quando isso se perde de vista, \/ n\u00e3o pode haver mais verdadeira m\u00fasica, \/ restam somente ru\u00eddos e gritos infernais.\u201d (Johann Sebastian Bach)<\/strong><\/p>\n<p><strong>\u00a0<\/strong><\/p>\n<p><strong>By seb@r.<\/strong><\/p>\n<p><strong>\u00a0<\/strong><\/p>\n<p><strong>Ao F\u00c1BIO, dedico!<\/strong><\/p>\n<p>&nbsp;<\/p>\n<p>Os DESAFIOS existem para serem superados de acordo com as MEDIA\u00c7\u00d5ES do processo e assim por diante, portanto, torna-se necess\u00e1rio estar em SINTONIA com o INUSITADO que sempre aparece de um jeito ou de outro neste TEMPO NOVO TEMPO&#8230;<\/p>\n<p>&nbsp;<\/p>\n<p>Assim, pode-se levar em considera\u00e7\u00e3o que transitar na \u00e1rea da M\u00daSICA denominada de CL\u00c1SSICA neste universo um tanto quanto complicado pra quem nunca esteve deste lado, torna-se muito mais do que um simples DESAFIO e ponto quase final, ainda, se poss\u00edvel, com muitas retic\u00eancias&#8230;<\/p>\n<p>&nbsp;<\/p>\n<p>Por\u00e9m, a solicita\u00e7\u00e3o pra escrever sobre este M\u00daSICO est\u00e1 de acordo com a PROPOSTA desta S\u00c9RIE patrocinada pelo EMP\u00d3RIO SEBAR em nome da M\u00daSICA de todas as \u00e1reas, portanto, os CL\u00c1SSICOS est\u00e3o neste contexto plural que s\u00f3 a M\u00daSICA proporciona para todos\/as&#8230;<\/p>\n<p>&nbsp;<\/p>\n<p>Considerado o PAI DA M\u00daSICA de\u00a0 acordo com especialistas desta \u00e1rea t\u00e3o espec\u00edfica, pode-se registrar que JOHANN SEBASTIAN BACH sempre esteve al\u00e9m do seu tempo em diversos quesitos relacionados com a sua forma\u00e7\u00e3o acad\u00eamica e musical no tempo do seu tempo&#8230;<\/p>\n<p>&nbsp;<\/p>\n<p>Depois de anos e anos de estudos, bem como, participa\u00e7\u00e3o em atividades religiosas e seculares para o desenvolvimento da sua FORMA\u00c7\u00c3O MJUSICAL, tamb\u00e9m, para ter CONDI\u00c7\u00d5ES de sobreviv\u00eancia naquela \u00e9poca em meio as DOEN\u00c7AS GENERALIZADAS e GUERRAS, deve-se considerar que BACH conseguiu superar todas as dificuldades para que o OBJETIVO fosse alcan\u00e7ado pelo seu ESFOR\u00c7O e DEDICA\u00c7\u00c3O para com a M\u00daSICA&#8230;<\/p>\n<p>&nbsp;<\/p>\n<p>Destacou-se como COMPOSITOR, MULTI-INSTRUMENTISTA, PROFESSOR, CANTOR E MAESTRO, desta forma, a HIST\u00d3RIA mediada pela M\u00daSICA UNIVERSAL coloca BACH no topo com os denominados G\u00caNIOS dos CL\u00c1SSICOS para muitos desencontros com este PANTEON que dispensa outros coment\u00e1rios&#8230;<\/p>\n<p>&nbsp;<\/p>\n<p>Da forma\u00e7\u00e3o religiosa no LUTERANISMO daquele tempo, bem como, nas idas e vindas pela M\u00daSICA BARROCA e de acordo com a proposta EST\u00c9TICA daquela \u00e9poca, BACH sempre se destacou pela GENIALIDADE MUSICAL que desenvolvia em busca da SINTONIA como COMPOSITOR, CRAVISTA, REGENTE, ORGANISTA, PROFESSOR, VIOLINISTA, CANTOR e VIOLISTA&#8230;<\/p>\n<p>&nbsp;<\/p>\n<p>O TALENTO de BACH est\u00e1 de acordo com a TRADI\u00c7\u00c3O FAMILIAR que marcou presen\u00e7a na sua VIDA por meio das GERA\u00c7\u00d5ES anteriores, portanto, todas as CONDI\u00c7\u00d5ES sempre estiveram do lado deste G\u00caNIO para que se tornasse um dos IMORTAIS da M\u00daSICA CL\u00c1SSICA MUNDIAL&#8230;<\/p>\n<p>&nbsp;<\/p>\n<p>BACH, aquele que continua sendo VENERADO como o eterno PAI DA M\u00daSICA, proporcionou ao MUNDO DA ARTE in\u00fameras OBRAS que demonstram a sua GENIALIDADE como COMPOSITOR, destaque para as PE\u00c7AS, a saber:\u00a0<a href=\"https:\/\/pt.wikipedia.org\/wiki\/Concertos_de_Brandenburgo\"><strong><em>Concertos de Brandenburgo<\/em><\/strong><\/a><strong>,\u00a0<\/strong><a href=\"https:\/\/pt.wikipedia.org\/wiki\/Jesus_bleibet_meine_Freude\"><strong><em>Jesus Alegria dos Homens<\/em><\/strong><\/a><strong>, o\u00a0<\/strong><a href=\"https:\/\/pt.wikipedia.org\/wiki\/Cravo_Bem-Temperado\"><strong><em>Cravo Bem-Temperado<\/em><\/strong><\/a><strong>, as\u00a0<\/strong><a href=\"https:\/\/pt.wikipedia.org\/wiki\/Sonatas_e_Partitas_para_violino_solo\"><strong><em>Sonatas e Partitas para violino solo<\/em><\/strong><\/a><strong>, a\u00a0<\/strong><a href=\"https:\/\/pt.wikipedia.org\/wiki\/Missa_em_Si_Menor\"><strong><em>Missa em Si Menor<\/em><\/strong><\/a><strong>, a\u00a0<\/strong><a href=\"https:\/\/pt.wikipedia.org\/wiki\/Tocata_e_Fuga_em_R%C3%A9_Menor,_BWV_565\"><strong><em>Tocata e Fuga em R\u00e9 Menor<\/em><\/strong><\/a><strong>, a\u00a0<\/strong><a href=\"https:\/\/pt.wikipedia.org\/wiki\/Paix%C3%A3o_segundo_S%C3%A3o_Mateus\"><strong><em>Paix\u00e3o segundo S\u00e3o Mateus<\/em><\/strong><\/a><strong>, a\u00a0<\/strong><a href=\"https:\/\/pt.wikipedia.org\/wiki\/Oferenda_Musical\"><strong><em>Oferenda Musical<\/em><\/strong><\/a><strong>, a\u00a0<\/strong><a href=\"https:\/\/pt.wikipedia.org\/wiki\/Arte_da_Fuga\"><strong><em>Arte da Fuga<\/em><\/strong><\/a><strong><em>,\u00a0<\/em><\/strong><a href=\"https:\/\/pt.wikipedia.org\/wiki\/Herz_und_Mund_und_Tat_und_Leben,_BWV_147a\"><strong><em>Cora\u00e7\u00e3o e Boca e A\u00e7\u00f5es e Vida<\/em><\/strong><\/a>\u00a0e outras cantatas&#8230;<\/p>\n<p>&nbsp;<\/p>\n<p>Entendo que o BACH continua DIVULGANDO suas M\u00daSICAS neste CEN\u00c1RIO ATUAL, isso ocorre em fun\u00e7\u00e3o da ETERNIDADE propocionada pela PROPOSTA MUSICAL, isso se torna evidente mesmo depois de S\u00c9CULOS para um REGISTRO de acordo com os ANAIS DA HIST\u00d3RIA DA M\u00daSICA em n\u00edvel MUNDIAL&#8230;<\/p>\n<p>&nbsp;<\/p>\n<p><strong>AVE <\/strong><strong>JOHANN SEBASTIAN BACH! AVE JOHANN BACH! AVE BACH!<\/strong><\/p>\n<p><strong>\u00a0<\/strong><\/p>\n<p>&nbsp;<\/p>\n","protected":false},"excerpt":{"rendered":"<p>\u201c O \u00fanico fim, o \u00fanico objetivo de toda m\u00fasica \/ \u00e9 o louvor a Deus e a recrea\u00e7\u00e3o da alma. \/ Quando isso se perde de vista, \/ n\u00e3o pode haver mais verdadeira m\u00fasica, \/ restam somente ru\u00eddos e gritos infernais.\u201d (Johann Sebastian Bach) \u00a0 By seb@r. \u00a0 Ao F\u00c1BIO, dedico! &nbsp; Os DESAFIOS [&hellip;]<\/p>\n","protected":false},"author":13,"featured_media":51988,"comment_status":"closed","ping_status":"open","sticky":false,"template":"","format":"standard","meta":{"_acf_changed":false,"_exactmetrics_skip_tracking":false,"_exactmetrics_sitenote_active":false,"_exactmetrics_sitenote_note":"","_exactmetrics_sitenote_category":0,"footnotes":""},"categories":[59],"tags":[],"class_list":["post-94534","post","type-post","status-publish","format-standard","has-post-thumbnail","hentry","category-opiniao"],"acf":[],"yoast_head":"<!-- This site is optimized with the Yoast SEO plugin v27.2 - https:\/\/yoast.com\/product\/yoast-seo-wordpress\/ -->\n<title>JOHANN SEBASTIAN BACH: \u201cPorque \u00e9 o recreio do Esp\u00edrito e o aux\u00edlio \u00e0 irm\u00e3 (\u00e3o)\u201d (F\u00e1bio) - R\u00e1dio Life FM<\/title>\n<meta name=\"robots\" content=\"index, follow, max-snippet:-1, max-image-preview:large, max-video-preview:-1\" \/>\n<link rel=\"canonical\" href=\"https:\/\/radiolifefm.com.br\/noticias\/johann-sebastian-bach-porque-e-o-recreio-do-espirito-e-o-auxilio-a-irma-ao-fabio-3\/\" \/>\n<meta property=\"og:locale\" content=\"pt_BR\" \/>\n<meta property=\"og:type\" content=\"article\" \/>\n<meta property=\"og:title\" content=\"JOHANN SEBASTIAN BACH: \u201cPorque \u00e9 o recreio do Esp\u00edrito e o aux\u00edlio \u00e0 irm\u00e3 (\u00e3o)\u201d (F\u00e1bio) - R\u00e1dio Life FM\" \/>\n<meta property=\"og:description\" content=\"\u201c O \u00fanico fim, o \u00fanico objetivo de toda m\u00fasica \/ \u00e9 o louvor a Deus e a recrea\u00e7\u00e3o da alma. \/ Quando isso se perde de vista, \/ n\u00e3o pode haver mais verdadeira m\u00fasica, \/ restam somente ru\u00eddos e gritos infernais.\u201d (Johann Sebastian Bach) \u00a0 By seb@r. \u00a0 Ao F\u00c1BIO, dedico! &nbsp; Os DESAFIOS [&hellip;]\" \/>\n<meta property=\"og:url\" content=\"https:\/\/radiolifefm.com.br\/noticias\/johann-sebastian-bach-porque-e-o-recreio-do-espirito-e-o-auxilio-a-irma-ao-fabio-3\/\" \/>\n<meta property=\"og:site_name\" content=\"R\u00e1dio Life FM\" \/>\n<meta property=\"article:publisher\" content=\"https:\/\/www.facebook.com\/radiolifefm\/\" \/>\n<meta property=\"article:published_time\" content=\"2024-10-23T10:57:47+00:00\" \/>\n<meta property=\"article:modified_time\" content=\"2026-04-07T09:03:15+00:00\" \/>\n<meta property=\"og:image\" content=\"https:\/\/radiolifefm.com.br\/noticias\/wp-content\/uploads\/2022\/04\/WhatsApp-Image-2022-04-10-at-18.43.02.jpeg\" \/>\n\t<meta property=\"og:image:width\" content=\"972\" \/>\n\t<meta property=\"og:image:height\" content=\"1296\" \/>\n\t<meta property=\"og:image:type\" content=\"image\/jpeg\" \/>\n<meta name=\"author\" content=\"ritanery\" \/>\n<meta name=\"twitter:card\" content=\"summary_large_image\" \/>\n<meta name=\"twitter:label1\" content=\"Escrito por\" \/>\n\t<meta name=\"twitter:data1\" content=\"ritanery\" \/>\n\t<meta name=\"twitter:label2\" content=\"Est. tempo de leitura\" \/>\n\t<meta name=\"twitter:data2\" content=\"4 minutos\" \/>\n<script type=\"application\/ld+json\" class=\"yoast-schema-graph\">{\"@context\":\"https:\/\/schema.org\",\"@graph\":[{\"@type\":\"Article\",\"@id\":\"https:\/\/radiolifefm.com.br\/noticias\/johann-sebastian-bach-porque-e-o-recreio-do-espirito-e-o-auxilio-a-irma-ao-fabio-3\/#article\",\"isPartOf\":{\"@id\":\"https:\/\/radiolifefm.com.br\/noticias\/johann-sebastian-bach-porque-e-o-recreio-do-espirito-e-o-auxilio-a-irma-ao-fabio-3\/\"},\"author\":{\"name\":\"ritanery\",\"@id\":\"https:\/\/radiolifefm.com.br\/noticias\/#\/schema\/person\/6339b9fac59d12b071dec680d7375d87\"},\"headline\":\"JOHANN SEBASTIAN BACH: \u201cPorque \u00e9 o recreio do Esp\u00edrito e o aux\u00edlio \u00e0 irm\u00e3 (\u00e3o)\u201d (F\u00e1bio)\",\"datePublished\":\"2024-10-23T10:57:47+00:00\",\"dateModified\":\"2026-04-07T09:03:15+00:00\",\"mainEntityOfPage\":{\"@id\":\"https:\/\/radiolifefm.com.br\/noticias\/johann-sebastian-bach-porque-e-o-recreio-do-espirito-e-o-auxilio-a-irma-ao-fabio-3\/\"},\"wordCount\":632,\"publisher\":{\"@id\":\"https:\/\/radiolifefm.com.br\/noticias\/#organization\"},\"image\":{\"@id\":\"https:\/\/radiolifefm.com.br\/noticias\/johann-sebastian-bach-porque-e-o-recreio-do-espirito-e-o-auxilio-a-irma-ao-fabio-3\/#primaryimage\"},\"thumbnailUrl\":\"https:\/\/radiolifefm.com.br\/noticias\/wp-content\/uploads\/2022\/04\/WhatsApp-Image-2022-04-10-at-18.43.02.jpeg\",\"articleSection\":[\"Opini\u00e3o\"],\"inLanguage\":\"pt-BR\"},{\"@type\":\"WebPage\",\"@id\":\"https:\/\/radiolifefm.com.br\/noticias\/johann-sebastian-bach-porque-e-o-recreio-do-espirito-e-o-auxilio-a-irma-ao-fabio-3\/\",\"url\":\"https:\/\/radiolifefm.com.br\/noticias\/johann-sebastian-bach-porque-e-o-recreio-do-espirito-e-o-auxilio-a-irma-ao-fabio-3\/\",\"name\":\"JOHANN SEBASTIAN BACH: \u201cPorque \u00e9 o recreio do Esp\u00edrito e o aux\u00edlio \u00e0 irm\u00e3 (\u00e3o)\u201d (F\u00e1bio) - R\u00e1dio Life FM\",\"isPartOf\":{\"@id\":\"https:\/\/radiolifefm.com.br\/noticias\/#website\"},\"primaryImageOfPage\":{\"@id\":\"https:\/\/radiolifefm.com.br\/noticias\/johann-sebastian-bach-porque-e-o-recreio-do-espirito-e-o-auxilio-a-irma-ao-fabio-3\/#primaryimage\"},\"image\":{\"@id\":\"https:\/\/radiolifefm.com.br\/noticias\/johann-sebastian-bach-porque-e-o-recreio-do-espirito-e-o-auxilio-a-irma-ao-fabio-3\/#primaryimage\"},\"thumbnailUrl\":\"https:\/\/radiolifefm.com.br\/noticias\/wp-content\/uploads\/2022\/04\/WhatsApp-Image-2022-04-10-at-18.43.02.jpeg\",\"datePublished\":\"2024-10-23T10:57:47+00:00\",\"dateModified\":\"2026-04-07T09:03:15+00:00\",\"breadcrumb\":{\"@id\":\"https:\/\/radiolifefm.com.br\/noticias\/johann-sebastian-bach-porque-e-o-recreio-do-espirito-e-o-auxilio-a-irma-ao-fabio-3\/#breadcrumb\"},\"inLanguage\":\"pt-BR\",\"potentialAction\":[{\"@type\":\"ReadAction\",\"target\":[\"https:\/\/radiolifefm.com.br\/noticias\/johann-sebastian-bach-porque-e-o-recreio-do-espirito-e-o-auxilio-a-irma-ao-fabio-3\/\"]}]},{\"@type\":\"ImageObject\",\"inLanguage\":\"pt-BR\",\"@id\":\"https:\/\/radiolifefm.com.br\/noticias\/johann-sebastian-bach-porque-e-o-recreio-do-espirito-e-o-auxilio-a-irma-ao-fabio-3\/#primaryimage\",\"url\":\"https:\/\/radiolifefm.com.br\/noticias\/wp-content\/uploads\/2022\/04\/WhatsApp-Image-2022-04-10-at-18.43.02.jpeg\",\"contentUrl\":\"https:\/\/radiolifefm.com.br\/noticias\/wp-content\/uploads\/2022\/04\/WhatsApp-Image-2022-04-10-at-18.43.02.jpeg\",\"width\":972,\"height\":1296,\"caption\":\"S\u00e9rgio Barbosa\"},{\"@type\":\"BreadcrumbList\",\"@id\":\"https:\/\/radiolifefm.com.br\/noticias\/johann-sebastian-bach-porque-e-o-recreio-do-espirito-e-o-auxilio-a-irma-ao-fabio-3\/#breadcrumb\",\"itemListElement\":[{\"@type\":\"ListItem\",\"position\":1,\"name\":\"In\u00edcio\",\"item\":\"https:\/\/radiolifefm.com.br\/noticias\/\"},{\"@type\":\"ListItem\",\"position\":2,\"name\":\"JOHANN SEBASTIAN BACH: \u201cPorque \u00e9 o recreio do Esp\u00edrito e o aux\u00edlio \u00e0 irm\u00e3 (\u00e3o)\u201d (F\u00e1bio)\"}]},{\"@type\":\"WebSite\",\"@id\":\"https:\/\/radiolifefm.com.br\/noticias\/#website\",\"url\":\"https:\/\/radiolifefm.com.br\/noticias\/\",\"name\":\"R\u00e1dio Life FM\",\"description\":\"O Portal de Not\u00edcias de Adamantina\",\"publisher\":{\"@id\":\"https:\/\/radiolifefm.com.br\/noticias\/#organization\"},\"alternateName\":\"Life FM\",\"potentialAction\":[{\"@type\":\"SearchAction\",\"target\":{\"@type\":\"EntryPoint\",\"urlTemplate\":\"https:\/\/radiolifefm.com.br\/noticias\/?s={search_term_string}\"},\"query-input\":{\"@type\":\"PropertyValueSpecification\",\"valueRequired\":true,\"valueName\":\"search_term_string\"}}],\"inLanguage\":\"pt-BR\"},{\"@type\":\"Organization\",\"@id\":\"https:\/\/radiolifefm.com.br\/noticias\/#organization\",\"name\":\"R\u00e1dio Life FM\",\"alternateName\":\"Life FM\",\"url\":\"https:\/\/radiolifefm.com.br\/noticias\/\",\"logo\":{\"@type\":\"ImageObject\",\"inLanguage\":\"pt-BR\",\"@id\":\"https:\/\/radiolifefm.com.br\/noticias\/#\/schema\/logo\/image\/\",\"url\":\"https:\/\/static.radiolifefm.com.br\/noticias\/wp-content\/uploads\/2019\/10\/logo-lifefm.png\",\"contentUrl\":\"https:\/\/static.radiolifefm.com.br\/noticias\/wp-content\/uploads\/2019\/10\/logo-lifefm.png\",\"width\":196,\"height\":47,\"caption\":\"R\u00e1dio Life FM\"},\"image\":{\"@id\":\"https:\/\/radiolifefm.com.br\/noticias\/#\/schema\/logo\/image\/\"},\"sameAs\":[\"https:\/\/www.facebook.com\/radiolifefm\/\",\"https:\/\/www.instagram.com\/life1079fm\/\"]},{\"@type\":\"Person\",\"@id\":\"https:\/\/radiolifefm.com.br\/noticias\/#\/schema\/person\/6339b9fac59d12b071dec680d7375d87\",\"name\":\"ritanery\",\"image\":{\"@type\":\"ImageObject\",\"inLanguage\":\"pt-BR\",\"@id\":\"https:\/\/secure.gravatar.com\/avatar\/0e37bb19071f47c0b8a23f62a903df117c5a0e75f65a0c2901562f97cd41cf86?s=96&d=mm&r=g\",\"url\":\"https:\/\/secure.gravatar.com\/avatar\/0e37bb19071f47c0b8a23f62a903df117c5a0e75f65a0c2901562f97cd41cf86?s=96&d=mm&r=g\",\"contentUrl\":\"https:\/\/secure.gravatar.com\/avatar\/0e37bb19071f47c0b8a23f62a903df117c5a0e75f65a0c2901562f97cd41cf86?s=96&d=mm&r=g\",\"caption\":\"ritanery\"}}]}<\/script>\n<!-- \/ Yoast SEO plugin. -->","yoast_head_json":{"title":"JOHANN SEBASTIAN BACH: \u201cPorque \u00e9 o recreio do Esp\u00edrito e o aux\u00edlio \u00e0 irm\u00e3 (\u00e3o)\u201d (F\u00e1bio) - R\u00e1dio Life FM","robots":{"index":"index","follow":"follow","max-snippet":"max-snippet:-1","max-image-preview":"max-image-preview:large","max-video-preview":"max-video-preview:-1"},"canonical":"https:\/\/radiolifefm.com.br\/noticias\/johann-sebastian-bach-porque-e-o-recreio-do-espirito-e-o-auxilio-a-irma-ao-fabio-3\/","og_locale":"pt_BR","og_type":"article","og_title":"JOHANN SEBASTIAN BACH: \u201cPorque \u00e9 o recreio do Esp\u00edrito e o aux\u00edlio \u00e0 irm\u00e3 (\u00e3o)\u201d (F\u00e1bio) - R\u00e1dio Life FM","og_description":"\u201c O \u00fanico fim, o \u00fanico objetivo de toda m\u00fasica \/ \u00e9 o louvor a Deus e a recrea\u00e7\u00e3o da alma. \/ Quando isso se perde de vista, \/ n\u00e3o pode haver mais verdadeira m\u00fasica, \/ restam somente ru\u00eddos e gritos infernais.\u201d (Johann Sebastian Bach) \u00a0 By seb@r. \u00a0 Ao F\u00c1BIO, dedico! &nbsp; Os DESAFIOS [&hellip;]","og_url":"https:\/\/radiolifefm.com.br\/noticias\/johann-sebastian-bach-porque-e-o-recreio-do-espirito-e-o-auxilio-a-irma-ao-fabio-3\/","og_site_name":"R\u00e1dio Life FM","article_publisher":"https:\/\/www.facebook.com\/radiolifefm\/","article_published_time":"2024-10-23T10:57:47+00:00","article_modified_time":"2026-04-07T09:03:15+00:00","og_image":[{"width":972,"height":1296,"url":"https:\/\/radiolifefm.com.br\/noticias\/wp-content\/uploads\/2022\/04\/WhatsApp-Image-2022-04-10-at-18.43.02.jpeg","type":"image\/jpeg"}],"author":"ritanery","twitter_card":"summary_large_image","twitter_misc":{"Escrito por":"ritanery","Est. tempo de leitura":"4 minutos"},"schema":{"@context":"https:\/\/schema.org","@graph":[{"@type":"Article","@id":"https:\/\/radiolifefm.com.br\/noticias\/johann-sebastian-bach-porque-e-o-recreio-do-espirito-e-o-auxilio-a-irma-ao-fabio-3\/#article","isPartOf":{"@id":"https:\/\/radiolifefm.com.br\/noticias\/johann-sebastian-bach-porque-e-o-recreio-do-espirito-e-o-auxilio-a-irma-ao-fabio-3\/"},"author":{"name":"ritanery","@id":"https:\/\/radiolifefm.com.br\/noticias\/#\/schema\/person\/6339b9fac59d12b071dec680d7375d87"},"headline":"JOHANN SEBASTIAN BACH: \u201cPorque \u00e9 o recreio do Esp\u00edrito e o aux\u00edlio \u00e0 irm\u00e3 (\u00e3o)\u201d (F\u00e1bio)","datePublished":"2024-10-23T10:57:47+00:00","dateModified":"2026-04-07T09:03:15+00:00","mainEntityOfPage":{"@id":"https:\/\/radiolifefm.com.br\/noticias\/johann-sebastian-bach-porque-e-o-recreio-do-espirito-e-o-auxilio-a-irma-ao-fabio-3\/"},"wordCount":632,"publisher":{"@id":"https:\/\/radiolifefm.com.br\/noticias\/#organization"},"image":{"@id":"https:\/\/radiolifefm.com.br\/noticias\/johann-sebastian-bach-porque-e-o-recreio-do-espirito-e-o-auxilio-a-irma-ao-fabio-3\/#primaryimage"},"thumbnailUrl":"https:\/\/radiolifefm.com.br\/noticias\/wp-content\/uploads\/2022\/04\/WhatsApp-Image-2022-04-10-at-18.43.02.jpeg","articleSection":["Opini\u00e3o"],"inLanguage":"pt-BR"},{"@type":"WebPage","@id":"https:\/\/radiolifefm.com.br\/noticias\/johann-sebastian-bach-porque-e-o-recreio-do-espirito-e-o-auxilio-a-irma-ao-fabio-3\/","url":"https:\/\/radiolifefm.com.br\/noticias\/johann-sebastian-bach-porque-e-o-recreio-do-espirito-e-o-auxilio-a-irma-ao-fabio-3\/","name":"JOHANN SEBASTIAN BACH: \u201cPorque \u00e9 o recreio do Esp\u00edrito e o aux\u00edlio \u00e0 irm\u00e3 (\u00e3o)\u201d (F\u00e1bio) - R\u00e1dio Life FM","isPartOf":{"@id":"https:\/\/radiolifefm.com.br\/noticias\/#website"},"primaryImageOfPage":{"@id":"https:\/\/radiolifefm.com.br\/noticias\/johann-sebastian-bach-porque-e-o-recreio-do-espirito-e-o-auxilio-a-irma-ao-fabio-3\/#primaryimage"},"image":{"@id":"https:\/\/radiolifefm.com.br\/noticias\/johann-sebastian-bach-porque-e-o-recreio-do-espirito-e-o-auxilio-a-irma-ao-fabio-3\/#primaryimage"},"thumbnailUrl":"https:\/\/radiolifefm.com.br\/noticias\/wp-content\/uploads\/2022\/04\/WhatsApp-Image-2022-04-10-at-18.43.02.jpeg","datePublished":"2024-10-23T10:57:47+00:00","dateModified":"2026-04-07T09:03:15+00:00","breadcrumb":{"@id":"https:\/\/radiolifefm.com.br\/noticias\/johann-sebastian-bach-porque-e-o-recreio-do-espirito-e-o-auxilio-a-irma-ao-fabio-3\/#breadcrumb"},"inLanguage":"pt-BR","potentialAction":[{"@type":"ReadAction","target":["https:\/\/radiolifefm.com.br\/noticias\/johann-sebastian-bach-porque-e-o-recreio-do-espirito-e-o-auxilio-a-irma-ao-fabio-3\/"]}]},{"@type":"ImageObject","inLanguage":"pt-BR","@id":"https:\/\/radiolifefm.com.br\/noticias\/johann-sebastian-bach-porque-e-o-recreio-do-espirito-e-o-auxilio-a-irma-ao-fabio-3\/#primaryimage","url":"https:\/\/radiolifefm.com.br\/noticias\/wp-content\/uploads\/2022\/04\/WhatsApp-Image-2022-04-10-at-18.43.02.jpeg","contentUrl":"https:\/\/radiolifefm.com.br\/noticias\/wp-content\/uploads\/2022\/04\/WhatsApp-Image-2022-04-10-at-18.43.02.jpeg","width":972,"height":1296,"caption":"S\u00e9rgio Barbosa"},{"@type":"BreadcrumbList","@id":"https:\/\/radiolifefm.com.br\/noticias\/johann-sebastian-bach-porque-e-o-recreio-do-espirito-e-o-auxilio-a-irma-ao-fabio-3\/#breadcrumb","itemListElement":[{"@type":"ListItem","position":1,"name":"In\u00edcio","item":"https:\/\/radiolifefm.com.br\/noticias\/"},{"@type":"ListItem","position":2,"name":"JOHANN SEBASTIAN BACH: \u201cPorque \u00e9 o recreio do Esp\u00edrito e o aux\u00edlio \u00e0 irm\u00e3 (\u00e3o)\u201d (F\u00e1bio)"}]},{"@type":"WebSite","@id":"https:\/\/radiolifefm.com.br\/noticias\/#website","url":"https:\/\/radiolifefm.com.br\/noticias\/","name":"R\u00e1dio Life FM","description":"O Portal de Not\u00edcias de Adamantina","publisher":{"@id":"https:\/\/radiolifefm.com.br\/noticias\/#organization"},"alternateName":"Life FM","potentialAction":[{"@type":"SearchAction","target":{"@type":"EntryPoint","urlTemplate":"https:\/\/radiolifefm.com.br\/noticias\/?s={search_term_string}"},"query-input":{"@type":"PropertyValueSpecification","valueRequired":true,"valueName":"search_term_string"}}],"inLanguage":"pt-BR"},{"@type":"Organization","@id":"https:\/\/radiolifefm.com.br\/noticias\/#organization","name":"R\u00e1dio Life FM","alternateName":"Life FM","url":"https:\/\/radiolifefm.com.br\/noticias\/","logo":{"@type":"ImageObject","inLanguage":"pt-BR","@id":"https:\/\/radiolifefm.com.br\/noticias\/#\/schema\/logo\/image\/","url":"https:\/\/static.radiolifefm.com.br\/noticias\/wp-content\/uploads\/2019\/10\/logo-lifefm.png","contentUrl":"https:\/\/static.radiolifefm.com.br\/noticias\/wp-content\/uploads\/2019\/10\/logo-lifefm.png","width":196,"height":47,"caption":"R\u00e1dio Life FM"},"image":{"@id":"https:\/\/radiolifefm.com.br\/noticias\/#\/schema\/logo\/image\/"},"sameAs":["https:\/\/www.facebook.com\/radiolifefm\/","https:\/\/www.instagram.com\/life1079fm\/"]},{"@type":"Person","@id":"https:\/\/radiolifefm.com.br\/noticias\/#\/schema\/person\/6339b9fac59d12b071dec680d7375d87","name":"ritanery","image":{"@type":"ImageObject","inLanguage":"pt-BR","@id":"https:\/\/secure.gravatar.com\/avatar\/0e37bb19071f47c0b8a23f62a903df117c5a0e75f65a0c2901562f97cd41cf86?s=96&d=mm&r=g","url":"https:\/\/secure.gravatar.com\/avatar\/0e37bb19071f47c0b8a23f62a903df117c5a0e75f65a0c2901562f97cd41cf86?s=96&d=mm&r=g","contentUrl":"https:\/\/secure.gravatar.com\/avatar\/0e37bb19071f47c0b8a23f62a903df117c5a0e75f65a0c2901562f97cd41cf86?s=96&d=mm&r=g","caption":"ritanery"}}]}},"amp_enabled":true,"_links":{"self":[{"href":"https:\/\/radiolifefm.com.br\/noticias\/wp-json\/wp\/v2\/posts\/94534","targetHints":{"allow":["GET"]}}],"collection":[{"href":"https:\/\/radiolifefm.com.br\/noticias\/wp-json\/wp\/v2\/posts"}],"about":[{"href":"https:\/\/radiolifefm.com.br\/noticias\/wp-json\/wp\/v2\/types\/post"}],"author":[{"embeddable":true,"href":"https:\/\/radiolifefm.com.br\/noticias\/wp-json\/wp\/v2\/users\/13"}],"replies":[{"embeddable":true,"href":"https:\/\/radiolifefm.com.br\/noticias\/wp-json\/wp\/v2\/comments?post=94534"}],"version-history":[{"count":1,"href":"https:\/\/radiolifefm.com.br\/noticias\/wp-json\/wp\/v2\/posts\/94534\/revisions"}],"predecessor-version":[{"id":94535,"href":"https:\/\/radiolifefm.com.br\/noticias\/wp-json\/wp\/v2\/posts\/94534\/revisions\/94535"}],"wp:featuredmedia":[{"embeddable":true,"href":"https:\/\/radiolifefm.com.br\/noticias\/wp-json\/wp\/v2\/media\/51988"}],"wp:attachment":[{"href":"https:\/\/radiolifefm.com.br\/noticias\/wp-json\/wp\/v2\/media?parent=94534"}],"wp:term":[{"taxonomy":"category","embeddable":true,"href":"https:\/\/radiolifefm.com.br\/noticias\/wp-json\/wp\/v2\/categories?post=94534"},{"taxonomy":"post_tag","embeddable":true,"href":"https:\/\/radiolifefm.com.br\/noticias\/wp-json\/wp\/v2\/tags?post=94534"}],"curies":[{"name":"wp","href":"https:\/\/api.w.org\/{rel}","templated":true}]}}