{"id":94330,"date":"2024-10-18T15:21:04","date_gmt":"2024-10-18T18:21:04","guid":{"rendered":"https:\/\/radiolifefm.com.br\/noticias\/?p=94330"},"modified":"2026-04-06T11:40:19","modified_gmt":"2026-04-06T14:40:19","slug":"agora-e-que-sao-elas-2o-haru-matsuri-deixara-legado-para-as-novas-geracoes","status":"publish","type":"post","link":"https:\/\/radiolifefm.com.br\/noticias\/agora-e-que-sao-elas-2o-haru-matsuri-deixara-legado-para-as-novas-geracoes\/","title":{"rendered":"Agora \u00e9 que S\u00e3o Elas: 2\u00ba Haru Matsuri deixar\u00e1 legado para as novas gera\u00e7\u00f5es"},"content":{"rendered":"<div id=\"fb-root\"><\/div>\n<p>Foi ao ar na noite da \u00faltima quinta-feira, 17 de outubro, na Life FM, mais uma edi\u00e7\u00e3o do programa <em>Agora \u00e9 que S\u00e3o Elas<\/em>.<img loading=\"lazy\" decoding=\"async\" class=\"aligncenter size-medium wp-image-94331\" src=\"https:\/\/static.radiolifefm.com.br\/noticias\/wp-content\/uploads\/2024\/10\/WhatsApp-Image-2024-10-18-at-15.14.30-300x225.jpeg\" alt=\"\" width=\"300\" height=\"225\" srcset=\"https:\/\/radiolifefm.com.br\/noticias\/wp-content\/uploads\/2024\/10\/WhatsApp-Image-2024-10-18-at-15.14.30-300x225.jpeg 300w, https:\/\/radiolifefm.com.br\/noticias\/wp-content\/uploads\/2024\/10\/WhatsApp-Image-2024-10-18-at-15.14.30-1024x768.jpeg 1024w, https:\/\/radiolifefm.com.br\/noticias\/wp-content\/uploads\/2024\/10\/WhatsApp-Image-2024-10-18-at-15.14.30-768x576.jpeg 768w, https:\/\/radiolifefm.com.br\/noticias\/wp-content\/uploads\/2024\/10\/WhatsApp-Image-2024-10-18-at-15.14.30-1536x1152.jpeg 1536w, https:\/\/radiolifefm.com.br\/noticias\/wp-content\/uploads\/2024\/10\/WhatsApp-Image-2024-10-18-at-15.14.30.jpeg 1600w\" sizes=\"auto, (max-width: 300px) 100vw, 300px\" \/> Apresentado pela jornalista L\u00facia Prado, o programa contou com a participa\u00e7\u00e3o de L\u00facia Hattori Watarai, Noriko Saito e Elizabeth Katayama, todas integrantes da comiss\u00e3o organizadora do 2\u00ba Haru Matsuri, evento que acontece neste s\u00e1bado e domingo, 19 e 20 de outubro, em Adamantina.<img loading=\"lazy\" decoding=\"async\" class=\"aligncenter size-medium wp-image-94335\" src=\"https:\/\/static.radiolifefm.com.br\/noticias\/wp-content\/uploads\/2024\/10\/WhatsApp-Image-2024-10-18-at-15.14.32-300x225.jpeg\" alt=\"\" width=\"300\" height=\"225\" srcset=\"https:\/\/radiolifefm.com.br\/noticias\/wp-content\/uploads\/2024\/10\/WhatsApp-Image-2024-10-18-at-15.14.32-300x225.jpeg 300w, https:\/\/radiolifefm.com.br\/noticias\/wp-content\/uploads\/2024\/10\/WhatsApp-Image-2024-10-18-at-15.14.32-1024x768.jpeg 1024w, https:\/\/radiolifefm.com.br\/noticias\/wp-content\/uploads\/2024\/10\/WhatsApp-Image-2024-10-18-at-15.14.32-768x576.jpeg 768w, https:\/\/radiolifefm.com.br\/noticias\/wp-content\/uploads\/2024\/10\/WhatsApp-Image-2024-10-18-at-15.14.32-1536x1152.jpeg 1536w, https:\/\/radiolifefm.com.br\/noticias\/wp-content\/uploads\/2024\/10\/WhatsApp-Image-2024-10-18-at-15.14.32.jpeg 1600w\" sizes=\"auto, (max-width: 300px) 100vw, 300px\" \/><\/p>\n<p>O <em>Haru Matsuri<\/em> representa a tradi\u00e7\u00e3o, o trabalho e a trajet\u00f3ria dos japoneses no Brasil, com o objetivo de deixar um legado para as pr\u00f3ximas gera\u00e7\u00f5es. O festival ser\u00e1 realizado pela ARCA &#8211; Associa\u00e7\u00e3o dos Renais Cr\u00f4nicos de Adamantina, e organizado pela ACREA.<img loading=\"lazy\" decoding=\"async\" class=\"aligncenter size-medium wp-image-94332\" src=\"https:\/\/static.radiolifefm.com.br\/noticias\/wp-content\/uploads\/2024\/10\/WhatsApp-Image-2024-10-18-at-15.14.31-2-300x225.jpeg\" alt=\"\" width=\"300\" height=\"225\" srcset=\"https:\/\/radiolifefm.com.br\/noticias\/wp-content\/uploads\/2024\/10\/WhatsApp-Image-2024-10-18-at-15.14.31-2-300x225.jpeg 300w, https:\/\/radiolifefm.com.br\/noticias\/wp-content\/uploads\/2024\/10\/WhatsApp-Image-2024-10-18-at-15.14.31-2-1024x768.jpeg 1024w, https:\/\/radiolifefm.com.br\/noticias\/wp-content\/uploads\/2024\/10\/WhatsApp-Image-2024-10-18-at-15.14.31-2-768x576.jpeg 768w, https:\/\/radiolifefm.com.br\/noticias\/wp-content\/uploads\/2024\/10\/WhatsApp-Image-2024-10-18-at-15.14.31-2-1536x1152.jpeg 1536w, https:\/\/radiolifefm.com.br\/noticias\/wp-content\/uploads\/2024\/10\/WhatsApp-Image-2024-10-18-at-15.14.31-2.jpeg 1600w\" sizes=\"auto, (max-width: 300px) 100vw, 300px\" \/> A entrada para o evento, que ser\u00e1 realizado no Recinto Poliesportivo Sebasti\u00e3o Pires da Silva, ser\u00e1 mediante a doa\u00e7\u00e3o de 1 kg de alimento n\u00e3o perec\u00edvel, que ser\u00e1 destinado \u00e0 entidade.<img loading=\"lazy\" decoding=\"async\" class=\"aligncenter size-medium wp-image-94334\" src=\"https:\/\/static.radiolifefm.com.br\/noticias\/wp-content\/uploads\/2024\/10\/WhatsApp-Image-2024-10-18-at-15.14.31-300x225.jpeg\" alt=\"\" width=\"300\" height=\"225\" srcset=\"https:\/\/radiolifefm.com.br\/noticias\/wp-content\/uploads\/2024\/10\/WhatsApp-Image-2024-10-18-at-15.14.31-300x225.jpeg 300w, https:\/\/radiolifefm.com.br\/noticias\/wp-content\/uploads\/2024\/10\/WhatsApp-Image-2024-10-18-at-15.14.31-1024x768.jpeg 1024w, https:\/\/radiolifefm.com.br\/noticias\/wp-content\/uploads\/2024\/10\/WhatsApp-Image-2024-10-18-at-15.14.31-768x576.jpeg 768w, https:\/\/radiolifefm.com.br\/noticias\/wp-content\/uploads\/2024\/10\/WhatsApp-Image-2024-10-18-at-15.14.31-1536x1152.jpeg 1536w, https:\/\/radiolifefm.com.br\/noticias\/wp-content\/uploads\/2024\/10\/WhatsApp-Image-2024-10-18-at-15.14.31.jpeg 1600w\" sizes=\"auto, (max-width: 300px) 100vw, 300px\" \/><\/p>\n<p><strong>T\u00f3picos destacados:<\/strong><\/p>\n<ul>\n<li>Pratos que estar\u00e3o dispon\u00edveis na pra\u00e7a de alimenta\u00e7\u00e3o<\/li>\n<li>Import\u00e2ncia do evento para a col\u00f4nia japonesa de Adamantina<\/li>\n<li>Total de barracas no festival<div class='flex flex-wrap items-center -mx-1'>\r\n<a class='thumbnail gallery p-1 w-1\/2 md:w-1\/4' href='https:\/\/radiolifefm.com.br\/noticias\/wp-content\/uploads\/2024\/10\/WhatsApp-Image-2024-10-17-at-12.10.49.jpeg'><img class='border border-white' src='https:\/\/radiolifefm.com.br\/noticias\/wp-content\/uploads\/2024\/10\/WhatsApp-Image-2024-10-17-at-12.10.49-200x200.jpeg' alt='WhatsApp Image 2024 10 17 At 12.10.49' \/><\/a><a class='thumbnail gallery p-1 w-1\/2 md:w-1\/4' href='https:\/\/radiolifefm.com.br\/noticias\/wp-content\/uploads\/2024\/10\/WhatsApp-Image-2024-10-17-at-12.10.50.jpeg'><img class='border border-white' src='https:\/\/radiolifefm.com.br\/noticias\/wp-content\/uploads\/2024\/10\/WhatsApp-Image-2024-10-17-at-12.10.50-200x200.jpeg' alt='WhatsApp Image 2024 10 17 At 12.10.50' \/><\/a><a class='thumbnail gallery p-1 w-1\/2 md:w-1\/4' href='https:\/\/radiolifefm.com.br\/noticias\/wp-content\/uploads\/2024\/10\/WhatsApp-Image-2024-10-18-at-15.14.31-1.jpeg'><img class='border border-white' src='https:\/\/radiolifefm.com.br\/noticias\/wp-content\/uploads\/2024\/10\/WhatsApp-Image-2024-10-18-at-15.14.31-1-200x200.jpeg' alt='WhatsApp Image 2024 10 18 At 15.14.31 (1)' \/><\/a><\/div><\/li>\n<\/ul>\n<p>Para obter mais informa\u00e7\u00f5es, acesse o link abaixo e confira na \u00edntegra!<\/p>\n<p><a href=\"https:\/\/www.youtube.com\/watch?v=BElJhusi_3k\">https:\/\/www.youtube.com\/watch?v=BElJhusi_3k<\/a><\/p>\n","protected":false},"excerpt":{"rendered":"<p>Foi ao ar na noite da \u00faltima quinta-feira, 17 de outubro, na Life FM, mais uma edi\u00e7\u00e3o do programa Agora \u00e9 que S\u00e3o Elas. Apresentado pela jornalista L\u00facia Prado, o programa contou com a participa\u00e7\u00e3o de L\u00facia Hattori Watarai, Noriko Saito e Elizabeth Katayama, todas integrantes da comiss\u00e3o organizadora do 2\u00ba Haru Matsuri, evento que [&hellip;]<\/p>\n","protected":false},"author":8,"featured_media":94336,"comment_status":"closed","ping_status":"open","sticky":false,"template":"","format":"standard","meta":{"_acf_changed":false,"_exactmetrics_skip_tracking":false,"_exactmetrics_sitenote_active":false,"_exactmetrics_sitenote_note":"","_exactmetrics_sitenote_category":0,"footnotes":""},"categories":[70],"tags":[],"class_list":["post-94330","post","type-post","status-publish","format-standard","has-post-thumbnail","hentry","category-agora-e-que-sao-elas"],"acf":[],"yoast_head":"<!-- This site is optimized with the Yoast SEO plugin v27.2 - https:\/\/yoast.com\/product\/yoast-seo-wordpress\/ -->\n<title>Agora \u00e9 que S\u00e3o Elas: 2\u00ba Haru Matsuri deixar\u00e1 legado para as novas gera\u00e7\u00f5es - R\u00e1dio Life FM<\/title>\n<meta name=\"robots\" content=\"index, follow, max-snippet:-1, max-image-preview:large, max-video-preview:-1\" \/>\n<link rel=\"canonical\" href=\"https:\/\/radiolifefm.com.br\/noticias\/agora-e-que-sao-elas-2o-haru-matsuri-deixara-legado-para-as-novas-geracoes\/\" \/>\n<meta property=\"og:locale\" content=\"pt_BR\" \/>\n<meta property=\"og:type\" content=\"article\" \/>\n<meta property=\"og:title\" content=\"Agora \u00e9 que S\u00e3o Elas: 2\u00ba Haru Matsuri deixar\u00e1 legado para as novas gera\u00e7\u00f5es - R\u00e1dio Life FM\" \/>\n<meta property=\"og:description\" content=\"Foi ao ar na noite da \u00faltima quinta-feira, 17 de outubro, na Life FM, mais uma edi\u00e7\u00e3o do programa Agora \u00e9 que S\u00e3o Elas. Apresentado pela jornalista L\u00facia Prado, o programa contou com a participa\u00e7\u00e3o de L\u00facia Hattori Watarai, Noriko Saito e Elizabeth Katayama, todas integrantes da comiss\u00e3o organizadora do 2\u00ba Haru Matsuri, evento que [&hellip;]\" \/>\n<meta property=\"og:url\" content=\"https:\/\/radiolifefm.com.br\/noticias\/agora-e-que-sao-elas-2o-haru-matsuri-deixara-legado-para-as-novas-geracoes\/\" \/>\n<meta property=\"og:site_name\" content=\"R\u00e1dio Life FM\" \/>\n<meta property=\"article:publisher\" content=\"https:\/\/www.facebook.com\/radiolifefm\/\" \/>\n<meta property=\"article:published_time\" content=\"2024-10-18T18:21:04+00:00\" \/>\n<meta property=\"article:modified_time\" content=\"2026-04-06T14:40:19+00:00\" \/>\n<meta property=\"og:image\" content=\"https:\/\/radiolifefm.com.br\/noticias\/wp-content\/uploads\/2024\/10\/WhatsApp-Image-2024-10-18-at-15.14.39-e1729275533393.jpeg\" \/>\n\t<meta property=\"og:image:width\" content=\"1592\" \/>\n\t<meta property=\"og:image:height\" content=\"1040\" \/>\n\t<meta property=\"og:image:type\" content=\"image\/jpeg\" \/>\n<meta name=\"author\" content=\"joaograndao\" \/>\n<meta name=\"twitter:card\" content=\"summary_large_image\" \/>\n<meta name=\"twitter:label1\" content=\"Escrito por\" \/>\n\t<meta name=\"twitter:data1\" content=\"joaograndao\" \/>\n\t<meta name=\"twitter:label2\" content=\"Est. tempo de leitura\" \/>\n\t<meta name=\"twitter:data2\" content=\"2 minutos\" \/>\n<script type=\"application\/ld+json\" class=\"yoast-schema-graph\">{\"@context\":\"https:\/\/schema.org\",\"@graph\":[{\"@type\":\"Article\",\"@id\":\"https:\/\/radiolifefm.com.br\/noticias\/agora-e-que-sao-elas-2o-haru-matsuri-deixara-legado-para-as-novas-geracoes\/#article\",\"isPartOf\":{\"@id\":\"https:\/\/radiolifefm.com.br\/noticias\/agora-e-que-sao-elas-2o-haru-matsuri-deixara-legado-para-as-novas-geracoes\/\"},\"author\":{\"name\":\"joaograndao\",\"@id\":\"https:\/\/radiolifefm.com.br\/noticias\/#\/schema\/person\/6876e1240feffe6e1b63fd5cb85abf28\"},\"headline\":\"Agora \u00e9 que S\u00e3o Elas: 2\u00ba Haru Matsuri deixar\u00e1 legado para as novas gera\u00e7\u00f5es\",\"datePublished\":\"2024-10-18T18:21:04+00:00\",\"dateModified\":\"2026-04-06T14:40:19+00:00\",\"mainEntityOfPage\":{\"@id\":\"https:\/\/radiolifefm.com.br\/noticias\/agora-e-que-sao-elas-2o-haru-matsuri-deixara-legado-para-as-novas-geracoes\/\"},\"wordCount\":219,\"publisher\":{\"@id\":\"https:\/\/radiolifefm.com.br\/noticias\/#organization\"},\"image\":{\"@id\":\"https:\/\/radiolifefm.com.br\/noticias\/agora-e-que-sao-elas-2o-haru-matsuri-deixara-legado-para-as-novas-geracoes\/#primaryimage\"},\"thumbnailUrl\":\"https:\/\/radiolifefm.com.br\/noticias\/wp-content\/uploads\/2024\/10\/WhatsApp-Image-2024-10-18-at-15.14.39-e1729275533393.jpeg\",\"articleSection\":[\"Agora \u00e9 Que S\u00e3o Elas\"],\"inLanguage\":\"pt-BR\"},{\"@type\":\"WebPage\",\"@id\":\"https:\/\/radiolifefm.com.br\/noticias\/agora-e-que-sao-elas-2o-haru-matsuri-deixara-legado-para-as-novas-geracoes\/\",\"url\":\"https:\/\/radiolifefm.com.br\/noticias\/agora-e-que-sao-elas-2o-haru-matsuri-deixara-legado-para-as-novas-geracoes\/\",\"name\":\"Agora \u00e9 que S\u00e3o Elas: 2\u00ba Haru Matsuri deixar\u00e1 legado para as novas gera\u00e7\u00f5es - R\u00e1dio Life FM\",\"isPartOf\":{\"@id\":\"https:\/\/radiolifefm.com.br\/noticias\/#website\"},\"primaryImageOfPage\":{\"@id\":\"https:\/\/radiolifefm.com.br\/noticias\/agora-e-que-sao-elas-2o-haru-matsuri-deixara-legado-para-as-novas-geracoes\/#primaryimage\"},\"image\":{\"@id\":\"https:\/\/radiolifefm.com.br\/noticias\/agora-e-que-sao-elas-2o-haru-matsuri-deixara-legado-para-as-novas-geracoes\/#primaryimage\"},\"thumbnailUrl\":\"https:\/\/radiolifefm.com.br\/noticias\/wp-content\/uploads\/2024\/10\/WhatsApp-Image-2024-10-18-at-15.14.39-e1729275533393.jpeg\",\"datePublished\":\"2024-10-18T18:21:04+00:00\",\"dateModified\":\"2026-04-06T14:40:19+00:00\",\"breadcrumb\":{\"@id\":\"https:\/\/radiolifefm.com.br\/noticias\/agora-e-que-sao-elas-2o-haru-matsuri-deixara-legado-para-as-novas-geracoes\/#breadcrumb\"},\"inLanguage\":\"pt-BR\",\"potentialAction\":[{\"@type\":\"ReadAction\",\"target\":[\"https:\/\/radiolifefm.com.br\/noticias\/agora-e-que-sao-elas-2o-haru-matsuri-deixara-legado-para-as-novas-geracoes\/\"]}]},{\"@type\":\"ImageObject\",\"inLanguage\":\"pt-BR\",\"@id\":\"https:\/\/radiolifefm.com.br\/noticias\/agora-e-que-sao-elas-2o-haru-matsuri-deixara-legado-para-as-novas-geracoes\/#primaryimage\",\"url\":\"https:\/\/radiolifefm.com.br\/noticias\/wp-content\/uploads\/2024\/10\/WhatsApp-Image-2024-10-18-at-15.14.39-e1729275533393.jpeg\",\"contentUrl\":\"https:\/\/radiolifefm.com.br\/noticias\/wp-content\/uploads\/2024\/10\/WhatsApp-Image-2024-10-18-at-15.14.39-e1729275533393.jpeg\",\"width\":1592,\"height\":1040},{\"@type\":\"BreadcrumbList\",\"@id\":\"https:\/\/radiolifefm.com.br\/noticias\/agora-e-que-sao-elas-2o-haru-matsuri-deixara-legado-para-as-novas-geracoes\/#breadcrumb\",\"itemListElement\":[{\"@type\":\"ListItem\",\"position\":1,\"name\":\"In\u00edcio\",\"item\":\"https:\/\/radiolifefm.com.br\/noticias\/\"},{\"@type\":\"ListItem\",\"position\":2,\"name\":\"Agora \u00e9 que S\u00e3o Elas: 2\u00ba Haru Matsuri deixar\u00e1 legado para as novas gera\u00e7\u00f5es\"}]},{\"@type\":\"WebSite\",\"@id\":\"https:\/\/radiolifefm.com.br\/noticias\/#website\",\"url\":\"https:\/\/radiolifefm.com.br\/noticias\/\",\"name\":\"R\u00e1dio Life FM\",\"description\":\"O Portal de Not\u00edcias de Adamantina\",\"publisher\":{\"@id\":\"https:\/\/radiolifefm.com.br\/noticias\/#organization\"},\"alternateName\":\"Life FM\",\"potentialAction\":[{\"@type\":\"SearchAction\",\"target\":{\"@type\":\"EntryPoint\",\"urlTemplate\":\"https:\/\/radiolifefm.com.br\/noticias\/?s={search_term_string}\"},\"query-input\":{\"@type\":\"PropertyValueSpecification\",\"valueRequired\":true,\"valueName\":\"search_term_string\"}}],\"inLanguage\":\"pt-BR\"},{\"@type\":\"Organization\",\"@id\":\"https:\/\/radiolifefm.com.br\/noticias\/#organization\",\"name\":\"R\u00e1dio Life FM\",\"alternateName\":\"Life FM\",\"url\":\"https:\/\/radiolifefm.com.br\/noticias\/\",\"logo\":{\"@type\":\"ImageObject\",\"inLanguage\":\"pt-BR\",\"@id\":\"https:\/\/radiolifefm.com.br\/noticias\/#\/schema\/logo\/image\/\",\"url\":\"https:\/\/static.radiolifefm.com.br\/noticias\/wp-content\/uploads\/2019\/10\/logo-lifefm.png\",\"contentUrl\":\"https:\/\/static.radiolifefm.com.br\/noticias\/wp-content\/uploads\/2019\/10\/logo-lifefm.png\",\"width\":196,\"height\":47,\"caption\":\"R\u00e1dio Life FM\"},\"image\":{\"@id\":\"https:\/\/radiolifefm.com.br\/noticias\/#\/schema\/logo\/image\/\"},\"sameAs\":[\"https:\/\/www.facebook.com\/radiolifefm\/\",\"https:\/\/www.instagram.com\/life1079fm\/\"]},{\"@type\":\"Person\",\"@id\":\"https:\/\/radiolifefm.com.br\/noticias\/#\/schema\/person\/6876e1240feffe6e1b63fd5cb85abf28\",\"name\":\"joaograndao\",\"image\":{\"@type\":\"ImageObject\",\"inLanguage\":\"pt-BR\",\"@id\":\"https:\/\/secure.gravatar.com\/avatar\/d5b1a3cf357ed9c50404e256a1294083aa8ab5d2a994001567302786016cb32c?s=96&d=mm&r=g\",\"url\":\"https:\/\/secure.gravatar.com\/avatar\/d5b1a3cf357ed9c50404e256a1294083aa8ab5d2a994001567302786016cb32c?s=96&d=mm&r=g\",\"contentUrl\":\"https:\/\/secure.gravatar.com\/avatar\/d5b1a3cf357ed9c50404e256a1294083aa8ab5d2a994001567302786016cb32c?s=96&d=mm&r=g\",\"caption\":\"joaograndao\"}}]}<\/script>\n<!-- \/ Yoast SEO plugin. -->","yoast_head_json":{"title":"Agora \u00e9 que S\u00e3o Elas: 2\u00ba Haru Matsuri deixar\u00e1 legado para as novas gera\u00e7\u00f5es - R\u00e1dio Life FM","robots":{"index":"index","follow":"follow","max-snippet":"max-snippet:-1","max-image-preview":"max-image-preview:large","max-video-preview":"max-video-preview:-1"},"canonical":"https:\/\/radiolifefm.com.br\/noticias\/agora-e-que-sao-elas-2o-haru-matsuri-deixara-legado-para-as-novas-geracoes\/","og_locale":"pt_BR","og_type":"article","og_title":"Agora \u00e9 que S\u00e3o Elas: 2\u00ba Haru Matsuri deixar\u00e1 legado para as novas gera\u00e7\u00f5es - R\u00e1dio Life FM","og_description":"Foi ao ar na noite da \u00faltima quinta-feira, 17 de outubro, na Life FM, mais uma edi\u00e7\u00e3o do programa Agora \u00e9 que S\u00e3o Elas. Apresentado pela jornalista L\u00facia Prado, o programa contou com a participa\u00e7\u00e3o de L\u00facia Hattori Watarai, Noriko Saito e Elizabeth Katayama, todas integrantes da comiss\u00e3o organizadora do 2\u00ba Haru Matsuri, evento que [&hellip;]","og_url":"https:\/\/radiolifefm.com.br\/noticias\/agora-e-que-sao-elas-2o-haru-matsuri-deixara-legado-para-as-novas-geracoes\/","og_site_name":"R\u00e1dio Life FM","article_publisher":"https:\/\/www.facebook.com\/radiolifefm\/","article_published_time":"2024-10-18T18:21:04+00:00","article_modified_time":"2026-04-06T14:40:19+00:00","og_image":[{"width":1592,"height":1040,"url":"https:\/\/radiolifefm.com.br\/noticias\/wp-content\/uploads\/2024\/10\/WhatsApp-Image-2024-10-18-at-15.14.39-e1729275533393.jpeg","type":"image\/jpeg"}],"author":"joaograndao","twitter_card":"summary_large_image","twitter_misc":{"Escrito por":"joaograndao","Est. tempo de leitura":"2 minutos"},"schema":{"@context":"https:\/\/schema.org","@graph":[{"@type":"Article","@id":"https:\/\/radiolifefm.com.br\/noticias\/agora-e-que-sao-elas-2o-haru-matsuri-deixara-legado-para-as-novas-geracoes\/#article","isPartOf":{"@id":"https:\/\/radiolifefm.com.br\/noticias\/agora-e-que-sao-elas-2o-haru-matsuri-deixara-legado-para-as-novas-geracoes\/"},"author":{"name":"joaograndao","@id":"https:\/\/radiolifefm.com.br\/noticias\/#\/schema\/person\/6876e1240feffe6e1b63fd5cb85abf28"},"headline":"Agora \u00e9 que S\u00e3o Elas: 2\u00ba Haru Matsuri deixar\u00e1 legado para as novas gera\u00e7\u00f5es","datePublished":"2024-10-18T18:21:04+00:00","dateModified":"2026-04-06T14:40:19+00:00","mainEntityOfPage":{"@id":"https:\/\/radiolifefm.com.br\/noticias\/agora-e-que-sao-elas-2o-haru-matsuri-deixara-legado-para-as-novas-geracoes\/"},"wordCount":219,"publisher":{"@id":"https:\/\/radiolifefm.com.br\/noticias\/#organization"},"image":{"@id":"https:\/\/radiolifefm.com.br\/noticias\/agora-e-que-sao-elas-2o-haru-matsuri-deixara-legado-para-as-novas-geracoes\/#primaryimage"},"thumbnailUrl":"https:\/\/radiolifefm.com.br\/noticias\/wp-content\/uploads\/2024\/10\/WhatsApp-Image-2024-10-18-at-15.14.39-e1729275533393.jpeg","articleSection":["Agora \u00e9 Que S\u00e3o Elas"],"inLanguage":"pt-BR"},{"@type":"WebPage","@id":"https:\/\/radiolifefm.com.br\/noticias\/agora-e-que-sao-elas-2o-haru-matsuri-deixara-legado-para-as-novas-geracoes\/","url":"https:\/\/radiolifefm.com.br\/noticias\/agora-e-que-sao-elas-2o-haru-matsuri-deixara-legado-para-as-novas-geracoes\/","name":"Agora \u00e9 que S\u00e3o Elas: 2\u00ba Haru Matsuri deixar\u00e1 legado para as novas gera\u00e7\u00f5es - R\u00e1dio Life FM","isPartOf":{"@id":"https:\/\/radiolifefm.com.br\/noticias\/#website"},"primaryImageOfPage":{"@id":"https:\/\/radiolifefm.com.br\/noticias\/agora-e-que-sao-elas-2o-haru-matsuri-deixara-legado-para-as-novas-geracoes\/#primaryimage"},"image":{"@id":"https:\/\/radiolifefm.com.br\/noticias\/agora-e-que-sao-elas-2o-haru-matsuri-deixara-legado-para-as-novas-geracoes\/#primaryimage"},"thumbnailUrl":"https:\/\/radiolifefm.com.br\/noticias\/wp-content\/uploads\/2024\/10\/WhatsApp-Image-2024-10-18-at-15.14.39-e1729275533393.jpeg","datePublished":"2024-10-18T18:21:04+00:00","dateModified":"2026-04-06T14:40:19+00:00","breadcrumb":{"@id":"https:\/\/radiolifefm.com.br\/noticias\/agora-e-que-sao-elas-2o-haru-matsuri-deixara-legado-para-as-novas-geracoes\/#breadcrumb"},"inLanguage":"pt-BR","potentialAction":[{"@type":"ReadAction","target":["https:\/\/radiolifefm.com.br\/noticias\/agora-e-que-sao-elas-2o-haru-matsuri-deixara-legado-para-as-novas-geracoes\/"]}]},{"@type":"ImageObject","inLanguage":"pt-BR","@id":"https:\/\/radiolifefm.com.br\/noticias\/agora-e-que-sao-elas-2o-haru-matsuri-deixara-legado-para-as-novas-geracoes\/#primaryimage","url":"https:\/\/radiolifefm.com.br\/noticias\/wp-content\/uploads\/2024\/10\/WhatsApp-Image-2024-10-18-at-15.14.39-e1729275533393.jpeg","contentUrl":"https:\/\/radiolifefm.com.br\/noticias\/wp-content\/uploads\/2024\/10\/WhatsApp-Image-2024-10-18-at-15.14.39-e1729275533393.jpeg","width":1592,"height":1040},{"@type":"BreadcrumbList","@id":"https:\/\/radiolifefm.com.br\/noticias\/agora-e-que-sao-elas-2o-haru-matsuri-deixara-legado-para-as-novas-geracoes\/#breadcrumb","itemListElement":[{"@type":"ListItem","position":1,"name":"In\u00edcio","item":"https:\/\/radiolifefm.com.br\/noticias\/"},{"@type":"ListItem","position":2,"name":"Agora \u00e9 que S\u00e3o Elas: 2\u00ba Haru Matsuri deixar\u00e1 legado para as novas gera\u00e7\u00f5es"}]},{"@type":"WebSite","@id":"https:\/\/radiolifefm.com.br\/noticias\/#website","url":"https:\/\/radiolifefm.com.br\/noticias\/","name":"R\u00e1dio Life FM","description":"O Portal de Not\u00edcias de Adamantina","publisher":{"@id":"https:\/\/radiolifefm.com.br\/noticias\/#organization"},"alternateName":"Life FM","potentialAction":[{"@type":"SearchAction","target":{"@type":"EntryPoint","urlTemplate":"https:\/\/radiolifefm.com.br\/noticias\/?s={search_term_string}"},"query-input":{"@type":"PropertyValueSpecification","valueRequired":true,"valueName":"search_term_string"}}],"inLanguage":"pt-BR"},{"@type":"Organization","@id":"https:\/\/radiolifefm.com.br\/noticias\/#organization","name":"R\u00e1dio Life FM","alternateName":"Life FM","url":"https:\/\/radiolifefm.com.br\/noticias\/","logo":{"@type":"ImageObject","inLanguage":"pt-BR","@id":"https:\/\/radiolifefm.com.br\/noticias\/#\/schema\/logo\/image\/","url":"https:\/\/static.radiolifefm.com.br\/noticias\/wp-content\/uploads\/2019\/10\/logo-lifefm.png","contentUrl":"https:\/\/static.radiolifefm.com.br\/noticias\/wp-content\/uploads\/2019\/10\/logo-lifefm.png","width":196,"height":47,"caption":"R\u00e1dio Life FM"},"image":{"@id":"https:\/\/radiolifefm.com.br\/noticias\/#\/schema\/logo\/image\/"},"sameAs":["https:\/\/www.facebook.com\/radiolifefm\/","https:\/\/www.instagram.com\/life1079fm\/"]},{"@type":"Person","@id":"https:\/\/radiolifefm.com.br\/noticias\/#\/schema\/person\/6876e1240feffe6e1b63fd5cb85abf28","name":"joaograndao","image":{"@type":"ImageObject","inLanguage":"pt-BR","@id":"https:\/\/secure.gravatar.com\/avatar\/d5b1a3cf357ed9c50404e256a1294083aa8ab5d2a994001567302786016cb32c?s=96&d=mm&r=g","url":"https:\/\/secure.gravatar.com\/avatar\/d5b1a3cf357ed9c50404e256a1294083aa8ab5d2a994001567302786016cb32c?s=96&d=mm&r=g","contentUrl":"https:\/\/secure.gravatar.com\/avatar\/d5b1a3cf357ed9c50404e256a1294083aa8ab5d2a994001567302786016cb32c?s=96&d=mm&r=g","caption":"joaograndao"}}]}},"amp_enabled":true,"_links":{"self":[{"href":"https:\/\/radiolifefm.com.br\/noticias\/wp-json\/wp\/v2\/posts\/94330","targetHints":{"allow":["GET"]}}],"collection":[{"href":"https:\/\/radiolifefm.com.br\/noticias\/wp-json\/wp\/v2\/posts"}],"about":[{"href":"https:\/\/radiolifefm.com.br\/noticias\/wp-json\/wp\/v2\/types\/post"}],"author":[{"embeddable":true,"href":"https:\/\/radiolifefm.com.br\/noticias\/wp-json\/wp\/v2\/users\/8"}],"replies":[{"embeddable":true,"href":"https:\/\/radiolifefm.com.br\/noticias\/wp-json\/wp\/v2\/comments?post=94330"}],"version-history":[{"count":1,"href":"https:\/\/radiolifefm.com.br\/noticias\/wp-json\/wp\/v2\/posts\/94330\/revisions"}],"predecessor-version":[{"id":94337,"href":"https:\/\/radiolifefm.com.br\/noticias\/wp-json\/wp\/v2\/posts\/94330\/revisions\/94337"}],"wp:featuredmedia":[{"embeddable":true,"href":"https:\/\/radiolifefm.com.br\/noticias\/wp-json\/wp\/v2\/media\/94336"}],"wp:attachment":[{"href":"https:\/\/radiolifefm.com.br\/noticias\/wp-json\/wp\/v2\/media?parent=94330"}],"wp:term":[{"taxonomy":"category","embeddable":true,"href":"https:\/\/radiolifefm.com.br\/noticias\/wp-json\/wp\/v2\/categories?post=94330"},{"taxonomy":"post_tag","embeddable":true,"href":"https:\/\/radiolifefm.com.br\/noticias\/wp-json\/wp\/v2\/tags?post=94330"}],"curies":[{"name":"wp","href":"https:\/\/api.w.org\/{rel}","templated":true}]}}