{"id":94308,"date":"2024-10-18T09:15:59","date_gmt":"2024-10-18T12:15:59","guid":{"rendered":"https:\/\/radiolifefm.com.br\/noticias\/?p=94308"},"modified":"2026-04-10T16:06:21","modified_gmt":"2026-04-10T19:06:21","slug":"fazer-a-vontade-de-deus-e-ser-realizado","status":"publish","type":"post","link":"https:\/\/radiolifefm.com.br\/noticias\/fazer-a-vontade-de-deus-e-ser-realizado\/","title":{"rendered":"Fazer a vontade de Deus e ser realizado"},"content":{"rendered":"<div id=\"fb-root\"><\/div>\n<p>Hoje eu queria falar sobre realizar o meu ser, pessoa e fazer a vontade de Deus. Vejam que por muito tempo, pela prega\u00e7\u00e3o da igreja, pela teologia que n\u00f3s t\u00ednhamos, n\u00f3s compreend\u00edamos que para fazer a vontade de Deus era algo dif\u00edcil, tinha que fazer muito sacrif\u00edcio. N\u00e3o pod\u00edamos nos envolver com as coisas do mundo, porque as coisas do mundo estavam relacionadas com o pecado, mas hoje, com a evolu\u00e7\u00e3o das coisas, da teologia, da compreens\u00e3o humana, a gente percebe que \u00e9 exatamente o contr\u00e1rio. Porque Deus \u00e9 amor, Ele s\u00f3 sabe, s\u00f3 quer e s\u00f3 pode amar, e est\u00e1 nos sustentando o tempo todo no amor. Quando n\u00f3s fazemos a vontade de Deus, que \u00e9 viver a vida de forma consciente, ou seja, cada um precisa fazer esse caminho de consci\u00eancia. Bom, isso \u00e9 bom para mim, isso n\u00e3o \u00e9. Isso eu fa\u00e7o agora, isso eu fa\u00e7o agora \u00e9 um desejo, mas a longo prazo pode me trazer consequ\u00eancias negativas. Tudo isso \u00e9 consci\u00eancia, ent\u00e3o a pessoa precisa tornar-se mais madura na consci\u00eancia. E na medida que ela se torna madura na consci\u00eancia, que ela vive a vida de forma decente, de forma amorosa, de forma a n\u00e3o prejudicar ningu\u00e9m, de forma a respeitar os outros, a respeitar a vida, de forma a n\u00e3o querer passar a perna em ningu\u00e9m. Ent\u00e3o, a vontade de Deus \u00e9 isso, \u00e9 viver bem, \u00e9 viver com qualidade, \u00e9 viver de forma \u00e9tica e justa. Por isso, vivendo assim, isso realiza o meu ser, realiza aquilo que eu sou, porque n\u00f3s poder\u00edamos perguntar. Eu sou convidado a ser o que nesse mundo? Os fil\u00f3sofos diziam, torna-te o que \u00e9, ou seja, busca a tua ess\u00eancia. E a ess\u00eancia est\u00e1 na verdade. Est\u00e1 intimamente ligada a Deus, porque Deus \u00e9 a origem de tudo. Por isso, viva bem, vivamos bem, fa\u00e7amos o melhor e sejamos felizes, que \u00e9 isso que Deus quer. Rezemos, Deus Pai de Amor, Fonte da Ben\u00e7\u00e3o, Fonte da Gra\u00e7a, n\u00f3s queremos viver a vida de forma \u00e9tica, de forma justa, fazendo o melhor de cada dia e expressando o nosso amor, a nossa fraternidade, o nosso respeito, o nosso senso de justi\u00e7a em tudo aquilo que fazemos. Para fazer bem as coisas, n\u00e3o prejudicar ningu\u00e9m e construir o mundo que todos desejam. Sobre todos, Deus aben\u00e7oe o nome do Pai, do Filho do Esp\u00edrito Santo. Am\u00e9m.<\/p>\n<p>&nbsp;<\/p>\n<p><strong><em>Padre Ezequiel Dal Pozzo<\/em><\/strong><\/p>\n","protected":false},"excerpt":{"rendered":"<p>Hoje eu queria falar sobre realizar o meu ser, pessoa e fazer a vontade de Deus. Vejam que por muito tempo, pela prega\u00e7\u00e3o da igreja, pela teologia que n\u00f3s t\u00ednhamos, n\u00f3s compreend\u00edamos que para fazer a vontade de Deus era algo dif\u00edcil, tinha que fazer muito sacrif\u00edcio. N\u00e3o pod\u00edamos nos envolver com as coisas do [&hellip;]<\/p>\n","protected":false},"author":13,"featured_media":22633,"comment_status":"closed","ping_status":"open","sticky":false,"template":"","format":"standard","meta":{"_acf_changed":false,"_exactmetrics_skip_tracking":false,"_exactmetrics_sitenote_active":false,"_exactmetrics_sitenote_note":"","_exactmetrics_sitenote_category":0,"footnotes":""},"categories":[57],"tags":[],"class_list":["post-94308","post","type-post","status-publish","format-standard","has-post-thumbnail","hentry","category-fe"],"acf":[],"yoast_head":"<!-- This site is optimized with the Yoast SEO plugin v27.2 - https:\/\/yoast.com\/product\/yoast-seo-wordpress\/ -->\n<title>Fazer a vontade de Deus e ser realizado - R\u00e1dio Life FM<\/title>\n<meta name=\"robots\" content=\"index, follow, max-snippet:-1, max-image-preview:large, max-video-preview:-1\" \/>\n<link rel=\"canonical\" href=\"https:\/\/radiolifefm.com.br\/noticias\/fazer-a-vontade-de-deus-e-ser-realizado\/\" \/>\n<meta property=\"og:locale\" content=\"pt_BR\" \/>\n<meta property=\"og:type\" content=\"article\" \/>\n<meta property=\"og:title\" content=\"Fazer a vontade de Deus e ser realizado - R\u00e1dio Life FM\" \/>\n<meta property=\"og:description\" content=\"Hoje eu queria falar sobre realizar o meu ser, pessoa e fazer a vontade de Deus. Vejam que por muito tempo, pela prega\u00e7\u00e3o da igreja, pela teologia que n\u00f3s t\u00ednhamos, n\u00f3s compreend\u00edamos que para fazer a vontade de Deus era algo dif\u00edcil, tinha que fazer muito sacrif\u00edcio. N\u00e3o pod\u00edamos nos envolver com as coisas do [&hellip;]\" \/>\n<meta property=\"og:url\" content=\"https:\/\/radiolifefm.com.br\/noticias\/fazer-a-vontade-de-deus-e-ser-realizado\/\" \/>\n<meta property=\"og:site_name\" content=\"R\u00e1dio Life FM\" \/>\n<meta property=\"article:publisher\" content=\"https:\/\/www.facebook.com\/radiolifefm\/\" \/>\n<meta property=\"article:published_time\" content=\"2024-10-18T12:15:59+00:00\" \/>\n<meta property=\"article:modified_time\" content=\"2026-04-10T19:06:21+00:00\" \/>\n<meta property=\"og:image\" content=\"https:\/\/radiolifefm.com.br\/noticias\/wp-content\/uploads\/2020\/04\/Banner-Padre-Ezequiel.jpg\" \/>\n\t<meta property=\"og:image:width\" content=\"512\" \/>\n\t<meta property=\"og:image:height\" content=\"451\" \/>\n\t<meta property=\"og:image:type\" content=\"image\/jpeg\" \/>\n<meta name=\"author\" content=\"ritanery\" \/>\n<meta name=\"twitter:card\" content=\"summary_large_image\" \/>\n<meta name=\"twitter:label1\" content=\"Escrito por\" \/>\n\t<meta name=\"twitter:data1\" content=\"ritanery\" \/>\n\t<meta name=\"twitter:label2\" content=\"Est. tempo de leitura\" \/>\n\t<meta name=\"twitter:data2\" content=\"3 minutos\" \/>\n<script type=\"application\/ld+json\" class=\"yoast-schema-graph\">{\"@context\":\"https:\/\/schema.org\",\"@graph\":[{\"@type\":\"Article\",\"@id\":\"https:\/\/radiolifefm.com.br\/noticias\/fazer-a-vontade-de-deus-e-ser-realizado\/#article\",\"isPartOf\":{\"@id\":\"https:\/\/radiolifefm.com.br\/noticias\/fazer-a-vontade-de-deus-e-ser-realizado\/\"},\"author\":{\"name\":\"ritanery\",\"@id\":\"https:\/\/radiolifefm.com.br\/noticias\/#\/schema\/person\/6339b9fac59d12b071dec680d7375d87\"},\"headline\":\"Fazer a vontade de Deus e ser realizado\",\"datePublished\":\"2024-10-18T12:15:59+00:00\",\"dateModified\":\"2026-04-10T19:06:21+00:00\",\"mainEntityOfPage\":{\"@id\":\"https:\/\/radiolifefm.com.br\/noticias\/fazer-a-vontade-de-deus-e-ser-realizado\/\"},\"wordCount\":438,\"publisher\":{\"@id\":\"https:\/\/radiolifefm.com.br\/noticias\/#organization\"},\"image\":{\"@id\":\"https:\/\/radiolifefm.com.br\/noticias\/fazer-a-vontade-de-deus-e-ser-realizado\/#primaryimage\"},\"thumbnailUrl\":\"https:\/\/radiolifefm.com.br\/noticias\/wp-content\/uploads\/2020\/04\/Banner-Padre-Ezequiel.jpg\",\"articleSection\":[\"F\u00e9\"],\"inLanguage\":\"pt-BR\"},{\"@type\":\"WebPage\",\"@id\":\"https:\/\/radiolifefm.com.br\/noticias\/fazer-a-vontade-de-deus-e-ser-realizado\/\",\"url\":\"https:\/\/radiolifefm.com.br\/noticias\/fazer-a-vontade-de-deus-e-ser-realizado\/\",\"name\":\"Fazer a vontade de Deus e ser realizado - R\u00e1dio Life FM\",\"isPartOf\":{\"@id\":\"https:\/\/radiolifefm.com.br\/noticias\/#website\"},\"primaryImageOfPage\":{\"@id\":\"https:\/\/radiolifefm.com.br\/noticias\/fazer-a-vontade-de-deus-e-ser-realizado\/#primaryimage\"},\"image\":{\"@id\":\"https:\/\/radiolifefm.com.br\/noticias\/fazer-a-vontade-de-deus-e-ser-realizado\/#primaryimage\"},\"thumbnailUrl\":\"https:\/\/radiolifefm.com.br\/noticias\/wp-content\/uploads\/2020\/04\/Banner-Padre-Ezequiel.jpg\",\"datePublished\":\"2024-10-18T12:15:59+00:00\",\"dateModified\":\"2026-04-10T19:06:21+00:00\",\"breadcrumb\":{\"@id\":\"https:\/\/radiolifefm.com.br\/noticias\/fazer-a-vontade-de-deus-e-ser-realizado\/#breadcrumb\"},\"inLanguage\":\"pt-BR\",\"potentialAction\":[{\"@type\":\"ReadAction\",\"target\":[\"https:\/\/radiolifefm.com.br\/noticias\/fazer-a-vontade-de-deus-e-ser-realizado\/\"]}]},{\"@type\":\"ImageObject\",\"inLanguage\":\"pt-BR\",\"@id\":\"https:\/\/radiolifefm.com.br\/noticias\/fazer-a-vontade-de-deus-e-ser-realizado\/#primaryimage\",\"url\":\"https:\/\/radiolifefm.com.br\/noticias\/wp-content\/uploads\/2020\/04\/Banner-Padre-Ezequiel.jpg\",\"contentUrl\":\"https:\/\/radiolifefm.com.br\/noticias\/wp-content\/uploads\/2020\/04\/Banner-Padre-Ezequiel.jpg\",\"width\":512,\"height\":451},{\"@type\":\"BreadcrumbList\",\"@id\":\"https:\/\/radiolifefm.com.br\/noticias\/fazer-a-vontade-de-deus-e-ser-realizado\/#breadcrumb\",\"itemListElement\":[{\"@type\":\"ListItem\",\"position\":1,\"name\":\"In\u00edcio\",\"item\":\"https:\/\/radiolifefm.com.br\/noticias\/\"},{\"@type\":\"ListItem\",\"position\":2,\"name\":\"Fazer a vontade de Deus e ser realizado\"}]},{\"@type\":\"WebSite\",\"@id\":\"https:\/\/radiolifefm.com.br\/noticias\/#website\",\"url\":\"https:\/\/radiolifefm.com.br\/noticias\/\",\"name\":\"R\u00e1dio Life FM\",\"description\":\"O Portal de Not\u00edcias de Adamantina\",\"publisher\":{\"@id\":\"https:\/\/radiolifefm.com.br\/noticias\/#organization\"},\"alternateName\":\"Life FM\",\"potentialAction\":[{\"@type\":\"SearchAction\",\"target\":{\"@type\":\"EntryPoint\",\"urlTemplate\":\"https:\/\/radiolifefm.com.br\/noticias\/?s={search_term_string}\"},\"query-input\":{\"@type\":\"PropertyValueSpecification\",\"valueRequired\":true,\"valueName\":\"search_term_string\"}}],\"inLanguage\":\"pt-BR\"},{\"@type\":\"Organization\",\"@id\":\"https:\/\/radiolifefm.com.br\/noticias\/#organization\",\"name\":\"R\u00e1dio Life FM\",\"alternateName\":\"Life FM\",\"url\":\"https:\/\/radiolifefm.com.br\/noticias\/\",\"logo\":{\"@type\":\"ImageObject\",\"inLanguage\":\"pt-BR\",\"@id\":\"https:\/\/radiolifefm.com.br\/noticias\/#\/schema\/logo\/image\/\",\"url\":\"https:\/\/static.radiolifefm.com.br\/noticias\/wp-content\/uploads\/2019\/10\/logo-lifefm.png\",\"contentUrl\":\"https:\/\/static.radiolifefm.com.br\/noticias\/wp-content\/uploads\/2019\/10\/logo-lifefm.png\",\"width\":196,\"height\":47,\"caption\":\"R\u00e1dio Life FM\"},\"image\":{\"@id\":\"https:\/\/radiolifefm.com.br\/noticias\/#\/schema\/logo\/image\/\"},\"sameAs\":[\"https:\/\/www.facebook.com\/radiolifefm\/\",\"https:\/\/www.instagram.com\/life1079fm\/\"]},{\"@type\":\"Person\",\"@id\":\"https:\/\/radiolifefm.com.br\/noticias\/#\/schema\/person\/6339b9fac59d12b071dec680d7375d87\",\"name\":\"ritanery\",\"image\":{\"@type\":\"ImageObject\",\"inLanguage\":\"pt-BR\",\"@id\":\"https:\/\/secure.gravatar.com\/avatar\/0e37bb19071f47c0b8a23f62a903df117c5a0e75f65a0c2901562f97cd41cf86?s=96&d=mm&r=g\",\"url\":\"https:\/\/secure.gravatar.com\/avatar\/0e37bb19071f47c0b8a23f62a903df117c5a0e75f65a0c2901562f97cd41cf86?s=96&d=mm&r=g\",\"contentUrl\":\"https:\/\/secure.gravatar.com\/avatar\/0e37bb19071f47c0b8a23f62a903df117c5a0e75f65a0c2901562f97cd41cf86?s=96&d=mm&r=g\",\"caption\":\"ritanery\"}}]}<\/script>\n<!-- \/ Yoast SEO plugin. -->","yoast_head_json":{"title":"Fazer a vontade de Deus e ser realizado - R\u00e1dio Life FM","robots":{"index":"index","follow":"follow","max-snippet":"max-snippet:-1","max-image-preview":"max-image-preview:large","max-video-preview":"max-video-preview:-1"},"canonical":"https:\/\/radiolifefm.com.br\/noticias\/fazer-a-vontade-de-deus-e-ser-realizado\/","og_locale":"pt_BR","og_type":"article","og_title":"Fazer a vontade de Deus e ser realizado - R\u00e1dio Life FM","og_description":"Hoje eu queria falar sobre realizar o meu ser, pessoa e fazer a vontade de Deus. Vejam que por muito tempo, pela prega\u00e7\u00e3o da igreja, pela teologia que n\u00f3s t\u00ednhamos, n\u00f3s compreend\u00edamos que para fazer a vontade de Deus era algo dif\u00edcil, tinha que fazer muito sacrif\u00edcio. N\u00e3o pod\u00edamos nos envolver com as coisas do [&hellip;]","og_url":"https:\/\/radiolifefm.com.br\/noticias\/fazer-a-vontade-de-deus-e-ser-realizado\/","og_site_name":"R\u00e1dio Life FM","article_publisher":"https:\/\/www.facebook.com\/radiolifefm\/","article_published_time":"2024-10-18T12:15:59+00:00","article_modified_time":"2026-04-10T19:06:21+00:00","og_image":[{"width":512,"height":451,"url":"https:\/\/radiolifefm.com.br\/noticias\/wp-content\/uploads\/2020\/04\/Banner-Padre-Ezequiel.jpg","type":"image\/jpeg"}],"author":"ritanery","twitter_card":"summary_large_image","twitter_misc":{"Escrito por":"ritanery","Est. tempo de leitura":"3 minutos"},"schema":{"@context":"https:\/\/schema.org","@graph":[{"@type":"Article","@id":"https:\/\/radiolifefm.com.br\/noticias\/fazer-a-vontade-de-deus-e-ser-realizado\/#article","isPartOf":{"@id":"https:\/\/radiolifefm.com.br\/noticias\/fazer-a-vontade-de-deus-e-ser-realizado\/"},"author":{"name":"ritanery","@id":"https:\/\/radiolifefm.com.br\/noticias\/#\/schema\/person\/6339b9fac59d12b071dec680d7375d87"},"headline":"Fazer a vontade de Deus e ser realizado","datePublished":"2024-10-18T12:15:59+00:00","dateModified":"2026-04-10T19:06:21+00:00","mainEntityOfPage":{"@id":"https:\/\/radiolifefm.com.br\/noticias\/fazer-a-vontade-de-deus-e-ser-realizado\/"},"wordCount":438,"publisher":{"@id":"https:\/\/radiolifefm.com.br\/noticias\/#organization"},"image":{"@id":"https:\/\/radiolifefm.com.br\/noticias\/fazer-a-vontade-de-deus-e-ser-realizado\/#primaryimage"},"thumbnailUrl":"https:\/\/radiolifefm.com.br\/noticias\/wp-content\/uploads\/2020\/04\/Banner-Padre-Ezequiel.jpg","articleSection":["F\u00e9"],"inLanguage":"pt-BR"},{"@type":"WebPage","@id":"https:\/\/radiolifefm.com.br\/noticias\/fazer-a-vontade-de-deus-e-ser-realizado\/","url":"https:\/\/radiolifefm.com.br\/noticias\/fazer-a-vontade-de-deus-e-ser-realizado\/","name":"Fazer a vontade de Deus e ser realizado - R\u00e1dio Life FM","isPartOf":{"@id":"https:\/\/radiolifefm.com.br\/noticias\/#website"},"primaryImageOfPage":{"@id":"https:\/\/radiolifefm.com.br\/noticias\/fazer-a-vontade-de-deus-e-ser-realizado\/#primaryimage"},"image":{"@id":"https:\/\/radiolifefm.com.br\/noticias\/fazer-a-vontade-de-deus-e-ser-realizado\/#primaryimage"},"thumbnailUrl":"https:\/\/radiolifefm.com.br\/noticias\/wp-content\/uploads\/2020\/04\/Banner-Padre-Ezequiel.jpg","datePublished":"2024-10-18T12:15:59+00:00","dateModified":"2026-04-10T19:06:21+00:00","breadcrumb":{"@id":"https:\/\/radiolifefm.com.br\/noticias\/fazer-a-vontade-de-deus-e-ser-realizado\/#breadcrumb"},"inLanguage":"pt-BR","potentialAction":[{"@type":"ReadAction","target":["https:\/\/radiolifefm.com.br\/noticias\/fazer-a-vontade-de-deus-e-ser-realizado\/"]}]},{"@type":"ImageObject","inLanguage":"pt-BR","@id":"https:\/\/radiolifefm.com.br\/noticias\/fazer-a-vontade-de-deus-e-ser-realizado\/#primaryimage","url":"https:\/\/radiolifefm.com.br\/noticias\/wp-content\/uploads\/2020\/04\/Banner-Padre-Ezequiel.jpg","contentUrl":"https:\/\/radiolifefm.com.br\/noticias\/wp-content\/uploads\/2020\/04\/Banner-Padre-Ezequiel.jpg","width":512,"height":451},{"@type":"BreadcrumbList","@id":"https:\/\/radiolifefm.com.br\/noticias\/fazer-a-vontade-de-deus-e-ser-realizado\/#breadcrumb","itemListElement":[{"@type":"ListItem","position":1,"name":"In\u00edcio","item":"https:\/\/radiolifefm.com.br\/noticias\/"},{"@type":"ListItem","position":2,"name":"Fazer a vontade de Deus e ser realizado"}]},{"@type":"WebSite","@id":"https:\/\/radiolifefm.com.br\/noticias\/#website","url":"https:\/\/radiolifefm.com.br\/noticias\/","name":"R\u00e1dio Life FM","description":"O Portal de Not\u00edcias de Adamantina","publisher":{"@id":"https:\/\/radiolifefm.com.br\/noticias\/#organization"},"alternateName":"Life FM","potentialAction":[{"@type":"SearchAction","target":{"@type":"EntryPoint","urlTemplate":"https:\/\/radiolifefm.com.br\/noticias\/?s={search_term_string}"},"query-input":{"@type":"PropertyValueSpecification","valueRequired":true,"valueName":"search_term_string"}}],"inLanguage":"pt-BR"},{"@type":"Organization","@id":"https:\/\/radiolifefm.com.br\/noticias\/#organization","name":"R\u00e1dio Life FM","alternateName":"Life FM","url":"https:\/\/radiolifefm.com.br\/noticias\/","logo":{"@type":"ImageObject","inLanguage":"pt-BR","@id":"https:\/\/radiolifefm.com.br\/noticias\/#\/schema\/logo\/image\/","url":"https:\/\/static.radiolifefm.com.br\/noticias\/wp-content\/uploads\/2019\/10\/logo-lifefm.png","contentUrl":"https:\/\/static.radiolifefm.com.br\/noticias\/wp-content\/uploads\/2019\/10\/logo-lifefm.png","width":196,"height":47,"caption":"R\u00e1dio Life FM"},"image":{"@id":"https:\/\/radiolifefm.com.br\/noticias\/#\/schema\/logo\/image\/"},"sameAs":["https:\/\/www.facebook.com\/radiolifefm\/","https:\/\/www.instagram.com\/life1079fm\/"]},{"@type":"Person","@id":"https:\/\/radiolifefm.com.br\/noticias\/#\/schema\/person\/6339b9fac59d12b071dec680d7375d87","name":"ritanery","image":{"@type":"ImageObject","inLanguage":"pt-BR","@id":"https:\/\/secure.gravatar.com\/avatar\/0e37bb19071f47c0b8a23f62a903df117c5a0e75f65a0c2901562f97cd41cf86?s=96&d=mm&r=g","url":"https:\/\/secure.gravatar.com\/avatar\/0e37bb19071f47c0b8a23f62a903df117c5a0e75f65a0c2901562f97cd41cf86?s=96&d=mm&r=g","contentUrl":"https:\/\/secure.gravatar.com\/avatar\/0e37bb19071f47c0b8a23f62a903df117c5a0e75f65a0c2901562f97cd41cf86?s=96&d=mm&r=g","caption":"ritanery"}}]}},"amp_enabled":true,"_links":{"self":[{"href":"https:\/\/radiolifefm.com.br\/noticias\/wp-json\/wp\/v2\/posts\/94308","targetHints":{"allow":["GET"]}}],"collection":[{"href":"https:\/\/radiolifefm.com.br\/noticias\/wp-json\/wp\/v2\/posts"}],"about":[{"href":"https:\/\/radiolifefm.com.br\/noticias\/wp-json\/wp\/v2\/types\/post"}],"author":[{"embeddable":true,"href":"https:\/\/radiolifefm.com.br\/noticias\/wp-json\/wp\/v2\/users\/13"}],"replies":[{"embeddable":true,"href":"https:\/\/radiolifefm.com.br\/noticias\/wp-json\/wp\/v2\/comments?post=94308"}],"version-history":[{"count":1,"href":"https:\/\/radiolifefm.com.br\/noticias\/wp-json\/wp\/v2\/posts\/94308\/revisions"}],"predecessor-version":[{"id":94309,"href":"https:\/\/radiolifefm.com.br\/noticias\/wp-json\/wp\/v2\/posts\/94308\/revisions\/94309"}],"wp:featuredmedia":[{"embeddable":true,"href":"https:\/\/radiolifefm.com.br\/noticias\/wp-json\/wp\/v2\/media\/22633"}],"wp:attachment":[{"href":"https:\/\/radiolifefm.com.br\/noticias\/wp-json\/wp\/v2\/media?parent=94308"}],"wp:term":[{"taxonomy":"category","embeddable":true,"href":"https:\/\/radiolifefm.com.br\/noticias\/wp-json\/wp\/v2\/categories?post=94308"},{"taxonomy":"post_tag","embeddable":true,"href":"https:\/\/radiolifefm.com.br\/noticias\/wp-json\/wp\/v2\/tags?post=94308"}],"curies":[{"name":"wp","href":"https:\/\/api.w.org\/{rel}","templated":true}]}}