{"id":94297,"date":"2024-10-18T08:55:32","date_gmt":"2024-10-18T11:55:32","guid":{"rendered":"https:\/\/radiolifefm.com.br\/noticias\/?p=94297"},"modified":"2026-04-26T19:38:23","modified_gmt":"2026-04-26T22:38:23","slug":"provincia-se-voce-pensa-que-ta-ruim","status":"publish","type":"post","link":"https:\/\/radiolifefm.com.br\/noticias\/provincia-se-voce-pensa-que-ta-ruim\/","title":{"rendered":"Prov\u00edncia: SE VOC\u00ca PENSA QUE T\u00c1 RUIM&#8230;"},"content":{"rendered":"<div id=\"fb-root\"><\/div>\n<p><strong>\u201cPerder d\u00f3i! N\u00e3o adianta dizer n\u00e3o sofra, n\u00e3o chore; s\u00f3 n\u00e3o podemos ficar parados no tempo chorando nossa dor diante das nossas perdas.\u201d (<\/strong><a href=\"https:\/\/www.pensador.com\/autor\/lya_luft\/\"><strong>Lya Luft<\/strong><\/a><strong>)<\/strong><\/p>\n<p><strong>\u00a0<\/strong><\/p>\n<p><strong>By seb@r.<\/strong><\/p>\n<p>&nbsp;<\/p>\n<p>Ent\u00e3o caros\/as LEITORES\/AS, o resultado das elei\u00e7\u00f5es para o EXECUTIVO PROVINCIANO, pode-se afirmar que valeu aquele dito popular, ou seja, NADA COMO UM DIA DEPOIS DO OUTRO, isso \u00e9, depois desta e daquela PESQUISA&#8230;<\/p>\n<p>Por\u00e9m, de um lado estavam os SUJOS e do outro, os MAL LAVADOS, portanto, SE VOC\u00ca PENSA QUE T\u00c1 RUIM, PODE PIORAR e ponto quase final&#8230;<\/p>\n<p>Entretanto, o melhor de tudo \u00e9 que a TURMA do PIN\u00d3QUIO est\u00e1 FORA DO JOGO daqui pra frente, assim, depois de OITO LONGOS ANOS em meio aos DESENCONTROS de uma GEST\u00c3O um tanto quanto DISTANTE disto e daquilo, eis que as URNAS deram, mais uma vez, o RECADO de sempre&#8230;<\/p>\n<p>Por\u00e9m, espera-se que o NOVO GESTOR com sua EQUIPE DE APOIO, estejam mais ou menos em CONEX\u00c3O com a REALIDADE PROVINCIANA na \u00e1rea P\u00daBLICA, tendo em vista que daqui pra frente, torna-se necess\u00e1rio seguir a orienta\u00e7\u00e3o, a saber: TODO CUIDADO \u00c9 POUCO&#8230;<\/p>\n<p>Al\u00e9m disto, talvez, daquilo, ainda, pode-se registrar que a tal SURPRESA proporcionada pelas URNAS, pode ter deixado muitos CANDIDATOS\/AS em ESTADO DE CHOQUE por causa disto ou daquilo, todavia, N\u00c3O SE PODE COLOCAR A CARRO\u00c7A NA FRENTE DOS BURROS&#8230;<\/p>\n<p>Tamb\u00e9m, a tal da ARROG\u00c2NCIA estava muito evidente deste e do outro lado de um mesmo lado, tendo em vista que eram os SUJOS querendo passar a perna nos MAL LAVADOS e vice-versa, haja vista que estavam e continuam na MESMICE DE SEMPRE, ou seja, quando se trata das eternas TROCAS NADA SIMB\u00d3LICAS&#8230;<\/p>\n<p>Desta forma, at\u00e9 o final deste ANO, pode ser que apare\u00e7a isto ou aquilo, ainda mais quando tudo pode ocorrer neste MEIO VICIADO que \u00e9 a POL\u00cdTICA PROVINCIANA&#8230;<\/p>\n<p>Para os\/as PERDEDORES\/AS ao EXECUTIVO e LEGISLATIVO PROVINCIANO, sobraram as BATATAS de sempre, assim, cada qual do seu jeito deve buscar por onde SAIR de um jeito ou de outro, considerando que a partir de JANEIRO DE 2.025, a PROV\u00cdNCIA DO FAZ DE CONTA estar\u00e1 na BOCA DE ESPERA das A\u00c7\u00d5ES que ser\u00e3o desenvolvidas pelo NOVO GESTOR e sua EQUIPE DE APOIO&#8230;<\/p>\n<p>A proposta IDEOL\u00d3GICA vencedora, isso \u00e9, pode ser que aquele outro dito popular venha de encontro ao caso, pois, MUDAM AS MOSCAS, MAS A M&#8230; \u00c9 SEMPRE A MESMA&#8230;<\/p>\n<p>Ah! Pra refor\u00e7ar, o meu VOTO foi EM BRANCO, tal qual as denominadas PAREDES ALVAS, portanto, estarei seguindo apenas como um simples OSERVADOR o cen\u00e1rio PROVINCIANO que estar\u00e1 se iniciando em janeiro de 2.025&#8230;<\/p>\n<p>QUEM SOBREVIVER VAI SABER&#8230;<\/p>\n<p>&nbsp;<\/p>\n<p>&nbsp;<\/p>\n<p><strong>e-mail: <\/strong><a href=\"mailto:barbosa.sebar@gmail.com\"><strong>barbosa.sebar@gmail.com<\/strong><\/a><\/p>\n","protected":false},"excerpt":{"rendered":"<p>\u201cPerder d\u00f3i! N\u00e3o adianta dizer n\u00e3o sofra, n\u00e3o chore; s\u00f3 n\u00e3o podemos ficar parados no tempo chorando nossa dor diante das nossas perdas.\u201d (Lya Luft) \u00a0 By seb@r. &nbsp; Ent\u00e3o caros\/as LEITORES\/AS, o resultado das elei\u00e7\u00f5es para o EXECUTIVO PROVINCIANO, pode-se afirmar que valeu aquele dito popular, ou seja, NADA COMO UM DIA DEPOIS DO [&hellip;]<\/p>\n","protected":false},"author":13,"featured_media":51988,"comment_status":"closed","ping_status":"open","sticky":false,"template":"","format":"standard","meta":{"_acf_changed":false,"_exactmetrics_skip_tracking":false,"_exactmetrics_sitenote_active":false,"_exactmetrics_sitenote_note":"","_exactmetrics_sitenote_category":0,"footnotes":""},"categories":[59],"tags":[],"class_list":["post-94297","post","type-post","status-publish","format-standard","has-post-thumbnail","hentry","category-opiniao"],"acf":[],"yoast_head":"<!-- This site is optimized with the Yoast SEO plugin v27.2 - https:\/\/yoast.com\/product\/yoast-seo-wordpress\/ -->\n<title>Prov\u00edncia: SE VOC\u00ca PENSA QUE T\u00c1 RUIM... - R\u00e1dio Life FM<\/title>\n<meta name=\"robots\" content=\"index, follow, max-snippet:-1, max-image-preview:large, max-video-preview:-1\" \/>\n<link rel=\"canonical\" href=\"https:\/\/radiolifefm.com.br\/noticias\/provincia-se-voce-pensa-que-ta-ruim\/\" \/>\n<meta property=\"og:locale\" content=\"pt_BR\" \/>\n<meta property=\"og:type\" content=\"article\" \/>\n<meta property=\"og:title\" content=\"Prov\u00edncia: SE VOC\u00ca PENSA QUE T\u00c1 RUIM... - R\u00e1dio Life FM\" \/>\n<meta property=\"og:description\" content=\"\u201cPerder d\u00f3i! N\u00e3o adianta dizer n\u00e3o sofra, n\u00e3o chore; s\u00f3 n\u00e3o podemos ficar parados no tempo chorando nossa dor diante das nossas perdas.\u201d (Lya Luft) \u00a0 By seb@r. &nbsp; Ent\u00e3o caros\/as LEITORES\/AS, o resultado das elei\u00e7\u00f5es para o EXECUTIVO PROVINCIANO, pode-se afirmar que valeu aquele dito popular, ou seja, NADA COMO UM DIA DEPOIS DO [&hellip;]\" \/>\n<meta property=\"og:url\" content=\"https:\/\/radiolifefm.com.br\/noticias\/provincia-se-voce-pensa-que-ta-ruim\/\" \/>\n<meta property=\"og:site_name\" content=\"R\u00e1dio Life FM\" \/>\n<meta property=\"article:publisher\" content=\"https:\/\/www.facebook.com\/radiolifefm\/\" \/>\n<meta property=\"article:published_time\" content=\"2024-10-18T11:55:32+00:00\" \/>\n<meta property=\"article:modified_time\" content=\"2026-04-26T22:38:23+00:00\" \/>\n<meta property=\"og:image\" content=\"https:\/\/radiolifefm.com.br\/noticias\/wp-content\/uploads\/2022\/04\/WhatsApp-Image-2022-04-10-at-18.43.02.jpeg\" \/>\n\t<meta property=\"og:image:width\" content=\"972\" \/>\n\t<meta property=\"og:image:height\" content=\"1296\" \/>\n\t<meta property=\"og:image:type\" content=\"image\/jpeg\" \/>\n<meta name=\"author\" content=\"ritanery\" \/>\n<meta name=\"twitter:card\" content=\"summary_large_image\" \/>\n<meta name=\"twitter:label1\" content=\"Escrito por\" \/>\n\t<meta name=\"twitter:data1\" content=\"ritanery\" \/>\n\t<meta name=\"twitter:label2\" content=\"Est. tempo de leitura\" \/>\n\t<meta name=\"twitter:data2\" content=\"3 minutos\" \/>\n<script type=\"application\/ld+json\" class=\"yoast-schema-graph\">{\"@context\":\"https:\/\/schema.org\",\"@graph\":[{\"@type\":\"Article\",\"@id\":\"https:\/\/radiolifefm.com.br\/noticias\/provincia-se-voce-pensa-que-ta-ruim\/#article\",\"isPartOf\":{\"@id\":\"https:\/\/radiolifefm.com.br\/noticias\/provincia-se-voce-pensa-que-ta-ruim\/\"},\"author\":{\"name\":\"ritanery\",\"@id\":\"https:\/\/radiolifefm.com.br\/noticias\/#\/schema\/person\/6339b9fac59d12b071dec680d7375d87\"},\"headline\":\"Prov\u00edncia: SE VOC\u00ca PENSA QUE T\u00c1 RUIM&#8230;\",\"datePublished\":\"2024-10-18T11:55:32+00:00\",\"dateModified\":\"2026-04-26T22:38:23+00:00\",\"mainEntityOfPage\":{\"@id\":\"https:\/\/radiolifefm.com.br\/noticias\/provincia-se-voce-pensa-que-ta-ruim\/\"},\"wordCount\":471,\"publisher\":{\"@id\":\"https:\/\/radiolifefm.com.br\/noticias\/#organization\"},\"image\":{\"@id\":\"https:\/\/radiolifefm.com.br\/noticias\/provincia-se-voce-pensa-que-ta-ruim\/#primaryimage\"},\"thumbnailUrl\":\"https:\/\/radiolifefm.com.br\/noticias\/wp-content\/uploads\/2022\/04\/WhatsApp-Image-2022-04-10-at-18.43.02.jpeg\",\"articleSection\":[\"Opini\u00e3o\"],\"inLanguage\":\"pt-BR\"},{\"@type\":\"WebPage\",\"@id\":\"https:\/\/radiolifefm.com.br\/noticias\/provincia-se-voce-pensa-que-ta-ruim\/\",\"url\":\"https:\/\/radiolifefm.com.br\/noticias\/provincia-se-voce-pensa-que-ta-ruim\/\",\"name\":\"Prov\u00edncia: SE VOC\u00ca PENSA QUE T\u00c1 RUIM... - R\u00e1dio Life FM\",\"isPartOf\":{\"@id\":\"https:\/\/radiolifefm.com.br\/noticias\/#website\"},\"primaryImageOfPage\":{\"@id\":\"https:\/\/radiolifefm.com.br\/noticias\/provincia-se-voce-pensa-que-ta-ruim\/#primaryimage\"},\"image\":{\"@id\":\"https:\/\/radiolifefm.com.br\/noticias\/provincia-se-voce-pensa-que-ta-ruim\/#primaryimage\"},\"thumbnailUrl\":\"https:\/\/radiolifefm.com.br\/noticias\/wp-content\/uploads\/2022\/04\/WhatsApp-Image-2022-04-10-at-18.43.02.jpeg\",\"datePublished\":\"2024-10-18T11:55:32+00:00\",\"dateModified\":\"2026-04-26T22:38:23+00:00\",\"breadcrumb\":{\"@id\":\"https:\/\/radiolifefm.com.br\/noticias\/provincia-se-voce-pensa-que-ta-ruim\/#breadcrumb\"},\"inLanguage\":\"pt-BR\",\"potentialAction\":[{\"@type\":\"ReadAction\",\"target\":[\"https:\/\/radiolifefm.com.br\/noticias\/provincia-se-voce-pensa-que-ta-ruim\/\"]}]},{\"@type\":\"ImageObject\",\"inLanguage\":\"pt-BR\",\"@id\":\"https:\/\/radiolifefm.com.br\/noticias\/provincia-se-voce-pensa-que-ta-ruim\/#primaryimage\",\"url\":\"https:\/\/radiolifefm.com.br\/noticias\/wp-content\/uploads\/2022\/04\/WhatsApp-Image-2022-04-10-at-18.43.02.jpeg\",\"contentUrl\":\"https:\/\/radiolifefm.com.br\/noticias\/wp-content\/uploads\/2022\/04\/WhatsApp-Image-2022-04-10-at-18.43.02.jpeg\",\"width\":972,\"height\":1296,\"caption\":\"S\u00e9rgio Barbosa\"},{\"@type\":\"BreadcrumbList\",\"@id\":\"https:\/\/radiolifefm.com.br\/noticias\/provincia-se-voce-pensa-que-ta-ruim\/#breadcrumb\",\"itemListElement\":[{\"@type\":\"ListItem\",\"position\":1,\"name\":\"In\u00edcio\",\"item\":\"https:\/\/radiolifefm.com.br\/noticias\/\"},{\"@type\":\"ListItem\",\"position\":2,\"name\":\"Prov\u00edncia: SE VOC\u00ca PENSA QUE T\u00c1 RUIM&#8230;\"}]},{\"@type\":\"WebSite\",\"@id\":\"https:\/\/radiolifefm.com.br\/noticias\/#website\",\"url\":\"https:\/\/radiolifefm.com.br\/noticias\/\",\"name\":\"R\u00e1dio Life FM\",\"description\":\"O Portal de Not\u00edcias de Adamantina\",\"publisher\":{\"@id\":\"https:\/\/radiolifefm.com.br\/noticias\/#organization\"},\"alternateName\":\"Life FM\",\"potentialAction\":[{\"@type\":\"SearchAction\",\"target\":{\"@type\":\"EntryPoint\",\"urlTemplate\":\"https:\/\/radiolifefm.com.br\/noticias\/?s={search_term_string}\"},\"query-input\":{\"@type\":\"PropertyValueSpecification\",\"valueRequired\":true,\"valueName\":\"search_term_string\"}}],\"inLanguage\":\"pt-BR\"},{\"@type\":\"Organization\",\"@id\":\"https:\/\/radiolifefm.com.br\/noticias\/#organization\",\"name\":\"R\u00e1dio Life FM\",\"alternateName\":\"Life FM\",\"url\":\"https:\/\/radiolifefm.com.br\/noticias\/\",\"logo\":{\"@type\":\"ImageObject\",\"inLanguage\":\"pt-BR\",\"@id\":\"https:\/\/radiolifefm.com.br\/noticias\/#\/schema\/logo\/image\/\",\"url\":\"https:\/\/static.radiolifefm.com.br\/noticias\/wp-content\/uploads\/2019\/10\/logo-lifefm.png\",\"contentUrl\":\"https:\/\/static.radiolifefm.com.br\/noticias\/wp-content\/uploads\/2019\/10\/logo-lifefm.png\",\"width\":196,\"height\":47,\"caption\":\"R\u00e1dio Life FM\"},\"image\":{\"@id\":\"https:\/\/radiolifefm.com.br\/noticias\/#\/schema\/logo\/image\/\"},\"sameAs\":[\"https:\/\/www.facebook.com\/radiolifefm\/\",\"https:\/\/www.instagram.com\/life1079fm\/\"]},{\"@type\":\"Person\",\"@id\":\"https:\/\/radiolifefm.com.br\/noticias\/#\/schema\/person\/6339b9fac59d12b071dec680d7375d87\",\"name\":\"ritanery\",\"image\":{\"@type\":\"ImageObject\",\"inLanguage\":\"pt-BR\",\"@id\":\"https:\/\/secure.gravatar.com\/avatar\/0e37bb19071f47c0b8a23f62a903df117c5a0e75f65a0c2901562f97cd41cf86?s=96&d=mm&r=g\",\"url\":\"https:\/\/secure.gravatar.com\/avatar\/0e37bb19071f47c0b8a23f62a903df117c5a0e75f65a0c2901562f97cd41cf86?s=96&d=mm&r=g\",\"contentUrl\":\"https:\/\/secure.gravatar.com\/avatar\/0e37bb19071f47c0b8a23f62a903df117c5a0e75f65a0c2901562f97cd41cf86?s=96&d=mm&r=g\",\"caption\":\"ritanery\"}}]}<\/script>\n<!-- \/ Yoast SEO plugin. -->","yoast_head_json":{"title":"Prov\u00edncia: SE VOC\u00ca PENSA QUE T\u00c1 RUIM... - R\u00e1dio Life FM","robots":{"index":"index","follow":"follow","max-snippet":"max-snippet:-1","max-image-preview":"max-image-preview:large","max-video-preview":"max-video-preview:-1"},"canonical":"https:\/\/radiolifefm.com.br\/noticias\/provincia-se-voce-pensa-que-ta-ruim\/","og_locale":"pt_BR","og_type":"article","og_title":"Prov\u00edncia: SE VOC\u00ca PENSA QUE T\u00c1 RUIM... - R\u00e1dio Life FM","og_description":"\u201cPerder d\u00f3i! N\u00e3o adianta dizer n\u00e3o sofra, n\u00e3o chore; s\u00f3 n\u00e3o podemos ficar parados no tempo chorando nossa dor diante das nossas perdas.\u201d (Lya Luft) \u00a0 By seb@r. &nbsp; Ent\u00e3o caros\/as LEITORES\/AS, o resultado das elei\u00e7\u00f5es para o EXECUTIVO PROVINCIANO, pode-se afirmar que valeu aquele dito popular, ou seja, NADA COMO UM DIA DEPOIS DO [&hellip;]","og_url":"https:\/\/radiolifefm.com.br\/noticias\/provincia-se-voce-pensa-que-ta-ruim\/","og_site_name":"R\u00e1dio Life FM","article_publisher":"https:\/\/www.facebook.com\/radiolifefm\/","article_published_time":"2024-10-18T11:55:32+00:00","article_modified_time":"2026-04-26T22:38:23+00:00","og_image":[{"width":972,"height":1296,"url":"https:\/\/radiolifefm.com.br\/noticias\/wp-content\/uploads\/2022\/04\/WhatsApp-Image-2022-04-10-at-18.43.02.jpeg","type":"image\/jpeg"}],"author":"ritanery","twitter_card":"summary_large_image","twitter_misc":{"Escrito por":"ritanery","Est. tempo de leitura":"3 minutos"},"schema":{"@context":"https:\/\/schema.org","@graph":[{"@type":"Article","@id":"https:\/\/radiolifefm.com.br\/noticias\/provincia-se-voce-pensa-que-ta-ruim\/#article","isPartOf":{"@id":"https:\/\/radiolifefm.com.br\/noticias\/provincia-se-voce-pensa-que-ta-ruim\/"},"author":{"name":"ritanery","@id":"https:\/\/radiolifefm.com.br\/noticias\/#\/schema\/person\/6339b9fac59d12b071dec680d7375d87"},"headline":"Prov\u00edncia: SE VOC\u00ca PENSA QUE T\u00c1 RUIM&#8230;","datePublished":"2024-10-18T11:55:32+00:00","dateModified":"2026-04-26T22:38:23+00:00","mainEntityOfPage":{"@id":"https:\/\/radiolifefm.com.br\/noticias\/provincia-se-voce-pensa-que-ta-ruim\/"},"wordCount":471,"publisher":{"@id":"https:\/\/radiolifefm.com.br\/noticias\/#organization"},"image":{"@id":"https:\/\/radiolifefm.com.br\/noticias\/provincia-se-voce-pensa-que-ta-ruim\/#primaryimage"},"thumbnailUrl":"https:\/\/radiolifefm.com.br\/noticias\/wp-content\/uploads\/2022\/04\/WhatsApp-Image-2022-04-10-at-18.43.02.jpeg","articleSection":["Opini\u00e3o"],"inLanguage":"pt-BR"},{"@type":"WebPage","@id":"https:\/\/radiolifefm.com.br\/noticias\/provincia-se-voce-pensa-que-ta-ruim\/","url":"https:\/\/radiolifefm.com.br\/noticias\/provincia-se-voce-pensa-que-ta-ruim\/","name":"Prov\u00edncia: SE VOC\u00ca PENSA QUE T\u00c1 RUIM... - R\u00e1dio Life FM","isPartOf":{"@id":"https:\/\/radiolifefm.com.br\/noticias\/#website"},"primaryImageOfPage":{"@id":"https:\/\/radiolifefm.com.br\/noticias\/provincia-se-voce-pensa-que-ta-ruim\/#primaryimage"},"image":{"@id":"https:\/\/radiolifefm.com.br\/noticias\/provincia-se-voce-pensa-que-ta-ruim\/#primaryimage"},"thumbnailUrl":"https:\/\/radiolifefm.com.br\/noticias\/wp-content\/uploads\/2022\/04\/WhatsApp-Image-2022-04-10-at-18.43.02.jpeg","datePublished":"2024-10-18T11:55:32+00:00","dateModified":"2026-04-26T22:38:23+00:00","breadcrumb":{"@id":"https:\/\/radiolifefm.com.br\/noticias\/provincia-se-voce-pensa-que-ta-ruim\/#breadcrumb"},"inLanguage":"pt-BR","potentialAction":[{"@type":"ReadAction","target":["https:\/\/radiolifefm.com.br\/noticias\/provincia-se-voce-pensa-que-ta-ruim\/"]}]},{"@type":"ImageObject","inLanguage":"pt-BR","@id":"https:\/\/radiolifefm.com.br\/noticias\/provincia-se-voce-pensa-que-ta-ruim\/#primaryimage","url":"https:\/\/radiolifefm.com.br\/noticias\/wp-content\/uploads\/2022\/04\/WhatsApp-Image-2022-04-10-at-18.43.02.jpeg","contentUrl":"https:\/\/radiolifefm.com.br\/noticias\/wp-content\/uploads\/2022\/04\/WhatsApp-Image-2022-04-10-at-18.43.02.jpeg","width":972,"height":1296,"caption":"S\u00e9rgio Barbosa"},{"@type":"BreadcrumbList","@id":"https:\/\/radiolifefm.com.br\/noticias\/provincia-se-voce-pensa-que-ta-ruim\/#breadcrumb","itemListElement":[{"@type":"ListItem","position":1,"name":"In\u00edcio","item":"https:\/\/radiolifefm.com.br\/noticias\/"},{"@type":"ListItem","position":2,"name":"Prov\u00edncia: SE VOC\u00ca PENSA QUE T\u00c1 RUIM&#8230;"}]},{"@type":"WebSite","@id":"https:\/\/radiolifefm.com.br\/noticias\/#website","url":"https:\/\/radiolifefm.com.br\/noticias\/","name":"R\u00e1dio Life FM","description":"O Portal de Not\u00edcias de Adamantina","publisher":{"@id":"https:\/\/radiolifefm.com.br\/noticias\/#organization"},"alternateName":"Life FM","potentialAction":[{"@type":"SearchAction","target":{"@type":"EntryPoint","urlTemplate":"https:\/\/radiolifefm.com.br\/noticias\/?s={search_term_string}"},"query-input":{"@type":"PropertyValueSpecification","valueRequired":true,"valueName":"search_term_string"}}],"inLanguage":"pt-BR"},{"@type":"Organization","@id":"https:\/\/radiolifefm.com.br\/noticias\/#organization","name":"R\u00e1dio Life FM","alternateName":"Life FM","url":"https:\/\/radiolifefm.com.br\/noticias\/","logo":{"@type":"ImageObject","inLanguage":"pt-BR","@id":"https:\/\/radiolifefm.com.br\/noticias\/#\/schema\/logo\/image\/","url":"https:\/\/static.radiolifefm.com.br\/noticias\/wp-content\/uploads\/2019\/10\/logo-lifefm.png","contentUrl":"https:\/\/static.radiolifefm.com.br\/noticias\/wp-content\/uploads\/2019\/10\/logo-lifefm.png","width":196,"height":47,"caption":"R\u00e1dio Life FM"},"image":{"@id":"https:\/\/radiolifefm.com.br\/noticias\/#\/schema\/logo\/image\/"},"sameAs":["https:\/\/www.facebook.com\/radiolifefm\/","https:\/\/www.instagram.com\/life1079fm\/"]},{"@type":"Person","@id":"https:\/\/radiolifefm.com.br\/noticias\/#\/schema\/person\/6339b9fac59d12b071dec680d7375d87","name":"ritanery","image":{"@type":"ImageObject","inLanguage":"pt-BR","@id":"https:\/\/secure.gravatar.com\/avatar\/0e37bb19071f47c0b8a23f62a903df117c5a0e75f65a0c2901562f97cd41cf86?s=96&d=mm&r=g","url":"https:\/\/secure.gravatar.com\/avatar\/0e37bb19071f47c0b8a23f62a903df117c5a0e75f65a0c2901562f97cd41cf86?s=96&d=mm&r=g","contentUrl":"https:\/\/secure.gravatar.com\/avatar\/0e37bb19071f47c0b8a23f62a903df117c5a0e75f65a0c2901562f97cd41cf86?s=96&d=mm&r=g","caption":"ritanery"}}]}},"amp_enabled":true,"_links":{"self":[{"href":"https:\/\/radiolifefm.com.br\/noticias\/wp-json\/wp\/v2\/posts\/94297","targetHints":{"allow":["GET"]}}],"collection":[{"href":"https:\/\/radiolifefm.com.br\/noticias\/wp-json\/wp\/v2\/posts"}],"about":[{"href":"https:\/\/radiolifefm.com.br\/noticias\/wp-json\/wp\/v2\/types\/post"}],"author":[{"embeddable":true,"href":"https:\/\/radiolifefm.com.br\/noticias\/wp-json\/wp\/v2\/users\/13"}],"replies":[{"embeddable":true,"href":"https:\/\/radiolifefm.com.br\/noticias\/wp-json\/wp\/v2\/comments?post=94297"}],"version-history":[{"count":1,"href":"https:\/\/radiolifefm.com.br\/noticias\/wp-json\/wp\/v2\/posts\/94297\/revisions"}],"predecessor-version":[{"id":94298,"href":"https:\/\/radiolifefm.com.br\/noticias\/wp-json\/wp\/v2\/posts\/94297\/revisions\/94298"}],"wp:featuredmedia":[{"embeddable":true,"href":"https:\/\/radiolifefm.com.br\/noticias\/wp-json\/wp\/v2\/media\/51988"}],"wp:attachment":[{"href":"https:\/\/radiolifefm.com.br\/noticias\/wp-json\/wp\/v2\/media?parent=94297"}],"wp:term":[{"taxonomy":"category","embeddable":true,"href":"https:\/\/radiolifefm.com.br\/noticias\/wp-json\/wp\/v2\/categories?post=94297"},{"taxonomy":"post_tag","embeddable":true,"href":"https:\/\/radiolifefm.com.br\/noticias\/wp-json\/wp\/v2\/tags?post=94297"}],"curies":[{"name":"wp","href":"https:\/\/api.w.org\/{rel}","templated":true}]}}