{"id":94102,"date":"2024-10-16T08:41:32","date_gmt":"2024-10-16T11:41:32","guid":{"rendered":"https:\/\/radiolifefm.com.br\/noticias\/?p=94102"},"modified":"2026-01-21T19:27:43","modified_gmt":"2026-01-21T22:27:43","slug":"na-espera-do-mensageiro-da-montanha-silenciosa-2","status":"publish","type":"post","link":"https:\/\/radiolifefm.com.br\/noticias\/na-espera-do-mensageiro-da-montanha-silenciosa-2\/","title":{"rendered":"Na espera do MENSAGEIRO da Montanha silenciosa&#8230;"},"content":{"rendered":"<div id=\"fb-root\"><\/div>\n<p>\u201cDesconfie do destino e acredite em voc\u00ea. Gaste mais horas realizando que sonhando, fazendo que planejando, vivendo que esperando porque, embora quem quase morre esteja vivo, quem quase vive j\u00e1 morreu.\u201d (Sarah Westphal)<\/p>\n<p>Ao ALEM\u00c3O\/Alessando, dedico!<br \/>\nBy seb@r.<br \/>\nIsso mesmo, n\u00e3o tem como desmentir que o dito cujo estava naquele dia e no mesmo lugar de sempre na espera de sempre pelo MENSAGEIRO e suas conversas sobre tudo e todos&#8230;<br \/>\nNada do que falaram do MENSAGEIRO estava de acordo com o esperado e tudo ficou na mesmice de sempre, ainda, frente ao senso comum daquele dia sem fim para uma noite incerta&#8230;<br \/>\nDe tudo aquilo que era mais esperado do MENSAGEIRO estava com os dias e horas contados pelo rel\u00f3gio de ponto que continuava marcando o mesmo hor\u00e1rio de sempre&#8230;<br \/>\nPortanto, nada se pode fazer nestes casos entre as diferen\u00e7as que est\u00e3o nas m\u00e3os do MENSAGEIRO com suas mem\u00f3rias sobre aquele passado que se perdeu do outro lado do abismo secular&#8230;<br \/>\nPor\u00e9m, tudo o que estava ocorrendo naquele momento, isso \u00e9, antes do MENSAGEIRO chegar estava em desacordo com o combinado do outro dia, mesmo assim, tudo continuava do mesmo jeito para muitos olhares al\u00e9m da imagina\u00e7\u00e3o&#8230;<br \/>\nTais indaga\u00e7\u00f5es fazem parte de um cen\u00e1rio onde nada pode existir sem o toque do MENSAGEIRO para trazer o que se perdeu nas muitas recorda\u00e7\u00f5es daqueles que deixaram de viver por causa disto ou daquilo&#8230;<br \/>\nPelos fatos que ficaram sem muitas explica\u00e7\u00f5es, ainda, tendo em vista que o MENSAGEIRO estava com as respostas de uma \u00fanica d\u00favida, talvez o que se perdeu n\u00e3o era para estar com tudo aquilo que se esperava de um ponto sem partida&#8230;<br \/>\nDe que adianta ficar sempre na espera deste MENSAGEIRO se o mesmo deixou de aparecer faz dias e sem muitas considera\u00e7\u00f5es para uma poss\u00edvel aproxima\u00e7\u00e3o com aquela ilus\u00e3o sem meias verdades&#8230;<br \/>\nO sil\u00eancio pode determinar todas as respostas que est\u00e3o com o MENSAGEIRO por meio das ditas que foram explicadas naquele outro momento dos fatos, todavia, nada se pode esperar daqui pra frente disto ou daquilo&#8230;<br \/>\nSe tudo estava de acordo com as mesmas coisas de sempre, talvez, o MENSAGEIRO tenha tomado outro rumo na sua estrada de m\u00e3o \u00fanica e nada se pode resolver de uma hora para outra&#8230;<br \/>\nApenas aqueles que estiveram naquele abismo da montanha silenciosa do outro lado da estrada podem sentir as neuroses mediadas pelo MENSAGEIRO que era como se fosse um messias sem disc\u00edpulos&#8230;<br \/>\nS\u00d3 QUE SABE DESTE MENSAGEIRO PODE TENTAR EXPLICAR ALGUMA COISA&#8230;<\/p>\n","protected":false},"excerpt":{"rendered":"<p>\u201cDesconfie do destino e acredite em voc\u00ea. Gaste mais horas realizando que sonhando, fazendo que planejando, vivendo que esperando porque, embora quem quase morre esteja vivo, quem quase vive j\u00e1 morreu.\u201d (Sarah Westphal) Ao ALEM\u00c3O\/Alessando, dedico! By seb@r. Isso mesmo, n\u00e3o tem como desmentir que o dito cujo estava naquele dia e no mesmo lugar [&hellip;]<\/p>\n","protected":false},"author":13,"featured_media":51988,"comment_status":"closed","ping_status":"open","sticky":false,"template":"","format":"standard","meta":{"_acf_changed":false,"_exactmetrics_skip_tracking":false,"_exactmetrics_sitenote_active":false,"_exactmetrics_sitenote_note":"","_exactmetrics_sitenote_category":0,"footnotes":""},"categories":[59],"tags":[],"class_list":["post-94102","post","type-post","status-publish","format-standard","has-post-thumbnail","hentry","category-opiniao"],"acf":[],"yoast_head":"<!-- This site is optimized with the Yoast SEO plugin v27.2 - https:\/\/yoast.com\/product\/yoast-seo-wordpress\/ -->\n<title>Na espera do MENSAGEIRO da Montanha silenciosa... - R\u00e1dio Life FM<\/title>\n<meta name=\"robots\" content=\"index, follow, max-snippet:-1, max-image-preview:large, max-video-preview:-1\" \/>\n<link rel=\"canonical\" href=\"https:\/\/radiolifefm.com.br\/noticias\/na-espera-do-mensageiro-da-montanha-silenciosa-2\/\" \/>\n<meta property=\"og:locale\" content=\"pt_BR\" \/>\n<meta property=\"og:type\" content=\"article\" \/>\n<meta property=\"og:title\" content=\"Na espera do MENSAGEIRO da Montanha silenciosa... - R\u00e1dio Life FM\" \/>\n<meta property=\"og:description\" content=\"\u201cDesconfie do destino e acredite em voc\u00ea. Gaste mais horas realizando que sonhando, fazendo que planejando, vivendo que esperando porque, embora quem quase morre esteja vivo, quem quase vive j\u00e1 morreu.\u201d (Sarah Westphal) Ao ALEM\u00c3O\/Alessando, dedico! By seb@r. Isso mesmo, n\u00e3o tem como desmentir que o dito cujo estava naquele dia e no mesmo lugar [&hellip;]\" \/>\n<meta property=\"og:url\" content=\"https:\/\/radiolifefm.com.br\/noticias\/na-espera-do-mensageiro-da-montanha-silenciosa-2\/\" \/>\n<meta property=\"og:site_name\" content=\"R\u00e1dio Life FM\" \/>\n<meta property=\"article:publisher\" content=\"https:\/\/www.facebook.com\/radiolifefm\/\" \/>\n<meta property=\"article:published_time\" content=\"2024-10-16T11:41:32+00:00\" \/>\n<meta property=\"article:modified_time\" content=\"2026-01-21T22:27:43+00:00\" \/>\n<meta property=\"og:image\" content=\"https:\/\/radiolifefm.com.br\/noticias\/wp-content\/uploads\/2022\/04\/WhatsApp-Image-2022-04-10-at-18.43.02.jpeg\" \/>\n\t<meta property=\"og:image:width\" content=\"972\" \/>\n\t<meta property=\"og:image:height\" content=\"1296\" \/>\n\t<meta property=\"og:image:type\" content=\"image\/jpeg\" \/>\n<meta name=\"author\" content=\"ritanery\" \/>\n<meta name=\"twitter:card\" content=\"summary_large_image\" \/>\n<meta name=\"twitter:label1\" content=\"Escrito por\" \/>\n\t<meta name=\"twitter:data1\" content=\"ritanery\" \/>\n\t<meta name=\"twitter:label2\" content=\"Est. tempo de leitura\" \/>\n\t<meta name=\"twitter:data2\" content=\"1 minuto\" \/>\n<script type=\"application\/ld+json\" class=\"yoast-schema-graph\">{\"@context\":\"https:\/\/schema.org\",\"@graph\":[{\"@type\":\"Article\",\"@id\":\"https:\/\/radiolifefm.com.br\/noticias\/na-espera-do-mensageiro-da-montanha-silenciosa-2\/#article\",\"isPartOf\":{\"@id\":\"https:\/\/radiolifefm.com.br\/noticias\/na-espera-do-mensageiro-da-montanha-silenciosa-2\/\"},\"author\":{\"name\":\"ritanery\",\"@id\":\"https:\/\/radiolifefm.com.br\/noticias\/#\/schema\/person\/6339b9fac59d12b071dec680d7375d87\"},\"headline\":\"Na espera do MENSAGEIRO da Montanha silenciosa&#8230;\",\"datePublished\":\"2024-10-16T11:41:32+00:00\",\"dateModified\":\"2026-01-21T22:27:43+00:00\",\"mainEntityOfPage\":{\"@id\":\"https:\/\/radiolifefm.com.br\/noticias\/na-espera-do-mensageiro-da-montanha-silenciosa-2\/\"},\"wordCount\":447,\"publisher\":{\"@id\":\"https:\/\/radiolifefm.com.br\/noticias\/#organization\"},\"image\":{\"@id\":\"https:\/\/radiolifefm.com.br\/noticias\/na-espera-do-mensageiro-da-montanha-silenciosa-2\/#primaryimage\"},\"thumbnailUrl\":\"https:\/\/radiolifefm.com.br\/noticias\/wp-content\/uploads\/2022\/04\/WhatsApp-Image-2022-04-10-at-18.43.02.jpeg\",\"articleSection\":[\"Opini\u00e3o\"],\"inLanguage\":\"pt-BR\"},{\"@type\":\"WebPage\",\"@id\":\"https:\/\/radiolifefm.com.br\/noticias\/na-espera-do-mensageiro-da-montanha-silenciosa-2\/\",\"url\":\"https:\/\/radiolifefm.com.br\/noticias\/na-espera-do-mensageiro-da-montanha-silenciosa-2\/\",\"name\":\"Na espera do MENSAGEIRO da Montanha silenciosa... - R\u00e1dio Life FM\",\"isPartOf\":{\"@id\":\"https:\/\/radiolifefm.com.br\/noticias\/#website\"},\"primaryImageOfPage\":{\"@id\":\"https:\/\/radiolifefm.com.br\/noticias\/na-espera-do-mensageiro-da-montanha-silenciosa-2\/#primaryimage\"},\"image\":{\"@id\":\"https:\/\/radiolifefm.com.br\/noticias\/na-espera-do-mensageiro-da-montanha-silenciosa-2\/#primaryimage\"},\"thumbnailUrl\":\"https:\/\/radiolifefm.com.br\/noticias\/wp-content\/uploads\/2022\/04\/WhatsApp-Image-2022-04-10-at-18.43.02.jpeg\",\"datePublished\":\"2024-10-16T11:41:32+00:00\",\"dateModified\":\"2026-01-21T22:27:43+00:00\",\"breadcrumb\":{\"@id\":\"https:\/\/radiolifefm.com.br\/noticias\/na-espera-do-mensageiro-da-montanha-silenciosa-2\/#breadcrumb\"},\"inLanguage\":\"pt-BR\",\"potentialAction\":[{\"@type\":\"ReadAction\",\"target\":[\"https:\/\/radiolifefm.com.br\/noticias\/na-espera-do-mensageiro-da-montanha-silenciosa-2\/\"]}]},{\"@type\":\"ImageObject\",\"inLanguage\":\"pt-BR\",\"@id\":\"https:\/\/radiolifefm.com.br\/noticias\/na-espera-do-mensageiro-da-montanha-silenciosa-2\/#primaryimage\",\"url\":\"https:\/\/radiolifefm.com.br\/noticias\/wp-content\/uploads\/2022\/04\/WhatsApp-Image-2022-04-10-at-18.43.02.jpeg\",\"contentUrl\":\"https:\/\/radiolifefm.com.br\/noticias\/wp-content\/uploads\/2022\/04\/WhatsApp-Image-2022-04-10-at-18.43.02.jpeg\",\"width\":972,\"height\":1296,\"caption\":\"S\u00e9rgio Barbosa\"},{\"@type\":\"BreadcrumbList\",\"@id\":\"https:\/\/radiolifefm.com.br\/noticias\/na-espera-do-mensageiro-da-montanha-silenciosa-2\/#breadcrumb\",\"itemListElement\":[{\"@type\":\"ListItem\",\"position\":1,\"name\":\"In\u00edcio\",\"item\":\"https:\/\/radiolifefm.com.br\/noticias\/\"},{\"@type\":\"ListItem\",\"position\":2,\"name\":\"Na espera do MENSAGEIRO da Montanha silenciosa&#8230;\"}]},{\"@type\":\"WebSite\",\"@id\":\"https:\/\/radiolifefm.com.br\/noticias\/#website\",\"url\":\"https:\/\/radiolifefm.com.br\/noticias\/\",\"name\":\"R\u00e1dio Life FM\",\"description\":\"O Portal de Not\u00edcias de Adamantina\",\"publisher\":{\"@id\":\"https:\/\/radiolifefm.com.br\/noticias\/#organization\"},\"alternateName\":\"Life FM\",\"potentialAction\":[{\"@type\":\"SearchAction\",\"target\":{\"@type\":\"EntryPoint\",\"urlTemplate\":\"https:\/\/radiolifefm.com.br\/noticias\/?s={search_term_string}\"},\"query-input\":{\"@type\":\"PropertyValueSpecification\",\"valueRequired\":true,\"valueName\":\"search_term_string\"}}],\"inLanguage\":\"pt-BR\"},{\"@type\":\"Organization\",\"@id\":\"https:\/\/radiolifefm.com.br\/noticias\/#organization\",\"name\":\"R\u00e1dio Life FM\",\"alternateName\":\"Life FM\",\"url\":\"https:\/\/radiolifefm.com.br\/noticias\/\",\"logo\":{\"@type\":\"ImageObject\",\"inLanguage\":\"pt-BR\",\"@id\":\"https:\/\/radiolifefm.com.br\/noticias\/#\/schema\/logo\/image\/\",\"url\":\"https:\/\/static.radiolifefm.com.br\/noticias\/wp-content\/uploads\/2019\/10\/logo-lifefm.png\",\"contentUrl\":\"https:\/\/static.radiolifefm.com.br\/noticias\/wp-content\/uploads\/2019\/10\/logo-lifefm.png\",\"width\":196,\"height\":47,\"caption\":\"R\u00e1dio Life FM\"},\"image\":{\"@id\":\"https:\/\/radiolifefm.com.br\/noticias\/#\/schema\/logo\/image\/\"},\"sameAs\":[\"https:\/\/www.facebook.com\/radiolifefm\/\",\"https:\/\/www.instagram.com\/life1079fm\/\"]},{\"@type\":\"Person\",\"@id\":\"https:\/\/radiolifefm.com.br\/noticias\/#\/schema\/person\/6339b9fac59d12b071dec680d7375d87\",\"name\":\"ritanery\",\"image\":{\"@type\":\"ImageObject\",\"inLanguage\":\"pt-BR\",\"@id\":\"https:\/\/secure.gravatar.com\/avatar\/0e37bb19071f47c0b8a23f62a903df117c5a0e75f65a0c2901562f97cd41cf86?s=96&d=mm&r=g\",\"url\":\"https:\/\/secure.gravatar.com\/avatar\/0e37bb19071f47c0b8a23f62a903df117c5a0e75f65a0c2901562f97cd41cf86?s=96&d=mm&r=g\",\"contentUrl\":\"https:\/\/secure.gravatar.com\/avatar\/0e37bb19071f47c0b8a23f62a903df117c5a0e75f65a0c2901562f97cd41cf86?s=96&d=mm&r=g\",\"caption\":\"ritanery\"}}]}<\/script>\n<!-- \/ Yoast SEO plugin. -->","yoast_head_json":{"title":"Na espera do MENSAGEIRO da Montanha silenciosa... - R\u00e1dio Life FM","robots":{"index":"index","follow":"follow","max-snippet":"max-snippet:-1","max-image-preview":"max-image-preview:large","max-video-preview":"max-video-preview:-1"},"canonical":"https:\/\/radiolifefm.com.br\/noticias\/na-espera-do-mensageiro-da-montanha-silenciosa-2\/","og_locale":"pt_BR","og_type":"article","og_title":"Na espera do MENSAGEIRO da Montanha silenciosa... - R\u00e1dio Life FM","og_description":"\u201cDesconfie do destino e acredite em voc\u00ea. Gaste mais horas realizando que sonhando, fazendo que planejando, vivendo que esperando porque, embora quem quase morre esteja vivo, quem quase vive j\u00e1 morreu.\u201d (Sarah Westphal) Ao ALEM\u00c3O\/Alessando, dedico! By seb@r. Isso mesmo, n\u00e3o tem como desmentir que o dito cujo estava naquele dia e no mesmo lugar [&hellip;]","og_url":"https:\/\/radiolifefm.com.br\/noticias\/na-espera-do-mensageiro-da-montanha-silenciosa-2\/","og_site_name":"R\u00e1dio Life FM","article_publisher":"https:\/\/www.facebook.com\/radiolifefm\/","article_published_time":"2024-10-16T11:41:32+00:00","article_modified_time":"2026-01-21T22:27:43+00:00","og_image":[{"width":972,"height":1296,"url":"https:\/\/radiolifefm.com.br\/noticias\/wp-content\/uploads\/2022\/04\/WhatsApp-Image-2022-04-10-at-18.43.02.jpeg","type":"image\/jpeg"}],"author":"ritanery","twitter_card":"summary_large_image","twitter_misc":{"Escrito por":"ritanery","Est. tempo de leitura":"1 minuto"},"schema":{"@context":"https:\/\/schema.org","@graph":[{"@type":"Article","@id":"https:\/\/radiolifefm.com.br\/noticias\/na-espera-do-mensageiro-da-montanha-silenciosa-2\/#article","isPartOf":{"@id":"https:\/\/radiolifefm.com.br\/noticias\/na-espera-do-mensageiro-da-montanha-silenciosa-2\/"},"author":{"name":"ritanery","@id":"https:\/\/radiolifefm.com.br\/noticias\/#\/schema\/person\/6339b9fac59d12b071dec680d7375d87"},"headline":"Na espera do MENSAGEIRO da Montanha silenciosa&#8230;","datePublished":"2024-10-16T11:41:32+00:00","dateModified":"2026-01-21T22:27:43+00:00","mainEntityOfPage":{"@id":"https:\/\/radiolifefm.com.br\/noticias\/na-espera-do-mensageiro-da-montanha-silenciosa-2\/"},"wordCount":447,"publisher":{"@id":"https:\/\/radiolifefm.com.br\/noticias\/#organization"},"image":{"@id":"https:\/\/radiolifefm.com.br\/noticias\/na-espera-do-mensageiro-da-montanha-silenciosa-2\/#primaryimage"},"thumbnailUrl":"https:\/\/radiolifefm.com.br\/noticias\/wp-content\/uploads\/2022\/04\/WhatsApp-Image-2022-04-10-at-18.43.02.jpeg","articleSection":["Opini\u00e3o"],"inLanguage":"pt-BR"},{"@type":"WebPage","@id":"https:\/\/radiolifefm.com.br\/noticias\/na-espera-do-mensageiro-da-montanha-silenciosa-2\/","url":"https:\/\/radiolifefm.com.br\/noticias\/na-espera-do-mensageiro-da-montanha-silenciosa-2\/","name":"Na espera do MENSAGEIRO da Montanha silenciosa... - R\u00e1dio Life FM","isPartOf":{"@id":"https:\/\/radiolifefm.com.br\/noticias\/#website"},"primaryImageOfPage":{"@id":"https:\/\/radiolifefm.com.br\/noticias\/na-espera-do-mensageiro-da-montanha-silenciosa-2\/#primaryimage"},"image":{"@id":"https:\/\/radiolifefm.com.br\/noticias\/na-espera-do-mensageiro-da-montanha-silenciosa-2\/#primaryimage"},"thumbnailUrl":"https:\/\/radiolifefm.com.br\/noticias\/wp-content\/uploads\/2022\/04\/WhatsApp-Image-2022-04-10-at-18.43.02.jpeg","datePublished":"2024-10-16T11:41:32+00:00","dateModified":"2026-01-21T22:27:43+00:00","breadcrumb":{"@id":"https:\/\/radiolifefm.com.br\/noticias\/na-espera-do-mensageiro-da-montanha-silenciosa-2\/#breadcrumb"},"inLanguage":"pt-BR","potentialAction":[{"@type":"ReadAction","target":["https:\/\/radiolifefm.com.br\/noticias\/na-espera-do-mensageiro-da-montanha-silenciosa-2\/"]}]},{"@type":"ImageObject","inLanguage":"pt-BR","@id":"https:\/\/radiolifefm.com.br\/noticias\/na-espera-do-mensageiro-da-montanha-silenciosa-2\/#primaryimage","url":"https:\/\/radiolifefm.com.br\/noticias\/wp-content\/uploads\/2022\/04\/WhatsApp-Image-2022-04-10-at-18.43.02.jpeg","contentUrl":"https:\/\/radiolifefm.com.br\/noticias\/wp-content\/uploads\/2022\/04\/WhatsApp-Image-2022-04-10-at-18.43.02.jpeg","width":972,"height":1296,"caption":"S\u00e9rgio Barbosa"},{"@type":"BreadcrumbList","@id":"https:\/\/radiolifefm.com.br\/noticias\/na-espera-do-mensageiro-da-montanha-silenciosa-2\/#breadcrumb","itemListElement":[{"@type":"ListItem","position":1,"name":"In\u00edcio","item":"https:\/\/radiolifefm.com.br\/noticias\/"},{"@type":"ListItem","position":2,"name":"Na espera do MENSAGEIRO da Montanha silenciosa&#8230;"}]},{"@type":"WebSite","@id":"https:\/\/radiolifefm.com.br\/noticias\/#website","url":"https:\/\/radiolifefm.com.br\/noticias\/","name":"R\u00e1dio Life FM","description":"O Portal de Not\u00edcias de Adamantina","publisher":{"@id":"https:\/\/radiolifefm.com.br\/noticias\/#organization"},"alternateName":"Life FM","potentialAction":[{"@type":"SearchAction","target":{"@type":"EntryPoint","urlTemplate":"https:\/\/radiolifefm.com.br\/noticias\/?s={search_term_string}"},"query-input":{"@type":"PropertyValueSpecification","valueRequired":true,"valueName":"search_term_string"}}],"inLanguage":"pt-BR"},{"@type":"Organization","@id":"https:\/\/radiolifefm.com.br\/noticias\/#organization","name":"R\u00e1dio Life FM","alternateName":"Life FM","url":"https:\/\/radiolifefm.com.br\/noticias\/","logo":{"@type":"ImageObject","inLanguage":"pt-BR","@id":"https:\/\/radiolifefm.com.br\/noticias\/#\/schema\/logo\/image\/","url":"https:\/\/static.radiolifefm.com.br\/noticias\/wp-content\/uploads\/2019\/10\/logo-lifefm.png","contentUrl":"https:\/\/static.radiolifefm.com.br\/noticias\/wp-content\/uploads\/2019\/10\/logo-lifefm.png","width":196,"height":47,"caption":"R\u00e1dio Life FM"},"image":{"@id":"https:\/\/radiolifefm.com.br\/noticias\/#\/schema\/logo\/image\/"},"sameAs":["https:\/\/www.facebook.com\/radiolifefm\/","https:\/\/www.instagram.com\/life1079fm\/"]},{"@type":"Person","@id":"https:\/\/radiolifefm.com.br\/noticias\/#\/schema\/person\/6339b9fac59d12b071dec680d7375d87","name":"ritanery","image":{"@type":"ImageObject","inLanguage":"pt-BR","@id":"https:\/\/secure.gravatar.com\/avatar\/0e37bb19071f47c0b8a23f62a903df117c5a0e75f65a0c2901562f97cd41cf86?s=96&d=mm&r=g","url":"https:\/\/secure.gravatar.com\/avatar\/0e37bb19071f47c0b8a23f62a903df117c5a0e75f65a0c2901562f97cd41cf86?s=96&d=mm&r=g","contentUrl":"https:\/\/secure.gravatar.com\/avatar\/0e37bb19071f47c0b8a23f62a903df117c5a0e75f65a0c2901562f97cd41cf86?s=96&d=mm&r=g","caption":"ritanery"}}]}},"amp_enabled":true,"_links":{"self":[{"href":"https:\/\/radiolifefm.com.br\/noticias\/wp-json\/wp\/v2\/posts\/94102","targetHints":{"allow":["GET"]}}],"collection":[{"href":"https:\/\/radiolifefm.com.br\/noticias\/wp-json\/wp\/v2\/posts"}],"about":[{"href":"https:\/\/radiolifefm.com.br\/noticias\/wp-json\/wp\/v2\/types\/post"}],"author":[{"embeddable":true,"href":"https:\/\/radiolifefm.com.br\/noticias\/wp-json\/wp\/v2\/users\/13"}],"replies":[{"embeddable":true,"href":"https:\/\/radiolifefm.com.br\/noticias\/wp-json\/wp\/v2\/comments?post=94102"}],"version-history":[{"count":1,"href":"https:\/\/radiolifefm.com.br\/noticias\/wp-json\/wp\/v2\/posts\/94102\/revisions"}],"predecessor-version":[{"id":94103,"href":"https:\/\/radiolifefm.com.br\/noticias\/wp-json\/wp\/v2\/posts\/94102\/revisions\/94103"}],"wp:featuredmedia":[{"embeddable":true,"href":"https:\/\/radiolifefm.com.br\/noticias\/wp-json\/wp\/v2\/media\/51988"}],"wp:attachment":[{"href":"https:\/\/radiolifefm.com.br\/noticias\/wp-json\/wp\/v2\/media?parent=94102"}],"wp:term":[{"taxonomy":"category","embeddable":true,"href":"https:\/\/radiolifefm.com.br\/noticias\/wp-json\/wp\/v2\/categories?post=94102"},{"taxonomy":"post_tag","embeddable":true,"href":"https:\/\/radiolifefm.com.br\/noticias\/wp-json\/wp\/v2\/tags?post=94102"}],"curies":[{"name":"wp","href":"https:\/\/api.w.org\/{rel}","templated":true}]}}