{"id":94011,"date":"2024-10-14T08:12:25","date_gmt":"2024-10-14T11:12:25","guid":{"rendered":"https:\/\/radiolifefm.com.br\/noticias\/?p=94011"},"modified":"2026-04-05T05:56:45","modified_gmt":"2026-04-05T08:56:45","slug":"sobre-todas-as-coisas-que-nao-existem-neste-tempo-2","status":"publish","type":"post","link":"https:\/\/radiolifefm.com.br\/noticias\/sobre-todas-as-coisas-que-nao-existem-neste-tempo-2\/","title":{"rendered":"Sobre todas as coisas que n\u00e3o existem neste tempo&#8230;"},"content":{"rendered":"<div id=\"fb-root\"><\/div>\n<p><strong><em>\u201cA imagina\u00e7\u00e3o \u00e9 positivamente aparentada com o infinito.\u201d (<\/em><\/strong><a href=\"https:\/\/www.pensador.com\/autor\/charles_baudelaire\/\"><strong><em>Charles Baudelaire<\/em><\/strong><\/a><strong><em>s)<\/em><\/strong><\/p>\n<p><strong><em>By seb@r.<\/em><\/strong><\/p>\n<p><strong><em>\u00c0 KARINA, dedico!<\/em><\/strong><\/p>\n<p>O que se pode escrever sobre aquilo que n\u00e3o existe e assim por diante, por\u00e9m, tudo pode ser arranjado pelos mediadores do passado, tendo em vista que o futuro est\u00e1 perdido no tempo&#8230;<\/p>\n<p>Assim, a inexist\u00eancia do que se pensa que existe est\u00e1 nas ideias de quem perdeu o bonde da outra vez e ficou sem saber pra onde seguir o caminho das recorda\u00e7\u00f5es que ficaram no outro tempo&#8230;<\/p>\n<p>De tudo que se pode acreditar que existe, talvez o olhar pode se perder nas contradi\u00e7\u00f5es dos di\u00e1logos do momento, assim, tudo pode se resolver para quem esteve naquele tempo&#8230;<\/p>\n<p>Portanto, se quiser acreditar na outra encena\u00e7\u00e3o que ficou do outro lado do cen\u00e1rio, pode-se trazer as penalidades que marcaram os pontos nas jogadas das perdas do tempo&#8230;<\/p>\n<p>As desilus\u00f5es est\u00e3o perdidas neste contexto mais do que interessante para ambos os lados, todavia, nada se pode projetar para uma aproxima\u00e7\u00e3o com o pecado da imagem em meio ao tempo&#8230;<\/p>\n<p>Todas as alternativas est\u00e3o censuradas pelo dono do saber que determinou isto ou aquilo, haja vista as necessidades dos mesmos de sempre, por isso, tudo devem estar de acordo com as exig\u00eancias do tempo&#8230;<\/p>\n<p>Tamb\u00e9m, a for\u00e7a do universo continua for\u00e7ando para que aquele outro lado possa estar do jeito da estrela cadente, desta forma, o cometa que passou n\u00e3o levou o tempo&#8230;<\/p>\n<p>As for\u00e7as do infinito est\u00e3o em desacordo com as constela\u00e7\u00f5es do outro lado da cosmovis\u00e3o, por\u00e9m, tudo pode acontecer daqui pra frente quando as estrelas estiverem em sintonia com o abismo estelar&#8230;<\/p>\n<p>Muitas das luzes se apagaram sem muitas considera\u00e7\u00f5es para com o cen\u00e1rio do apocalipse, todavia, existem uma ou duas portas que continuam entreabertas para uma recep\u00e7\u00e3o camuflada dos astros&#8230;<\/p>\n<p>As quest\u00f5es profanas est\u00e3o em conex\u00e3o com as d\u00favidas do sagrado, por\u00e9m, s\u00f3 mesmo a criatura pode saber qual dos caminhos deve seguir, tendo em vista que a estrela guia continua no escuro do universo&#8230;<\/p>\n<p>As asas da imagina\u00e7\u00e3o continuam as mesas para uma aproxima\u00e7\u00e3o sem limites com o Criador sem a criatura, entretanto, todos\/as est\u00e3o na espera das mesmas respostas do passado que est\u00e1 no presente em busca do futuro&#8230;<\/p>\n<p>Nada pra declarar frente ao senso comum que predomina nos quatro cantos do sistema universal dos planetas, assim, apenas um sinal pode trazer de volta aqueles que se foram em busca do infinito espacial&#8230;<\/p>\n<p>S\u00d3 MESMO A SUA IMAGINA\u00c7\u00c3O PODE TRAZER O COMETA DE VOLTA AO CEN\u00c1RIO PARA UMA APROXIMA\u00c7\u00c3O COM O INFINITO&#8230;<\/p>\n<p>&nbsp;<\/p>\n<p>&nbsp;<\/p>\n","protected":false},"excerpt":{"rendered":"<p>\u201cA imagina\u00e7\u00e3o \u00e9 positivamente aparentada com o infinito.\u201d (Charles Baudelaires) By seb@r. \u00c0 KARINA, dedico! O que se pode escrever sobre aquilo que n\u00e3o existe e assim por diante, por\u00e9m, tudo pode ser arranjado pelos mediadores do passado, tendo em vista que o futuro est\u00e1 perdido no tempo&#8230; Assim, a inexist\u00eancia do que se pensa [&hellip;]<\/p>\n","protected":false},"author":13,"featured_media":51988,"comment_status":"closed","ping_status":"open","sticky":false,"template":"","format":"standard","meta":{"_acf_changed":false,"_exactmetrics_skip_tracking":false,"_exactmetrics_sitenote_active":false,"_exactmetrics_sitenote_note":"","_exactmetrics_sitenote_category":0,"footnotes":""},"categories":[59],"tags":[],"class_list":["post-94011","post","type-post","status-publish","format-standard","has-post-thumbnail","hentry","category-opiniao"],"acf":[],"yoast_head":"<!-- This site is optimized with the Yoast SEO plugin v27.2 - https:\/\/yoast.com\/product\/yoast-seo-wordpress\/ -->\n<title>Sobre todas as coisas que n\u00e3o existem neste tempo... - R\u00e1dio Life FM<\/title>\n<meta name=\"robots\" content=\"index, follow, max-snippet:-1, max-image-preview:large, max-video-preview:-1\" \/>\n<link rel=\"canonical\" href=\"https:\/\/radiolifefm.com.br\/noticias\/sobre-todas-as-coisas-que-nao-existem-neste-tempo-2\/\" \/>\n<meta property=\"og:locale\" content=\"pt_BR\" \/>\n<meta property=\"og:type\" content=\"article\" \/>\n<meta property=\"og:title\" content=\"Sobre todas as coisas que n\u00e3o existem neste tempo... - R\u00e1dio Life FM\" \/>\n<meta property=\"og:description\" content=\"\u201cA imagina\u00e7\u00e3o \u00e9 positivamente aparentada com o infinito.\u201d (Charles Baudelaires) By seb@r. \u00c0 KARINA, dedico! O que se pode escrever sobre aquilo que n\u00e3o existe e assim por diante, por\u00e9m, tudo pode ser arranjado pelos mediadores do passado, tendo em vista que o futuro est\u00e1 perdido no tempo&#8230; Assim, a inexist\u00eancia do que se pensa [&hellip;]\" \/>\n<meta property=\"og:url\" content=\"https:\/\/radiolifefm.com.br\/noticias\/sobre-todas-as-coisas-que-nao-existem-neste-tempo-2\/\" \/>\n<meta property=\"og:site_name\" content=\"R\u00e1dio Life FM\" \/>\n<meta property=\"article:publisher\" content=\"https:\/\/www.facebook.com\/radiolifefm\/\" \/>\n<meta property=\"article:published_time\" content=\"2024-10-14T11:12:25+00:00\" \/>\n<meta property=\"article:modified_time\" content=\"2026-04-05T08:56:45+00:00\" \/>\n<meta property=\"og:image\" content=\"https:\/\/radiolifefm.com.br\/noticias\/wp-content\/uploads\/2022\/04\/WhatsApp-Image-2022-04-10-at-18.43.02.jpeg\" \/>\n\t<meta property=\"og:image:width\" content=\"972\" \/>\n\t<meta property=\"og:image:height\" content=\"1296\" \/>\n\t<meta property=\"og:image:type\" content=\"image\/jpeg\" \/>\n<meta name=\"author\" content=\"ritanery\" \/>\n<meta name=\"twitter:card\" content=\"summary_large_image\" \/>\n<meta name=\"twitter:label1\" content=\"Escrito por\" \/>\n\t<meta name=\"twitter:data1\" content=\"ritanery\" \/>\n\t<meta name=\"twitter:label2\" content=\"Est. tempo de leitura\" \/>\n\t<meta name=\"twitter:data2\" content=\"3 minutos\" \/>\n<script type=\"application\/ld+json\" class=\"yoast-schema-graph\">{\"@context\":\"https:\/\/schema.org\",\"@graph\":[{\"@type\":\"Article\",\"@id\":\"https:\/\/radiolifefm.com.br\/noticias\/sobre-todas-as-coisas-que-nao-existem-neste-tempo-2\/#article\",\"isPartOf\":{\"@id\":\"https:\/\/radiolifefm.com.br\/noticias\/sobre-todas-as-coisas-que-nao-existem-neste-tempo-2\/\"},\"author\":{\"name\":\"ritanery\",\"@id\":\"https:\/\/radiolifefm.com.br\/noticias\/#\/schema\/person\/6339b9fac59d12b071dec680d7375d87\"},\"headline\":\"Sobre todas as coisas que n\u00e3o existem neste tempo&#8230;\",\"datePublished\":\"2024-10-14T11:12:25+00:00\",\"dateModified\":\"2026-04-05T08:56:45+00:00\",\"mainEntityOfPage\":{\"@id\":\"https:\/\/radiolifefm.com.br\/noticias\/sobre-todas-as-coisas-que-nao-existem-neste-tempo-2\/\"},\"wordCount\":471,\"publisher\":{\"@id\":\"https:\/\/radiolifefm.com.br\/noticias\/#organization\"},\"image\":{\"@id\":\"https:\/\/radiolifefm.com.br\/noticias\/sobre-todas-as-coisas-que-nao-existem-neste-tempo-2\/#primaryimage\"},\"thumbnailUrl\":\"https:\/\/radiolifefm.com.br\/noticias\/wp-content\/uploads\/2022\/04\/WhatsApp-Image-2022-04-10-at-18.43.02.jpeg\",\"articleSection\":[\"Opini\u00e3o\"],\"inLanguage\":\"pt-BR\"},{\"@type\":\"WebPage\",\"@id\":\"https:\/\/radiolifefm.com.br\/noticias\/sobre-todas-as-coisas-que-nao-existem-neste-tempo-2\/\",\"url\":\"https:\/\/radiolifefm.com.br\/noticias\/sobre-todas-as-coisas-que-nao-existem-neste-tempo-2\/\",\"name\":\"Sobre todas as coisas que n\u00e3o existem neste tempo... - R\u00e1dio Life FM\",\"isPartOf\":{\"@id\":\"https:\/\/radiolifefm.com.br\/noticias\/#website\"},\"primaryImageOfPage\":{\"@id\":\"https:\/\/radiolifefm.com.br\/noticias\/sobre-todas-as-coisas-que-nao-existem-neste-tempo-2\/#primaryimage\"},\"image\":{\"@id\":\"https:\/\/radiolifefm.com.br\/noticias\/sobre-todas-as-coisas-que-nao-existem-neste-tempo-2\/#primaryimage\"},\"thumbnailUrl\":\"https:\/\/radiolifefm.com.br\/noticias\/wp-content\/uploads\/2022\/04\/WhatsApp-Image-2022-04-10-at-18.43.02.jpeg\",\"datePublished\":\"2024-10-14T11:12:25+00:00\",\"dateModified\":\"2026-04-05T08:56:45+00:00\",\"breadcrumb\":{\"@id\":\"https:\/\/radiolifefm.com.br\/noticias\/sobre-todas-as-coisas-que-nao-existem-neste-tempo-2\/#breadcrumb\"},\"inLanguage\":\"pt-BR\",\"potentialAction\":[{\"@type\":\"ReadAction\",\"target\":[\"https:\/\/radiolifefm.com.br\/noticias\/sobre-todas-as-coisas-que-nao-existem-neste-tempo-2\/\"]}]},{\"@type\":\"ImageObject\",\"inLanguage\":\"pt-BR\",\"@id\":\"https:\/\/radiolifefm.com.br\/noticias\/sobre-todas-as-coisas-que-nao-existem-neste-tempo-2\/#primaryimage\",\"url\":\"https:\/\/radiolifefm.com.br\/noticias\/wp-content\/uploads\/2022\/04\/WhatsApp-Image-2022-04-10-at-18.43.02.jpeg\",\"contentUrl\":\"https:\/\/radiolifefm.com.br\/noticias\/wp-content\/uploads\/2022\/04\/WhatsApp-Image-2022-04-10-at-18.43.02.jpeg\",\"width\":972,\"height\":1296,\"caption\":\"S\u00e9rgio Barbosa\"},{\"@type\":\"BreadcrumbList\",\"@id\":\"https:\/\/radiolifefm.com.br\/noticias\/sobre-todas-as-coisas-que-nao-existem-neste-tempo-2\/#breadcrumb\",\"itemListElement\":[{\"@type\":\"ListItem\",\"position\":1,\"name\":\"In\u00edcio\",\"item\":\"https:\/\/radiolifefm.com.br\/noticias\/\"},{\"@type\":\"ListItem\",\"position\":2,\"name\":\"Sobre todas as coisas que n\u00e3o existem neste tempo&#8230;\"}]},{\"@type\":\"WebSite\",\"@id\":\"https:\/\/radiolifefm.com.br\/noticias\/#website\",\"url\":\"https:\/\/radiolifefm.com.br\/noticias\/\",\"name\":\"R\u00e1dio Life FM\",\"description\":\"O Portal de Not\u00edcias de Adamantina\",\"publisher\":{\"@id\":\"https:\/\/radiolifefm.com.br\/noticias\/#organization\"},\"alternateName\":\"Life FM\",\"potentialAction\":[{\"@type\":\"SearchAction\",\"target\":{\"@type\":\"EntryPoint\",\"urlTemplate\":\"https:\/\/radiolifefm.com.br\/noticias\/?s={search_term_string}\"},\"query-input\":{\"@type\":\"PropertyValueSpecification\",\"valueRequired\":true,\"valueName\":\"search_term_string\"}}],\"inLanguage\":\"pt-BR\"},{\"@type\":\"Organization\",\"@id\":\"https:\/\/radiolifefm.com.br\/noticias\/#organization\",\"name\":\"R\u00e1dio Life FM\",\"alternateName\":\"Life FM\",\"url\":\"https:\/\/radiolifefm.com.br\/noticias\/\",\"logo\":{\"@type\":\"ImageObject\",\"inLanguage\":\"pt-BR\",\"@id\":\"https:\/\/radiolifefm.com.br\/noticias\/#\/schema\/logo\/image\/\",\"url\":\"https:\/\/static.radiolifefm.com.br\/noticias\/wp-content\/uploads\/2019\/10\/logo-lifefm.png\",\"contentUrl\":\"https:\/\/static.radiolifefm.com.br\/noticias\/wp-content\/uploads\/2019\/10\/logo-lifefm.png\",\"width\":196,\"height\":47,\"caption\":\"R\u00e1dio Life FM\"},\"image\":{\"@id\":\"https:\/\/radiolifefm.com.br\/noticias\/#\/schema\/logo\/image\/\"},\"sameAs\":[\"https:\/\/www.facebook.com\/radiolifefm\/\",\"https:\/\/www.instagram.com\/life1079fm\/\"]},{\"@type\":\"Person\",\"@id\":\"https:\/\/radiolifefm.com.br\/noticias\/#\/schema\/person\/6339b9fac59d12b071dec680d7375d87\",\"name\":\"ritanery\",\"image\":{\"@type\":\"ImageObject\",\"inLanguage\":\"pt-BR\",\"@id\":\"https:\/\/secure.gravatar.com\/avatar\/0e37bb19071f47c0b8a23f62a903df117c5a0e75f65a0c2901562f97cd41cf86?s=96&d=mm&r=g\",\"url\":\"https:\/\/secure.gravatar.com\/avatar\/0e37bb19071f47c0b8a23f62a903df117c5a0e75f65a0c2901562f97cd41cf86?s=96&d=mm&r=g\",\"contentUrl\":\"https:\/\/secure.gravatar.com\/avatar\/0e37bb19071f47c0b8a23f62a903df117c5a0e75f65a0c2901562f97cd41cf86?s=96&d=mm&r=g\",\"caption\":\"ritanery\"}}]}<\/script>\n<!-- \/ Yoast SEO plugin. -->","yoast_head_json":{"title":"Sobre todas as coisas que n\u00e3o existem neste tempo... - R\u00e1dio Life FM","robots":{"index":"index","follow":"follow","max-snippet":"max-snippet:-1","max-image-preview":"max-image-preview:large","max-video-preview":"max-video-preview:-1"},"canonical":"https:\/\/radiolifefm.com.br\/noticias\/sobre-todas-as-coisas-que-nao-existem-neste-tempo-2\/","og_locale":"pt_BR","og_type":"article","og_title":"Sobre todas as coisas que n\u00e3o existem neste tempo... - R\u00e1dio Life FM","og_description":"\u201cA imagina\u00e7\u00e3o \u00e9 positivamente aparentada com o infinito.\u201d (Charles Baudelaires) By seb@r. \u00c0 KARINA, dedico! O que se pode escrever sobre aquilo que n\u00e3o existe e assim por diante, por\u00e9m, tudo pode ser arranjado pelos mediadores do passado, tendo em vista que o futuro est\u00e1 perdido no tempo&#8230; Assim, a inexist\u00eancia do que se pensa [&hellip;]","og_url":"https:\/\/radiolifefm.com.br\/noticias\/sobre-todas-as-coisas-que-nao-existem-neste-tempo-2\/","og_site_name":"R\u00e1dio Life FM","article_publisher":"https:\/\/www.facebook.com\/radiolifefm\/","article_published_time":"2024-10-14T11:12:25+00:00","article_modified_time":"2026-04-05T08:56:45+00:00","og_image":[{"width":972,"height":1296,"url":"https:\/\/radiolifefm.com.br\/noticias\/wp-content\/uploads\/2022\/04\/WhatsApp-Image-2022-04-10-at-18.43.02.jpeg","type":"image\/jpeg"}],"author":"ritanery","twitter_card":"summary_large_image","twitter_misc":{"Escrito por":"ritanery","Est. tempo de leitura":"3 minutos"},"schema":{"@context":"https:\/\/schema.org","@graph":[{"@type":"Article","@id":"https:\/\/radiolifefm.com.br\/noticias\/sobre-todas-as-coisas-que-nao-existem-neste-tempo-2\/#article","isPartOf":{"@id":"https:\/\/radiolifefm.com.br\/noticias\/sobre-todas-as-coisas-que-nao-existem-neste-tempo-2\/"},"author":{"name":"ritanery","@id":"https:\/\/radiolifefm.com.br\/noticias\/#\/schema\/person\/6339b9fac59d12b071dec680d7375d87"},"headline":"Sobre todas as coisas que n\u00e3o existem neste tempo&#8230;","datePublished":"2024-10-14T11:12:25+00:00","dateModified":"2026-04-05T08:56:45+00:00","mainEntityOfPage":{"@id":"https:\/\/radiolifefm.com.br\/noticias\/sobre-todas-as-coisas-que-nao-existem-neste-tempo-2\/"},"wordCount":471,"publisher":{"@id":"https:\/\/radiolifefm.com.br\/noticias\/#organization"},"image":{"@id":"https:\/\/radiolifefm.com.br\/noticias\/sobre-todas-as-coisas-que-nao-existem-neste-tempo-2\/#primaryimage"},"thumbnailUrl":"https:\/\/radiolifefm.com.br\/noticias\/wp-content\/uploads\/2022\/04\/WhatsApp-Image-2022-04-10-at-18.43.02.jpeg","articleSection":["Opini\u00e3o"],"inLanguage":"pt-BR"},{"@type":"WebPage","@id":"https:\/\/radiolifefm.com.br\/noticias\/sobre-todas-as-coisas-que-nao-existem-neste-tempo-2\/","url":"https:\/\/radiolifefm.com.br\/noticias\/sobre-todas-as-coisas-que-nao-existem-neste-tempo-2\/","name":"Sobre todas as coisas que n\u00e3o existem neste tempo... - R\u00e1dio Life FM","isPartOf":{"@id":"https:\/\/radiolifefm.com.br\/noticias\/#website"},"primaryImageOfPage":{"@id":"https:\/\/radiolifefm.com.br\/noticias\/sobre-todas-as-coisas-que-nao-existem-neste-tempo-2\/#primaryimage"},"image":{"@id":"https:\/\/radiolifefm.com.br\/noticias\/sobre-todas-as-coisas-que-nao-existem-neste-tempo-2\/#primaryimage"},"thumbnailUrl":"https:\/\/radiolifefm.com.br\/noticias\/wp-content\/uploads\/2022\/04\/WhatsApp-Image-2022-04-10-at-18.43.02.jpeg","datePublished":"2024-10-14T11:12:25+00:00","dateModified":"2026-04-05T08:56:45+00:00","breadcrumb":{"@id":"https:\/\/radiolifefm.com.br\/noticias\/sobre-todas-as-coisas-que-nao-existem-neste-tempo-2\/#breadcrumb"},"inLanguage":"pt-BR","potentialAction":[{"@type":"ReadAction","target":["https:\/\/radiolifefm.com.br\/noticias\/sobre-todas-as-coisas-que-nao-existem-neste-tempo-2\/"]}]},{"@type":"ImageObject","inLanguage":"pt-BR","@id":"https:\/\/radiolifefm.com.br\/noticias\/sobre-todas-as-coisas-que-nao-existem-neste-tempo-2\/#primaryimage","url":"https:\/\/radiolifefm.com.br\/noticias\/wp-content\/uploads\/2022\/04\/WhatsApp-Image-2022-04-10-at-18.43.02.jpeg","contentUrl":"https:\/\/radiolifefm.com.br\/noticias\/wp-content\/uploads\/2022\/04\/WhatsApp-Image-2022-04-10-at-18.43.02.jpeg","width":972,"height":1296,"caption":"S\u00e9rgio Barbosa"},{"@type":"BreadcrumbList","@id":"https:\/\/radiolifefm.com.br\/noticias\/sobre-todas-as-coisas-que-nao-existem-neste-tempo-2\/#breadcrumb","itemListElement":[{"@type":"ListItem","position":1,"name":"In\u00edcio","item":"https:\/\/radiolifefm.com.br\/noticias\/"},{"@type":"ListItem","position":2,"name":"Sobre todas as coisas que n\u00e3o existem neste tempo&#8230;"}]},{"@type":"WebSite","@id":"https:\/\/radiolifefm.com.br\/noticias\/#website","url":"https:\/\/radiolifefm.com.br\/noticias\/","name":"R\u00e1dio Life FM","description":"O Portal de Not\u00edcias de Adamantina","publisher":{"@id":"https:\/\/radiolifefm.com.br\/noticias\/#organization"},"alternateName":"Life FM","potentialAction":[{"@type":"SearchAction","target":{"@type":"EntryPoint","urlTemplate":"https:\/\/radiolifefm.com.br\/noticias\/?s={search_term_string}"},"query-input":{"@type":"PropertyValueSpecification","valueRequired":true,"valueName":"search_term_string"}}],"inLanguage":"pt-BR"},{"@type":"Organization","@id":"https:\/\/radiolifefm.com.br\/noticias\/#organization","name":"R\u00e1dio Life FM","alternateName":"Life FM","url":"https:\/\/radiolifefm.com.br\/noticias\/","logo":{"@type":"ImageObject","inLanguage":"pt-BR","@id":"https:\/\/radiolifefm.com.br\/noticias\/#\/schema\/logo\/image\/","url":"https:\/\/static.radiolifefm.com.br\/noticias\/wp-content\/uploads\/2019\/10\/logo-lifefm.png","contentUrl":"https:\/\/static.radiolifefm.com.br\/noticias\/wp-content\/uploads\/2019\/10\/logo-lifefm.png","width":196,"height":47,"caption":"R\u00e1dio Life FM"},"image":{"@id":"https:\/\/radiolifefm.com.br\/noticias\/#\/schema\/logo\/image\/"},"sameAs":["https:\/\/www.facebook.com\/radiolifefm\/","https:\/\/www.instagram.com\/life1079fm\/"]},{"@type":"Person","@id":"https:\/\/radiolifefm.com.br\/noticias\/#\/schema\/person\/6339b9fac59d12b071dec680d7375d87","name":"ritanery","image":{"@type":"ImageObject","inLanguage":"pt-BR","@id":"https:\/\/secure.gravatar.com\/avatar\/0e37bb19071f47c0b8a23f62a903df117c5a0e75f65a0c2901562f97cd41cf86?s=96&d=mm&r=g","url":"https:\/\/secure.gravatar.com\/avatar\/0e37bb19071f47c0b8a23f62a903df117c5a0e75f65a0c2901562f97cd41cf86?s=96&d=mm&r=g","contentUrl":"https:\/\/secure.gravatar.com\/avatar\/0e37bb19071f47c0b8a23f62a903df117c5a0e75f65a0c2901562f97cd41cf86?s=96&d=mm&r=g","caption":"ritanery"}}]}},"amp_enabled":true,"_links":{"self":[{"href":"https:\/\/radiolifefm.com.br\/noticias\/wp-json\/wp\/v2\/posts\/94011","targetHints":{"allow":["GET"]}}],"collection":[{"href":"https:\/\/radiolifefm.com.br\/noticias\/wp-json\/wp\/v2\/posts"}],"about":[{"href":"https:\/\/radiolifefm.com.br\/noticias\/wp-json\/wp\/v2\/types\/post"}],"author":[{"embeddable":true,"href":"https:\/\/radiolifefm.com.br\/noticias\/wp-json\/wp\/v2\/users\/13"}],"replies":[{"embeddable":true,"href":"https:\/\/radiolifefm.com.br\/noticias\/wp-json\/wp\/v2\/comments?post=94011"}],"version-history":[{"count":1,"href":"https:\/\/radiolifefm.com.br\/noticias\/wp-json\/wp\/v2\/posts\/94011\/revisions"}],"predecessor-version":[{"id":94012,"href":"https:\/\/radiolifefm.com.br\/noticias\/wp-json\/wp\/v2\/posts\/94011\/revisions\/94012"}],"wp:featuredmedia":[{"embeddable":true,"href":"https:\/\/radiolifefm.com.br\/noticias\/wp-json\/wp\/v2\/media\/51988"}],"wp:attachment":[{"href":"https:\/\/radiolifefm.com.br\/noticias\/wp-json\/wp\/v2\/media?parent=94011"}],"wp:term":[{"taxonomy":"category","embeddable":true,"href":"https:\/\/radiolifefm.com.br\/noticias\/wp-json\/wp\/v2\/categories?post=94011"},{"taxonomy":"post_tag","embeddable":true,"href":"https:\/\/radiolifefm.com.br\/noticias\/wp-json\/wp\/v2\/tags?post=94011"}],"curies":[{"name":"wp","href":"https:\/\/api.w.org\/{rel}","templated":true}]}}