{"id":94009,"date":"2024-10-11T08:06:22","date_gmt":"2024-10-11T11:06:22","guid":{"rendered":"https:\/\/radiolifefm.com.br\/noticias\/?p=94009"},"modified":"2025-12-30T14:37:02","modified_gmt":"2025-12-30T17:37:02","slug":"provincia-che-guevara-e-eleicoes","status":"publish","type":"post","link":"https:\/\/radiolifefm.com.br\/noticias\/provincia-che-guevara-e-eleicoes\/","title":{"rendered":"Prov\u00edncia, CHE GUEVARA e elei\u00e7\u00f5es&#8230;"},"content":{"rendered":"<div id=\"fb-root\"><\/div>\n<p><strong>\u201cSe voc\u00ea \u00e9 capaz de tremer de indigna\u00e7\u00e3o a cada vez que se comete uma injusti\u00e7a no mundo, ent\u00e3o somos companheiros.\u201d (<\/strong><a href=\"https:\/\/www.pensador.com\/autor\/che_guevara\/\"><strong>Che Guevara<\/strong><\/a><strong>)<\/strong><\/p>\n<p><strong>\u00a0<\/strong><\/p>\n<p><strong>By seb@r.<\/strong><\/p>\n<p>Conforme o PROMETIDO, ainda, escrito nos \u00faltimos artigos, bem como, COMENTADO nas esquinas desta PROV\u00cdNCIA DO FAZ DE CONTA, confirmei no dia 6, domingo, o VOTO EM BRANCO para o EXECUTIVO PROVINCIANO&#8230;<\/p>\n<p>Desta forma, deve-se registrar que n\u00e3o assumi nenhum COMPROMISSO com o NOVO GESTOR MUNICIPAL para os pr\u00f3ximos anos, isso \u00e9, a partir de JANEIRO de 2.025&#8230;<\/p>\n<p>Por\u00e9m, tudo indica que tal TROCA DE COMANDO depois de 8 longos anos de IDAS e VINDAS da Gest\u00e3o PINOQUIANA com sua turma de ALOPRADOS\/AS, possa ser mais do que interessante&#8230;<\/p>\n<p>Todavia, no quesito IDEOL\u00d3GICO, pode-se afirmar que a TROCA foi de SEIS POR MEIA DUZIA como diz o dito popular, haja vista que s\u00e3o todos do mesmo LADO daquele outro LADO&#8230;<\/p>\n<p>Mesmo assim, mais uma vez torna-se necess\u00e1rio registrar aquele outro dito popular que afirma, a saber: SE VOC\u00ca PENSA QUE T\u00c1 RUIM, PODE PIORAR&#8230;<\/p>\n<p>N\u00e3o se pode deixar de lado a ELEI\u00c7\u00c3O para o LEGISLATIVO PROVINCIANO, mesmo com a DAN\u00c7A DAS CADEIRAS, n\u00e3o se pode esperar muita COISA desta mesma COISA, tendo em vista que os denominados CACIQUES POL\u00cdTICOS, permaneceram nas CADEIRAS&#8230;<\/p>\n<p>Al\u00e9m do mais em meio ao tudo de menos, nada mais do que est\u00e1 a\u00ed pode ser alterado em nome deste ou daquele GRUPO POL\u00cdTICO, se bem que vai continuar o mesmo JOGO VICIADO de todo o sempre nesta PROV\u00cdNCIA DO FAZ DE CONTA&#8230;<\/p>\n<p>Por\u00e9m, o RESULTADO pode ter sido uma SURPRESA para este NOME, haja vista que para o ELEITO, talvez tenha ocorrido o esperado por causa disto e mais aquilo&#8230;<\/p>\n<p>Espera-se, tamb\u00e9m, que a tal BOIADA n\u00e3o volte a se manifestar nas A\u00c7\u00d5ES que envolvem o outro lado do PODER, ou seja, nas PARDES ALVAS, tendo em vista que o CEN\u00c1RIO naqueles lados continua um tanto quanto COMPLICADO&#8230;<\/p>\n<p>Por\u00e9m, NADA COMO UM DIA DEPOIS DO OUTRO, ainda mais me terras PROV\u00cdNCIANAS, assim, cada qual deve saber pra onde CORRER depois destes RESULTADOS quanto ao EXECUTIVO e LEGISLATIVO PROVINCIANO&#8230;<\/p>\n<p>N\u00e3o se pode deixar de lado que a DIREITA VOLVER est\u00e1 no PODER, se bem que, sempre esteve em n\u00edvel REGIOCAL, ou seja, do REGIONAL para o LOCAL desde o in\u00edcio nesta PROV\u00cdNCIA DO FAZ DE CONTA&#8230;<\/p>\n<p>Ah! Estava esquecendo do CHE GUEVARA, ent\u00e3o, neste fat\u00eddico dia 9 de OUTUBRO, no ano de 1.967, foi ASSASSINADO em terras BOLIVIANAS pelo EX\u00c9RCITO, ainda, com apoio dos RANGERS do TIO SAM (EUA), o carism\u00e1tico e qualificado HER\u00d3I CUBANO, conhecido mundialmente e respeitado como CHE GUEVARA&#8230;<\/p>\n<p>AVE EL COMANDANTE CHE GUEVARA!<\/p>\n<p>&nbsp;<\/p>\n<p>&nbsp;<\/p>\n<p><strong>e-mail: <\/strong><a href=\"mailto:barbosa.sebar@gmail.com\"><strong>barbosa.sebar@gmail.com<\/strong><\/a><\/p>\n","protected":false},"excerpt":{"rendered":"<p>\u201cSe voc\u00ea \u00e9 capaz de tremer de indigna\u00e7\u00e3o a cada vez que se comete uma injusti\u00e7a no mundo, ent\u00e3o somos companheiros.\u201d (Che Guevara) \u00a0 By seb@r. Conforme o PROMETIDO, ainda, escrito nos \u00faltimos artigos, bem como, COMENTADO nas esquinas desta PROV\u00cdNCIA DO FAZ DE CONTA, confirmei no dia 6, domingo, o VOTO EM BRANCO para [&hellip;]<\/p>\n","protected":false},"author":13,"featured_media":51988,"comment_status":"closed","ping_status":"open","sticky":false,"template":"","format":"standard","meta":{"_acf_changed":false,"_exactmetrics_skip_tracking":false,"_exactmetrics_sitenote_active":false,"_exactmetrics_sitenote_note":"","_exactmetrics_sitenote_category":0,"footnotes":""},"categories":[59],"tags":[],"class_list":["post-94009","post","type-post","status-publish","format-standard","has-post-thumbnail","hentry","category-opiniao"],"acf":[],"yoast_head":"<!-- This site is optimized with the Yoast SEO plugin v27.2 - https:\/\/yoast.com\/product\/yoast-seo-wordpress\/ -->\n<title>Prov\u00edncia, CHE GUEVARA e elei\u00e7\u00f5es... - R\u00e1dio Life FM<\/title>\n<meta name=\"robots\" content=\"index, follow, max-snippet:-1, max-image-preview:large, max-video-preview:-1\" \/>\n<link rel=\"canonical\" href=\"https:\/\/radiolifefm.com.br\/noticias\/provincia-che-guevara-e-eleicoes\/\" \/>\n<meta property=\"og:locale\" content=\"pt_BR\" \/>\n<meta property=\"og:type\" content=\"article\" \/>\n<meta property=\"og:title\" content=\"Prov\u00edncia, CHE GUEVARA e elei\u00e7\u00f5es... - R\u00e1dio Life FM\" \/>\n<meta property=\"og:description\" content=\"\u201cSe voc\u00ea \u00e9 capaz de tremer de indigna\u00e7\u00e3o a cada vez que se comete uma injusti\u00e7a no mundo, ent\u00e3o somos companheiros.\u201d (Che Guevara) \u00a0 By seb@r. Conforme o PROMETIDO, ainda, escrito nos \u00faltimos artigos, bem como, COMENTADO nas esquinas desta PROV\u00cdNCIA DO FAZ DE CONTA, confirmei no dia 6, domingo, o VOTO EM BRANCO para [&hellip;]\" \/>\n<meta property=\"og:url\" content=\"https:\/\/radiolifefm.com.br\/noticias\/provincia-che-guevara-e-eleicoes\/\" \/>\n<meta property=\"og:site_name\" content=\"R\u00e1dio Life FM\" \/>\n<meta property=\"article:publisher\" content=\"https:\/\/www.facebook.com\/radiolifefm\/\" \/>\n<meta property=\"article:published_time\" content=\"2024-10-11T11:06:22+00:00\" \/>\n<meta property=\"article:modified_time\" content=\"2025-12-30T17:37:02+00:00\" \/>\n<meta property=\"og:image\" content=\"https:\/\/radiolifefm.com.br\/noticias\/wp-content\/uploads\/2022\/04\/WhatsApp-Image-2022-04-10-at-18.43.02.jpeg\" \/>\n\t<meta property=\"og:image:width\" content=\"972\" \/>\n\t<meta property=\"og:image:height\" content=\"1296\" \/>\n\t<meta property=\"og:image:type\" content=\"image\/jpeg\" \/>\n<meta name=\"author\" content=\"ritanery\" \/>\n<meta name=\"twitter:card\" content=\"summary_large_image\" \/>\n<meta name=\"twitter:label1\" content=\"Escrito por\" \/>\n\t<meta name=\"twitter:data1\" content=\"ritanery\" \/>\n\t<meta name=\"twitter:label2\" content=\"Est. tempo de leitura\" \/>\n\t<meta name=\"twitter:data2\" content=\"3 minutos\" \/>\n<script type=\"application\/ld+json\" class=\"yoast-schema-graph\">{\"@context\":\"https:\/\/schema.org\",\"@graph\":[{\"@type\":\"Article\",\"@id\":\"https:\/\/radiolifefm.com.br\/noticias\/provincia-che-guevara-e-eleicoes\/#article\",\"isPartOf\":{\"@id\":\"https:\/\/radiolifefm.com.br\/noticias\/provincia-che-guevara-e-eleicoes\/\"},\"author\":{\"name\":\"ritanery\",\"@id\":\"https:\/\/radiolifefm.com.br\/noticias\/#\/schema\/person\/6339b9fac59d12b071dec680d7375d87\"},\"headline\":\"Prov\u00edncia, CHE GUEVARA e elei\u00e7\u00f5es&#8230;\",\"datePublished\":\"2024-10-11T11:06:22+00:00\",\"dateModified\":\"2025-12-30T17:37:02+00:00\",\"mainEntityOfPage\":{\"@id\":\"https:\/\/radiolifefm.com.br\/noticias\/provincia-che-guevara-e-eleicoes\/\"},\"wordCount\":479,\"publisher\":{\"@id\":\"https:\/\/radiolifefm.com.br\/noticias\/#organization\"},\"image\":{\"@id\":\"https:\/\/radiolifefm.com.br\/noticias\/provincia-che-guevara-e-eleicoes\/#primaryimage\"},\"thumbnailUrl\":\"https:\/\/radiolifefm.com.br\/noticias\/wp-content\/uploads\/2022\/04\/WhatsApp-Image-2022-04-10-at-18.43.02.jpeg\",\"articleSection\":[\"Opini\u00e3o\"],\"inLanguage\":\"pt-BR\"},{\"@type\":\"WebPage\",\"@id\":\"https:\/\/radiolifefm.com.br\/noticias\/provincia-che-guevara-e-eleicoes\/\",\"url\":\"https:\/\/radiolifefm.com.br\/noticias\/provincia-che-guevara-e-eleicoes\/\",\"name\":\"Prov\u00edncia, CHE GUEVARA e elei\u00e7\u00f5es... - R\u00e1dio Life FM\",\"isPartOf\":{\"@id\":\"https:\/\/radiolifefm.com.br\/noticias\/#website\"},\"primaryImageOfPage\":{\"@id\":\"https:\/\/radiolifefm.com.br\/noticias\/provincia-che-guevara-e-eleicoes\/#primaryimage\"},\"image\":{\"@id\":\"https:\/\/radiolifefm.com.br\/noticias\/provincia-che-guevara-e-eleicoes\/#primaryimage\"},\"thumbnailUrl\":\"https:\/\/radiolifefm.com.br\/noticias\/wp-content\/uploads\/2022\/04\/WhatsApp-Image-2022-04-10-at-18.43.02.jpeg\",\"datePublished\":\"2024-10-11T11:06:22+00:00\",\"dateModified\":\"2025-12-30T17:37:02+00:00\",\"breadcrumb\":{\"@id\":\"https:\/\/radiolifefm.com.br\/noticias\/provincia-che-guevara-e-eleicoes\/#breadcrumb\"},\"inLanguage\":\"pt-BR\",\"potentialAction\":[{\"@type\":\"ReadAction\",\"target\":[\"https:\/\/radiolifefm.com.br\/noticias\/provincia-che-guevara-e-eleicoes\/\"]}]},{\"@type\":\"ImageObject\",\"inLanguage\":\"pt-BR\",\"@id\":\"https:\/\/radiolifefm.com.br\/noticias\/provincia-che-guevara-e-eleicoes\/#primaryimage\",\"url\":\"https:\/\/radiolifefm.com.br\/noticias\/wp-content\/uploads\/2022\/04\/WhatsApp-Image-2022-04-10-at-18.43.02.jpeg\",\"contentUrl\":\"https:\/\/radiolifefm.com.br\/noticias\/wp-content\/uploads\/2022\/04\/WhatsApp-Image-2022-04-10-at-18.43.02.jpeg\",\"width\":972,\"height\":1296,\"caption\":\"S\u00e9rgio Barbosa\"},{\"@type\":\"BreadcrumbList\",\"@id\":\"https:\/\/radiolifefm.com.br\/noticias\/provincia-che-guevara-e-eleicoes\/#breadcrumb\",\"itemListElement\":[{\"@type\":\"ListItem\",\"position\":1,\"name\":\"In\u00edcio\",\"item\":\"https:\/\/radiolifefm.com.br\/noticias\/\"},{\"@type\":\"ListItem\",\"position\":2,\"name\":\"Prov\u00edncia, CHE GUEVARA e elei\u00e7\u00f5es&#8230;\"}]},{\"@type\":\"WebSite\",\"@id\":\"https:\/\/radiolifefm.com.br\/noticias\/#website\",\"url\":\"https:\/\/radiolifefm.com.br\/noticias\/\",\"name\":\"R\u00e1dio Life FM\",\"description\":\"O Portal de Not\u00edcias de Adamantina\",\"publisher\":{\"@id\":\"https:\/\/radiolifefm.com.br\/noticias\/#organization\"},\"alternateName\":\"Life FM\",\"potentialAction\":[{\"@type\":\"SearchAction\",\"target\":{\"@type\":\"EntryPoint\",\"urlTemplate\":\"https:\/\/radiolifefm.com.br\/noticias\/?s={search_term_string}\"},\"query-input\":{\"@type\":\"PropertyValueSpecification\",\"valueRequired\":true,\"valueName\":\"search_term_string\"}}],\"inLanguage\":\"pt-BR\"},{\"@type\":\"Organization\",\"@id\":\"https:\/\/radiolifefm.com.br\/noticias\/#organization\",\"name\":\"R\u00e1dio Life FM\",\"alternateName\":\"Life FM\",\"url\":\"https:\/\/radiolifefm.com.br\/noticias\/\",\"logo\":{\"@type\":\"ImageObject\",\"inLanguage\":\"pt-BR\",\"@id\":\"https:\/\/radiolifefm.com.br\/noticias\/#\/schema\/logo\/image\/\",\"url\":\"https:\/\/static.radiolifefm.com.br\/noticias\/wp-content\/uploads\/2019\/10\/logo-lifefm.png\",\"contentUrl\":\"https:\/\/static.radiolifefm.com.br\/noticias\/wp-content\/uploads\/2019\/10\/logo-lifefm.png\",\"width\":196,\"height\":47,\"caption\":\"R\u00e1dio Life FM\"},\"image\":{\"@id\":\"https:\/\/radiolifefm.com.br\/noticias\/#\/schema\/logo\/image\/\"},\"sameAs\":[\"https:\/\/www.facebook.com\/radiolifefm\/\",\"https:\/\/www.instagram.com\/life1079fm\/\"]},{\"@type\":\"Person\",\"@id\":\"https:\/\/radiolifefm.com.br\/noticias\/#\/schema\/person\/6339b9fac59d12b071dec680d7375d87\",\"name\":\"ritanery\",\"image\":{\"@type\":\"ImageObject\",\"inLanguage\":\"pt-BR\",\"@id\":\"https:\/\/secure.gravatar.com\/avatar\/0e37bb19071f47c0b8a23f62a903df117c5a0e75f65a0c2901562f97cd41cf86?s=96&d=mm&r=g\",\"url\":\"https:\/\/secure.gravatar.com\/avatar\/0e37bb19071f47c0b8a23f62a903df117c5a0e75f65a0c2901562f97cd41cf86?s=96&d=mm&r=g\",\"contentUrl\":\"https:\/\/secure.gravatar.com\/avatar\/0e37bb19071f47c0b8a23f62a903df117c5a0e75f65a0c2901562f97cd41cf86?s=96&d=mm&r=g\",\"caption\":\"ritanery\"}}]}<\/script>\n<!-- \/ Yoast SEO plugin. -->","yoast_head_json":{"title":"Prov\u00edncia, CHE GUEVARA e elei\u00e7\u00f5es... - R\u00e1dio Life FM","robots":{"index":"index","follow":"follow","max-snippet":"max-snippet:-1","max-image-preview":"max-image-preview:large","max-video-preview":"max-video-preview:-1"},"canonical":"https:\/\/radiolifefm.com.br\/noticias\/provincia-che-guevara-e-eleicoes\/","og_locale":"pt_BR","og_type":"article","og_title":"Prov\u00edncia, CHE GUEVARA e elei\u00e7\u00f5es... - R\u00e1dio Life FM","og_description":"\u201cSe voc\u00ea \u00e9 capaz de tremer de indigna\u00e7\u00e3o a cada vez que se comete uma injusti\u00e7a no mundo, ent\u00e3o somos companheiros.\u201d (Che Guevara) \u00a0 By seb@r. Conforme o PROMETIDO, ainda, escrito nos \u00faltimos artigos, bem como, COMENTADO nas esquinas desta PROV\u00cdNCIA DO FAZ DE CONTA, confirmei no dia 6, domingo, o VOTO EM BRANCO para [&hellip;]","og_url":"https:\/\/radiolifefm.com.br\/noticias\/provincia-che-guevara-e-eleicoes\/","og_site_name":"R\u00e1dio Life FM","article_publisher":"https:\/\/www.facebook.com\/radiolifefm\/","article_published_time":"2024-10-11T11:06:22+00:00","article_modified_time":"2025-12-30T17:37:02+00:00","og_image":[{"width":972,"height":1296,"url":"https:\/\/radiolifefm.com.br\/noticias\/wp-content\/uploads\/2022\/04\/WhatsApp-Image-2022-04-10-at-18.43.02.jpeg","type":"image\/jpeg"}],"author":"ritanery","twitter_card":"summary_large_image","twitter_misc":{"Escrito por":"ritanery","Est. tempo de leitura":"3 minutos"},"schema":{"@context":"https:\/\/schema.org","@graph":[{"@type":"Article","@id":"https:\/\/radiolifefm.com.br\/noticias\/provincia-che-guevara-e-eleicoes\/#article","isPartOf":{"@id":"https:\/\/radiolifefm.com.br\/noticias\/provincia-che-guevara-e-eleicoes\/"},"author":{"name":"ritanery","@id":"https:\/\/radiolifefm.com.br\/noticias\/#\/schema\/person\/6339b9fac59d12b071dec680d7375d87"},"headline":"Prov\u00edncia, CHE GUEVARA e elei\u00e7\u00f5es&#8230;","datePublished":"2024-10-11T11:06:22+00:00","dateModified":"2025-12-30T17:37:02+00:00","mainEntityOfPage":{"@id":"https:\/\/radiolifefm.com.br\/noticias\/provincia-che-guevara-e-eleicoes\/"},"wordCount":479,"publisher":{"@id":"https:\/\/radiolifefm.com.br\/noticias\/#organization"},"image":{"@id":"https:\/\/radiolifefm.com.br\/noticias\/provincia-che-guevara-e-eleicoes\/#primaryimage"},"thumbnailUrl":"https:\/\/radiolifefm.com.br\/noticias\/wp-content\/uploads\/2022\/04\/WhatsApp-Image-2022-04-10-at-18.43.02.jpeg","articleSection":["Opini\u00e3o"],"inLanguage":"pt-BR"},{"@type":"WebPage","@id":"https:\/\/radiolifefm.com.br\/noticias\/provincia-che-guevara-e-eleicoes\/","url":"https:\/\/radiolifefm.com.br\/noticias\/provincia-che-guevara-e-eleicoes\/","name":"Prov\u00edncia, CHE GUEVARA e elei\u00e7\u00f5es... - R\u00e1dio Life FM","isPartOf":{"@id":"https:\/\/radiolifefm.com.br\/noticias\/#website"},"primaryImageOfPage":{"@id":"https:\/\/radiolifefm.com.br\/noticias\/provincia-che-guevara-e-eleicoes\/#primaryimage"},"image":{"@id":"https:\/\/radiolifefm.com.br\/noticias\/provincia-che-guevara-e-eleicoes\/#primaryimage"},"thumbnailUrl":"https:\/\/radiolifefm.com.br\/noticias\/wp-content\/uploads\/2022\/04\/WhatsApp-Image-2022-04-10-at-18.43.02.jpeg","datePublished":"2024-10-11T11:06:22+00:00","dateModified":"2025-12-30T17:37:02+00:00","breadcrumb":{"@id":"https:\/\/radiolifefm.com.br\/noticias\/provincia-che-guevara-e-eleicoes\/#breadcrumb"},"inLanguage":"pt-BR","potentialAction":[{"@type":"ReadAction","target":["https:\/\/radiolifefm.com.br\/noticias\/provincia-che-guevara-e-eleicoes\/"]}]},{"@type":"ImageObject","inLanguage":"pt-BR","@id":"https:\/\/radiolifefm.com.br\/noticias\/provincia-che-guevara-e-eleicoes\/#primaryimage","url":"https:\/\/radiolifefm.com.br\/noticias\/wp-content\/uploads\/2022\/04\/WhatsApp-Image-2022-04-10-at-18.43.02.jpeg","contentUrl":"https:\/\/radiolifefm.com.br\/noticias\/wp-content\/uploads\/2022\/04\/WhatsApp-Image-2022-04-10-at-18.43.02.jpeg","width":972,"height":1296,"caption":"S\u00e9rgio Barbosa"},{"@type":"BreadcrumbList","@id":"https:\/\/radiolifefm.com.br\/noticias\/provincia-che-guevara-e-eleicoes\/#breadcrumb","itemListElement":[{"@type":"ListItem","position":1,"name":"In\u00edcio","item":"https:\/\/radiolifefm.com.br\/noticias\/"},{"@type":"ListItem","position":2,"name":"Prov\u00edncia, CHE GUEVARA e elei\u00e7\u00f5es&#8230;"}]},{"@type":"WebSite","@id":"https:\/\/radiolifefm.com.br\/noticias\/#website","url":"https:\/\/radiolifefm.com.br\/noticias\/","name":"R\u00e1dio Life FM","description":"O Portal de Not\u00edcias de Adamantina","publisher":{"@id":"https:\/\/radiolifefm.com.br\/noticias\/#organization"},"alternateName":"Life FM","potentialAction":[{"@type":"SearchAction","target":{"@type":"EntryPoint","urlTemplate":"https:\/\/radiolifefm.com.br\/noticias\/?s={search_term_string}"},"query-input":{"@type":"PropertyValueSpecification","valueRequired":true,"valueName":"search_term_string"}}],"inLanguage":"pt-BR"},{"@type":"Organization","@id":"https:\/\/radiolifefm.com.br\/noticias\/#organization","name":"R\u00e1dio Life FM","alternateName":"Life FM","url":"https:\/\/radiolifefm.com.br\/noticias\/","logo":{"@type":"ImageObject","inLanguage":"pt-BR","@id":"https:\/\/radiolifefm.com.br\/noticias\/#\/schema\/logo\/image\/","url":"https:\/\/static.radiolifefm.com.br\/noticias\/wp-content\/uploads\/2019\/10\/logo-lifefm.png","contentUrl":"https:\/\/static.radiolifefm.com.br\/noticias\/wp-content\/uploads\/2019\/10\/logo-lifefm.png","width":196,"height":47,"caption":"R\u00e1dio Life FM"},"image":{"@id":"https:\/\/radiolifefm.com.br\/noticias\/#\/schema\/logo\/image\/"},"sameAs":["https:\/\/www.facebook.com\/radiolifefm\/","https:\/\/www.instagram.com\/life1079fm\/"]},{"@type":"Person","@id":"https:\/\/radiolifefm.com.br\/noticias\/#\/schema\/person\/6339b9fac59d12b071dec680d7375d87","name":"ritanery","image":{"@type":"ImageObject","inLanguage":"pt-BR","@id":"https:\/\/secure.gravatar.com\/avatar\/0e37bb19071f47c0b8a23f62a903df117c5a0e75f65a0c2901562f97cd41cf86?s=96&d=mm&r=g","url":"https:\/\/secure.gravatar.com\/avatar\/0e37bb19071f47c0b8a23f62a903df117c5a0e75f65a0c2901562f97cd41cf86?s=96&d=mm&r=g","contentUrl":"https:\/\/secure.gravatar.com\/avatar\/0e37bb19071f47c0b8a23f62a903df117c5a0e75f65a0c2901562f97cd41cf86?s=96&d=mm&r=g","caption":"ritanery"}}]}},"amp_enabled":true,"_links":{"self":[{"href":"https:\/\/radiolifefm.com.br\/noticias\/wp-json\/wp\/v2\/posts\/94009","targetHints":{"allow":["GET"]}}],"collection":[{"href":"https:\/\/radiolifefm.com.br\/noticias\/wp-json\/wp\/v2\/posts"}],"about":[{"href":"https:\/\/radiolifefm.com.br\/noticias\/wp-json\/wp\/v2\/types\/post"}],"author":[{"embeddable":true,"href":"https:\/\/radiolifefm.com.br\/noticias\/wp-json\/wp\/v2\/users\/13"}],"replies":[{"embeddable":true,"href":"https:\/\/radiolifefm.com.br\/noticias\/wp-json\/wp\/v2\/comments?post=94009"}],"version-history":[{"count":1,"href":"https:\/\/radiolifefm.com.br\/noticias\/wp-json\/wp\/v2\/posts\/94009\/revisions"}],"predecessor-version":[{"id":94010,"href":"https:\/\/radiolifefm.com.br\/noticias\/wp-json\/wp\/v2\/posts\/94009\/revisions\/94010"}],"wp:featuredmedia":[{"embeddable":true,"href":"https:\/\/radiolifefm.com.br\/noticias\/wp-json\/wp\/v2\/media\/51988"}],"wp:attachment":[{"href":"https:\/\/radiolifefm.com.br\/noticias\/wp-json\/wp\/v2\/media?parent=94009"}],"wp:term":[{"taxonomy":"category","embeddable":true,"href":"https:\/\/radiolifefm.com.br\/noticias\/wp-json\/wp\/v2\/categories?post=94009"},{"taxonomy":"post_tag","embeddable":true,"href":"https:\/\/radiolifefm.com.br\/noticias\/wp-json\/wp\/v2\/tags?post=94009"}],"curies":[{"name":"wp","href":"https:\/\/api.w.org\/{rel}","templated":true}]}}