{"id":93852,"date":"2024-10-08T14:57:21","date_gmt":"2024-10-08T17:57:21","guid":{"rendered":"https:\/\/radiolifefm.com.br\/noticias\/?p=93852"},"modified":"2026-04-27T20:17:37","modified_gmt":"2026-04-27T23:17:37","slug":"programa-prosa-do-campo-descubra-os-principais-problemas-bucais-em-equinos-com-o-empresario-joao-vitor-fratini","status":"publish","type":"post","link":"https:\/\/radiolifefm.com.br\/noticias\/programa-prosa-do-campo-descubra-os-principais-problemas-bucais-em-equinos-com-o-empresario-joao-vitor-fratini\/","title":{"rendered":"Programa &#8220;Prosa do Campo&#8221;: descubra os principais problemas bucais em equinos com o empres\u00e1rio Jo\u00e3o Vitor Fratini"},"content":{"rendered":"<div id=\"fb-root\"><\/div>\n<p><img loading=\"lazy\" decoding=\"async\" class=\"aligncenter size-medium wp-image-93858\" src=\"https:\/\/static.radiolifefm.com.br\/noticias\/wp-content\/uploads\/2024\/10\/WhatsApp-Image-2024-10-08-at-08.10.09-169x300.jpeg\" alt=\"\" width=\"169\" height=\"300\" srcset=\"https:\/\/radiolifefm.com.br\/noticias\/wp-content\/uploads\/2024\/10\/WhatsApp-Image-2024-10-08-at-08.10.09-169x300.jpeg 169w, https:\/\/radiolifefm.com.br\/noticias\/wp-content\/uploads\/2024\/10\/WhatsApp-Image-2024-10-08-at-08.10.09-576x1024.jpeg 576w, https:\/\/radiolifefm.com.br\/noticias\/wp-content\/uploads\/2024\/10\/WhatsApp-Image-2024-10-08-at-08.10.09-768x1365.jpeg 768w, https:\/\/radiolifefm.com.br\/noticias\/wp-content\/uploads\/2024\/10\/WhatsApp-Image-2024-10-08-at-08.10.09-864x1536.jpeg 864w, https:\/\/radiolifefm.com.br\/noticias\/wp-content\/uploads\/2024\/10\/WhatsApp-Image-2024-10-08-at-08.10.09.jpeg 900w\" sizes=\"auto, (max-width: 169px) 100vw, 169px\" \/>Foi ao ar na noite da \u00faltima segunda-feira, 7 de outubro, o programa <em>Prosa do Campo<\/em>, apresentado por Cristiano do Mor\u00e3o, pecuarista e investidor. Nesta edi\u00e7\u00e3o, o programa contou com a participa\u00e7\u00e3o de Jo\u00e3o Vitor Fratini, que compartilhou suas experi\u00eancias e conhecimentos sobre odontologia equina. <img loading=\"lazy\" decoding=\"async\" class=\"aligncenter size-medium wp-image-93855\" src=\"https:\/\/static.radiolifefm.com.br\/noticias\/wp-content\/uploads\/2024\/10\/WhatsApp-Image-2024-10-08-at-08.10.42-300x169.jpeg\" alt=\"\" width=\"300\" height=\"169\" srcset=\"https:\/\/radiolifefm.com.br\/noticias\/wp-content\/uploads\/2024\/10\/WhatsApp-Image-2024-10-08-at-08.10.42-300x169.jpeg 300w, https:\/\/radiolifefm.com.br\/noticias\/wp-content\/uploads\/2024\/10\/WhatsApp-Image-2024-10-08-at-08.10.42-1024x576.jpeg 1024w, https:\/\/radiolifefm.com.br\/noticias\/wp-content\/uploads\/2024\/10\/WhatsApp-Image-2024-10-08-at-08.10.42-768x432.jpeg 768w, https:\/\/radiolifefm.com.br\/noticias\/wp-content\/uploads\/2024\/10\/WhatsApp-Image-2024-10-08-at-08.10.42-1536x864.jpeg 1536w, https:\/\/radiolifefm.com.br\/noticias\/wp-content\/uploads\/2024\/10\/WhatsApp-Image-2024-10-08-at-08.10.42.jpeg 1600w\" sizes=\"auto, (max-width: 300px) 100vw, 300px\" \/>Jo\u00e3o, membro de uma fam\u00edlia tradicional da cidade, \u00e9 produtor rural, pecuarista e empreendedor, com uma empresa atuante h\u00e1 mais de 40 anos em Adamantina. Al\u00e9m disso, \u00e9 m\u00e9dico veterin\u00e1rio com especializa\u00e7\u00e3o na \u00e1rea.<img loading=\"lazy\" decoding=\"async\" class=\"aligncenter size-medium wp-image-93854\" src=\"https:\/\/static.radiolifefm.com.br\/noticias\/wp-content\/uploads\/2024\/10\/WhatsApp-Image-2024-10-08-at-08.10.20-2-169x300.jpeg\" alt=\"\" width=\"169\" height=\"300\" srcset=\"https:\/\/radiolifefm.com.br\/noticias\/wp-content\/uploads\/2024\/10\/WhatsApp-Image-2024-10-08-at-08.10.20-2-169x300.jpeg 169w, https:\/\/radiolifefm.com.br\/noticias\/wp-content\/uploads\/2024\/10\/WhatsApp-Image-2024-10-08-at-08.10.20-2-577x1024.jpeg 577w, https:\/\/radiolifefm.com.br\/noticias\/wp-content\/uploads\/2024\/10\/WhatsApp-Image-2024-10-08-at-08.10.20-2-768x1362.jpeg 768w, https:\/\/radiolifefm.com.br\/noticias\/wp-content\/uploads\/2024\/10\/WhatsApp-Image-2024-10-08-at-08.10.20-2-866x1536.jpeg 866w, https:\/\/radiolifefm.com.br\/noticias\/wp-content\/uploads\/2024\/10\/WhatsApp-Image-2024-10-08-at-08.10.20-2.jpeg 902w\" sizes=\"auto, (max-width: 169px) 100vw, 169px\" \/><\/p>\n<p>Durante a conversa com Cristiano, Jo\u00e3o Vitor abordou temas voltados para o produtor rural, detalhou aspectos de sua forma\u00e7\u00e3o e discutiu as diferen\u00e7as e conceitos da odontologia equina.<img loading=\"lazy\" decoding=\"async\" class=\"aligncenter size-medium wp-image-93853\" src=\"https:\/\/static.radiolifefm.com.br\/noticias\/wp-content\/uploads\/2024\/10\/WhatsApp-Image-2024-10-08-at-08.13.41-169x300.jpeg\" alt=\"\" width=\"169\" height=\"300\" srcset=\"https:\/\/radiolifefm.com.br\/noticias\/wp-content\/uploads\/2024\/10\/WhatsApp-Image-2024-10-08-at-08.13.41-169x300.jpeg 169w, https:\/\/radiolifefm.com.br\/noticias\/wp-content\/uploads\/2024\/10\/WhatsApp-Image-2024-10-08-at-08.13.41-576x1024.jpeg 576w, https:\/\/radiolifefm.com.br\/noticias\/wp-content\/uploads\/2024\/10\/WhatsApp-Image-2024-10-08-at-08.13.41-768x1365.jpeg 768w, https:\/\/radiolifefm.com.br\/noticias\/wp-content\/uploads\/2024\/10\/WhatsApp-Image-2024-10-08-at-08.13.41-864x1536.jpeg 864w, https:\/\/radiolifefm.com.br\/noticias\/wp-content\/uploads\/2024\/10\/WhatsApp-Image-2024-10-08-at-08.13.41.jpeg 900w\" sizes=\"auto, (max-width: 169px) 100vw, 169px\" \/><\/p>\n<p><strong>T\u00f3picos abordados:<\/strong><\/p>\n<ul>\n<li>Segmentos da empresa familiar<\/li>\n<li>Forma\u00e7\u00e3o do profissional<\/li>\n<li>Odontologia equina<\/li>\n<li>Diferen\u00e7as e conceitos<img loading=\"lazy\" decoding=\"async\" class=\"aligncenter size-medium wp-image-93856\" src=\"https:\/\/static.radiolifefm.com.br\/noticias\/wp-content\/uploads\/2024\/10\/WhatsApp-Image-2024-10-08-at-08.10.20-1-300x169.jpeg\" alt=\"\" width=\"300\" height=\"169\" srcset=\"https:\/\/radiolifefm.com.br\/noticias\/wp-content\/uploads\/2024\/10\/WhatsApp-Image-2024-10-08-at-08.10.20-1-300x169.jpeg 300w, https:\/\/radiolifefm.com.br\/noticias\/wp-content\/uploads\/2024\/10\/WhatsApp-Image-2024-10-08-at-08.10.20-1-1024x576.jpeg 1024w, https:\/\/radiolifefm.com.br\/noticias\/wp-content\/uploads\/2024\/10\/WhatsApp-Image-2024-10-08-at-08.10.20-1-768x432.jpeg 768w, https:\/\/radiolifefm.com.br\/noticias\/wp-content\/uploads\/2024\/10\/WhatsApp-Image-2024-10-08-at-08.10.20-1-1536x864.jpeg 1536w, https:\/\/radiolifefm.com.br\/noticias\/wp-content\/uploads\/2024\/10\/WhatsApp-Image-2024-10-08-at-08.10.20-1.jpeg 1600w\" sizes=\"auto, (max-width: 300px) 100vw, 300px\" \/><\/li>\n<\/ul>\n<p>Conhe\u00e7a mais sobre o assunto acessando o link da entrevista abaixo.<\/p>\n","protected":false},"excerpt":{"rendered":"<p>Foi ao ar na noite da \u00faltima segunda-feira, 7 de outubro, o programa Prosa do Campo, apresentado por Cristiano do Mor\u00e3o, pecuarista e investidor. Nesta edi\u00e7\u00e3o, o programa contou com a participa\u00e7\u00e3o de Jo\u00e3o Vitor Fratini, que compartilhou suas experi\u00eancias e conhecimentos sobre odontologia equina. Jo\u00e3o, membro de uma fam\u00edlia tradicional da cidade, \u00e9 produtor [&hellip;]<\/p>\n","protected":false},"author":8,"featured_media":93857,"comment_status":"closed","ping_status":"open","sticky":false,"template":"","format":"standard","meta":{"_acf_changed":false,"_exactmetrics_skip_tracking":false,"_exactmetrics_sitenote_active":false,"_exactmetrics_sitenote_note":"","_exactmetrics_sitenote_category":0,"footnotes":""},"categories":[191],"tags":[],"class_list":["post-93852","post","type-post","status-publish","format-standard","has-post-thumbnail","hentry","category-prosa-do-campo"],"acf":[],"yoast_head":"<!-- This site is optimized with the Yoast SEO plugin v27.2 - https:\/\/yoast.com\/product\/yoast-seo-wordpress\/ -->\n<title>Programa &quot;Prosa do Campo&quot;: descubra os principais problemas bucais em equinos com o empres\u00e1rio Jo\u00e3o Vitor Fratini - R\u00e1dio Life FM<\/title>\n<meta name=\"robots\" content=\"index, follow, max-snippet:-1, max-image-preview:large, max-video-preview:-1\" \/>\n<link rel=\"canonical\" href=\"https:\/\/radiolifefm.com.br\/noticias\/programa-prosa-do-campo-descubra-os-principais-problemas-bucais-em-equinos-com-o-empresario-joao-vitor-fratini\/\" \/>\n<meta property=\"og:locale\" content=\"pt_BR\" \/>\n<meta property=\"og:type\" content=\"article\" \/>\n<meta property=\"og:title\" content=\"Programa &quot;Prosa do Campo&quot;: descubra os principais problemas bucais em equinos com o empres\u00e1rio Jo\u00e3o Vitor Fratini - R\u00e1dio Life FM\" \/>\n<meta property=\"og:description\" content=\"Foi ao ar na noite da \u00faltima segunda-feira, 7 de outubro, o programa Prosa do Campo, apresentado por Cristiano do Mor\u00e3o, pecuarista e investidor. Nesta edi\u00e7\u00e3o, o programa contou com a participa\u00e7\u00e3o de Jo\u00e3o Vitor Fratini, que compartilhou suas experi\u00eancias e conhecimentos sobre odontologia equina. Jo\u00e3o, membro de uma fam\u00edlia tradicional da cidade, \u00e9 produtor [&hellip;]\" \/>\n<meta property=\"og:url\" content=\"https:\/\/radiolifefm.com.br\/noticias\/programa-prosa-do-campo-descubra-os-principais-problemas-bucais-em-equinos-com-o-empresario-joao-vitor-fratini\/\" \/>\n<meta property=\"og:site_name\" content=\"R\u00e1dio Life FM\" \/>\n<meta property=\"article:publisher\" content=\"https:\/\/www.facebook.com\/radiolifefm\/\" \/>\n<meta property=\"article:published_time\" content=\"2024-10-08T17:57:21+00:00\" \/>\n<meta property=\"article:modified_time\" content=\"2026-04-27T23:17:37+00:00\" \/>\n<meta property=\"og:image\" content=\"https:\/\/radiolifefm.com.br\/noticias\/wp-content\/uploads\/2024\/10\/WhatsApp-Image-2024-10-08-at-08.10.20.jpeg\" \/>\n\t<meta property=\"og:image:width\" content=\"1600\" \/>\n\t<meta property=\"og:image:height\" content=\"900\" \/>\n\t<meta property=\"og:image:type\" content=\"image\/jpeg\" \/>\n<meta name=\"author\" content=\"joaograndao\" \/>\n<meta name=\"twitter:card\" content=\"summary_large_image\" \/>\n<meta name=\"twitter:label1\" content=\"Escrito por\" \/>\n\t<meta name=\"twitter:data1\" content=\"joaograndao\" \/>\n\t<meta name=\"twitter:label2\" content=\"Est. tempo de leitura\" \/>\n\t<meta name=\"twitter:data2\" content=\"2 minutos\" \/>\n<script type=\"application\/ld+json\" class=\"yoast-schema-graph\">{\"@context\":\"https:\/\/schema.org\",\"@graph\":[{\"@type\":\"Article\",\"@id\":\"https:\/\/radiolifefm.com.br\/noticias\/programa-prosa-do-campo-descubra-os-principais-problemas-bucais-em-equinos-com-o-empresario-joao-vitor-fratini\/#article\",\"isPartOf\":{\"@id\":\"https:\/\/radiolifefm.com.br\/noticias\/programa-prosa-do-campo-descubra-os-principais-problemas-bucais-em-equinos-com-o-empresario-joao-vitor-fratini\/\"},\"author\":{\"name\":\"joaograndao\",\"@id\":\"https:\/\/radiolifefm.com.br\/noticias\/#\/schema\/person\/6876e1240feffe6e1b63fd5cb85abf28\"},\"headline\":\"Programa &#8220;Prosa do Campo&#8221;: descubra os principais problemas bucais em equinos com o empres\u00e1rio Jo\u00e3o Vitor Fratini\",\"datePublished\":\"2024-10-08T17:57:21+00:00\",\"dateModified\":\"2026-04-27T23:17:37+00:00\",\"mainEntityOfPage\":{\"@id\":\"https:\/\/radiolifefm.com.br\/noticias\/programa-prosa-do-campo-descubra-os-principais-problemas-bucais-em-equinos-com-o-empresario-joao-vitor-fratini\/\"},\"wordCount\":165,\"publisher\":{\"@id\":\"https:\/\/radiolifefm.com.br\/noticias\/#organization\"},\"image\":{\"@id\":\"https:\/\/radiolifefm.com.br\/noticias\/programa-prosa-do-campo-descubra-os-principais-problemas-bucais-em-equinos-com-o-empresario-joao-vitor-fratini\/#primaryimage\"},\"thumbnailUrl\":\"https:\/\/radiolifefm.com.br\/noticias\/wp-content\/uploads\/2024\/10\/WhatsApp-Image-2024-10-08-at-08.10.20.jpeg\",\"articleSection\":[\"Prosa do Campo\"],\"inLanguage\":\"pt-BR\"},{\"@type\":\"WebPage\",\"@id\":\"https:\/\/radiolifefm.com.br\/noticias\/programa-prosa-do-campo-descubra-os-principais-problemas-bucais-em-equinos-com-o-empresario-joao-vitor-fratini\/\",\"url\":\"https:\/\/radiolifefm.com.br\/noticias\/programa-prosa-do-campo-descubra-os-principais-problemas-bucais-em-equinos-com-o-empresario-joao-vitor-fratini\/\",\"name\":\"Programa \\\"Prosa do Campo\\\": descubra os principais problemas bucais em equinos com o empres\u00e1rio Jo\u00e3o Vitor Fratini - R\u00e1dio Life FM\",\"isPartOf\":{\"@id\":\"https:\/\/radiolifefm.com.br\/noticias\/#website\"},\"primaryImageOfPage\":{\"@id\":\"https:\/\/radiolifefm.com.br\/noticias\/programa-prosa-do-campo-descubra-os-principais-problemas-bucais-em-equinos-com-o-empresario-joao-vitor-fratini\/#primaryimage\"},\"image\":{\"@id\":\"https:\/\/radiolifefm.com.br\/noticias\/programa-prosa-do-campo-descubra-os-principais-problemas-bucais-em-equinos-com-o-empresario-joao-vitor-fratini\/#primaryimage\"},\"thumbnailUrl\":\"https:\/\/radiolifefm.com.br\/noticias\/wp-content\/uploads\/2024\/10\/WhatsApp-Image-2024-10-08-at-08.10.20.jpeg\",\"datePublished\":\"2024-10-08T17:57:21+00:00\",\"dateModified\":\"2026-04-27T23:17:37+00:00\",\"breadcrumb\":{\"@id\":\"https:\/\/radiolifefm.com.br\/noticias\/programa-prosa-do-campo-descubra-os-principais-problemas-bucais-em-equinos-com-o-empresario-joao-vitor-fratini\/#breadcrumb\"},\"inLanguage\":\"pt-BR\",\"potentialAction\":[{\"@type\":\"ReadAction\",\"target\":[\"https:\/\/radiolifefm.com.br\/noticias\/programa-prosa-do-campo-descubra-os-principais-problemas-bucais-em-equinos-com-o-empresario-joao-vitor-fratini\/\"]}]},{\"@type\":\"ImageObject\",\"inLanguage\":\"pt-BR\",\"@id\":\"https:\/\/radiolifefm.com.br\/noticias\/programa-prosa-do-campo-descubra-os-principais-problemas-bucais-em-equinos-com-o-empresario-joao-vitor-fratini\/#primaryimage\",\"url\":\"https:\/\/radiolifefm.com.br\/noticias\/wp-content\/uploads\/2024\/10\/WhatsApp-Image-2024-10-08-at-08.10.20.jpeg\",\"contentUrl\":\"https:\/\/radiolifefm.com.br\/noticias\/wp-content\/uploads\/2024\/10\/WhatsApp-Image-2024-10-08-at-08.10.20.jpeg\",\"width\":1600,\"height\":900},{\"@type\":\"BreadcrumbList\",\"@id\":\"https:\/\/radiolifefm.com.br\/noticias\/programa-prosa-do-campo-descubra-os-principais-problemas-bucais-em-equinos-com-o-empresario-joao-vitor-fratini\/#breadcrumb\",\"itemListElement\":[{\"@type\":\"ListItem\",\"position\":1,\"name\":\"In\u00edcio\",\"item\":\"https:\/\/radiolifefm.com.br\/noticias\/\"},{\"@type\":\"ListItem\",\"position\":2,\"name\":\"Programa &#8220;Prosa do Campo&#8221;: descubra os principais problemas bucais em equinos com o empres\u00e1rio Jo\u00e3o Vitor Fratini\"}]},{\"@type\":\"WebSite\",\"@id\":\"https:\/\/radiolifefm.com.br\/noticias\/#website\",\"url\":\"https:\/\/radiolifefm.com.br\/noticias\/\",\"name\":\"R\u00e1dio Life FM\",\"description\":\"O Portal de Not\u00edcias de Adamantina\",\"publisher\":{\"@id\":\"https:\/\/radiolifefm.com.br\/noticias\/#organization\"},\"alternateName\":\"Life FM\",\"potentialAction\":[{\"@type\":\"SearchAction\",\"target\":{\"@type\":\"EntryPoint\",\"urlTemplate\":\"https:\/\/radiolifefm.com.br\/noticias\/?s={search_term_string}\"},\"query-input\":{\"@type\":\"PropertyValueSpecification\",\"valueRequired\":true,\"valueName\":\"search_term_string\"}}],\"inLanguage\":\"pt-BR\"},{\"@type\":\"Organization\",\"@id\":\"https:\/\/radiolifefm.com.br\/noticias\/#organization\",\"name\":\"R\u00e1dio Life FM\",\"alternateName\":\"Life FM\",\"url\":\"https:\/\/radiolifefm.com.br\/noticias\/\",\"logo\":{\"@type\":\"ImageObject\",\"inLanguage\":\"pt-BR\",\"@id\":\"https:\/\/radiolifefm.com.br\/noticias\/#\/schema\/logo\/image\/\",\"url\":\"https:\/\/static.radiolifefm.com.br\/noticias\/wp-content\/uploads\/2019\/10\/logo-lifefm.png\",\"contentUrl\":\"https:\/\/static.radiolifefm.com.br\/noticias\/wp-content\/uploads\/2019\/10\/logo-lifefm.png\",\"width\":196,\"height\":47,\"caption\":\"R\u00e1dio Life FM\"},\"image\":{\"@id\":\"https:\/\/radiolifefm.com.br\/noticias\/#\/schema\/logo\/image\/\"},\"sameAs\":[\"https:\/\/www.facebook.com\/radiolifefm\/\",\"https:\/\/www.instagram.com\/life1079fm\/\"]},{\"@type\":\"Person\",\"@id\":\"https:\/\/radiolifefm.com.br\/noticias\/#\/schema\/person\/6876e1240feffe6e1b63fd5cb85abf28\",\"name\":\"joaograndao\",\"image\":{\"@type\":\"ImageObject\",\"inLanguage\":\"pt-BR\",\"@id\":\"https:\/\/secure.gravatar.com\/avatar\/d5b1a3cf357ed9c50404e256a1294083aa8ab5d2a994001567302786016cb32c?s=96&d=mm&r=g\",\"url\":\"https:\/\/secure.gravatar.com\/avatar\/d5b1a3cf357ed9c50404e256a1294083aa8ab5d2a994001567302786016cb32c?s=96&d=mm&r=g\",\"contentUrl\":\"https:\/\/secure.gravatar.com\/avatar\/d5b1a3cf357ed9c50404e256a1294083aa8ab5d2a994001567302786016cb32c?s=96&d=mm&r=g\",\"caption\":\"joaograndao\"}}]}<\/script>\n<!-- \/ Yoast SEO plugin. -->","yoast_head_json":{"title":"Programa \"Prosa do Campo\": descubra os principais problemas bucais em equinos com o empres\u00e1rio Jo\u00e3o Vitor Fratini - R\u00e1dio Life FM","robots":{"index":"index","follow":"follow","max-snippet":"max-snippet:-1","max-image-preview":"max-image-preview:large","max-video-preview":"max-video-preview:-1"},"canonical":"https:\/\/radiolifefm.com.br\/noticias\/programa-prosa-do-campo-descubra-os-principais-problemas-bucais-em-equinos-com-o-empresario-joao-vitor-fratini\/","og_locale":"pt_BR","og_type":"article","og_title":"Programa \"Prosa do Campo\": descubra os principais problemas bucais em equinos com o empres\u00e1rio Jo\u00e3o Vitor Fratini - R\u00e1dio Life FM","og_description":"Foi ao ar na noite da \u00faltima segunda-feira, 7 de outubro, o programa Prosa do Campo, apresentado por Cristiano do Mor\u00e3o, pecuarista e investidor. Nesta edi\u00e7\u00e3o, o programa contou com a participa\u00e7\u00e3o de Jo\u00e3o Vitor Fratini, que compartilhou suas experi\u00eancias e conhecimentos sobre odontologia equina. Jo\u00e3o, membro de uma fam\u00edlia tradicional da cidade, \u00e9 produtor [&hellip;]","og_url":"https:\/\/radiolifefm.com.br\/noticias\/programa-prosa-do-campo-descubra-os-principais-problemas-bucais-em-equinos-com-o-empresario-joao-vitor-fratini\/","og_site_name":"R\u00e1dio Life FM","article_publisher":"https:\/\/www.facebook.com\/radiolifefm\/","article_published_time":"2024-10-08T17:57:21+00:00","article_modified_time":"2026-04-27T23:17:37+00:00","og_image":[{"width":1600,"height":900,"url":"https:\/\/radiolifefm.com.br\/noticias\/wp-content\/uploads\/2024\/10\/WhatsApp-Image-2024-10-08-at-08.10.20.jpeg","type":"image\/jpeg"}],"author":"joaograndao","twitter_card":"summary_large_image","twitter_misc":{"Escrito por":"joaograndao","Est. tempo de leitura":"2 minutos"},"schema":{"@context":"https:\/\/schema.org","@graph":[{"@type":"Article","@id":"https:\/\/radiolifefm.com.br\/noticias\/programa-prosa-do-campo-descubra-os-principais-problemas-bucais-em-equinos-com-o-empresario-joao-vitor-fratini\/#article","isPartOf":{"@id":"https:\/\/radiolifefm.com.br\/noticias\/programa-prosa-do-campo-descubra-os-principais-problemas-bucais-em-equinos-com-o-empresario-joao-vitor-fratini\/"},"author":{"name":"joaograndao","@id":"https:\/\/radiolifefm.com.br\/noticias\/#\/schema\/person\/6876e1240feffe6e1b63fd5cb85abf28"},"headline":"Programa &#8220;Prosa do Campo&#8221;: descubra os principais problemas bucais em equinos com o empres\u00e1rio Jo\u00e3o Vitor Fratini","datePublished":"2024-10-08T17:57:21+00:00","dateModified":"2026-04-27T23:17:37+00:00","mainEntityOfPage":{"@id":"https:\/\/radiolifefm.com.br\/noticias\/programa-prosa-do-campo-descubra-os-principais-problemas-bucais-em-equinos-com-o-empresario-joao-vitor-fratini\/"},"wordCount":165,"publisher":{"@id":"https:\/\/radiolifefm.com.br\/noticias\/#organization"},"image":{"@id":"https:\/\/radiolifefm.com.br\/noticias\/programa-prosa-do-campo-descubra-os-principais-problemas-bucais-em-equinos-com-o-empresario-joao-vitor-fratini\/#primaryimage"},"thumbnailUrl":"https:\/\/radiolifefm.com.br\/noticias\/wp-content\/uploads\/2024\/10\/WhatsApp-Image-2024-10-08-at-08.10.20.jpeg","articleSection":["Prosa do Campo"],"inLanguage":"pt-BR"},{"@type":"WebPage","@id":"https:\/\/radiolifefm.com.br\/noticias\/programa-prosa-do-campo-descubra-os-principais-problemas-bucais-em-equinos-com-o-empresario-joao-vitor-fratini\/","url":"https:\/\/radiolifefm.com.br\/noticias\/programa-prosa-do-campo-descubra-os-principais-problemas-bucais-em-equinos-com-o-empresario-joao-vitor-fratini\/","name":"Programa \"Prosa do Campo\": descubra os principais problemas bucais em equinos com o empres\u00e1rio Jo\u00e3o Vitor Fratini - R\u00e1dio Life FM","isPartOf":{"@id":"https:\/\/radiolifefm.com.br\/noticias\/#website"},"primaryImageOfPage":{"@id":"https:\/\/radiolifefm.com.br\/noticias\/programa-prosa-do-campo-descubra-os-principais-problemas-bucais-em-equinos-com-o-empresario-joao-vitor-fratini\/#primaryimage"},"image":{"@id":"https:\/\/radiolifefm.com.br\/noticias\/programa-prosa-do-campo-descubra-os-principais-problemas-bucais-em-equinos-com-o-empresario-joao-vitor-fratini\/#primaryimage"},"thumbnailUrl":"https:\/\/radiolifefm.com.br\/noticias\/wp-content\/uploads\/2024\/10\/WhatsApp-Image-2024-10-08-at-08.10.20.jpeg","datePublished":"2024-10-08T17:57:21+00:00","dateModified":"2026-04-27T23:17:37+00:00","breadcrumb":{"@id":"https:\/\/radiolifefm.com.br\/noticias\/programa-prosa-do-campo-descubra-os-principais-problemas-bucais-em-equinos-com-o-empresario-joao-vitor-fratini\/#breadcrumb"},"inLanguage":"pt-BR","potentialAction":[{"@type":"ReadAction","target":["https:\/\/radiolifefm.com.br\/noticias\/programa-prosa-do-campo-descubra-os-principais-problemas-bucais-em-equinos-com-o-empresario-joao-vitor-fratini\/"]}]},{"@type":"ImageObject","inLanguage":"pt-BR","@id":"https:\/\/radiolifefm.com.br\/noticias\/programa-prosa-do-campo-descubra-os-principais-problemas-bucais-em-equinos-com-o-empresario-joao-vitor-fratini\/#primaryimage","url":"https:\/\/radiolifefm.com.br\/noticias\/wp-content\/uploads\/2024\/10\/WhatsApp-Image-2024-10-08-at-08.10.20.jpeg","contentUrl":"https:\/\/radiolifefm.com.br\/noticias\/wp-content\/uploads\/2024\/10\/WhatsApp-Image-2024-10-08-at-08.10.20.jpeg","width":1600,"height":900},{"@type":"BreadcrumbList","@id":"https:\/\/radiolifefm.com.br\/noticias\/programa-prosa-do-campo-descubra-os-principais-problemas-bucais-em-equinos-com-o-empresario-joao-vitor-fratini\/#breadcrumb","itemListElement":[{"@type":"ListItem","position":1,"name":"In\u00edcio","item":"https:\/\/radiolifefm.com.br\/noticias\/"},{"@type":"ListItem","position":2,"name":"Programa &#8220;Prosa do Campo&#8221;: descubra os principais problemas bucais em equinos com o empres\u00e1rio Jo\u00e3o Vitor Fratini"}]},{"@type":"WebSite","@id":"https:\/\/radiolifefm.com.br\/noticias\/#website","url":"https:\/\/radiolifefm.com.br\/noticias\/","name":"R\u00e1dio Life FM","description":"O Portal de Not\u00edcias de Adamantina","publisher":{"@id":"https:\/\/radiolifefm.com.br\/noticias\/#organization"},"alternateName":"Life FM","potentialAction":[{"@type":"SearchAction","target":{"@type":"EntryPoint","urlTemplate":"https:\/\/radiolifefm.com.br\/noticias\/?s={search_term_string}"},"query-input":{"@type":"PropertyValueSpecification","valueRequired":true,"valueName":"search_term_string"}}],"inLanguage":"pt-BR"},{"@type":"Organization","@id":"https:\/\/radiolifefm.com.br\/noticias\/#organization","name":"R\u00e1dio Life FM","alternateName":"Life FM","url":"https:\/\/radiolifefm.com.br\/noticias\/","logo":{"@type":"ImageObject","inLanguage":"pt-BR","@id":"https:\/\/radiolifefm.com.br\/noticias\/#\/schema\/logo\/image\/","url":"https:\/\/static.radiolifefm.com.br\/noticias\/wp-content\/uploads\/2019\/10\/logo-lifefm.png","contentUrl":"https:\/\/static.radiolifefm.com.br\/noticias\/wp-content\/uploads\/2019\/10\/logo-lifefm.png","width":196,"height":47,"caption":"R\u00e1dio Life FM"},"image":{"@id":"https:\/\/radiolifefm.com.br\/noticias\/#\/schema\/logo\/image\/"},"sameAs":["https:\/\/www.facebook.com\/radiolifefm\/","https:\/\/www.instagram.com\/life1079fm\/"]},{"@type":"Person","@id":"https:\/\/radiolifefm.com.br\/noticias\/#\/schema\/person\/6876e1240feffe6e1b63fd5cb85abf28","name":"joaograndao","image":{"@type":"ImageObject","inLanguage":"pt-BR","@id":"https:\/\/secure.gravatar.com\/avatar\/d5b1a3cf357ed9c50404e256a1294083aa8ab5d2a994001567302786016cb32c?s=96&d=mm&r=g","url":"https:\/\/secure.gravatar.com\/avatar\/d5b1a3cf357ed9c50404e256a1294083aa8ab5d2a994001567302786016cb32c?s=96&d=mm&r=g","contentUrl":"https:\/\/secure.gravatar.com\/avatar\/d5b1a3cf357ed9c50404e256a1294083aa8ab5d2a994001567302786016cb32c?s=96&d=mm&r=g","caption":"joaograndao"}}]}},"amp_enabled":true,"_links":{"self":[{"href":"https:\/\/radiolifefm.com.br\/noticias\/wp-json\/wp\/v2\/posts\/93852","targetHints":{"allow":["GET"]}}],"collection":[{"href":"https:\/\/radiolifefm.com.br\/noticias\/wp-json\/wp\/v2\/posts"}],"about":[{"href":"https:\/\/radiolifefm.com.br\/noticias\/wp-json\/wp\/v2\/types\/post"}],"author":[{"embeddable":true,"href":"https:\/\/radiolifefm.com.br\/noticias\/wp-json\/wp\/v2\/users\/8"}],"replies":[{"embeddable":true,"href":"https:\/\/radiolifefm.com.br\/noticias\/wp-json\/wp\/v2\/comments?post=93852"}],"version-history":[{"count":2,"href":"https:\/\/radiolifefm.com.br\/noticias\/wp-json\/wp\/v2\/posts\/93852\/revisions"}],"predecessor-version":[{"id":93860,"href":"https:\/\/radiolifefm.com.br\/noticias\/wp-json\/wp\/v2\/posts\/93852\/revisions\/93860"}],"wp:featuredmedia":[{"embeddable":true,"href":"https:\/\/radiolifefm.com.br\/noticias\/wp-json\/wp\/v2\/media\/93857"}],"wp:attachment":[{"href":"https:\/\/radiolifefm.com.br\/noticias\/wp-json\/wp\/v2\/media?parent=93852"}],"wp:term":[{"taxonomy":"category","embeddable":true,"href":"https:\/\/radiolifefm.com.br\/noticias\/wp-json\/wp\/v2\/categories?post=93852"},{"taxonomy":"post_tag","embeddable":true,"href":"https:\/\/radiolifefm.com.br\/noticias\/wp-json\/wp\/v2\/tags?post=93852"}],"curies":[{"name":"wp","href":"https:\/\/api.w.org\/{rel}","templated":true}]}}