{"id":93776,"date":"2024-10-07T08:29:57","date_gmt":"2024-10-07T11:29:57","guid":{"rendered":"https:\/\/radiolifefm.com.br\/noticias\/?p=93776"},"modified":"2026-04-20T16:02:46","modified_gmt":"2026-04-20T19:02:46","slug":"estamos-todos-as-no-mesmo-lugar-neste-tempo-do-tempo-sem-o-tempo-com-o-tempo-em-busca-do-outro-tempo-2","status":"publish","type":"post","link":"https:\/\/radiolifefm.com.br\/noticias\/estamos-todos-as-no-mesmo-lugar-neste-tempo-do-tempo-sem-o-tempo-com-o-tempo-em-busca-do-outro-tempo-2\/","title":{"rendered":"Estamos todos\/as no mesmo lugar neste tempo do tempo sem o tempo com o tempo em busca do outro tempo&#8230;"},"content":{"rendered":"<div id=\"fb-root\"><\/div>\n<p><strong><em>\u201cUm pouco de mim partiu com voc\u00ea, mas o mais importante estar\u00e1 vivo para honrar seu legado.\u201d<\/em><\/strong><\/p>\n<p><strong>Ao ANDR\u00c9\/BISAV\u00d4 (in memoriam), dedico!<\/strong><\/p>\n<p><strong>By seb@r. <\/strong><\/p>\n<p>De um jeito ou de outro, ainda, DA MORTE NINGU\u00c9M ESCAPA de acordo com uma FRASE que encontrei em uma VIAGEM n\u00e3o sei pra onde, por\u00e9m, tal FRASE estava escrito um uma PEDRA ao lado da RODOVIA&#8230;<\/p>\n<p>Assim, cada qual e do seu jeito de SER em busca do ESTAR, se bem que pode ser o INVERSO, isso \u00e9, dependendo do OLHAR de cada lado e tudo pode ficar na MESMICE DE SEMPRE&#8230;<\/p>\n<p>Tais indaga\u00e7\u00f5es s\u00e3o mais do que necess\u00e1rias para que muitos DESENCONTROS possam ocorrer neste TEMPO que corre contra o TEMPO sem o TEMPO deste TEMPO&#8230;<\/p>\n<p>Mas, entendo que apenas quem CONVIVEU com o mui-amigo ANDR\u00c9 VEIGA, o qual era o BISAV\u00d4 para a minha pessoa, entretanto, para outros, entre os quais o ALEM\u00c3O e o IGOR, era o V\u00c9IO&#8230;<\/p>\n<p>Tamb\u00e9m, por ter os CABELOS e\u00a0 BARBA (quando deixava crescer&#8230;), tamb\u00e9m, conhecido como CABE\u00c7A BRANCA, al\u00e9m de outros ADJETIVOS um tanto quanto DESQUALIFICADOS, tendo em vista naquele tempo, suas MANIAS e TREJEITOS pessoais&#8230;<\/p>\n<p>Por\u00e9m, para o meu lado, o BISAV\u00d4 era sempre uma REFER\u00caNCIA quando se tratava de LIVROS, ainda, em todas as \u00c1REAS do CONHECIMENTO HUMANO, todavia, o mesmo tinha as suas PREFER\u00caNCIAS EXCLUSIVAS e ponto final&#8230;<\/p>\n<p>Nas quest\u00f5es relacionadas com a LITERATURA em n\u00edveis NACIONAL e INTERNACIONAL, acredito que as OCNSIDERA\u00c7\u00d5ES do BISAV\u00d4 eram sempre ACERTADAS e com uma precis\u00e3o sem limites&#8230;<\/p>\n<p>Por\u00e9m, estava sempre DISPOSTO a OUVIR o outro lado quanto as muitas CONSIDERA\u00c7\u00d5ES sobre TEMAS e TEM\u00c1TICAS afins aos interesses para ambos os lados, haja vista as ANDAN\u00c7AS do ANDR\u00c9\/BISAV\u00d4 pelos quatro cantos provincianos&#8230;<\/p>\n<p>Tamb\u00e9m, era um OBSERVADOR do cen\u00e1rio LOCAL e sempre que poss\u00edvel, desenvolvia suas REFLEX\u00d5ES sobre o COTIDIANO, alias, tinha MANIA de escrever tais CONCEITOS em PEDA\u00c7OES dispersos e PAPEL que levava no BOLSO da CAMISA&#8230;<\/p>\n<p>Escrevendo sobre CAMISA, acredito que s\u00f3 encontrei o BISAV\u00d4 uma ou duas vezes no m\u00e1ximo usando CAMISETAS, quanto as CAL\u00c7AS, eram sempre do ESTILO SOCIAL e com CINTA, ainda, CAMISA por dentro da CAL\u00c7A e uma vez ou outra estava de JEANS, bem como, SEMPRE de SAPATOS e MEIAS&#8230;<\/p>\n<p>Nosso PONTO DE ENCONTRO, se bem que eram mais para DESENCONTROS sobre isto ou aquilo, ocorria quase sempre no TEMPERO MINEIRO, localizado na regi\u00e3o central da PROV\u00cdNCIA, em frente a PRA\u00c7A PRINCIPAL&#8230;<\/p>\n<p>N\u00e3o tem como deixa de lado que o BISAV\u00d4, tamb\u00e9m, n\u00e3o abria m\u00e3o do seu HOR\u00c1RIO DE ALMO\u00c7O, ou seja, sempre \u00e0s 11h, quando o local estava ABRINDO AS PORTAS para os\/as CLIENTES&#8230;<\/p>\n<p>Essa PONTUALIDADE do ANDR\u00c9 era uma MARCA mais do que REGISTRADA, bem como, suas VISITAS DI\u00c1RIAS na BIBLIOTECA para estar sempre pr\u00f3ximo dos LIVROS e conversar com a JUREMA (in memoriam)&#8230;<\/p>\n<p>Se mandou para o outro tempo do tempo no dia 30 de julho de 2.018 com 63 anos e bem longe da sua PROV\u00cdNCIA, estava residindo em C\u00c1CERES-MT Em BUSCA DE SI MESMO&#8230;<\/p>\n<p>Tais RECORDA\u00c7\u00d5ES s\u00e3o MARCAS que est\u00e3o presentes do meu lado, bem como, das PESSOAS que CONVIVERAM com o ANDR\u00c9\/BISAV\u00d4\/V\u00c9IO e continuam SINALIZANDO para N\u00d3S de um jeito ou de outro que DA MORTE NINGU\u00c9M ESCAPA&#8230;<\/p>\n<p>QUE A LUZ ESTEJA ILUMINANDO O SEU CAMINHO ONDE VOC\u00ca ESTIVER MEU CARO ANDRE, O ETERNO BISAV\u00d4&#8230;<\/p>\n<div class='flex flex-wrap items-center -mx-1'>\r\n<a class='thumbnail gallery p-1 w-1\/2 md:w-1\/4' href='https:\/\/radiolifefm.com.br\/noticias\/wp-content\/uploads\/2024\/10\/WhatsApp-Image-2024-10-06-at-23.44.17-2.jpeg'><img class='border border-white' src='https:\/\/radiolifefm.com.br\/noticias\/wp-content\/uploads\/2024\/10\/WhatsApp-Image-2024-10-06-at-23.44.17-2-200x200.jpeg' alt='WhatsApp Image 2024 10 06 At 23.44.17 (2)' \/><\/a><a class='thumbnail gallery p-1 w-1\/2 md:w-1\/4' href='https:\/\/radiolifefm.com.br\/noticias\/wp-content\/uploads\/2024\/10\/WhatsApp-Image-2024-10-06-at-23.44.17-3.jpeg'><img class='border border-white' src='https:\/\/radiolifefm.com.br\/noticias\/wp-content\/uploads\/2024\/10\/WhatsApp-Image-2024-10-06-at-23.44.17-3-200x200.jpeg' alt='WhatsApp Image 2024 10 06 At 23.44.17 (3)' \/><\/a><a class='thumbnail gallery p-1 w-1\/2 md:w-1\/4' href='https:\/\/radiolifefm.com.br\/noticias\/wp-content\/uploads\/2024\/10\/WhatsApp-Image-2024-10-06-at-23.44.17.jpeg'><img class='border border-white' src='https:\/\/radiolifefm.com.br\/noticias\/wp-content\/uploads\/2024\/10\/WhatsApp-Image-2024-10-06-at-23.44.17-200x200.jpeg' alt='WhatsApp Image 2024 10 06 At 23.44.17' \/><\/a><\/div>\n<p>&nbsp;<\/p>\n<p><strong>e-mail: <\/strong><a href=\"mailto:barbosa.sebar@gmail.com\"><strong>barbosa.sebar@gmail.com<\/strong><\/a><\/p>\n","protected":false},"excerpt":{"rendered":"<p>\u201cUm pouco de mim partiu com voc\u00ea, mas o mais importante estar\u00e1 vivo para honrar seu legado.\u201d Ao ANDR\u00c9\/BISAV\u00d4 (in memoriam), dedico! By seb@r. De um jeito ou de outro, ainda, DA MORTE NINGU\u00c9M ESCAPA de acordo com uma FRASE que encontrei em uma VIAGEM n\u00e3o sei pra onde, por\u00e9m, tal FRASE estava escrito um [&hellip;]<\/p>\n","protected":false},"author":13,"featured_media":93777,"comment_status":"closed","ping_status":"open","sticky":false,"template":"","format":"standard","meta":{"_acf_changed":false,"_exactmetrics_skip_tracking":false,"_exactmetrics_sitenote_active":false,"_exactmetrics_sitenote_note":"","_exactmetrics_sitenote_category":0,"footnotes":""},"categories":[59],"tags":[],"class_list":["post-93776","post","type-post","status-publish","format-standard","has-post-thumbnail","hentry","category-opiniao"],"acf":[],"yoast_head":"<!-- This site is optimized with the Yoast SEO plugin v27.2 - https:\/\/yoast.com\/product\/yoast-seo-wordpress\/ -->\n<title>Estamos todos\/as no mesmo lugar neste tempo do tempo sem o tempo com o tempo em busca do outro tempo... - R\u00e1dio Life FM<\/title>\n<meta name=\"robots\" content=\"index, follow, max-snippet:-1, max-image-preview:large, max-video-preview:-1\" \/>\n<link rel=\"canonical\" href=\"https:\/\/radiolifefm.com.br\/noticias\/estamos-todos-as-no-mesmo-lugar-neste-tempo-do-tempo-sem-o-tempo-com-o-tempo-em-busca-do-outro-tempo-2\/\" \/>\n<meta property=\"og:locale\" content=\"pt_BR\" \/>\n<meta property=\"og:type\" content=\"article\" \/>\n<meta property=\"og:title\" content=\"Estamos todos\/as no mesmo lugar neste tempo do tempo sem o tempo com o tempo em busca do outro tempo... - R\u00e1dio Life FM\" \/>\n<meta property=\"og:description\" content=\"\u201cUm pouco de mim partiu com voc\u00ea, mas o mais importante estar\u00e1 vivo para honrar seu legado.\u201d Ao ANDR\u00c9\/BISAV\u00d4 (in memoriam), dedico! By seb@r. De um jeito ou de outro, ainda, DA MORTE NINGU\u00c9M ESCAPA de acordo com uma FRASE que encontrei em uma VIAGEM n\u00e3o sei pra onde, por\u00e9m, tal FRASE estava escrito um [&hellip;]\" \/>\n<meta property=\"og:url\" content=\"https:\/\/radiolifefm.com.br\/noticias\/estamos-todos-as-no-mesmo-lugar-neste-tempo-do-tempo-sem-o-tempo-com-o-tempo-em-busca-do-outro-tempo-2\/\" \/>\n<meta property=\"og:site_name\" content=\"R\u00e1dio Life FM\" \/>\n<meta property=\"article:publisher\" content=\"https:\/\/www.facebook.com\/radiolifefm\/\" \/>\n<meta property=\"article:published_time\" content=\"2024-10-07T11:29:57+00:00\" \/>\n<meta property=\"article:modified_time\" content=\"2026-04-20T19:02:46+00:00\" \/>\n<meta property=\"og:image\" content=\"https:\/\/radiolifefm.com.br\/noticias\/wp-content\/uploads\/2024\/10\/WhatsApp-Image-2024-10-06-at-23.44.17-1.jpeg\" \/>\n\t<meta property=\"og:image:width\" content=\"1600\" \/>\n\t<meta property=\"og:image:height\" content=\"900\" \/>\n\t<meta property=\"og:image:type\" content=\"image\/jpeg\" \/>\n<meta name=\"author\" content=\"ritanery\" \/>\n<meta name=\"twitter:card\" content=\"summary_large_image\" \/>\n<meta name=\"twitter:label1\" content=\"Escrito por\" \/>\n\t<meta name=\"twitter:data1\" content=\"ritanery\" \/>\n\t<meta name=\"twitter:label2\" content=\"Est. tempo de leitura\" \/>\n\t<meta name=\"twitter:data2\" content=\"4 minutos\" \/>\n<script type=\"application\/ld+json\" class=\"yoast-schema-graph\">{\"@context\":\"https:\/\/schema.org\",\"@graph\":[{\"@type\":\"Article\",\"@id\":\"https:\/\/radiolifefm.com.br\/noticias\/estamos-todos-as-no-mesmo-lugar-neste-tempo-do-tempo-sem-o-tempo-com-o-tempo-em-busca-do-outro-tempo-2\/#article\",\"isPartOf\":{\"@id\":\"https:\/\/radiolifefm.com.br\/noticias\/estamos-todos-as-no-mesmo-lugar-neste-tempo-do-tempo-sem-o-tempo-com-o-tempo-em-busca-do-outro-tempo-2\/\"},\"author\":{\"name\":\"ritanery\",\"@id\":\"https:\/\/radiolifefm.com.br\/noticias\/#\/schema\/person\/6339b9fac59d12b071dec680d7375d87\"},\"headline\":\"Estamos todos\/as no mesmo lugar neste tempo do tempo sem o tempo com o tempo em busca do outro tempo&#8230;\",\"datePublished\":\"2024-10-07T11:29:57+00:00\",\"dateModified\":\"2026-04-20T19:02:46+00:00\",\"mainEntityOfPage\":{\"@id\":\"https:\/\/radiolifefm.com.br\/noticias\/estamos-todos-as-no-mesmo-lugar-neste-tempo-do-tempo-sem-o-tempo-com-o-tempo-em-busca-do-outro-tempo-2\/\"},\"wordCount\":630,\"publisher\":{\"@id\":\"https:\/\/radiolifefm.com.br\/noticias\/#organization\"},\"image\":{\"@id\":\"https:\/\/radiolifefm.com.br\/noticias\/estamos-todos-as-no-mesmo-lugar-neste-tempo-do-tempo-sem-o-tempo-com-o-tempo-em-busca-do-outro-tempo-2\/#primaryimage\"},\"thumbnailUrl\":\"https:\/\/radiolifefm.com.br\/noticias\/wp-content\/uploads\/2024\/10\/WhatsApp-Image-2024-10-06-at-23.44.17-1.jpeg\",\"articleSection\":[\"Opini\u00e3o\"],\"inLanguage\":\"pt-BR\"},{\"@type\":\"WebPage\",\"@id\":\"https:\/\/radiolifefm.com.br\/noticias\/estamos-todos-as-no-mesmo-lugar-neste-tempo-do-tempo-sem-o-tempo-com-o-tempo-em-busca-do-outro-tempo-2\/\",\"url\":\"https:\/\/radiolifefm.com.br\/noticias\/estamos-todos-as-no-mesmo-lugar-neste-tempo-do-tempo-sem-o-tempo-com-o-tempo-em-busca-do-outro-tempo-2\/\",\"name\":\"Estamos todos\/as no mesmo lugar neste tempo do tempo sem o tempo com o tempo em busca do outro tempo... - R\u00e1dio Life FM\",\"isPartOf\":{\"@id\":\"https:\/\/radiolifefm.com.br\/noticias\/#website\"},\"primaryImageOfPage\":{\"@id\":\"https:\/\/radiolifefm.com.br\/noticias\/estamos-todos-as-no-mesmo-lugar-neste-tempo-do-tempo-sem-o-tempo-com-o-tempo-em-busca-do-outro-tempo-2\/#primaryimage\"},\"image\":{\"@id\":\"https:\/\/radiolifefm.com.br\/noticias\/estamos-todos-as-no-mesmo-lugar-neste-tempo-do-tempo-sem-o-tempo-com-o-tempo-em-busca-do-outro-tempo-2\/#primaryimage\"},\"thumbnailUrl\":\"https:\/\/radiolifefm.com.br\/noticias\/wp-content\/uploads\/2024\/10\/WhatsApp-Image-2024-10-06-at-23.44.17-1.jpeg\",\"datePublished\":\"2024-10-07T11:29:57+00:00\",\"dateModified\":\"2026-04-20T19:02:46+00:00\",\"breadcrumb\":{\"@id\":\"https:\/\/radiolifefm.com.br\/noticias\/estamos-todos-as-no-mesmo-lugar-neste-tempo-do-tempo-sem-o-tempo-com-o-tempo-em-busca-do-outro-tempo-2\/#breadcrumb\"},\"inLanguage\":\"pt-BR\",\"potentialAction\":[{\"@type\":\"ReadAction\",\"target\":[\"https:\/\/radiolifefm.com.br\/noticias\/estamos-todos-as-no-mesmo-lugar-neste-tempo-do-tempo-sem-o-tempo-com-o-tempo-em-busca-do-outro-tempo-2\/\"]}]},{\"@type\":\"ImageObject\",\"inLanguage\":\"pt-BR\",\"@id\":\"https:\/\/radiolifefm.com.br\/noticias\/estamos-todos-as-no-mesmo-lugar-neste-tempo-do-tempo-sem-o-tempo-com-o-tempo-em-busca-do-outro-tempo-2\/#primaryimage\",\"url\":\"https:\/\/radiolifefm.com.br\/noticias\/wp-content\/uploads\/2024\/10\/WhatsApp-Image-2024-10-06-at-23.44.17-1.jpeg\",\"contentUrl\":\"https:\/\/radiolifefm.com.br\/noticias\/wp-content\/uploads\/2024\/10\/WhatsApp-Image-2024-10-06-at-23.44.17-1.jpeg\",\"width\":1600,\"height\":900},{\"@type\":\"BreadcrumbList\",\"@id\":\"https:\/\/radiolifefm.com.br\/noticias\/estamos-todos-as-no-mesmo-lugar-neste-tempo-do-tempo-sem-o-tempo-com-o-tempo-em-busca-do-outro-tempo-2\/#breadcrumb\",\"itemListElement\":[{\"@type\":\"ListItem\",\"position\":1,\"name\":\"In\u00edcio\",\"item\":\"https:\/\/radiolifefm.com.br\/noticias\/\"},{\"@type\":\"ListItem\",\"position\":2,\"name\":\"Estamos todos\/as no mesmo lugar neste tempo do tempo sem o tempo com o tempo em busca do outro tempo&#8230;\"}]},{\"@type\":\"WebSite\",\"@id\":\"https:\/\/radiolifefm.com.br\/noticias\/#website\",\"url\":\"https:\/\/radiolifefm.com.br\/noticias\/\",\"name\":\"R\u00e1dio Life FM\",\"description\":\"O Portal de Not\u00edcias de Adamantina\",\"publisher\":{\"@id\":\"https:\/\/radiolifefm.com.br\/noticias\/#organization\"},\"alternateName\":\"Life FM\",\"potentialAction\":[{\"@type\":\"SearchAction\",\"target\":{\"@type\":\"EntryPoint\",\"urlTemplate\":\"https:\/\/radiolifefm.com.br\/noticias\/?s={search_term_string}\"},\"query-input\":{\"@type\":\"PropertyValueSpecification\",\"valueRequired\":true,\"valueName\":\"search_term_string\"}}],\"inLanguage\":\"pt-BR\"},{\"@type\":\"Organization\",\"@id\":\"https:\/\/radiolifefm.com.br\/noticias\/#organization\",\"name\":\"R\u00e1dio Life FM\",\"alternateName\":\"Life FM\",\"url\":\"https:\/\/radiolifefm.com.br\/noticias\/\",\"logo\":{\"@type\":\"ImageObject\",\"inLanguage\":\"pt-BR\",\"@id\":\"https:\/\/radiolifefm.com.br\/noticias\/#\/schema\/logo\/image\/\",\"url\":\"https:\/\/static.radiolifefm.com.br\/noticias\/wp-content\/uploads\/2019\/10\/logo-lifefm.png\",\"contentUrl\":\"https:\/\/static.radiolifefm.com.br\/noticias\/wp-content\/uploads\/2019\/10\/logo-lifefm.png\",\"width\":196,\"height\":47,\"caption\":\"R\u00e1dio Life FM\"},\"image\":{\"@id\":\"https:\/\/radiolifefm.com.br\/noticias\/#\/schema\/logo\/image\/\"},\"sameAs\":[\"https:\/\/www.facebook.com\/radiolifefm\/\",\"https:\/\/www.instagram.com\/life1079fm\/\"]},{\"@type\":\"Person\",\"@id\":\"https:\/\/radiolifefm.com.br\/noticias\/#\/schema\/person\/6339b9fac59d12b071dec680d7375d87\",\"name\":\"ritanery\",\"image\":{\"@type\":\"ImageObject\",\"inLanguage\":\"pt-BR\",\"@id\":\"https:\/\/secure.gravatar.com\/avatar\/0e37bb19071f47c0b8a23f62a903df117c5a0e75f65a0c2901562f97cd41cf86?s=96&d=mm&r=g\",\"url\":\"https:\/\/secure.gravatar.com\/avatar\/0e37bb19071f47c0b8a23f62a903df117c5a0e75f65a0c2901562f97cd41cf86?s=96&d=mm&r=g\",\"contentUrl\":\"https:\/\/secure.gravatar.com\/avatar\/0e37bb19071f47c0b8a23f62a903df117c5a0e75f65a0c2901562f97cd41cf86?s=96&d=mm&r=g\",\"caption\":\"ritanery\"}}]}<\/script>\n<!-- \/ Yoast SEO plugin. -->","yoast_head_json":{"title":"Estamos todos\/as no mesmo lugar neste tempo do tempo sem o tempo com o tempo em busca do outro tempo... - R\u00e1dio Life FM","robots":{"index":"index","follow":"follow","max-snippet":"max-snippet:-1","max-image-preview":"max-image-preview:large","max-video-preview":"max-video-preview:-1"},"canonical":"https:\/\/radiolifefm.com.br\/noticias\/estamos-todos-as-no-mesmo-lugar-neste-tempo-do-tempo-sem-o-tempo-com-o-tempo-em-busca-do-outro-tempo-2\/","og_locale":"pt_BR","og_type":"article","og_title":"Estamos todos\/as no mesmo lugar neste tempo do tempo sem o tempo com o tempo em busca do outro tempo... - R\u00e1dio Life FM","og_description":"\u201cUm pouco de mim partiu com voc\u00ea, mas o mais importante estar\u00e1 vivo para honrar seu legado.\u201d Ao ANDR\u00c9\/BISAV\u00d4 (in memoriam), dedico! By seb@r. De um jeito ou de outro, ainda, DA MORTE NINGU\u00c9M ESCAPA de acordo com uma FRASE que encontrei em uma VIAGEM n\u00e3o sei pra onde, por\u00e9m, tal FRASE estava escrito um [&hellip;]","og_url":"https:\/\/radiolifefm.com.br\/noticias\/estamos-todos-as-no-mesmo-lugar-neste-tempo-do-tempo-sem-o-tempo-com-o-tempo-em-busca-do-outro-tempo-2\/","og_site_name":"R\u00e1dio Life FM","article_publisher":"https:\/\/www.facebook.com\/radiolifefm\/","article_published_time":"2024-10-07T11:29:57+00:00","article_modified_time":"2026-04-20T19:02:46+00:00","og_image":[{"width":1600,"height":900,"url":"https:\/\/radiolifefm.com.br\/noticias\/wp-content\/uploads\/2024\/10\/WhatsApp-Image-2024-10-06-at-23.44.17-1.jpeg","type":"image\/jpeg"}],"author":"ritanery","twitter_card":"summary_large_image","twitter_misc":{"Escrito por":"ritanery","Est. tempo de leitura":"4 minutos"},"schema":{"@context":"https:\/\/schema.org","@graph":[{"@type":"Article","@id":"https:\/\/radiolifefm.com.br\/noticias\/estamos-todos-as-no-mesmo-lugar-neste-tempo-do-tempo-sem-o-tempo-com-o-tempo-em-busca-do-outro-tempo-2\/#article","isPartOf":{"@id":"https:\/\/radiolifefm.com.br\/noticias\/estamos-todos-as-no-mesmo-lugar-neste-tempo-do-tempo-sem-o-tempo-com-o-tempo-em-busca-do-outro-tempo-2\/"},"author":{"name":"ritanery","@id":"https:\/\/radiolifefm.com.br\/noticias\/#\/schema\/person\/6339b9fac59d12b071dec680d7375d87"},"headline":"Estamos todos\/as no mesmo lugar neste tempo do tempo sem o tempo com o tempo em busca do outro tempo&#8230;","datePublished":"2024-10-07T11:29:57+00:00","dateModified":"2026-04-20T19:02:46+00:00","mainEntityOfPage":{"@id":"https:\/\/radiolifefm.com.br\/noticias\/estamos-todos-as-no-mesmo-lugar-neste-tempo-do-tempo-sem-o-tempo-com-o-tempo-em-busca-do-outro-tempo-2\/"},"wordCount":630,"publisher":{"@id":"https:\/\/radiolifefm.com.br\/noticias\/#organization"},"image":{"@id":"https:\/\/radiolifefm.com.br\/noticias\/estamos-todos-as-no-mesmo-lugar-neste-tempo-do-tempo-sem-o-tempo-com-o-tempo-em-busca-do-outro-tempo-2\/#primaryimage"},"thumbnailUrl":"https:\/\/radiolifefm.com.br\/noticias\/wp-content\/uploads\/2024\/10\/WhatsApp-Image-2024-10-06-at-23.44.17-1.jpeg","articleSection":["Opini\u00e3o"],"inLanguage":"pt-BR"},{"@type":"WebPage","@id":"https:\/\/radiolifefm.com.br\/noticias\/estamos-todos-as-no-mesmo-lugar-neste-tempo-do-tempo-sem-o-tempo-com-o-tempo-em-busca-do-outro-tempo-2\/","url":"https:\/\/radiolifefm.com.br\/noticias\/estamos-todos-as-no-mesmo-lugar-neste-tempo-do-tempo-sem-o-tempo-com-o-tempo-em-busca-do-outro-tempo-2\/","name":"Estamos todos\/as no mesmo lugar neste tempo do tempo sem o tempo com o tempo em busca do outro tempo... - R\u00e1dio Life FM","isPartOf":{"@id":"https:\/\/radiolifefm.com.br\/noticias\/#website"},"primaryImageOfPage":{"@id":"https:\/\/radiolifefm.com.br\/noticias\/estamos-todos-as-no-mesmo-lugar-neste-tempo-do-tempo-sem-o-tempo-com-o-tempo-em-busca-do-outro-tempo-2\/#primaryimage"},"image":{"@id":"https:\/\/radiolifefm.com.br\/noticias\/estamos-todos-as-no-mesmo-lugar-neste-tempo-do-tempo-sem-o-tempo-com-o-tempo-em-busca-do-outro-tempo-2\/#primaryimage"},"thumbnailUrl":"https:\/\/radiolifefm.com.br\/noticias\/wp-content\/uploads\/2024\/10\/WhatsApp-Image-2024-10-06-at-23.44.17-1.jpeg","datePublished":"2024-10-07T11:29:57+00:00","dateModified":"2026-04-20T19:02:46+00:00","breadcrumb":{"@id":"https:\/\/radiolifefm.com.br\/noticias\/estamos-todos-as-no-mesmo-lugar-neste-tempo-do-tempo-sem-o-tempo-com-o-tempo-em-busca-do-outro-tempo-2\/#breadcrumb"},"inLanguage":"pt-BR","potentialAction":[{"@type":"ReadAction","target":["https:\/\/radiolifefm.com.br\/noticias\/estamos-todos-as-no-mesmo-lugar-neste-tempo-do-tempo-sem-o-tempo-com-o-tempo-em-busca-do-outro-tempo-2\/"]}]},{"@type":"ImageObject","inLanguage":"pt-BR","@id":"https:\/\/radiolifefm.com.br\/noticias\/estamos-todos-as-no-mesmo-lugar-neste-tempo-do-tempo-sem-o-tempo-com-o-tempo-em-busca-do-outro-tempo-2\/#primaryimage","url":"https:\/\/radiolifefm.com.br\/noticias\/wp-content\/uploads\/2024\/10\/WhatsApp-Image-2024-10-06-at-23.44.17-1.jpeg","contentUrl":"https:\/\/radiolifefm.com.br\/noticias\/wp-content\/uploads\/2024\/10\/WhatsApp-Image-2024-10-06-at-23.44.17-1.jpeg","width":1600,"height":900},{"@type":"BreadcrumbList","@id":"https:\/\/radiolifefm.com.br\/noticias\/estamos-todos-as-no-mesmo-lugar-neste-tempo-do-tempo-sem-o-tempo-com-o-tempo-em-busca-do-outro-tempo-2\/#breadcrumb","itemListElement":[{"@type":"ListItem","position":1,"name":"In\u00edcio","item":"https:\/\/radiolifefm.com.br\/noticias\/"},{"@type":"ListItem","position":2,"name":"Estamos todos\/as no mesmo lugar neste tempo do tempo sem o tempo com o tempo em busca do outro tempo&#8230;"}]},{"@type":"WebSite","@id":"https:\/\/radiolifefm.com.br\/noticias\/#website","url":"https:\/\/radiolifefm.com.br\/noticias\/","name":"R\u00e1dio Life FM","description":"O Portal de Not\u00edcias de Adamantina","publisher":{"@id":"https:\/\/radiolifefm.com.br\/noticias\/#organization"},"alternateName":"Life FM","potentialAction":[{"@type":"SearchAction","target":{"@type":"EntryPoint","urlTemplate":"https:\/\/radiolifefm.com.br\/noticias\/?s={search_term_string}"},"query-input":{"@type":"PropertyValueSpecification","valueRequired":true,"valueName":"search_term_string"}}],"inLanguage":"pt-BR"},{"@type":"Organization","@id":"https:\/\/radiolifefm.com.br\/noticias\/#organization","name":"R\u00e1dio Life FM","alternateName":"Life FM","url":"https:\/\/radiolifefm.com.br\/noticias\/","logo":{"@type":"ImageObject","inLanguage":"pt-BR","@id":"https:\/\/radiolifefm.com.br\/noticias\/#\/schema\/logo\/image\/","url":"https:\/\/static.radiolifefm.com.br\/noticias\/wp-content\/uploads\/2019\/10\/logo-lifefm.png","contentUrl":"https:\/\/static.radiolifefm.com.br\/noticias\/wp-content\/uploads\/2019\/10\/logo-lifefm.png","width":196,"height":47,"caption":"R\u00e1dio Life FM"},"image":{"@id":"https:\/\/radiolifefm.com.br\/noticias\/#\/schema\/logo\/image\/"},"sameAs":["https:\/\/www.facebook.com\/radiolifefm\/","https:\/\/www.instagram.com\/life1079fm\/"]},{"@type":"Person","@id":"https:\/\/radiolifefm.com.br\/noticias\/#\/schema\/person\/6339b9fac59d12b071dec680d7375d87","name":"ritanery","image":{"@type":"ImageObject","inLanguage":"pt-BR","@id":"https:\/\/secure.gravatar.com\/avatar\/0e37bb19071f47c0b8a23f62a903df117c5a0e75f65a0c2901562f97cd41cf86?s=96&d=mm&r=g","url":"https:\/\/secure.gravatar.com\/avatar\/0e37bb19071f47c0b8a23f62a903df117c5a0e75f65a0c2901562f97cd41cf86?s=96&d=mm&r=g","contentUrl":"https:\/\/secure.gravatar.com\/avatar\/0e37bb19071f47c0b8a23f62a903df117c5a0e75f65a0c2901562f97cd41cf86?s=96&d=mm&r=g","caption":"ritanery"}}]}},"amp_enabled":true,"_links":{"self":[{"href":"https:\/\/radiolifefm.com.br\/noticias\/wp-json\/wp\/v2\/posts\/93776","targetHints":{"allow":["GET"]}}],"collection":[{"href":"https:\/\/radiolifefm.com.br\/noticias\/wp-json\/wp\/v2\/posts"}],"about":[{"href":"https:\/\/radiolifefm.com.br\/noticias\/wp-json\/wp\/v2\/types\/post"}],"author":[{"embeddable":true,"href":"https:\/\/radiolifefm.com.br\/noticias\/wp-json\/wp\/v2\/users\/13"}],"replies":[{"embeddable":true,"href":"https:\/\/radiolifefm.com.br\/noticias\/wp-json\/wp\/v2\/comments?post=93776"}],"version-history":[{"count":1,"href":"https:\/\/radiolifefm.com.br\/noticias\/wp-json\/wp\/v2\/posts\/93776\/revisions"}],"predecessor-version":[{"id":93781,"href":"https:\/\/radiolifefm.com.br\/noticias\/wp-json\/wp\/v2\/posts\/93776\/revisions\/93781"}],"wp:featuredmedia":[{"embeddable":true,"href":"https:\/\/radiolifefm.com.br\/noticias\/wp-json\/wp\/v2\/media\/93777"}],"wp:attachment":[{"href":"https:\/\/radiolifefm.com.br\/noticias\/wp-json\/wp\/v2\/media?parent=93776"}],"wp:term":[{"taxonomy":"category","embeddable":true,"href":"https:\/\/radiolifefm.com.br\/noticias\/wp-json\/wp\/v2\/categories?post=93776"},{"taxonomy":"post_tag","embeddable":true,"href":"https:\/\/radiolifefm.com.br\/noticias\/wp-json\/wp\/v2\/tags?post=93776"}],"curies":[{"name":"wp","href":"https:\/\/api.w.org\/{rel}","templated":true}]}}