{"id":93578,"date":"2024-10-04T08:02:45","date_gmt":"2024-10-04T11:02:45","guid":{"rendered":"https:\/\/radiolifefm.com.br\/noticias\/?p=93578"},"modified":"2025-09-26T07:49:50","modified_gmt":"2025-09-26T10:49:50","slug":"provincia-eleicoes-mentes-mediocres-e-patriotarios-as","status":"publish","type":"post","link":"https:\/\/radiolifefm.com.br\/noticias\/provincia-eleicoes-mentes-mediocres-e-patriotarios-as\/","title":{"rendered":"Prov\u00edncia, Elei\u00e7\u00f5es, Mentes Med\u00edocres e Patriot\u00e1rios\/as&#8230;"},"content":{"rendered":"<div id=\"fb-root\"><\/div>\n<p><strong>\u201csomos todos \u00e1gua, de diferentes rios, por isso, \u00e9 t\u00e3o f\u00e1cil se encontrar&#8230;\u201d (John ono lennon) <\/strong><\/p>\n<p><strong>\u00a0<\/strong><\/p>\n<p><strong>By seb@r.<\/strong><\/p>\n<p>Nesta semana, isso \u00e9, no DOMINGO, estar\u00e1 ocorrendo as ELEI\u00c7\u00d5ES para o EXECUTIVO e LEGISLATIVO PROVINCIANO, assim, TODO CUIDADO \u00c9 POUCO daqui pra frente&#8230;<\/p>\n<p>Tamb\u00e9m, trata-se de uma CORRIDA MALUCA para os candidatos\/as ao LEGISLATIVO com mais de CEM NOMES nesta competi\u00e7\u00e3o eleitoral, bem como, os SUJOS com os MAL LAVADOS para o EXECUTIVO&#8230;<\/p>\n<p>Na realidade, se trata de muitas MENTES MED\u00cdOCRES travestidas de PATRIOT\u00c1RIOS\/AS em nome daquela proposta do 171, ou seja, DEUS, P\u00c1TRIA E FAM\u00cdLIA&#8230;<\/p>\n<p>Mesmo assim, cada qual deve seguir o seu caminho de um jeito ou de outro, por\u00e9m, sempre buscando estar deste ou do outro lado de um mesmo lado&#8230;<\/p>\n<p>Nesta PROV\u00cdNCIA DO FAZ DE CONTA, pode-se projetar que TUDO PODE OCORRER, ainda, de uma hora para outra at\u00e9 o 5 de outubro&#8230;<\/p>\n<p>Al\u00e9m do mais em meio ao tudo de menos, a DESINFORMA\u00c7\u00c3O continua fazendo o seu PAPEL mediado pelo SENSO COMUM dos CANDITATOS ao EXECUTIVO&#8230;<\/p>\n<p>Tamb\u00e9m, foram divulgadas algumas PESQUISAS DE ARAQUE, todavia, pode ser que este ou aquele RESULTADO apresentado, talvez, n\u00e3o esteja de acordo com as denominadas METODOLOGIAS CIENT\u00cdTICAS e ponto quase final&#8230;<\/p>\n<p>Entretanto, tudo indica que daqui pra frente TUDO PODE OCORRER em nome dos GRUPOS que est\u00e3o nos bastidores desta CORRIDA MALUCA, haja vista que quando o INIMIGO \u00c9 COMUM, os demais se juntam para tentar dar o BOTE em nome dos mesmos interesses de semrpre&#8230;<\/p>\n<p>Quanto aos NOMES colocados para VOTA\u00c7\u00c3O para as 9 VAGAS do LEGISLATIVO PROVINCIANO, deve-se considerar que SE VOC\u00ca PENSA QUE T\u00c1 RUIM, PODE PIORAR&#8230;<\/p>\n<p>Outras COISA desta mesma COISA em pauta, est\u00e1 mais de acordo com o que pode virar um JARDIM ZOOL\u00d3GICO, isso \u00e9, com TODO O RESPEITO para os ANIMAIS&#8230;<\/p>\n<p>N\u00e3o se pode esquecer que a maioria pertence ao mundo das famigeradas MENTES MED\u00cdOCRES travestidas de PATRIOT\u00c1RIOSAS e tudo pode ficar na MESMICE DE SEMPRE&#8230;<\/p>\n<p>O CEN\u00c1RIO em n\u00edvel REGIOCAL, ou seja, do REGIONAL para o LOCAL continua o mesmo nos quatro cantos da denominada REGI\u00c3O da NOVA ALTA PAULISTA, desta forma, os RESULTADOS destas ELEI\u00c7\u00d5ES, pode SER aquilo que NUNCA ACONTEEU, tal qual naquele CL\u00c1SSICO de GEORGE ORWELL, a saber \u201c1984\u201d, ainda, se preferir, pode ficar com a REVOLU\u00c7\u00c3O DOS BICHOS&#8230;<\/p>\n<p>QUEM SOBREVIVER VAI SABER&#8230;<\/p>\n<p>&nbsp;<\/p>\n<p><strong>e-mail: <\/strong><a href=\"mailto:barbosa.sebar@gmail.com\"><strong>barbosa.sebar@gmail.com<\/strong><\/a><\/p>\n<p>&nbsp;<\/p>\n<p>&nbsp;<\/p>\n","protected":false},"excerpt":{"rendered":"<p>\u201csomos todos \u00e1gua, de diferentes rios, por isso, \u00e9 t\u00e3o f\u00e1cil se encontrar&#8230;\u201d (John ono lennon) \u00a0 By seb@r. Nesta semana, isso \u00e9, no DOMINGO, estar\u00e1 ocorrendo as ELEI\u00c7\u00d5ES para o EXECUTIVO e LEGISLATIVO PROVINCIANO, assim, TODO CUIDADO \u00c9 POUCO daqui pra frente&#8230; Tamb\u00e9m, trata-se de uma CORRIDA MALUCA para os candidatos\/as ao LEGISLATIVO com [&hellip;]<\/p>\n","protected":false},"author":13,"featured_media":51988,"comment_status":"closed","ping_status":"open","sticky":false,"template":"","format":"standard","meta":{"_acf_changed":false,"_exactmetrics_skip_tracking":false,"_exactmetrics_sitenote_active":false,"_exactmetrics_sitenote_note":"","_exactmetrics_sitenote_category":0,"footnotes":""},"categories":[59],"tags":[],"class_list":["post-93578","post","type-post","status-publish","format-standard","has-post-thumbnail","hentry","category-opiniao"],"acf":[],"yoast_head":"<!-- This site is optimized with the Yoast SEO plugin v27.2 - https:\/\/yoast.com\/product\/yoast-seo-wordpress\/ -->\n<title>Prov\u00edncia, Elei\u00e7\u00f5es, Mentes Med\u00edocres e Patriot\u00e1rios\/as... - R\u00e1dio Life FM<\/title>\n<meta name=\"robots\" content=\"index, follow, max-snippet:-1, max-image-preview:large, max-video-preview:-1\" \/>\n<link rel=\"canonical\" href=\"https:\/\/radiolifefm.com.br\/noticias\/provincia-eleicoes-mentes-mediocres-e-patriotarios-as\/\" \/>\n<meta property=\"og:locale\" content=\"pt_BR\" \/>\n<meta property=\"og:type\" content=\"article\" \/>\n<meta property=\"og:title\" content=\"Prov\u00edncia, Elei\u00e7\u00f5es, Mentes Med\u00edocres e Patriot\u00e1rios\/as... - R\u00e1dio Life FM\" \/>\n<meta property=\"og:description\" content=\"\u201csomos todos \u00e1gua, de diferentes rios, por isso, \u00e9 t\u00e3o f\u00e1cil se encontrar&#8230;\u201d (John ono lennon) \u00a0 By seb@r. Nesta semana, isso \u00e9, no DOMINGO, estar\u00e1 ocorrendo as ELEI\u00c7\u00d5ES para o EXECUTIVO e LEGISLATIVO PROVINCIANO, assim, TODO CUIDADO \u00c9 POUCO daqui pra frente&#8230; Tamb\u00e9m, trata-se de uma CORRIDA MALUCA para os candidatos\/as ao LEGISLATIVO com [&hellip;]\" \/>\n<meta property=\"og:url\" content=\"https:\/\/radiolifefm.com.br\/noticias\/provincia-eleicoes-mentes-mediocres-e-patriotarios-as\/\" \/>\n<meta property=\"og:site_name\" content=\"R\u00e1dio Life FM\" \/>\n<meta property=\"article:publisher\" content=\"https:\/\/www.facebook.com\/radiolifefm\/\" \/>\n<meta property=\"article:published_time\" content=\"2024-10-04T11:02:45+00:00\" \/>\n<meta property=\"article:modified_time\" content=\"2025-09-26T10:49:50+00:00\" \/>\n<meta property=\"og:image\" content=\"https:\/\/static.radiolifefm.com.br\/noticias\/wp-content\/uploads\/2022\/04\/WhatsApp-Image-2022-04-10-at-18.43.02.jpeg\" \/>\n\t<meta property=\"og:image:width\" content=\"972\" \/>\n\t<meta property=\"og:image:height\" content=\"1296\" \/>\n\t<meta property=\"og:image:type\" content=\"image\/jpeg\" \/>\n<meta name=\"author\" content=\"ritanery\" \/>\n<meta name=\"twitter:card\" content=\"summary_large_image\" \/>\n<meta name=\"twitter:label1\" content=\"Escrito por\" \/>\n\t<meta name=\"twitter:data1\" content=\"ritanery\" \/>\n\t<meta name=\"twitter:label2\" content=\"Est. tempo de leitura\" \/>\n\t<meta name=\"twitter:data2\" content=\"3 minutos\" \/>\n<script type=\"application\/ld+json\" class=\"yoast-schema-graph\">{\"@context\":\"https:\/\/schema.org\",\"@graph\":[{\"@type\":\"Article\",\"@id\":\"https:\/\/radiolifefm.com.br\/noticias\/provincia-eleicoes-mentes-mediocres-e-patriotarios-as\/#article\",\"isPartOf\":{\"@id\":\"https:\/\/radiolifefm.com.br\/noticias\/provincia-eleicoes-mentes-mediocres-e-patriotarios-as\/\"},\"author\":{\"name\":\"ritanery\",\"@id\":\"https:\/\/radiolifefm.com.br\/noticias\/#\/schema\/person\/6339b9fac59d12b071dec680d7375d87\"},\"headline\":\"Prov\u00edncia, Elei\u00e7\u00f5es, Mentes Med\u00edocres e Patriot\u00e1rios\/as&#8230;\",\"datePublished\":\"2024-10-04T11:02:45+00:00\",\"dateModified\":\"2025-09-26T10:49:50+00:00\",\"mainEntityOfPage\":{\"@id\":\"https:\/\/radiolifefm.com.br\/noticias\/provincia-eleicoes-mentes-mediocres-e-patriotarios-as\/\"},\"wordCount\":424,\"publisher\":{\"@id\":\"https:\/\/radiolifefm.com.br\/noticias\/#organization\"},\"image\":{\"@id\":\"https:\/\/radiolifefm.com.br\/noticias\/provincia-eleicoes-mentes-mediocres-e-patriotarios-as\/#primaryimage\"},\"thumbnailUrl\":\"https:\/\/radiolifefm.com.br\/noticias\/wp-content\/uploads\/2022\/04\/WhatsApp-Image-2022-04-10-at-18.43.02.jpeg\",\"articleSection\":[\"Opini\u00e3o\"],\"inLanguage\":\"pt-BR\"},{\"@type\":\"WebPage\",\"@id\":\"https:\/\/radiolifefm.com.br\/noticias\/provincia-eleicoes-mentes-mediocres-e-patriotarios-as\/\",\"url\":\"https:\/\/radiolifefm.com.br\/noticias\/provincia-eleicoes-mentes-mediocres-e-patriotarios-as\/\",\"name\":\"Prov\u00edncia, Elei\u00e7\u00f5es, Mentes Med\u00edocres e Patriot\u00e1rios\/as... - R\u00e1dio Life FM\",\"isPartOf\":{\"@id\":\"https:\/\/radiolifefm.com.br\/noticias\/#website\"},\"primaryImageOfPage\":{\"@id\":\"https:\/\/radiolifefm.com.br\/noticias\/provincia-eleicoes-mentes-mediocres-e-patriotarios-as\/#primaryimage\"},\"image\":{\"@id\":\"https:\/\/radiolifefm.com.br\/noticias\/provincia-eleicoes-mentes-mediocres-e-patriotarios-as\/#primaryimage\"},\"thumbnailUrl\":\"https:\/\/radiolifefm.com.br\/noticias\/wp-content\/uploads\/2022\/04\/WhatsApp-Image-2022-04-10-at-18.43.02.jpeg\",\"datePublished\":\"2024-10-04T11:02:45+00:00\",\"dateModified\":\"2025-09-26T10:49:50+00:00\",\"breadcrumb\":{\"@id\":\"https:\/\/radiolifefm.com.br\/noticias\/provincia-eleicoes-mentes-mediocres-e-patriotarios-as\/#breadcrumb\"},\"inLanguage\":\"pt-BR\",\"potentialAction\":[{\"@type\":\"ReadAction\",\"target\":[\"https:\/\/radiolifefm.com.br\/noticias\/provincia-eleicoes-mentes-mediocres-e-patriotarios-as\/\"]}]},{\"@type\":\"ImageObject\",\"inLanguage\":\"pt-BR\",\"@id\":\"https:\/\/radiolifefm.com.br\/noticias\/provincia-eleicoes-mentes-mediocres-e-patriotarios-as\/#primaryimage\",\"url\":\"https:\/\/radiolifefm.com.br\/noticias\/wp-content\/uploads\/2022\/04\/WhatsApp-Image-2022-04-10-at-18.43.02.jpeg\",\"contentUrl\":\"https:\/\/radiolifefm.com.br\/noticias\/wp-content\/uploads\/2022\/04\/WhatsApp-Image-2022-04-10-at-18.43.02.jpeg\",\"width\":972,\"height\":1296,\"caption\":\"S\u00e9rgio Barbosa\"},{\"@type\":\"BreadcrumbList\",\"@id\":\"https:\/\/radiolifefm.com.br\/noticias\/provincia-eleicoes-mentes-mediocres-e-patriotarios-as\/#breadcrumb\",\"itemListElement\":[{\"@type\":\"ListItem\",\"position\":1,\"name\":\"In\u00edcio\",\"item\":\"https:\/\/radiolifefm.com.br\/noticias\/\"},{\"@type\":\"ListItem\",\"position\":2,\"name\":\"Prov\u00edncia, Elei\u00e7\u00f5es, Mentes Med\u00edocres e Patriot\u00e1rios\/as&#8230;\"}]},{\"@type\":\"WebSite\",\"@id\":\"https:\/\/radiolifefm.com.br\/noticias\/#website\",\"url\":\"https:\/\/radiolifefm.com.br\/noticias\/\",\"name\":\"R\u00e1dio Life FM\",\"description\":\"O Portal de Not\u00edcias de Adamantina\",\"publisher\":{\"@id\":\"https:\/\/radiolifefm.com.br\/noticias\/#organization\"},\"alternateName\":\"Life FM\",\"potentialAction\":[{\"@type\":\"SearchAction\",\"target\":{\"@type\":\"EntryPoint\",\"urlTemplate\":\"https:\/\/radiolifefm.com.br\/noticias\/?s={search_term_string}\"},\"query-input\":{\"@type\":\"PropertyValueSpecification\",\"valueRequired\":true,\"valueName\":\"search_term_string\"}}],\"inLanguage\":\"pt-BR\"},{\"@type\":\"Organization\",\"@id\":\"https:\/\/radiolifefm.com.br\/noticias\/#organization\",\"name\":\"R\u00e1dio Life FM\",\"alternateName\":\"Life FM\",\"url\":\"https:\/\/radiolifefm.com.br\/noticias\/\",\"logo\":{\"@type\":\"ImageObject\",\"inLanguage\":\"pt-BR\",\"@id\":\"https:\/\/radiolifefm.com.br\/noticias\/#\/schema\/logo\/image\/\",\"url\":\"https:\/\/static.radiolifefm.com.br\/noticias\/wp-content\/uploads\/2019\/10\/logo-lifefm.png\",\"contentUrl\":\"https:\/\/static.radiolifefm.com.br\/noticias\/wp-content\/uploads\/2019\/10\/logo-lifefm.png\",\"width\":196,\"height\":47,\"caption\":\"R\u00e1dio Life FM\"},\"image\":{\"@id\":\"https:\/\/radiolifefm.com.br\/noticias\/#\/schema\/logo\/image\/\"},\"sameAs\":[\"https:\/\/www.facebook.com\/radiolifefm\/\",\"https:\/\/www.instagram.com\/life1079fm\/\"]},{\"@type\":\"Person\",\"@id\":\"https:\/\/radiolifefm.com.br\/noticias\/#\/schema\/person\/6339b9fac59d12b071dec680d7375d87\",\"name\":\"ritanery\",\"image\":{\"@type\":\"ImageObject\",\"inLanguage\":\"pt-BR\",\"@id\":\"https:\/\/secure.gravatar.com\/avatar\/0e37bb19071f47c0b8a23f62a903df117c5a0e75f65a0c2901562f97cd41cf86?s=96&d=mm&r=g\",\"url\":\"https:\/\/secure.gravatar.com\/avatar\/0e37bb19071f47c0b8a23f62a903df117c5a0e75f65a0c2901562f97cd41cf86?s=96&d=mm&r=g\",\"contentUrl\":\"https:\/\/secure.gravatar.com\/avatar\/0e37bb19071f47c0b8a23f62a903df117c5a0e75f65a0c2901562f97cd41cf86?s=96&d=mm&r=g\",\"caption\":\"ritanery\"}}]}<\/script>\n<!-- \/ Yoast SEO plugin. -->","yoast_head_json":{"title":"Prov\u00edncia, Elei\u00e7\u00f5es, Mentes Med\u00edocres e Patriot\u00e1rios\/as... - R\u00e1dio Life FM","robots":{"index":"index","follow":"follow","max-snippet":"max-snippet:-1","max-image-preview":"max-image-preview:large","max-video-preview":"max-video-preview:-1"},"canonical":"https:\/\/radiolifefm.com.br\/noticias\/provincia-eleicoes-mentes-mediocres-e-patriotarios-as\/","og_locale":"pt_BR","og_type":"article","og_title":"Prov\u00edncia, Elei\u00e7\u00f5es, Mentes Med\u00edocres e Patriot\u00e1rios\/as... - R\u00e1dio Life FM","og_description":"\u201csomos todos \u00e1gua, de diferentes rios, por isso, \u00e9 t\u00e3o f\u00e1cil se encontrar&#8230;\u201d (John ono lennon) \u00a0 By seb@r. Nesta semana, isso \u00e9, no DOMINGO, estar\u00e1 ocorrendo as ELEI\u00c7\u00d5ES para o EXECUTIVO e LEGISLATIVO PROVINCIANO, assim, TODO CUIDADO \u00c9 POUCO daqui pra frente&#8230; Tamb\u00e9m, trata-se de uma CORRIDA MALUCA para os candidatos\/as ao LEGISLATIVO com [&hellip;]","og_url":"https:\/\/radiolifefm.com.br\/noticias\/provincia-eleicoes-mentes-mediocres-e-patriotarios-as\/","og_site_name":"R\u00e1dio Life FM","article_publisher":"https:\/\/www.facebook.com\/radiolifefm\/","article_published_time":"2024-10-04T11:02:45+00:00","article_modified_time":"2025-09-26T10:49:50+00:00","og_image":[{"width":972,"height":1296,"url":"https:\/\/static.radiolifefm.com.br\/noticias\/wp-content\/uploads\/2022\/04\/WhatsApp-Image-2022-04-10-at-18.43.02.jpeg","type":"image\/jpeg"}],"author":"ritanery","twitter_card":"summary_large_image","twitter_misc":{"Escrito por":"ritanery","Est. tempo de leitura":"3 minutos"},"schema":{"@context":"https:\/\/schema.org","@graph":[{"@type":"Article","@id":"https:\/\/radiolifefm.com.br\/noticias\/provincia-eleicoes-mentes-mediocres-e-patriotarios-as\/#article","isPartOf":{"@id":"https:\/\/radiolifefm.com.br\/noticias\/provincia-eleicoes-mentes-mediocres-e-patriotarios-as\/"},"author":{"name":"ritanery","@id":"https:\/\/radiolifefm.com.br\/noticias\/#\/schema\/person\/6339b9fac59d12b071dec680d7375d87"},"headline":"Prov\u00edncia, Elei\u00e7\u00f5es, Mentes Med\u00edocres e Patriot\u00e1rios\/as&#8230;","datePublished":"2024-10-04T11:02:45+00:00","dateModified":"2025-09-26T10:49:50+00:00","mainEntityOfPage":{"@id":"https:\/\/radiolifefm.com.br\/noticias\/provincia-eleicoes-mentes-mediocres-e-patriotarios-as\/"},"wordCount":424,"publisher":{"@id":"https:\/\/radiolifefm.com.br\/noticias\/#organization"},"image":{"@id":"https:\/\/radiolifefm.com.br\/noticias\/provincia-eleicoes-mentes-mediocres-e-patriotarios-as\/#primaryimage"},"thumbnailUrl":"https:\/\/radiolifefm.com.br\/noticias\/wp-content\/uploads\/2022\/04\/WhatsApp-Image-2022-04-10-at-18.43.02.jpeg","articleSection":["Opini\u00e3o"],"inLanguage":"pt-BR"},{"@type":"WebPage","@id":"https:\/\/radiolifefm.com.br\/noticias\/provincia-eleicoes-mentes-mediocres-e-patriotarios-as\/","url":"https:\/\/radiolifefm.com.br\/noticias\/provincia-eleicoes-mentes-mediocres-e-patriotarios-as\/","name":"Prov\u00edncia, Elei\u00e7\u00f5es, Mentes Med\u00edocres e Patriot\u00e1rios\/as... - R\u00e1dio Life FM","isPartOf":{"@id":"https:\/\/radiolifefm.com.br\/noticias\/#website"},"primaryImageOfPage":{"@id":"https:\/\/radiolifefm.com.br\/noticias\/provincia-eleicoes-mentes-mediocres-e-patriotarios-as\/#primaryimage"},"image":{"@id":"https:\/\/radiolifefm.com.br\/noticias\/provincia-eleicoes-mentes-mediocres-e-patriotarios-as\/#primaryimage"},"thumbnailUrl":"https:\/\/radiolifefm.com.br\/noticias\/wp-content\/uploads\/2022\/04\/WhatsApp-Image-2022-04-10-at-18.43.02.jpeg","datePublished":"2024-10-04T11:02:45+00:00","dateModified":"2025-09-26T10:49:50+00:00","breadcrumb":{"@id":"https:\/\/radiolifefm.com.br\/noticias\/provincia-eleicoes-mentes-mediocres-e-patriotarios-as\/#breadcrumb"},"inLanguage":"pt-BR","potentialAction":[{"@type":"ReadAction","target":["https:\/\/radiolifefm.com.br\/noticias\/provincia-eleicoes-mentes-mediocres-e-patriotarios-as\/"]}]},{"@type":"ImageObject","inLanguage":"pt-BR","@id":"https:\/\/radiolifefm.com.br\/noticias\/provincia-eleicoes-mentes-mediocres-e-patriotarios-as\/#primaryimage","url":"https:\/\/radiolifefm.com.br\/noticias\/wp-content\/uploads\/2022\/04\/WhatsApp-Image-2022-04-10-at-18.43.02.jpeg","contentUrl":"https:\/\/radiolifefm.com.br\/noticias\/wp-content\/uploads\/2022\/04\/WhatsApp-Image-2022-04-10-at-18.43.02.jpeg","width":972,"height":1296,"caption":"S\u00e9rgio Barbosa"},{"@type":"BreadcrumbList","@id":"https:\/\/radiolifefm.com.br\/noticias\/provincia-eleicoes-mentes-mediocres-e-patriotarios-as\/#breadcrumb","itemListElement":[{"@type":"ListItem","position":1,"name":"In\u00edcio","item":"https:\/\/radiolifefm.com.br\/noticias\/"},{"@type":"ListItem","position":2,"name":"Prov\u00edncia, Elei\u00e7\u00f5es, Mentes Med\u00edocres e Patriot\u00e1rios\/as&#8230;"}]},{"@type":"WebSite","@id":"https:\/\/radiolifefm.com.br\/noticias\/#website","url":"https:\/\/radiolifefm.com.br\/noticias\/","name":"R\u00e1dio Life FM","description":"O Portal de Not\u00edcias de Adamantina","publisher":{"@id":"https:\/\/radiolifefm.com.br\/noticias\/#organization"},"alternateName":"Life FM","potentialAction":[{"@type":"SearchAction","target":{"@type":"EntryPoint","urlTemplate":"https:\/\/radiolifefm.com.br\/noticias\/?s={search_term_string}"},"query-input":{"@type":"PropertyValueSpecification","valueRequired":true,"valueName":"search_term_string"}}],"inLanguage":"pt-BR"},{"@type":"Organization","@id":"https:\/\/radiolifefm.com.br\/noticias\/#organization","name":"R\u00e1dio Life FM","alternateName":"Life FM","url":"https:\/\/radiolifefm.com.br\/noticias\/","logo":{"@type":"ImageObject","inLanguage":"pt-BR","@id":"https:\/\/radiolifefm.com.br\/noticias\/#\/schema\/logo\/image\/","url":"https:\/\/static.radiolifefm.com.br\/noticias\/wp-content\/uploads\/2019\/10\/logo-lifefm.png","contentUrl":"https:\/\/static.radiolifefm.com.br\/noticias\/wp-content\/uploads\/2019\/10\/logo-lifefm.png","width":196,"height":47,"caption":"R\u00e1dio Life FM"},"image":{"@id":"https:\/\/radiolifefm.com.br\/noticias\/#\/schema\/logo\/image\/"},"sameAs":["https:\/\/www.facebook.com\/radiolifefm\/","https:\/\/www.instagram.com\/life1079fm\/"]},{"@type":"Person","@id":"https:\/\/radiolifefm.com.br\/noticias\/#\/schema\/person\/6339b9fac59d12b071dec680d7375d87","name":"ritanery","image":{"@type":"ImageObject","inLanguage":"pt-BR","@id":"https:\/\/secure.gravatar.com\/avatar\/0e37bb19071f47c0b8a23f62a903df117c5a0e75f65a0c2901562f97cd41cf86?s=96&d=mm&r=g","url":"https:\/\/secure.gravatar.com\/avatar\/0e37bb19071f47c0b8a23f62a903df117c5a0e75f65a0c2901562f97cd41cf86?s=96&d=mm&r=g","contentUrl":"https:\/\/secure.gravatar.com\/avatar\/0e37bb19071f47c0b8a23f62a903df117c5a0e75f65a0c2901562f97cd41cf86?s=96&d=mm&r=g","caption":"ritanery"}}]}},"amp_enabled":true,"_links":{"self":[{"href":"https:\/\/radiolifefm.com.br\/noticias\/wp-json\/wp\/v2\/posts\/93578","targetHints":{"allow":["GET"]}}],"collection":[{"href":"https:\/\/radiolifefm.com.br\/noticias\/wp-json\/wp\/v2\/posts"}],"about":[{"href":"https:\/\/radiolifefm.com.br\/noticias\/wp-json\/wp\/v2\/types\/post"}],"author":[{"embeddable":true,"href":"https:\/\/radiolifefm.com.br\/noticias\/wp-json\/wp\/v2\/users\/13"}],"replies":[{"embeddable":true,"href":"https:\/\/radiolifefm.com.br\/noticias\/wp-json\/wp\/v2\/comments?post=93578"}],"version-history":[{"count":1,"href":"https:\/\/radiolifefm.com.br\/noticias\/wp-json\/wp\/v2\/posts\/93578\/revisions"}],"predecessor-version":[{"id":93579,"href":"https:\/\/radiolifefm.com.br\/noticias\/wp-json\/wp\/v2\/posts\/93578\/revisions\/93579"}],"wp:featuredmedia":[{"embeddable":true,"href":"https:\/\/radiolifefm.com.br\/noticias\/wp-json\/wp\/v2\/media\/51988"}],"wp:attachment":[{"href":"https:\/\/radiolifefm.com.br\/noticias\/wp-json\/wp\/v2\/media?parent=93578"}],"wp:term":[{"taxonomy":"category","embeddable":true,"href":"https:\/\/radiolifefm.com.br\/noticias\/wp-json\/wp\/v2\/categories?post=93578"},{"taxonomy":"post_tag","embeddable":true,"href":"https:\/\/radiolifefm.com.br\/noticias\/wp-json\/wp\/v2\/tags?post=93578"}],"curies":[{"name":"wp","href":"https:\/\/api.w.org\/{rel}","templated":true}]}}