{"id":93537,"date":"2024-10-02T15:25:10","date_gmt":"2024-10-02T18:25:10","guid":{"rendered":"https:\/\/radiolifefm.com.br\/noticias\/?p=93537"},"modified":"2026-04-21T10:09:19","modified_gmt":"2026-04-21T13:09:19","slug":"a-voz-e-a-vez-do-cidadao-nas-eleicoes-humanizacao-e-prioridade-em-nosso-projeto-de-governo-afirma-alcio-ikeda-candidato-a-prefeito","status":"publish","type":"post","link":"https:\/\/radiolifefm.com.br\/noticias\/a-voz-e-a-vez-do-cidadao-nas-eleicoes-humanizacao-e-prioridade-em-nosso-projeto-de-governo-afirma-alcio-ikeda-candidato-a-prefeito\/","title":{"rendered":"A Voz e a Vez do Cidad\u00e3o nas Elei\u00e7\u00f5es: &#8220;Humaniza\u00e7\u00e3o \u00e9 prioridade em nosso projeto de governo&#8221;, afirma Alcio Ikeda, candidato a prefeito."},"content":{"rendered":"<div id=\"fb-root\"><\/div>\n<p>Alcio Ikeda, candidato \u00e0 prefeitura de Adamantina, apresentou suas propostas em entrevista \u00e0 Life FM na tarde da \u00faltima quarta-feira, 2 de outubro. Durante o <em>Jornal do Meio-Dia<\/em>, Ikeda abordou temas como sa\u00fade, agroneg\u00f3cio, empreendedorismo, tr\u00e2nsito e acessibilidade.<\/p>\n<div class='flex flex-wrap items-center -mx-1'>\r\n<a class='thumbnail gallery p-1 w-1\/2 md:w-1\/4' href='https:\/\/radiolifefm.com.br\/noticias\/wp-content\/uploads\/2024\/10\/WhatsApp-Image-2024-10-02-at-14.12.12.jpeg'><img class='border border-white' src='https:\/\/radiolifefm.com.br\/noticias\/wp-content\/uploads\/2024\/10\/WhatsApp-Image-2024-10-02-at-14.12.12-200x200.jpeg' alt='WhatsApp Image 2024 10 02 At 14.12.12' \/><\/a><a class='thumbnail gallery p-1 w-1\/2 md:w-1\/4' href='https:\/\/radiolifefm.com.br\/noticias\/wp-content\/uploads\/2024\/10\/WhatsApp-Image-2024-10-02-at-14.12.12-1.jpeg'><img class='border border-white' src='https:\/\/radiolifefm.com.br\/noticias\/wp-content\/uploads\/2024\/10\/WhatsApp-Image-2024-10-02-at-14.12.12-1-200x200.jpeg' alt='WhatsApp Image 2024 10 02 At 14.12.12 (1)' \/><\/a><\/div>\n<p>Na \u00e1rea de acessibilidade e tr\u00e2nsito, Ikeda destacou a import\u00e2ncia do planejamento, mencionando a cria\u00e7\u00e3o de um <strong>Plano Macrovi\u00e1rio<\/strong>, que estudar\u00e1 e mapear\u00e1 as vias do munic\u00edpio para otimizar a log\u00edstica do tr\u00e2nsito na cidade. Al\u00e9m disso, ele mencionou a implementa\u00e7\u00e3o de um plano de acessibilidade para melhorar os espa\u00e7os p\u00fablicos. Sobre as estradas rurais e a log\u00edstica para os produtores, Ikeda refor\u00e7ou a necessidade de reorganizar os setores de compras, planejamento e licita\u00e7\u00f5es da prefeitura, com a aloca\u00e7\u00e3o de mais funcion\u00e1rios. Ele tamb\u00e9m destacou a necessidade de investimentos em projetos de engenharia para a manuten\u00e7\u00e3o de pontes.<\/p>\n<div class='flex flex-wrap items-center -mx-1'>\r\n<a class='thumbnail gallery p-1 w-1\/2 md:w-1\/4' href='https:\/\/radiolifefm.com.br\/noticias\/wp-content\/uploads\/2024\/10\/WhatsApp-Image-2024-10-02-at-14.14.54.jpeg'><img class='border border-white' src='https:\/\/radiolifefm.com.br\/noticias\/wp-content\/uploads\/2024\/10\/WhatsApp-Image-2024-10-02-at-14.14.54-200x200.jpeg' alt='WhatsApp Image 2024 10 02 At 14.14.54' \/><\/a><a class='thumbnail gallery p-1 w-1\/2 md:w-1\/4' href='https:\/\/radiolifefm.com.br\/noticias\/wp-content\/uploads\/2024\/10\/WhatsApp-Image-2024-10-02-at-14.14.54-1.jpeg'><img class='border border-white' src='https:\/\/radiolifefm.com.br\/noticias\/wp-content\/uploads\/2024\/10\/WhatsApp-Image-2024-10-02-at-14.14.54-1-200x200.jpeg' alt='WhatsApp Image 2024 10 02 At 14.14.54 (1)' \/><\/a><\/div>\n<p>Quanto ao empreendedorismo feminino, o candidato ressaltou a import\u00e2ncia de incentivar as mulheres empreendedoras em Adamantina, defendendo uma presta\u00e7\u00e3o de servi\u00e7os p\u00fablicos de qualidade e a cria\u00e7\u00e3o de projetos beneficentes voltados a esse segmento. Na \u00e1rea de prote\u00e7\u00e3o animal, Ikeda prop\u00f4s a expans\u00e3o da ONG <strong>Apelos e Patas<\/strong> para melhorar o atendimento e o acolhimento de animais de rua.<\/p>\n<p>Sobre a sa\u00fade em Adamantina, ele abordou a necessidade de manuten\u00e7\u00f5es nas UBSS, apontando a falta de profissionais e propondo a amplia\u00e7\u00e3o do acesso e das Unidades da Sa\u00fade da Fam\u00edlia (USFS).<\/p>\n<div class='flex flex-wrap items-center -mx-1'>\r\n<a class='thumbnail gallery p-1 w-1\/2 md:w-1\/4' href='https:\/\/radiolifefm.com.br\/noticias\/wp-content\/uploads\/2024\/10\/WhatsApp-Image-2024-10-02-at-14.14.55.jpeg'><img class='border border-white' src='https:\/\/radiolifefm.com.br\/noticias\/wp-content\/uploads\/2024\/10\/WhatsApp-Image-2024-10-02-at-14.14.55-200x200.jpeg' alt='WhatsApp Image 2024 10 02 At 14.14.55' \/><\/a><a class='thumbnail gallery p-1 w-1\/2 md:w-1\/4' href='https:\/\/radiolifefm.com.br\/noticias\/wp-content\/uploads\/2024\/10\/WhatsApp-Image-2024-10-02-at-14.14.42.jpeg'><img class='border border-white' src='https:\/\/radiolifefm.com.br\/noticias\/wp-content\/uploads\/2024\/10\/WhatsApp-Image-2024-10-02-at-14.14.42-200x200.jpeg' alt='WhatsApp Image 2024 10 02 At 14.14.42' \/><\/a><\/div>\n<p>A entrevista contou com participa\u00e7\u00f5es especiais de:<\/p>\n<ul>\n<li><strong>Cristiano do Mor\u00e3o<\/strong>: pecuarista, investidor e apresentador do podcast <em>Prosa do Campo<\/em>, que abordou quest\u00f5es relacionadas ao agroneg\u00f3cio.<\/li>\n<li><strong>Ana Vanuire Rombi<\/strong>: propriet\u00e1ria da Mazarr\u00f4 Semijoias, que discutiu o empreendedorismo feminino.<\/li>\n<li><strong>Dr. Guilherme Dias Bonardirman<\/strong>: m\u00e9dico e professor universit\u00e1rio, que levantou quest\u00f5es sobre a sa\u00fade.<\/li>\n<li><strong>Eduardo Febraio<\/strong>: especialista em planejamento e gest\u00e3o de tr\u00e2nsito e diretor pedag\u00f3gico da Motiva Tr\u00e2nsito Cursos e Treinamentos, que fez perguntas sobre tr\u00e2nsito e mobilidade urbana.<\/li>\n<\/ul>\n<p>Os principais t\u00f3picos abordados na entrevista foram:<\/p>\n<ul>\n<li>Capacita\u00e7\u00e3o no empreendedorismo<\/li>\n<li>Melhorias na sa\u00fade p\u00fablica e atendimento<\/li>\n<li>Prote\u00e7\u00e3o aos animais de rua<\/li>\n<li>Projetos e melhorias para o tr\u00e2nsito e acessibilidade<\/li>\n<\/ul>\n<p>Para mais informa\u00e7\u00f5es, acesse o link da entrevista completa.<\/p>\n<p><a href=\"https:\/\/www.youtube.com\/watch?v=pbEgfopyq7M&amp;t=5s\">https:\/\/www.youtube.com\/watch?v=pbEgfopyq7M&amp;t=5s<\/a><\/p>\n","protected":false},"excerpt":{"rendered":"<p>Alcio Ikeda, candidato \u00e0 prefeitura de Adamantina, apresentou suas propostas em entrevista \u00e0 Life FM na tarde da \u00faltima quarta-feira, 2 de outubro. Durante o Jornal do Meio-Dia, Ikeda abordou temas como sa\u00fade, agroneg\u00f3cio, empreendedorismo, tr\u00e2nsito e acessibilidade. Na \u00e1rea de acessibilidade e tr\u00e2nsito, Ikeda destacou a import\u00e2ncia do planejamento, mencionando a cria\u00e7\u00e3o de um [&hellip;]<\/p>\n","protected":false},"author":8,"featured_media":93538,"comment_status":"closed","ping_status":"open","sticky":false,"template":"","format":"standard","meta":{"_acf_changed":false,"_exactmetrics_skip_tracking":false,"_exactmetrics_sitenote_active":false,"_exactmetrics_sitenote_note":"","_exactmetrics_sitenote_category":0,"footnotes":""},"categories":[2],"tags":[],"class_list":["post-93537","post","type-post","status-publish","format-standard","has-post-thumbnail","hentry","category-jornal-do-meio-dia"],"acf":[],"yoast_head":"<!-- This site is optimized with the Yoast SEO plugin v27.2 - https:\/\/yoast.com\/product\/yoast-seo-wordpress\/ -->\n<title>A Voz e a Vez do Cidad\u00e3o nas Elei\u00e7\u00f5es: &quot;Humaniza\u00e7\u00e3o \u00e9 prioridade em nosso projeto de governo&quot;, afirma Alcio Ikeda, candidato a prefeito. - R\u00e1dio Life FM<\/title>\n<meta name=\"robots\" content=\"index, follow, max-snippet:-1, max-image-preview:large, max-video-preview:-1\" \/>\n<link rel=\"canonical\" href=\"https:\/\/radiolifefm.com.br\/noticias\/a-voz-e-a-vez-do-cidadao-nas-eleicoes-humanizacao-e-prioridade-em-nosso-projeto-de-governo-afirma-alcio-ikeda-candidato-a-prefeito\/\" \/>\n<meta property=\"og:locale\" content=\"pt_BR\" \/>\n<meta property=\"og:type\" content=\"article\" \/>\n<meta property=\"og:title\" content=\"A Voz e a Vez do Cidad\u00e3o nas Elei\u00e7\u00f5es: &quot;Humaniza\u00e7\u00e3o \u00e9 prioridade em nosso projeto de governo&quot;, afirma Alcio Ikeda, candidato a prefeito. - R\u00e1dio Life FM\" \/>\n<meta property=\"og:description\" content=\"Alcio Ikeda, candidato \u00e0 prefeitura de Adamantina, apresentou suas propostas em entrevista \u00e0 Life FM na tarde da \u00faltima quarta-feira, 2 de outubro. Durante o Jornal do Meio-Dia, Ikeda abordou temas como sa\u00fade, agroneg\u00f3cio, empreendedorismo, tr\u00e2nsito e acessibilidade. Na \u00e1rea de acessibilidade e tr\u00e2nsito, Ikeda destacou a import\u00e2ncia do planejamento, mencionando a cria\u00e7\u00e3o de um [&hellip;]\" \/>\n<meta property=\"og:url\" content=\"https:\/\/radiolifefm.com.br\/noticias\/a-voz-e-a-vez-do-cidadao-nas-eleicoes-humanizacao-e-prioridade-em-nosso-projeto-de-governo-afirma-alcio-ikeda-candidato-a-prefeito\/\" \/>\n<meta property=\"og:site_name\" content=\"R\u00e1dio Life FM\" \/>\n<meta property=\"article:publisher\" content=\"https:\/\/www.facebook.com\/radiolifefm\/\" \/>\n<meta property=\"article:published_time\" content=\"2024-10-02T18:25:10+00:00\" \/>\n<meta property=\"article:modified_time\" content=\"2026-04-21T13:09:19+00:00\" \/>\n<meta property=\"og:image\" content=\"https:\/\/radiolifefm.com.br\/noticias\/wp-content\/uploads\/2024\/10\/WhatsApp-Image-2024-10-02-at-14.17.02.jpeg\" \/>\n\t<meta property=\"og:image:width\" content=\"1600\" \/>\n\t<meta property=\"og:image:height\" content=\"1200\" \/>\n\t<meta property=\"og:image:type\" content=\"image\/jpeg\" \/>\n<meta name=\"author\" content=\"joaograndao\" \/>\n<meta name=\"twitter:card\" content=\"summary_large_image\" \/>\n<meta name=\"twitter:label1\" content=\"Escrito por\" \/>\n\t<meta name=\"twitter:data1\" content=\"joaograndao\" \/>\n\t<meta name=\"twitter:label2\" content=\"Est. tempo de leitura\" \/>\n\t<meta name=\"twitter:data2\" content=\"3 minutos\" \/>\n<script type=\"application\/ld+json\" class=\"yoast-schema-graph\">{\"@context\":\"https:\/\/schema.org\",\"@graph\":[{\"@type\":\"Article\",\"@id\":\"https:\/\/radiolifefm.com.br\/noticias\/a-voz-e-a-vez-do-cidadao-nas-eleicoes-humanizacao-e-prioridade-em-nosso-projeto-de-governo-afirma-alcio-ikeda-candidato-a-prefeito\/#article\",\"isPartOf\":{\"@id\":\"https:\/\/radiolifefm.com.br\/noticias\/a-voz-e-a-vez-do-cidadao-nas-eleicoes-humanizacao-e-prioridade-em-nosso-projeto-de-governo-afirma-alcio-ikeda-candidato-a-prefeito\/\"},\"author\":{\"name\":\"joaograndao\",\"@id\":\"https:\/\/radiolifefm.com.br\/noticias\/#\/schema\/person\/6876e1240feffe6e1b63fd5cb85abf28\"},\"headline\":\"A Voz e a Vez do Cidad\u00e3o nas Elei\u00e7\u00f5es: &#8220;Humaniza\u00e7\u00e3o \u00e9 prioridade em nosso projeto de governo&#8221;, afirma Alcio Ikeda, candidato a prefeito.\",\"datePublished\":\"2024-10-02T18:25:10+00:00\",\"dateModified\":\"2026-04-21T13:09:19+00:00\",\"mainEntityOfPage\":{\"@id\":\"https:\/\/radiolifefm.com.br\/noticias\/a-voz-e-a-vez-do-cidadao-nas-eleicoes-humanizacao-e-prioridade-em-nosso-projeto-de-governo-afirma-alcio-ikeda-candidato-a-prefeito\/\"},\"wordCount\":436,\"publisher\":{\"@id\":\"https:\/\/radiolifefm.com.br\/noticias\/#organization\"},\"image\":{\"@id\":\"https:\/\/radiolifefm.com.br\/noticias\/a-voz-e-a-vez-do-cidadao-nas-eleicoes-humanizacao-e-prioridade-em-nosso-projeto-de-governo-afirma-alcio-ikeda-candidato-a-prefeito\/#primaryimage\"},\"thumbnailUrl\":\"https:\/\/radiolifefm.com.br\/noticias\/wp-content\/uploads\/2024\/10\/WhatsApp-Image-2024-10-02-at-14.17.02.jpeg\",\"articleSection\":[\"Jornal das 12h\"],\"inLanguage\":\"pt-BR\"},{\"@type\":\"WebPage\",\"@id\":\"https:\/\/radiolifefm.com.br\/noticias\/a-voz-e-a-vez-do-cidadao-nas-eleicoes-humanizacao-e-prioridade-em-nosso-projeto-de-governo-afirma-alcio-ikeda-candidato-a-prefeito\/\",\"url\":\"https:\/\/radiolifefm.com.br\/noticias\/a-voz-e-a-vez-do-cidadao-nas-eleicoes-humanizacao-e-prioridade-em-nosso-projeto-de-governo-afirma-alcio-ikeda-candidato-a-prefeito\/\",\"name\":\"A Voz e a Vez do Cidad\u00e3o nas Elei\u00e7\u00f5es: \\\"Humaniza\u00e7\u00e3o \u00e9 prioridade em nosso projeto de governo\\\", afirma Alcio Ikeda, candidato a prefeito. - R\u00e1dio Life FM\",\"isPartOf\":{\"@id\":\"https:\/\/radiolifefm.com.br\/noticias\/#website\"},\"primaryImageOfPage\":{\"@id\":\"https:\/\/radiolifefm.com.br\/noticias\/a-voz-e-a-vez-do-cidadao-nas-eleicoes-humanizacao-e-prioridade-em-nosso-projeto-de-governo-afirma-alcio-ikeda-candidato-a-prefeito\/#primaryimage\"},\"image\":{\"@id\":\"https:\/\/radiolifefm.com.br\/noticias\/a-voz-e-a-vez-do-cidadao-nas-eleicoes-humanizacao-e-prioridade-em-nosso-projeto-de-governo-afirma-alcio-ikeda-candidato-a-prefeito\/#primaryimage\"},\"thumbnailUrl\":\"https:\/\/radiolifefm.com.br\/noticias\/wp-content\/uploads\/2024\/10\/WhatsApp-Image-2024-10-02-at-14.17.02.jpeg\",\"datePublished\":\"2024-10-02T18:25:10+00:00\",\"dateModified\":\"2026-04-21T13:09:19+00:00\",\"breadcrumb\":{\"@id\":\"https:\/\/radiolifefm.com.br\/noticias\/a-voz-e-a-vez-do-cidadao-nas-eleicoes-humanizacao-e-prioridade-em-nosso-projeto-de-governo-afirma-alcio-ikeda-candidato-a-prefeito\/#breadcrumb\"},\"inLanguage\":\"pt-BR\",\"potentialAction\":[{\"@type\":\"ReadAction\",\"target\":[\"https:\/\/radiolifefm.com.br\/noticias\/a-voz-e-a-vez-do-cidadao-nas-eleicoes-humanizacao-e-prioridade-em-nosso-projeto-de-governo-afirma-alcio-ikeda-candidato-a-prefeito\/\"]}]},{\"@type\":\"ImageObject\",\"inLanguage\":\"pt-BR\",\"@id\":\"https:\/\/radiolifefm.com.br\/noticias\/a-voz-e-a-vez-do-cidadao-nas-eleicoes-humanizacao-e-prioridade-em-nosso-projeto-de-governo-afirma-alcio-ikeda-candidato-a-prefeito\/#primaryimage\",\"url\":\"https:\/\/radiolifefm.com.br\/noticias\/wp-content\/uploads\/2024\/10\/WhatsApp-Image-2024-10-02-at-14.17.02.jpeg\",\"contentUrl\":\"https:\/\/radiolifefm.com.br\/noticias\/wp-content\/uploads\/2024\/10\/WhatsApp-Image-2024-10-02-at-14.17.02.jpeg\",\"width\":1600,\"height\":1200},{\"@type\":\"BreadcrumbList\",\"@id\":\"https:\/\/radiolifefm.com.br\/noticias\/a-voz-e-a-vez-do-cidadao-nas-eleicoes-humanizacao-e-prioridade-em-nosso-projeto-de-governo-afirma-alcio-ikeda-candidato-a-prefeito\/#breadcrumb\",\"itemListElement\":[{\"@type\":\"ListItem\",\"position\":1,\"name\":\"In\u00edcio\",\"item\":\"https:\/\/radiolifefm.com.br\/noticias\/\"},{\"@type\":\"ListItem\",\"position\":2,\"name\":\"A Voz e a Vez do Cidad\u00e3o nas Elei\u00e7\u00f5es: &#8220;Humaniza\u00e7\u00e3o \u00e9 prioridade em nosso projeto de governo&#8221;, afirma Alcio Ikeda, candidato a prefeito.\"}]},{\"@type\":\"WebSite\",\"@id\":\"https:\/\/radiolifefm.com.br\/noticias\/#website\",\"url\":\"https:\/\/radiolifefm.com.br\/noticias\/\",\"name\":\"R\u00e1dio Life FM\",\"description\":\"O Portal de Not\u00edcias de Adamantina\",\"publisher\":{\"@id\":\"https:\/\/radiolifefm.com.br\/noticias\/#organization\"},\"alternateName\":\"Life FM\",\"potentialAction\":[{\"@type\":\"SearchAction\",\"target\":{\"@type\":\"EntryPoint\",\"urlTemplate\":\"https:\/\/radiolifefm.com.br\/noticias\/?s={search_term_string}\"},\"query-input\":{\"@type\":\"PropertyValueSpecification\",\"valueRequired\":true,\"valueName\":\"search_term_string\"}}],\"inLanguage\":\"pt-BR\"},{\"@type\":\"Organization\",\"@id\":\"https:\/\/radiolifefm.com.br\/noticias\/#organization\",\"name\":\"R\u00e1dio Life FM\",\"alternateName\":\"Life FM\",\"url\":\"https:\/\/radiolifefm.com.br\/noticias\/\",\"logo\":{\"@type\":\"ImageObject\",\"inLanguage\":\"pt-BR\",\"@id\":\"https:\/\/radiolifefm.com.br\/noticias\/#\/schema\/logo\/image\/\",\"url\":\"https:\/\/static.radiolifefm.com.br\/noticias\/wp-content\/uploads\/2019\/10\/logo-lifefm.png\",\"contentUrl\":\"https:\/\/static.radiolifefm.com.br\/noticias\/wp-content\/uploads\/2019\/10\/logo-lifefm.png\",\"width\":196,\"height\":47,\"caption\":\"R\u00e1dio Life FM\"},\"image\":{\"@id\":\"https:\/\/radiolifefm.com.br\/noticias\/#\/schema\/logo\/image\/\"},\"sameAs\":[\"https:\/\/www.facebook.com\/radiolifefm\/\",\"https:\/\/www.instagram.com\/life1079fm\/\"]},{\"@type\":\"Person\",\"@id\":\"https:\/\/radiolifefm.com.br\/noticias\/#\/schema\/person\/6876e1240feffe6e1b63fd5cb85abf28\",\"name\":\"joaograndao\",\"image\":{\"@type\":\"ImageObject\",\"inLanguage\":\"pt-BR\",\"@id\":\"https:\/\/secure.gravatar.com\/avatar\/d5b1a3cf357ed9c50404e256a1294083aa8ab5d2a994001567302786016cb32c?s=96&d=mm&r=g\",\"url\":\"https:\/\/secure.gravatar.com\/avatar\/d5b1a3cf357ed9c50404e256a1294083aa8ab5d2a994001567302786016cb32c?s=96&d=mm&r=g\",\"contentUrl\":\"https:\/\/secure.gravatar.com\/avatar\/d5b1a3cf357ed9c50404e256a1294083aa8ab5d2a994001567302786016cb32c?s=96&d=mm&r=g\",\"caption\":\"joaograndao\"}}]}<\/script>\n<!-- \/ Yoast SEO plugin. -->","yoast_head_json":{"title":"A Voz e a Vez do Cidad\u00e3o nas Elei\u00e7\u00f5es: \"Humaniza\u00e7\u00e3o \u00e9 prioridade em nosso projeto de governo\", afirma Alcio Ikeda, candidato a prefeito. - R\u00e1dio Life FM","robots":{"index":"index","follow":"follow","max-snippet":"max-snippet:-1","max-image-preview":"max-image-preview:large","max-video-preview":"max-video-preview:-1"},"canonical":"https:\/\/radiolifefm.com.br\/noticias\/a-voz-e-a-vez-do-cidadao-nas-eleicoes-humanizacao-e-prioridade-em-nosso-projeto-de-governo-afirma-alcio-ikeda-candidato-a-prefeito\/","og_locale":"pt_BR","og_type":"article","og_title":"A Voz e a Vez do Cidad\u00e3o nas Elei\u00e7\u00f5es: \"Humaniza\u00e7\u00e3o \u00e9 prioridade em nosso projeto de governo\", afirma Alcio Ikeda, candidato a prefeito. - R\u00e1dio Life FM","og_description":"Alcio Ikeda, candidato \u00e0 prefeitura de Adamantina, apresentou suas propostas em entrevista \u00e0 Life FM na tarde da \u00faltima quarta-feira, 2 de outubro. Durante o Jornal do Meio-Dia, Ikeda abordou temas como sa\u00fade, agroneg\u00f3cio, empreendedorismo, tr\u00e2nsito e acessibilidade. Na \u00e1rea de acessibilidade e tr\u00e2nsito, Ikeda destacou a import\u00e2ncia do planejamento, mencionando a cria\u00e7\u00e3o de um [&hellip;]","og_url":"https:\/\/radiolifefm.com.br\/noticias\/a-voz-e-a-vez-do-cidadao-nas-eleicoes-humanizacao-e-prioridade-em-nosso-projeto-de-governo-afirma-alcio-ikeda-candidato-a-prefeito\/","og_site_name":"R\u00e1dio Life FM","article_publisher":"https:\/\/www.facebook.com\/radiolifefm\/","article_published_time":"2024-10-02T18:25:10+00:00","article_modified_time":"2026-04-21T13:09:19+00:00","og_image":[{"width":1600,"height":1200,"url":"https:\/\/radiolifefm.com.br\/noticias\/wp-content\/uploads\/2024\/10\/WhatsApp-Image-2024-10-02-at-14.17.02.jpeg","type":"image\/jpeg"}],"author":"joaograndao","twitter_card":"summary_large_image","twitter_misc":{"Escrito por":"joaograndao","Est. tempo de leitura":"3 minutos"},"schema":{"@context":"https:\/\/schema.org","@graph":[{"@type":"Article","@id":"https:\/\/radiolifefm.com.br\/noticias\/a-voz-e-a-vez-do-cidadao-nas-eleicoes-humanizacao-e-prioridade-em-nosso-projeto-de-governo-afirma-alcio-ikeda-candidato-a-prefeito\/#article","isPartOf":{"@id":"https:\/\/radiolifefm.com.br\/noticias\/a-voz-e-a-vez-do-cidadao-nas-eleicoes-humanizacao-e-prioridade-em-nosso-projeto-de-governo-afirma-alcio-ikeda-candidato-a-prefeito\/"},"author":{"name":"joaograndao","@id":"https:\/\/radiolifefm.com.br\/noticias\/#\/schema\/person\/6876e1240feffe6e1b63fd5cb85abf28"},"headline":"A Voz e a Vez do Cidad\u00e3o nas Elei\u00e7\u00f5es: &#8220;Humaniza\u00e7\u00e3o \u00e9 prioridade em nosso projeto de governo&#8221;, afirma Alcio Ikeda, candidato a prefeito.","datePublished":"2024-10-02T18:25:10+00:00","dateModified":"2026-04-21T13:09:19+00:00","mainEntityOfPage":{"@id":"https:\/\/radiolifefm.com.br\/noticias\/a-voz-e-a-vez-do-cidadao-nas-eleicoes-humanizacao-e-prioridade-em-nosso-projeto-de-governo-afirma-alcio-ikeda-candidato-a-prefeito\/"},"wordCount":436,"publisher":{"@id":"https:\/\/radiolifefm.com.br\/noticias\/#organization"},"image":{"@id":"https:\/\/radiolifefm.com.br\/noticias\/a-voz-e-a-vez-do-cidadao-nas-eleicoes-humanizacao-e-prioridade-em-nosso-projeto-de-governo-afirma-alcio-ikeda-candidato-a-prefeito\/#primaryimage"},"thumbnailUrl":"https:\/\/radiolifefm.com.br\/noticias\/wp-content\/uploads\/2024\/10\/WhatsApp-Image-2024-10-02-at-14.17.02.jpeg","articleSection":["Jornal das 12h"],"inLanguage":"pt-BR"},{"@type":"WebPage","@id":"https:\/\/radiolifefm.com.br\/noticias\/a-voz-e-a-vez-do-cidadao-nas-eleicoes-humanizacao-e-prioridade-em-nosso-projeto-de-governo-afirma-alcio-ikeda-candidato-a-prefeito\/","url":"https:\/\/radiolifefm.com.br\/noticias\/a-voz-e-a-vez-do-cidadao-nas-eleicoes-humanizacao-e-prioridade-em-nosso-projeto-de-governo-afirma-alcio-ikeda-candidato-a-prefeito\/","name":"A Voz e a Vez do Cidad\u00e3o nas Elei\u00e7\u00f5es: \"Humaniza\u00e7\u00e3o \u00e9 prioridade em nosso projeto de governo\", afirma Alcio Ikeda, candidato a prefeito. - R\u00e1dio Life FM","isPartOf":{"@id":"https:\/\/radiolifefm.com.br\/noticias\/#website"},"primaryImageOfPage":{"@id":"https:\/\/radiolifefm.com.br\/noticias\/a-voz-e-a-vez-do-cidadao-nas-eleicoes-humanizacao-e-prioridade-em-nosso-projeto-de-governo-afirma-alcio-ikeda-candidato-a-prefeito\/#primaryimage"},"image":{"@id":"https:\/\/radiolifefm.com.br\/noticias\/a-voz-e-a-vez-do-cidadao-nas-eleicoes-humanizacao-e-prioridade-em-nosso-projeto-de-governo-afirma-alcio-ikeda-candidato-a-prefeito\/#primaryimage"},"thumbnailUrl":"https:\/\/radiolifefm.com.br\/noticias\/wp-content\/uploads\/2024\/10\/WhatsApp-Image-2024-10-02-at-14.17.02.jpeg","datePublished":"2024-10-02T18:25:10+00:00","dateModified":"2026-04-21T13:09:19+00:00","breadcrumb":{"@id":"https:\/\/radiolifefm.com.br\/noticias\/a-voz-e-a-vez-do-cidadao-nas-eleicoes-humanizacao-e-prioridade-em-nosso-projeto-de-governo-afirma-alcio-ikeda-candidato-a-prefeito\/#breadcrumb"},"inLanguage":"pt-BR","potentialAction":[{"@type":"ReadAction","target":["https:\/\/radiolifefm.com.br\/noticias\/a-voz-e-a-vez-do-cidadao-nas-eleicoes-humanizacao-e-prioridade-em-nosso-projeto-de-governo-afirma-alcio-ikeda-candidato-a-prefeito\/"]}]},{"@type":"ImageObject","inLanguage":"pt-BR","@id":"https:\/\/radiolifefm.com.br\/noticias\/a-voz-e-a-vez-do-cidadao-nas-eleicoes-humanizacao-e-prioridade-em-nosso-projeto-de-governo-afirma-alcio-ikeda-candidato-a-prefeito\/#primaryimage","url":"https:\/\/radiolifefm.com.br\/noticias\/wp-content\/uploads\/2024\/10\/WhatsApp-Image-2024-10-02-at-14.17.02.jpeg","contentUrl":"https:\/\/radiolifefm.com.br\/noticias\/wp-content\/uploads\/2024\/10\/WhatsApp-Image-2024-10-02-at-14.17.02.jpeg","width":1600,"height":1200},{"@type":"BreadcrumbList","@id":"https:\/\/radiolifefm.com.br\/noticias\/a-voz-e-a-vez-do-cidadao-nas-eleicoes-humanizacao-e-prioridade-em-nosso-projeto-de-governo-afirma-alcio-ikeda-candidato-a-prefeito\/#breadcrumb","itemListElement":[{"@type":"ListItem","position":1,"name":"In\u00edcio","item":"https:\/\/radiolifefm.com.br\/noticias\/"},{"@type":"ListItem","position":2,"name":"A Voz e a Vez do Cidad\u00e3o nas Elei\u00e7\u00f5es: &#8220;Humaniza\u00e7\u00e3o \u00e9 prioridade em nosso projeto de governo&#8221;, afirma Alcio Ikeda, candidato a prefeito."}]},{"@type":"WebSite","@id":"https:\/\/radiolifefm.com.br\/noticias\/#website","url":"https:\/\/radiolifefm.com.br\/noticias\/","name":"R\u00e1dio Life FM","description":"O Portal de Not\u00edcias de Adamantina","publisher":{"@id":"https:\/\/radiolifefm.com.br\/noticias\/#organization"},"alternateName":"Life FM","potentialAction":[{"@type":"SearchAction","target":{"@type":"EntryPoint","urlTemplate":"https:\/\/radiolifefm.com.br\/noticias\/?s={search_term_string}"},"query-input":{"@type":"PropertyValueSpecification","valueRequired":true,"valueName":"search_term_string"}}],"inLanguage":"pt-BR"},{"@type":"Organization","@id":"https:\/\/radiolifefm.com.br\/noticias\/#organization","name":"R\u00e1dio Life FM","alternateName":"Life FM","url":"https:\/\/radiolifefm.com.br\/noticias\/","logo":{"@type":"ImageObject","inLanguage":"pt-BR","@id":"https:\/\/radiolifefm.com.br\/noticias\/#\/schema\/logo\/image\/","url":"https:\/\/static.radiolifefm.com.br\/noticias\/wp-content\/uploads\/2019\/10\/logo-lifefm.png","contentUrl":"https:\/\/static.radiolifefm.com.br\/noticias\/wp-content\/uploads\/2019\/10\/logo-lifefm.png","width":196,"height":47,"caption":"R\u00e1dio Life FM"},"image":{"@id":"https:\/\/radiolifefm.com.br\/noticias\/#\/schema\/logo\/image\/"},"sameAs":["https:\/\/www.facebook.com\/radiolifefm\/","https:\/\/www.instagram.com\/life1079fm\/"]},{"@type":"Person","@id":"https:\/\/radiolifefm.com.br\/noticias\/#\/schema\/person\/6876e1240feffe6e1b63fd5cb85abf28","name":"joaograndao","image":{"@type":"ImageObject","inLanguage":"pt-BR","@id":"https:\/\/secure.gravatar.com\/avatar\/d5b1a3cf357ed9c50404e256a1294083aa8ab5d2a994001567302786016cb32c?s=96&d=mm&r=g","url":"https:\/\/secure.gravatar.com\/avatar\/d5b1a3cf357ed9c50404e256a1294083aa8ab5d2a994001567302786016cb32c?s=96&d=mm&r=g","contentUrl":"https:\/\/secure.gravatar.com\/avatar\/d5b1a3cf357ed9c50404e256a1294083aa8ab5d2a994001567302786016cb32c?s=96&d=mm&r=g","caption":"joaograndao"}}]}},"amp_enabled":true,"_links":{"self":[{"href":"https:\/\/radiolifefm.com.br\/noticias\/wp-json\/wp\/v2\/posts\/93537","targetHints":{"allow":["GET"]}}],"collection":[{"href":"https:\/\/radiolifefm.com.br\/noticias\/wp-json\/wp\/v2\/posts"}],"about":[{"href":"https:\/\/radiolifefm.com.br\/noticias\/wp-json\/wp\/v2\/types\/post"}],"author":[{"embeddable":true,"href":"https:\/\/radiolifefm.com.br\/noticias\/wp-json\/wp\/v2\/users\/8"}],"replies":[{"embeddable":true,"href":"https:\/\/radiolifefm.com.br\/noticias\/wp-json\/wp\/v2\/comments?post=93537"}],"version-history":[{"count":1,"href":"https:\/\/radiolifefm.com.br\/noticias\/wp-json\/wp\/v2\/posts\/93537\/revisions"}],"predecessor-version":[{"id":93546,"href":"https:\/\/radiolifefm.com.br\/noticias\/wp-json\/wp\/v2\/posts\/93537\/revisions\/93546"}],"wp:featuredmedia":[{"embeddable":true,"href":"https:\/\/radiolifefm.com.br\/noticias\/wp-json\/wp\/v2\/media\/93538"}],"wp:attachment":[{"href":"https:\/\/radiolifefm.com.br\/noticias\/wp-json\/wp\/v2\/media?parent=93537"}],"wp:term":[{"taxonomy":"category","embeddable":true,"href":"https:\/\/radiolifefm.com.br\/noticias\/wp-json\/wp\/v2\/categories?post=93537"},{"taxonomy":"post_tag","embeddable":true,"href":"https:\/\/radiolifefm.com.br\/noticias\/wp-json\/wp\/v2\/tags?post=93537"}],"curies":[{"name":"wp","href":"https:\/\/api.w.org\/{rel}","templated":true}]}}