{"id":93303,"date":"2024-09-26T16:35:28","date_gmt":"2024-09-26T19:35:28","guid":{"rendered":"https:\/\/radiolifefm.com.br\/noticias\/?p=93303"},"modified":"2026-04-13T18:49:16","modified_gmt":"2026-04-13T21:49:16","slug":"prosa-do-campo-mulheres-compartilham-experiencias-de-sucesso-em-prova-dos-tres-tambores","status":"publish","type":"post","link":"https:\/\/radiolifefm.com.br\/noticias\/prosa-do-campo-mulheres-compartilham-experiencias-de-sucesso-em-prova-dos-tres-tambores\/","title":{"rendered":"\u201cProsa do Campo\u201d: Mulheres compartilham experi\u00eancias de sucesso em Prova dos Tr\u00eas Tambores"},"content":{"rendered":"<div id=\"fb-root\"><\/div>\n<p>Mais uma edi\u00e7\u00e3o do <strong>Prosa do Campo<\/strong> foi ao ar na noite da \u00faltima segunda-feira, 23 de setembro, na Life FM. Apresentado por Cristiano do Mor\u00e3o, o programa teve como entrevistada a Dr. Ana Carolina, fisioterapeuta e empres\u00e1ria, propriet\u00e1ria do <strong>Centro de Treinamento Tr\u00eas Meninas<\/strong>. Ana n\u00e3o participou sozinha; ela contou com a presen\u00e7a de Cileni Costenaro e sua filha, Isabela Costenaro. Juntas, compartilharam suas experi\u00eancias de sucesso ligadas \u00e0 prova dos tr\u00eas tambores.<\/p>\n<div class='flex flex-wrap items-center -mx-1'>\r\n<a class='thumbnail gallery p-1 w-1\/2 md:w-1\/4' href='https:\/\/radiolifefm.com.br\/noticias\/wp-content\/uploads\/2024\/09\/WhatsApp-Image-2024-09-24-at-11.36.28.jpeg'><img class='border border-white' src='https:\/\/radiolifefm.com.br\/noticias\/wp-content\/uploads\/2024\/09\/WhatsApp-Image-2024-09-24-at-11.36.28-200x200.jpeg' alt='WhatsApp Image 2024 09 24 At 11.36.28' \/><\/a><a class='thumbnail gallery p-1 w-1\/2 md:w-1\/4' href='https:\/\/radiolifefm.com.br\/noticias\/wp-content\/uploads\/2024\/09\/WhatsApp-Image-2024-09-24-at-11.36.23.jpeg'><img class='border border-white' src='https:\/\/radiolifefm.com.br\/noticias\/wp-content\/uploads\/2024\/09\/WhatsApp-Image-2024-09-24-at-11.36.23-200x200.jpeg' alt='WhatsApp Image 2024 09 24 At 11.36.23' \/><\/a><a class='thumbnail gallery p-1 w-1\/2 md:w-1\/4' href='https:\/\/radiolifefm.com.br\/noticias\/wp-content\/uploads\/2024\/09\/WhatsApp-Image-2024-09-24-at-11.36.23-1.jpeg'><img class='border border-white' src='https:\/\/radiolifefm.com.br\/noticias\/wp-content\/uploads\/2024\/09\/WhatsApp-Image-2024-09-24-at-11.36.23-1-200x200.jpeg' alt='WhatsApp Image 2024 09 24 At 11.36.23 (1)' \/><\/a><a class='thumbnail gallery p-1 w-1\/2 md:w-1\/4' href='https:\/\/radiolifefm.com.br\/noticias\/wp-content\/uploads\/2024\/09\/WhatsApp-Image-2024-09-24-at-11.36.23-2.jpeg'><img class='border border-white' src='https:\/\/radiolifefm.com.br\/noticias\/wp-content\/uploads\/2024\/09\/WhatsApp-Image-2024-09-24-at-11.36.23-2-200x200.jpeg' alt='WhatsApp Image 2024 09 24 At 11.36.23 (2)' \/><\/a><\/div>\n<p>Ana relatou que sua paix\u00e3o por esse esporte e pelo mundo animal come\u00e7ou por influ\u00eancia dos pais, que sempre demonstraram amor pelos cavalos. J\u00e1 Cileni, propriet\u00e1ria do <strong>Restaurante Chero Verde<\/strong>, em Adamantina, aproveitou a oportunidade para contar sobre seu retorno aos treinos.<\/p>\n<div class='flex flex-wrap items-center -mx-1'>\r\n<a class='thumbnail gallery p-1 w-1\/2 md:w-1\/4' href='https:\/\/radiolifefm.com.br\/noticias\/wp-content\/uploads\/2024\/09\/WhatsApp-Image-2024-09-24-at-11.36.03-2.jpeg'><img class='border border-white' src='https:\/\/radiolifefm.com.br\/noticias\/wp-content\/uploads\/2024\/09\/WhatsApp-Image-2024-09-24-at-11.36.03-2-200x200.jpeg' alt='WhatsApp Image 2024 09 24 At 11.36.03 (2)' \/><\/a><a class='thumbnail gallery p-1 w-1\/2 md:w-1\/4' href='https:\/\/radiolifefm.com.br\/noticias\/wp-content\/uploads\/2024\/09\/WhatsApp-Image-2024-09-24-at-11.36.02-1.jpeg'><img class='border border-white' src='https:\/\/radiolifefm.com.br\/noticias\/wp-content\/uploads\/2024\/09\/WhatsApp-Image-2024-09-24-at-11.36.02-1-200x200.jpeg' alt='WhatsApp Image 2024 09 24 At 11.36.02 (1)' \/><\/a><a class='thumbnail gallery p-1 w-1\/2 md:w-1\/4' href='https:\/\/radiolifefm.com.br\/noticias\/wp-content\/uploads\/2024\/09\/WhatsApp-Image-2024-09-24-at-11.35.50.jpeg'><img class='border border-white' src='https:\/\/radiolifefm.com.br\/noticias\/wp-content\/uploads\/2024\/09\/WhatsApp-Image-2024-09-24-at-11.35.50-200x200.jpeg' alt='WhatsApp Image 2024 09 24 At 11.35.50' \/><\/a><a class='thumbnail gallery p-1 w-1\/2 md:w-1\/4' href='https:\/\/radiolifefm.com.br\/noticias\/wp-content\/uploads\/2024\/09\/WhatsApp-Image-2024-09-24-at-11.36.02.jpeg'><img class='border border-white' src='https:\/\/radiolifefm.com.br\/noticias\/wp-content\/uploads\/2024\/09\/WhatsApp-Image-2024-09-24-at-11.36.02-200x200.jpeg' alt='WhatsApp Image 2024 09 24 At 11.36.02' \/><\/a><\/div>\n<p>Ela havia deixado de praticar o esporte por um tempo, mas, com o incentivo da filha, Isabela, voltou a competir.<\/p>\n<div class='flex flex-wrap items-center -mx-1'>\r\n<a class='thumbnail gallery p-1 w-1\/2 md:w-1\/4' href='https:\/\/radiolifefm.com.br\/noticias\/wp-content\/uploads\/2024\/09\/WhatsApp-Image-2024-09-24-at-11.36.23-2.jpeg'><img class='border border-white' src='https:\/\/radiolifefm.com.br\/noticias\/wp-content\/uploads\/2024\/09\/WhatsApp-Image-2024-09-24-at-11.36.23-2-200x200.jpeg' alt='WhatsApp Image 2024 09 24 At 11.36.23 (2)' \/><\/a><a class='thumbnail gallery p-1 w-1\/2 md:w-1\/4' href='https:\/\/radiolifefm.com.br\/noticias\/wp-content\/uploads\/2024\/09\/WhatsApp-Image-2024-09-24-at-11.36.16.jpeg'><img class='border border-white' src='https:\/\/radiolifefm.com.br\/noticias\/wp-content\/uploads\/2024\/09\/WhatsApp-Image-2024-09-24-at-11.36.16-200x200.jpeg' alt='WhatsApp Image 2024 09 24 At 11.36.16' \/><\/a><a class='thumbnail gallery p-1 w-1\/2 md:w-1\/4' href='https:\/\/radiolifefm.com.br\/noticias\/wp-content\/uploads\/2024\/09\/WhatsApp-Image-2024-09-24-at-11.36.12.jpeg'><img class='border border-white' src='https:\/\/radiolifefm.com.br\/noticias\/wp-content\/uploads\/2024\/09\/WhatsApp-Image-2024-09-24-at-11.36.12-200x200.jpeg' alt='WhatsApp Image 2024 09 24 At 11.36.12' \/><\/a><a class='thumbnail gallery p-1 w-1\/2 md:w-1\/4' href='https:\/\/radiolifefm.com.br\/noticias\/wp-content\/uploads\/2024\/09\/WhatsApp-Image-2024-09-24-at-11.36.04.jpeg'><img class='border border-white' src='https:\/\/radiolifefm.com.br\/noticias\/wp-content\/uploads\/2024\/09\/WhatsApp-Image-2024-09-24-at-11.36.04-200x200.jpeg' alt='WhatsApp Image 2024 09 24 At 11.36.04' \/><\/a><\/div>\n<p><strong>T\u00f3picos abordados:<\/strong><\/p>\n<ul>\n<li>Motiva\u00e7\u00f5es<\/li>\n<li>Desafios<\/li>\n<li>Esporte favorito<div class='flex flex-wrap items-center -mx-1'>\r\n<a class='thumbnail gallery p-1 w-1\/2 md:w-1\/4' href='https:\/\/radiolifefm.com.br\/noticias\/wp-content\/uploads\/2024\/09\/WhatsApp-Image-2024-09-24-at-11.36.04-1.jpeg'><img class='border border-white' src='https:\/\/radiolifefm.com.br\/noticias\/wp-content\/uploads\/2024\/09\/WhatsApp-Image-2024-09-24-at-11.36.04-1-200x200.jpeg' alt='WhatsApp Image 2024 09 24 At 11.36.04 (1)' \/><\/a><a class='thumbnail gallery p-1 w-1\/2 md:w-1\/4' href='https:\/\/radiolifefm.com.br\/noticias\/wp-content\/uploads\/2024\/09\/WhatsApp-Image-2024-09-24-at-11.36.04-2.jpeg'><img class='border border-white' src='https:\/\/radiolifefm.com.br\/noticias\/wp-content\/uploads\/2024\/09\/WhatsApp-Image-2024-09-24-at-11.36.04-2-200x200.jpeg' alt='WhatsApp Image 2024 09 24 At 11.36.04 (2)' \/><\/a><a class='thumbnail gallery p-1 w-1\/2 md:w-1\/4' href='https:\/\/radiolifefm.com.br\/noticias\/wp-content\/uploads\/2024\/09\/WhatsApp-Image-2024-09-24-at-11.36.03.jpeg'><img class='border border-white' src='https:\/\/radiolifefm.com.br\/noticias\/wp-content\/uploads\/2024\/09\/WhatsApp-Image-2024-09-24-at-11.36.03-200x200.jpeg' alt='WhatsApp Image 2024 09 24 At 11.36.03' \/><\/a><a class='thumbnail gallery p-1 w-1\/2 md:w-1\/4' href='https:\/\/radiolifefm.com.br\/noticias\/wp-content\/uploads\/2024\/09\/WhatsApp-Image-2024-09-24-at-11.36.03-1.jpeg'><img class='border border-white' src='https:\/\/radiolifefm.com.br\/noticias\/wp-content\/uploads\/2024\/09\/WhatsApp-Image-2024-09-24-at-11.36.03-1-200x200.jpeg' alt='WhatsApp Image 2024 09 24 At 11.36.03 (1)' \/><\/a><\/div><\/li>\n<\/ul>\n<p>Saiba mais e confira a entrevista completa acessando o link abaixo.<\/p>\n<p><a href=\"https:\/\/www.youtube.com\/watch?v=FX_lQKjXNos\">https:\/\/www.youtube.com\/watch?v=FX_lQKjXNos<\/a><\/p>\n","protected":false},"excerpt":{"rendered":"<p>Mais uma edi\u00e7\u00e3o do Prosa do Campo foi ao ar na noite da \u00faltima segunda-feira, 23 de setembro, na Life FM. Apresentado por Cristiano do Mor\u00e3o, o programa teve como entrevistada a Dr. Ana Carolina, fisioterapeuta e empres\u00e1ria, propriet\u00e1ria do Centro de Treinamento Tr\u00eas Meninas. Ana n\u00e3o participou sozinha; ela contou com a presen\u00e7a de [&hellip;]<\/p>\n","protected":false},"author":8,"featured_media":93304,"comment_status":"closed","ping_status":"open","sticky":false,"template":"","format":"standard","meta":{"_acf_changed":false,"_exactmetrics_skip_tracking":false,"_exactmetrics_sitenote_active":false,"_exactmetrics_sitenote_note":"","_exactmetrics_sitenote_category":0,"footnotes":""},"categories":[191],"tags":[],"class_list":["post-93303","post","type-post","status-publish","format-standard","has-post-thumbnail","hentry","category-prosa-do-campo"],"acf":[],"yoast_head":"<!-- This site is optimized with the Yoast SEO plugin v27.2 - https:\/\/yoast.com\/product\/yoast-seo-wordpress\/ -->\n<title>\u201cProsa do Campo\u201d: Mulheres compartilham experi\u00eancias de sucesso em Prova dos Tr\u00eas Tambores - R\u00e1dio Life FM<\/title>\n<meta name=\"robots\" content=\"index, follow, max-snippet:-1, max-image-preview:large, max-video-preview:-1\" \/>\n<link rel=\"canonical\" href=\"https:\/\/radiolifefm.com.br\/noticias\/prosa-do-campo-mulheres-compartilham-experiencias-de-sucesso-em-prova-dos-tres-tambores\/\" \/>\n<meta property=\"og:locale\" content=\"pt_BR\" \/>\n<meta property=\"og:type\" content=\"article\" \/>\n<meta property=\"og:title\" content=\"\u201cProsa do Campo\u201d: Mulheres compartilham experi\u00eancias de sucesso em Prova dos Tr\u00eas Tambores - R\u00e1dio Life FM\" \/>\n<meta property=\"og:description\" content=\"Mais uma edi\u00e7\u00e3o do Prosa do Campo foi ao ar na noite da \u00faltima segunda-feira, 23 de setembro, na Life FM. Apresentado por Cristiano do Mor\u00e3o, o programa teve como entrevistada a Dr. Ana Carolina, fisioterapeuta e empres\u00e1ria, propriet\u00e1ria do Centro de Treinamento Tr\u00eas Meninas. Ana n\u00e3o participou sozinha; ela contou com a presen\u00e7a de [&hellip;]\" \/>\n<meta property=\"og:url\" content=\"https:\/\/radiolifefm.com.br\/noticias\/prosa-do-campo-mulheres-compartilham-experiencias-de-sucesso-em-prova-dos-tres-tambores\/\" \/>\n<meta property=\"og:site_name\" content=\"R\u00e1dio Life FM\" \/>\n<meta property=\"article:publisher\" content=\"https:\/\/www.facebook.com\/radiolifefm\/\" \/>\n<meta property=\"article:published_time\" content=\"2024-09-26T19:35:28+00:00\" \/>\n<meta property=\"article:modified_time\" content=\"2026-04-13T21:49:16+00:00\" \/>\n<meta property=\"og:image\" content=\"https:\/\/radiolifefm.com.br\/noticias\/wp-content\/uploads\/2024\/09\/WhatsApp-Image-2024-09-24-at-11.35.43.jpeg\" \/>\n\t<meta property=\"og:image:width\" content=\"1600\" \/>\n\t<meta property=\"og:image:height\" content=\"1200\" \/>\n\t<meta property=\"og:image:type\" content=\"image\/jpeg\" \/>\n<meta name=\"author\" content=\"joaograndao\" \/>\n<meta name=\"twitter:card\" content=\"summary_large_image\" \/>\n<meta name=\"twitter:label1\" content=\"Escrito por\" \/>\n\t<meta name=\"twitter:data1\" content=\"joaograndao\" \/>\n\t<meta name=\"twitter:label2\" content=\"Est. tempo de leitura\" \/>\n\t<meta name=\"twitter:data2\" content=\"2 minutos\" \/>\n<script type=\"application\/ld+json\" class=\"yoast-schema-graph\">{\"@context\":\"https:\/\/schema.org\",\"@graph\":[{\"@type\":\"Article\",\"@id\":\"https:\/\/radiolifefm.com.br\/noticias\/prosa-do-campo-mulheres-compartilham-experiencias-de-sucesso-em-prova-dos-tres-tambores\/#article\",\"isPartOf\":{\"@id\":\"https:\/\/radiolifefm.com.br\/noticias\/prosa-do-campo-mulheres-compartilham-experiencias-de-sucesso-em-prova-dos-tres-tambores\/\"},\"author\":{\"name\":\"joaograndao\",\"@id\":\"https:\/\/radiolifefm.com.br\/noticias\/#\/schema\/person\/6876e1240feffe6e1b63fd5cb85abf28\"},\"headline\":\"\u201cProsa do Campo\u201d: Mulheres compartilham experi\u00eancias de sucesso em Prova dos Tr\u00eas Tambores\",\"datePublished\":\"2024-09-26T19:35:28+00:00\",\"dateModified\":\"2026-04-13T21:49:16+00:00\",\"mainEntityOfPage\":{\"@id\":\"https:\/\/radiolifefm.com.br\/noticias\/prosa-do-campo-mulheres-compartilham-experiencias-de-sucesso-em-prova-dos-tres-tambores\/\"},\"wordCount\":201,\"publisher\":{\"@id\":\"https:\/\/radiolifefm.com.br\/noticias\/#organization\"},\"image\":{\"@id\":\"https:\/\/radiolifefm.com.br\/noticias\/prosa-do-campo-mulheres-compartilham-experiencias-de-sucesso-em-prova-dos-tres-tambores\/#primaryimage\"},\"thumbnailUrl\":\"https:\/\/radiolifefm.com.br\/noticias\/wp-content\/uploads\/2024\/09\/WhatsApp-Image-2024-09-24-at-11.35.43.jpeg\",\"articleSection\":[\"Prosa do Campo\"],\"inLanguage\":\"pt-BR\"},{\"@type\":\"WebPage\",\"@id\":\"https:\/\/radiolifefm.com.br\/noticias\/prosa-do-campo-mulheres-compartilham-experiencias-de-sucesso-em-prova-dos-tres-tambores\/\",\"url\":\"https:\/\/radiolifefm.com.br\/noticias\/prosa-do-campo-mulheres-compartilham-experiencias-de-sucesso-em-prova-dos-tres-tambores\/\",\"name\":\"\u201cProsa do Campo\u201d: Mulheres compartilham experi\u00eancias de sucesso em Prova dos Tr\u00eas Tambores - R\u00e1dio Life FM\",\"isPartOf\":{\"@id\":\"https:\/\/radiolifefm.com.br\/noticias\/#website\"},\"primaryImageOfPage\":{\"@id\":\"https:\/\/radiolifefm.com.br\/noticias\/prosa-do-campo-mulheres-compartilham-experiencias-de-sucesso-em-prova-dos-tres-tambores\/#primaryimage\"},\"image\":{\"@id\":\"https:\/\/radiolifefm.com.br\/noticias\/prosa-do-campo-mulheres-compartilham-experiencias-de-sucesso-em-prova-dos-tres-tambores\/#primaryimage\"},\"thumbnailUrl\":\"https:\/\/radiolifefm.com.br\/noticias\/wp-content\/uploads\/2024\/09\/WhatsApp-Image-2024-09-24-at-11.35.43.jpeg\",\"datePublished\":\"2024-09-26T19:35:28+00:00\",\"dateModified\":\"2026-04-13T21:49:16+00:00\",\"breadcrumb\":{\"@id\":\"https:\/\/radiolifefm.com.br\/noticias\/prosa-do-campo-mulheres-compartilham-experiencias-de-sucesso-em-prova-dos-tres-tambores\/#breadcrumb\"},\"inLanguage\":\"pt-BR\",\"potentialAction\":[{\"@type\":\"ReadAction\",\"target\":[\"https:\/\/radiolifefm.com.br\/noticias\/prosa-do-campo-mulheres-compartilham-experiencias-de-sucesso-em-prova-dos-tres-tambores\/\"]}]},{\"@type\":\"ImageObject\",\"inLanguage\":\"pt-BR\",\"@id\":\"https:\/\/radiolifefm.com.br\/noticias\/prosa-do-campo-mulheres-compartilham-experiencias-de-sucesso-em-prova-dos-tres-tambores\/#primaryimage\",\"url\":\"https:\/\/radiolifefm.com.br\/noticias\/wp-content\/uploads\/2024\/09\/WhatsApp-Image-2024-09-24-at-11.35.43.jpeg\",\"contentUrl\":\"https:\/\/radiolifefm.com.br\/noticias\/wp-content\/uploads\/2024\/09\/WhatsApp-Image-2024-09-24-at-11.35.43.jpeg\",\"width\":1600,\"height\":1200},{\"@type\":\"BreadcrumbList\",\"@id\":\"https:\/\/radiolifefm.com.br\/noticias\/prosa-do-campo-mulheres-compartilham-experiencias-de-sucesso-em-prova-dos-tres-tambores\/#breadcrumb\",\"itemListElement\":[{\"@type\":\"ListItem\",\"position\":1,\"name\":\"In\u00edcio\",\"item\":\"https:\/\/radiolifefm.com.br\/noticias\/\"},{\"@type\":\"ListItem\",\"position\":2,\"name\":\"\u201cProsa do Campo\u201d: Mulheres compartilham experi\u00eancias de sucesso em Prova dos Tr\u00eas Tambores\"}]},{\"@type\":\"WebSite\",\"@id\":\"https:\/\/radiolifefm.com.br\/noticias\/#website\",\"url\":\"https:\/\/radiolifefm.com.br\/noticias\/\",\"name\":\"R\u00e1dio Life FM\",\"description\":\"O Portal de Not\u00edcias de Adamantina\",\"publisher\":{\"@id\":\"https:\/\/radiolifefm.com.br\/noticias\/#organization\"},\"alternateName\":\"Life FM\",\"potentialAction\":[{\"@type\":\"SearchAction\",\"target\":{\"@type\":\"EntryPoint\",\"urlTemplate\":\"https:\/\/radiolifefm.com.br\/noticias\/?s={search_term_string}\"},\"query-input\":{\"@type\":\"PropertyValueSpecification\",\"valueRequired\":true,\"valueName\":\"search_term_string\"}}],\"inLanguage\":\"pt-BR\"},{\"@type\":\"Organization\",\"@id\":\"https:\/\/radiolifefm.com.br\/noticias\/#organization\",\"name\":\"R\u00e1dio Life FM\",\"alternateName\":\"Life FM\",\"url\":\"https:\/\/radiolifefm.com.br\/noticias\/\",\"logo\":{\"@type\":\"ImageObject\",\"inLanguage\":\"pt-BR\",\"@id\":\"https:\/\/radiolifefm.com.br\/noticias\/#\/schema\/logo\/image\/\",\"url\":\"https:\/\/static.radiolifefm.com.br\/noticias\/wp-content\/uploads\/2019\/10\/logo-lifefm.png\",\"contentUrl\":\"https:\/\/static.radiolifefm.com.br\/noticias\/wp-content\/uploads\/2019\/10\/logo-lifefm.png\",\"width\":196,\"height\":47,\"caption\":\"R\u00e1dio Life FM\"},\"image\":{\"@id\":\"https:\/\/radiolifefm.com.br\/noticias\/#\/schema\/logo\/image\/\"},\"sameAs\":[\"https:\/\/www.facebook.com\/radiolifefm\/\",\"https:\/\/www.instagram.com\/life1079fm\/\"]},{\"@type\":\"Person\",\"@id\":\"https:\/\/radiolifefm.com.br\/noticias\/#\/schema\/person\/6876e1240feffe6e1b63fd5cb85abf28\",\"name\":\"joaograndao\",\"image\":{\"@type\":\"ImageObject\",\"inLanguage\":\"pt-BR\",\"@id\":\"https:\/\/secure.gravatar.com\/avatar\/d5b1a3cf357ed9c50404e256a1294083aa8ab5d2a994001567302786016cb32c?s=96&d=mm&r=g\",\"url\":\"https:\/\/secure.gravatar.com\/avatar\/d5b1a3cf357ed9c50404e256a1294083aa8ab5d2a994001567302786016cb32c?s=96&d=mm&r=g\",\"contentUrl\":\"https:\/\/secure.gravatar.com\/avatar\/d5b1a3cf357ed9c50404e256a1294083aa8ab5d2a994001567302786016cb32c?s=96&d=mm&r=g\",\"caption\":\"joaograndao\"}}]}<\/script>\n<!-- \/ Yoast SEO plugin. -->","yoast_head_json":{"title":"\u201cProsa do Campo\u201d: Mulheres compartilham experi\u00eancias de sucesso em Prova dos Tr\u00eas Tambores - R\u00e1dio Life FM","robots":{"index":"index","follow":"follow","max-snippet":"max-snippet:-1","max-image-preview":"max-image-preview:large","max-video-preview":"max-video-preview:-1"},"canonical":"https:\/\/radiolifefm.com.br\/noticias\/prosa-do-campo-mulheres-compartilham-experiencias-de-sucesso-em-prova-dos-tres-tambores\/","og_locale":"pt_BR","og_type":"article","og_title":"\u201cProsa do Campo\u201d: Mulheres compartilham experi\u00eancias de sucesso em Prova dos Tr\u00eas Tambores - R\u00e1dio Life FM","og_description":"Mais uma edi\u00e7\u00e3o do Prosa do Campo foi ao ar na noite da \u00faltima segunda-feira, 23 de setembro, na Life FM. Apresentado por Cristiano do Mor\u00e3o, o programa teve como entrevistada a Dr. Ana Carolina, fisioterapeuta e empres\u00e1ria, propriet\u00e1ria do Centro de Treinamento Tr\u00eas Meninas. Ana n\u00e3o participou sozinha; ela contou com a presen\u00e7a de [&hellip;]","og_url":"https:\/\/radiolifefm.com.br\/noticias\/prosa-do-campo-mulheres-compartilham-experiencias-de-sucesso-em-prova-dos-tres-tambores\/","og_site_name":"R\u00e1dio Life FM","article_publisher":"https:\/\/www.facebook.com\/radiolifefm\/","article_published_time":"2024-09-26T19:35:28+00:00","article_modified_time":"2026-04-13T21:49:16+00:00","og_image":[{"width":1600,"height":1200,"url":"https:\/\/radiolifefm.com.br\/noticias\/wp-content\/uploads\/2024\/09\/WhatsApp-Image-2024-09-24-at-11.35.43.jpeg","type":"image\/jpeg"}],"author":"joaograndao","twitter_card":"summary_large_image","twitter_misc":{"Escrito por":"joaograndao","Est. tempo de leitura":"2 minutos"},"schema":{"@context":"https:\/\/schema.org","@graph":[{"@type":"Article","@id":"https:\/\/radiolifefm.com.br\/noticias\/prosa-do-campo-mulheres-compartilham-experiencias-de-sucesso-em-prova-dos-tres-tambores\/#article","isPartOf":{"@id":"https:\/\/radiolifefm.com.br\/noticias\/prosa-do-campo-mulheres-compartilham-experiencias-de-sucesso-em-prova-dos-tres-tambores\/"},"author":{"name":"joaograndao","@id":"https:\/\/radiolifefm.com.br\/noticias\/#\/schema\/person\/6876e1240feffe6e1b63fd5cb85abf28"},"headline":"\u201cProsa do Campo\u201d: Mulheres compartilham experi\u00eancias de sucesso em Prova dos Tr\u00eas Tambores","datePublished":"2024-09-26T19:35:28+00:00","dateModified":"2026-04-13T21:49:16+00:00","mainEntityOfPage":{"@id":"https:\/\/radiolifefm.com.br\/noticias\/prosa-do-campo-mulheres-compartilham-experiencias-de-sucesso-em-prova-dos-tres-tambores\/"},"wordCount":201,"publisher":{"@id":"https:\/\/radiolifefm.com.br\/noticias\/#organization"},"image":{"@id":"https:\/\/radiolifefm.com.br\/noticias\/prosa-do-campo-mulheres-compartilham-experiencias-de-sucesso-em-prova-dos-tres-tambores\/#primaryimage"},"thumbnailUrl":"https:\/\/radiolifefm.com.br\/noticias\/wp-content\/uploads\/2024\/09\/WhatsApp-Image-2024-09-24-at-11.35.43.jpeg","articleSection":["Prosa do Campo"],"inLanguage":"pt-BR"},{"@type":"WebPage","@id":"https:\/\/radiolifefm.com.br\/noticias\/prosa-do-campo-mulheres-compartilham-experiencias-de-sucesso-em-prova-dos-tres-tambores\/","url":"https:\/\/radiolifefm.com.br\/noticias\/prosa-do-campo-mulheres-compartilham-experiencias-de-sucesso-em-prova-dos-tres-tambores\/","name":"\u201cProsa do Campo\u201d: Mulheres compartilham experi\u00eancias de sucesso em Prova dos Tr\u00eas Tambores - R\u00e1dio Life FM","isPartOf":{"@id":"https:\/\/radiolifefm.com.br\/noticias\/#website"},"primaryImageOfPage":{"@id":"https:\/\/radiolifefm.com.br\/noticias\/prosa-do-campo-mulheres-compartilham-experiencias-de-sucesso-em-prova-dos-tres-tambores\/#primaryimage"},"image":{"@id":"https:\/\/radiolifefm.com.br\/noticias\/prosa-do-campo-mulheres-compartilham-experiencias-de-sucesso-em-prova-dos-tres-tambores\/#primaryimage"},"thumbnailUrl":"https:\/\/radiolifefm.com.br\/noticias\/wp-content\/uploads\/2024\/09\/WhatsApp-Image-2024-09-24-at-11.35.43.jpeg","datePublished":"2024-09-26T19:35:28+00:00","dateModified":"2026-04-13T21:49:16+00:00","breadcrumb":{"@id":"https:\/\/radiolifefm.com.br\/noticias\/prosa-do-campo-mulheres-compartilham-experiencias-de-sucesso-em-prova-dos-tres-tambores\/#breadcrumb"},"inLanguage":"pt-BR","potentialAction":[{"@type":"ReadAction","target":["https:\/\/radiolifefm.com.br\/noticias\/prosa-do-campo-mulheres-compartilham-experiencias-de-sucesso-em-prova-dos-tres-tambores\/"]}]},{"@type":"ImageObject","inLanguage":"pt-BR","@id":"https:\/\/radiolifefm.com.br\/noticias\/prosa-do-campo-mulheres-compartilham-experiencias-de-sucesso-em-prova-dos-tres-tambores\/#primaryimage","url":"https:\/\/radiolifefm.com.br\/noticias\/wp-content\/uploads\/2024\/09\/WhatsApp-Image-2024-09-24-at-11.35.43.jpeg","contentUrl":"https:\/\/radiolifefm.com.br\/noticias\/wp-content\/uploads\/2024\/09\/WhatsApp-Image-2024-09-24-at-11.35.43.jpeg","width":1600,"height":1200},{"@type":"BreadcrumbList","@id":"https:\/\/radiolifefm.com.br\/noticias\/prosa-do-campo-mulheres-compartilham-experiencias-de-sucesso-em-prova-dos-tres-tambores\/#breadcrumb","itemListElement":[{"@type":"ListItem","position":1,"name":"In\u00edcio","item":"https:\/\/radiolifefm.com.br\/noticias\/"},{"@type":"ListItem","position":2,"name":"\u201cProsa do Campo\u201d: Mulheres compartilham experi\u00eancias de sucesso em Prova dos Tr\u00eas Tambores"}]},{"@type":"WebSite","@id":"https:\/\/radiolifefm.com.br\/noticias\/#website","url":"https:\/\/radiolifefm.com.br\/noticias\/","name":"R\u00e1dio Life FM","description":"O Portal de Not\u00edcias de Adamantina","publisher":{"@id":"https:\/\/radiolifefm.com.br\/noticias\/#organization"},"alternateName":"Life FM","potentialAction":[{"@type":"SearchAction","target":{"@type":"EntryPoint","urlTemplate":"https:\/\/radiolifefm.com.br\/noticias\/?s={search_term_string}"},"query-input":{"@type":"PropertyValueSpecification","valueRequired":true,"valueName":"search_term_string"}}],"inLanguage":"pt-BR"},{"@type":"Organization","@id":"https:\/\/radiolifefm.com.br\/noticias\/#organization","name":"R\u00e1dio Life FM","alternateName":"Life FM","url":"https:\/\/radiolifefm.com.br\/noticias\/","logo":{"@type":"ImageObject","inLanguage":"pt-BR","@id":"https:\/\/radiolifefm.com.br\/noticias\/#\/schema\/logo\/image\/","url":"https:\/\/static.radiolifefm.com.br\/noticias\/wp-content\/uploads\/2019\/10\/logo-lifefm.png","contentUrl":"https:\/\/static.radiolifefm.com.br\/noticias\/wp-content\/uploads\/2019\/10\/logo-lifefm.png","width":196,"height":47,"caption":"R\u00e1dio Life FM"},"image":{"@id":"https:\/\/radiolifefm.com.br\/noticias\/#\/schema\/logo\/image\/"},"sameAs":["https:\/\/www.facebook.com\/radiolifefm\/","https:\/\/www.instagram.com\/life1079fm\/"]},{"@type":"Person","@id":"https:\/\/radiolifefm.com.br\/noticias\/#\/schema\/person\/6876e1240feffe6e1b63fd5cb85abf28","name":"joaograndao","image":{"@type":"ImageObject","inLanguage":"pt-BR","@id":"https:\/\/secure.gravatar.com\/avatar\/d5b1a3cf357ed9c50404e256a1294083aa8ab5d2a994001567302786016cb32c?s=96&d=mm&r=g","url":"https:\/\/secure.gravatar.com\/avatar\/d5b1a3cf357ed9c50404e256a1294083aa8ab5d2a994001567302786016cb32c?s=96&d=mm&r=g","contentUrl":"https:\/\/secure.gravatar.com\/avatar\/d5b1a3cf357ed9c50404e256a1294083aa8ab5d2a994001567302786016cb32c?s=96&d=mm&r=g","caption":"joaograndao"}}]}},"amp_enabled":true,"_links":{"self":[{"href":"https:\/\/radiolifefm.com.br\/noticias\/wp-json\/wp\/v2\/posts\/93303","targetHints":{"allow":["GET"]}}],"collection":[{"href":"https:\/\/radiolifefm.com.br\/noticias\/wp-json\/wp\/v2\/posts"}],"about":[{"href":"https:\/\/radiolifefm.com.br\/noticias\/wp-json\/wp\/v2\/types\/post"}],"author":[{"embeddable":true,"href":"https:\/\/radiolifefm.com.br\/noticias\/wp-json\/wp\/v2\/users\/8"}],"replies":[{"embeddable":true,"href":"https:\/\/radiolifefm.com.br\/noticias\/wp-json\/wp\/v2\/comments?post=93303"}],"version-history":[{"count":1,"href":"https:\/\/radiolifefm.com.br\/noticias\/wp-json\/wp\/v2\/posts\/93303\/revisions"}],"predecessor-version":[{"id":93321,"href":"https:\/\/radiolifefm.com.br\/noticias\/wp-json\/wp\/v2\/posts\/93303\/revisions\/93321"}],"wp:featuredmedia":[{"embeddable":true,"href":"https:\/\/radiolifefm.com.br\/noticias\/wp-json\/wp\/v2\/media\/93304"}],"wp:attachment":[{"href":"https:\/\/radiolifefm.com.br\/noticias\/wp-json\/wp\/v2\/media?parent=93303"}],"wp:term":[{"taxonomy":"category","embeddable":true,"href":"https:\/\/radiolifefm.com.br\/noticias\/wp-json\/wp\/v2\/categories?post=93303"},{"taxonomy":"post_tag","embeddable":true,"href":"https:\/\/radiolifefm.com.br\/noticias\/wp-json\/wp\/v2\/tags?post=93303"}],"curies":[{"name":"wp","href":"https:\/\/api.w.org\/{rel}","templated":true}]}}