{"id":93141,"date":"2024-09-23T08:10:48","date_gmt":"2024-09-23T11:10:48","guid":{"rendered":"https:\/\/radiolifefm.com.br\/noticias\/?p=93141"},"modified":"2026-04-25T02:51:24","modified_gmt":"2026-04-25T05:51:24","slug":"o-vicente-era-uma-daquelas-figurinhas-carimbadas-da-vila-margarida-em-ourinhos-sp-2","status":"publish","type":"post","link":"https:\/\/radiolifefm.com.br\/noticias\/o-vicente-era-uma-daquelas-figurinhas-carimbadas-da-vila-margarida-em-ourinhos-sp-2\/","title":{"rendered":"O VICENTE era uma daquelas \u201cfigurinhas carimbadas\u201d da Vila Margarida em OURINHOS-SP&#8230;"},"content":{"rendered":"<div id=\"fb-root\"><\/div>\n<p><strong><em>\u201cForam tantas brincadeiras, tantas conversas, tantas risadas e olhe agora. Nem conversamos mais.\u201d (<\/em><\/strong><a href=\"https:\/\/www.pensador.com\/autor\/caio_fernando_abreu\/\"><strong><em>Caio Fernando Abreu<\/em><\/strong><\/a><strong><em>)<\/em><\/strong><\/p>\n<p>&nbsp;<\/p>\n<p><strong>By seb@r.<\/strong><\/p>\n<p><strong><em>Aos AMIGOS do outro tempo do tempo da Vila Margarida, dedico! <\/em><\/strong><\/p>\n<p>Nestes \u00faltimos dias, fiquei pensando aqui com os meus BOT\u00d5ES que o tal do VICENTE s mandou sem muitas despedidas e sumiu do outro lado da cidade, isso sem deixar de lado que o mesmo era uma figurinha carimbada naquele tempo do tempo&#8230;<\/p>\n<p>N\u00e3o me lembro de muitas coisas com o VICENTE do meu lado, apenas que o dito cujo era encrenqueiro e estava sempre procurando alguma confus\u00e3o aqui ou ali, ainda, n\u00e3o gostava de estudar, por\u00e9m, era f\u00e3 de algumas bandas de Rock, tais como: NAZARETH, BLACK SABBATH e BAD COMPANY&#8230;<\/p>\n<p>Pelo menos s\u00e3o essas Bandas que estou lembrando neste momento, tendo em vista que tais desencontros ocorreram no in\u00edcio dos anos 70, ou seja, quando era um adolescente em Ourinhos&#8230;<\/p>\n<p>Lembro, tamb\u00e9m, que estive diversas vezes em sua casa para ouvir tais Bandas, sendo que o VICENTE possu\u00eda um TOCA DISCOS de primeira e com 4 CAIXAS DE SOM acopladas no aparelho, sendo que cada CAIXA ficava nos cantos do seu quarto&#8230;<\/p>\n<p>O mesmo morava em uma casa de madeira, bem como, na rua paralela da minha que era a RUA 21 DE ABRIL na VILA MARGARIDA, ainda, era o \u00fanico filho homem e parece que tinha mais uma ou duas irm\u00e3s menores&#8230;<\/p>\n<p>A m\u00e3e do VICENTE era vi\u00fava e estava casada ou morando com outro homem, entretanto, n\u00e3o lembro os nomes do casal e muito menos das suas irm\u00e3s, todavia, o VICENTE era uma figura um tanto diferente dos outros amigos daquele tempo que se perdeu no tempo do tempo&#8230;<\/p>\n<p>VICENTE gostava de andar de bicicleta, mas n\u00e3o possu\u00eda nenhuma em sua casa pra sair pelas ruas da vila, tal quais os demais colegas que pegavam as mesmas dos pais ou irm\u00e3os mais velhos, quase sempre escondidos para dar umas voltas nas quadras pr\u00f3ximas&#8230;<\/p>\n<p>Lembro que em uma dessas peraltices praticadas pelo VICENTE, o mesmo pegou uma das bicicletas que estavam por perto e se mandou sem muitas considera\u00e7\u00f5es para com os colegas, entretanto, logo que virou na esquina da RUA 21 DE ABRIL com a 14 DE JULHO, atropelou uma pessoa e deu no que deu, QUEBROU A PERNA desta e fugiu do local sem mais e sem menos&#8230;<\/p>\n<p>N\u00e3o estou recordando o que ocorreu depois deste epis\u00f3dio um tanto inusitado para todos os que estavam no local, por\u00e9m, acredito que o VICENTE deve ter levado uma surra daquelas do padrasto ou da sua m\u00e3e&#8230;<\/p>\n<p>Naquele tempo do tempo, todos os amigos da RUA acabavam levando uns tapas por causa das peraltices que aprontavam nas RUAS da VILA MARGARIDA, afinal de contas era tudo uma tremenda divers\u00e3o para aquela TURMA&#8230;<\/p>\n<p>Ah! Sim, o VICENTE depois de algum tempo naquele outro tempo, despareceu e deve ter mudado de OURINHOS com a fam\u00edlia, buscando aqui nas minhas recorda\u00e7\u00f5es, parece que o padrasto\u00a0 era FERROVI\u00c1RIO da RVPSC- Rede de Via\u00e7\u00e3o Paran\u00e1-Santa Catarina, tamb\u00e9m, conhecida pelo nome de RESTAURANTE VAGABUNDO, PASTEL SEM CARNE&#8230;<\/p>\n<p>VICENTE tinha apelido diferenciado dos seus colegas da VILA, ainda hoje, depois de tantos anos, fico me perguntando qual seria a origem daquele apelido, ou seja, era conhecido como MARREC\u00c3O&#8230;<\/p>\n<p>S\u00f3 quem conheceu o MARREC\u00c3O pode saber disto e mais aquilo, isso sem levar em conta que muitas est\u00f3rias se perderam nestas \u00faltimas cinco d\u00e9cadas dos bons e velhos tempos na VILA MARGARIDA em OURINHOS&#8230;<\/p>\n<p><strong>AVE \u201cMARREC\u00c3O\u201d! <\/strong><\/p>\n<p><strong>AVE RUA 21 DE ABRIL! <\/strong><\/p>\n<p><strong>AVE VILA MARGARIDA! <\/strong><\/p>\n<p><strong>AVE OURINHOS! <\/strong><\/p>\n<p><strong>\u00a0<\/strong><\/p>\n<p><strong>e-mail: <\/strong><a href=\"mailto:barbosa.sebar@gmail.com\"><strong>barbosa.sebar@gmail.com<\/strong><\/a><\/p>\n<p><strong>\u00a0<\/strong><\/p>\n","protected":false},"excerpt":{"rendered":"<p>\u201cForam tantas brincadeiras, tantas conversas, tantas risadas e olhe agora. Nem conversamos mais.\u201d (Caio Fernando Abreu) &nbsp; By seb@r. Aos AMIGOS do outro tempo do tempo da Vila Margarida, dedico! Nestes \u00faltimos dias, fiquei pensando aqui com os meus BOT\u00d5ES que o tal do VICENTE s mandou sem muitas despedidas e sumiu do outro lado [&hellip;]<\/p>\n","protected":false},"author":13,"featured_media":51988,"comment_status":"closed","ping_status":"open","sticky":false,"template":"","format":"standard","meta":{"_acf_changed":false,"_exactmetrics_skip_tracking":false,"_exactmetrics_sitenote_active":false,"_exactmetrics_sitenote_note":"","_exactmetrics_sitenote_category":0,"footnotes":""},"categories":[59],"tags":[],"class_list":["post-93141","post","type-post","status-publish","format-standard","has-post-thumbnail","hentry","category-opiniao"],"acf":[],"yoast_head":"<!-- This site is optimized with the Yoast SEO plugin v27.2 - https:\/\/yoast.com\/product\/yoast-seo-wordpress\/ -->\n<title>O VICENTE era uma daquelas \u201cfigurinhas carimbadas\u201d da Vila Margarida em OURINHOS-SP... - R\u00e1dio Life FM<\/title>\n<meta name=\"robots\" content=\"index, follow, max-snippet:-1, max-image-preview:large, max-video-preview:-1\" \/>\n<link rel=\"canonical\" href=\"https:\/\/radiolifefm.com.br\/noticias\/o-vicente-era-uma-daquelas-figurinhas-carimbadas-da-vila-margarida-em-ourinhos-sp-2\/\" \/>\n<meta property=\"og:locale\" content=\"pt_BR\" \/>\n<meta property=\"og:type\" content=\"article\" \/>\n<meta property=\"og:title\" content=\"O VICENTE era uma daquelas \u201cfigurinhas carimbadas\u201d da Vila Margarida em OURINHOS-SP... - R\u00e1dio Life FM\" \/>\n<meta property=\"og:description\" content=\"\u201cForam tantas brincadeiras, tantas conversas, tantas risadas e olhe agora. Nem conversamos mais.\u201d (Caio Fernando Abreu) &nbsp; By seb@r. Aos AMIGOS do outro tempo do tempo da Vila Margarida, dedico! Nestes \u00faltimos dias, fiquei pensando aqui com os meus BOT\u00d5ES que o tal do VICENTE s mandou sem muitas despedidas e sumiu do outro lado [&hellip;]\" \/>\n<meta property=\"og:url\" content=\"https:\/\/radiolifefm.com.br\/noticias\/o-vicente-era-uma-daquelas-figurinhas-carimbadas-da-vila-margarida-em-ourinhos-sp-2\/\" \/>\n<meta property=\"og:site_name\" content=\"R\u00e1dio Life FM\" \/>\n<meta property=\"article:publisher\" content=\"https:\/\/www.facebook.com\/radiolifefm\/\" \/>\n<meta property=\"article:published_time\" content=\"2024-09-23T11:10:48+00:00\" \/>\n<meta property=\"article:modified_time\" content=\"2026-04-25T05:51:24+00:00\" \/>\n<meta property=\"og:image\" content=\"https:\/\/radiolifefm.com.br\/noticias\/wp-content\/uploads\/2022\/04\/WhatsApp-Image-2022-04-10-at-18.43.02.jpeg\" \/>\n\t<meta property=\"og:image:width\" content=\"972\" \/>\n\t<meta property=\"og:image:height\" content=\"1296\" \/>\n\t<meta property=\"og:image:type\" content=\"image\/jpeg\" \/>\n<meta name=\"author\" content=\"ritanery\" \/>\n<meta name=\"twitter:card\" content=\"summary_large_image\" \/>\n<meta name=\"twitter:label1\" content=\"Escrito por\" \/>\n\t<meta name=\"twitter:data1\" content=\"ritanery\" \/>\n\t<meta name=\"twitter:label2\" content=\"Est. tempo de leitura\" \/>\n\t<meta name=\"twitter:data2\" content=\"4 minutos\" \/>\n<script type=\"application\/ld+json\" class=\"yoast-schema-graph\">{\"@context\":\"https:\/\/schema.org\",\"@graph\":[{\"@type\":\"Article\",\"@id\":\"https:\/\/radiolifefm.com.br\/noticias\/o-vicente-era-uma-daquelas-figurinhas-carimbadas-da-vila-margarida-em-ourinhos-sp-2\/#article\",\"isPartOf\":{\"@id\":\"https:\/\/radiolifefm.com.br\/noticias\/o-vicente-era-uma-daquelas-figurinhas-carimbadas-da-vila-margarida-em-ourinhos-sp-2\/\"},\"author\":{\"name\":\"ritanery\",\"@id\":\"https:\/\/radiolifefm.com.br\/noticias\/#\/schema\/person\/6339b9fac59d12b071dec680d7375d87\"},\"headline\":\"O VICENTE era uma daquelas \u201cfigurinhas carimbadas\u201d da Vila Margarida em OURINHOS-SP&#8230;\",\"datePublished\":\"2024-09-23T11:10:48+00:00\",\"dateModified\":\"2026-04-25T05:51:24+00:00\",\"mainEntityOfPage\":{\"@id\":\"https:\/\/radiolifefm.com.br\/noticias\/o-vicente-era-uma-daquelas-figurinhas-carimbadas-da-vila-margarida-em-ourinhos-sp-2\/\"},\"wordCount\":637,\"publisher\":{\"@id\":\"https:\/\/radiolifefm.com.br\/noticias\/#organization\"},\"image\":{\"@id\":\"https:\/\/radiolifefm.com.br\/noticias\/o-vicente-era-uma-daquelas-figurinhas-carimbadas-da-vila-margarida-em-ourinhos-sp-2\/#primaryimage\"},\"thumbnailUrl\":\"https:\/\/radiolifefm.com.br\/noticias\/wp-content\/uploads\/2022\/04\/WhatsApp-Image-2022-04-10-at-18.43.02.jpeg\",\"articleSection\":[\"Opini\u00e3o\"],\"inLanguage\":\"pt-BR\"},{\"@type\":\"WebPage\",\"@id\":\"https:\/\/radiolifefm.com.br\/noticias\/o-vicente-era-uma-daquelas-figurinhas-carimbadas-da-vila-margarida-em-ourinhos-sp-2\/\",\"url\":\"https:\/\/radiolifefm.com.br\/noticias\/o-vicente-era-uma-daquelas-figurinhas-carimbadas-da-vila-margarida-em-ourinhos-sp-2\/\",\"name\":\"O VICENTE era uma daquelas \u201cfigurinhas carimbadas\u201d da Vila Margarida em OURINHOS-SP... - R\u00e1dio Life FM\",\"isPartOf\":{\"@id\":\"https:\/\/radiolifefm.com.br\/noticias\/#website\"},\"primaryImageOfPage\":{\"@id\":\"https:\/\/radiolifefm.com.br\/noticias\/o-vicente-era-uma-daquelas-figurinhas-carimbadas-da-vila-margarida-em-ourinhos-sp-2\/#primaryimage\"},\"image\":{\"@id\":\"https:\/\/radiolifefm.com.br\/noticias\/o-vicente-era-uma-daquelas-figurinhas-carimbadas-da-vila-margarida-em-ourinhos-sp-2\/#primaryimage\"},\"thumbnailUrl\":\"https:\/\/radiolifefm.com.br\/noticias\/wp-content\/uploads\/2022\/04\/WhatsApp-Image-2022-04-10-at-18.43.02.jpeg\",\"datePublished\":\"2024-09-23T11:10:48+00:00\",\"dateModified\":\"2026-04-25T05:51:24+00:00\",\"breadcrumb\":{\"@id\":\"https:\/\/radiolifefm.com.br\/noticias\/o-vicente-era-uma-daquelas-figurinhas-carimbadas-da-vila-margarida-em-ourinhos-sp-2\/#breadcrumb\"},\"inLanguage\":\"pt-BR\",\"potentialAction\":[{\"@type\":\"ReadAction\",\"target\":[\"https:\/\/radiolifefm.com.br\/noticias\/o-vicente-era-uma-daquelas-figurinhas-carimbadas-da-vila-margarida-em-ourinhos-sp-2\/\"]}]},{\"@type\":\"ImageObject\",\"inLanguage\":\"pt-BR\",\"@id\":\"https:\/\/radiolifefm.com.br\/noticias\/o-vicente-era-uma-daquelas-figurinhas-carimbadas-da-vila-margarida-em-ourinhos-sp-2\/#primaryimage\",\"url\":\"https:\/\/radiolifefm.com.br\/noticias\/wp-content\/uploads\/2022\/04\/WhatsApp-Image-2022-04-10-at-18.43.02.jpeg\",\"contentUrl\":\"https:\/\/radiolifefm.com.br\/noticias\/wp-content\/uploads\/2022\/04\/WhatsApp-Image-2022-04-10-at-18.43.02.jpeg\",\"width\":972,\"height\":1296,\"caption\":\"S\u00e9rgio Barbosa\"},{\"@type\":\"BreadcrumbList\",\"@id\":\"https:\/\/radiolifefm.com.br\/noticias\/o-vicente-era-uma-daquelas-figurinhas-carimbadas-da-vila-margarida-em-ourinhos-sp-2\/#breadcrumb\",\"itemListElement\":[{\"@type\":\"ListItem\",\"position\":1,\"name\":\"In\u00edcio\",\"item\":\"https:\/\/radiolifefm.com.br\/noticias\/\"},{\"@type\":\"ListItem\",\"position\":2,\"name\":\"O VICENTE era uma daquelas \u201cfigurinhas carimbadas\u201d da Vila Margarida em OURINHOS-SP&#8230;\"}]},{\"@type\":\"WebSite\",\"@id\":\"https:\/\/radiolifefm.com.br\/noticias\/#website\",\"url\":\"https:\/\/radiolifefm.com.br\/noticias\/\",\"name\":\"R\u00e1dio Life FM\",\"description\":\"O Portal de Not\u00edcias de Adamantina\",\"publisher\":{\"@id\":\"https:\/\/radiolifefm.com.br\/noticias\/#organization\"},\"alternateName\":\"Life FM\",\"potentialAction\":[{\"@type\":\"SearchAction\",\"target\":{\"@type\":\"EntryPoint\",\"urlTemplate\":\"https:\/\/radiolifefm.com.br\/noticias\/?s={search_term_string}\"},\"query-input\":{\"@type\":\"PropertyValueSpecification\",\"valueRequired\":true,\"valueName\":\"search_term_string\"}}],\"inLanguage\":\"pt-BR\"},{\"@type\":\"Organization\",\"@id\":\"https:\/\/radiolifefm.com.br\/noticias\/#organization\",\"name\":\"R\u00e1dio Life FM\",\"alternateName\":\"Life FM\",\"url\":\"https:\/\/radiolifefm.com.br\/noticias\/\",\"logo\":{\"@type\":\"ImageObject\",\"inLanguage\":\"pt-BR\",\"@id\":\"https:\/\/radiolifefm.com.br\/noticias\/#\/schema\/logo\/image\/\",\"url\":\"https:\/\/static.radiolifefm.com.br\/noticias\/wp-content\/uploads\/2019\/10\/logo-lifefm.png\",\"contentUrl\":\"https:\/\/static.radiolifefm.com.br\/noticias\/wp-content\/uploads\/2019\/10\/logo-lifefm.png\",\"width\":196,\"height\":47,\"caption\":\"R\u00e1dio Life FM\"},\"image\":{\"@id\":\"https:\/\/radiolifefm.com.br\/noticias\/#\/schema\/logo\/image\/\"},\"sameAs\":[\"https:\/\/www.facebook.com\/radiolifefm\/\",\"https:\/\/www.instagram.com\/life1079fm\/\"]},{\"@type\":\"Person\",\"@id\":\"https:\/\/radiolifefm.com.br\/noticias\/#\/schema\/person\/6339b9fac59d12b071dec680d7375d87\",\"name\":\"ritanery\",\"image\":{\"@type\":\"ImageObject\",\"inLanguage\":\"pt-BR\",\"@id\":\"https:\/\/secure.gravatar.com\/avatar\/0e37bb19071f47c0b8a23f62a903df117c5a0e75f65a0c2901562f97cd41cf86?s=96&d=mm&r=g\",\"url\":\"https:\/\/secure.gravatar.com\/avatar\/0e37bb19071f47c0b8a23f62a903df117c5a0e75f65a0c2901562f97cd41cf86?s=96&d=mm&r=g\",\"contentUrl\":\"https:\/\/secure.gravatar.com\/avatar\/0e37bb19071f47c0b8a23f62a903df117c5a0e75f65a0c2901562f97cd41cf86?s=96&d=mm&r=g\",\"caption\":\"ritanery\"}}]}<\/script>\n<!-- \/ Yoast SEO plugin. -->","yoast_head_json":{"title":"O VICENTE era uma daquelas \u201cfigurinhas carimbadas\u201d da Vila Margarida em OURINHOS-SP... - R\u00e1dio Life FM","robots":{"index":"index","follow":"follow","max-snippet":"max-snippet:-1","max-image-preview":"max-image-preview:large","max-video-preview":"max-video-preview:-1"},"canonical":"https:\/\/radiolifefm.com.br\/noticias\/o-vicente-era-uma-daquelas-figurinhas-carimbadas-da-vila-margarida-em-ourinhos-sp-2\/","og_locale":"pt_BR","og_type":"article","og_title":"O VICENTE era uma daquelas \u201cfigurinhas carimbadas\u201d da Vila Margarida em OURINHOS-SP... - R\u00e1dio Life FM","og_description":"\u201cForam tantas brincadeiras, tantas conversas, tantas risadas e olhe agora. Nem conversamos mais.\u201d (Caio Fernando Abreu) &nbsp; By seb@r. Aos AMIGOS do outro tempo do tempo da Vila Margarida, dedico! Nestes \u00faltimos dias, fiquei pensando aqui com os meus BOT\u00d5ES que o tal do VICENTE s mandou sem muitas despedidas e sumiu do outro lado [&hellip;]","og_url":"https:\/\/radiolifefm.com.br\/noticias\/o-vicente-era-uma-daquelas-figurinhas-carimbadas-da-vila-margarida-em-ourinhos-sp-2\/","og_site_name":"R\u00e1dio Life FM","article_publisher":"https:\/\/www.facebook.com\/radiolifefm\/","article_published_time":"2024-09-23T11:10:48+00:00","article_modified_time":"2026-04-25T05:51:24+00:00","og_image":[{"width":972,"height":1296,"url":"https:\/\/radiolifefm.com.br\/noticias\/wp-content\/uploads\/2022\/04\/WhatsApp-Image-2022-04-10-at-18.43.02.jpeg","type":"image\/jpeg"}],"author":"ritanery","twitter_card":"summary_large_image","twitter_misc":{"Escrito por":"ritanery","Est. tempo de leitura":"4 minutos"},"schema":{"@context":"https:\/\/schema.org","@graph":[{"@type":"Article","@id":"https:\/\/radiolifefm.com.br\/noticias\/o-vicente-era-uma-daquelas-figurinhas-carimbadas-da-vila-margarida-em-ourinhos-sp-2\/#article","isPartOf":{"@id":"https:\/\/radiolifefm.com.br\/noticias\/o-vicente-era-uma-daquelas-figurinhas-carimbadas-da-vila-margarida-em-ourinhos-sp-2\/"},"author":{"name":"ritanery","@id":"https:\/\/radiolifefm.com.br\/noticias\/#\/schema\/person\/6339b9fac59d12b071dec680d7375d87"},"headline":"O VICENTE era uma daquelas \u201cfigurinhas carimbadas\u201d da Vila Margarida em OURINHOS-SP&#8230;","datePublished":"2024-09-23T11:10:48+00:00","dateModified":"2026-04-25T05:51:24+00:00","mainEntityOfPage":{"@id":"https:\/\/radiolifefm.com.br\/noticias\/o-vicente-era-uma-daquelas-figurinhas-carimbadas-da-vila-margarida-em-ourinhos-sp-2\/"},"wordCount":637,"publisher":{"@id":"https:\/\/radiolifefm.com.br\/noticias\/#organization"},"image":{"@id":"https:\/\/radiolifefm.com.br\/noticias\/o-vicente-era-uma-daquelas-figurinhas-carimbadas-da-vila-margarida-em-ourinhos-sp-2\/#primaryimage"},"thumbnailUrl":"https:\/\/radiolifefm.com.br\/noticias\/wp-content\/uploads\/2022\/04\/WhatsApp-Image-2022-04-10-at-18.43.02.jpeg","articleSection":["Opini\u00e3o"],"inLanguage":"pt-BR"},{"@type":"WebPage","@id":"https:\/\/radiolifefm.com.br\/noticias\/o-vicente-era-uma-daquelas-figurinhas-carimbadas-da-vila-margarida-em-ourinhos-sp-2\/","url":"https:\/\/radiolifefm.com.br\/noticias\/o-vicente-era-uma-daquelas-figurinhas-carimbadas-da-vila-margarida-em-ourinhos-sp-2\/","name":"O VICENTE era uma daquelas \u201cfigurinhas carimbadas\u201d da Vila Margarida em OURINHOS-SP... - R\u00e1dio Life FM","isPartOf":{"@id":"https:\/\/radiolifefm.com.br\/noticias\/#website"},"primaryImageOfPage":{"@id":"https:\/\/radiolifefm.com.br\/noticias\/o-vicente-era-uma-daquelas-figurinhas-carimbadas-da-vila-margarida-em-ourinhos-sp-2\/#primaryimage"},"image":{"@id":"https:\/\/radiolifefm.com.br\/noticias\/o-vicente-era-uma-daquelas-figurinhas-carimbadas-da-vila-margarida-em-ourinhos-sp-2\/#primaryimage"},"thumbnailUrl":"https:\/\/radiolifefm.com.br\/noticias\/wp-content\/uploads\/2022\/04\/WhatsApp-Image-2022-04-10-at-18.43.02.jpeg","datePublished":"2024-09-23T11:10:48+00:00","dateModified":"2026-04-25T05:51:24+00:00","breadcrumb":{"@id":"https:\/\/radiolifefm.com.br\/noticias\/o-vicente-era-uma-daquelas-figurinhas-carimbadas-da-vila-margarida-em-ourinhos-sp-2\/#breadcrumb"},"inLanguage":"pt-BR","potentialAction":[{"@type":"ReadAction","target":["https:\/\/radiolifefm.com.br\/noticias\/o-vicente-era-uma-daquelas-figurinhas-carimbadas-da-vila-margarida-em-ourinhos-sp-2\/"]}]},{"@type":"ImageObject","inLanguage":"pt-BR","@id":"https:\/\/radiolifefm.com.br\/noticias\/o-vicente-era-uma-daquelas-figurinhas-carimbadas-da-vila-margarida-em-ourinhos-sp-2\/#primaryimage","url":"https:\/\/radiolifefm.com.br\/noticias\/wp-content\/uploads\/2022\/04\/WhatsApp-Image-2022-04-10-at-18.43.02.jpeg","contentUrl":"https:\/\/radiolifefm.com.br\/noticias\/wp-content\/uploads\/2022\/04\/WhatsApp-Image-2022-04-10-at-18.43.02.jpeg","width":972,"height":1296,"caption":"S\u00e9rgio Barbosa"},{"@type":"BreadcrumbList","@id":"https:\/\/radiolifefm.com.br\/noticias\/o-vicente-era-uma-daquelas-figurinhas-carimbadas-da-vila-margarida-em-ourinhos-sp-2\/#breadcrumb","itemListElement":[{"@type":"ListItem","position":1,"name":"In\u00edcio","item":"https:\/\/radiolifefm.com.br\/noticias\/"},{"@type":"ListItem","position":2,"name":"O VICENTE era uma daquelas \u201cfigurinhas carimbadas\u201d da Vila Margarida em OURINHOS-SP&#8230;"}]},{"@type":"WebSite","@id":"https:\/\/radiolifefm.com.br\/noticias\/#website","url":"https:\/\/radiolifefm.com.br\/noticias\/","name":"R\u00e1dio Life FM","description":"O Portal de Not\u00edcias de Adamantina","publisher":{"@id":"https:\/\/radiolifefm.com.br\/noticias\/#organization"},"alternateName":"Life FM","potentialAction":[{"@type":"SearchAction","target":{"@type":"EntryPoint","urlTemplate":"https:\/\/radiolifefm.com.br\/noticias\/?s={search_term_string}"},"query-input":{"@type":"PropertyValueSpecification","valueRequired":true,"valueName":"search_term_string"}}],"inLanguage":"pt-BR"},{"@type":"Organization","@id":"https:\/\/radiolifefm.com.br\/noticias\/#organization","name":"R\u00e1dio Life FM","alternateName":"Life FM","url":"https:\/\/radiolifefm.com.br\/noticias\/","logo":{"@type":"ImageObject","inLanguage":"pt-BR","@id":"https:\/\/radiolifefm.com.br\/noticias\/#\/schema\/logo\/image\/","url":"https:\/\/static.radiolifefm.com.br\/noticias\/wp-content\/uploads\/2019\/10\/logo-lifefm.png","contentUrl":"https:\/\/static.radiolifefm.com.br\/noticias\/wp-content\/uploads\/2019\/10\/logo-lifefm.png","width":196,"height":47,"caption":"R\u00e1dio Life FM"},"image":{"@id":"https:\/\/radiolifefm.com.br\/noticias\/#\/schema\/logo\/image\/"},"sameAs":["https:\/\/www.facebook.com\/radiolifefm\/","https:\/\/www.instagram.com\/life1079fm\/"]},{"@type":"Person","@id":"https:\/\/radiolifefm.com.br\/noticias\/#\/schema\/person\/6339b9fac59d12b071dec680d7375d87","name":"ritanery","image":{"@type":"ImageObject","inLanguage":"pt-BR","@id":"https:\/\/secure.gravatar.com\/avatar\/0e37bb19071f47c0b8a23f62a903df117c5a0e75f65a0c2901562f97cd41cf86?s=96&d=mm&r=g","url":"https:\/\/secure.gravatar.com\/avatar\/0e37bb19071f47c0b8a23f62a903df117c5a0e75f65a0c2901562f97cd41cf86?s=96&d=mm&r=g","contentUrl":"https:\/\/secure.gravatar.com\/avatar\/0e37bb19071f47c0b8a23f62a903df117c5a0e75f65a0c2901562f97cd41cf86?s=96&d=mm&r=g","caption":"ritanery"}}]}},"amp_enabled":true,"_links":{"self":[{"href":"https:\/\/radiolifefm.com.br\/noticias\/wp-json\/wp\/v2\/posts\/93141","targetHints":{"allow":["GET"]}}],"collection":[{"href":"https:\/\/radiolifefm.com.br\/noticias\/wp-json\/wp\/v2\/posts"}],"about":[{"href":"https:\/\/radiolifefm.com.br\/noticias\/wp-json\/wp\/v2\/types\/post"}],"author":[{"embeddable":true,"href":"https:\/\/radiolifefm.com.br\/noticias\/wp-json\/wp\/v2\/users\/13"}],"replies":[{"embeddable":true,"href":"https:\/\/radiolifefm.com.br\/noticias\/wp-json\/wp\/v2\/comments?post=93141"}],"version-history":[{"count":1,"href":"https:\/\/radiolifefm.com.br\/noticias\/wp-json\/wp\/v2\/posts\/93141\/revisions"}],"predecessor-version":[{"id":93142,"href":"https:\/\/radiolifefm.com.br\/noticias\/wp-json\/wp\/v2\/posts\/93141\/revisions\/93142"}],"wp:featuredmedia":[{"embeddable":true,"href":"https:\/\/radiolifefm.com.br\/noticias\/wp-json\/wp\/v2\/media\/51988"}],"wp:attachment":[{"href":"https:\/\/radiolifefm.com.br\/noticias\/wp-json\/wp\/v2\/media?parent=93141"}],"wp:term":[{"taxonomy":"category","embeddable":true,"href":"https:\/\/radiolifefm.com.br\/noticias\/wp-json\/wp\/v2\/categories?post=93141"},{"taxonomy":"post_tag","embeddable":true,"href":"https:\/\/radiolifefm.com.br\/noticias\/wp-json\/wp\/v2\/tags?post=93141"}],"curies":[{"name":"wp","href":"https:\/\/api.w.org\/{rel}","templated":true}]}}