{"id":93061,"date":"2024-09-20T08:07:04","date_gmt":"2024-09-20T11:07:04","guid":{"rendered":"https:\/\/radiolifefm.com.br\/noticias\/?p=93061"},"modified":"2026-04-03T07:33:09","modified_gmt":"2026-04-03T10:33:09","slug":"nesta-provincia-que-esta-alem-do-faz-de-conta","status":"publish","type":"post","link":"https:\/\/radiolifefm.com.br\/noticias\/nesta-provincia-que-esta-alem-do-faz-de-conta\/","title":{"rendered":"Nesta PROV\u00cdNCIA que est\u00e1 al\u00e9m do FAZ DE CONTA&#8230;"},"content":{"rendered":"<div id=\"fb-root\"><\/div>\n<p><strong><em>\u201cO trabalho dos dominadores \u00e9 dividir os dominados.\u201d (Pierre Bourdieu)<\/em><\/strong><\/p>\n<p><strong><em>\u201cSua m\u00e1scara um dia vai cair. Afinal, toda cobra troca de pele<\/em><\/strong><strong><em>.\u201d (<\/em><\/strong><a href=\"https:\/\/www.pensador.com\/autor\/tumblr\/\"><strong><em>Tumblr<\/em><\/strong><\/a><strong><em>)<\/em><\/strong><\/p>\n<p><strong><em>\u00a0<\/em><\/strong><\/p>\n<p><strong>By seb@r.<\/strong><\/p>\n<p>Pelo jeito que as coisas est\u00e3o andando nos quatro cantos PROVINCIANOS, isso \u00e9, quanto as IDAS com poucas VINDAS das ditas CAMPANHAS POL\u00cdTICAS, deve-se registrar que tudo, ainda, pode ocorrer daqui pra frente&#8230;<\/p>\n<p>Quanto as tais PESQUISAS que foram publicadas e divulgadas pela M\u00cdDIA local, bem como, PLATAFORMAS DIGITAIS, deve-se considerar que TODO CUIDADO \u00c9 POUCO com os n\u00fameros apresentados de um lado ou do outro&#8230;<\/p>\n<p>Por\u00e9m, como sempre, o que vale mesmo \u00e9 o dia da ELEI\u00c7\u00c3O com o VOTO dos\/as ELEITORES\/AS nos\/as candidatos\/as escolhidos para o LEGISLATIVO, bem como, EXECUTIVO PROVINCIANO e ponto quase final&#8230;<\/p>\n<p>Tamb\u00e9m, continuam as mesmas PROMESSAS de sempre, portanto, como diz o velho dito popular, a saber: MUDAM AS MOSCAS, MAS A M&#8230; \u00c9 SEMPRE A MESMA&#8230;<\/p>\n<p>Todavia, depois de OITO LONGOS ANOS com a mesmice da GEST\u00c3O PINOQUIANA, acredito que chegou a HORA de VIRAR O JOGO de um jeito ou de outro, haja vista que o DITO CUJO perdeu o RUMO nesta PROV\u00cdNCIA DO FAZ DE CONTA faz alguns anos&#8230;<\/p>\n<p>No mais em meio ao tudo de menos, s\u00e3o sempre os SUJOS falando dos MAUS LAVADOS e vice-versa, por\u00e9m, n\u00e3o se pode esquecer que do outro lado deste JOGO VICIADO, encontra-se as PAREDES ALVAS que faz parte deste CEN\u00c1RIO POL\u00cdTICO, talvez mais para o lado denominado de POLITIQUEIRO&#8230;<\/p>\n<p>Mesmo assim, cada qual deve saber qual ser\u00e1 a sua ESCOLHA para o EXECUTIVO, considerando que para o LEGISLATIVO PROVINCIANO, o cen\u00e1rio est\u00e1 mais para a denominada CORRIDA MALUCA com muitos\/as candidatos\/as e apenas NOVE VAGAS dispon\u00edveis&#8230;<\/p>\n<p>Neste CONTEXTO PLURAL, por\u00e9m, deve-se considerar que est\u00e1 mais para o SINGULAR, pode prevalecer depois da VOTA\u00c7AO quanto aos ESCOLHIDOS, aquele outro dito que continua mais atual do que nunca, a saber: SE VOC\u00ca PENSA QUE T\u00c1 RUIM, PODE PIORAR&#8230;<\/p>\n<p>Mas, tamb\u00e9m, pode-se ter uma SURPRESA quanto ao NOVO LEGISLATIVO, mesmo assim, pode ser que SIM, ainda, pode ser que N\u00c3O, tamb\u00e9m, MUITO PELO CONTR\u00c1RIO&#8230;<\/p>\n<p>Por isso e mais aquilo, NADA COMO UM DIA DEPOIS DO OUTRO, desta forma, a melhor OP\u00c7\u00c3O, ainda, \u00e9 dar TEMPO AO TEMPO neste TEMPO NOVO TEMPO que se chama hoje&#8230;<\/p>\n<p>QUEM SOBREVIVER VAI SABER&#8230;<\/p>\n<p>&nbsp;<\/p>\n<p>&nbsp;<\/p>\n<p><strong><u>e-mail: barbosa.sebar@gmail.com<\/u><\/strong><\/p>\n<p>&nbsp;<\/p>\n","protected":false},"excerpt":{"rendered":"<p>\u201cO trabalho dos dominadores \u00e9 dividir os dominados.\u201d (Pierre Bourdieu) \u201cSua m\u00e1scara um dia vai cair. Afinal, toda cobra troca de pele.\u201d (Tumblr) \u00a0 By seb@r. Pelo jeito que as coisas est\u00e3o andando nos quatro cantos PROVINCIANOS, isso \u00e9, quanto as IDAS com poucas VINDAS das ditas CAMPANHAS POL\u00cdTICAS, deve-se registrar que tudo, ainda, pode [&hellip;]<\/p>\n","protected":false},"author":13,"featured_media":51988,"comment_status":"closed","ping_status":"open","sticky":false,"template":"","format":"standard","meta":{"_acf_changed":false,"_exactmetrics_skip_tracking":false,"_exactmetrics_sitenote_active":false,"_exactmetrics_sitenote_note":"","_exactmetrics_sitenote_category":0,"footnotes":""},"categories":[59],"tags":[],"class_list":["post-93061","post","type-post","status-publish","format-standard","has-post-thumbnail","hentry","category-opiniao"],"acf":[],"yoast_head":"<!-- This site is optimized with the Yoast SEO plugin v27.2 - https:\/\/yoast.com\/product\/yoast-seo-wordpress\/ -->\n<title>Nesta PROV\u00cdNCIA que est\u00e1 al\u00e9m do FAZ DE CONTA... - R\u00e1dio Life FM<\/title>\n<meta name=\"robots\" content=\"index, follow, max-snippet:-1, max-image-preview:large, max-video-preview:-1\" \/>\n<link rel=\"canonical\" href=\"https:\/\/radiolifefm.com.br\/noticias\/nesta-provincia-que-esta-alem-do-faz-de-conta\/\" \/>\n<meta property=\"og:locale\" content=\"pt_BR\" \/>\n<meta property=\"og:type\" content=\"article\" \/>\n<meta property=\"og:title\" content=\"Nesta PROV\u00cdNCIA que est\u00e1 al\u00e9m do FAZ DE CONTA... - R\u00e1dio Life FM\" \/>\n<meta property=\"og:description\" content=\"\u201cO trabalho dos dominadores \u00e9 dividir os dominados.\u201d (Pierre Bourdieu) \u201cSua m\u00e1scara um dia vai cair. Afinal, toda cobra troca de pele.\u201d (Tumblr) \u00a0 By seb@r. Pelo jeito que as coisas est\u00e3o andando nos quatro cantos PROVINCIANOS, isso \u00e9, quanto as IDAS com poucas VINDAS das ditas CAMPANHAS POL\u00cdTICAS, deve-se registrar que tudo, ainda, pode [&hellip;]\" \/>\n<meta property=\"og:url\" content=\"https:\/\/radiolifefm.com.br\/noticias\/nesta-provincia-que-esta-alem-do-faz-de-conta\/\" \/>\n<meta property=\"og:site_name\" content=\"R\u00e1dio Life FM\" \/>\n<meta property=\"article:publisher\" content=\"https:\/\/www.facebook.com\/radiolifefm\/\" \/>\n<meta property=\"article:published_time\" content=\"2024-09-20T11:07:04+00:00\" \/>\n<meta property=\"article:modified_time\" content=\"2026-04-03T10:33:09+00:00\" \/>\n<meta property=\"og:image\" content=\"https:\/\/radiolifefm.com.br\/noticias\/wp-content\/uploads\/2022\/04\/WhatsApp-Image-2022-04-10-at-18.43.02.jpeg\" \/>\n\t<meta property=\"og:image:width\" content=\"972\" \/>\n\t<meta property=\"og:image:height\" content=\"1296\" \/>\n\t<meta property=\"og:image:type\" content=\"image\/jpeg\" \/>\n<meta name=\"author\" content=\"ritanery\" \/>\n<meta name=\"twitter:card\" content=\"summary_large_image\" \/>\n<meta name=\"twitter:label1\" content=\"Escrito por\" \/>\n\t<meta name=\"twitter:data1\" content=\"ritanery\" \/>\n\t<meta name=\"twitter:label2\" content=\"Est. tempo de leitura\" \/>\n\t<meta name=\"twitter:data2\" content=\"3 minutos\" \/>\n<script type=\"application\/ld+json\" class=\"yoast-schema-graph\">{\"@context\":\"https:\/\/schema.org\",\"@graph\":[{\"@type\":\"Article\",\"@id\":\"https:\/\/radiolifefm.com.br\/noticias\/nesta-provincia-que-esta-alem-do-faz-de-conta\/#article\",\"isPartOf\":{\"@id\":\"https:\/\/radiolifefm.com.br\/noticias\/nesta-provincia-que-esta-alem-do-faz-de-conta\/\"},\"author\":{\"name\":\"ritanery\",\"@id\":\"https:\/\/radiolifefm.com.br\/noticias\/#\/schema\/person\/6339b9fac59d12b071dec680d7375d87\"},\"headline\":\"Nesta PROV\u00cdNCIA que est\u00e1 al\u00e9m do FAZ DE CONTA&#8230;\",\"datePublished\":\"2024-09-20T11:07:04+00:00\",\"dateModified\":\"2026-04-03T10:33:09+00:00\",\"mainEntityOfPage\":{\"@id\":\"https:\/\/radiolifefm.com.br\/noticias\/nesta-provincia-que-esta-alem-do-faz-de-conta\/\"},\"wordCount\":422,\"publisher\":{\"@id\":\"https:\/\/radiolifefm.com.br\/noticias\/#organization\"},\"image\":{\"@id\":\"https:\/\/radiolifefm.com.br\/noticias\/nesta-provincia-que-esta-alem-do-faz-de-conta\/#primaryimage\"},\"thumbnailUrl\":\"https:\/\/radiolifefm.com.br\/noticias\/wp-content\/uploads\/2022\/04\/WhatsApp-Image-2022-04-10-at-18.43.02.jpeg\",\"articleSection\":[\"Opini\u00e3o\"],\"inLanguage\":\"pt-BR\"},{\"@type\":\"WebPage\",\"@id\":\"https:\/\/radiolifefm.com.br\/noticias\/nesta-provincia-que-esta-alem-do-faz-de-conta\/\",\"url\":\"https:\/\/radiolifefm.com.br\/noticias\/nesta-provincia-que-esta-alem-do-faz-de-conta\/\",\"name\":\"Nesta PROV\u00cdNCIA que est\u00e1 al\u00e9m do FAZ DE CONTA... - R\u00e1dio Life FM\",\"isPartOf\":{\"@id\":\"https:\/\/radiolifefm.com.br\/noticias\/#website\"},\"primaryImageOfPage\":{\"@id\":\"https:\/\/radiolifefm.com.br\/noticias\/nesta-provincia-que-esta-alem-do-faz-de-conta\/#primaryimage\"},\"image\":{\"@id\":\"https:\/\/radiolifefm.com.br\/noticias\/nesta-provincia-que-esta-alem-do-faz-de-conta\/#primaryimage\"},\"thumbnailUrl\":\"https:\/\/radiolifefm.com.br\/noticias\/wp-content\/uploads\/2022\/04\/WhatsApp-Image-2022-04-10-at-18.43.02.jpeg\",\"datePublished\":\"2024-09-20T11:07:04+00:00\",\"dateModified\":\"2026-04-03T10:33:09+00:00\",\"breadcrumb\":{\"@id\":\"https:\/\/radiolifefm.com.br\/noticias\/nesta-provincia-que-esta-alem-do-faz-de-conta\/#breadcrumb\"},\"inLanguage\":\"pt-BR\",\"potentialAction\":[{\"@type\":\"ReadAction\",\"target\":[\"https:\/\/radiolifefm.com.br\/noticias\/nesta-provincia-que-esta-alem-do-faz-de-conta\/\"]}]},{\"@type\":\"ImageObject\",\"inLanguage\":\"pt-BR\",\"@id\":\"https:\/\/radiolifefm.com.br\/noticias\/nesta-provincia-que-esta-alem-do-faz-de-conta\/#primaryimage\",\"url\":\"https:\/\/radiolifefm.com.br\/noticias\/wp-content\/uploads\/2022\/04\/WhatsApp-Image-2022-04-10-at-18.43.02.jpeg\",\"contentUrl\":\"https:\/\/radiolifefm.com.br\/noticias\/wp-content\/uploads\/2022\/04\/WhatsApp-Image-2022-04-10-at-18.43.02.jpeg\",\"width\":972,\"height\":1296,\"caption\":\"S\u00e9rgio Barbosa\"},{\"@type\":\"BreadcrumbList\",\"@id\":\"https:\/\/radiolifefm.com.br\/noticias\/nesta-provincia-que-esta-alem-do-faz-de-conta\/#breadcrumb\",\"itemListElement\":[{\"@type\":\"ListItem\",\"position\":1,\"name\":\"In\u00edcio\",\"item\":\"https:\/\/radiolifefm.com.br\/noticias\/\"},{\"@type\":\"ListItem\",\"position\":2,\"name\":\"Nesta PROV\u00cdNCIA que est\u00e1 al\u00e9m do FAZ DE CONTA&#8230;\"}]},{\"@type\":\"WebSite\",\"@id\":\"https:\/\/radiolifefm.com.br\/noticias\/#website\",\"url\":\"https:\/\/radiolifefm.com.br\/noticias\/\",\"name\":\"R\u00e1dio Life FM\",\"description\":\"O Portal de Not\u00edcias de Adamantina\",\"publisher\":{\"@id\":\"https:\/\/radiolifefm.com.br\/noticias\/#organization\"},\"alternateName\":\"Life FM\",\"potentialAction\":[{\"@type\":\"SearchAction\",\"target\":{\"@type\":\"EntryPoint\",\"urlTemplate\":\"https:\/\/radiolifefm.com.br\/noticias\/?s={search_term_string}\"},\"query-input\":{\"@type\":\"PropertyValueSpecification\",\"valueRequired\":true,\"valueName\":\"search_term_string\"}}],\"inLanguage\":\"pt-BR\"},{\"@type\":\"Organization\",\"@id\":\"https:\/\/radiolifefm.com.br\/noticias\/#organization\",\"name\":\"R\u00e1dio Life FM\",\"alternateName\":\"Life FM\",\"url\":\"https:\/\/radiolifefm.com.br\/noticias\/\",\"logo\":{\"@type\":\"ImageObject\",\"inLanguage\":\"pt-BR\",\"@id\":\"https:\/\/radiolifefm.com.br\/noticias\/#\/schema\/logo\/image\/\",\"url\":\"https:\/\/static.radiolifefm.com.br\/noticias\/wp-content\/uploads\/2019\/10\/logo-lifefm.png\",\"contentUrl\":\"https:\/\/static.radiolifefm.com.br\/noticias\/wp-content\/uploads\/2019\/10\/logo-lifefm.png\",\"width\":196,\"height\":47,\"caption\":\"R\u00e1dio Life FM\"},\"image\":{\"@id\":\"https:\/\/radiolifefm.com.br\/noticias\/#\/schema\/logo\/image\/\"},\"sameAs\":[\"https:\/\/www.facebook.com\/radiolifefm\/\",\"https:\/\/www.instagram.com\/life1079fm\/\"]},{\"@type\":\"Person\",\"@id\":\"https:\/\/radiolifefm.com.br\/noticias\/#\/schema\/person\/6339b9fac59d12b071dec680d7375d87\",\"name\":\"ritanery\",\"image\":{\"@type\":\"ImageObject\",\"inLanguage\":\"pt-BR\",\"@id\":\"https:\/\/secure.gravatar.com\/avatar\/0e37bb19071f47c0b8a23f62a903df117c5a0e75f65a0c2901562f97cd41cf86?s=96&d=mm&r=g\",\"url\":\"https:\/\/secure.gravatar.com\/avatar\/0e37bb19071f47c0b8a23f62a903df117c5a0e75f65a0c2901562f97cd41cf86?s=96&d=mm&r=g\",\"contentUrl\":\"https:\/\/secure.gravatar.com\/avatar\/0e37bb19071f47c0b8a23f62a903df117c5a0e75f65a0c2901562f97cd41cf86?s=96&d=mm&r=g\",\"caption\":\"ritanery\"}}]}<\/script>\n<!-- \/ Yoast SEO plugin. -->","yoast_head_json":{"title":"Nesta PROV\u00cdNCIA que est\u00e1 al\u00e9m do FAZ DE CONTA... - R\u00e1dio Life FM","robots":{"index":"index","follow":"follow","max-snippet":"max-snippet:-1","max-image-preview":"max-image-preview:large","max-video-preview":"max-video-preview:-1"},"canonical":"https:\/\/radiolifefm.com.br\/noticias\/nesta-provincia-que-esta-alem-do-faz-de-conta\/","og_locale":"pt_BR","og_type":"article","og_title":"Nesta PROV\u00cdNCIA que est\u00e1 al\u00e9m do FAZ DE CONTA... - R\u00e1dio Life FM","og_description":"\u201cO trabalho dos dominadores \u00e9 dividir os dominados.\u201d (Pierre Bourdieu) \u201cSua m\u00e1scara um dia vai cair. Afinal, toda cobra troca de pele.\u201d (Tumblr) \u00a0 By seb@r. Pelo jeito que as coisas est\u00e3o andando nos quatro cantos PROVINCIANOS, isso \u00e9, quanto as IDAS com poucas VINDAS das ditas CAMPANHAS POL\u00cdTICAS, deve-se registrar que tudo, ainda, pode [&hellip;]","og_url":"https:\/\/radiolifefm.com.br\/noticias\/nesta-provincia-que-esta-alem-do-faz-de-conta\/","og_site_name":"R\u00e1dio Life FM","article_publisher":"https:\/\/www.facebook.com\/radiolifefm\/","article_published_time":"2024-09-20T11:07:04+00:00","article_modified_time":"2026-04-03T10:33:09+00:00","og_image":[{"width":972,"height":1296,"url":"https:\/\/radiolifefm.com.br\/noticias\/wp-content\/uploads\/2022\/04\/WhatsApp-Image-2022-04-10-at-18.43.02.jpeg","type":"image\/jpeg"}],"author":"ritanery","twitter_card":"summary_large_image","twitter_misc":{"Escrito por":"ritanery","Est. tempo de leitura":"3 minutos"},"schema":{"@context":"https:\/\/schema.org","@graph":[{"@type":"Article","@id":"https:\/\/radiolifefm.com.br\/noticias\/nesta-provincia-que-esta-alem-do-faz-de-conta\/#article","isPartOf":{"@id":"https:\/\/radiolifefm.com.br\/noticias\/nesta-provincia-que-esta-alem-do-faz-de-conta\/"},"author":{"name":"ritanery","@id":"https:\/\/radiolifefm.com.br\/noticias\/#\/schema\/person\/6339b9fac59d12b071dec680d7375d87"},"headline":"Nesta PROV\u00cdNCIA que est\u00e1 al\u00e9m do FAZ DE CONTA&#8230;","datePublished":"2024-09-20T11:07:04+00:00","dateModified":"2026-04-03T10:33:09+00:00","mainEntityOfPage":{"@id":"https:\/\/radiolifefm.com.br\/noticias\/nesta-provincia-que-esta-alem-do-faz-de-conta\/"},"wordCount":422,"publisher":{"@id":"https:\/\/radiolifefm.com.br\/noticias\/#organization"},"image":{"@id":"https:\/\/radiolifefm.com.br\/noticias\/nesta-provincia-que-esta-alem-do-faz-de-conta\/#primaryimage"},"thumbnailUrl":"https:\/\/radiolifefm.com.br\/noticias\/wp-content\/uploads\/2022\/04\/WhatsApp-Image-2022-04-10-at-18.43.02.jpeg","articleSection":["Opini\u00e3o"],"inLanguage":"pt-BR"},{"@type":"WebPage","@id":"https:\/\/radiolifefm.com.br\/noticias\/nesta-provincia-que-esta-alem-do-faz-de-conta\/","url":"https:\/\/radiolifefm.com.br\/noticias\/nesta-provincia-que-esta-alem-do-faz-de-conta\/","name":"Nesta PROV\u00cdNCIA que est\u00e1 al\u00e9m do FAZ DE CONTA... - R\u00e1dio Life FM","isPartOf":{"@id":"https:\/\/radiolifefm.com.br\/noticias\/#website"},"primaryImageOfPage":{"@id":"https:\/\/radiolifefm.com.br\/noticias\/nesta-provincia-que-esta-alem-do-faz-de-conta\/#primaryimage"},"image":{"@id":"https:\/\/radiolifefm.com.br\/noticias\/nesta-provincia-que-esta-alem-do-faz-de-conta\/#primaryimage"},"thumbnailUrl":"https:\/\/radiolifefm.com.br\/noticias\/wp-content\/uploads\/2022\/04\/WhatsApp-Image-2022-04-10-at-18.43.02.jpeg","datePublished":"2024-09-20T11:07:04+00:00","dateModified":"2026-04-03T10:33:09+00:00","breadcrumb":{"@id":"https:\/\/radiolifefm.com.br\/noticias\/nesta-provincia-que-esta-alem-do-faz-de-conta\/#breadcrumb"},"inLanguage":"pt-BR","potentialAction":[{"@type":"ReadAction","target":["https:\/\/radiolifefm.com.br\/noticias\/nesta-provincia-que-esta-alem-do-faz-de-conta\/"]}]},{"@type":"ImageObject","inLanguage":"pt-BR","@id":"https:\/\/radiolifefm.com.br\/noticias\/nesta-provincia-que-esta-alem-do-faz-de-conta\/#primaryimage","url":"https:\/\/radiolifefm.com.br\/noticias\/wp-content\/uploads\/2022\/04\/WhatsApp-Image-2022-04-10-at-18.43.02.jpeg","contentUrl":"https:\/\/radiolifefm.com.br\/noticias\/wp-content\/uploads\/2022\/04\/WhatsApp-Image-2022-04-10-at-18.43.02.jpeg","width":972,"height":1296,"caption":"S\u00e9rgio Barbosa"},{"@type":"BreadcrumbList","@id":"https:\/\/radiolifefm.com.br\/noticias\/nesta-provincia-que-esta-alem-do-faz-de-conta\/#breadcrumb","itemListElement":[{"@type":"ListItem","position":1,"name":"In\u00edcio","item":"https:\/\/radiolifefm.com.br\/noticias\/"},{"@type":"ListItem","position":2,"name":"Nesta PROV\u00cdNCIA que est\u00e1 al\u00e9m do FAZ DE CONTA&#8230;"}]},{"@type":"WebSite","@id":"https:\/\/radiolifefm.com.br\/noticias\/#website","url":"https:\/\/radiolifefm.com.br\/noticias\/","name":"R\u00e1dio Life FM","description":"O Portal de Not\u00edcias de Adamantina","publisher":{"@id":"https:\/\/radiolifefm.com.br\/noticias\/#organization"},"alternateName":"Life FM","potentialAction":[{"@type":"SearchAction","target":{"@type":"EntryPoint","urlTemplate":"https:\/\/radiolifefm.com.br\/noticias\/?s={search_term_string}"},"query-input":{"@type":"PropertyValueSpecification","valueRequired":true,"valueName":"search_term_string"}}],"inLanguage":"pt-BR"},{"@type":"Organization","@id":"https:\/\/radiolifefm.com.br\/noticias\/#organization","name":"R\u00e1dio Life FM","alternateName":"Life FM","url":"https:\/\/radiolifefm.com.br\/noticias\/","logo":{"@type":"ImageObject","inLanguage":"pt-BR","@id":"https:\/\/radiolifefm.com.br\/noticias\/#\/schema\/logo\/image\/","url":"https:\/\/static.radiolifefm.com.br\/noticias\/wp-content\/uploads\/2019\/10\/logo-lifefm.png","contentUrl":"https:\/\/static.radiolifefm.com.br\/noticias\/wp-content\/uploads\/2019\/10\/logo-lifefm.png","width":196,"height":47,"caption":"R\u00e1dio Life FM"},"image":{"@id":"https:\/\/radiolifefm.com.br\/noticias\/#\/schema\/logo\/image\/"},"sameAs":["https:\/\/www.facebook.com\/radiolifefm\/","https:\/\/www.instagram.com\/life1079fm\/"]},{"@type":"Person","@id":"https:\/\/radiolifefm.com.br\/noticias\/#\/schema\/person\/6339b9fac59d12b071dec680d7375d87","name":"ritanery","image":{"@type":"ImageObject","inLanguage":"pt-BR","@id":"https:\/\/secure.gravatar.com\/avatar\/0e37bb19071f47c0b8a23f62a903df117c5a0e75f65a0c2901562f97cd41cf86?s=96&d=mm&r=g","url":"https:\/\/secure.gravatar.com\/avatar\/0e37bb19071f47c0b8a23f62a903df117c5a0e75f65a0c2901562f97cd41cf86?s=96&d=mm&r=g","contentUrl":"https:\/\/secure.gravatar.com\/avatar\/0e37bb19071f47c0b8a23f62a903df117c5a0e75f65a0c2901562f97cd41cf86?s=96&d=mm&r=g","caption":"ritanery"}}]}},"amp_enabled":true,"_links":{"self":[{"href":"https:\/\/radiolifefm.com.br\/noticias\/wp-json\/wp\/v2\/posts\/93061","targetHints":{"allow":["GET"]}}],"collection":[{"href":"https:\/\/radiolifefm.com.br\/noticias\/wp-json\/wp\/v2\/posts"}],"about":[{"href":"https:\/\/radiolifefm.com.br\/noticias\/wp-json\/wp\/v2\/types\/post"}],"author":[{"embeddable":true,"href":"https:\/\/radiolifefm.com.br\/noticias\/wp-json\/wp\/v2\/users\/13"}],"replies":[{"embeddable":true,"href":"https:\/\/radiolifefm.com.br\/noticias\/wp-json\/wp\/v2\/comments?post=93061"}],"version-history":[{"count":1,"href":"https:\/\/radiolifefm.com.br\/noticias\/wp-json\/wp\/v2\/posts\/93061\/revisions"}],"predecessor-version":[{"id":93062,"href":"https:\/\/radiolifefm.com.br\/noticias\/wp-json\/wp\/v2\/posts\/93061\/revisions\/93062"}],"wp:featuredmedia":[{"embeddable":true,"href":"https:\/\/radiolifefm.com.br\/noticias\/wp-json\/wp\/v2\/media\/51988"}],"wp:attachment":[{"href":"https:\/\/radiolifefm.com.br\/noticias\/wp-json\/wp\/v2\/media?parent=93061"}],"wp:term":[{"taxonomy":"category","embeddable":true,"href":"https:\/\/radiolifefm.com.br\/noticias\/wp-json\/wp\/v2\/categories?post=93061"},{"taxonomy":"post_tag","embeddable":true,"href":"https:\/\/radiolifefm.com.br\/noticias\/wp-json\/wp\/v2\/tags?post=93061"}],"curies":[{"name":"wp","href":"https:\/\/api.w.org\/{rel}","templated":true}]}}