{"id":93041,"date":"2024-09-19T08:09:27","date_gmt":"2024-09-19T11:09:27","guid":{"rendered":"https:\/\/radiolifefm.com.br\/noticias\/?p=93041"},"modified":"2026-03-22T22:09:12","modified_gmt":"2026-03-23T01:09:12","slug":"joan-jett-eu-amo-rock-sou-apaixonada-pela-unica-mulher-roqueira-ativa-patricia-m","status":"publish","type":"post","link":"https:\/\/radiolifefm.com.br\/noticias\/joan-jett-eu-amo-rock-sou-apaixonada-pela-unica-mulher-roqueira-ativa-patricia-m\/","title":{"rendered":"JOAN JETT: \u201cEu amo ROCK&#8230; sou apaixonada pela \u00fanica Mulher Roqueira ativa&#8230;\u201d (Patr\u00edcia M.)"},"content":{"rendered":"<div id=\"fb-root\"><\/div>\n<p><strong><em>\u201cEu o vi dan\u00e7ando ali perto da m\u00e1quina de discos \/ Eu sabia que ele deveria ter uns dezessete \/ A batida estava ficando mais forte \/ Tocando minha m\u00fasica favorita \/ E eu poderia dizer que n\u00e3o iria demorar \/ At\u00e9 que ele estivesse comigo, sim, comigo \/ E eu poderia dizer que n\u00e3o iria demorar \/ At\u00e9 que ele estivesse comigo, sim, comigo\u201d (Joan Jett in \u201cI Love Rock N&#8217; Roll\u201d)<\/em><\/strong><\/p>\n<p><strong>\u00a0<\/strong><\/p>\n<p><strong>By seb@r.<\/strong><\/p>\n<p><strong>\u00a0<\/strong><\/p>\n<p><strong><em>\u00c0 PATR\u00cdCIA M., dedico!<\/em><\/strong><\/p>\n<p><strong>\u00a0<\/strong><\/p>\n<p>Do outro tempo como JOAN MARIE LARKIN para muitas considera\u00e7\u00f5es na \u00e1rea MUSICAL, entre as quais, RAINHA DO ROCK e MADRINHA DO PUNK&#8230;<\/p>\n<p>Por\u00e9m, JOAN JETT sempre esteve al\u00e9m destas quest\u00f5es de ser isto ou aquilo no CEN\u00c1RIO musical, tendo em vista a proposta da mesma e o compromisso com a M\u00daSICA por meio do ROCK AND ROLL&#8230;<\/p>\n<p>Da terra do TIO SAM para o MUNDO desde o outro tempo do tempo, ainda, transitando pelo HARD ROCK e PUNK ROCK como MUSICISTA e colocando a VOZ com apoio da GUITARRA e BAIXO pra fazer a diferen\u00e7a neste contexto plural do ROCK is ROCK in ROCK&#8230;<\/p>\n<p>JETT aparece em meados da d\u00e9cada de 70 e continua at\u00e9 o momento em plena atividade para mostrar que a MARCA continua a mesma dos bons e velho tempo dos CL\u00c1SSICOS do ROCK&#8230;<\/p>\n<p>S\u00e3o muitas as escolhas de JOAN JETT neste contexto e sempre buscando a diversifica\u00e7\u00e3o como ARTISTA por meio das apresenta\u00e7\u00f5es como ATRIZ, COMPOSITORA, GUITARRISTA, BAIXISTA, CANTORA e PRODUTORA neste universo mediado pelas eternas diferen\u00e7as de sempre&#8230;<\/p>\n<p>N\u00e3o se pode deixar de lado THE RUNAWAYS nesta trajet\u00f3ria de impacto que JOAN JETT registra na sua estrada musical, por\u00e9m, na CARREIRA SOLO nas d\u00e9cadas de 80 e 90 mostrou ao seu P\u00daBLICO a mesma performance do outro tempo do tempo&#8230;<\/p>\n<p>Entre as MEULHERES DO ROCK, pode-se destacar que JETT se coloca no patamar das DEUSAS deste estilo musical, bem como, sempre se colocando como uma das melhores GUITARRISTAS em n\u00edvel mundial de acordo com a REVISTA ROLLING STONE&#8230;<\/p>\n<p>Deve-se registrar que nesta LISTA, s\u00e3o apenas duas ROQUEIRAS citadas, sendo que a outra \u00e9 JON MITCHELL&#8230;<\/p>\n<p>A m\u00fasica I LOVE ROCK\u00b4N ROLL torna-se a refer\u00eancia em n\u00edvel mundial para JETT, considerando que a mesma esteve em destaque na consagrada parada da BILLBOARD no ano de 1.982 e regisitrada como uma das melhores m\u00fasicas de todos os tempos deste tempo&#8230;<\/p>\n<p>Entretanto, n\u00e3o se pode esquecer de outras produ\u00e7\u00f5es patrocinadas pela VOZ de JOAN como GUITARRISTA\/BAIXISTA, entre as quais, destaques para BAD REPUTATION, I HATE MYSELF FOR LOVING YOU, CRIMSON AND CLOVER, LITTLE LIAR, DO TOU WANNA TOUCH, LIGHET OF DAY, LOVE IS ALL AROUND e EVERYDAY PEOPLE\u2026<\/p>\n<p>Ainda, deve-se escrever a presen\u00e7a de JOAN JETT &amp; THE BLACKHEARTS nas diversas APRESENTA\u00c7\u00c3O AO VIVO e grava\u00e7\u00e3o de est\u00fadio, tendo em vista que JETT sempre esteve de acordo com a proposta musical em conex\u00e3o com o ROCK AND ROLL&#8230;<\/p>\n<p>Da d\u00e9cada de 80 para o cena UNDERGROUND com a Gravadora Independente BLACKHEART RECORD de JEFF e LAGUNA, considerando os desencontros com outras Gravadoras naqueles anos, entretanto, destacando JOAN JETT como a primeira ROQUEIRA com uma GRAVADORA de sua propriedade&#8230;.<\/p>\n<p><strong>AVE RUNAWAYS! AVE BLACKHEARTS!<\/strong><\/p>\n<p><strong>AVE JOAN JETT!<\/strong><\/p>\n<p>&nbsp;<\/p>\n","protected":false},"excerpt":{"rendered":"<p>\u201cEu o vi dan\u00e7ando ali perto da m\u00e1quina de discos \/ Eu sabia que ele deveria ter uns dezessete \/ A batida estava ficando mais forte \/ Tocando minha m\u00fasica favorita \/ E eu poderia dizer que n\u00e3o iria demorar \/ At\u00e9 que ele estivesse comigo, sim, comigo \/ E eu poderia dizer que n\u00e3o [&hellip;]<\/p>\n","protected":false},"author":13,"featured_media":51988,"comment_status":"closed","ping_status":"open","sticky":false,"template":"","format":"standard","meta":{"_acf_changed":false,"_exactmetrics_skip_tracking":false,"_exactmetrics_sitenote_active":false,"_exactmetrics_sitenote_note":"","_exactmetrics_sitenote_category":0,"footnotes":""},"categories":[59],"tags":[],"class_list":["post-93041","post","type-post","status-publish","format-standard","has-post-thumbnail","hentry","category-opiniao"],"acf":[],"yoast_head":"<!-- This site is optimized with the Yoast SEO plugin v27.2 - https:\/\/yoast.com\/product\/yoast-seo-wordpress\/ -->\n<title>JOAN JETT: \u201cEu amo ROCK... sou apaixonada pela \u00fanica Mulher Roqueira ativa...\u201d (Patr\u00edcia M.) - R\u00e1dio Life FM<\/title>\n<meta name=\"robots\" content=\"index, follow, max-snippet:-1, max-image-preview:large, max-video-preview:-1\" \/>\n<link rel=\"canonical\" href=\"https:\/\/radiolifefm.com.br\/noticias\/joan-jett-eu-amo-rock-sou-apaixonada-pela-unica-mulher-roqueira-ativa-patricia-m\/\" \/>\n<meta property=\"og:locale\" content=\"pt_BR\" \/>\n<meta property=\"og:type\" content=\"article\" \/>\n<meta property=\"og:title\" content=\"JOAN JETT: \u201cEu amo ROCK... sou apaixonada pela \u00fanica Mulher Roqueira ativa...\u201d (Patr\u00edcia M.) - R\u00e1dio Life FM\" \/>\n<meta property=\"og:description\" content=\"\u201cEu o vi dan\u00e7ando ali perto da m\u00e1quina de discos \/ Eu sabia que ele deveria ter uns dezessete \/ A batida estava ficando mais forte \/ Tocando minha m\u00fasica favorita \/ E eu poderia dizer que n\u00e3o iria demorar \/ At\u00e9 que ele estivesse comigo, sim, comigo \/ E eu poderia dizer que n\u00e3o [&hellip;]\" \/>\n<meta property=\"og:url\" content=\"https:\/\/radiolifefm.com.br\/noticias\/joan-jett-eu-amo-rock-sou-apaixonada-pela-unica-mulher-roqueira-ativa-patricia-m\/\" \/>\n<meta property=\"og:site_name\" content=\"R\u00e1dio Life FM\" \/>\n<meta property=\"article:publisher\" content=\"https:\/\/www.facebook.com\/radiolifefm\/\" \/>\n<meta property=\"article:published_time\" content=\"2024-09-19T11:09:27+00:00\" \/>\n<meta property=\"article:modified_time\" content=\"2026-03-23T01:09:12+00:00\" \/>\n<meta property=\"og:image\" content=\"https:\/\/radiolifefm.com.br\/noticias\/wp-content\/uploads\/2022\/04\/WhatsApp-Image-2022-04-10-at-18.43.02.jpeg\" \/>\n\t<meta property=\"og:image:width\" content=\"972\" \/>\n\t<meta property=\"og:image:height\" content=\"1296\" \/>\n\t<meta property=\"og:image:type\" content=\"image\/jpeg\" \/>\n<meta name=\"author\" content=\"ritanery\" \/>\n<meta name=\"twitter:card\" content=\"summary_large_image\" \/>\n<meta name=\"twitter:label1\" content=\"Escrito por\" \/>\n\t<meta name=\"twitter:data1\" content=\"ritanery\" \/>\n\t<meta name=\"twitter:label2\" content=\"Est. tempo de leitura\" \/>\n\t<meta name=\"twitter:data2\" content=\"4 minutos\" \/>\n<script type=\"application\/ld+json\" class=\"yoast-schema-graph\">{\"@context\":\"https:\/\/schema.org\",\"@graph\":[{\"@type\":\"Article\",\"@id\":\"https:\/\/radiolifefm.com.br\/noticias\/joan-jett-eu-amo-rock-sou-apaixonada-pela-unica-mulher-roqueira-ativa-patricia-m\/#article\",\"isPartOf\":{\"@id\":\"https:\/\/radiolifefm.com.br\/noticias\/joan-jett-eu-amo-rock-sou-apaixonada-pela-unica-mulher-roqueira-ativa-patricia-m\/\"},\"author\":{\"name\":\"ritanery\",\"@id\":\"https:\/\/radiolifefm.com.br\/noticias\/#\/schema\/person\/6339b9fac59d12b071dec680d7375d87\"},\"headline\":\"JOAN JETT: \u201cEu amo ROCK&#8230; sou apaixonada pela \u00fanica Mulher Roqueira ativa&#8230;\u201d (Patr\u00edcia M.)\",\"datePublished\":\"2024-09-19T11:09:27+00:00\",\"dateModified\":\"2026-03-23T01:09:12+00:00\",\"mainEntityOfPage\":{\"@id\":\"https:\/\/radiolifefm.com.br\/noticias\/joan-jett-eu-amo-rock-sou-apaixonada-pela-unica-mulher-roqueira-ativa-patricia-m\/\"},\"wordCount\":570,\"publisher\":{\"@id\":\"https:\/\/radiolifefm.com.br\/noticias\/#organization\"},\"image\":{\"@id\":\"https:\/\/radiolifefm.com.br\/noticias\/joan-jett-eu-amo-rock-sou-apaixonada-pela-unica-mulher-roqueira-ativa-patricia-m\/#primaryimage\"},\"thumbnailUrl\":\"https:\/\/radiolifefm.com.br\/noticias\/wp-content\/uploads\/2022\/04\/WhatsApp-Image-2022-04-10-at-18.43.02.jpeg\",\"articleSection\":[\"Opini\u00e3o\"],\"inLanguage\":\"pt-BR\"},{\"@type\":\"WebPage\",\"@id\":\"https:\/\/radiolifefm.com.br\/noticias\/joan-jett-eu-amo-rock-sou-apaixonada-pela-unica-mulher-roqueira-ativa-patricia-m\/\",\"url\":\"https:\/\/radiolifefm.com.br\/noticias\/joan-jett-eu-amo-rock-sou-apaixonada-pela-unica-mulher-roqueira-ativa-patricia-m\/\",\"name\":\"JOAN JETT: \u201cEu amo ROCK... sou apaixonada pela \u00fanica Mulher Roqueira ativa...\u201d (Patr\u00edcia M.) - R\u00e1dio Life FM\",\"isPartOf\":{\"@id\":\"https:\/\/radiolifefm.com.br\/noticias\/#website\"},\"primaryImageOfPage\":{\"@id\":\"https:\/\/radiolifefm.com.br\/noticias\/joan-jett-eu-amo-rock-sou-apaixonada-pela-unica-mulher-roqueira-ativa-patricia-m\/#primaryimage\"},\"image\":{\"@id\":\"https:\/\/radiolifefm.com.br\/noticias\/joan-jett-eu-amo-rock-sou-apaixonada-pela-unica-mulher-roqueira-ativa-patricia-m\/#primaryimage\"},\"thumbnailUrl\":\"https:\/\/radiolifefm.com.br\/noticias\/wp-content\/uploads\/2022\/04\/WhatsApp-Image-2022-04-10-at-18.43.02.jpeg\",\"datePublished\":\"2024-09-19T11:09:27+00:00\",\"dateModified\":\"2026-03-23T01:09:12+00:00\",\"breadcrumb\":{\"@id\":\"https:\/\/radiolifefm.com.br\/noticias\/joan-jett-eu-amo-rock-sou-apaixonada-pela-unica-mulher-roqueira-ativa-patricia-m\/#breadcrumb\"},\"inLanguage\":\"pt-BR\",\"potentialAction\":[{\"@type\":\"ReadAction\",\"target\":[\"https:\/\/radiolifefm.com.br\/noticias\/joan-jett-eu-amo-rock-sou-apaixonada-pela-unica-mulher-roqueira-ativa-patricia-m\/\"]}]},{\"@type\":\"ImageObject\",\"inLanguage\":\"pt-BR\",\"@id\":\"https:\/\/radiolifefm.com.br\/noticias\/joan-jett-eu-amo-rock-sou-apaixonada-pela-unica-mulher-roqueira-ativa-patricia-m\/#primaryimage\",\"url\":\"https:\/\/radiolifefm.com.br\/noticias\/wp-content\/uploads\/2022\/04\/WhatsApp-Image-2022-04-10-at-18.43.02.jpeg\",\"contentUrl\":\"https:\/\/radiolifefm.com.br\/noticias\/wp-content\/uploads\/2022\/04\/WhatsApp-Image-2022-04-10-at-18.43.02.jpeg\",\"width\":972,\"height\":1296,\"caption\":\"S\u00e9rgio Barbosa\"},{\"@type\":\"BreadcrumbList\",\"@id\":\"https:\/\/radiolifefm.com.br\/noticias\/joan-jett-eu-amo-rock-sou-apaixonada-pela-unica-mulher-roqueira-ativa-patricia-m\/#breadcrumb\",\"itemListElement\":[{\"@type\":\"ListItem\",\"position\":1,\"name\":\"In\u00edcio\",\"item\":\"https:\/\/radiolifefm.com.br\/noticias\/\"},{\"@type\":\"ListItem\",\"position\":2,\"name\":\"JOAN JETT: \u201cEu amo ROCK&#8230; sou apaixonada pela \u00fanica Mulher Roqueira ativa&#8230;\u201d (Patr\u00edcia M.)\"}]},{\"@type\":\"WebSite\",\"@id\":\"https:\/\/radiolifefm.com.br\/noticias\/#website\",\"url\":\"https:\/\/radiolifefm.com.br\/noticias\/\",\"name\":\"R\u00e1dio Life FM\",\"description\":\"O Portal de Not\u00edcias de Adamantina\",\"publisher\":{\"@id\":\"https:\/\/radiolifefm.com.br\/noticias\/#organization\"},\"alternateName\":\"Life FM\",\"potentialAction\":[{\"@type\":\"SearchAction\",\"target\":{\"@type\":\"EntryPoint\",\"urlTemplate\":\"https:\/\/radiolifefm.com.br\/noticias\/?s={search_term_string}\"},\"query-input\":{\"@type\":\"PropertyValueSpecification\",\"valueRequired\":true,\"valueName\":\"search_term_string\"}}],\"inLanguage\":\"pt-BR\"},{\"@type\":\"Organization\",\"@id\":\"https:\/\/radiolifefm.com.br\/noticias\/#organization\",\"name\":\"R\u00e1dio Life FM\",\"alternateName\":\"Life FM\",\"url\":\"https:\/\/radiolifefm.com.br\/noticias\/\",\"logo\":{\"@type\":\"ImageObject\",\"inLanguage\":\"pt-BR\",\"@id\":\"https:\/\/radiolifefm.com.br\/noticias\/#\/schema\/logo\/image\/\",\"url\":\"https:\/\/static.radiolifefm.com.br\/noticias\/wp-content\/uploads\/2019\/10\/logo-lifefm.png\",\"contentUrl\":\"https:\/\/static.radiolifefm.com.br\/noticias\/wp-content\/uploads\/2019\/10\/logo-lifefm.png\",\"width\":196,\"height\":47,\"caption\":\"R\u00e1dio Life FM\"},\"image\":{\"@id\":\"https:\/\/radiolifefm.com.br\/noticias\/#\/schema\/logo\/image\/\"},\"sameAs\":[\"https:\/\/www.facebook.com\/radiolifefm\/\",\"https:\/\/www.instagram.com\/life1079fm\/\"]},{\"@type\":\"Person\",\"@id\":\"https:\/\/radiolifefm.com.br\/noticias\/#\/schema\/person\/6339b9fac59d12b071dec680d7375d87\",\"name\":\"ritanery\",\"image\":{\"@type\":\"ImageObject\",\"inLanguage\":\"pt-BR\",\"@id\":\"https:\/\/secure.gravatar.com\/avatar\/0e37bb19071f47c0b8a23f62a903df117c5a0e75f65a0c2901562f97cd41cf86?s=96&d=mm&r=g\",\"url\":\"https:\/\/secure.gravatar.com\/avatar\/0e37bb19071f47c0b8a23f62a903df117c5a0e75f65a0c2901562f97cd41cf86?s=96&d=mm&r=g\",\"contentUrl\":\"https:\/\/secure.gravatar.com\/avatar\/0e37bb19071f47c0b8a23f62a903df117c5a0e75f65a0c2901562f97cd41cf86?s=96&d=mm&r=g\",\"caption\":\"ritanery\"}}]}<\/script>\n<!-- \/ Yoast SEO plugin. -->","yoast_head_json":{"title":"JOAN JETT: \u201cEu amo ROCK... sou apaixonada pela \u00fanica Mulher Roqueira ativa...\u201d (Patr\u00edcia M.) - R\u00e1dio Life FM","robots":{"index":"index","follow":"follow","max-snippet":"max-snippet:-1","max-image-preview":"max-image-preview:large","max-video-preview":"max-video-preview:-1"},"canonical":"https:\/\/radiolifefm.com.br\/noticias\/joan-jett-eu-amo-rock-sou-apaixonada-pela-unica-mulher-roqueira-ativa-patricia-m\/","og_locale":"pt_BR","og_type":"article","og_title":"JOAN JETT: \u201cEu amo ROCK... sou apaixonada pela \u00fanica Mulher Roqueira ativa...\u201d (Patr\u00edcia M.) - R\u00e1dio Life FM","og_description":"\u201cEu o vi dan\u00e7ando ali perto da m\u00e1quina de discos \/ Eu sabia que ele deveria ter uns dezessete \/ A batida estava ficando mais forte \/ Tocando minha m\u00fasica favorita \/ E eu poderia dizer que n\u00e3o iria demorar \/ At\u00e9 que ele estivesse comigo, sim, comigo \/ E eu poderia dizer que n\u00e3o [&hellip;]","og_url":"https:\/\/radiolifefm.com.br\/noticias\/joan-jett-eu-amo-rock-sou-apaixonada-pela-unica-mulher-roqueira-ativa-patricia-m\/","og_site_name":"R\u00e1dio Life FM","article_publisher":"https:\/\/www.facebook.com\/radiolifefm\/","article_published_time":"2024-09-19T11:09:27+00:00","article_modified_time":"2026-03-23T01:09:12+00:00","og_image":[{"width":972,"height":1296,"url":"https:\/\/radiolifefm.com.br\/noticias\/wp-content\/uploads\/2022\/04\/WhatsApp-Image-2022-04-10-at-18.43.02.jpeg","type":"image\/jpeg"}],"author":"ritanery","twitter_card":"summary_large_image","twitter_misc":{"Escrito por":"ritanery","Est. tempo de leitura":"4 minutos"},"schema":{"@context":"https:\/\/schema.org","@graph":[{"@type":"Article","@id":"https:\/\/radiolifefm.com.br\/noticias\/joan-jett-eu-amo-rock-sou-apaixonada-pela-unica-mulher-roqueira-ativa-patricia-m\/#article","isPartOf":{"@id":"https:\/\/radiolifefm.com.br\/noticias\/joan-jett-eu-amo-rock-sou-apaixonada-pela-unica-mulher-roqueira-ativa-patricia-m\/"},"author":{"name":"ritanery","@id":"https:\/\/radiolifefm.com.br\/noticias\/#\/schema\/person\/6339b9fac59d12b071dec680d7375d87"},"headline":"JOAN JETT: \u201cEu amo ROCK&#8230; sou apaixonada pela \u00fanica Mulher Roqueira ativa&#8230;\u201d (Patr\u00edcia M.)","datePublished":"2024-09-19T11:09:27+00:00","dateModified":"2026-03-23T01:09:12+00:00","mainEntityOfPage":{"@id":"https:\/\/radiolifefm.com.br\/noticias\/joan-jett-eu-amo-rock-sou-apaixonada-pela-unica-mulher-roqueira-ativa-patricia-m\/"},"wordCount":570,"publisher":{"@id":"https:\/\/radiolifefm.com.br\/noticias\/#organization"},"image":{"@id":"https:\/\/radiolifefm.com.br\/noticias\/joan-jett-eu-amo-rock-sou-apaixonada-pela-unica-mulher-roqueira-ativa-patricia-m\/#primaryimage"},"thumbnailUrl":"https:\/\/radiolifefm.com.br\/noticias\/wp-content\/uploads\/2022\/04\/WhatsApp-Image-2022-04-10-at-18.43.02.jpeg","articleSection":["Opini\u00e3o"],"inLanguage":"pt-BR"},{"@type":"WebPage","@id":"https:\/\/radiolifefm.com.br\/noticias\/joan-jett-eu-amo-rock-sou-apaixonada-pela-unica-mulher-roqueira-ativa-patricia-m\/","url":"https:\/\/radiolifefm.com.br\/noticias\/joan-jett-eu-amo-rock-sou-apaixonada-pela-unica-mulher-roqueira-ativa-patricia-m\/","name":"JOAN JETT: \u201cEu amo ROCK... sou apaixonada pela \u00fanica Mulher Roqueira ativa...\u201d (Patr\u00edcia M.) - R\u00e1dio Life FM","isPartOf":{"@id":"https:\/\/radiolifefm.com.br\/noticias\/#website"},"primaryImageOfPage":{"@id":"https:\/\/radiolifefm.com.br\/noticias\/joan-jett-eu-amo-rock-sou-apaixonada-pela-unica-mulher-roqueira-ativa-patricia-m\/#primaryimage"},"image":{"@id":"https:\/\/radiolifefm.com.br\/noticias\/joan-jett-eu-amo-rock-sou-apaixonada-pela-unica-mulher-roqueira-ativa-patricia-m\/#primaryimage"},"thumbnailUrl":"https:\/\/radiolifefm.com.br\/noticias\/wp-content\/uploads\/2022\/04\/WhatsApp-Image-2022-04-10-at-18.43.02.jpeg","datePublished":"2024-09-19T11:09:27+00:00","dateModified":"2026-03-23T01:09:12+00:00","breadcrumb":{"@id":"https:\/\/radiolifefm.com.br\/noticias\/joan-jett-eu-amo-rock-sou-apaixonada-pela-unica-mulher-roqueira-ativa-patricia-m\/#breadcrumb"},"inLanguage":"pt-BR","potentialAction":[{"@type":"ReadAction","target":["https:\/\/radiolifefm.com.br\/noticias\/joan-jett-eu-amo-rock-sou-apaixonada-pela-unica-mulher-roqueira-ativa-patricia-m\/"]}]},{"@type":"ImageObject","inLanguage":"pt-BR","@id":"https:\/\/radiolifefm.com.br\/noticias\/joan-jett-eu-amo-rock-sou-apaixonada-pela-unica-mulher-roqueira-ativa-patricia-m\/#primaryimage","url":"https:\/\/radiolifefm.com.br\/noticias\/wp-content\/uploads\/2022\/04\/WhatsApp-Image-2022-04-10-at-18.43.02.jpeg","contentUrl":"https:\/\/radiolifefm.com.br\/noticias\/wp-content\/uploads\/2022\/04\/WhatsApp-Image-2022-04-10-at-18.43.02.jpeg","width":972,"height":1296,"caption":"S\u00e9rgio Barbosa"},{"@type":"BreadcrumbList","@id":"https:\/\/radiolifefm.com.br\/noticias\/joan-jett-eu-amo-rock-sou-apaixonada-pela-unica-mulher-roqueira-ativa-patricia-m\/#breadcrumb","itemListElement":[{"@type":"ListItem","position":1,"name":"In\u00edcio","item":"https:\/\/radiolifefm.com.br\/noticias\/"},{"@type":"ListItem","position":2,"name":"JOAN JETT: \u201cEu amo ROCK&#8230; sou apaixonada pela \u00fanica Mulher Roqueira ativa&#8230;\u201d (Patr\u00edcia M.)"}]},{"@type":"WebSite","@id":"https:\/\/radiolifefm.com.br\/noticias\/#website","url":"https:\/\/radiolifefm.com.br\/noticias\/","name":"R\u00e1dio Life FM","description":"O Portal de Not\u00edcias de Adamantina","publisher":{"@id":"https:\/\/radiolifefm.com.br\/noticias\/#organization"},"alternateName":"Life FM","potentialAction":[{"@type":"SearchAction","target":{"@type":"EntryPoint","urlTemplate":"https:\/\/radiolifefm.com.br\/noticias\/?s={search_term_string}"},"query-input":{"@type":"PropertyValueSpecification","valueRequired":true,"valueName":"search_term_string"}}],"inLanguage":"pt-BR"},{"@type":"Organization","@id":"https:\/\/radiolifefm.com.br\/noticias\/#organization","name":"R\u00e1dio Life FM","alternateName":"Life FM","url":"https:\/\/radiolifefm.com.br\/noticias\/","logo":{"@type":"ImageObject","inLanguage":"pt-BR","@id":"https:\/\/radiolifefm.com.br\/noticias\/#\/schema\/logo\/image\/","url":"https:\/\/static.radiolifefm.com.br\/noticias\/wp-content\/uploads\/2019\/10\/logo-lifefm.png","contentUrl":"https:\/\/static.radiolifefm.com.br\/noticias\/wp-content\/uploads\/2019\/10\/logo-lifefm.png","width":196,"height":47,"caption":"R\u00e1dio Life FM"},"image":{"@id":"https:\/\/radiolifefm.com.br\/noticias\/#\/schema\/logo\/image\/"},"sameAs":["https:\/\/www.facebook.com\/radiolifefm\/","https:\/\/www.instagram.com\/life1079fm\/"]},{"@type":"Person","@id":"https:\/\/radiolifefm.com.br\/noticias\/#\/schema\/person\/6339b9fac59d12b071dec680d7375d87","name":"ritanery","image":{"@type":"ImageObject","inLanguage":"pt-BR","@id":"https:\/\/secure.gravatar.com\/avatar\/0e37bb19071f47c0b8a23f62a903df117c5a0e75f65a0c2901562f97cd41cf86?s=96&d=mm&r=g","url":"https:\/\/secure.gravatar.com\/avatar\/0e37bb19071f47c0b8a23f62a903df117c5a0e75f65a0c2901562f97cd41cf86?s=96&d=mm&r=g","contentUrl":"https:\/\/secure.gravatar.com\/avatar\/0e37bb19071f47c0b8a23f62a903df117c5a0e75f65a0c2901562f97cd41cf86?s=96&d=mm&r=g","caption":"ritanery"}}]}},"amp_enabled":true,"_links":{"self":[{"href":"https:\/\/radiolifefm.com.br\/noticias\/wp-json\/wp\/v2\/posts\/93041","targetHints":{"allow":["GET"]}}],"collection":[{"href":"https:\/\/radiolifefm.com.br\/noticias\/wp-json\/wp\/v2\/posts"}],"about":[{"href":"https:\/\/radiolifefm.com.br\/noticias\/wp-json\/wp\/v2\/types\/post"}],"author":[{"embeddable":true,"href":"https:\/\/radiolifefm.com.br\/noticias\/wp-json\/wp\/v2\/users\/13"}],"replies":[{"embeddable":true,"href":"https:\/\/radiolifefm.com.br\/noticias\/wp-json\/wp\/v2\/comments?post=93041"}],"version-history":[{"count":1,"href":"https:\/\/radiolifefm.com.br\/noticias\/wp-json\/wp\/v2\/posts\/93041\/revisions"}],"predecessor-version":[{"id":93042,"href":"https:\/\/radiolifefm.com.br\/noticias\/wp-json\/wp\/v2\/posts\/93041\/revisions\/93042"}],"wp:featuredmedia":[{"embeddable":true,"href":"https:\/\/radiolifefm.com.br\/noticias\/wp-json\/wp\/v2\/media\/51988"}],"wp:attachment":[{"href":"https:\/\/radiolifefm.com.br\/noticias\/wp-json\/wp\/v2\/media?parent=93041"}],"wp:term":[{"taxonomy":"category","embeddable":true,"href":"https:\/\/radiolifefm.com.br\/noticias\/wp-json\/wp\/v2\/categories?post=93041"},{"taxonomy":"post_tag","embeddable":true,"href":"https:\/\/radiolifefm.com.br\/noticias\/wp-json\/wp\/v2\/tags?post=93041"}],"curies":[{"name":"wp","href":"https:\/\/api.w.org\/{rel}","templated":true}]}}