{"id":93005,"date":"2024-09-18T11:10:35","date_gmt":"2024-09-18T14:10:35","guid":{"rendered":"https:\/\/radiolifefm.com.br\/noticias\/?p=93005"},"modified":"2026-04-20T23:44:37","modified_gmt":"2026-04-21T02:44:37","slug":"cido-ferreira-pintor-compartilha-experiencias-de-sua-infancia-rural-no-programa-prosa-do-campo","status":"publish","type":"post","link":"https:\/\/radiolifefm.com.br\/noticias\/cido-ferreira-pintor-compartilha-experiencias-de-sua-infancia-rural-no-programa-prosa-do-campo\/","title":{"rendered":"Cido Ferreira, pintor compartilha experi\u00eancias de sua inf\u00e2ncia  rural no programa \u201c Prosa do Campo \u201d"},"content":{"rendered":"<div id=\"fb-root\"><\/div>\n<p>Na noite da \u00faltima segunda-feira, 16 de setembro, foi realizada mais uma edi\u00e7\u00e3o do podcast <em>Prosa do Campo<\/em> na Life FM. Apresentado pelo pecuarista Cristiano do Mor\u00e3o, o programa contou com a participa\u00e7\u00e3o de Cido Ferreira, pintor, entrevistado da noite, que compartilhou suas experi\u00eancias relacionadas \u00e0 inf\u00e2ncia no meio rural. Cido mencionou que viveu na zona rural at\u00e9 os 17 anos de idade. Sua vida tomou outro rumo quando, por interm\u00e9dio de seu tio, recebeu a oportunidade de ingressar no ramo de pinturas, o que o levou a se mudar para a \u00e1rea urbana.<\/p>\n<p>Apesar da mudan\u00e7a, Cido ainda preserva suas ra\u00edzes e guarda boas lembran\u00e7as da \u00e9poca em que morava no campo. Seu pai, inclusive, continua ativo na pecu\u00e1ria, trabalhando com produ\u00e7\u00e3o de leite. Al\u00e9m de ser pintor, Cido \u00e9 pai de uma menina de 9 anos e busca sempre transmitir para ela os valores e aprendizados de sua inf\u00e2ncia.<\/p>\n<p><strong>T\u00f3picos destacados<\/strong>:<\/p>\n<ul>\n<li>Motiva\u00e7\u00e3o na escolha do empreendimento<\/li>\n<li>Inova\u00e7\u00f5es no ramo<\/li>\n<li>Tipos de pinturas<\/li>\n<\/ul>\n<p>Confira mais informa\u00e7\u00f5es no link da entrevista abaixo.<\/p>\n<p><a href=\"https:\/\/www.youtube.com\/watch?v=hi6CbKoHgtM\">https:\/\/www.youtube.com\/watch?v=hi6CbKoHgtM<\/a><\/p>\n","protected":false},"excerpt":{"rendered":"<p>Na noite da \u00faltima segunda-feira, 16 de setembro, foi realizada mais uma edi\u00e7\u00e3o do podcast Prosa do Campo na Life FM. Apresentado pelo pecuarista Cristiano do Mor\u00e3o, o programa contou com a participa\u00e7\u00e3o de Cido Ferreira, pintor, entrevistado da noite, que compartilhou suas experi\u00eancias relacionadas \u00e0 inf\u00e2ncia no meio rural. Cido mencionou que viveu na [&hellip;]<\/p>\n","protected":false},"author":8,"featured_media":93009,"comment_status":"closed","ping_status":"open","sticky":false,"template":"","format":"standard","meta":{"_acf_changed":false,"_exactmetrics_skip_tracking":false,"_exactmetrics_sitenote_active":false,"_exactmetrics_sitenote_note":"","_exactmetrics_sitenote_category":0,"footnotes":""},"categories":[191],"tags":[],"class_list":["post-93005","post","type-post","status-publish","format-standard","has-post-thumbnail","hentry","category-prosa-do-campo"],"acf":[],"yoast_head":"<!-- This site is optimized with the Yoast SEO plugin v27.2 - https:\/\/yoast.com\/product\/yoast-seo-wordpress\/ -->\n<title>Cido Ferreira, pintor compartilha experi\u00eancias de sua inf\u00e2ncia rural no programa \u201c Prosa do Campo \u201d - R\u00e1dio Life FM<\/title>\n<meta name=\"robots\" content=\"index, follow, max-snippet:-1, max-image-preview:large, max-video-preview:-1\" \/>\n<link rel=\"canonical\" href=\"https:\/\/radiolifefm.com.br\/noticias\/cido-ferreira-pintor-compartilha-experiencias-de-sua-infancia-rural-no-programa-prosa-do-campo\/\" \/>\n<meta property=\"og:locale\" content=\"pt_BR\" \/>\n<meta property=\"og:type\" content=\"article\" \/>\n<meta property=\"og:title\" content=\"Cido Ferreira, pintor compartilha experi\u00eancias de sua inf\u00e2ncia rural no programa \u201c Prosa do Campo \u201d - R\u00e1dio Life FM\" \/>\n<meta property=\"og:description\" content=\"Na noite da \u00faltima segunda-feira, 16 de setembro, foi realizada mais uma edi\u00e7\u00e3o do podcast Prosa do Campo na Life FM. Apresentado pelo pecuarista Cristiano do Mor\u00e3o, o programa contou com a participa\u00e7\u00e3o de Cido Ferreira, pintor, entrevistado da noite, que compartilhou suas experi\u00eancias relacionadas \u00e0 inf\u00e2ncia no meio rural. Cido mencionou que viveu na [&hellip;]\" \/>\n<meta property=\"og:url\" content=\"https:\/\/radiolifefm.com.br\/noticias\/cido-ferreira-pintor-compartilha-experiencias-de-sua-infancia-rural-no-programa-prosa-do-campo\/\" \/>\n<meta property=\"og:site_name\" content=\"R\u00e1dio Life FM\" \/>\n<meta property=\"article:publisher\" content=\"https:\/\/www.facebook.com\/radiolifefm\/\" \/>\n<meta property=\"article:published_time\" content=\"2024-09-18T14:10:35+00:00\" \/>\n<meta property=\"article:modified_time\" content=\"2026-04-21T02:44:37+00:00\" \/>\n<meta property=\"og:image\" content=\"https:\/\/radiolifefm.com.br\/noticias\/wp-content\/uploads\/2024\/09\/WhatsApp-Image-2024-09-18-at-11.03.58.jpeg\" \/>\n\t<meta property=\"og:image:width\" content=\"1600\" \/>\n\t<meta property=\"og:image:height\" content=\"1200\" \/>\n\t<meta property=\"og:image:type\" content=\"image\/jpeg\" \/>\n<meta name=\"author\" content=\"joaograndao\" \/>\n<meta name=\"twitter:card\" content=\"summary_large_image\" \/>\n<meta name=\"twitter:label1\" content=\"Escrito por\" \/>\n\t<meta name=\"twitter:data1\" content=\"joaograndao\" \/>\n\t<meta name=\"twitter:label2\" content=\"Est. tempo de leitura\" \/>\n\t<meta name=\"twitter:data2\" content=\"2 minutos\" \/>\n<script type=\"application\/ld+json\" class=\"yoast-schema-graph\">{\"@context\":\"https:\/\/schema.org\",\"@graph\":[{\"@type\":\"Article\",\"@id\":\"https:\/\/radiolifefm.com.br\/noticias\/cido-ferreira-pintor-compartilha-experiencias-de-sua-infancia-rural-no-programa-prosa-do-campo\/#article\",\"isPartOf\":{\"@id\":\"https:\/\/radiolifefm.com.br\/noticias\/cido-ferreira-pintor-compartilha-experiencias-de-sua-infancia-rural-no-programa-prosa-do-campo\/\"},\"author\":{\"name\":\"joaograndao\",\"@id\":\"https:\/\/radiolifefm.com.br\/noticias\/#\/schema\/person\/6876e1240feffe6e1b63fd5cb85abf28\"},\"headline\":\"Cido Ferreira, pintor compartilha experi\u00eancias de sua inf\u00e2ncia rural no programa \u201c Prosa do Campo \u201d\",\"datePublished\":\"2024-09-18T14:10:35+00:00\",\"dateModified\":\"2026-04-21T02:44:37+00:00\",\"mainEntityOfPage\":{\"@id\":\"https:\/\/radiolifefm.com.br\/noticias\/cido-ferreira-pintor-compartilha-experiencias-de-sua-infancia-rural-no-programa-prosa-do-campo\/\"},\"wordCount\":208,\"publisher\":{\"@id\":\"https:\/\/radiolifefm.com.br\/noticias\/#organization\"},\"image\":{\"@id\":\"https:\/\/radiolifefm.com.br\/noticias\/cido-ferreira-pintor-compartilha-experiencias-de-sua-infancia-rural-no-programa-prosa-do-campo\/#primaryimage\"},\"thumbnailUrl\":\"https:\/\/radiolifefm.com.br\/noticias\/wp-content\/uploads\/2024\/09\/WhatsApp-Image-2024-09-18-at-11.03.58.jpeg\",\"articleSection\":[\"Prosa do Campo\"],\"inLanguage\":\"pt-BR\"},{\"@type\":\"WebPage\",\"@id\":\"https:\/\/radiolifefm.com.br\/noticias\/cido-ferreira-pintor-compartilha-experiencias-de-sua-infancia-rural-no-programa-prosa-do-campo\/\",\"url\":\"https:\/\/radiolifefm.com.br\/noticias\/cido-ferreira-pintor-compartilha-experiencias-de-sua-infancia-rural-no-programa-prosa-do-campo\/\",\"name\":\"Cido Ferreira, pintor compartilha experi\u00eancias de sua inf\u00e2ncia rural no programa \u201c Prosa do Campo \u201d - R\u00e1dio Life FM\",\"isPartOf\":{\"@id\":\"https:\/\/radiolifefm.com.br\/noticias\/#website\"},\"primaryImageOfPage\":{\"@id\":\"https:\/\/radiolifefm.com.br\/noticias\/cido-ferreira-pintor-compartilha-experiencias-de-sua-infancia-rural-no-programa-prosa-do-campo\/#primaryimage\"},\"image\":{\"@id\":\"https:\/\/radiolifefm.com.br\/noticias\/cido-ferreira-pintor-compartilha-experiencias-de-sua-infancia-rural-no-programa-prosa-do-campo\/#primaryimage\"},\"thumbnailUrl\":\"https:\/\/radiolifefm.com.br\/noticias\/wp-content\/uploads\/2024\/09\/WhatsApp-Image-2024-09-18-at-11.03.58.jpeg\",\"datePublished\":\"2024-09-18T14:10:35+00:00\",\"dateModified\":\"2026-04-21T02:44:37+00:00\",\"breadcrumb\":{\"@id\":\"https:\/\/radiolifefm.com.br\/noticias\/cido-ferreira-pintor-compartilha-experiencias-de-sua-infancia-rural-no-programa-prosa-do-campo\/#breadcrumb\"},\"inLanguage\":\"pt-BR\",\"potentialAction\":[{\"@type\":\"ReadAction\",\"target\":[\"https:\/\/radiolifefm.com.br\/noticias\/cido-ferreira-pintor-compartilha-experiencias-de-sua-infancia-rural-no-programa-prosa-do-campo\/\"]}]},{\"@type\":\"ImageObject\",\"inLanguage\":\"pt-BR\",\"@id\":\"https:\/\/radiolifefm.com.br\/noticias\/cido-ferreira-pintor-compartilha-experiencias-de-sua-infancia-rural-no-programa-prosa-do-campo\/#primaryimage\",\"url\":\"https:\/\/radiolifefm.com.br\/noticias\/wp-content\/uploads\/2024\/09\/WhatsApp-Image-2024-09-18-at-11.03.58.jpeg\",\"contentUrl\":\"https:\/\/radiolifefm.com.br\/noticias\/wp-content\/uploads\/2024\/09\/WhatsApp-Image-2024-09-18-at-11.03.58.jpeg\",\"width\":1600,\"height\":1200},{\"@type\":\"BreadcrumbList\",\"@id\":\"https:\/\/radiolifefm.com.br\/noticias\/cido-ferreira-pintor-compartilha-experiencias-de-sua-infancia-rural-no-programa-prosa-do-campo\/#breadcrumb\",\"itemListElement\":[{\"@type\":\"ListItem\",\"position\":1,\"name\":\"In\u00edcio\",\"item\":\"https:\/\/radiolifefm.com.br\/noticias\/\"},{\"@type\":\"ListItem\",\"position\":2,\"name\":\"Cido Ferreira, pintor compartilha experi\u00eancias de sua inf\u00e2ncia rural no programa \u201c Prosa do Campo \u201d\"}]},{\"@type\":\"WebSite\",\"@id\":\"https:\/\/radiolifefm.com.br\/noticias\/#website\",\"url\":\"https:\/\/radiolifefm.com.br\/noticias\/\",\"name\":\"R\u00e1dio Life FM\",\"description\":\"O Portal de Not\u00edcias de Adamantina\",\"publisher\":{\"@id\":\"https:\/\/radiolifefm.com.br\/noticias\/#organization\"},\"alternateName\":\"Life FM\",\"potentialAction\":[{\"@type\":\"SearchAction\",\"target\":{\"@type\":\"EntryPoint\",\"urlTemplate\":\"https:\/\/radiolifefm.com.br\/noticias\/?s={search_term_string}\"},\"query-input\":{\"@type\":\"PropertyValueSpecification\",\"valueRequired\":true,\"valueName\":\"search_term_string\"}}],\"inLanguage\":\"pt-BR\"},{\"@type\":\"Organization\",\"@id\":\"https:\/\/radiolifefm.com.br\/noticias\/#organization\",\"name\":\"R\u00e1dio Life FM\",\"alternateName\":\"Life FM\",\"url\":\"https:\/\/radiolifefm.com.br\/noticias\/\",\"logo\":{\"@type\":\"ImageObject\",\"inLanguage\":\"pt-BR\",\"@id\":\"https:\/\/radiolifefm.com.br\/noticias\/#\/schema\/logo\/image\/\",\"url\":\"https:\/\/static.radiolifefm.com.br\/noticias\/wp-content\/uploads\/2019\/10\/logo-lifefm.png\",\"contentUrl\":\"https:\/\/static.radiolifefm.com.br\/noticias\/wp-content\/uploads\/2019\/10\/logo-lifefm.png\",\"width\":196,\"height\":47,\"caption\":\"R\u00e1dio Life FM\"},\"image\":{\"@id\":\"https:\/\/radiolifefm.com.br\/noticias\/#\/schema\/logo\/image\/\"},\"sameAs\":[\"https:\/\/www.facebook.com\/radiolifefm\/\",\"https:\/\/www.instagram.com\/life1079fm\/\"]},{\"@type\":\"Person\",\"@id\":\"https:\/\/radiolifefm.com.br\/noticias\/#\/schema\/person\/6876e1240feffe6e1b63fd5cb85abf28\",\"name\":\"joaograndao\",\"image\":{\"@type\":\"ImageObject\",\"inLanguage\":\"pt-BR\",\"@id\":\"https:\/\/secure.gravatar.com\/avatar\/d5b1a3cf357ed9c50404e256a1294083aa8ab5d2a994001567302786016cb32c?s=96&d=mm&r=g\",\"url\":\"https:\/\/secure.gravatar.com\/avatar\/d5b1a3cf357ed9c50404e256a1294083aa8ab5d2a994001567302786016cb32c?s=96&d=mm&r=g\",\"contentUrl\":\"https:\/\/secure.gravatar.com\/avatar\/d5b1a3cf357ed9c50404e256a1294083aa8ab5d2a994001567302786016cb32c?s=96&d=mm&r=g\",\"caption\":\"joaograndao\"}}]}<\/script>\n<!-- \/ Yoast SEO plugin. -->","yoast_head_json":{"title":"Cido Ferreira, pintor compartilha experi\u00eancias de sua inf\u00e2ncia rural no programa \u201c Prosa do Campo \u201d - R\u00e1dio Life FM","robots":{"index":"index","follow":"follow","max-snippet":"max-snippet:-1","max-image-preview":"max-image-preview:large","max-video-preview":"max-video-preview:-1"},"canonical":"https:\/\/radiolifefm.com.br\/noticias\/cido-ferreira-pintor-compartilha-experiencias-de-sua-infancia-rural-no-programa-prosa-do-campo\/","og_locale":"pt_BR","og_type":"article","og_title":"Cido Ferreira, pintor compartilha experi\u00eancias de sua inf\u00e2ncia rural no programa \u201c Prosa do Campo \u201d - R\u00e1dio Life FM","og_description":"Na noite da \u00faltima segunda-feira, 16 de setembro, foi realizada mais uma edi\u00e7\u00e3o do podcast Prosa do Campo na Life FM. Apresentado pelo pecuarista Cristiano do Mor\u00e3o, o programa contou com a participa\u00e7\u00e3o de Cido Ferreira, pintor, entrevistado da noite, que compartilhou suas experi\u00eancias relacionadas \u00e0 inf\u00e2ncia no meio rural. Cido mencionou que viveu na [&hellip;]","og_url":"https:\/\/radiolifefm.com.br\/noticias\/cido-ferreira-pintor-compartilha-experiencias-de-sua-infancia-rural-no-programa-prosa-do-campo\/","og_site_name":"R\u00e1dio Life FM","article_publisher":"https:\/\/www.facebook.com\/radiolifefm\/","article_published_time":"2024-09-18T14:10:35+00:00","article_modified_time":"2026-04-21T02:44:37+00:00","og_image":[{"width":1600,"height":1200,"url":"https:\/\/radiolifefm.com.br\/noticias\/wp-content\/uploads\/2024\/09\/WhatsApp-Image-2024-09-18-at-11.03.58.jpeg","type":"image\/jpeg"}],"author":"joaograndao","twitter_card":"summary_large_image","twitter_misc":{"Escrito por":"joaograndao","Est. tempo de leitura":"2 minutos"},"schema":{"@context":"https:\/\/schema.org","@graph":[{"@type":"Article","@id":"https:\/\/radiolifefm.com.br\/noticias\/cido-ferreira-pintor-compartilha-experiencias-de-sua-infancia-rural-no-programa-prosa-do-campo\/#article","isPartOf":{"@id":"https:\/\/radiolifefm.com.br\/noticias\/cido-ferreira-pintor-compartilha-experiencias-de-sua-infancia-rural-no-programa-prosa-do-campo\/"},"author":{"name":"joaograndao","@id":"https:\/\/radiolifefm.com.br\/noticias\/#\/schema\/person\/6876e1240feffe6e1b63fd5cb85abf28"},"headline":"Cido Ferreira, pintor compartilha experi\u00eancias de sua inf\u00e2ncia rural no programa \u201c Prosa do Campo \u201d","datePublished":"2024-09-18T14:10:35+00:00","dateModified":"2026-04-21T02:44:37+00:00","mainEntityOfPage":{"@id":"https:\/\/radiolifefm.com.br\/noticias\/cido-ferreira-pintor-compartilha-experiencias-de-sua-infancia-rural-no-programa-prosa-do-campo\/"},"wordCount":208,"publisher":{"@id":"https:\/\/radiolifefm.com.br\/noticias\/#organization"},"image":{"@id":"https:\/\/radiolifefm.com.br\/noticias\/cido-ferreira-pintor-compartilha-experiencias-de-sua-infancia-rural-no-programa-prosa-do-campo\/#primaryimage"},"thumbnailUrl":"https:\/\/radiolifefm.com.br\/noticias\/wp-content\/uploads\/2024\/09\/WhatsApp-Image-2024-09-18-at-11.03.58.jpeg","articleSection":["Prosa do Campo"],"inLanguage":"pt-BR"},{"@type":"WebPage","@id":"https:\/\/radiolifefm.com.br\/noticias\/cido-ferreira-pintor-compartilha-experiencias-de-sua-infancia-rural-no-programa-prosa-do-campo\/","url":"https:\/\/radiolifefm.com.br\/noticias\/cido-ferreira-pintor-compartilha-experiencias-de-sua-infancia-rural-no-programa-prosa-do-campo\/","name":"Cido Ferreira, pintor compartilha experi\u00eancias de sua inf\u00e2ncia rural no programa \u201c Prosa do Campo \u201d - R\u00e1dio Life FM","isPartOf":{"@id":"https:\/\/radiolifefm.com.br\/noticias\/#website"},"primaryImageOfPage":{"@id":"https:\/\/radiolifefm.com.br\/noticias\/cido-ferreira-pintor-compartilha-experiencias-de-sua-infancia-rural-no-programa-prosa-do-campo\/#primaryimage"},"image":{"@id":"https:\/\/radiolifefm.com.br\/noticias\/cido-ferreira-pintor-compartilha-experiencias-de-sua-infancia-rural-no-programa-prosa-do-campo\/#primaryimage"},"thumbnailUrl":"https:\/\/radiolifefm.com.br\/noticias\/wp-content\/uploads\/2024\/09\/WhatsApp-Image-2024-09-18-at-11.03.58.jpeg","datePublished":"2024-09-18T14:10:35+00:00","dateModified":"2026-04-21T02:44:37+00:00","breadcrumb":{"@id":"https:\/\/radiolifefm.com.br\/noticias\/cido-ferreira-pintor-compartilha-experiencias-de-sua-infancia-rural-no-programa-prosa-do-campo\/#breadcrumb"},"inLanguage":"pt-BR","potentialAction":[{"@type":"ReadAction","target":["https:\/\/radiolifefm.com.br\/noticias\/cido-ferreira-pintor-compartilha-experiencias-de-sua-infancia-rural-no-programa-prosa-do-campo\/"]}]},{"@type":"ImageObject","inLanguage":"pt-BR","@id":"https:\/\/radiolifefm.com.br\/noticias\/cido-ferreira-pintor-compartilha-experiencias-de-sua-infancia-rural-no-programa-prosa-do-campo\/#primaryimage","url":"https:\/\/radiolifefm.com.br\/noticias\/wp-content\/uploads\/2024\/09\/WhatsApp-Image-2024-09-18-at-11.03.58.jpeg","contentUrl":"https:\/\/radiolifefm.com.br\/noticias\/wp-content\/uploads\/2024\/09\/WhatsApp-Image-2024-09-18-at-11.03.58.jpeg","width":1600,"height":1200},{"@type":"BreadcrumbList","@id":"https:\/\/radiolifefm.com.br\/noticias\/cido-ferreira-pintor-compartilha-experiencias-de-sua-infancia-rural-no-programa-prosa-do-campo\/#breadcrumb","itemListElement":[{"@type":"ListItem","position":1,"name":"In\u00edcio","item":"https:\/\/radiolifefm.com.br\/noticias\/"},{"@type":"ListItem","position":2,"name":"Cido Ferreira, pintor compartilha experi\u00eancias de sua inf\u00e2ncia rural no programa \u201c Prosa do Campo \u201d"}]},{"@type":"WebSite","@id":"https:\/\/radiolifefm.com.br\/noticias\/#website","url":"https:\/\/radiolifefm.com.br\/noticias\/","name":"R\u00e1dio Life FM","description":"O Portal de Not\u00edcias de Adamantina","publisher":{"@id":"https:\/\/radiolifefm.com.br\/noticias\/#organization"},"alternateName":"Life FM","potentialAction":[{"@type":"SearchAction","target":{"@type":"EntryPoint","urlTemplate":"https:\/\/radiolifefm.com.br\/noticias\/?s={search_term_string}"},"query-input":{"@type":"PropertyValueSpecification","valueRequired":true,"valueName":"search_term_string"}}],"inLanguage":"pt-BR"},{"@type":"Organization","@id":"https:\/\/radiolifefm.com.br\/noticias\/#organization","name":"R\u00e1dio Life FM","alternateName":"Life FM","url":"https:\/\/radiolifefm.com.br\/noticias\/","logo":{"@type":"ImageObject","inLanguage":"pt-BR","@id":"https:\/\/radiolifefm.com.br\/noticias\/#\/schema\/logo\/image\/","url":"https:\/\/static.radiolifefm.com.br\/noticias\/wp-content\/uploads\/2019\/10\/logo-lifefm.png","contentUrl":"https:\/\/static.radiolifefm.com.br\/noticias\/wp-content\/uploads\/2019\/10\/logo-lifefm.png","width":196,"height":47,"caption":"R\u00e1dio Life FM"},"image":{"@id":"https:\/\/radiolifefm.com.br\/noticias\/#\/schema\/logo\/image\/"},"sameAs":["https:\/\/www.facebook.com\/radiolifefm\/","https:\/\/www.instagram.com\/life1079fm\/"]},{"@type":"Person","@id":"https:\/\/radiolifefm.com.br\/noticias\/#\/schema\/person\/6876e1240feffe6e1b63fd5cb85abf28","name":"joaograndao","image":{"@type":"ImageObject","inLanguage":"pt-BR","@id":"https:\/\/secure.gravatar.com\/avatar\/d5b1a3cf357ed9c50404e256a1294083aa8ab5d2a994001567302786016cb32c?s=96&d=mm&r=g","url":"https:\/\/secure.gravatar.com\/avatar\/d5b1a3cf357ed9c50404e256a1294083aa8ab5d2a994001567302786016cb32c?s=96&d=mm&r=g","contentUrl":"https:\/\/secure.gravatar.com\/avatar\/d5b1a3cf357ed9c50404e256a1294083aa8ab5d2a994001567302786016cb32c?s=96&d=mm&r=g","caption":"joaograndao"}}]}},"amp_enabled":true,"_links":{"self":[{"href":"https:\/\/radiolifefm.com.br\/noticias\/wp-json\/wp\/v2\/posts\/93005","targetHints":{"allow":["GET"]}}],"collection":[{"href":"https:\/\/radiolifefm.com.br\/noticias\/wp-json\/wp\/v2\/posts"}],"about":[{"href":"https:\/\/radiolifefm.com.br\/noticias\/wp-json\/wp\/v2\/types\/post"}],"author":[{"embeddable":true,"href":"https:\/\/radiolifefm.com.br\/noticias\/wp-json\/wp\/v2\/users\/8"}],"replies":[{"embeddable":true,"href":"https:\/\/radiolifefm.com.br\/noticias\/wp-json\/wp\/v2\/comments?post=93005"}],"version-history":[{"count":5,"href":"https:\/\/radiolifefm.com.br\/noticias\/wp-json\/wp\/v2\/posts\/93005\/revisions"}],"predecessor-version":[{"id":93014,"href":"https:\/\/radiolifefm.com.br\/noticias\/wp-json\/wp\/v2\/posts\/93005\/revisions\/93014"}],"wp:featuredmedia":[{"embeddable":true,"href":"https:\/\/radiolifefm.com.br\/noticias\/wp-json\/wp\/v2\/media\/93009"}],"wp:attachment":[{"href":"https:\/\/radiolifefm.com.br\/noticias\/wp-json\/wp\/v2\/media?parent=93005"}],"wp:term":[{"taxonomy":"category","embeddable":true,"href":"https:\/\/radiolifefm.com.br\/noticias\/wp-json\/wp\/v2\/categories?post=93005"},{"taxonomy":"post_tag","embeddable":true,"href":"https:\/\/radiolifefm.com.br\/noticias\/wp-json\/wp\/v2\/tags?post=93005"}],"curies":[{"name":"wp","href":"https:\/\/api.w.org\/{rel}","templated":true}]}}