{"id":92896,"date":"2024-09-16T09:19:10","date_gmt":"2024-09-16T12:19:10","guid":{"rendered":"https:\/\/radiolifefm.com.br\/noticias\/?p=92896"},"modified":"2025-08-15T23:54:06","modified_gmt":"2025-08-16T02:54:06","slug":"provincia-em-meio-aos-desencontros-deste-e-do-outro-lado","status":"publish","type":"post","link":"https:\/\/radiolifefm.com.br\/noticias\/provincia-em-meio-aos-desencontros-deste-e-do-outro-lado\/","title":{"rendered":"Prov\u00edncia em meio aos desencontros deste e do outro lado&#8230;"},"content":{"rendered":"<div id=\"fb-root\"><\/div>\n<p><strong>\u201cA universidade desenvolve todas as capacidades, inclusive a estupidez.\u201d (<\/strong><a href=\"https:\/\/www.pensador.com\/autor\/anton_tchekhov\/\"><strong>Anton Tchekhov<\/strong><\/a><strong>)<\/strong><\/p>\n<p><strong>\u00a0<\/strong><\/p>\n<p><strong>\u201cHoje em dia, a universidade \u00e9 o local onde a ignor\u00e2ncia \u00e9 levada `as \u00faltimas consequ\u00eancias.\u201d (<\/strong><a href=\"https:\/\/www.pensador.com\/autor\/millor_fernandes\/\"><strong>Mill\u00f4r Fernandes<\/strong><\/a><strong>)<\/strong><\/p>\n<p>&nbsp;<\/p>\n<p><strong>By seb@r.<\/strong><\/p>\n<p>Faz algum tempo deste tempo que os temas relacionados com as denominadas PAREDES ALVAS est\u00e3o um tanto quanto esquecidos e ponto quase final&#8230;<\/p>\n<p>Entretanto, faz-se necess\u00e1rio, isso \u00e9, sempre que poss\u00edvel, tendo em vista que a INSTITUI\u00c7\u00c3O continua marcando presen\u00e7a em n\u00edvel regional, apesar dos pesares quanto as iniciativas nas \u00e1reas do ENSINO, da PESQUISA\u00a0 e da EXTENS\u00c3O&#8230;<\/p>\n<p>Mas, por estar mais ou menos distantes daquelas PAREDES ALVAS, torna-se fundamental estar al\u00e9m da REFLEX\u00c3O CR\u00cdTICA, haja vista os interesses que est\u00e3o sempre marcando presen\u00e7a neste JOGO ACAD\u00caMICO&#8230;<\/p>\n<p>Tamb\u00e9m, at\u00e9 onde se sabe deste e do outro lado, existem PROBLEMAS DIVERSOS, talvez decorrente das TROCAS NADA SIMB\u00d3LICAS com o denominado PIN\u00d3QUIO PROVINCIANO, isso vem ocorrendo desde da \u00faltima escolha pra REITORIA&#8230;<\/p>\n<p>Neste CEN\u00c1RIO mais do que PROVINCIANO, isso \u00e9, considerando que se trata de um JOGO VICIADO entre os PODERES, ou seja, de um lado o EXECUTIVO MUNICIPAL e do outro, o PODER INSTITUCIONALIZADO em n\u00edvel ACAD\u00caMICO&#8230;<\/p>\n<p>Tal qual o que ocorre no CEN\u00c1RIO POL\u00cdTICO neste tempo de ELEI\u00c7\u00d5ES para o EXECUTIVO e LEGISLATIVO PROVINCIANO, talvez seja poss\u00edvel, tamb\u00e9m, registrar que nos lados das PAREDES ALVAS existem muitos DESENCONTROS entre os DOCENTES, COORDENADORES\/AS e REITORIA&#8230;<\/p>\n<p>Todavia, entendo que nas QUEST\u00d5ES ACAD\u00caMICAS, existem as denominadas e idolatradas VAIDADES relacionadas com a TITULA\u00c7\u00c3O dos\/as professores\/as, desta forma, o\/a DOUTOR\/A estar\u00e1 sempre que poss\u00edvel, se colocando acima do BEM e do MAL, talvez entre o BOM e o MAU&#8230;<\/p>\n<p>Tamb\u00e9m, dependendo do RESULTADO das ELEI\u00c7\u00d5ES para o EXECUTIVO PROVINCIANO, pode-se IMAGINAR (sic) como ser\u00e1 o FUTURO neste PRESENTE, ainda, sem PASSADO, das PAREDES ALVAS em tempo de p\u00f3s-globaliza\u00e7\u00e3o ORGANIZACIONAL&#8230;<\/p>\n<p>Nestes OCASOS de um TALVEZ, considerando que \u00e9 MELHOR PREVENIR DO QUE REMEDIAR, tudo pode ocorrer daqui pra frente nos lados das PAREDES ALVAS, por\u00e9m, apenas uma MINORIA consegue PERCEBER que o MAR N\u00c3O EST\u00c1 PRA PEIXE neste MERCADO EDUCACIONAL&#8230;<\/p>\n<p>Finalizo com um AVE para aquele que marcou muito mais do que PRESEN\u00c7A nos bons e velhos tempos das PAREDES ALVAS, isso mesmo, PROF. DR. GILSON JO\u00c3O PARISOTO (in memoriam)&#8230;<\/p>\n<p>QUEM SOBREVIVER VAI SABER&#8230;<\/p>\n<p>&nbsp;<\/p>\n<p><strong>e-mail: <\/strong><a href=\"mailto:barbosa.sebar@gmail.com\"><strong>barbosa.sebar@gmail.com<\/strong><\/a><\/p>\n","protected":false},"excerpt":{"rendered":"<p>\u201cA universidade desenvolve todas as capacidades, inclusive a estupidez.\u201d (Anton Tchekhov) \u00a0 \u201cHoje em dia, a universidade \u00e9 o local onde a ignor\u00e2ncia \u00e9 levada `as \u00faltimas consequ\u00eancias.\u201d (Mill\u00f4r Fernandes) &nbsp; By seb@r. Faz algum tempo deste tempo que os temas relacionados com as denominadas PAREDES ALVAS est\u00e3o um tanto quanto esquecidos e ponto quase [&hellip;]<\/p>\n","protected":false},"author":13,"featured_media":51988,"comment_status":"closed","ping_status":"open","sticky":false,"template":"","format":"standard","meta":{"_acf_changed":false,"_exactmetrics_skip_tracking":false,"_exactmetrics_sitenote_active":false,"_exactmetrics_sitenote_note":"","_exactmetrics_sitenote_category":0,"footnotes":""},"categories":[59],"tags":[],"class_list":["post-92896","post","type-post","status-publish","format-standard","has-post-thumbnail","hentry","category-opiniao"],"acf":[],"yoast_head":"<!-- This site is optimized with the Yoast SEO plugin v27.2 - https:\/\/yoast.com\/product\/yoast-seo-wordpress\/ -->\n<title>Prov\u00edncia em meio aos desencontros deste e do outro lado... - R\u00e1dio Life FM<\/title>\n<meta name=\"robots\" content=\"index, follow, max-snippet:-1, max-image-preview:large, max-video-preview:-1\" \/>\n<link rel=\"canonical\" href=\"https:\/\/radiolifefm.com.br\/noticias\/provincia-em-meio-aos-desencontros-deste-e-do-outro-lado\/\" \/>\n<meta property=\"og:locale\" content=\"pt_BR\" \/>\n<meta property=\"og:type\" content=\"article\" \/>\n<meta property=\"og:title\" content=\"Prov\u00edncia em meio aos desencontros deste e do outro lado... - R\u00e1dio Life FM\" \/>\n<meta property=\"og:description\" content=\"\u201cA universidade desenvolve todas as capacidades, inclusive a estupidez.\u201d (Anton Tchekhov) \u00a0 \u201cHoje em dia, a universidade \u00e9 o local onde a ignor\u00e2ncia \u00e9 levada `as \u00faltimas consequ\u00eancias.\u201d (Mill\u00f4r Fernandes) &nbsp; By seb@r. Faz algum tempo deste tempo que os temas relacionados com as denominadas PAREDES ALVAS est\u00e3o um tanto quanto esquecidos e ponto quase [&hellip;]\" \/>\n<meta property=\"og:url\" content=\"https:\/\/radiolifefm.com.br\/noticias\/provincia-em-meio-aos-desencontros-deste-e-do-outro-lado\/\" \/>\n<meta property=\"og:site_name\" content=\"R\u00e1dio Life FM\" \/>\n<meta property=\"article:publisher\" content=\"https:\/\/www.facebook.com\/radiolifefm\/\" \/>\n<meta property=\"article:published_time\" content=\"2024-09-16T12:19:10+00:00\" \/>\n<meta property=\"article:modified_time\" content=\"2025-08-16T02:54:06+00:00\" \/>\n<meta property=\"og:image\" content=\"https:\/\/static.radiolifefm.com.br\/noticias\/wp-content\/uploads\/2022\/04\/WhatsApp-Image-2022-04-10-at-18.43.02.jpeg\" \/>\n\t<meta property=\"og:image:width\" content=\"972\" \/>\n\t<meta property=\"og:image:height\" content=\"1296\" \/>\n\t<meta property=\"og:image:type\" content=\"image\/jpeg\" \/>\n<meta name=\"author\" content=\"ritanery\" \/>\n<meta name=\"twitter:card\" content=\"summary_large_image\" \/>\n<meta name=\"twitter:label1\" content=\"Escrito por\" \/>\n\t<meta name=\"twitter:data1\" content=\"ritanery\" \/>\n\t<meta name=\"twitter:label2\" content=\"Est. tempo de leitura\" \/>\n\t<meta name=\"twitter:data2\" content=\"3 minutos\" \/>\n<script type=\"application\/ld+json\" class=\"yoast-schema-graph\">{\"@context\":\"https:\/\/schema.org\",\"@graph\":[{\"@type\":\"Article\",\"@id\":\"https:\/\/radiolifefm.com.br\/noticias\/provincia-em-meio-aos-desencontros-deste-e-do-outro-lado\/#article\",\"isPartOf\":{\"@id\":\"https:\/\/radiolifefm.com.br\/noticias\/provincia-em-meio-aos-desencontros-deste-e-do-outro-lado\/\"},\"author\":{\"name\":\"ritanery\",\"@id\":\"https:\/\/radiolifefm.com.br\/noticias\/#\/schema\/person\/6339b9fac59d12b071dec680d7375d87\"},\"headline\":\"Prov\u00edncia em meio aos desencontros deste e do outro lado&#8230;\",\"datePublished\":\"2024-09-16T12:19:10+00:00\",\"dateModified\":\"2025-08-16T02:54:06+00:00\",\"mainEntityOfPage\":{\"@id\":\"https:\/\/radiolifefm.com.br\/noticias\/provincia-em-meio-aos-desencontros-deste-e-do-outro-lado\/\"},\"wordCount\":428,\"publisher\":{\"@id\":\"https:\/\/radiolifefm.com.br\/noticias\/#organization\"},\"image\":{\"@id\":\"https:\/\/radiolifefm.com.br\/noticias\/provincia-em-meio-aos-desencontros-deste-e-do-outro-lado\/#primaryimage\"},\"thumbnailUrl\":\"https:\/\/radiolifefm.com.br\/noticias\/wp-content\/uploads\/2022\/04\/WhatsApp-Image-2022-04-10-at-18.43.02.jpeg\",\"articleSection\":[\"Opini\u00e3o\"],\"inLanguage\":\"pt-BR\"},{\"@type\":\"WebPage\",\"@id\":\"https:\/\/radiolifefm.com.br\/noticias\/provincia-em-meio-aos-desencontros-deste-e-do-outro-lado\/\",\"url\":\"https:\/\/radiolifefm.com.br\/noticias\/provincia-em-meio-aos-desencontros-deste-e-do-outro-lado\/\",\"name\":\"Prov\u00edncia em meio aos desencontros deste e do outro lado... - R\u00e1dio Life FM\",\"isPartOf\":{\"@id\":\"https:\/\/radiolifefm.com.br\/noticias\/#website\"},\"primaryImageOfPage\":{\"@id\":\"https:\/\/radiolifefm.com.br\/noticias\/provincia-em-meio-aos-desencontros-deste-e-do-outro-lado\/#primaryimage\"},\"image\":{\"@id\":\"https:\/\/radiolifefm.com.br\/noticias\/provincia-em-meio-aos-desencontros-deste-e-do-outro-lado\/#primaryimage\"},\"thumbnailUrl\":\"https:\/\/radiolifefm.com.br\/noticias\/wp-content\/uploads\/2022\/04\/WhatsApp-Image-2022-04-10-at-18.43.02.jpeg\",\"datePublished\":\"2024-09-16T12:19:10+00:00\",\"dateModified\":\"2025-08-16T02:54:06+00:00\",\"breadcrumb\":{\"@id\":\"https:\/\/radiolifefm.com.br\/noticias\/provincia-em-meio-aos-desencontros-deste-e-do-outro-lado\/#breadcrumb\"},\"inLanguage\":\"pt-BR\",\"potentialAction\":[{\"@type\":\"ReadAction\",\"target\":[\"https:\/\/radiolifefm.com.br\/noticias\/provincia-em-meio-aos-desencontros-deste-e-do-outro-lado\/\"]}]},{\"@type\":\"ImageObject\",\"inLanguage\":\"pt-BR\",\"@id\":\"https:\/\/radiolifefm.com.br\/noticias\/provincia-em-meio-aos-desencontros-deste-e-do-outro-lado\/#primaryimage\",\"url\":\"https:\/\/radiolifefm.com.br\/noticias\/wp-content\/uploads\/2022\/04\/WhatsApp-Image-2022-04-10-at-18.43.02.jpeg\",\"contentUrl\":\"https:\/\/radiolifefm.com.br\/noticias\/wp-content\/uploads\/2022\/04\/WhatsApp-Image-2022-04-10-at-18.43.02.jpeg\",\"width\":972,\"height\":1296,\"caption\":\"S\u00e9rgio Barbosa\"},{\"@type\":\"BreadcrumbList\",\"@id\":\"https:\/\/radiolifefm.com.br\/noticias\/provincia-em-meio-aos-desencontros-deste-e-do-outro-lado\/#breadcrumb\",\"itemListElement\":[{\"@type\":\"ListItem\",\"position\":1,\"name\":\"In\u00edcio\",\"item\":\"https:\/\/radiolifefm.com.br\/noticias\/\"},{\"@type\":\"ListItem\",\"position\":2,\"name\":\"Prov\u00edncia em meio aos desencontros deste e do outro lado&#8230;\"}]},{\"@type\":\"WebSite\",\"@id\":\"https:\/\/radiolifefm.com.br\/noticias\/#website\",\"url\":\"https:\/\/radiolifefm.com.br\/noticias\/\",\"name\":\"R\u00e1dio Life FM\",\"description\":\"O Portal de Not\u00edcias de Adamantina\",\"publisher\":{\"@id\":\"https:\/\/radiolifefm.com.br\/noticias\/#organization\"},\"alternateName\":\"Life FM\",\"potentialAction\":[{\"@type\":\"SearchAction\",\"target\":{\"@type\":\"EntryPoint\",\"urlTemplate\":\"https:\/\/radiolifefm.com.br\/noticias\/?s={search_term_string}\"},\"query-input\":{\"@type\":\"PropertyValueSpecification\",\"valueRequired\":true,\"valueName\":\"search_term_string\"}}],\"inLanguage\":\"pt-BR\"},{\"@type\":\"Organization\",\"@id\":\"https:\/\/radiolifefm.com.br\/noticias\/#organization\",\"name\":\"R\u00e1dio Life FM\",\"alternateName\":\"Life FM\",\"url\":\"https:\/\/radiolifefm.com.br\/noticias\/\",\"logo\":{\"@type\":\"ImageObject\",\"inLanguage\":\"pt-BR\",\"@id\":\"https:\/\/radiolifefm.com.br\/noticias\/#\/schema\/logo\/image\/\",\"url\":\"https:\/\/static.radiolifefm.com.br\/noticias\/wp-content\/uploads\/2019\/10\/logo-lifefm.png\",\"contentUrl\":\"https:\/\/static.radiolifefm.com.br\/noticias\/wp-content\/uploads\/2019\/10\/logo-lifefm.png\",\"width\":196,\"height\":47,\"caption\":\"R\u00e1dio Life FM\"},\"image\":{\"@id\":\"https:\/\/radiolifefm.com.br\/noticias\/#\/schema\/logo\/image\/\"},\"sameAs\":[\"https:\/\/www.facebook.com\/radiolifefm\/\",\"https:\/\/www.instagram.com\/life1079fm\/\"]},{\"@type\":\"Person\",\"@id\":\"https:\/\/radiolifefm.com.br\/noticias\/#\/schema\/person\/6339b9fac59d12b071dec680d7375d87\",\"name\":\"ritanery\",\"image\":{\"@type\":\"ImageObject\",\"inLanguage\":\"pt-BR\",\"@id\":\"https:\/\/secure.gravatar.com\/avatar\/0e37bb19071f47c0b8a23f62a903df117c5a0e75f65a0c2901562f97cd41cf86?s=96&d=mm&r=g\",\"url\":\"https:\/\/secure.gravatar.com\/avatar\/0e37bb19071f47c0b8a23f62a903df117c5a0e75f65a0c2901562f97cd41cf86?s=96&d=mm&r=g\",\"contentUrl\":\"https:\/\/secure.gravatar.com\/avatar\/0e37bb19071f47c0b8a23f62a903df117c5a0e75f65a0c2901562f97cd41cf86?s=96&d=mm&r=g\",\"caption\":\"ritanery\"}}]}<\/script>\n<!-- \/ Yoast SEO plugin. -->","yoast_head_json":{"title":"Prov\u00edncia em meio aos desencontros deste e do outro lado... - R\u00e1dio Life FM","robots":{"index":"index","follow":"follow","max-snippet":"max-snippet:-1","max-image-preview":"max-image-preview:large","max-video-preview":"max-video-preview:-1"},"canonical":"https:\/\/radiolifefm.com.br\/noticias\/provincia-em-meio-aos-desencontros-deste-e-do-outro-lado\/","og_locale":"pt_BR","og_type":"article","og_title":"Prov\u00edncia em meio aos desencontros deste e do outro lado... - R\u00e1dio Life FM","og_description":"\u201cA universidade desenvolve todas as capacidades, inclusive a estupidez.\u201d (Anton Tchekhov) \u00a0 \u201cHoje em dia, a universidade \u00e9 o local onde a ignor\u00e2ncia \u00e9 levada `as \u00faltimas consequ\u00eancias.\u201d (Mill\u00f4r Fernandes) &nbsp; By seb@r. Faz algum tempo deste tempo que os temas relacionados com as denominadas PAREDES ALVAS est\u00e3o um tanto quanto esquecidos e ponto quase [&hellip;]","og_url":"https:\/\/radiolifefm.com.br\/noticias\/provincia-em-meio-aos-desencontros-deste-e-do-outro-lado\/","og_site_name":"R\u00e1dio Life FM","article_publisher":"https:\/\/www.facebook.com\/radiolifefm\/","article_published_time":"2024-09-16T12:19:10+00:00","article_modified_time":"2025-08-16T02:54:06+00:00","og_image":[{"width":972,"height":1296,"url":"https:\/\/static.radiolifefm.com.br\/noticias\/wp-content\/uploads\/2022\/04\/WhatsApp-Image-2022-04-10-at-18.43.02.jpeg","type":"image\/jpeg"}],"author":"ritanery","twitter_card":"summary_large_image","twitter_misc":{"Escrito por":"ritanery","Est. tempo de leitura":"3 minutos"},"schema":{"@context":"https:\/\/schema.org","@graph":[{"@type":"Article","@id":"https:\/\/radiolifefm.com.br\/noticias\/provincia-em-meio-aos-desencontros-deste-e-do-outro-lado\/#article","isPartOf":{"@id":"https:\/\/radiolifefm.com.br\/noticias\/provincia-em-meio-aos-desencontros-deste-e-do-outro-lado\/"},"author":{"name":"ritanery","@id":"https:\/\/radiolifefm.com.br\/noticias\/#\/schema\/person\/6339b9fac59d12b071dec680d7375d87"},"headline":"Prov\u00edncia em meio aos desencontros deste e do outro lado&#8230;","datePublished":"2024-09-16T12:19:10+00:00","dateModified":"2025-08-16T02:54:06+00:00","mainEntityOfPage":{"@id":"https:\/\/radiolifefm.com.br\/noticias\/provincia-em-meio-aos-desencontros-deste-e-do-outro-lado\/"},"wordCount":428,"publisher":{"@id":"https:\/\/radiolifefm.com.br\/noticias\/#organization"},"image":{"@id":"https:\/\/radiolifefm.com.br\/noticias\/provincia-em-meio-aos-desencontros-deste-e-do-outro-lado\/#primaryimage"},"thumbnailUrl":"https:\/\/radiolifefm.com.br\/noticias\/wp-content\/uploads\/2022\/04\/WhatsApp-Image-2022-04-10-at-18.43.02.jpeg","articleSection":["Opini\u00e3o"],"inLanguage":"pt-BR"},{"@type":"WebPage","@id":"https:\/\/radiolifefm.com.br\/noticias\/provincia-em-meio-aos-desencontros-deste-e-do-outro-lado\/","url":"https:\/\/radiolifefm.com.br\/noticias\/provincia-em-meio-aos-desencontros-deste-e-do-outro-lado\/","name":"Prov\u00edncia em meio aos desencontros deste e do outro lado... - R\u00e1dio Life FM","isPartOf":{"@id":"https:\/\/radiolifefm.com.br\/noticias\/#website"},"primaryImageOfPage":{"@id":"https:\/\/radiolifefm.com.br\/noticias\/provincia-em-meio-aos-desencontros-deste-e-do-outro-lado\/#primaryimage"},"image":{"@id":"https:\/\/radiolifefm.com.br\/noticias\/provincia-em-meio-aos-desencontros-deste-e-do-outro-lado\/#primaryimage"},"thumbnailUrl":"https:\/\/radiolifefm.com.br\/noticias\/wp-content\/uploads\/2022\/04\/WhatsApp-Image-2022-04-10-at-18.43.02.jpeg","datePublished":"2024-09-16T12:19:10+00:00","dateModified":"2025-08-16T02:54:06+00:00","breadcrumb":{"@id":"https:\/\/radiolifefm.com.br\/noticias\/provincia-em-meio-aos-desencontros-deste-e-do-outro-lado\/#breadcrumb"},"inLanguage":"pt-BR","potentialAction":[{"@type":"ReadAction","target":["https:\/\/radiolifefm.com.br\/noticias\/provincia-em-meio-aos-desencontros-deste-e-do-outro-lado\/"]}]},{"@type":"ImageObject","inLanguage":"pt-BR","@id":"https:\/\/radiolifefm.com.br\/noticias\/provincia-em-meio-aos-desencontros-deste-e-do-outro-lado\/#primaryimage","url":"https:\/\/radiolifefm.com.br\/noticias\/wp-content\/uploads\/2022\/04\/WhatsApp-Image-2022-04-10-at-18.43.02.jpeg","contentUrl":"https:\/\/radiolifefm.com.br\/noticias\/wp-content\/uploads\/2022\/04\/WhatsApp-Image-2022-04-10-at-18.43.02.jpeg","width":972,"height":1296,"caption":"S\u00e9rgio Barbosa"},{"@type":"BreadcrumbList","@id":"https:\/\/radiolifefm.com.br\/noticias\/provincia-em-meio-aos-desencontros-deste-e-do-outro-lado\/#breadcrumb","itemListElement":[{"@type":"ListItem","position":1,"name":"In\u00edcio","item":"https:\/\/radiolifefm.com.br\/noticias\/"},{"@type":"ListItem","position":2,"name":"Prov\u00edncia em meio aos desencontros deste e do outro lado&#8230;"}]},{"@type":"WebSite","@id":"https:\/\/radiolifefm.com.br\/noticias\/#website","url":"https:\/\/radiolifefm.com.br\/noticias\/","name":"R\u00e1dio Life FM","description":"O Portal de Not\u00edcias de Adamantina","publisher":{"@id":"https:\/\/radiolifefm.com.br\/noticias\/#organization"},"alternateName":"Life FM","potentialAction":[{"@type":"SearchAction","target":{"@type":"EntryPoint","urlTemplate":"https:\/\/radiolifefm.com.br\/noticias\/?s={search_term_string}"},"query-input":{"@type":"PropertyValueSpecification","valueRequired":true,"valueName":"search_term_string"}}],"inLanguage":"pt-BR"},{"@type":"Organization","@id":"https:\/\/radiolifefm.com.br\/noticias\/#organization","name":"R\u00e1dio Life FM","alternateName":"Life FM","url":"https:\/\/radiolifefm.com.br\/noticias\/","logo":{"@type":"ImageObject","inLanguage":"pt-BR","@id":"https:\/\/radiolifefm.com.br\/noticias\/#\/schema\/logo\/image\/","url":"https:\/\/static.radiolifefm.com.br\/noticias\/wp-content\/uploads\/2019\/10\/logo-lifefm.png","contentUrl":"https:\/\/static.radiolifefm.com.br\/noticias\/wp-content\/uploads\/2019\/10\/logo-lifefm.png","width":196,"height":47,"caption":"R\u00e1dio Life FM"},"image":{"@id":"https:\/\/radiolifefm.com.br\/noticias\/#\/schema\/logo\/image\/"},"sameAs":["https:\/\/www.facebook.com\/radiolifefm\/","https:\/\/www.instagram.com\/life1079fm\/"]},{"@type":"Person","@id":"https:\/\/radiolifefm.com.br\/noticias\/#\/schema\/person\/6339b9fac59d12b071dec680d7375d87","name":"ritanery","image":{"@type":"ImageObject","inLanguage":"pt-BR","@id":"https:\/\/secure.gravatar.com\/avatar\/0e37bb19071f47c0b8a23f62a903df117c5a0e75f65a0c2901562f97cd41cf86?s=96&d=mm&r=g","url":"https:\/\/secure.gravatar.com\/avatar\/0e37bb19071f47c0b8a23f62a903df117c5a0e75f65a0c2901562f97cd41cf86?s=96&d=mm&r=g","contentUrl":"https:\/\/secure.gravatar.com\/avatar\/0e37bb19071f47c0b8a23f62a903df117c5a0e75f65a0c2901562f97cd41cf86?s=96&d=mm&r=g","caption":"ritanery"}}]}},"amp_enabled":true,"_links":{"self":[{"href":"https:\/\/radiolifefm.com.br\/noticias\/wp-json\/wp\/v2\/posts\/92896","targetHints":{"allow":["GET"]}}],"collection":[{"href":"https:\/\/radiolifefm.com.br\/noticias\/wp-json\/wp\/v2\/posts"}],"about":[{"href":"https:\/\/radiolifefm.com.br\/noticias\/wp-json\/wp\/v2\/types\/post"}],"author":[{"embeddable":true,"href":"https:\/\/radiolifefm.com.br\/noticias\/wp-json\/wp\/v2\/users\/13"}],"replies":[{"embeddable":true,"href":"https:\/\/radiolifefm.com.br\/noticias\/wp-json\/wp\/v2\/comments?post=92896"}],"version-history":[{"count":1,"href":"https:\/\/radiolifefm.com.br\/noticias\/wp-json\/wp\/v2\/posts\/92896\/revisions"}],"predecessor-version":[{"id":92897,"href":"https:\/\/radiolifefm.com.br\/noticias\/wp-json\/wp\/v2\/posts\/92896\/revisions\/92897"}],"wp:featuredmedia":[{"embeddable":true,"href":"https:\/\/radiolifefm.com.br\/noticias\/wp-json\/wp\/v2\/media\/51988"}],"wp:attachment":[{"href":"https:\/\/radiolifefm.com.br\/noticias\/wp-json\/wp\/v2\/media?parent=92896"}],"wp:term":[{"taxonomy":"category","embeddable":true,"href":"https:\/\/radiolifefm.com.br\/noticias\/wp-json\/wp\/v2\/categories?post=92896"},{"taxonomy":"post_tag","embeddable":true,"href":"https:\/\/radiolifefm.com.br\/noticias\/wp-json\/wp\/v2\/tags?post=92896"}],"curies":[{"name":"wp","href":"https:\/\/api.w.org\/{rel}","templated":true}]}}