{"id":92667,"date":"2024-09-10T14:54:42","date_gmt":"2024-09-10T17:54:42","guid":{"rendered":"https:\/\/radiolifefm.com.br\/noticias\/?p=92667"},"modified":"2026-04-19T15:27:51","modified_gmt":"2026-04-19T18:27:51","slug":"aqui-esta-a-versao-corrigida-e-revisada-do-texto-prosa-do-campo-recebe-o-empresario-junior-beloni-que-compartilha-suas-experiencias-no-meio-rural","status":"publish","type":"post","link":"https:\/\/radiolifefm.com.br\/noticias\/aqui-esta-a-versao-corrigida-e-revisada-do-texto-prosa-do-campo-recebe-o-empresario-junior-beloni-que-compartilha-suas-experiencias-no-meio-rural\/","title":{"rendered":"Prosa do Campo Recebe o Empres\u00e1rio J\u00fanior Beloni, que Compartilha Suas Experi\u00eancias no Meio Rural"},"content":{"rendered":"<div id=\"fb-root\"><\/div>\n<p>Na noite da \u00faltima segunda-feira, 9 de setembro, a Life FM transmitiu mais uma edi\u00e7\u00e3o do podcast \u201cProsa do Campo\u201d, apresentado pelo pecuarista Cristiano do Mor\u00e3o. O programa contou com a participa\u00e7\u00e3o de J\u00fanior Beloni, titular da JR Representa\u00e7\u00e3o de Servi\u00e7os e representante da empresa De Heus na regi\u00e3o.<\/p>\n<div class='flex flex-wrap items-center -mx-1'>\r\n<a class='thumbnail gallery p-1 w-1\/2 md:w-1\/4' href='https:\/\/radiolifefm.com.br\/noticias\/wp-content\/uploads\/2024\/09\/WhatsApp-Image-2024-09-10-at-14.30.48.jpeg'><img class='border border-white' src='https:\/\/radiolifefm.com.br\/noticias\/wp-content\/uploads\/2024\/09\/WhatsApp-Image-2024-09-10-at-14.30.48-200x200.jpeg' alt='WhatsApp Image 2024 09 10 At 14.30.48' \/><\/a><a class='thumbnail gallery p-1 w-1\/2 md:w-1\/4' href='https:\/\/radiolifefm.com.br\/noticias\/wp-content\/uploads\/2024\/09\/WhatsApp-Image-2024-09-10-at-14.30.42.jpeg'><img class='border border-white' src='https:\/\/radiolifefm.com.br\/noticias\/wp-content\/uploads\/2024\/09\/WhatsApp-Image-2024-09-10-at-14.30.42-200x200.jpeg' alt='WhatsApp Image 2024 09 10 At 14.30.42' \/><\/a><a class='thumbnail gallery p-1 w-1\/2 md:w-1\/4' href='https:\/\/radiolifefm.com.br\/noticias\/wp-content\/uploads\/2024\/09\/WhatsApp-Image-2024-09-10-at-14.30.41.jpeg'><img class='border border-white' src='https:\/\/radiolifefm.com.br\/noticias\/wp-content\/uploads\/2024\/09\/WhatsApp-Image-2024-09-10-at-14.30.41-200x200.jpeg' alt='WhatsApp Image 2024 09 10 At 14.30.41' \/><\/a><\/div>\n<p>Durante a entrevista, o empres\u00e1rio compartilhou seus conhecimentos sobre o agroneg\u00f3cio, falando sobre seu primeiro contato com a De Heus e os diferentes produtos que a empresa oferece ao homem do campo. Fundada em 1911, na Holanda, a De Heus \u00e9 especializada em nutri\u00e7\u00e3o animal e chegou ao Brasil em 2012, estabelecendo-se na cidade de Rio Claro.<\/p>\n<div class='flex flex-wrap items-center -mx-1'>\r\n<a class='thumbnail gallery p-1 w-1\/2 md:w-1\/4' href='https:\/\/radiolifefm.com.br\/noticias\/wp-content\/uploads\/2024\/09\/WhatsApp-Image-2024-09-10-at-14.30.40.jpeg'><img class='border border-white' src='https:\/\/radiolifefm.com.br\/noticias\/wp-content\/uploads\/2024\/09\/WhatsApp-Image-2024-09-10-at-14.30.40-200x200.jpeg' alt='WhatsApp Image 2024 09 10 At 14.30.40' \/><\/a><a class='thumbnail gallery p-1 w-1\/2 md:w-1\/4' href='https:\/\/radiolifefm.com.br\/noticias\/wp-content\/uploads\/2024\/09\/WhatsApp-Image-2024-09-10-at-14.30.47-1.jpeg'><img class='border border-white' src='https:\/\/radiolifefm.com.br\/noticias\/wp-content\/uploads\/2024\/09\/WhatsApp-Image-2024-09-10-at-14.30.47-1-200x200.jpeg' alt='WhatsApp Image 2024 09 10 At 14.30.47 (1)' \/><\/a><a class='thumbnail gallery p-1 w-1\/2 md:w-1\/4' href='https:\/\/radiolifefm.com.br\/noticias\/wp-content\/uploads\/2024\/09\/WhatsApp-Image-2024-09-10-at-14.30.47.jpeg'><img class='border border-white' src='https:\/\/radiolifefm.com.br\/noticias\/wp-content\/uploads\/2024\/09\/WhatsApp-Image-2024-09-10-at-14.30.47-200x200.jpeg' alt='WhatsApp Image 2024 09 10 At 14.30.47' \/><\/a><\/div>\n<ul>\n<li><strong>T\u00f3picos destacados:<\/strong>\n<ul>\n<li>De Heus<\/li>\n<li>Benef\u00edcios do Mub<\/li>\n<li>Processo de produ\u00e7\u00e3o<\/li>\n<li>Variedades do Mub<\/li>\n<\/ul>\n<p><div class='flex flex-wrap items-center -mx-1'>\r\n<a class='thumbnail gallery p-1 w-1\/2 md:w-1\/4' href='https:\/\/radiolifefm.com.br\/noticias\/wp-content\/uploads\/2024\/09\/WhatsApp-Image-2024-09-10-at-14.30.43.jpeg'><img class='border border-white' src='https:\/\/radiolifefm.com.br\/noticias\/wp-content\/uploads\/2024\/09\/WhatsApp-Image-2024-09-10-at-14.30.43-200x200.jpeg' alt='WhatsApp Image 2024 09 10 At 14.30.43' \/><\/a><a class='thumbnail gallery p-1 w-1\/2 md:w-1\/4' href='https:\/\/radiolifefm.com.br\/noticias\/wp-content\/uploads\/2024\/09\/WhatsApp-Image-2024-09-10-at-14.30.45.jpeg'><img class='border border-white' src='https:\/\/radiolifefm.com.br\/noticias\/wp-content\/uploads\/2024\/09\/WhatsApp-Image-2024-09-10-at-14.30.45-200x200.jpeg' alt='WhatsApp Image 2024 09 10 At 14.30.45' \/><\/a><\/div><\/li>\n<\/ul>\n<p>O podcast \u201cProsa do Campo\u201d \u00e9 ideal para amantes da vida no campo, trabalhadores do setor e empres\u00e1rios do agroneg\u00f3cio. Cristiano do Mor\u00e3o conduz o programa com seus convidados todas as segundas-feiras, \u00e0s 20h, diretamente do est\u00fadio da Life FM, com transmiss\u00e3o em v\u00e1rias plataformas.<\/p>\n<p>&nbsp;<\/p>\n<p>Para mais informa\u00e7\u00f5es sobre a entrevista, acesse o link abaixo.<\/p>\n<p><a href=\"https:\/\/www.youtube.com\/watch?v=J9jYUBFWRzc\">https:\/\/www.youtube.com\/watch?v=J9jYUBFWRzc<\/a><\/p>\n","protected":false},"excerpt":{"rendered":"<p>Na noite da \u00faltima segunda-feira, 9 de setembro, a Life FM transmitiu mais uma edi\u00e7\u00e3o do podcast \u201cProsa do Campo\u201d, apresentado pelo pecuarista Cristiano do Mor\u00e3o. O programa contou com a participa\u00e7\u00e3o de J\u00fanior Beloni, titular da JR Representa\u00e7\u00e3o de Servi\u00e7os e representante da empresa De Heus na regi\u00e3o. Durante a entrevista, o empres\u00e1rio compartilhou [&hellip;]<\/p>\n","protected":false},"author":8,"featured_media":92675,"comment_status":"closed","ping_status":"open","sticky":false,"template":"","format":"standard","meta":{"_acf_changed":false,"_exactmetrics_skip_tracking":false,"_exactmetrics_sitenote_active":false,"_exactmetrics_sitenote_note":"","_exactmetrics_sitenote_category":0,"footnotes":""},"categories":[191,24],"tags":[],"class_list":["post-92667","post","type-post","status-publish","format-standard","has-post-thumbnail","hentry","category-prosa-do-campo","category-regiao"],"acf":[],"yoast_head":"<!-- This site is optimized with the Yoast SEO plugin v27.2 - https:\/\/yoast.com\/product\/yoast-seo-wordpress\/ -->\n<title>Prosa do Campo Recebe o Empres\u00e1rio J\u00fanior Beloni, que Compartilha Suas Experi\u00eancias no Meio Rural - R\u00e1dio Life FM<\/title>\n<meta name=\"robots\" content=\"index, follow, max-snippet:-1, max-image-preview:large, max-video-preview:-1\" \/>\n<link rel=\"canonical\" href=\"https:\/\/radiolifefm.com.br\/noticias\/aqui-esta-a-versao-corrigida-e-revisada-do-texto-prosa-do-campo-recebe-o-empresario-junior-beloni-que-compartilha-suas-experiencias-no-meio-rural\/\" \/>\n<meta property=\"og:locale\" content=\"pt_BR\" \/>\n<meta property=\"og:type\" content=\"article\" \/>\n<meta property=\"og:title\" content=\"Prosa do Campo Recebe o Empres\u00e1rio J\u00fanior Beloni, que Compartilha Suas Experi\u00eancias no Meio Rural - R\u00e1dio Life FM\" \/>\n<meta property=\"og:description\" content=\"Na noite da \u00faltima segunda-feira, 9 de setembro, a Life FM transmitiu mais uma edi\u00e7\u00e3o do podcast \u201cProsa do Campo\u201d, apresentado pelo pecuarista Cristiano do Mor\u00e3o. O programa contou com a participa\u00e7\u00e3o de J\u00fanior Beloni, titular da JR Representa\u00e7\u00e3o de Servi\u00e7os e representante da empresa De Heus na regi\u00e3o. Durante a entrevista, o empres\u00e1rio compartilhou [&hellip;]\" \/>\n<meta property=\"og:url\" content=\"https:\/\/radiolifefm.com.br\/noticias\/aqui-esta-a-versao-corrigida-e-revisada-do-texto-prosa-do-campo-recebe-o-empresario-junior-beloni-que-compartilha-suas-experiencias-no-meio-rural\/\" \/>\n<meta property=\"og:site_name\" content=\"R\u00e1dio Life FM\" \/>\n<meta property=\"article:publisher\" content=\"https:\/\/www.facebook.com\/radiolifefm\/\" \/>\n<meta property=\"article:published_time\" content=\"2024-09-10T17:54:42+00:00\" \/>\n<meta property=\"article:modified_time\" content=\"2026-04-19T18:27:51+00:00\" \/>\n<meta property=\"og:image\" content=\"https:\/\/radiolifefm.com.br\/noticias\/wp-content\/uploads\/2024\/09\/WhatsApp-Image-2024-09-10-at-14.30.40.jpeg\" \/>\n\t<meta property=\"og:image:width\" content=\"1600\" \/>\n\t<meta property=\"og:image:height\" content=\"1200\" \/>\n\t<meta property=\"og:image:type\" content=\"image\/jpeg\" \/>\n<meta name=\"author\" content=\"joaograndao\" \/>\n<meta name=\"twitter:card\" content=\"summary_large_image\" \/>\n<meta name=\"twitter:label1\" content=\"Escrito por\" \/>\n\t<meta name=\"twitter:data1\" content=\"joaograndao\" \/>\n\t<meta name=\"twitter:label2\" content=\"Est. tempo de leitura\" \/>\n\t<meta name=\"twitter:data2\" content=\"2 minutos\" \/>\n<script type=\"application\/ld+json\" class=\"yoast-schema-graph\">{\"@context\":\"https:\/\/schema.org\",\"@graph\":[{\"@type\":\"Article\",\"@id\":\"https:\/\/radiolifefm.com.br\/noticias\/aqui-esta-a-versao-corrigida-e-revisada-do-texto-prosa-do-campo-recebe-o-empresario-junior-beloni-que-compartilha-suas-experiencias-no-meio-rural\/#article\",\"isPartOf\":{\"@id\":\"https:\/\/radiolifefm.com.br\/noticias\/aqui-esta-a-versao-corrigida-e-revisada-do-texto-prosa-do-campo-recebe-o-empresario-junior-beloni-que-compartilha-suas-experiencias-no-meio-rural\/\"},\"author\":{\"name\":\"joaograndao\",\"@id\":\"https:\/\/radiolifefm.com.br\/noticias\/#\/schema\/person\/6876e1240feffe6e1b63fd5cb85abf28\"},\"headline\":\"Prosa do Campo Recebe o Empres\u00e1rio J\u00fanior Beloni, que Compartilha Suas Experi\u00eancias no Meio Rural\",\"datePublished\":\"2024-09-10T17:54:42+00:00\",\"dateModified\":\"2026-04-19T18:27:51+00:00\",\"mainEntityOfPage\":{\"@id\":\"https:\/\/radiolifefm.com.br\/noticias\/aqui-esta-a-versao-corrigida-e-revisada-do-texto-prosa-do-campo-recebe-o-empresario-junior-beloni-que-compartilha-suas-experiencias-no-meio-rural\/\"},\"wordCount\":222,\"publisher\":{\"@id\":\"https:\/\/radiolifefm.com.br\/noticias\/#organization\"},\"image\":{\"@id\":\"https:\/\/radiolifefm.com.br\/noticias\/aqui-esta-a-versao-corrigida-e-revisada-do-texto-prosa-do-campo-recebe-o-empresario-junior-beloni-que-compartilha-suas-experiencias-no-meio-rural\/#primaryimage\"},\"thumbnailUrl\":\"https:\/\/radiolifefm.com.br\/noticias\/wp-content\/uploads\/2024\/09\/WhatsApp-Image-2024-09-10-at-14.30.40.jpeg\",\"articleSection\":[\"Prosa do Campo\",\"Regi\u00e3o\"],\"inLanguage\":\"pt-BR\"},{\"@type\":\"WebPage\",\"@id\":\"https:\/\/radiolifefm.com.br\/noticias\/aqui-esta-a-versao-corrigida-e-revisada-do-texto-prosa-do-campo-recebe-o-empresario-junior-beloni-que-compartilha-suas-experiencias-no-meio-rural\/\",\"url\":\"https:\/\/radiolifefm.com.br\/noticias\/aqui-esta-a-versao-corrigida-e-revisada-do-texto-prosa-do-campo-recebe-o-empresario-junior-beloni-que-compartilha-suas-experiencias-no-meio-rural\/\",\"name\":\"Prosa do Campo Recebe o Empres\u00e1rio J\u00fanior Beloni, que Compartilha Suas Experi\u00eancias no Meio Rural - R\u00e1dio Life FM\",\"isPartOf\":{\"@id\":\"https:\/\/radiolifefm.com.br\/noticias\/#website\"},\"primaryImageOfPage\":{\"@id\":\"https:\/\/radiolifefm.com.br\/noticias\/aqui-esta-a-versao-corrigida-e-revisada-do-texto-prosa-do-campo-recebe-o-empresario-junior-beloni-que-compartilha-suas-experiencias-no-meio-rural\/#primaryimage\"},\"image\":{\"@id\":\"https:\/\/radiolifefm.com.br\/noticias\/aqui-esta-a-versao-corrigida-e-revisada-do-texto-prosa-do-campo-recebe-o-empresario-junior-beloni-que-compartilha-suas-experiencias-no-meio-rural\/#primaryimage\"},\"thumbnailUrl\":\"https:\/\/radiolifefm.com.br\/noticias\/wp-content\/uploads\/2024\/09\/WhatsApp-Image-2024-09-10-at-14.30.40.jpeg\",\"datePublished\":\"2024-09-10T17:54:42+00:00\",\"dateModified\":\"2026-04-19T18:27:51+00:00\",\"breadcrumb\":{\"@id\":\"https:\/\/radiolifefm.com.br\/noticias\/aqui-esta-a-versao-corrigida-e-revisada-do-texto-prosa-do-campo-recebe-o-empresario-junior-beloni-que-compartilha-suas-experiencias-no-meio-rural\/#breadcrumb\"},\"inLanguage\":\"pt-BR\",\"potentialAction\":[{\"@type\":\"ReadAction\",\"target\":[\"https:\/\/radiolifefm.com.br\/noticias\/aqui-esta-a-versao-corrigida-e-revisada-do-texto-prosa-do-campo-recebe-o-empresario-junior-beloni-que-compartilha-suas-experiencias-no-meio-rural\/\"]}]},{\"@type\":\"ImageObject\",\"inLanguage\":\"pt-BR\",\"@id\":\"https:\/\/radiolifefm.com.br\/noticias\/aqui-esta-a-versao-corrigida-e-revisada-do-texto-prosa-do-campo-recebe-o-empresario-junior-beloni-que-compartilha-suas-experiencias-no-meio-rural\/#primaryimage\",\"url\":\"https:\/\/radiolifefm.com.br\/noticias\/wp-content\/uploads\/2024\/09\/WhatsApp-Image-2024-09-10-at-14.30.40.jpeg\",\"contentUrl\":\"https:\/\/radiolifefm.com.br\/noticias\/wp-content\/uploads\/2024\/09\/WhatsApp-Image-2024-09-10-at-14.30.40.jpeg\",\"width\":1600,\"height\":1200},{\"@type\":\"BreadcrumbList\",\"@id\":\"https:\/\/radiolifefm.com.br\/noticias\/aqui-esta-a-versao-corrigida-e-revisada-do-texto-prosa-do-campo-recebe-o-empresario-junior-beloni-que-compartilha-suas-experiencias-no-meio-rural\/#breadcrumb\",\"itemListElement\":[{\"@type\":\"ListItem\",\"position\":1,\"name\":\"In\u00edcio\",\"item\":\"https:\/\/radiolifefm.com.br\/noticias\/\"},{\"@type\":\"ListItem\",\"position\":2,\"name\":\"Prosa do Campo Recebe o Empres\u00e1rio J\u00fanior Beloni, que Compartilha Suas Experi\u00eancias no Meio Rural\"}]},{\"@type\":\"WebSite\",\"@id\":\"https:\/\/radiolifefm.com.br\/noticias\/#website\",\"url\":\"https:\/\/radiolifefm.com.br\/noticias\/\",\"name\":\"R\u00e1dio Life FM\",\"description\":\"O Portal de Not\u00edcias de Adamantina\",\"publisher\":{\"@id\":\"https:\/\/radiolifefm.com.br\/noticias\/#organization\"},\"alternateName\":\"Life FM\",\"potentialAction\":[{\"@type\":\"SearchAction\",\"target\":{\"@type\":\"EntryPoint\",\"urlTemplate\":\"https:\/\/radiolifefm.com.br\/noticias\/?s={search_term_string}\"},\"query-input\":{\"@type\":\"PropertyValueSpecification\",\"valueRequired\":true,\"valueName\":\"search_term_string\"}}],\"inLanguage\":\"pt-BR\"},{\"@type\":\"Organization\",\"@id\":\"https:\/\/radiolifefm.com.br\/noticias\/#organization\",\"name\":\"R\u00e1dio Life FM\",\"alternateName\":\"Life FM\",\"url\":\"https:\/\/radiolifefm.com.br\/noticias\/\",\"logo\":{\"@type\":\"ImageObject\",\"inLanguage\":\"pt-BR\",\"@id\":\"https:\/\/radiolifefm.com.br\/noticias\/#\/schema\/logo\/image\/\",\"url\":\"https:\/\/static.radiolifefm.com.br\/noticias\/wp-content\/uploads\/2019\/10\/logo-lifefm.png\",\"contentUrl\":\"https:\/\/static.radiolifefm.com.br\/noticias\/wp-content\/uploads\/2019\/10\/logo-lifefm.png\",\"width\":196,\"height\":47,\"caption\":\"R\u00e1dio Life FM\"},\"image\":{\"@id\":\"https:\/\/radiolifefm.com.br\/noticias\/#\/schema\/logo\/image\/\"},\"sameAs\":[\"https:\/\/www.facebook.com\/radiolifefm\/\",\"https:\/\/www.instagram.com\/life1079fm\/\"]},{\"@type\":\"Person\",\"@id\":\"https:\/\/radiolifefm.com.br\/noticias\/#\/schema\/person\/6876e1240feffe6e1b63fd5cb85abf28\",\"name\":\"joaograndao\",\"image\":{\"@type\":\"ImageObject\",\"inLanguage\":\"pt-BR\",\"@id\":\"https:\/\/secure.gravatar.com\/avatar\/d5b1a3cf357ed9c50404e256a1294083aa8ab5d2a994001567302786016cb32c?s=96&d=mm&r=g\",\"url\":\"https:\/\/secure.gravatar.com\/avatar\/d5b1a3cf357ed9c50404e256a1294083aa8ab5d2a994001567302786016cb32c?s=96&d=mm&r=g\",\"contentUrl\":\"https:\/\/secure.gravatar.com\/avatar\/d5b1a3cf357ed9c50404e256a1294083aa8ab5d2a994001567302786016cb32c?s=96&d=mm&r=g\",\"caption\":\"joaograndao\"}}]}<\/script>\n<!-- \/ Yoast SEO plugin. -->","yoast_head_json":{"title":"Prosa do Campo Recebe o Empres\u00e1rio J\u00fanior Beloni, que Compartilha Suas Experi\u00eancias no Meio Rural - R\u00e1dio Life FM","robots":{"index":"index","follow":"follow","max-snippet":"max-snippet:-1","max-image-preview":"max-image-preview:large","max-video-preview":"max-video-preview:-1"},"canonical":"https:\/\/radiolifefm.com.br\/noticias\/aqui-esta-a-versao-corrigida-e-revisada-do-texto-prosa-do-campo-recebe-o-empresario-junior-beloni-que-compartilha-suas-experiencias-no-meio-rural\/","og_locale":"pt_BR","og_type":"article","og_title":"Prosa do Campo Recebe o Empres\u00e1rio J\u00fanior Beloni, que Compartilha Suas Experi\u00eancias no Meio Rural - R\u00e1dio Life FM","og_description":"Na noite da \u00faltima segunda-feira, 9 de setembro, a Life FM transmitiu mais uma edi\u00e7\u00e3o do podcast \u201cProsa do Campo\u201d, apresentado pelo pecuarista Cristiano do Mor\u00e3o. O programa contou com a participa\u00e7\u00e3o de J\u00fanior Beloni, titular da JR Representa\u00e7\u00e3o de Servi\u00e7os e representante da empresa De Heus na regi\u00e3o. Durante a entrevista, o empres\u00e1rio compartilhou [&hellip;]","og_url":"https:\/\/radiolifefm.com.br\/noticias\/aqui-esta-a-versao-corrigida-e-revisada-do-texto-prosa-do-campo-recebe-o-empresario-junior-beloni-que-compartilha-suas-experiencias-no-meio-rural\/","og_site_name":"R\u00e1dio Life FM","article_publisher":"https:\/\/www.facebook.com\/radiolifefm\/","article_published_time":"2024-09-10T17:54:42+00:00","article_modified_time":"2026-04-19T18:27:51+00:00","og_image":[{"width":1600,"height":1200,"url":"https:\/\/radiolifefm.com.br\/noticias\/wp-content\/uploads\/2024\/09\/WhatsApp-Image-2024-09-10-at-14.30.40.jpeg","type":"image\/jpeg"}],"author":"joaograndao","twitter_card":"summary_large_image","twitter_misc":{"Escrito por":"joaograndao","Est. tempo de leitura":"2 minutos"},"schema":{"@context":"https:\/\/schema.org","@graph":[{"@type":"Article","@id":"https:\/\/radiolifefm.com.br\/noticias\/aqui-esta-a-versao-corrigida-e-revisada-do-texto-prosa-do-campo-recebe-o-empresario-junior-beloni-que-compartilha-suas-experiencias-no-meio-rural\/#article","isPartOf":{"@id":"https:\/\/radiolifefm.com.br\/noticias\/aqui-esta-a-versao-corrigida-e-revisada-do-texto-prosa-do-campo-recebe-o-empresario-junior-beloni-que-compartilha-suas-experiencias-no-meio-rural\/"},"author":{"name":"joaograndao","@id":"https:\/\/radiolifefm.com.br\/noticias\/#\/schema\/person\/6876e1240feffe6e1b63fd5cb85abf28"},"headline":"Prosa do Campo Recebe o Empres\u00e1rio J\u00fanior Beloni, que Compartilha Suas Experi\u00eancias no Meio Rural","datePublished":"2024-09-10T17:54:42+00:00","dateModified":"2026-04-19T18:27:51+00:00","mainEntityOfPage":{"@id":"https:\/\/radiolifefm.com.br\/noticias\/aqui-esta-a-versao-corrigida-e-revisada-do-texto-prosa-do-campo-recebe-o-empresario-junior-beloni-que-compartilha-suas-experiencias-no-meio-rural\/"},"wordCount":222,"publisher":{"@id":"https:\/\/radiolifefm.com.br\/noticias\/#organization"},"image":{"@id":"https:\/\/radiolifefm.com.br\/noticias\/aqui-esta-a-versao-corrigida-e-revisada-do-texto-prosa-do-campo-recebe-o-empresario-junior-beloni-que-compartilha-suas-experiencias-no-meio-rural\/#primaryimage"},"thumbnailUrl":"https:\/\/radiolifefm.com.br\/noticias\/wp-content\/uploads\/2024\/09\/WhatsApp-Image-2024-09-10-at-14.30.40.jpeg","articleSection":["Prosa do Campo","Regi\u00e3o"],"inLanguage":"pt-BR"},{"@type":"WebPage","@id":"https:\/\/radiolifefm.com.br\/noticias\/aqui-esta-a-versao-corrigida-e-revisada-do-texto-prosa-do-campo-recebe-o-empresario-junior-beloni-que-compartilha-suas-experiencias-no-meio-rural\/","url":"https:\/\/radiolifefm.com.br\/noticias\/aqui-esta-a-versao-corrigida-e-revisada-do-texto-prosa-do-campo-recebe-o-empresario-junior-beloni-que-compartilha-suas-experiencias-no-meio-rural\/","name":"Prosa do Campo Recebe o Empres\u00e1rio J\u00fanior Beloni, que Compartilha Suas Experi\u00eancias no Meio Rural - R\u00e1dio Life FM","isPartOf":{"@id":"https:\/\/radiolifefm.com.br\/noticias\/#website"},"primaryImageOfPage":{"@id":"https:\/\/radiolifefm.com.br\/noticias\/aqui-esta-a-versao-corrigida-e-revisada-do-texto-prosa-do-campo-recebe-o-empresario-junior-beloni-que-compartilha-suas-experiencias-no-meio-rural\/#primaryimage"},"image":{"@id":"https:\/\/radiolifefm.com.br\/noticias\/aqui-esta-a-versao-corrigida-e-revisada-do-texto-prosa-do-campo-recebe-o-empresario-junior-beloni-que-compartilha-suas-experiencias-no-meio-rural\/#primaryimage"},"thumbnailUrl":"https:\/\/radiolifefm.com.br\/noticias\/wp-content\/uploads\/2024\/09\/WhatsApp-Image-2024-09-10-at-14.30.40.jpeg","datePublished":"2024-09-10T17:54:42+00:00","dateModified":"2026-04-19T18:27:51+00:00","breadcrumb":{"@id":"https:\/\/radiolifefm.com.br\/noticias\/aqui-esta-a-versao-corrigida-e-revisada-do-texto-prosa-do-campo-recebe-o-empresario-junior-beloni-que-compartilha-suas-experiencias-no-meio-rural\/#breadcrumb"},"inLanguage":"pt-BR","potentialAction":[{"@type":"ReadAction","target":["https:\/\/radiolifefm.com.br\/noticias\/aqui-esta-a-versao-corrigida-e-revisada-do-texto-prosa-do-campo-recebe-o-empresario-junior-beloni-que-compartilha-suas-experiencias-no-meio-rural\/"]}]},{"@type":"ImageObject","inLanguage":"pt-BR","@id":"https:\/\/radiolifefm.com.br\/noticias\/aqui-esta-a-versao-corrigida-e-revisada-do-texto-prosa-do-campo-recebe-o-empresario-junior-beloni-que-compartilha-suas-experiencias-no-meio-rural\/#primaryimage","url":"https:\/\/radiolifefm.com.br\/noticias\/wp-content\/uploads\/2024\/09\/WhatsApp-Image-2024-09-10-at-14.30.40.jpeg","contentUrl":"https:\/\/radiolifefm.com.br\/noticias\/wp-content\/uploads\/2024\/09\/WhatsApp-Image-2024-09-10-at-14.30.40.jpeg","width":1600,"height":1200},{"@type":"BreadcrumbList","@id":"https:\/\/radiolifefm.com.br\/noticias\/aqui-esta-a-versao-corrigida-e-revisada-do-texto-prosa-do-campo-recebe-o-empresario-junior-beloni-que-compartilha-suas-experiencias-no-meio-rural\/#breadcrumb","itemListElement":[{"@type":"ListItem","position":1,"name":"In\u00edcio","item":"https:\/\/radiolifefm.com.br\/noticias\/"},{"@type":"ListItem","position":2,"name":"Prosa do Campo Recebe o Empres\u00e1rio J\u00fanior Beloni, que Compartilha Suas Experi\u00eancias no Meio Rural"}]},{"@type":"WebSite","@id":"https:\/\/radiolifefm.com.br\/noticias\/#website","url":"https:\/\/radiolifefm.com.br\/noticias\/","name":"R\u00e1dio Life FM","description":"O Portal de Not\u00edcias de Adamantina","publisher":{"@id":"https:\/\/radiolifefm.com.br\/noticias\/#organization"},"alternateName":"Life FM","potentialAction":[{"@type":"SearchAction","target":{"@type":"EntryPoint","urlTemplate":"https:\/\/radiolifefm.com.br\/noticias\/?s={search_term_string}"},"query-input":{"@type":"PropertyValueSpecification","valueRequired":true,"valueName":"search_term_string"}}],"inLanguage":"pt-BR"},{"@type":"Organization","@id":"https:\/\/radiolifefm.com.br\/noticias\/#organization","name":"R\u00e1dio Life FM","alternateName":"Life FM","url":"https:\/\/radiolifefm.com.br\/noticias\/","logo":{"@type":"ImageObject","inLanguage":"pt-BR","@id":"https:\/\/radiolifefm.com.br\/noticias\/#\/schema\/logo\/image\/","url":"https:\/\/static.radiolifefm.com.br\/noticias\/wp-content\/uploads\/2019\/10\/logo-lifefm.png","contentUrl":"https:\/\/static.radiolifefm.com.br\/noticias\/wp-content\/uploads\/2019\/10\/logo-lifefm.png","width":196,"height":47,"caption":"R\u00e1dio Life FM"},"image":{"@id":"https:\/\/radiolifefm.com.br\/noticias\/#\/schema\/logo\/image\/"},"sameAs":["https:\/\/www.facebook.com\/radiolifefm\/","https:\/\/www.instagram.com\/life1079fm\/"]},{"@type":"Person","@id":"https:\/\/radiolifefm.com.br\/noticias\/#\/schema\/person\/6876e1240feffe6e1b63fd5cb85abf28","name":"joaograndao","image":{"@type":"ImageObject","inLanguage":"pt-BR","@id":"https:\/\/secure.gravatar.com\/avatar\/d5b1a3cf357ed9c50404e256a1294083aa8ab5d2a994001567302786016cb32c?s=96&d=mm&r=g","url":"https:\/\/secure.gravatar.com\/avatar\/d5b1a3cf357ed9c50404e256a1294083aa8ab5d2a994001567302786016cb32c?s=96&d=mm&r=g","contentUrl":"https:\/\/secure.gravatar.com\/avatar\/d5b1a3cf357ed9c50404e256a1294083aa8ab5d2a994001567302786016cb32c?s=96&d=mm&r=g","caption":"joaograndao"}}]}},"amp_enabled":true,"_links":{"self":[{"href":"https:\/\/radiolifefm.com.br\/noticias\/wp-json\/wp\/v2\/posts\/92667","targetHints":{"allow":["GET"]}}],"collection":[{"href":"https:\/\/radiolifefm.com.br\/noticias\/wp-json\/wp\/v2\/posts"}],"about":[{"href":"https:\/\/radiolifefm.com.br\/noticias\/wp-json\/wp\/v2\/types\/post"}],"author":[{"embeddable":true,"href":"https:\/\/radiolifefm.com.br\/noticias\/wp-json\/wp\/v2\/users\/8"}],"replies":[{"embeddable":true,"href":"https:\/\/radiolifefm.com.br\/noticias\/wp-json\/wp\/v2\/comments?post=92667"}],"version-history":[{"count":2,"href":"https:\/\/radiolifefm.com.br\/noticias\/wp-json\/wp\/v2\/posts\/92667\/revisions"}],"predecessor-version":[{"id":92702,"href":"https:\/\/radiolifefm.com.br\/noticias\/wp-json\/wp\/v2\/posts\/92667\/revisions\/92702"}],"wp:featuredmedia":[{"embeddable":true,"href":"https:\/\/radiolifefm.com.br\/noticias\/wp-json\/wp\/v2\/media\/92675"}],"wp:attachment":[{"href":"https:\/\/radiolifefm.com.br\/noticias\/wp-json\/wp\/v2\/media?parent=92667"}],"wp:term":[{"taxonomy":"category","embeddable":true,"href":"https:\/\/radiolifefm.com.br\/noticias\/wp-json\/wp\/v2\/categories?post=92667"},{"taxonomy":"post_tag","embeddable":true,"href":"https:\/\/radiolifefm.com.br\/noticias\/wp-json\/wp\/v2\/tags?post=92667"}],"curies":[{"name":"wp","href":"https:\/\/api.w.org\/{rel}","templated":true}]}}