{"id":92647,"date":"2024-09-10T08:16:23","date_gmt":"2024-09-10T11:16:23","guid":{"rendered":"https:\/\/radiolifefm.com.br\/noticias\/?p=92647"},"modified":"2026-04-15T00:34:07","modified_gmt":"2026-04-15T03:34:07","slug":"religiao-politica-e-o-culto-a-deus-nao-confunda","status":"publish","type":"post","link":"https:\/\/radiolifefm.com.br\/noticias\/religiao-politica-e-o-culto-a-deus-nao-confunda\/","title":{"rendered":"RELIGI\u00c3O, POL\u00cdTICA E O CULTO A DEUS: N\u00c3O CONFUNDA"},"content":{"rendered":"<div id=\"fb-root\"><\/div>\n<p>Em um tempo em que religi\u00e3o e pol\u00edtica frequentemente se entrela\u00e7am nos debates p\u00fablicos, muitas vezes s\u00e3o tratados de forma confusa, \u00e9 crucial refletir sobre suas defini\u00e7\u00f5es e o impacto de cada uma, especialmente em rela\u00e7\u00e3o ao culto a Deus. Embora a religi\u00e3o e a pol\u00edtica desempenhem pap\u00e9is importantes na forma\u00e7\u00e3o de uma sociedade justa, \u00e9 essencial reconhecer que o culto a Deus ocupa uma esfera completamente distinta, reservada exclusivamente para a adora\u00e7\u00e3o ao Criador.<\/p>\n<p>&nbsp;<\/p>\n<p>Religi\u00e3o, Pol\u00edtica e Culto: Diferen\u00e7as Essenciais<\/p>\n<p>&nbsp;<\/p>\n<p>A religi\u00e3o representa a conex\u00e3o profunda entre o ser humano e o divino. Ela abrange cren\u00e7as e pr\u00e1ticas que orientam a vida espiritual e moral, moldando o comportamento atrav\u00e9s da f\u00e9 e da busca por um prop\u00f3sito superior. A religi\u00e3o \u00e9 o meio pelo qual nos ligamos a Deus e constru\u00edmos uma \u00e9tica fundamentada nesse relacionamento sagrado.<\/p>\n<p>&nbsp;<\/p>\n<p>A pol\u00edtica lida com a administra\u00e7\u00e3o da vida em sociedade. \u00c9 o campo onde se discutem e se estabelecem normas e leis para promover a justi\u00e7a e o bem-estar coletivo. Embora a pol\u00edtica possa se beneficiar dos princ\u00edpios religiosos \u2014 como a justi\u00e7a, o amor ao pr\u00f3ximo e a prote\u00e7\u00e3o dos desfavorecidos \u2014, ela deve operar de maneira independente da religi\u00e3o para evitar a instrumentaliza\u00e7\u00e3o da f\u00e9 para fins de controle pol\u00edtico.<\/p>\n<p>&nbsp;<\/p>\n<p>E o culto? Culto \u00e9 culto! O culto \u00e9 teoc\u00eantrico, ele \u00e9 feito para agradar a Deus e n\u00e3o para agradar aos homens, ele \u00e9 o cora\u00e7\u00e3o da experi\u00eancia religiosa, o momento em que a igreja se re\u00fane para adorar a Deus, ouvir Sua Palavra e render-lhe a\u00e7\u00f5es de gra\u00e7as. \u00c9 um espa\u00e7o sagrado, onde o foco deve ser exclusivamente a gl\u00f3ria de Deus. Diferente da religi\u00e3o, que pode se expressar de v\u00e1rias formas no dia a dia, o culto \u00e9 o ato central de consagra\u00e7\u00e3o e adora\u00e7\u00e3o, um tempo reservado ao divino. Misturar pol\u00edtica com o culto \u00e9 uma viola\u00e7\u00e3o do prop\u00f3sito divino no momento, compromete a santidade do culto e desvia o verdadeiro prop\u00f3sito da adora\u00e7\u00e3o.<\/p>\n<p>&nbsp;<\/p>\n<p>Convido voc\u00ea a refletir sobre a fun\u00e7\u00e3o da f\u00e9 no espa\u00e7o p\u00fablico, mantendo uma clara separa\u00e7\u00e3o entre as institui\u00e7\u00f5es religiosas e pol\u00edticas. A influ\u00eancia da religi\u00e3o na pol\u00edtica n\u00e3o deve ser negada, mas \u00e9 fundamental reconhecer os limites e as possibilidades dessa intera\u00e7\u00e3o. Por exemplo, os ensinamentos de Jesus Cristo oferecem princ\u00edpios \u00e9ticos que podem inspirar a\u00e7\u00f5es pol\u00edticas \u2014 como o amor ao pr\u00f3ximo, a justi\u00e7a e o cuidado com os pobres e marginalizados. Contudo, a teologia tamb\u00e9m alerta para os perigos do \u201cmessianismo pol\u00edtico\u201d, onde l\u00edderes pol\u00edticos s\u00e3o tratados como salvadores absolutos, ou da \u201csacraliza\u00e7\u00e3o do poder\u201d, onde a pol\u00edtica \u00e9 divinizada a ponto de se tornar imune \u00e0 cr\u00edtica.<\/p>\n<p>Religi\u00e3o e pol\u00edtica podem contribuir para a promo\u00e7\u00e3o de uma sociedade mais justa e \u00e9tica, mas \u00e9 fundamental entender que o culto a Deus \u00e9 algo sagrado e exclusivo. Este \u00e9 o momento em que o cora\u00e7\u00e3o do adorador se volta totalmente para o Criador, onde se experimenta a gra\u00e7a e a presen\u00e7a divina. No culto, as preocupa\u00e7\u00f5es terrenas se desvanecem diante da majestade de Deus, e o Esp\u00edrito Santo renova nossa f\u00e9 e esperan\u00e7a.<\/p>\n<p>&nbsp;<\/p>\n<p>No mundo conturbado em que vivemos, o culto nos lembra que Deus continua soberano, acima de todas as disputas pol\u00edticas e divis\u00f5es humanas. Ele \u00e9 a fonte de nossa esperan\u00e7a e o autor da nossa f\u00e9. Quando nos reunimos para ador\u00e1-lo, somos revigorados pela certeza de que, independentemente das circunst\u00e2ncias ao nosso redor, \u201cDeus \u00e9 o nosso ref\u00fagio e a nossa for\u00e7a, sempre pronto a nos socorrer em tempos de afli\u00e7\u00e3o\u201d (Salmo 46:1).<\/p>\n<p>\u00c9 nesse encontro com Deus que encontramos for\u00e7as para viver e agir segundo os Seus princ\u00edpios, tanto na esfera pessoal quanto na p\u00fablica. O culto \u00e9 tempo de adora\u00e7\u00e3o, tempo de ser restaurado e fortalecido pelo poder daquele que governa sobre todos os reinos, tanto terrenos quanto celestiais.<\/p>\n<p>&nbsp;<\/p>\n<p>&nbsp;<\/p>\n<p><strong>Rafael Assiz<\/strong> @rafaelassiz<\/p>\n<p>Escritor | Mestrando em Ci\u00eancias da Religi\u00e3o (UMESP)<\/p>\n<p>P\u00f3s-graduado em Teologia, Estudos B\u00edblicos no Novo<\/p>\n<p>Testamento, Aconselhamento e Psicologia Pastoral.<\/p>\n","protected":false},"excerpt":{"rendered":"<p>Em um tempo em que religi\u00e3o e pol\u00edtica frequentemente se entrela\u00e7am nos debates p\u00fablicos, muitas vezes s\u00e3o tratados de forma confusa, \u00e9 crucial refletir sobre suas defini\u00e7\u00f5es e o impacto de cada uma, especialmente em rela\u00e7\u00e3o ao culto a Deus. Embora a religi\u00e3o e a pol\u00edtica desempenhem pap\u00e9is importantes na forma\u00e7\u00e3o de uma sociedade justa, [&hellip;]<\/p>\n","protected":false},"author":13,"featured_media":92648,"comment_status":"closed","ping_status":"open","sticky":false,"template":"","format":"standard","meta":{"_acf_changed":false,"_exactmetrics_skip_tracking":false,"_exactmetrics_sitenote_active":false,"_exactmetrics_sitenote_note":"","_exactmetrics_sitenote_category":0,"footnotes":""},"categories":[59],"tags":[],"class_list":["post-92647","post","type-post","status-publish","format-standard","has-post-thumbnail","hentry","category-opiniao"],"acf":[],"yoast_head":"<!-- This site is optimized with the Yoast SEO plugin v27.2 - https:\/\/yoast.com\/product\/yoast-seo-wordpress\/ -->\n<title>RELIGI\u00c3O, POL\u00cdTICA E O CULTO A DEUS: N\u00c3O CONFUNDA - R\u00e1dio Life FM<\/title>\n<meta name=\"robots\" content=\"index, follow, max-snippet:-1, max-image-preview:large, max-video-preview:-1\" \/>\n<link rel=\"canonical\" href=\"https:\/\/radiolifefm.com.br\/noticias\/religiao-politica-e-o-culto-a-deus-nao-confunda\/\" \/>\n<meta property=\"og:locale\" content=\"pt_BR\" \/>\n<meta property=\"og:type\" content=\"article\" \/>\n<meta property=\"og:title\" content=\"RELIGI\u00c3O, POL\u00cdTICA E O CULTO A DEUS: N\u00c3O CONFUNDA - R\u00e1dio Life FM\" \/>\n<meta property=\"og:description\" content=\"Em um tempo em que religi\u00e3o e pol\u00edtica frequentemente se entrela\u00e7am nos debates p\u00fablicos, muitas vezes s\u00e3o tratados de forma confusa, \u00e9 crucial refletir sobre suas defini\u00e7\u00f5es e o impacto de cada uma, especialmente em rela\u00e7\u00e3o ao culto a Deus. Embora a religi\u00e3o e a pol\u00edtica desempenhem pap\u00e9is importantes na forma\u00e7\u00e3o de uma sociedade justa, [&hellip;]\" \/>\n<meta property=\"og:url\" content=\"https:\/\/radiolifefm.com.br\/noticias\/religiao-politica-e-o-culto-a-deus-nao-confunda\/\" \/>\n<meta property=\"og:site_name\" content=\"R\u00e1dio Life FM\" \/>\n<meta property=\"article:publisher\" content=\"https:\/\/www.facebook.com\/radiolifefm\/\" \/>\n<meta property=\"article:published_time\" content=\"2024-09-10T11:16:23+00:00\" \/>\n<meta property=\"article:modified_time\" content=\"2026-04-15T03:34:07+00:00\" \/>\n<meta property=\"og:image\" content=\"https:\/\/radiolifefm.com.br\/noticias\/wp-content\/uploads\/2024\/09\/WhatsApp-Image-2024-09-09-at-17.04.34.jpeg\" \/>\n\t<meta property=\"og:image:width\" content=\"1362\" \/>\n\t<meta property=\"og:image:height\" content=\"1600\" \/>\n\t<meta property=\"og:image:type\" content=\"image\/jpeg\" \/>\n<meta name=\"author\" content=\"ritanery\" \/>\n<meta name=\"twitter:card\" content=\"summary_large_image\" \/>\n<meta name=\"twitter:label1\" content=\"Escrito por\" \/>\n\t<meta name=\"twitter:data1\" content=\"ritanery\" \/>\n\t<meta name=\"twitter:label2\" content=\"Est. tempo de leitura\" \/>\n\t<meta name=\"twitter:data2\" content=\"4 minutos\" \/>\n<script type=\"application\/ld+json\" class=\"yoast-schema-graph\">{\"@context\":\"https:\/\/schema.org\",\"@graph\":[{\"@type\":\"Article\",\"@id\":\"https:\/\/radiolifefm.com.br\/noticias\/religiao-politica-e-o-culto-a-deus-nao-confunda\/#article\",\"isPartOf\":{\"@id\":\"https:\/\/radiolifefm.com.br\/noticias\/religiao-politica-e-o-culto-a-deus-nao-confunda\/\"},\"author\":{\"name\":\"ritanery\",\"@id\":\"https:\/\/radiolifefm.com.br\/noticias\/#\/schema\/person\/6339b9fac59d12b071dec680d7375d87\"},\"headline\":\"RELIGI\u00c3O, POL\u00cdTICA E O CULTO A DEUS: N\u00c3O CONFUNDA\",\"datePublished\":\"2024-09-10T11:16:23+00:00\",\"dateModified\":\"2026-04-15T03:34:07+00:00\",\"mainEntityOfPage\":{\"@id\":\"https:\/\/radiolifefm.com.br\/noticias\/religiao-politica-e-o-culto-a-deus-nao-confunda\/\"},\"wordCount\":753,\"publisher\":{\"@id\":\"https:\/\/radiolifefm.com.br\/noticias\/#organization\"},\"image\":{\"@id\":\"https:\/\/radiolifefm.com.br\/noticias\/religiao-politica-e-o-culto-a-deus-nao-confunda\/#primaryimage\"},\"thumbnailUrl\":\"https:\/\/radiolifefm.com.br\/noticias\/wp-content\/uploads\/2024\/09\/WhatsApp-Image-2024-09-09-at-17.04.34.jpeg\",\"articleSection\":[\"Opini\u00e3o\"],\"inLanguage\":\"pt-BR\"},{\"@type\":\"WebPage\",\"@id\":\"https:\/\/radiolifefm.com.br\/noticias\/religiao-politica-e-o-culto-a-deus-nao-confunda\/\",\"url\":\"https:\/\/radiolifefm.com.br\/noticias\/religiao-politica-e-o-culto-a-deus-nao-confunda\/\",\"name\":\"RELIGI\u00c3O, POL\u00cdTICA E O CULTO A DEUS: N\u00c3O CONFUNDA - R\u00e1dio Life FM\",\"isPartOf\":{\"@id\":\"https:\/\/radiolifefm.com.br\/noticias\/#website\"},\"primaryImageOfPage\":{\"@id\":\"https:\/\/radiolifefm.com.br\/noticias\/religiao-politica-e-o-culto-a-deus-nao-confunda\/#primaryimage\"},\"image\":{\"@id\":\"https:\/\/radiolifefm.com.br\/noticias\/religiao-politica-e-o-culto-a-deus-nao-confunda\/#primaryimage\"},\"thumbnailUrl\":\"https:\/\/radiolifefm.com.br\/noticias\/wp-content\/uploads\/2024\/09\/WhatsApp-Image-2024-09-09-at-17.04.34.jpeg\",\"datePublished\":\"2024-09-10T11:16:23+00:00\",\"dateModified\":\"2026-04-15T03:34:07+00:00\",\"breadcrumb\":{\"@id\":\"https:\/\/radiolifefm.com.br\/noticias\/religiao-politica-e-o-culto-a-deus-nao-confunda\/#breadcrumb\"},\"inLanguage\":\"pt-BR\",\"potentialAction\":[{\"@type\":\"ReadAction\",\"target\":[\"https:\/\/radiolifefm.com.br\/noticias\/religiao-politica-e-o-culto-a-deus-nao-confunda\/\"]}]},{\"@type\":\"ImageObject\",\"inLanguage\":\"pt-BR\",\"@id\":\"https:\/\/radiolifefm.com.br\/noticias\/religiao-politica-e-o-culto-a-deus-nao-confunda\/#primaryimage\",\"url\":\"https:\/\/radiolifefm.com.br\/noticias\/wp-content\/uploads\/2024\/09\/WhatsApp-Image-2024-09-09-at-17.04.34.jpeg\",\"contentUrl\":\"https:\/\/radiolifefm.com.br\/noticias\/wp-content\/uploads\/2024\/09\/WhatsApp-Image-2024-09-09-at-17.04.34.jpeg\",\"width\":1362,\"height\":1600},{\"@type\":\"BreadcrumbList\",\"@id\":\"https:\/\/radiolifefm.com.br\/noticias\/religiao-politica-e-o-culto-a-deus-nao-confunda\/#breadcrumb\",\"itemListElement\":[{\"@type\":\"ListItem\",\"position\":1,\"name\":\"In\u00edcio\",\"item\":\"https:\/\/radiolifefm.com.br\/noticias\/\"},{\"@type\":\"ListItem\",\"position\":2,\"name\":\"RELIGI\u00c3O, POL\u00cdTICA E O CULTO A DEUS: N\u00c3O CONFUNDA\"}]},{\"@type\":\"WebSite\",\"@id\":\"https:\/\/radiolifefm.com.br\/noticias\/#website\",\"url\":\"https:\/\/radiolifefm.com.br\/noticias\/\",\"name\":\"R\u00e1dio Life FM\",\"description\":\"O Portal de Not\u00edcias de Adamantina\",\"publisher\":{\"@id\":\"https:\/\/radiolifefm.com.br\/noticias\/#organization\"},\"alternateName\":\"Life FM\",\"potentialAction\":[{\"@type\":\"SearchAction\",\"target\":{\"@type\":\"EntryPoint\",\"urlTemplate\":\"https:\/\/radiolifefm.com.br\/noticias\/?s={search_term_string}\"},\"query-input\":{\"@type\":\"PropertyValueSpecification\",\"valueRequired\":true,\"valueName\":\"search_term_string\"}}],\"inLanguage\":\"pt-BR\"},{\"@type\":\"Organization\",\"@id\":\"https:\/\/radiolifefm.com.br\/noticias\/#organization\",\"name\":\"R\u00e1dio Life FM\",\"alternateName\":\"Life FM\",\"url\":\"https:\/\/radiolifefm.com.br\/noticias\/\",\"logo\":{\"@type\":\"ImageObject\",\"inLanguage\":\"pt-BR\",\"@id\":\"https:\/\/radiolifefm.com.br\/noticias\/#\/schema\/logo\/image\/\",\"url\":\"https:\/\/static.radiolifefm.com.br\/noticias\/wp-content\/uploads\/2019\/10\/logo-lifefm.png\",\"contentUrl\":\"https:\/\/static.radiolifefm.com.br\/noticias\/wp-content\/uploads\/2019\/10\/logo-lifefm.png\",\"width\":196,\"height\":47,\"caption\":\"R\u00e1dio Life FM\"},\"image\":{\"@id\":\"https:\/\/radiolifefm.com.br\/noticias\/#\/schema\/logo\/image\/\"},\"sameAs\":[\"https:\/\/www.facebook.com\/radiolifefm\/\",\"https:\/\/www.instagram.com\/life1079fm\/\"]},{\"@type\":\"Person\",\"@id\":\"https:\/\/radiolifefm.com.br\/noticias\/#\/schema\/person\/6339b9fac59d12b071dec680d7375d87\",\"name\":\"ritanery\",\"image\":{\"@type\":\"ImageObject\",\"inLanguage\":\"pt-BR\",\"@id\":\"https:\/\/secure.gravatar.com\/avatar\/0e37bb19071f47c0b8a23f62a903df117c5a0e75f65a0c2901562f97cd41cf86?s=96&d=mm&r=g\",\"url\":\"https:\/\/secure.gravatar.com\/avatar\/0e37bb19071f47c0b8a23f62a903df117c5a0e75f65a0c2901562f97cd41cf86?s=96&d=mm&r=g\",\"contentUrl\":\"https:\/\/secure.gravatar.com\/avatar\/0e37bb19071f47c0b8a23f62a903df117c5a0e75f65a0c2901562f97cd41cf86?s=96&d=mm&r=g\",\"caption\":\"ritanery\"}}]}<\/script>\n<!-- \/ Yoast SEO plugin. -->","yoast_head_json":{"title":"RELIGI\u00c3O, POL\u00cdTICA E O CULTO A DEUS: N\u00c3O CONFUNDA - R\u00e1dio Life FM","robots":{"index":"index","follow":"follow","max-snippet":"max-snippet:-1","max-image-preview":"max-image-preview:large","max-video-preview":"max-video-preview:-1"},"canonical":"https:\/\/radiolifefm.com.br\/noticias\/religiao-politica-e-o-culto-a-deus-nao-confunda\/","og_locale":"pt_BR","og_type":"article","og_title":"RELIGI\u00c3O, POL\u00cdTICA E O CULTO A DEUS: N\u00c3O CONFUNDA - R\u00e1dio Life FM","og_description":"Em um tempo em que religi\u00e3o e pol\u00edtica frequentemente se entrela\u00e7am nos debates p\u00fablicos, muitas vezes s\u00e3o tratados de forma confusa, \u00e9 crucial refletir sobre suas defini\u00e7\u00f5es e o impacto de cada uma, especialmente em rela\u00e7\u00e3o ao culto a Deus. Embora a religi\u00e3o e a pol\u00edtica desempenhem pap\u00e9is importantes na forma\u00e7\u00e3o de uma sociedade justa, [&hellip;]","og_url":"https:\/\/radiolifefm.com.br\/noticias\/religiao-politica-e-o-culto-a-deus-nao-confunda\/","og_site_name":"R\u00e1dio Life FM","article_publisher":"https:\/\/www.facebook.com\/radiolifefm\/","article_published_time":"2024-09-10T11:16:23+00:00","article_modified_time":"2026-04-15T03:34:07+00:00","og_image":[{"width":1362,"height":1600,"url":"https:\/\/radiolifefm.com.br\/noticias\/wp-content\/uploads\/2024\/09\/WhatsApp-Image-2024-09-09-at-17.04.34.jpeg","type":"image\/jpeg"}],"author":"ritanery","twitter_card":"summary_large_image","twitter_misc":{"Escrito por":"ritanery","Est. tempo de leitura":"4 minutos"},"schema":{"@context":"https:\/\/schema.org","@graph":[{"@type":"Article","@id":"https:\/\/radiolifefm.com.br\/noticias\/religiao-politica-e-o-culto-a-deus-nao-confunda\/#article","isPartOf":{"@id":"https:\/\/radiolifefm.com.br\/noticias\/religiao-politica-e-o-culto-a-deus-nao-confunda\/"},"author":{"name":"ritanery","@id":"https:\/\/radiolifefm.com.br\/noticias\/#\/schema\/person\/6339b9fac59d12b071dec680d7375d87"},"headline":"RELIGI\u00c3O, POL\u00cdTICA E O CULTO A DEUS: N\u00c3O CONFUNDA","datePublished":"2024-09-10T11:16:23+00:00","dateModified":"2026-04-15T03:34:07+00:00","mainEntityOfPage":{"@id":"https:\/\/radiolifefm.com.br\/noticias\/religiao-politica-e-o-culto-a-deus-nao-confunda\/"},"wordCount":753,"publisher":{"@id":"https:\/\/radiolifefm.com.br\/noticias\/#organization"},"image":{"@id":"https:\/\/radiolifefm.com.br\/noticias\/religiao-politica-e-o-culto-a-deus-nao-confunda\/#primaryimage"},"thumbnailUrl":"https:\/\/radiolifefm.com.br\/noticias\/wp-content\/uploads\/2024\/09\/WhatsApp-Image-2024-09-09-at-17.04.34.jpeg","articleSection":["Opini\u00e3o"],"inLanguage":"pt-BR"},{"@type":"WebPage","@id":"https:\/\/radiolifefm.com.br\/noticias\/religiao-politica-e-o-culto-a-deus-nao-confunda\/","url":"https:\/\/radiolifefm.com.br\/noticias\/religiao-politica-e-o-culto-a-deus-nao-confunda\/","name":"RELIGI\u00c3O, POL\u00cdTICA E O CULTO A DEUS: N\u00c3O CONFUNDA - R\u00e1dio Life FM","isPartOf":{"@id":"https:\/\/radiolifefm.com.br\/noticias\/#website"},"primaryImageOfPage":{"@id":"https:\/\/radiolifefm.com.br\/noticias\/religiao-politica-e-o-culto-a-deus-nao-confunda\/#primaryimage"},"image":{"@id":"https:\/\/radiolifefm.com.br\/noticias\/religiao-politica-e-o-culto-a-deus-nao-confunda\/#primaryimage"},"thumbnailUrl":"https:\/\/radiolifefm.com.br\/noticias\/wp-content\/uploads\/2024\/09\/WhatsApp-Image-2024-09-09-at-17.04.34.jpeg","datePublished":"2024-09-10T11:16:23+00:00","dateModified":"2026-04-15T03:34:07+00:00","breadcrumb":{"@id":"https:\/\/radiolifefm.com.br\/noticias\/religiao-politica-e-o-culto-a-deus-nao-confunda\/#breadcrumb"},"inLanguage":"pt-BR","potentialAction":[{"@type":"ReadAction","target":["https:\/\/radiolifefm.com.br\/noticias\/religiao-politica-e-o-culto-a-deus-nao-confunda\/"]}]},{"@type":"ImageObject","inLanguage":"pt-BR","@id":"https:\/\/radiolifefm.com.br\/noticias\/religiao-politica-e-o-culto-a-deus-nao-confunda\/#primaryimage","url":"https:\/\/radiolifefm.com.br\/noticias\/wp-content\/uploads\/2024\/09\/WhatsApp-Image-2024-09-09-at-17.04.34.jpeg","contentUrl":"https:\/\/radiolifefm.com.br\/noticias\/wp-content\/uploads\/2024\/09\/WhatsApp-Image-2024-09-09-at-17.04.34.jpeg","width":1362,"height":1600},{"@type":"BreadcrumbList","@id":"https:\/\/radiolifefm.com.br\/noticias\/religiao-politica-e-o-culto-a-deus-nao-confunda\/#breadcrumb","itemListElement":[{"@type":"ListItem","position":1,"name":"In\u00edcio","item":"https:\/\/radiolifefm.com.br\/noticias\/"},{"@type":"ListItem","position":2,"name":"RELIGI\u00c3O, POL\u00cdTICA E O CULTO A DEUS: N\u00c3O CONFUNDA"}]},{"@type":"WebSite","@id":"https:\/\/radiolifefm.com.br\/noticias\/#website","url":"https:\/\/radiolifefm.com.br\/noticias\/","name":"R\u00e1dio Life FM","description":"O Portal de Not\u00edcias de Adamantina","publisher":{"@id":"https:\/\/radiolifefm.com.br\/noticias\/#organization"},"alternateName":"Life FM","potentialAction":[{"@type":"SearchAction","target":{"@type":"EntryPoint","urlTemplate":"https:\/\/radiolifefm.com.br\/noticias\/?s={search_term_string}"},"query-input":{"@type":"PropertyValueSpecification","valueRequired":true,"valueName":"search_term_string"}}],"inLanguage":"pt-BR"},{"@type":"Organization","@id":"https:\/\/radiolifefm.com.br\/noticias\/#organization","name":"R\u00e1dio Life FM","alternateName":"Life FM","url":"https:\/\/radiolifefm.com.br\/noticias\/","logo":{"@type":"ImageObject","inLanguage":"pt-BR","@id":"https:\/\/radiolifefm.com.br\/noticias\/#\/schema\/logo\/image\/","url":"https:\/\/static.radiolifefm.com.br\/noticias\/wp-content\/uploads\/2019\/10\/logo-lifefm.png","contentUrl":"https:\/\/static.radiolifefm.com.br\/noticias\/wp-content\/uploads\/2019\/10\/logo-lifefm.png","width":196,"height":47,"caption":"R\u00e1dio Life FM"},"image":{"@id":"https:\/\/radiolifefm.com.br\/noticias\/#\/schema\/logo\/image\/"},"sameAs":["https:\/\/www.facebook.com\/radiolifefm\/","https:\/\/www.instagram.com\/life1079fm\/"]},{"@type":"Person","@id":"https:\/\/radiolifefm.com.br\/noticias\/#\/schema\/person\/6339b9fac59d12b071dec680d7375d87","name":"ritanery","image":{"@type":"ImageObject","inLanguage":"pt-BR","@id":"https:\/\/secure.gravatar.com\/avatar\/0e37bb19071f47c0b8a23f62a903df117c5a0e75f65a0c2901562f97cd41cf86?s=96&d=mm&r=g","url":"https:\/\/secure.gravatar.com\/avatar\/0e37bb19071f47c0b8a23f62a903df117c5a0e75f65a0c2901562f97cd41cf86?s=96&d=mm&r=g","contentUrl":"https:\/\/secure.gravatar.com\/avatar\/0e37bb19071f47c0b8a23f62a903df117c5a0e75f65a0c2901562f97cd41cf86?s=96&d=mm&r=g","caption":"ritanery"}}]}},"amp_enabled":true,"_links":{"self":[{"href":"https:\/\/radiolifefm.com.br\/noticias\/wp-json\/wp\/v2\/posts\/92647","targetHints":{"allow":["GET"]}}],"collection":[{"href":"https:\/\/radiolifefm.com.br\/noticias\/wp-json\/wp\/v2\/posts"}],"about":[{"href":"https:\/\/radiolifefm.com.br\/noticias\/wp-json\/wp\/v2\/types\/post"}],"author":[{"embeddable":true,"href":"https:\/\/radiolifefm.com.br\/noticias\/wp-json\/wp\/v2\/users\/13"}],"replies":[{"embeddable":true,"href":"https:\/\/radiolifefm.com.br\/noticias\/wp-json\/wp\/v2\/comments?post=92647"}],"version-history":[{"count":1,"href":"https:\/\/radiolifefm.com.br\/noticias\/wp-json\/wp\/v2\/posts\/92647\/revisions"}],"predecessor-version":[{"id":92649,"href":"https:\/\/radiolifefm.com.br\/noticias\/wp-json\/wp\/v2\/posts\/92647\/revisions\/92649"}],"wp:featuredmedia":[{"embeddable":true,"href":"https:\/\/radiolifefm.com.br\/noticias\/wp-json\/wp\/v2\/media\/92648"}],"wp:attachment":[{"href":"https:\/\/radiolifefm.com.br\/noticias\/wp-json\/wp\/v2\/media?parent=92647"}],"wp:term":[{"taxonomy":"category","embeddable":true,"href":"https:\/\/radiolifefm.com.br\/noticias\/wp-json\/wp\/v2\/categories?post=92647"},{"taxonomy":"post_tag","embeddable":true,"href":"https:\/\/radiolifefm.com.br\/noticias\/wp-json\/wp\/v2\/tags?post=92647"}],"curies":[{"name":"wp","href":"https:\/\/api.w.org\/{rel}","templated":true}]}}