{"id":92488,"date":"2024-09-06T10:12:06","date_gmt":"2024-09-06T13:12:06","guid":{"rendered":"https:\/\/radiolifefm.com.br\/noticias\/?p=92488"},"modified":"2025-08-18T17:56:51","modified_gmt":"2025-08-18T20:56:51","slug":"provincia-patriotarios-as-e-mentes-mediocres","status":"publish","type":"post","link":"https:\/\/radiolifefm.com.br\/noticias\/provincia-patriotarios-as-e-mentes-mediocres\/","title":{"rendered":"Prov\u00edncia, P\u00e1triot\u00e1rios\/as e Mentes Med\u00edocres&#8230;"},"content":{"rendered":"<div id=\"fb-root\"><\/div>\n<p><strong><em>\u201cOnde mora a liberdade, ali est\u00e1 a minha p\u00e1tria.\u201d <\/em><\/strong><strong><em>(<\/em><\/strong><a href=\"https:\/\/www.pensador.com\/autor\/benjamin_franklin\/\"><strong><em>Benjamin Franklin<\/em><\/strong><\/a><strong><em>)<\/em><\/strong><\/p>\n<p><strong><em>\u00a0<\/em><\/strong><\/p>\n<p><strong><em>\u201cA p\u00e1tria n\u00e3o \u00e9 a ra\u00e7a, n\u00e3o \u00e9 o meio, n\u00e3o \u00e9 o conjunto dos aparelhos econ\u00f4micos e pol\u00edticos: \u00e9 o idioma criado ou herdado pelo povo.\u201d (<\/em><\/strong><a href=\"https:\/\/www.pensador.com\/autor\/olavo_bilac\/\"><strong><em>Olavo Bilac<\/em><\/strong><\/a> <strong><em>IN obra reunida. Rio de Janeiro: Editora Nova Aguilar, 1996<\/em><\/strong><strong><em>.)<\/em><\/strong><\/p>\n<p>&nbsp;<\/p>\n<p><strong>By seb@r,<\/strong><\/p>\n<p>&nbsp;<\/p>\n<p>Neste FINAL DE SEMANA, ou seja, dia 7, a PROV\u00cdNCIA DO FAZ DE CONTA estar\u00e1 comemorando por meio do tal DESFILE C\u00cdVICO, o DIA DA P\u00c1TRIA, se bem que depois daquele dia 8 de janeiro, est\u00e1 mais para DIA DAS MENTES MED\u00cdOCRES ou DIA DOS\/AS PATRIOT\u00c1RIOS\/AS&#8230;<\/p>\n<p>Tamb\u00e9m, entre os tais SUJOS com os MAUS LAVADOS que est\u00e3o correndo atr\u00e1s de um lugar como GESTOR MUNICIPAL, al\u00e9m da CORRIDA MALUCA para as NOVE VAGAS do LEGISLATIVO e assim por diante&#8230;<\/p>\n<p>Est\u00e3o dizendo pelas esquinas provincianas que a DISPUTA por uma LUGAR AO SOL como VEREADOR\/A, est\u00e1 mais concorrido do que as VAGAS-CANDIDATO\/A para o curso de MEDICINA das PAREDES ALVAS&#8230;<\/p>\n<p>Neste CEN\u00c1RIO que est\u00e1 mais do que DIVERTIDO, tendo em vista os N\u00daMEROS em pauta, ainda, uma tal PESQUISA DE ARAQUE que saiu nesta semana, ainda, de EXPOVERDE, portanto, CADA GRUPO com suas TEORIAS DA CONSPIRA\u00c7\u00c3O&#8230;<\/p>\n<p>Mas, voltando ao tal DIA DA P\u00c1TRIA, pode ser uma comemora\u00e7\u00e3o, tamb\u00e9m, pelos\/as eternos\/as PATRIOT\u00c1RIOS\/AS PROVINCIANOS\/AS, ainda, talvez seja poss\u00edvel que aquelas MENTES MED\u00cdOCRES que ficaram semanas ACAMPADOS e DESFILANDO em frente ao TG local com suas FAIXAS e BANDEIRAS, bem como, CAMISAS AMARELAS, fa\u00e7am parte deste DESFILE PATRI\u00d3TICO&#8230;<\/p>\n<p>No mais em meio ao tudo de menos, quem aparecer no LOCAL pra comemorar de um jeito ou de outro, dever\u00e1 estar preparado para o ATAQUE DOS\/AS CANDIDATOS\/AS ao LEGISLATIVO PROVINCIANO, tamb\u00e9m, ao EXECUTIVO&#8230;<\/p>\n<p>Como diz o dito pelo n\u00e3o dito, TODO CUIDADO \u00c9 POUCO com tais MENTES MED\u00cdOCRES travestidos\/as de PATRIOT\u00c1RIOS\/AS em nome dos SUJOS ou dos MAUS LAVADOS&#8230;<\/p>\n<p>Aproveito a oportunidade pra refor\u00e7ar e registrar a minha ESCOLHA quanto ao EXECUTIVO PROVINCIANO, ou seja, VOTO EM BRANCO, assim, estarei mais LIVRE para continuar escrevendo sobre este SUJO ou MAL LAVADO que for eleito&#8230;<\/p>\n<p>Entendo que a perman\u00eancia dos QUATRO DO APOCAL\u00cdPSE nesta CORRIDA MALUCA, pode dar uma for\u00e7a pra quem estiver na FRENTE, tendo em vista que s\u00e3o todos da turma denominada de EXTREMA DIREITA, todavia, o PAV\u00c3O acaba predominando quanto aos nomes para o EXECUTIVO PROVINCIANO&#8230;<\/p>\n<p>QUEM SOBREVIVER VAI SABER&#8230;<\/p>\n<p>&nbsp;<\/p>\n<p>&nbsp;<\/p>\n<p><strong>e-mail: <\/strong><a href=\"mailto:barbosa.sebar@gmail.com\"><strong>barbosa.sebar@gmail.com<\/strong><\/a><\/p>\n","protected":false},"excerpt":{"rendered":"<p>\u201cOnde mora a liberdade, ali est\u00e1 a minha p\u00e1tria.\u201d (Benjamin Franklin) \u00a0 \u201cA p\u00e1tria n\u00e3o \u00e9 a ra\u00e7a, n\u00e3o \u00e9 o meio, n\u00e3o \u00e9 o conjunto dos aparelhos econ\u00f4micos e pol\u00edticos: \u00e9 o idioma criado ou herdado pelo povo.\u201d (Olavo Bilac IN obra reunida. Rio de Janeiro: Editora Nova Aguilar, 1996.) &nbsp; By seb@r, &nbsp; [&hellip;]<\/p>\n","protected":false},"author":13,"featured_media":51988,"comment_status":"closed","ping_status":"open","sticky":false,"template":"","format":"standard","meta":{"_acf_changed":false,"_exactmetrics_skip_tracking":false,"_exactmetrics_sitenote_active":false,"_exactmetrics_sitenote_note":"","_exactmetrics_sitenote_category":0,"footnotes":""},"categories":[59],"tags":[],"class_list":["post-92488","post","type-post","status-publish","format-standard","has-post-thumbnail","hentry","category-opiniao"],"acf":[],"yoast_head":"<!-- This site is optimized with the Yoast SEO plugin v27.2 - https:\/\/yoast.com\/product\/yoast-seo-wordpress\/ -->\n<title>Prov\u00edncia, P\u00e1triot\u00e1rios\/as e Mentes Med\u00edocres... - R\u00e1dio Life FM<\/title>\n<meta name=\"robots\" content=\"index, follow, max-snippet:-1, max-image-preview:large, max-video-preview:-1\" \/>\n<link rel=\"canonical\" href=\"https:\/\/radiolifefm.com.br\/noticias\/provincia-patriotarios-as-e-mentes-mediocres\/\" \/>\n<meta property=\"og:locale\" content=\"pt_BR\" \/>\n<meta property=\"og:type\" content=\"article\" \/>\n<meta property=\"og:title\" content=\"Prov\u00edncia, P\u00e1triot\u00e1rios\/as e Mentes Med\u00edocres... - R\u00e1dio Life FM\" \/>\n<meta property=\"og:description\" content=\"\u201cOnde mora a liberdade, ali est\u00e1 a minha p\u00e1tria.\u201d (Benjamin Franklin) \u00a0 \u201cA p\u00e1tria n\u00e3o \u00e9 a ra\u00e7a, n\u00e3o \u00e9 o meio, n\u00e3o \u00e9 o conjunto dos aparelhos econ\u00f4micos e pol\u00edticos: \u00e9 o idioma criado ou herdado pelo povo.\u201d (Olavo Bilac IN obra reunida. Rio de Janeiro: Editora Nova Aguilar, 1996.) &nbsp; By seb@r, &nbsp; [&hellip;]\" \/>\n<meta property=\"og:url\" content=\"https:\/\/radiolifefm.com.br\/noticias\/provincia-patriotarios-as-e-mentes-mediocres\/\" \/>\n<meta property=\"og:site_name\" content=\"R\u00e1dio Life FM\" \/>\n<meta property=\"article:publisher\" content=\"https:\/\/www.facebook.com\/radiolifefm\/\" \/>\n<meta property=\"article:published_time\" content=\"2024-09-06T13:12:06+00:00\" \/>\n<meta property=\"article:modified_time\" content=\"2025-08-18T20:56:51+00:00\" \/>\n<meta property=\"og:image\" content=\"https:\/\/static.radiolifefm.com.br\/noticias\/wp-content\/uploads\/2022\/04\/WhatsApp-Image-2022-04-10-at-18.43.02.jpeg\" \/>\n\t<meta property=\"og:image:width\" content=\"972\" \/>\n\t<meta property=\"og:image:height\" content=\"1296\" \/>\n\t<meta property=\"og:image:type\" content=\"image\/jpeg\" \/>\n<meta name=\"author\" content=\"ritanery\" \/>\n<meta name=\"twitter:card\" content=\"summary_large_image\" \/>\n<meta name=\"twitter:label1\" content=\"Escrito por\" \/>\n\t<meta name=\"twitter:data1\" content=\"ritanery\" \/>\n\t<meta name=\"twitter:label2\" content=\"Est. tempo de leitura\" \/>\n\t<meta name=\"twitter:data2\" content=\"3 minutos\" \/>\n<script type=\"application\/ld+json\" class=\"yoast-schema-graph\">{\"@context\":\"https:\/\/schema.org\",\"@graph\":[{\"@type\":\"Article\",\"@id\":\"https:\/\/radiolifefm.com.br\/noticias\/provincia-patriotarios-as-e-mentes-mediocres\/#article\",\"isPartOf\":{\"@id\":\"https:\/\/radiolifefm.com.br\/noticias\/provincia-patriotarios-as-e-mentes-mediocres\/\"},\"author\":{\"name\":\"ritanery\",\"@id\":\"https:\/\/radiolifefm.com.br\/noticias\/#\/schema\/person\/6339b9fac59d12b071dec680d7375d87\"},\"headline\":\"Prov\u00edncia, P\u00e1triot\u00e1rios\/as e Mentes Med\u00edocres&#8230;\",\"datePublished\":\"2024-09-06T13:12:06+00:00\",\"dateModified\":\"2025-08-18T20:56:51+00:00\",\"mainEntityOfPage\":{\"@id\":\"https:\/\/radiolifefm.com.br\/noticias\/provincia-patriotarios-as-e-mentes-mediocres\/\"},\"wordCount\":452,\"publisher\":{\"@id\":\"https:\/\/radiolifefm.com.br\/noticias\/#organization\"},\"image\":{\"@id\":\"https:\/\/radiolifefm.com.br\/noticias\/provincia-patriotarios-as-e-mentes-mediocres\/#primaryimage\"},\"thumbnailUrl\":\"https:\/\/radiolifefm.com.br\/noticias\/wp-content\/uploads\/2022\/04\/WhatsApp-Image-2022-04-10-at-18.43.02.jpeg\",\"articleSection\":[\"Opini\u00e3o\"],\"inLanguage\":\"pt-BR\"},{\"@type\":\"WebPage\",\"@id\":\"https:\/\/radiolifefm.com.br\/noticias\/provincia-patriotarios-as-e-mentes-mediocres\/\",\"url\":\"https:\/\/radiolifefm.com.br\/noticias\/provincia-patriotarios-as-e-mentes-mediocres\/\",\"name\":\"Prov\u00edncia, P\u00e1triot\u00e1rios\/as e Mentes Med\u00edocres... - R\u00e1dio Life FM\",\"isPartOf\":{\"@id\":\"https:\/\/radiolifefm.com.br\/noticias\/#website\"},\"primaryImageOfPage\":{\"@id\":\"https:\/\/radiolifefm.com.br\/noticias\/provincia-patriotarios-as-e-mentes-mediocres\/#primaryimage\"},\"image\":{\"@id\":\"https:\/\/radiolifefm.com.br\/noticias\/provincia-patriotarios-as-e-mentes-mediocres\/#primaryimage\"},\"thumbnailUrl\":\"https:\/\/radiolifefm.com.br\/noticias\/wp-content\/uploads\/2022\/04\/WhatsApp-Image-2022-04-10-at-18.43.02.jpeg\",\"datePublished\":\"2024-09-06T13:12:06+00:00\",\"dateModified\":\"2025-08-18T20:56:51+00:00\",\"breadcrumb\":{\"@id\":\"https:\/\/radiolifefm.com.br\/noticias\/provincia-patriotarios-as-e-mentes-mediocres\/#breadcrumb\"},\"inLanguage\":\"pt-BR\",\"potentialAction\":[{\"@type\":\"ReadAction\",\"target\":[\"https:\/\/radiolifefm.com.br\/noticias\/provincia-patriotarios-as-e-mentes-mediocres\/\"]}]},{\"@type\":\"ImageObject\",\"inLanguage\":\"pt-BR\",\"@id\":\"https:\/\/radiolifefm.com.br\/noticias\/provincia-patriotarios-as-e-mentes-mediocres\/#primaryimage\",\"url\":\"https:\/\/radiolifefm.com.br\/noticias\/wp-content\/uploads\/2022\/04\/WhatsApp-Image-2022-04-10-at-18.43.02.jpeg\",\"contentUrl\":\"https:\/\/radiolifefm.com.br\/noticias\/wp-content\/uploads\/2022\/04\/WhatsApp-Image-2022-04-10-at-18.43.02.jpeg\",\"width\":972,\"height\":1296,\"caption\":\"S\u00e9rgio Barbosa\"},{\"@type\":\"BreadcrumbList\",\"@id\":\"https:\/\/radiolifefm.com.br\/noticias\/provincia-patriotarios-as-e-mentes-mediocres\/#breadcrumb\",\"itemListElement\":[{\"@type\":\"ListItem\",\"position\":1,\"name\":\"In\u00edcio\",\"item\":\"https:\/\/radiolifefm.com.br\/noticias\/\"},{\"@type\":\"ListItem\",\"position\":2,\"name\":\"Prov\u00edncia, P\u00e1triot\u00e1rios\/as e Mentes Med\u00edocres&#8230;\"}]},{\"@type\":\"WebSite\",\"@id\":\"https:\/\/radiolifefm.com.br\/noticias\/#website\",\"url\":\"https:\/\/radiolifefm.com.br\/noticias\/\",\"name\":\"R\u00e1dio Life FM\",\"description\":\"O Portal de Not\u00edcias de Adamantina\",\"publisher\":{\"@id\":\"https:\/\/radiolifefm.com.br\/noticias\/#organization\"},\"alternateName\":\"Life FM\",\"potentialAction\":[{\"@type\":\"SearchAction\",\"target\":{\"@type\":\"EntryPoint\",\"urlTemplate\":\"https:\/\/radiolifefm.com.br\/noticias\/?s={search_term_string}\"},\"query-input\":{\"@type\":\"PropertyValueSpecification\",\"valueRequired\":true,\"valueName\":\"search_term_string\"}}],\"inLanguage\":\"pt-BR\"},{\"@type\":\"Organization\",\"@id\":\"https:\/\/radiolifefm.com.br\/noticias\/#organization\",\"name\":\"R\u00e1dio Life FM\",\"alternateName\":\"Life FM\",\"url\":\"https:\/\/radiolifefm.com.br\/noticias\/\",\"logo\":{\"@type\":\"ImageObject\",\"inLanguage\":\"pt-BR\",\"@id\":\"https:\/\/radiolifefm.com.br\/noticias\/#\/schema\/logo\/image\/\",\"url\":\"https:\/\/static.radiolifefm.com.br\/noticias\/wp-content\/uploads\/2019\/10\/logo-lifefm.png\",\"contentUrl\":\"https:\/\/static.radiolifefm.com.br\/noticias\/wp-content\/uploads\/2019\/10\/logo-lifefm.png\",\"width\":196,\"height\":47,\"caption\":\"R\u00e1dio Life FM\"},\"image\":{\"@id\":\"https:\/\/radiolifefm.com.br\/noticias\/#\/schema\/logo\/image\/\"},\"sameAs\":[\"https:\/\/www.facebook.com\/radiolifefm\/\",\"https:\/\/www.instagram.com\/life1079fm\/\"]},{\"@type\":\"Person\",\"@id\":\"https:\/\/radiolifefm.com.br\/noticias\/#\/schema\/person\/6339b9fac59d12b071dec680d7375d87\",\"name\":\"ritanery\",\"image\":{\"@type\":\"ImageObject\",\"inLanguage\":\"pt-BR\",\"@id\":\"https:\/\/secure.gravatar.com\/avatar\/0e37bb19071f47c0b8a23f62a903df117c5a0e75f65a0c2901562f97cd41cf86?s=96&d=mm&r=g\",\"url\":\"https:\/\/secure.gravatar.com\/avatar\/0e37bb19071f47c0b8a23f62a903df117c5a0e75f65a0c2901562f97cd41cf86?s=96&d=mm&r=g\",\"contentUrl\":\"https:\/\/secure.gravatar.com\/avatar\/0e37bb19071f47c0b8a23f62a903df117c5a0e75f65a0c2901562f97cd41cf86?s=96&d=mm&r=g\",\"caption\":\"ritanery\"}}]}<\/script>\n<!-- \/ Yoast SEO plugin. -->","yoast_head_json":{"title":"Prov\u00edncia, P\u00e1triot\u00e1rios\/as e Mentes Med\u00edocres... - R\u00e1dio Life FM","robots":{"index":"index","follow":"follow","max-snippet":"max-snippet:-1","max-image-preview":"max-image-preview:large","max-video-preview":"max-video-preview:-1"},"canonical":"https:\/\/radiolifefm.com.br\/noticias\/provincia-patriotarios-as-e-mentes-mediocres\/","og_locale":"pt_BR","og_type":"article","og_title":"Prov\u00edncia, P\u00e1triot\u00e1rios\/as e Mentes Med\u00edocres... - R\u00e1dio Life FM","og_description":"\u201cOnde mora a liberdade, ali est\u00e1 a minha p\u00e1tria.\u201d (Benjamin Franklin) \u00a0 \u201cA p\u00e1tria n\u00e3o \u00e9 a ra\u00e7a, n\u00e3o \u00e9 o meio, n\u00e3o \u00e9 o conjunto dos aparelhos econ\u00f4micos e pol\u00edticos: \u00e9 o idioma criado ou herdado pelo povo.\u201d (Olavo Bilac IN obra reunida. Rio de Janeiro: Editora Nova Aguilar, 1996.) &nbsp; By seb@r, &nbsp; [&hellip;]","og_url":"https:\/\/radiolifefm.com.br\/noticias\/provincia-patriotarios-as-e-mentes-mediocres\/","og_site_name":"R\u00e1dio Life FM","article_publisher":"https:\/\/www.facebook.com\/radiolifefm\/","article_published_time":"2024-09-06T13:12:06+00:00","article_modified_time":"2025-08-18T20:56:51+00:00","og_image":[{"width":972,"height":1296,"url":"https:\/\/static.radiolifefm.com.br\/noticias\/wp-content\/uploads\/2022\/04\/WhatsApp-Image-2022-04-10-at-18.43.02.jpeg","type":"image\/jpeg"}],"author":"ritanery","twitter_card":"summary_large_image","twitter_misc":{"Escrito por":"ritanery","Est. tempo de leitura":"3 minutos"},"schema":{"@context":"https:\/\/schema.org","@graph":[{"@type":"Article","@id":"https:\/\/radiolifefm.com.br\/noticias\/provincia-patriotarios-as-e-mentes-mediocres\/#article","isPartOf":{"@id":"https:\/\/radiolifefm.com.br\/noticias\/provincia-patriotarios-as-e-mentes-mediocres\/"},"author":{"name":"ritanery","@id":"https:\/\/radiolifefm.com.br\/noticias\/#\/schema\/person\/6339b9fac59d12b071dec680d7375d87"},"headline":"Prov\u00edncia, P\u00e1triot\u00e1rios\/as e Mentes Med\u00edocres&#8230;","datePublished":"2024-09-06T13:12:06+00:00","dateModified":"2025-08-18T20:56:51+00:00","mainEntityOfPage":{"@id":"https:\/\/radiolifefm.com.br\/noticias\/provincia-patriotarios-as-e-mentes-mediocres\/"},"wordCount":452,"publisher":{"@id":"https:\/\/radiolifefm.com.br\/noticias\/#organization"},"image":{"@id":"https:\/\/radiolifefm.com.br\/noticias\/provincia-patriotarios-as-e-mentes-mediocres\/#primaryimage"},"thumbnailUrl":"https:\/\/radiolifefm.com.br\/noticias\/wp-content\/uploads\/2022\/04\/WhatsApp-Image-2022-04-10-at-18.43.02.jpeg","articleSection":["Opini\u00e3o"],"inLanguage":"pt-BR"},{"@type":"WebPage","@id":"https:\/\/radiolifefm.com.br\/noticias\/provincia-patriotarios-as-e-mentes-mediocres\/","url":"https:\/\/radiolifefm.com.br\/noticias\/provincia-patriotarios-as-e-mentes-mediocres\/","name":"Prov\u00edncia, P\u00e1triot\u00e1rios\/as e Mentes Med\u00edocres... - R\u00e1dio Life FM","isPartOf":{"@id":"https:\/\/radiolifefm.com.br\/noticias\/#website"},"primaryImageOfPage":{"@id":"https:\/\/radiolifefm.com.br\/noticias\/provincia-patriotarios-as-e-mentes-mediocres\/#primaryimage"},"image":{"@id":"https:\/\/radiolifefm.com.br\/noticias\/provincia-patriotarios-as-e-mentes-mediocres\/#primaryimage"},"thumbnailUrl":"https:\/\/radiolifefm.com.br\/noticias\/wp-content\/uploads\/2022\/04\/WhatsApp-Image-2022-04-10-at-18.43.02.jpeg","datePublished":"2024-09-06T13:12:06+00:00","dateModified":"2025-08-18T20:56:51+00:00","breadcrumb":{"@id":"https:\/\/radiolifefm.com.br\/noticias\/provincia-patriotarios-as-e-mentes-mediocres\/#breadcrumb"},"inLanguage":"pt-BR","potentialAction":[{"@type":"ReadAction","target":["https:\/\/radiolifefm.com.br\/noticias\/provincia-patriotarios-as-e-mentes-mediocres\/"]}]},{"@type":"ImageObject","inLanguage":"pt-BR","@id":"https:\/\/radiolifefm.com.br\/noticias\/provincia-patriotarios-as-e-mentes-mediocres\/#primaryimage","url":"https:\/\/radiolifefm.com.br\/noticias\/wp-content\/uploads\/2022\/04\/WhatsApp-Image-2022-04-10-at-18.43.02.jpeg","contentUrl":"https:\/\/radiolifefm.com.br\/noticias\/wp-content\/uploads\/2022\/04\/WhatsApp-Image-2022-04-10-at-18.43.02.jpeg","width":972,"height":1296,"caption":"S\u00e9rgio Barbosa"},{"@type":"BreadcrumbList","@id":"https:\/\/radiolifefm.com.br\/noticias\/provincia-patriotarios-as-e-mentes-mediocres\/#breadcrumb","itemListElement":[{"@type":"ListItem","position":1,"name":"In\u00edcio","item":"https:\/\/radiolifefm.com.br\/noticias\/"},{"@type":"ListItem","position":2,"name":"Prov\u00edncia, P\u00e1triot\u00e1rios\/as e Mentes Med\u00edocres&#8230;"}]},{"@type":"WebSite","@id":"https:\/\/radiolifefm.com.br\/noticias\/#website","url":"https:\/\/radiolifefm.com.br\/noticias\/","name":"R\u00e1dio Life FM","description":"O Portal de Not\u00edcias de Adamantina","publisher":{"@id":"https:\/\/radiolifefm.com.br\/noticias\/#organization"},"alternateName":"Life FM","potentialAction":[{"@type":"SearchAction","target":{"@type":"EntryPoint","urlTemplate":"https:\/\/radiolifefm.com.br\/noticias\/?s={search_term_string}"},"query-input":{"@type":"PropertyValueSpecification","valueRequired":true,"valueName":"search_term_string"}}],"inLanguage":"pt-BR"},{"@type":"Organization","@id":"https:\/\/radiolifefm.com.br\/noticias\/#organization","name":"R\u00e1dio Life FM","alternateName":"Life FM","url":"https:\/\/radiolifefm.com.br\/noticias\/","logo":{"@type":"ImageObject","inLanguage":"pt-BR","@id":"https:\/\/radiolifefm.com.br\/noticias\/#\/schema\/logo\/image\/","url":"https:\/\/static.radiolifefm.com.br\/noticias\/wp-content\/uploads\/2019\/10\/logo-lifefm.png","contentUrl":"https:\/\/static.radiolifefm.com.br\/noticias\/wp-content\/uploads\/2019\/10\/logo-lifefm.png","width":196,"height":47,"caption":"R\u00e1dio Life FM"},"image":{"@id":"https:\/\/radiolifefm.com.br\/noticias\/#\/schema\/logo\/image\/"},"sameAs":["https:\/\/www.facebook.com\/radiolifefm\/","https:\/\/www.instagram.com\/life1079fm\/"]},{"@type":"Person","@id":"https:\/\/radiolifefm.com.br\/noticias\/#\/schema\/person\/6339b9fac59d12b071dec680d7375d87","name":"ritanery","image":{"@type":"ImageObject","inLanguage":"pt-BR","@id":"https:\/\/secure.gravatar.com\/avatar\/0e37bb19071f47c0b8a23f62a903df117c5a0e75f65a0c2901562f97cd41cf86?s=96&d=mm&r=g","url":"https:\/\/secure.gravatar.com\/avatar\/0e37bb19071f47c0b8a23f62a903df117c5a0e75f65a0c2901562f97cd41cf86?s=96&d=mm&r=g","contentUrl":"https:\/\/secure.gravatar.com\/avatar\/0e37bb19071f47c0b8a23f62a903df117c5a0e75f65a0c2901562f97cd41cf86?s=96&d=mm&r=g","caption":"ritanery"}}]}},"amp_enabled":true,"_links":{"self":[{"href":"https:\/\/radiolifefm.com.br\/noticias\/wp-json\/wp\/v2\/posts\/92488","targetHints":{"allow":["GET"]}}],"collection":[{"href":"https:\/\/radiolifefm.com.br\/noticias\/wp-json\/wp\/v2\/posts"}],"about":[{"href":"https:\/\/radiolifefm.com.br\/noticias\/wp-json\/wp\/v2\/types\/post"}],"author":[{"embeddable":true,"href":"https:\/\/radiolifefm.com.br\/noticias\/wp-json\/wp\/v2\/users\/13"}],"replies":[{"embeddable":true,"href":"https:\/\/radiolifefm.com.br\/noticias\/wp-json\/wp\/v2\/comments?post=92488"}],"version-history":[{"count":1,"href":"https:\/\/radiolifefm.com.br\/noticias\/wp-json\/wp\/v2\/posts\/92488\/revisions"}],"predecessor-version":[{"id":92489,"href":"https:\/\/radiolifefm.com.br\/noticias\/wp-json\/wp\/v2\/posts\/92488\/revisions\/92489"}],"wp:featuredmedia":[{"embeddable":true,"href":"https:\/\/radiolifefm.com.br\/noticias\/wp-json\/wp\/v2\/media\/51988"}],"wp:attachment":[{"href":"https:\/\/radiolifefm.com.br\/noticias\/wp-json\/wp\/v2\/media?parent=92488"}],"wp:term":[{"taxonomy":"category","embeddable":true,"href":"https:\/\/radiolifefm.com.br\/noticias\/wp-json\/wp\/v2\/categories?post=92488"},{"taxonomy":"post_tag","embeddable":true,"href":"https:\/\/radiolifefm.com.br\/noticias\/wp-json\/wp\/v2\/tags?post=92488"}],"curies":[{"name":"wp","href":"https:\/\/api.w.org\/{rel}","templated":true}]}}