{"id":92401,"date":"2024-09-05T09:21:24","date_gmt":"2024-09-05T12:21:24","guid":{"rendered":"https:\/\/radiolifefm.com.br\/noticias\/?p=92401"},"modified":"2026-04-15T12:10:08","modified_gmt":"2026-04-15T15:10:08","slug":"avista-se-fumaca-no-agonizante-planeta-terra","status":"publish","type":"post","link":"https:\/\/radiolifefm.com.br\/noticias\/avista-se-fumaca-no-agonizante-planeta-terra\/","title":{"rendered":"AVISTA-SE FUMA\u00c7A NO AGONIZANTE PLANETA TERRA"},"content":{"rendered":"<div id=\"fb-root\"><\/div>\n<p>Como dizia meu pai, que era bem-humorado: \u201cDesgra\u00e7a pouca \u00e9 mis\u00e9ria\u201d.<\/p>\n<p>N\u00e3o bastassem as dores que j\u00e1 assolam toda a humanidade diante de fatos que mesmo acontecendo do outro lado do mundo, n\u00e3o isenta nenhum ser vivente das danosas consequ\u00eancias, como as guerras e guerrilhas, as injusti\u00e7as, a fome, o desemprego, as calamidades, os abusos contra mulheres e crian\u00e7as, o desrespeito para com as leis, vitais para se manter um m\u00ednimo de urbanidade e as inevit\u00e1veis cat\u00e1strofes; agrega-se a tudo isso, os inc\u00eandios criminosos.<\/p>\n<p>O Brasil e o planeta gemem; o pulm\u00e3o do mundo precisa de oxig\u00eanio; toda a terra est\u00e1 infectada pela gan\u00e2ncia desmedida e pela falta exacerbada de amor.<\/p>\n<p>Deixo aqui meu parecer, como simples humano que caminha lado a lado com os milhares que sem poder de voz, n\u00e3o entram no m\u00e9rito das quest\u00f5es, mas que sentem e observam tudo que acontece ao redor.<\/p>\n<p>Os ambiciosos e calculistas, dotados de frieza, como rolos compressores, passam por cima da natureza, de qualquer vida, seja ela humana ou n\u00e3o, para conseguirem suas riquezas e a sensa\u00e7\u00e3o de poder que deriva do ac\u00famulo de valores.<\/p>\n<p>Os que s\u00e3o esmagados, pelas camadas ditas superiores, e que formam, mesmo que involuntariamente, a base desse sistema, s\u00e3o os que mais sentem, s\u00e3o os que esperam demais por leis que venham coibir os excessos, mas j\u00e1 est\u00e3o cansados e desanimados diante das injusti\u00e7as e da impunidade.<\/p>\n<p>Parece que o \u201cbem\u201d e o \u201cmal\u201d andam de m\u00e3os dadas e os valores est\u00e3o envolvidos em tramas e golpes de modo que nada mais \u00e9 confi\u00e1vel e acaba levando ao des\u00e2nimo e a desesperan\u00e7a de que algum dia o \u201cbem\u201d possa desvencilhar-se do mal, e prevale\u00e7a.<\/p>\n<p>Quero abrir apenas uma dessas desesperadas janelas da vida na terra. A fuma\u00e7a das queimadas invade o ambiente, cega-me a vista, seca-me a garganta, mata minhas plantas e adoece os animais.<\/p>\n<p>N\u00e3o h\u00e1 mais passarinhos no imenso jardim, as \u00e1rvores pereceram, as folhas e as flores derreteram sob o inferno que se alastra. Os felinos e toda esp\u00e9cie animal foge sem ter para onde ir, buscam \u00e1gua, mas n\u00e3o encontram, tentam respirar, mas o di\u00f3xido de carbono os sufoca.<\/p>\n<p>O que pensam os que destroem a pr\u00f3pria casa? Que mundo deixar\u00e3o para seus filhos, netos e bisnetos?<\/p>\n<p>Seus netos herdar\u00e3o seus milh\u00f5es; cofres abarrotados de moedas de ouro a pre\u00e7o de sangue. Para gastar com o qu\u00ea? Para comprar uma bolha de oxig\u00eanio, um lugarzinho em algum outro planeta?<\/p>\n<p>Desgra\u00e7adamente, perceber\u00e3o que tudo o que herdaram n\u00e3o os pode tirar da mis\u00e9ria em que se encontram, das doen\u00e7as que os assolam, do individualismo chocante e do desamor fatal.<\/p>\n<p>Um planeta destru\u00eddo; em ru\u00ednas; o que \u00e9 pior, sem sa\u00edda de emerg\u00eancia!<\/p>\n<p>Ser\u00e1 que \u00e9 t\u00e3o dif\u00edcil entender que n\u00e3o haver\u00e1 lugar para se firmar, quando o ch\u00e3o faltar debaixo dos seus p\u00e9s?<\/p>\n<p>N\u00e3o veem que n\u00e3o haver\u00e1 uma sombra onde possam descansar do sol escaldante?<\/p>\n<p>N\u00e3o veem que esse planeta que destr\u00f3i \u00e9 o \u00fanico ref\u00fagio em todo o universo conhecido?<\/p>\n<p>Ser\u00e1 que um dia vamos chorar ao ouvir a letra de Z\u00e9 Miguel e vamos nos lembrar de nosso verde das matas e do azul de nossas \u00e1guas?<\/p>\n<p>\u201cEu amo voc\u00ea, terra minha amada<\/p>\n<p>Minha oca, meu iglu, minha casa.<\/p>\n<p>Eu amo voc\u00ea, perola azulada,<\/p>\n<p>Conta no colar de Deus, pendurada.<\/p>\n<p>A ben\u00e7\u00e3o, minha m\u00e3e.<\/p>\n<p>J\u00e1 aprendi a nadar em seu mar azul.<\/p>\n<p>Adorar \u00e1gua, homem, peixe, \u00e1gua.<\/p>\n<p>Fonte iluminada.<\/p>\n<p>J\u00e1 aprendi a ser parte de voc\u00ea.<\/p>\n<p>Respeitar a vida em sua barriga.<\/p>\n<p>Quantos mais v\u00e3o aprender\u2019\u201d(Can\u00e7\u00e3o P\u00e9rola Azulada-Z\u00e9 Miguel)<\/p>\n<p>&nbsp;<\/p>\n<p><strong>Solange Lisboa<\/strong><\/p>\n<p><strong>Escrtora-Poeta<\/strong><\/p>\n<p><strong>@sollisboapoeta<\/strong><\/p>\n<p><strong>Solangeserrao3@gmail.com<\/strong><\/p>\n<p><strong>\u00a0<\/strong><\/p>\n<p>&nbsp;<\/p>\n","protected":false},"excerpt":{"rendered":"<p>Como dizia meu pai, que era bem-humorado: \u201cDesgra\u00e7a pouca \u00e9 mis\u00e9ria\u201d. N\u00e3o bastassem as dores que j\u00e1 assolam toda a humanidade diante de fatos que mesmo acontecendo do outro lado do mundo, n\u00e3o isenta nenhum ser vivente das danosas consequ\u00eancias, como as guerras e guerrilhas, as injusti\u00e7as, a fome, o desemprego, as calamidades, os abusos [&hellip;]<\/p>\n","protected":false},"author":13,"featured_media":92402,"comment_status":"closed","ping_status":"open","sticky":false,"template":"","format":"standard","meta":{"_acf_changed":false,"_exactmetrics_skip_tracking":false,"_exactmetrics_sitenote_active":false,"_exactmetrics_sitenote_note":"","_exactmetrics_sitenote_category":0,"footnotes":""},"categories":[59],"tags":[],"class_list":["post-92401","post","type-post","status-publish","format-standard","has-post-thumbnail","hentry","category-opiniao"],"acf":[],"yoast_head":"<!-- This site is optimized with the Yoast SEO plugin v27.2 - https:\/\/yoast.com\/product\/yoast-seo-wordpress\/ -->\n<title>AVISTA-SE FUMA\u00c7A NO AGONIZANTE PLANETA TERRA - R\u00e1dio Life FM<\/title>\n<meta name=\"robots\" content=\"index, follow, max-snippet:-1, max-image-preview:large, max-video-preview:-1\" \/>\n<link rel=\"canonical\" href=\"https:\/\/radiolifefm.com.br\/noticias\/avista-se-fumaca-no-agonizante-planeta-terra\/\" \/>\n<meta property=\"og:locale\" content=\"pt_BR\" \/>\n<meta property=\"og:type\" content=\"article\" \/>\n<meta property=\"og:title\" content=\"AVISTA-SE FUMA\u00c7A NO AGONIZANTE PLANETA TERRA - R\u00e1dio Life FM\" \/>\n<meta property=\"og:description\" content=\"Como dizia meu pai, que era bem-humorado: \u201cDesgra\u00e7a pouca \u00e9 mis\u00e9ria\u201d. N\u00e3o bastassem as dores que j\u00e1 assolam toda a humanidade diante de fatos que mesmo acontecendo do outro lado do mundo, n\u00e3o isenta nenhum ser vivente das danosas consequ\u00eancias, como as guerras e guerrilhas, as injusti\u00e7as, a fome, o desemprego, as calamidades, os abusos [&hellip;]\" \/>\n<meta property=\"og:url\" content=\"https:\/\/radiolifefm.com.br\/noticias\/avista-se-fumaca-no-agonizante-planeta-terra\/\" \/>\n<meta property=\"og:site_name\" content=\"R\u00e1dio Life FM\" \/>\n<meta property=\"article:publisher\" content=\"https:\/\/www.facebook.com\/radiolifefm\/\" \/>\n<meta property=\"article:published_time\" content=\"2024-09-05T12:21:24+00:00\" \/>\n<meta property=\"article:modified_time\" content=\"2026-04-15T15:10:08+00:00\" \/>\n<meta property=\"og:image\" content=\"https:\/\/radiolifefm.com.br\/noticias\/wp-content\/uploads\/2024\/09\/WhatsApp-Image-2024-09-04-at-16.49.49.jpeg\" \/>\n\t<meta property=\"og:image:width\" content=\"1600\" \/>\n\t<meta property=\"og:image:height\" content=\"1600\" \/>\n\t<meta property=\"og:image:type\" content=\"image\/jpeg\" \/>\n<meta name=\"author\" content=\"ritanery\" \/>\n<meta name=\"twitter:card\" content=\"summary_large_image\" \/>\n<meta name=\"twitter:label1\" content=\"Escrito por\" \/>\n\t<meta name=\"twitter:data1\" content=\"ritanery\" \/>\n\t<meta name=\"twitter:label2\" content=\"Est. tempo de leitura\" \/>\n\t<meta name=\"twitter:data2\" content=\"4 minutos\" \/>\n<script type=\"application\/ld+json\" class=\"yoast-schema-graph\">{\"@context\":\"https:\/\/schema.org\",\"@graph\":[{\"@type\":\"Article\",\"@id\":\"https:\/\/radiolifefm.com.br\/noticias\/avista-se-fumaca-no-agonizante-planeta-terra\/#article\",\"isPartOf\":{\"@id\":\"https:\/\/radiolifefm.com.br\/noticias\/avista-se-fumaca-no-agonizante-planeta-terra\/\"},\"author\":{\"name\":\"ritanery\",\"@id\":\"https:\/\/radiolifefm.com.br\/noticias\/#\/schema\/person\/6339b9fac59d12b071dec680d7375d87\"},\"headline\":\"AVISTA-SE FUMA\u00c7A NO AGONIZANTE PLANETA TERRA\",\"datePublished\":\"2024-09-05T12:21:24+00:00\",\"dateModified\":\"2026-04-15T15:10:08+00:00\",\"mainEntityOfPage\":{\"@id\":\"https:\/\/radiolifefm.com.br\/noticias\/avista-se-fumaca-no-agonizante-planeta-terra\/\"},\"wordCount\":668,\"publisher\":{\"@id\":\"https:\/\/radiolifefm.com.br\/noticias\/#organization\"},\"image\":{\"@id\":\"https:\/\/radiolifefm.com.br\/noticias\/avista-se-fumaca-no-agonizante-planeta-terra\/#primaryimage\"},\"thumbnailUrl\":\"https:\/\/radiolifefm.com.br\/noticias\/wp-content\/uploads\/2024\/09\/WhatsApp-Image-2024-09-04-at-16.49.49.jpeg\",\"articleSection\":[\"Opini\u00e3o\"],\"inLanguage\":\"pt-BR\"},{\"@type\":\"WebPage\",\"@id\":\"https:\/\/radiolifefm.com.br\/noticias\/avista-se-fumaca-no-agonizante-planeta-terra\/\",\"url\":\"https:\/\/radiolifefm.com.br\/noticias\/avista-se-fumaca-no-agonizante-planeta-terra\/\",\"name\":\"AVISTA-SE FUMA\u00c7A NO AGONIZANTE PLANETA TERRA - R\u00e1dio Life FM\",\"isPartOf\":{\"@id\":\"https:\/\/radiolifefm.com.br\/noticias\/#website\"},\"primaryImageOfPage\":{\"@id\":\"https:\/\/radiolifefm.com.br\/noticias\/avista-se-fumaca-no-agonizante-planeta-terra\/#primaryimage\"},\"image\":{\"@id\":\"https:\/\/radiolifefm.com.br\/noticias\/avista-se-fumaca-no-agonizante-planeta-terra\/#primaryimage\"},\"thumbnailUrl\":\"https:\/\/radiolifefm.com.br\/noticias\/wp-content\/uploads\/2024\/09\/WhatsApp-Image-2024-09-04-at-16.49.49.jpeg\",\"datePublished\":\"2024-09-05T12:21:24+00:00\",\"dateModified\":\"2026-04-15T15:10:08+00:00\",\"breadcrumb\":{\"@id\":\"https:\/\/radiolifefm.com.br\/noticias\/avista-se-fumaca-no-agonizante-planeta-terra\/#breadcrumb\"},\"inLanguage\":\"pt-BR\",\"potentialAction\":[{\"@type\":\"ReadAction\",\"target\":[\"https:\/\/radiolifefm.com.br\/noticias\/avista-se-fumaca-no-agonizante-planeta-terra\/\"]}]},{\"@type\":\"ImageObject\",\"inLanguage\":\"pt-BR\",\"@id\":\"https:\/\/radiolifefm.com.br\/noticias\/avista-se-fumaca-no-agonizante-planeta-terra\/#primaryimage\",\"url\":\"https:\/\/radiolifefm.com.br\/noticias\/wp-content\/uploads\/2024\/09\/WhatsApp-Image-2024-09-04-at-16.49.49.jpeg\",\"contentUrl\":\"https:\/\/radiolifefm.com.br\/noticias\/wp-content\/uploads\/2024\/09\/WhatsApp-Image-2024-09-04-at-16.49.49.jpeg\",\"width\":1600,\"height\":1600},{\"@type\":\"BreadcrumbList\",\"@id\":\"https:\/\/radiolifefm.com.br\/noticias\/avista-se-fumaca-no-agonizante-planeta-terra\/#breadcrumb\",\"itemListElement\":[{\"@type\":\"ListItem\",\"position\":1,\"name\":\"In\u00edcio\",\"item\":\"https:\/\/radiolifefm.com.br\/noticias\/\"},{\"@type\":\"ListItem\",\"position\":2,\"name\":\"AVISTA-SE FUMA\u00c7A NO AGONIZANTE PLANETA TERRA\"}]},{\"@type\":\"WebSite\",\"@id\":\"https:\/\/radiolifefm.com.br\/noticias\/#website\",\"url\":\"https:\/\/radiolifefm.com.br\/noticias\/\",\"name\":\"R\u00e1dio Life FM\",\"description\":\"O Portal de Not\u00edcias de Adamantina\",\"publisher\":{\"@id\":\"https:\/\/radiolifefm.com.br\/noticias\/#organization\"},\"alternateName\":\"Life FM\",\"potentialAction\":[{\"@type\":\"SearchAction\",\"target\":{\"@type\":\"EntryPoint\",\"urlTemplate\":\"https:\/\/radiolifefm.com.br\/noticias\/?s={search_term_string}\"},\"query-input\":{\"@type\":\"PropertyValueSpecification\",\"valueRequired\":true,\"valueName\":\"search_term_string\"}}],\"inLanguage\":\"pt-BR\"},{\"@type\":\"Organization\",\"@id\":\"https:\/\/radiolifefm.com.br\/noticias\/#organization\",\"name\":\"R\u00e1dio Life FM\",\"alternateName\":\"Life FM\",\"url\":\"https:\/\/radiolifefm.com.br\/noticias\/\",\"logo\":{\"@type\":\"ImageObject\",\"inLanguage\":\"pt-BR\",\"@id\":\"https:\/\/radiolifefm.com.br\/noticias\/#\/schema\/logo\/image\/\",\"url\":\"https:\/\/static.radiolifefm.com.br\/noticias\/wp-content\/uploads\/2019\/10\/logo-lifefm.png\",\"contentUrl\":\"https:\/\/static.radiolifefm.com.br\/noticias\/wp-content\/uploads\/2019\/10\/logo-lifefm.png\",\"width\":196,\"height\":47,\"caption\":\"R\u00e1dio Life FM\"},\"image\":{\"@id\":\"https:\/\/radiolifefm.com.br\/noticias\/#\/schema\/logo\/image\/\"},\"sameAs\":[\"https:\/\/www.facebook.com\/radiolifefm\/\",\"https:\/\/www.instagram.com\/life1079fm\/\"]},{\"@type\":\"Person\",\"@id\":\"https:\/\/radiolifefm.com.br\/noticias\/#\/schema\/person\/6339b9fac59d12b071dec680d7375d87\",\"name\":\"ritanery\",\"image\":{\"@type\":\"ImageObject\",\"inLanguage\":\"pt-BR\",\"@id\":\"https:\/\/secure.gravatar.com\/avatar\/0e37bb19071f47c0b8a23f62a903df117c5a0e75f65a0c2901562f97cd41cf86?s=96&d=mm&r=g\",\"url\":\"https:\/\/secure.gravatar.com\/avatar\/0e37bb19071f47c0b8a23f62a903df117c5a0e75f65a0c2901562f97cd41cf86?s=96&d=mm&r=g\",\"contentUrl\":\"https:\/\/secure.gravatar.com\/avatar\/0e37bb19071f47c0b8a23f62a903df117c5a0e75f65a0c2901562f97cd41cf86?s=96&d=mm&r=g\",\"caption\":\"ritanery\"}}]}<\/script>\n<!-- \/ Yoast SEO plugin. -->","yoast_head_json":{"title":"AVISTA-SE FUMA\u00c7A NO AGONIZANTE PLANETA TERRA - R\u00e1dio Life FM","robots":{"index":"index","follow":"follow","max-snippet":"max-snippet:-1","max-image-preview":"max-image-preview:large","max-video-preview":"max-video-preview:-1"},"canonical":"https:\/\/radiolifefm.com.br\/noticias\/avista-se-fumaca-no-agonizante-planeta-terra\/","og_locale":"pt_BR","og_type":"article","og_title":"AVISTA-SE FUMA\u00c7A NO AGONIZANTE PLANETA TERRA - R\u00e1dio Life FM","og_description":"Como dizia meu pai, que era bem-humorado: \u201cDesgra\u00e7a pouca \u00e9 mis\u00e9ria\u201d. N\u00e3o bastassem as dores que j\u00e1 assolam toda a humanidade diante de fatos que mesmo acontecendo do outro lado do mundo, n\u00e3o isenta nenhum ser vivente das danosas consequ\u00eancias, como as guerras e guerrilhas, as injusti\u00e7as, a fome, o desemprego, as calamidades, os abusos [&hellip;]","og_url":"https:\/\/radiolifefm.com.br\/noticias\/avista-se-fumaca-no-agonizante-planeta-terra\/","og_site_name":"R\u00e1dio Life FM","article_publisher":"https:\/\/www.facebook.com\/radiolifefm\/","article_published_time":"2024-09-05T12:21:24+00:00","article_modified_time":"2026-04-15T15:10:08+00:00","og_image":[{"width":1600,"height":1600,"url":"https:\/\/radiolifefm.com.br\/noticias\/wp-content\/uploads\/2024\/09\/WhatsApp-Image-2024-09-04-at-16.49.49.jpeg","type":"image\/jpeg"}],"author":"ritanery","twitter_card":"summary_large_image","twitter_misc":{"Escrito por":"ritanery","Est. tempo de leitura":"4 minutos"},"schema":{"@context":"https:\/\/schema.org","@graph":[{"@type":"Article","@id":"https:\/\/radiolifefm.com.br\/noticias\/avista-se-fumaca-no-agonizante-planeta-terra\/#article","isPartOf":{"@id":"https:\/\/radiolifefm.com.br\/noticias\/avista-se-fumaca-no-agonizante-planeta-terra\/"},"author":{"name":"ritanery","@id":"https:\/\/radiolifefm.com.br\/noticias\/#\/schema\/person\/6339b9fac59d12b071dec680d7375d87"},"headline":"AVISTA-SE FUMA\u00c7A NO AGONIZANTE PLANETA TERRA","datePublished":"2024-09-05T12:21:24+00:00","dateModified":"2026-04-15T15:10:08+00:00","mainEntityOfPage":{"@id":"https:\/\/radiolifefm.com.br\/noticias\/avista-se-fumaca-no-agonizante-planeta-terra\/"},"wordCount":668,"publisher":{"@id":"https:\/\/radiolifefm.com.br\/noticias\/#organization"},"image":{"@id":"https:\/\/radiolifefm.com.br\/noticias\/avista-se-fumaca-no-agonizante-planeta-terra\/#primaryimage"},"thumbnailUrl":"https:\/\/radiolifefm.com.br\/noticias\/wp-content\/uploads\/2024\/09\/WhatsApp-Image-2024-09-04-at-16.49.49.jpeg","articleSection":["Opini\u00e3o"],"inLanguage":"pt-BR"},{"@type":"WebPage","@id":"https:\/\/radiolifefm.com.br\/noticias\/avista-se-fumaca-no-agonizante-planeta-terra\/","url":"https:\/\/radiolifefm.com.br\/noticias\/avista-se-fumaca-no-agonizante-planeta-terra\/","name":"AVISTA-SE FUMA\u00c7A NO AGONIZANTE PLANETA TERRA - R\u00e1dio Life FM","isPartOf":{"@id":"https:\/\/radiolifefm.com.br\/noticias\/#website"},"primaryImageOfPage":{"@id":"https:\/\/radiolifefm.com.br\/noticias\/avista-se-fumaca-no-agonizante-planeta-terra\/#primaryimage"},"image":{"@id":"https:\/\/radiolifefm.com.br\/noticias\/avista-se-fumaca-no-agonizante-planeta-terra\/#primaryimage"},"thumbnailUrl":"https:\/\/radiolifefm.com.br\/noticias\/wp-content\/uploads\/2024\/09\/WhatsApp-Image-2024-09-04-at-16.49.49.jpeg","datePublished":"2024-09-05T12:21:24+00:00","dateModified":"2026-04-15T15:10:08+00:00","breadcrumb":{"@id":"https:\/\/radiolifefm.com.br\/noticias\/avista-se-fumaca-no-agonizante-planeta-terra\/#breadcrumb"},"inLanguage":"pt-BR","potentialAction":[{"@type":"ReadAction","target":["https:\/\/radiolifefm.com.br\/noticias\/avista-se-fumaca-no-agonizante-planeta-terra\/"]}]},{"@type":"ImageObject","inLanguage":"pt-BR","@id":"https:\/\/radiolifefm.com.br\/noticias\/avista-se-fumaca-no-agonizante-planeta-terra\/#primaryimage","url":"https:\/\/radiolifefm.com.br\/noticias\/wp-content\/uploads\/2024\/09\/WhatsApp-Image-2024-09-04-at-16.49.49.jpeg","contentUrl":"https:\/\/radiolifefm.com.br\/noticias\/wp-content\/uploads\/2024\/09\/WhatsApp-Image-2024-09-04-at-16.49.49.jpeg","width":1600,"height":1600},{"@type":"BreadcrumbList","@id":"https:\/\/radiolifefm.com.br\/noticias\/avista-se-fumaca-no-agonizante-planeta-terra\/#breadcrumb","itemListElement":[{"@type":"ListItem","position":1,"name":"In\u00edcio","item":"https:\/\/radiolifefm.com.br\/noticias\/"},{"@type":"ListItem","position":2,"name":"AVISTA-SE FUMA\u00c7A NO AGONIZANTE PLANETA TERRA"}]},{"@type":"WebSite","@id":"https:\/\/radiolifefm.com.br\/noticias\/#website","url":"https:\/\/radiolifefm.com.br\/noticias\/","name":"R\u00e1dio Life FM","description":"O Portal de Not\u00edcias de Adamantina","publisher":{"@id":"https:\/\/radiolifefm.com.br\/noticias\/#organization"},"alternateName":"Life FM","potentialAction":[{"@type":"SearchAction","target":{"@type":"EntryPoint","urlTemplate":"https:\/\/radiolifefm.com.br\/noticias\/?s={search_term_string}"},"query-input":{"@type":"PropertyValueSpecification","valueRequired":true,"valueName":"search_term_string"}}],"inLanguage":"pt-BR"},{"@type":"Organization","@id":"https:\/\/radiolifefm.com.br\/noticias\/#organization","name":"R\u00e1dio Life FM","alternateName":"Life FM","url":"https:\/\/radiolifefm.com.br\/noticias\/","logo":{"@type":"ImageObject","inLanguage":"pt-BR","@id":"https:\/\/radiolifefm.com.br\/noticias\/#\/schema\/logo\/image\/","url":"https:\/\/static.radiolifefm.com.br\/noticias\/wp-content\/uploads\/2019\/10\/logo-lifefm.png","contentUrl":"https:\/\/static.radiolifefm.com.br\/noticias\/wp-content\/uploads\/2019\/10\/logo-lifefm.png","width":196,"height":47,"caption":"R\u00e1dio Life FM"},"image":{"@id":"https:\/\/radiolifefm.com.br\/noticias\/#\/schema\/logo\/image\/"},"sameAs":["https:\/\/www.facebook.com\/radiolifefm\/","https:\/\/www.instagram.com\/life1079fm\/"]},{"@type":"Person","@id":"https:\/\/radiolifefm.com.br\/noticias\/#\/schema\/person\/6339b9fac59d12b071dec680d7375d87","name":"ritanery","image":{"@type":"ImageObject","inLanguage":"pt-BR","@id":"https:\/\/secure.gravatar.com\/avatar\/0e37bb19071f47c0b8a23f62a903df117c5a0e75f65a0c2901562f97cd41cf86?s=96&d=mm&r=g","url":"https:\/\/secure.gravatar.com\/avatar\/0e37bb19071f47c0b8a23f62a903df117c5a0e75f65a0c2901562f97cd41cf86?s=96&d=mm&r=g","contentUrl":"https:\/\/secure.gravatar.com\/avatar\/0e37bb19071f47c0b8a23f62a903df117c5a0e75f65a0c2901562f97cd41cf86?s=96&d=mm&r=g","caption":"ritanery"}}]}},"amp_enabled":true,"_links":{"self":[{"href":"https:\/\/radiolifefm.com.br\/noticias\/wp-json\/wp\/v2\/posts\/92401","targetHints":{"allow":["GET"]}}],"collection":[{"href":"https:\/\/radiolifefm.com.br\/noticias\/wp-json\/wp\/v2\/posts"}],"about":[{"href":"https:\/\/radiolifefm.com.br\/noticias\/wp-json\/wp\/v2\/types\/post"}],"author":[{"embeddable":true,"href":"https:\/\/radiolifefm.com.br\/noticias\/wp-json\/wp\/v2\/users\/13"}],"replies":[{"embeddable":true,"href":"https:\/\/radiolifefm.com.br\/noticias\/wp-json\/wp\/v2\/comments?post=92401"}],"version-history":[{"count":1,"href":"https:\/\/radiolifefm.com.br\/noticias\/wp-json\/wp\/v2\/posts\/92401\/revisions"}],"predecessor-version":[{"id":92403,"href":"https:\/\/radiolifefm.com.br\/noticias\/wp-json\/wp\/v2\/posts\/92401\/revisions\/92403"}],"wp:featuredmedia":[{"embeddable":true,"href":"https:\/\/radiolifefm.com.br\/noticias\/wp-json\/wp\/v2\/media\/92402"}],"wp:attachment":[{"href":"https:\/\/radiolifefm.com.br\/noticias\/wp-json\/wp\/v2\/media?parent=92401"}],"wp:term":[{"taxonomy":"category","embeddable":true,"href":"https:\/\/radiolifefm.com.br\/noticias\/wp-json\/wp\/v2\/categories?post=92401"},{"taxonomy":"post_tag","embeddable":true,"href":"https:\/\/radiolifefm.com.br\/noticias\/wp-json\/wp\/v2\/tags?post=92401"}],"curies":[{"name":"wp","href":"https:\/\/api.w.org\/{rel}","templated":true}]}}