{"id":92270,"date":"2024-09-02T16:44:33","date_gmt":"2024-09-02T19:44:33","guid":{"rendered":"https:\/\/radiolifefm.com.br\/noticias\/?p=92270"},"modified":"2025-12-16T23:10:03","modified_gmt":"2025-12-17T02:10:03","slug":"estar-e-diferente-de-ser-3","status":"publish","type":"post","link":"https:\/\/radiolifefm.com.br\/noticias\/estar-e-diferente-de-ser-3\/","title":{"rendered":"\u201cESTAR \u00c9 DIFERENTE DE SER\u201d"},"content":{"rendered":"<div id=\"fb-root\"><\/div>\n<p><strong>\u201cPoeta, por que choras? \/ Que triste melancolia. \/ \u00c9 que minh\u2019alma ignora<br \/>\nO esplendor da alegria. \/ Este sorriso que em mim emana, \/ A minha pr\u00f3pria alma engana\u201d (Carolina Maria de Jesus)<\/strong><\/p>\n<p><strong>\u00a0<\/strong><\/p>\n<p><strong>By seb@r.<\/strong><\/p>\n<p><strong>\u00a0<\/strong><\/p>\n<p>As noites que envolvem o sono das mulheres em meio \u00e0s tempestades do cotidiano, tendem a levar os mesmos para um mundo sem fim neste s\u00e9culo&#8230;<\/p>\n<p>Nada \u00e9 mais do que a busca pelo algo mais, um movimento constante e sem no\u00e7\u00e3o das muitas interroga\u00e7\u00f5es pendentes na consci\u00eancia dos seres, chamados de racionais&#8230;<\/p>\n<p>Por a\u00ed a gente vai tentando levar tudo na mesmice de sempre, dizem que isto ou aquilo de tudo e de todos, ainda mais, quando estamos inseridos numa sociedade patriarcal&#8230;<\/p>\n<p>S\u00e3o as imperfei\u00e7\u00f5es da vida que nos levam ao diferente, nada mais justo ou injusto neste quadro sem moldura, assim pelo menos, teremos a oportunidade de sair em busca do desencontro individual das pessoas&#8230;<\/p>\n<p>Dizem por estes lados que estamos longe dos grandes centros urbanos, das grandes decis\u00f5es que ocorrem diariamente no planeta, mesmo assim, cada qual sabe como dar um passo em dire\u00e7\u00e3o contr\u00e1ria para tudo isso ou aquilo&#8230;<\/p>\n<p>Temos os compromissos com\u00a0 verdades e mentiras do cotidiano, assim, fica cada vez mais dif\u00edcil assumir o nosso lado interior, desta forma, \u00e9 mais do que necess\u00e1rio sentir o lado exterior para que, quem sabe, juntar as for\u00e7as e chegar do outro lado do nosso \u201ceu\u201d&#8230;<\/p>\n<p>Ningu\u00e9m \u00e9 de ningu\u00e9m, ao mesmo tempo, todo mundo \u00e9 de todo mundo, divagam abertamente neste novo tempo novo de modernidade ou seria de p\u00f3s-modernidade, talvez, meta-modernidade&#8230;<\/p>\n<p>\u00c9 o jogo das met\u00e1foras e nada mais, assim, vamos aos poucos nos assumindo coletivamente e nada mais, sendo que, o individual n\u00e3o tem lugar neste cen\u00e1rio atual, ainda, os desafios continuam o mesmo de sempre, por\u00e9m, \u00a0sempre ficando de um lado ou de outro quanto as escolhas&#8230;<\/p>\n<p>Compramos, por\u00e9m n\u00e3o levamos neste contexto de mercado, ao mesmo tempo, existem as necessidades e isto \u00e9 o diferencial para todas\/os, todavia, as derrotas est\u00e3o neste caminho de busca pelo outro lado do tempo neste tempo sem o tempo&#8230;<\/p>\n<p>APENAS VOC\u00ca PODE DETERMINAR A SUA BUSCA PELO \u201cEU\u201d SEM A NECESSIDADE DE \u201cESTAR\u201d&#8230;<\/p>\n<p>&nbsp;<\/p>\n<p>&nbsp;<\/p>\n<p><strong>e-mail: barbosa.sebar@gmail.com<\/strong><\/p>\n","protected":false},"excerpt":{"rendered":"<p>\u201cPoeta, por que choras? \/ Que triste melancolia. \/ \u00c9 que minh\u2019alma ignora O esplendor da alegria. \/ Este sorriso que em mim emana, \/ A minha pr\u00f3pria alma engana\u201d (Carolina Maria de Jesus) \u00a0 By seb@r. \u00a0 As noites que envolvem o sono das mulheres em meio \u00e0s tempestades do cotidiano, tendem a levar [&hellip;]<\/p>\n","protected":false},"author":13,"featured_media":51988,"comment_status":"closed","ping_status":"open","sticky":false,"template":"","format":"standard","meta":{"_acf_changed":false,"_exactmetrics_skip_tracking":false,"_exactmetrics_sitenote_active":false,"_exactmetrics_sitenote_note":"","_exactmetrics_sitenote_category":0,"footnotes":""},"categories":[59],"tags":[],"class_list":["post-92270","post","type-post","status-publish","format-standard","has-post-thumbnail","hentry","category-opiniao"],"acf":[],"yoast_head":"<!-- This site is optimized with the Yoast SEO plugin v27.2 - https:\/\/yoast.com\/product\/yoast-seo-wordpress\/ -->\n<title>\u201cESTAR \u00c9 DIFERENTE DE SER\u201d - R\u00e1dio Life FM<\/title>\n<meta name=\"robots\" content=\"index, follow, max-snippet:-1, max-image-preview:large, max-video-preview:-1\" \/>\n<link rel=\"canonical\" href=\"https:\/\/radiolifefm.com.br\/noticias\/estar-e-diferente-de-ser-3\/\" \/>\n<meta property=\"og:locale\" content=\"pt_BR\" \/>\n<meta property=\"og:type\" content=\"article\" \/>\n<meta property=\"og:title\" content=\"\u201cESTAR \u00c9 DIFERENTE DE SER\u201d - R\u00e1dio Life FM\" \/>\n<meta property=\"og:description\" content=\"\u201cPoeta, por que choras? \/ Que triste melancolia. \/ \u00c9 que minh\u2019alma ignora O esplendor da alegria. \/ Este sorriso que em mim emana, \/ A minha pr\u00f3pria alma engana\u201d (Carolina Maria de Jesus) \u00a0 By seb@r. \u00a0 As noites que envolvem o sono das mulheres em meio \u00e0s tempestades do cotidiano, tendem a levar [&hellip;]\" \/>\n<meta property=\"og:url\" content=\"https:\/\/radiolifefm.com.br\/noticias\/estar-e-diferente-de-ser-3\/\" \/>\n<meta property=\"og:site_name\" content=\"R\u00e1dio Life FM\" \/>\n<meta property=\"article:publisher\" content=\"https:\/\/www.facebook.com\/radiolifefm\/\" \/>\n<meta property=\"article:published_time\" content=\"2024-09-02T19:44:33+00:00\" \/>\n<meta property=\"article:modified_time\" content=\"2025-12-17T02:10:03+00:00\" \/>\n<meta property=\"og:image\" content=\"https:\/\/radiolifefm.com.br\/noticias\/wp-content\/uploads\/2022\/04\/WhatsApp-Image-2022-04-10-at-18.43.02.jpeg\" \/>\n\t<meta property=\"og:image:width\" content=\"972\" \/>\n\t<meta property=\"og:image:height\" content=\"1296\" \/>\n\t<meta property=\"og:image:type\" content=\"image\/jpeg\" \/>\n<meta name=\"author\" content=\"ritanery\" \/>\n<meta name=\"twitter:card\" content=\"summary_large_image\" \/>\n<meta name=\"twitter:label1\" content=\"Escrito por\" \/>\n\t<meta name=\"twitter:data1\" content=\"ritanery\" \/>\n\t<meta name=\"twitter:label2\" content=\"Est. tempo de leitura\" \/>\n\t<meta name=\"twitter:data2\" content=\"3 minutos\" \/>\n<script type=\"application\/ld+json\" class=\"yoast-schema-graph\">{\"@context\":\"https:\/\/schema.org\",\"@graph\":[{\"@type\":\"Article\",\"@id\":\"https:\/\/radiolifefm.com.br\/noticias\/estar-e-diferente-de-ser-3\/#article\",\"isPartOf\":{\"@id\":\"https:\/\/radiolifefm.com.br\/noticias\/estar-e-diferente-de-ser-3\/\"},\"author\":{\"name\":\"ritanery\",\"@id\":\"https:\/\/radiolifefm.com.br\/noticias\/#\/schema\/person\/6339b9fac59d12b071dec680d7375d87\"},\"headline\":\"\u201cESTAR \u00c9 DIFERENTE DE SER\u201d\",\"datePublished\":\"2024-09-02T19:44:33+00:00\",\"dateModified\":\"2025-12-17T02:10:03+00:00\",\"mainEntityOfPage\":{\"@id\":\"https:\/\/radiolifefm.com.br\/noticias\/estar-e-diferente-de-ser-3\/\"},\"wordCount\":389,\"publisher\":{\"@id\":\"https:\/\/radiolifefm.com.br\/noticias\/#organization\"},\"image\":{\"@id\":\"https:\/\/radiolifefm.com.br\/noticias\/estar-e-diferente-de-ser-3\/#primaryimage\"},\"thumbnailUrl\":\"https:\/\/radiolifefm.com.br\/noticias\/wp-content\/uploads\/2022\/04\/WhatsApp-Image-2022-04-10-at-18.43.02.jpeg\",\"articleSection\":[\"Opini\u00e3o\"],\"inLanguage\":\"pt-BR\"},{\"@type\":\"WebPage\",\"@id\":\"https:\/\/radiolifefm.com.br\/noticias\/estar-e-diferente-de-ser-3\/\",\"url\":\"https:\/\/radiolifefm.com.br\/noticias\/estar-e-diferente-de-ser-3\/\",\"name\":\"\u201cESTAR \u00c9 DIFERENTE DE SER\u201d - R\u00e1dio Life FM\",\"isPartOf\":{\"@id\":\"https:\/\/radiolifefm.com.br\/noticias\/#website\"},\"primaryImageOfPage\":{\"@id\":\"https:\/\/radiolifefm.com.br\/noticias\/estar-e-diferente-de-ser-3\/#primaryimage\"},\"image\":{\"@id\":\"https:\/\/radiolifefm.com.br\/noticias\/estar-e-diferente-de-ser-3\/#primaryimage\"},\"thumbnailUrl\":\"https:\/\/radiolifefm.com.br\/noticias\/wp-content\/uploads\/2022\/04\/WhatsApp-Image-2022-04-10-at-18.43.02.jpeg\",\"datePublished\":\"2024-09-02T19:44:33+00:00\",\"dateModified\":\"2025-12-17T02:10:03+00:00\",\"breadcrumb\":{\"@id\":\"https:\/\/radiolifefm.com.br\/noticias\/estar-e-diferente-de-ser-3\/#breadcrumb\"},\"inLanguage\":\"pt-BR\",\"potentialAction\":[{\"@type\":\"ReadAction\",\"target\":[\"https:\/\/radiolifefm.com.br\/noticias\/estar-e-diferente-de-ser-3\/\"]}]},{\"@type\":\"ImageObject\",\"inLanguage\":\"pt-BR\",\"@id\":\"https:\/\/radiolifefm.com.br\/noticias\/estar-e-diferente-de-ser-3\/#primaryimage\",\"url\":\"https:\/\/radiolifefm.com.br\/noticias\/wp-content\/uploads\/2022\/04\/WhatsApp-Image-2022-04-10-at-18.43.02.jpeg\",\"contentUrl\":\"https:\/\/radiolifefm.com.br\/noticias\/wp-content\/uploads\/2022\/04\/WhatsApp-Image-2022-04-10-at-18.43.02.jpeg\",\"width\":972,\"height\":1296,\"caption\":\"S\u00e9rgio Barbosa\"},{\"@type\":\"BreadcrumbList\",\"@id\":\"https:\/\/radiolifefm.com.br\/noticias\/estar-e-diferente-de-ser-3\/#breadcrumb\",\"itemListElement\":[{\"@type\":\"ListItem\",\"position\":1,\"name\":\"In\u00edcio\",\"item\":\"https:\/\/radiolifefm.com.br\/noticias\/\"},{\"@type\":\"ListItem\",\"position\":2,\"name\":\"\u201cESTAR \u00c9 DIFERENTE DE SER\u201d\"}]},{\"@type\":\"WebSite\",\"@id\":\"https:\/\/radiolifefm.com.br\/noticias\/#website\",\"url\":\"https:\/\/radiolifefm.com.br\/noticias\/\",\"name\":\"R\u00e1dio Life FM\",\"description\":\"O Portal de Not\u00edcias de Adamantina\",\"publisher\":{\"@id\":\"https:\/\/radiolifefm.com.br\/noticias\/#organization\"},\"alternateName\":\"Life FM\",\"potentialAction\":[{\"@type\":\"SearchAction\",\"target\":{\"@type\":\"EntryPoint\",\"urlTemplate\":\"https:\/\/radiolifefm.com.br\/noticias\/?s={search_term_string}\"},\"query-input\":{\"@type\":\"PropertyValueSpecification\",\"valueRequired\":true,\"valueName\":\"search_term_string\"}}],\"inLanguage\":\"pt-BR\"},{\"@type\":\"Organization\",\"@id\":\"https:\/\/radiolifefm.com.br\/noticias\/#organization\",\"name\":\"R\u00e1dio Life FM\",\"alternateName\":\"Life FM\",\"url\":\"https:\/\/radiolifefm.com.br\/noticias\/\",\"logo\":{\"@type\":\"ImageObject\",\"inLanguage\":\"pt-BR\",\"@id\":\"https:\/\/radiolifefm.com.br\/noticias\/#\/schema\/logo\/image\/\",\"url\":\"https:\/\/static.radiolifefm.com.br\/noticias\/wp-content\/uploads\/2019\/10\/logo-lifefm.png\",\"contentUrl\":\"https:\/\/static.radiolifefm.com.br\/noticias\/wp-content\/uploads\/2019\/10\/logo-lifefm.png\",\"width\":196,\"height\":47,\"caption\":\"R\u00e1dio Life FM\"},\"image\":{\"@id\":\"https:\/\/radiolifefm.com.br\/noticias\/#\/schema\/logo\/image\/\"},\"sameAs\":[\"https:\/\/www.facebook.com\/radiolifefm\/\",\"https:\/\/www.instagram.com\/life1079fm\/\"]},{\"@type\":\"Person\",\"@id\":\"https:\/\/radiolifefm.com.br\/noticias\/#\/schema\/person\/6339b9fac59d12b071dec680d7375d87\",\"name\":\"ritanery\",\"image\":{\"@type\":\"ImageObject\",\"inLanguage\":\"pt-BR\",\"@id\":\"https:\/\/secure.gravatar.com\/avatar\/0e37bb19071f47c0b8a23f62a903df117c5a0e75f65a0c2901562f97cd41cf86?s=96&d=mm&r=g\",\"url\":\"https:\/\/secure.gravatar.com\/avatar\/0e37bb19071f47c0b8a23f62a903df117c5a0e75f65a0c2901562f97cd41cf86?s=96&d=mm&r=g\",\"contentUrl\":\"https:\/\/secure.gravatar.com\/avatar\/0e37bb19071f47c0b8a23f62a903df117c5a0e75f65a0c2901562f97cd41cf86?s=96&d=mm&r=g\",\"caption\":\"ritanery\"}}]}<\/script>\n<!-- \/ Yoast SEO plugin. -->","yoast_head_json":{"title":"\u201cESTAR \u00c9 DIFERENTE DE SER\u201d - R\u00e1dio Life FM","robots":{"index":"index","follow":"follow","max-snippet":"max-snippet:-1","max-image-preview":"max-image-preview:large","max-video-preview":"max-video-preview:-1"},"canonical":"https:\/\/radiolifefm.com.br\/noticias\/estar-e-diferente-de-ser-3\/","og_locale":"pt_BR","og_type":"article","og_title":"\u201cESTAR \u00c9 DIFERENTE DE SER\u201d - R\u00e1dio Life FM","og_description":"\u201cPoeta, por que choras? \/ Que triste melancolia. \/ \u00c9 que minh\u2019alma ignora O esplendor da alegria. \/ Este sorriso que em mim emana, \/ A minha pr\u00f3pria alma engana\u201d (Carolina Maria de Jesus) \u00a0 By seb@r. \u00a0 As noites que envolvem o sono das mulheres em meio \u00e0s tempestades do cotidiano, tendem a levar [&hellip;]","og_url":"https:\/\/radiolifefm.com.br\/noticias\/estar-e-diferente-de-ser-3\/","og_site_name":"R\u00e1dio Life FM","article_publisher":"https:\/\/www.facebook.com\/radiolifefm\/","article_published_time":"2024-09-02T19:44:33+00:00","article_modified_time":"2025-12-17T02:10:03+00:00","og_image":[{"width":972,"height":1296,"url":"https:\/\/radiolifefm.com.br\/noticias\/wp-content\/uploads\/2022\/04\/WhatsApp-Image-2022-04-10-at-18.43.02.jpeg","type":"image\/jpeg"}],"author":"ritanery","twitter_card":"summary_large_image","twitter_misc":{"Escrito por":"ritanery","Est. tempo de leitura":"3 minutos"},"schema":{"@context":"https:\/\/schema.org","@graph":[{"@type":"Article","@id":"https:\/\/radiolifefm.com.br\/noticias\/estar-e-diferente-de-ser-3\/#article","isPartOf":{"@id":"https:\/\/radiolifefm.com.br\/noticias\/estar-e-diferente-de-ser-3\/"},"author":{"name":"ritanery","@id":"https:\/\/radiolifefm.com.br\/noticias\/#\/schema\/person\/6339b9fac59d12b071dec680d7375d87"},"headline":"\u201cESTAR \u00c9 DIFERENTE DE SER\u201d","datePublished":"2024-09-02T19:44:33+00:00","dateModified":"2025-12-17T02:10:03+00:00","mainEntityOfPage":{"@id":"https:\/\/radiolifefm.com.br\/noticias\/estar-e-diferente-de-ser-3\/"},"wordCount":389,"publisher":{"@id":"https:\/\/radiolifefm.com.br\/noticias\/#organization"},"image":{"@id":"https:\/\/radiolifefm.com.br\/noticias\/estar-e-diferente-de-ser-3\/#primaryimage"},"thumbnailUrl":"https:\/\/radiolifefm.com.br\/noticias\/wp-content\/uploads\/2022\/04\/WhatsApp-Image-2022-04-10-at-18.43.02.jpeg","articleSection":["Opini\u00e3o"],"inLanguage":"pt-BR"},{"@type":"WebPage","@id":"https:\/\/radiolifefm.com.br\/noticias\/estar-e-diferente-de-ser-3\/","url":"https:\/\/radiolifefm.com.br\/noticias\/estar-e-diferente-de-ser-3\/","name":"\u201cESTAR \u00c9 DIFERENTE DE SER\u201d - R\u00e1dio Life FM","isPartOf":{"@id":"https:\/\/radiolifefm.com.br\/noticias\/#website"},"primaryImageOfPage":{"@id":"https:\/\/radiolifefm.com.br\/noticias\/estar-e-diferente-de-ser-3\/#primaryimage"},"image":{"@id":"https:\/\/radiolifefm.com.br\/noticias\/estar-e-diferente-de-ser-3\/#primaryimage"},"thumbnailUrl":"https:\/\/radiolifefm.com.br\/noticias\/wp-content\/uploads\/2022\/04\/WhatsApp-Image-2022-04-10-at-18.43.02.jpeg","datePublished":"2024-09-02T19:44:33+00:00","dateModified":"2025-12-17T02:10:03+00:00","breadcrumb":{"@id":"https:\/\/radiolifefm.com.br\/noticias\/estar-e-diferente-de-ser-3\/#breadcrumb"},"inLanguage":"pt-BR","potentialAction":[{"@type":"ReadAction","target":["https:\/\/radiolifefm.com.br\/noticias\/estar-e-diferente-de-ser-3\/"]}]},{"@type":"ImageObject","inLanguage":"pt-BR","@id":"https:\/\/radiolifefm.com.br\/noticias\/estar-e-diferente-de-ser-3\/#primaryimage","url":"https:\/\/radiolifefm.com.br\/noticias\/wp-content\/uploads\/2022\/04\/WhatsApp-Image-2022-04-10-at-18.43.02.jpeg","contentUrl":"https:\/\/radiolifefm.com.br\/noticias\/wp-content\/uploads\/2022\/04\/WhatsApp-Image-2022-04-10-at-18.43.02.jpeg","width":972,"height":1296,"caption":"S\u00e9rgio Barbosa"},{"@type":"BreadcrumbList","@id":"https:\/\/radiolifefm.com.br\/noticias\/estar-e-diferente-de-ser-3\/#breadcrumb","itemListElement":[{"@type":"ListItem","position":1,"name":"In\u00edcio","item":"https:\/\/radiolifefm.com.br\/noticias\/"},{"@type":"ListItem","position":2,"name":"\u201cESTAR \u00c9 DIFERENTE DE SER\u201d"}]},{"@type":"WebSite","@id":"https:\/\/radiolifefm.com.br\/noticias\/#website","url":"https:\/\/radiolifefm.com.br\/noticias\/","name":"R\u00e1dio Life FM","description":"O Portal de Not\u00edcias de Adamantina","publisher":{"@id":"https:\/\/radiolifefm.com.br\/noticias\/#organization"},"alternateName":"Life FM","potentialAction":[{"@type":"SearchAction","target":{"@type":"EntryPoint","urlTemplate":"https:\/\/radiolifefm.com.br\/noticias\/?s={search_term_string}"},"query-input":{"@type":"PropertyValueSpecification","valueRequired":true,"valueName":"search_term_string"}}],"inLanguage":"pt-BR"},{"@type":"Organization","@id":"https:\/\/radiolifefm.com.br\/noticias\/#organization","name":"R\u00e1dio Life FM","alternateName":"Life FM","url":"https:\/\/radiolifefm.com.br\/noticias\/","logo":{"@type":"ImageObject","inLanguage":"pt-BR","@id":"https:\/\/radiolifefm.com.br\/noticias\/#\/schema\/logo\/image\/","url":"https:\/\/static.radiolifefm.com.br\/noticias\/wp-content\/uploads\/2019\/10\/logo-lifefm.png","contentUrl":"https:\/\/static.radiolifefm.com.br\/noticias\/wp-content\/uploads\/2019\/10\/logo-lifefm.png","width":196,"height":47,"caption":"R\u00e1dio Life FM"},"image":{"@id":"https:\/\/radiolifefm.com.br\/noticias\/#\/schema\/logo\/image\/"},"sameAs":["https:\/\/www.facebook.com\/radiolifefm\/","https:\/\/www.instagram.com\/life1079fm\/"]},{"@type":"Person","@id":"https:\/\/radiolifefm.com.br\/noticias\/#\/schema\/person\/6339b9fac59d12b071dec680d7375d87","name":"ritanery","image":{"@type":"ImageObject","inLanguage":"pt-BR","@id":"https:\/\/secure.gravatar.com\/avatar\/0e37bb19071f47c0b8a23f62a903df117c5a0e75f65a0c2901562f97cd41cf86?s=96&d=mm&r=g","url":"https:\/\/secure.gravatar.com\/avatar\/0e37bb19071f47c0b8a23f62a903df117c5a0e75f65a0c2901562f97cd41cf86?s=96&d=mm&r=g","contentUrl":"https:\/\/secure.gravatar.com\/avatar\/0e37bb19071f47c0b8a23f62a903df117c5a0e75f65a0c2901562f97cd41cf86?s=96&d=mm&r=g","caption":"ritanery"}}]}},"amp_enabled":true,"_links":{"self":[{"href":"https:\/\/radiolifefm.com.br\/noticias\/wp-json\/wp\/v2\/posts\/92270","targetHints":{"allow":["GET"]}}],"collection":[{"href":"https:\/\/radiolifefm.com.br\/noticias\/wp-json\/wp\/v2\/posts"}],"about":[{"href":"https:\/\/radiolifefm.com.br\/noticias\/wp-json\/wp\/v2\/types\/post"}],"author":[{"embeddable":true,"href":"https:\/\/radiolifefm.com.br\/noticias\/wp-json\/wp\/v2\/users\/13"}],"replies":[{"embeddable":true,"href":"https:\/\/radiolifefm.com.br\/noticias\/wp-json\/wp\/v2\/comments?post=92270"}],"version-history":[{"count":1,"href":"https:\/\/radiolifefm.com.br\/noticias\/wp-json\/wp\/v2\/posts\/92270\/revisions"}],"predecessor-version":[{"id":92271,"href":"https:\/\/radiolifefm.com.br\/noticias\/wp-json\/wp\/v2\/posts\/92270\/revisions\/92271"}],"wp:featuredmedia":[{"embeddable":true,"href":"https:\/\/radiolifefm.com.br\/noticias\/wp-json\/wp\/v2\/media\/51988"}],"wp:attachment":[{"href":"https:\/\/radiolifefm.com.br\/noticias\/wp-json\/wp\/v2\/media?parent=92270"}],"wp:term":[{"taxonomy":"category","embeddable":true,"href":"https:\/\/radiolifefm.com.br\/noticias\/wp-json\/wp\/v2\/categories?post=92270"},{"taxonomy":"post_tag","embeddable":true,"href":"https:\/\/radiolifefm.com.br\/noticias\/wp-json\/wp\/v2\/tags?post=92270"}],"curies":[{"name":"wp","href":"https:\/\/api.w.org\/{rel}","templated":true}]}}