{"id":91988,"date":"2024-08-28T08:17:58","date_gmt":"2024-08-28T11:17:58","guid":{"rendered":"https:\/\/radiolifefm.com.br\/noticias\/?p=91988"},"modified":"2026-04-10T10:57:16","modified_gmt":"2026-04-10T13:57:16","slug":"ribeiro-ferreira-vasconcelos-sanada-sanada-desencontros-com-a-literatura-deste-e-do-outro-lado","status":"publish","type":"post","link":"https:\/\/radiolifefm.com.br\/noticias\/ribeiro-ferreira-vasconcelos-sanada-sanada-desencontros-com-a-literatura-deste-e-do-outro-lado\/","title":{"rendered":"RIBEIRO, FERREIRA &amp; VASCONCELOS, SANADA &amp; SANADA: Desencontros com a Literatura deste e do outro lado&#8230;"},"content":{"rendered":"<div id=\"fb-root\"><\/div>\n<p><strong><em>\u00a0\u201cFrases! Frases! Como se o conforto de todos, diante de um fato que n\u00e3o se explica, diante de um mal que nos consome, n\u00e3o fosse encontrar uma palavra que n\u00e3o diz nada e na qual nos tranquilizamos!\u201d (<\/em><\/strong><a href=\"https:\/\/www.pensador.com\/autor\/luigi_pirandello\/\"><strong><em>Luigi Pirandello<\/em><\/strong><\/a>)<\/p>\n<p><strong>\u00a0<\/strong><\/p>\n<p><strong>By seb@r.<\/strong><\/p>\n<p>Pode-se escrever, ainda, sobre tudo e todos\/as, isso \u00e9, dependendo sempre de como entrar neste MUNDO denominado de LITERATURA&#8230;<\/p>\n<p>Mesmo assim, cada qual deve buscar qual a melhor ESCOLHA, pois, sempre existe um outro OLHAR sobre o mesmo TEMA ou T\u00cdTULO em pauta&#8230;<\/p>\n<p>Entendo que A GENTE SE ACOSTUMA A TUDO pode fazer a diferen\u00e7a para quem est\u00e1 buscando aquela CR\u00d4NICA sobre este ou aquele FATO, portanto, vai depender sempre de como o\/a LEITOR\/A vai entender a proposta do AUTOR&#8230;<\/p>\n<p>As IDAS com poucas VINDAS do ESCRITOR, pode proporcionar momentos SUBLIMES, todavia, n\u00e3o tem como deixar de lado que o COTIDIANO desta ou daquela CR\u00d4NICA, depende sempre de quem est\u00e1 por tr\u00e1s das PALAVRAS&#8230;<\/p>\n<p>Na outra PONTA da LITERATURA, existe outras PROPOSTAS, neste caso em pauta, pode ser por meio das ENTREVISTAS para muitos DESENCONTROS com os\/as PERSONAGENS escolhidos e definidos como FIGURRINHAS CARIMBADAS&#8230;<\/p>\n<p>Neste MEIO TERMO, ou seja, das CONVERSA\u00c7\u00d5ES sobre TEMAS e TEM\u00c1TICAS, pode ser que o\/a RECEPTOR\/A encontre muitas dificuldades quanto as ESCOLHAS dos AUTORES e assim por diante&#8230;<\/p>\n<p>O que se pode ESCREVER, ainda, quando a ESCOLHA est\u00e1 pedida entre o que pode HIST\u00d3RIA por meio das muitas EST\u00d3RIAS quanto as DESCOBERTAS daquele MUNDO NOVO MUNDO&#8230;<\/p>\n<p>As QUEST\u00d5ES est\u00e3o sempre em cima de uma MESA perdida nas contradi\u00e7\u00f5es do TEMPO que ficou naquele outro TEMPO, haja vista que as PESQUISAS continuam a mesma de sempre&#8230;<\/p>\n<p>Os denominados GRANDES que estavam por tr\u00e1s das INVAS\u00d5ES, tamb\u00e9m, entendem-se como DESCOBERTAS, isso \u00e9, dependendo sempre daqueles que VENCERAM em nome da ESPADA e da CRUZ&#8230;<\/p>\n<p>Para quem est\u00e1 sempre do outro lado, entende-se como LEITOR de si mesmo, talvez as ESCOLHAS estejam mais de acordo com o momento de si mesmo&#8230;<\/p>\n<p>Mas, como sempre, tendo aquele DITO que afirma pelo N\u00c3O DITO que as ESCOLHAS s\u00e3o individuais ou coletivas, mesmo assim, apenas quem est\u00e1 neste CEN\u00c1RIO LITER\u00c1RIO pode saber qual o melhor CAMINHO quanto aos T\u00cdTULO LITER\u00c1RIOS&#8230;<\/p>\n<p>Portanto, que UBALDO, tamb\u00e9m, CLAUDINEY e JORGE, al\u00e9m do casal, YURI e VERA, ofere\u00e7am OP\u00c7\u00d5ES quanto as suas PREFER\u00caNCIAS como LEITOR ou LEITORA&#8230;<\/p>\n<p>Nestes T\u00cdTULOS, existem diversas alternativas para muitas APROXIMA\u00c7\u00d5ES relacionadas com CERTAS PALAVRAS, ainda, passando pelas HIST\u00d3RIAS E LENDAS DO DESCOBRIMENTO e finalizando a proposta do A GENTE SE ACOSTUMA A TUDO&#8230;<\/p>\n<p>&nbsp;<\/p>\n<p><strong>e-mail: <\/strong><a href=\"mailto:barbosa.sebar@gmail.com\"><strong>barbosa.sebar@gmail.com<\/strong><\/a><\/p>\n<div class='flex flex-wrap items-center -mx-1'>\r\n<a class='thumbnail gallery p-1 w-1\/2 md:w-1\/4' href='https:\/\/radiolifefm.com.br\/noticias\/wp-content\/uploads\/2024\/08\/WhatsApp-Image-2024-08-27-at-17.55.38.jpeg'><img class='border border-white' src='https:\/\/radiolifefm.com.br\/noticias\/wp-content\/uploads\/2024\/08\/WhatsApp-Image-2024-08-27-at-17.55.38-200x200.jpeg' alt='WhatsApp Image 2024 08 27 At 17.55.38' \/><\/a><a class='thumbnail gallery p-1 w-1\/2 md:w-1\/4' href='https:\/\/radiolifefm.com.br\/noticias\/wp-content\/uploads\/2024\/08\/WhatsApp-Image-2024-08-27-at-17.55.55.jpeg'><img class='border border-white' src='https:\/\/radiolifefm.com.br\/noticias\/wp-content\/uploads\/2024\/08\/WhatsApp-Image-2024-08-27-at-17.55.55-200x200.jpeg' alt='WhatsApp Image 2024 08 27 At 17.55.55' \/><\/a><\/div>\n","protected":false},"excerpt":{"rendered":"<p>\u00a0\u201cFrases! Frases! Como se o conforto de todos, diante de um fato que n\u00e3o se explica, diante de um mal que nos consome, n\u00e3o fosse encontrar uma palavra que n\u00e3o diz nada e na qual nos tranquilizamos!\u201d (Luigi Pirandello) \u00a0 By seb@r. Pode-se escrever, ainda, sobre tudo e todos\/as, isso \u00e9, dependendo sempre de como [&hellip;]<\/p>\n","protected":false},"author":13,"featured_media":91989,"comment_status":"closed","ping_status":"open","sticky":false,"template":"","format":"standard","meta":{"_acf_changed":false,"_exactmetrics_skip_tracking":false,"_exactmetrics_sitenote_active":false,"_exactmetrics_sitenote_note":"","_exactmetrics_sitenote_category":0,"footnotes":""},"categories":[59],"tags":[],"class_list":["post-91988","post","type-post","status-publish","format-standard","has-post-thumbnail","hentry","category-opiniao"],"acf":[],"yoast_head":"<!-- This site is optimized with the Yoast SEO plugin v27.2 - https:\/\/yoast.com\/product\/yoast-seo-wordpress\/ -->\n<title>RIBEIRO, FERREIRA &amp; VASCONCELOS, SANADA &amp; SANADA: Desencontros com a Literatura deste e do outro lado... - R\u00e1dio Life FM<\/title>\n<meta name=\"robots\" content=\"index, follow, max-snippet:-1, max-image-preview:large, max-video-preview:-1\" \/>\n<link rel=\"canonical\" href=\"https:\/\/radiolifefm.com.br\/noticias\/ribeiro-ferreira-vasconcelos-sanada-sanada-desencontros-com-a-literatura-deste-e-do-outro-lado\/\" \/>\n<meta property=\"og:locale\" content=\"pt_BR\" \/>\n<meta property=\"og:type\" content=\"article\" \/>\n<meta property=\"og:title\" content=\"RIBEIRO, FERREIRA &amp; VASCONCELOS, SANADA &amp; SANADA: Desencontros com a Literatura deste e do outro lado... - R\u00e1dio Life FM\" \/>\n<meta property=\"og:description\" content=\"\u00a0\u201cFrases! Frases! Como se o conforto de todos, diante de um fato que n\u00e3o se explica, diante de um mal que nos consome, n\u00e3o fosse encontrar uma palavra que n\u00e3o diz nada e na qual nos tranquilizamos!\u201d (Luigi Pirandello) \u00a0 By seb@r. Pode-se escrever, ainda, sobre tudo e todos\/as, isso \u00e9, dependendo sempre de como [&hellip;]\" \/>\n<meta property=\"og:url\" content=\"https:\/\/radiolifefm.com.br\/noticias\/ribeiro-ferreira-vasconcelos-sanada-sanada-desencontros-com-a-literatura-deste-e-do-outro-lado\/\" \/>\n<meta property=\"og:site_name\" content=\"R\u00e1dio Life FM\" \/>\n<meta property=\"article:publisher\" content=\"https:\/\/www.facebook.com\/radiolifefm\/\" \/>\n<meta property=\"article:published_time\" content=\"2024-08-28T11:17:58+00:00\" \/>\n<meta property=\"article:modified_time\" content=\"2026-04-10T13:57:16+00:00\" \/>\n<meta property=\"og:image\" content=\"https:\/\/radiolifefm.com.br\/noticias\/wp-content\/uploads\/2024\/08\/WhatsApp-Image-2024-08-27-at-17.55.23.jpeg\" \/>\n\t<meta property=\"og:image:width\" content=\"1200\" \/>\n\t<meta property=\"og:image:height\" content=\"1600\" \/>\n\t<meta property=\"og:image:type\" content=\"image\/jpeg\" \/>\n<meta name=\"author\" content=\"ritanery\" \/>\n<meta name=\"twitter:card\" content=\"summary_large_image\" \/>\n<meta name=\"twitter:label1\" content=\"Escrito por\" \/>\n\t<meta name=\"twitter:data1\" content=\"ritanery\" \/>\n\t<meta name=\"twitter:label2\" content=\"Est. tempo de leitura\" \/>\n\t<meta name=\"twitter:data2\" content=\"3 minutos\" \/>\n<script type=\"application\/ld+json\" class=\"yoast-schema-graph\">{\"@context\":\"https:\/\/schema.org\",\"@graph\":[{\"@type\":\"Article\",\"@id\":\"https:\/\/radiolifefm.com.br\/noticias\/ribeiro-ferreira-vasconcelos-sanada-sanada-desencontros-com-a-literatura-deste-e-do-outro-lado\/#article\",\"isPartOf\":{\"@id\":\"https:\/\/radiolifefm.com.br\/noticias\/ribeiro-ferreira-vasconcelos-sanada-sanada-desencontros-com-a-literatura-deste-e-do-outro-lado\/\"},\"author\":{\"name\":\"ritanery\",\"@id\":\"https:\/\/radiolifefm.com.br\/noticias\/#\/schema\/person\/6339b9fac59d12b071dec680d7375d87\"},\"headline\":\"RIBEIRO, FERREIRA &amp; VASCONCELOS, SANADA &amp; SANADA: Desencontros com a Literatura deste e do outro lado&#8230;\",\"datePublished\":\"2024-08-28T11:17:58+00:00\",\"dateModified\":\"2026-04-10T13:57:16+00:00\",\"mainEntityOfPage\":{\"@id\":\"https:\/\/radiolifefm.com.br\/noticias\/ribeiro-ferreira-vasconcelos-sanada-sanada-desencontros-com-a-literatura-deste-e-do-outro-lado\/\"},\"wordCount\":478,\"publisher\":{\"@id\":\"https:\/\/radiolifefm.com.br\/noticias\/#organization\"},\"image\":{\"@id\":\"https:\/\/radiolifefm.com.br\/noticias\/ribeiro-ferreira-vasconcelos-sanada-sanada-desencontros-com-a-literatura-deste-e-do-outro-lado\/#primaryimage\"},\"thumbnailUrl\":\"https:\/\/radiolifefm.com.br\/noticias\/wp-content\/uploads\/2024\/08\/WhatsApp-Image-2024-08-27-at-17.55.23.jpeg\",\"articleSection\":[\"Opini\u00e3o\"],\"inLanguage\":\"pt-BR\"},{\"@type\":\"WebPage\",\"@id\":\"https:\/\/radiolifefm.com.br\/noticias\/ribeiro-ferreira-vasconcelos-sanada-sanada-desencontros-com-a-literatura-deste-e-do-outro-lado\/\",\"url\":\"https:\/\/radiolifefm.com.br\/noticias\/ribeiro-ferreira-vasconcelos-sanada-sanada-desencontros-com-a-literatura-deste-e-do-outro-lado\/\",\"name\":\"RIBEIRO, FERREIRA &amp; VASCONCELOS, SANADA &amp; SANADA: Desencontros com a Literatura deste e do outro lado... - R\u00e1dio Life FM\",\"isPartOf\":{\"@id\":\"https:\/\/radiolifefm.com.br\/noticias\/#website\"},\"primaryImageOfPage\":{\"@id\":\"https:\/\/radiolifefm.com.br\/noticias\/ribeiro-ferreira-vasconcelos-sanada-sanada-desencontros-com-a-literatura-deste-e-do-outro-lado\/#primaryimage\"},\"image\":{\"@id\":\"https:\/\/radiolifefm.com.br\/noticias\/ribeiro-ferreira-vasconcelos-sanada-sanada-desencontros-com-a-literatura-deste-e-do-outro-lado\/#primaryimage\"},\"thumbnailUrl\":\"https:\/\/radiolifefm.com.br\/noticias\/wp-content\/uploads\/2024\/08\/WhatsApp-Image-2024-08-27-at-17.55.23.jpeg\",\"datePublished\":\"2024-08-28T11:17:58+00:00\",\"dateModified\":\"2026-04-10T13:57:16+00:00\",\"breadcrumb\":{\"@id\":\"https:\/\/radiolifefm.com.br\/noticias\/ribeiro-ferreira-vasconcelos-sanada-sanada-desencontros-com-a-literatura-deste-e-do-outro-lado\/#breadcrumb\"},\"inLanguage\":\"pt-BR\",\"potentialAction\":[{\"@type\":\"ReadAction\",\"target\":[\"https:\/\/radiolifefm.com.br\/noticias\/ribeiro-ferreira-vasconcelos-sanada-sanada-desencontros-com-a-literatura-deste-e-do-outro-lado\/\"]}]},{\"@type\":\"ImageObject\",\"inLanguage\":\"pt-BR\",\"@id\":\"https:\/\/radiolifefm.com.br\/noticias\/ribeiro-ferreira-vasconcelos-sanada-sanada-desencontros-com-a-literatura-deste-e-do-outro-lado\/#primaryimage\",\"url\":\"https:\/\/radiolifefm.com.br\/noticias\/wp-content\/uploads\/2024\/08\/WhatsApp-Image-2024-08-27-at-17.55.23.jpeg\",\"contentUrl\":\"https:\/\/radiolifefm.com.br\/noticias\/wp-content\/uploads\/2024\/08\/WhatsApp-Image-2024-08-27-at-17.55.23.jpeg\",\"width\":1200,\"height\":1600},{\"@type\":\"BreadcrumbList\",\"@id\":\"https:\/\/radiolifefm.com.br\/noticias\/ribeiro-ferreira-vasconcelos-sanada-sanada-desencontros-com-a-literatura-deste-e-do-outro-lado\/#breadcrumb\",\"itemListElement\":[{\"@type\":\"ListItem\",\"position\":1,\"name\":\"In\u00edcio\",\"item\":\"https:\/\/radiolifefm.com.br\/noticias\/\"},{\"@type\":\"ListItem\",\"position\":2,\"name\":\"RIBEIRO, FERREIRA &amp; VASCONCELOS, SANADA &amp; SANADA: Desencontros com a Literatura deste e do outro lado&#8230;\"}]},{\"@type\":\"WebSite\",\"@id\":\"https:\/\/radiolifefm.com.br\/noticias\/#website\",\"url\":\"https:\/\/radiolifefm.com.br\/noticias\/\",\"name\":\"R\u00e1dio Life FM\",\"description\":\"O Portal de Not\u00edcias de Adamantina\",\"publisher\":{\"@id\":\"https:\/\/radiolifefm.com.br\/noticias\/#organization\"},\"alternateName\":\"Life FM\",\"potentialAction\":[{\"@type\":\"SearchAction\",\"target\":{\"@type\":\"EntryPoint\",\"urlTemplate\":\"https:\/\/radiolifefm.com.br\/noticias\/?s={search_term_string}\"},\"query-input\":{\"@type\":\"PropertyValueSpecification\",\"valueRequired\":true,\"valueName\":\"search_term_string\"}}],\"inLanguage\":\"pt-BR\"},{\"@type\":\"Organization\",\"@id\":\"https:\/\/radiolifefm.com.br\/noticias\/#organization\",\"name\":\"R\u00e1dio Life FM\",\"alternateName\":\"Life FM\",\"url\":\"https:\/\/radiolifefm.com.br\/noticias\/\",\"logo\":{\"@type\":\"ImageObject\",\"inLanguage\":\"pt-BR\",\"@id\":\"https:\/\/radiolifefm.com.br\/noticias\/#\/schema\/logo\/image\/\",\"url\":\"https:\/\/static.radiolifefm.com.br\/noticias\/wp-content\/uploads\/2019\/10\/logo-lifefm.png\",\"contentUrl\":\"https:\/\/static.radiolifefm.com.br\/noticias\/wp-content\/uploads\/2019\/10\/logo-lifefm.png\",\"width\":196,\"height\":47,\"caption\":\"R\u00e1dio Life FM\"},\"image\":{\"@id\":\"https:\/\/radiolifefm.com.br\/noticias\/#\/schema\/logo\/image\/\"},\"sameAs\":[\"https:\/\/www.facebook.com\/radiolifefm\/\",\"https:\/\/www.instagram.com\/life1079fm\/\"]},{\"@type\":\"Person\",\"@id\":\"https:\/\/radiolifefm.com.br\/noticias\/#\/schema\/person\/6339b9fac59d12b071dec680d7375d87\",\"name\":\"ritanery\",\"image\":{\"@type\":\"ImageObject\",\"inLanguage\":\"pt-BR\",\"@id\":\"https:\/\/secure.gravatar.com\/avatar\/0e37bb19071f47c0b8a23f62a903df117c5a0e75f65a0c2901562f97cd41cf86?s=96&d=mm&r=g\",\"url\":\"https:\/\/secure.gravatar.com\/avatar\/0e37bb19071f47c0b8a23f62a903df117c5a0e75f65a0c2901562f97cd41cf86?s=96&d=mm&r=g\",\"contentUrl\":\"https:\/\/secure.gravatar.com\/avatar\/0e37bb19071f47c0b8a23f62a903df117c5a0e75f65a0c2901562f97cd41cf86?s=96&d=mm&r=g\",\"caption\":\"ritanery\"}}]}<\/script>\n<!-- \/ Yoast SEO plugin. -->","yoast_head_json":{"title":"RIBEIRO, FERREIRA &amp; VASCONCELOS, SANADA &amp; SANADA: Desencontros com a Literatura deste e do outro lado... - R\u00e1dio Life FM","robots":{"index":"index","follow":"follow","max-snippet":"max-snippet:-1","max-image-preview":"max-image-preview:large","max-video-preview":"max-video-preview:-1"},"canonical":"https:\/\/radiolifefm.com.br\/noticias\/ribeiro-ferreira-vasconcelos-sanada-sanada-desencontros-com-a-literatura-deste-e-do-outro-lado\/","og_locale":"pt_BR","og_type":"article","og_title":"RIBEIRO, FERREIRA &amp; VASCONCELOS, SANADA &amp; SANADA: Desencontros com a Literatura deste e do outro lado... - R\u00e1dio Life FM","og_description":"\u00a0\u201cFrases! Frases! Como se o conforto de todos, diante de um fato que n\u00e3o se explica, diante de um mal que nos consome, n\u00e3o fosse encontrar uma palavra que n\u00e3o diz nada e na qual nos tranquilizamos!\u201d (Luigi Pirandello) \u00a0 By seb@r. Pode-se escrever, ainda, sobre tudo e todos\/as, isso \u00e9, dependendo sempre de como [&hellip;]","og_url":"https:\/\/radiolifefm.com.br\/noticias\/ribeiro-ferreira-vasconcelos-sanada-sanada-desencontros-com-a-literatura-deste-e-do-outro-lado\/","og_site_name":"R\u00e1dio Life FM","article_publisher":"https:\/\/www.facebook.com\/radiolifefm\/","article_published_time":"2024-08-28T11:17:58+00:00","article_modified_time":"2026-04-10T13:57:16+00:00","og_image":[{"width":1200,"height":1600,"url":"https:\/\/radiolifefm.com.br\/noticias\/wp-content\/uploads\/2024\/08\/WhatsApp-Image-2024-08-27-at-17.55.23.jpeg","type":"image\/jpeg"}],"author":"ritanery","twitter_card":"summary_large_image","twitter_misc":{"Escrito por":"ritanery","Est. tempo de leitura":"3 minutos"},"schema":{"@context":"https:\/\/schema.org","@graph":[{"@type":"Article","@id":"https:\/\/radiolifefm.com.br\/noticias\/ribeiro-ferreira-vasconcelos-sanada-sanada-desencontros-com-a-literatura-deste-e-do-outro-lado\/#article","isPartOf":{"@id":"https:\/\/radiolifefm.com.br\/noticias\/ribeiro-ferreira-vasconcelos-sanada-sanada-desencontros-com-a-literatura-deste-e-do-outro-lado\/"},"author":{"name":"ritanery","@id":"https:\/\/radiolifefm.com.br\/noticias\/#\/schema\/person\/6339b9fac59d12b071dec680d7375d87"},"headline":"RIBEIRO, FERREIRA &amp; VASCONCELOS, SANADA &amp; SANADA: Desencontros com a Literatura deste e do outro lado&#8230;","datePublished":"2024-08-28T11:17:58+00:00","dateModified":"2026-04-10T13:57:16+00:00","mainEntityOfPage":{"@id":"https:\/\/radiolifefm.com.br\/noticias\/ribeiro-ferreira-vasconcelos-sanada-sanada-desencontros-com-a-literatura-deste-e-do-outro-lado\/"},"wordCount":478,"publisher":{"@id":"https:\/\/radiolifefm.com.br\/noticias\/#organization"},"image":{"@id":"https:\/\/radiolifefm.com.br\/noticias\/ribeiro-ferreira-vasconcelos-sanada-sanada-desencontros-com-a-literatura-deste-e-do-outro-lado\/#primaryimage"},"thumbnailUrl":"https:\/\/radiolifefm.com.br\/noticias\/wp-content\/uploads\/2024\/08\/WhatsApp-Image-2024-08-27-at-17.55.23.jpeg","articleSection":["Opini\u00e3o"],"inLanguage":"pt-BR"},{"@type":"WebPage","@id":"https:\/\/radiolifefm.com.br\/noticias\/ribeiro-ferreira-vasconcelos-sanada-sanada-desencontros-com-a-literatura-deste-e-do-outro-lado\/","url":"https:\/\/radiolifefm.com.br\/noticias\/ribeiro-ferreira-vasconcelos-sanada-sanada-desencontros-com-a-literatura-deste-e-do-outro-lado\/","name":"RIBEIRO, FERREIRA &amp; VASCONCELOS, SANADA &amp; SANADA: Desencontros com a Literatura deste e do outro lado... - R\u00e1dio Life FM","isPartOf":{"@id":"https:\/\/radiolifefm.com.br\/noticias\/#website"},"primaryImageOfPage":{"@id":"https:\/\/radiolifefm.com.br\/noticias\/ribeiro-ferreira-vasconcelos-sanada-sanada-desencontros-com-a-literatura-deste-e-do-outro-lado\/#primaryimage"},"image":{"@id":"https:\/\/radiolifefm.com.br\/noticias\/ribeiro-ferreira-vasconcelos-sanada-sanada-desencontros-com-a-literatura-deste-e-do-outro-lado\/#primaryimage"},"thumbnailUrl":"https:\/\/radiolifefm.com.br\/noticias\/wp-content\/uploads\/2024\/08\/WhatsApp-Image-2024-08-27-at-17.55.23.jpeg","datePublished":"2024-08-28T11:17:58+00:00","dateModified":"2026-04-10T13:57:16+00:00","breadcrumb":{"@id":"https:\/\/radiolifefm.com.br\/noticias\/ribeiro-ferreira-vasconcelos-sanada-sanada-desencontros-com-a-literatura-deste-e-do-outro-lado\/#breadcrumb"},"inLanguage":"pt-BR","potentialAction":[{"@type":"ReadAction","target":["https:\/\/radiolifefm.com.br\/noticias\/ribeiro-ferreira-vasconcelos-sanada-sanada-desencontros-com-a-literatura-deste-e-do-outro-lado\/"]}]},{"@type":"ImageObject","inLanguage":"pt-BR","@id":"https:\/\/radiolifefm.com.br\/noticias\/ribeiro-ferreira-vasconcelos-sanada-sanada-desencontros-com-a-literatura-deste-e-do-outro-lado\/#primaryimage","url":"https:\/\/radiolifefm.com.br\/noticias\/wp-content\/uploads\/2024\/08\/WhatsApp-Image-2024-08-27-at-17.55.23.jpeg","contentUrl":"https:\/\/radiolifefm.com.br\/noticias\/wp-content\/uploads\/2024\/08\/WhatsApp-Image-2024-08-27-at-17.55.23.jpeg","width":1200,"height":1600},{"@type":"BreadcrumbList","@id":"https:\/\/radiolifefm.com.br\/noticias\/ribeiro-ferreira-vasconcelos-sanada-sanada-desencontros-com-a-literatura-deste-e-do-outro-lado\/#breadcrumb","itemListElement":[{"@type":"ListItem","position":1,"name":"In\u00edcio","item":"https:\/\/radiolifefm.com.br\/noticias\/"},{"@type":"ListItem","position":2,"name":"RIBEIRO, FERREIRA &amp; VASCONCELOS, SANADA &amp; SANADA: Desencontros com a Literatura deste e do outro lado&#8230;"}]},{"@type":"WebSite","@id":"https:\/\/radiolifefm.com.br\/noticias\/#website","url":"https:\/\/radiolifefm.com.br\/noticias\/","name":"R\u00e1dio Life FM","description":"O Portal de Not\u00edcias de Adamantina","publisher":{"@id":"https:\/\/radiolifefm.com.br\/noticias\/#organization"},"alternateName":"Life FM","potentialAction":[{"@type":"SearchAction","target":{"@type":"EntryPoint","urlTemplate":"https:\/\/radiolifefm.com.br\/noticias\/?s={search_term_string}"},"query-input":{"@type":"PropertyValueSpecification","valueRequired":true,"valueName":"search_term_string"}}],"inLanguage":"pt-BR"},{"@type":"Organization","@id":"https:\/\/radiolifefm.com.br\/noticias\/#organization","name":"R\u00e1dio Life FM","alternateName":"Life FM","url":"https:\/\/radiolifefm.com.br\/noticias\/","logo":{"@type":"ImageObject","inLanguage":"pt-BR","@id":"https:\/\/radiolifefm.com.br\/noticias\/#\/schema\/logo\/image\/","url":"https:\/\/static.radiolifefm.com.br\/noticias\/wp-content\/uploads\/2019\/10\/logo-lifefm.png","contentUrl":"https:\/\/static.radiolifefm.com.br\/noticias\/wp-content\/uploads\/2019\/10\/logo-lifefm.png","width":196,"height":47,"caption":"R\u00e1dio Life FM"},"image":{"@id":"https:\/\/radiolifefm.com.br\/noticias\/#\/schema\/logo\/image\/"},"sameAs":["https:\/\/www.facebook.com\/radiolifefm\/","https:\/\/www.instagram.com\/life1079fm\/"]},{"@type":"Person","@id":"https:\/\/radiolifefm.com.br\/noticias\/#\/schema\/person\/6339b9fac59d12b071dec680d7375d87","name":"ritanery","image":{"@type":"ImageObject","inLanguage":"pt-BR","@id":"https:\/\/secure.gravatar.com\/avatar\/0e37bb19071f47c0b8a23f62a903df117c5a0e75f65a0c2901562f97cd41cf86?s=96&d=mm&r=g","url":"https:\/\/secure.gravatar.com\/avatar\/0e37bb19071f47c0b8a23f62a903df117c5a0e75f65a0c2901562f97cd41cf86?s=96&d=mm&r=g","contentUrl":"https:\/\/secure.gravatar.com\/avatar\/0e37bb19071f47c0b8a23f62a903df117c5a0e75f65a0c2901562f97cd41cf86?s=96&d=mm&r=g","caption":"ritanery"}}]}},"amp_enabled":true,"_links":{"self":[{"href":"https:\/\/radiolifefm.com.br\/noticias\/wp-json\/wp\/v2\/posts\/91988","targetHints":{"allow":["GET"]}}],"collection":[{"href":"https:\/\/radiolifefm.com.br\/noticias\/wp-json\/wp\/v2\/posts"}],"about":[{"href":"https:\/\/radiolifefm.com.br\/noticias\/wp-json\/wp\/v2\/types\/post"}],"author":[{"embeddable":true,"href":"https:\/\/radiolifefm.com.br\/noticias\/wp-json\/wp\/v2\/users\/13"}],"replies":[{"embeddable":true,"href":"https:\/\/radiolifefm.com.br\/noticias\/wp-json\/wp\/v2\/comments?post=91988"}],"version-history":[{"count":2,"href":"https:\/\/radiolifefm.com.br\/noticias\/wp-json\/wp\/v2\/posts\/91988\/revisions"}],"predecessor-version":[{"id":91993,"href":"https:\/\/radiolifefm.com.br\/noticias\/wp-json\/wp\/v2\/posts\/91988\/revisions\/91993"}],"wp:featuredmedia":[{"embeddable":true,"href":"https:\/\/radiolifefm.com.br\/noticias\/wp-json\/wp\/v2\/media\/91989"}],"wp:attachment":[{"href":"https:\/\/radiolifefm.com.br\/noticias\/wp-json\/wp\/v2\/media?parent=91988"}],"wp:term":[{"taxonomy":"category","embeddable":true,"href":"https:\/\/radiolifefm.com.br\/noticias\/wp-json\/wp\/v2\/categories?post=91988"},{"taxonomy":"post_tag","embeddable":true,"href":"https:\/\/radiolifefm.com.br\/noticias\/wp-json\/wp\/v2\/tags?post=91988"}],"curies":[{"name":"wp","href":"https:\/\/api.w.org\/{rel}","templated":true}]}}