{"id":91837,"date":"2024-08-26T08:06:44","date_gmt":"2024-08-26T11:06:44","guid":{"rendered":"https:\/\/radiolifefm.com.br\/noticias\/?p=91837"},"modified":"2026-04-19T04:52:24","modified_gmt":"2026-04-19T07:52:24","slug":"a-provincia-e-suas-trocas-nada-simbolicas","status":"publish","type":"post","link":"https:\/\/radiolifefm.com.br\/noticias\/a-provincia-e-suas-trocas-nada-simbolicas\/","title":{"rendered":"A Prov\u00edncia e suas \u201ctrocas nada simb\u00f3licas\u201d&#8230;"},"content":{"rendered":"<div id=\"fb-root\"><\/div>\n<p>&nbsp;<\/p>\n<p><strong><em>\u00a0\u201cSe voc\u00ea tem uma laranja e troca com outra pessoa que tamb\u00e9m tem uma laranja, cada um fica com uma laranja. Mas se voc\u00ea tem uma ideia e troca com outra pessoa que tamb\u00e9m tem uma ideia, cada um fica com duas.\u201d (<\/em><\/strong><a href=\"https:\/\/www.pensador.com\/autor\/confucio\/\"><strong><em>Conf\u00facio<\/em><\/strong><\/a><strong><em>)<\/em><\/strong><\/p>\n<p><strong>\u00a0<\/strong><\/p>\n<p><strong>By seb@r.<\/strong><\/p>\n<p>Conforme o esperado, a LARGADA rumo ao quinto andar desta PROV\u00cdNCIA DO FAZ DE CONTA est\u00e1 em pleno andamento, ainda, com mais de CEM candidatos\/as ao LEGISLATIVO PROVINCIANO&#8230;<\/p>\n<p>Quanto ao RESULTADO que vai ocorrer em OUTUBRO, deve-se considerar que SE VOC\u00ca PENSA QUE T\u00c1 RUIM, PODE PIORAR, isso para o EXECUTIVO e LEGISLATIVO&#8230;<\/p>\n<p>Entretanto, como sempre, tudo est\u00e1 mais ou menos de acordo com o esperado, por\u00e9m, ainda existem muitos DESENCONTROS relacionados com as tais TROCAS NADA SIMB\u00d3LICAS, ainda,\u00a0 deste ou do outro lado de um mesmo lado&#8230;<\/p>\n<p>Por\u00e9m, deve-se levar em conta (sic), tendo em vista os GASTOS P\u00daBLICOS com a tal FEIRA DO VERDE, neste caso, deveria ser denominada de FESTA DA GASTAN\u00c7A com RECURSOS P\u00daBLICOS, tal qual ocorre em todas as \u00e1reas deste PA\u00cdS DO FAZ DE CONTA&#8230;<\/p>\n<p>Para isso e mais aquilo, basta pesquisar os tais OR\u00c7AMENTOS, bem como, o tal PORTAL DA TRANSPAR\u00caNCIA para saber disto e mais aquilo com rela\u00e7\u00e3o aos ditos INVESTIMENTOS e ponto quase final&#8230;<\/p>\n<p>Mas, como sempre, apenas uma MINORIA vai em busca destas INFORMA\u00c7\u00d5ES, tendo em vista que os famigerados FAKE NEWS mediados pela DESINFORMA\u00c7\u00c3O continua em evid\u00eancia, todavia, TODO CUIDADO \u00c9 POUCO neste tempo novo tempo&#8230;<\/p>\n<p>O atual GESTOR PROVINCIANO, tamb\u00e9m, denominado de PIN\u00d2QUIO deste o primeiro MANDATO, bem como, considerando que est\u00e3o pendentes, ainda, as tais PROMESSAS DE CAMPANHA e assim por diante&#8230;<\/p>\n<p>No mais em meio ao tudo de menos, pode-se registrar que NADA COMO UM DIA DEPOIS DO OUTRO, haja vista que faz alguns anos que est\u00e1 tudo mais do que REGISTRADO nos ANAIS desta ou daquela outra CASA&#8230;<\/p>\n<p>Por isso, entendo que o JOGO que \u00e9 mais do que VICIADO quando se trata de POLICAGEM PROVINCIANA, est\u00e1 na BOCA DE ESPERA para todos\/as os\/as envolvidos nestas TROCAS NADA SIMB\u00d3LICAS&#8230;<\/p>\n<p>O maior PROBLEMA em pauta est\u00e1 no PERSONALISMO dos CANDIDATOS ao EXECUTIVO PROVINCIANO, pois, todos est\u00e3o condi\u00e7\u00e3o de PAV\u00c3O, por\u00e9m, o que deve prevalecer, como sempre, s\u00e3o os tais interesses dos GRUPOS\/PARTIDOS de APOIO, neste caso, AMPLO, GERAL e IRRESTRITO&#8230;<\/p>\n<p>Pra continuar registrando a DECLARA\u00c7\u00c3O DE VOTO, pelo menos no meu caso em especial, VOTO EM BRANCO para o EXECUTIVO local&#8230;<\/p>\n<p>Tal qual aquilo que pode ser o que nunca foi, tendo em vista que o PROCESSO continua o mesmo de sempre nesta PROV\u00cdNCIA DO FAZ DE CONTA, assim, nada pode ser para todo o sempre, entretanto, \u00e9 MELHOR PREVENIR DO QUE REMEDIAR&#8230;<\/p>\n<p>QUEM SOBREVIVER VAI SABER&#8230;<\/p>\n<p>&nbsp;<\/p>\n<p><strong>e-mail: <\/strong><a href=\"mailto:barbosa.sebar@gmail.com\"><strong>barbosa.sebar@gmail.com<\/strong><\/a><\/p>\n<p>&nbsp;<\/p>\n","protected":false},"excerpt":{"rendered":"<p>&nbsp; \u00a0\u201cSe voc\u00ea tem uma laranja e troca com outra pessoa que tamb\u00e9m tem uma laranja, cada um fica com uma laranja. Mas se voc\u00ea tem uma ideia e troca com outra pessoa que tamb\u00e9m tem uma ideia, cada um fica com duas.\u201d (Conf\u00facio) \u00a0 By seb@r. Conforme o esperado, a LARGADA rumo ao quinto [&hellip;]<\/p>\n","protected":false},"author":13,"featured_media":51988,"comment_status":"closed","ping_status":"open","sticky":false,"template":"","format":"standard","meta":{"_acf_changed":false,"_exactmetrics_skip_tracking":false,"_exactmetrics_sitenote_active":false,"_exactmetrics_sitenote_note":"","_exactmetrics_sitenote_category":0,"footnotes":""},"categories":[59],"tags":[],"class_list":["post-91837","post","type-post","status-publish","format-standard","has-post-thumbnail","hentry","category-opiniao"],"acf":[],"yoast_head":"<!-- This site is optimized with the Yoast SEO plugin v27.2 - https:\/\/yoast.com\/product\/yoast-seo-wordpress\/ -->\n<title>A Prov\u00edncia e suas \u201ctrocas nada simb\u00f3licas\u201d... - R\u00e1dio Life FM<\/title>\n<meta name=\"robots\" content=\"index, follow, max-snippet:-1, max-image-preview:large, max-video-preview:-1\" \/>\n<link rel=\"canonical\" href=\"https:\/\/radiolifefm.com.br\/noticias\/a-provincia-e-suas-trocas-nada-simbolicas\/\" \/>\n<meta property=\"og:locale\" content=\"pt_BR\" \/>\n<meta property=\"og:type\" content=\"article\" \/>\n<meta property=\"og:title\" content=\"A Prov\u00edncia e suas \u201ctrocas nada simb\u00f3licas\u201d... - R\u00e1dio Life FM\" \/>\n<meta property=\"og:description\" content=\"&nbsp; \u00a0\u201cSe voc\u00ea tem uma laranja e troca com outra pessoa que tamb\u00e9m tem uma laranja, cada um fica com uma laranja. Mas se voc\u00ea tem uma ideia e troca com outra pessoa que tamb\u00e9m tem uma ideia, cada um fica com duas.\u201d (Conf\u00facio) \u00a0 By seb@r. Conforme o esperado, a LARGADA rumo ao quinto [&hellip;]\" \/>\n<meta property=\"og:url\" content=\"https:\/\/radiolifefm.com.br\/noticias\/a-provincia-e-suas-trocas-nada-simbolicas\/\" \/>\n<meta property=\"og:site_name\" content=\"R\u00e1dio Life FM\" \/>\n<meta property=\"article:publisher\" content=\"https:\/\/www.facebook.com\/radiolifefm\/\" \/>\n<meta property=\"article:published_time\" content=\"2024-08-26T11:06:44+00:00\" \/>\n<meta property=\"article:modified_time\" content=\"2026-04-19T07:52:24+00:00\" \/>\n<meta property=\"og:image\" content=\"https:\/\/radiolifefm.com.br\/noticias\/wp-content\/uploads\/2022\/04\/WhatsApp-Image-2022-04-10-at-18.43.02.jpeg\" \/>\n\t<meta property=\"og:image:width\" content=\"972\" \/>\n\t<meta property=\"og:image:height\" content=\"1296\" \/>\n\t<meta property=\"og:image:type\" content=\"image\/jpeg\" \/>\n<meta name=\"author\" content=\"ritanery\" \/>\n<meta name=\"twitter:card\" content=\"summary_large_image\" \/>\n<meta name=\"twitter:label1\" content=\"Escrito por\" \/>\n\t<meta name=\"twitter:data1\" content=\"ritanery\" \/>\n\t<meta name=\"twitter:label2\" content=\"Est. tempo de leitura\" \/>\n\t<meta name=\"twitter:data2\" content=\"3 minutos\" \/>\n<script type=\"application\/ld+json\" class=\"yoast-schema-graph\">{\"@context\":\"https:\/\/schema.org\",\"@graph\":[{\"@type\":\"Article\",\"@id\":\"https:\/\/radiolifefm.com.br\/noticias\/a-provincia-e-suas-trocas-nada-simbolicas\/#article\",\"isPartOf\":{\"@id\":\"https:\/\/radiolifefm.com.br\/noticias\/a-provincia-e-suas-trocas-nada-simbolicas\/\"},\"author\":{\"name\":\"ritanery\",\"@id\":\"https:\/\/radiolifefm.com.br\/noticias\/#\/schema\/person\/6339b9fac59d12b071dec680d7375d87\"},\"headline\":\"A Prov\u00edncia e suas \u201ctrocas nada simb\u00f3licas\u201d&#8230;\",\"datePublished\":\"2024-08-26T11:06:44+00:00\",\"dateModified\":\"2026-04-19T07:52:24+00:00\",\"mainEntityOfPage\":{\"@id\":\"https:\/\/radiolifefm.com.br\/noticias\/a-provincia-e-suas-trocas-nada-simbolicas\/\"},\"wordCount\":493,\"publisher\":{\"@id\":\"https:\/\/radiolifefm.com.br\/noticias\/#organization\"},\"image\":{\"@id\":\"https:\/\/radiolifefm.com.br\/noticias\/a-provincia-e-suas-trocas-nada-simbolicas\/#primaryimage\"},\"thumbnailUrl\":\"https:\/\/radiolifefm.com.br\/noticias\/wp-content\/uploads\/2022\/04\/WhatsApp-Image-2022-04-10-at-18.43.02.jpeg\",\"articleSection\":[\"Opini\u00e3o\"],\"inLanguage\":\"pt-BR\"},{\"@type\":\"WebPage\",\"@id\":\"https:\/\/radiolifefm.com.br\/noticias\/a-provincia-e-suas-trocas-nada-simbolicas\/\",\"url\":\"https:\/\/radiolifefm.com.br\/noticias\/a-provincia-e-suas-trocas-nada-simbolicas\/\",\"name\":\"A Prov\u00edncia e suas \u201ctrocas nada simb\u00f3licas\u201d... - R\u00e1dio Life FM\",\"isPartOf\":{\"@id\":\"https:\/\/radiolifefm.com.br\/noticias\/#website\"},\"primaryImageOfPage\":{\"@id\":\"https:\/\/radiolifefm.com.br\/noticias\/a-provincia-e-suas-trocas-nada-simbolicas\/#primaryimage\"},\"image\":{\"@id\":\"https:\/\/radiolifefm.com.br\/noticias\/a-provincia-e-suas-trocas-nada-simbolicas\/#primaryimage\"},\"thumbnailUrl\":\"https:\/\/radiolifefm.com.br\/noticias\/wp-content\/uploads\/2022\/04\/WhatsApp-Image-2022-04-10-at-18.43.02.jpeg\",\"datePublished\":\"2024-08-26T11:06:44+00:00\",\"dateModified\":\"2026-04-19T07:52:24+00:00\",\"breadcrumb\":{\"@id\":\"https:\/\/radiolifefm.com.br\/noticias\/a-provincia-e-suas-trocas-nada-simbolicas\/#breadcrumb\"},\"inLanguage\":\"pt-BR\",\"potentialAction\":[{\"@type\":\"ReadAction\",\"target\":[\"https:\/\/radiolifefm.com.br\/noticias\/a-provincia-e-suas-trocas-nada-simbolicas\/\"]}]},{\"@type\":\"ImageObject\",\"inLanguage\":\"pt-BR\",\"@id\":\"https:\/\/radiolifefm.com.br\/noticias\/a-provincia-e-suas-trocas-nada-simbolicas\/#primaryimage\",\"url\":\"https:\/\/radiolifefm.com.br\/noticias\/wp-content\/uploads\/2022\/04\/WhatsApp-Image-2022-04-10-at-18.43.02.jpeg\",\"contentUrl\":\"https:\/\/radiolifefm.com.br\/noticias\/wp-content\/uploads\/2022\/04\/WhatsApp-Image-2022-04-10-at-18.43.02.jpeg\",\"width\":972,\"height\":1296,\"caption\":\"S\u00e9rgio Barbosa\"},{\"@type\":\"BreadcrumbList\",\"@id\":\"https:\/\/radiolifefm.com.br\/noticias\/a-provincia-e-suas-trocas-nada-simbolicas\/#breadcrumb\",\"itemListElement\":[{\"@type\":\"ListItem\",\"position\":1,\"name\":\"In\u00edcio\",\"item\":\"https:\/\/radiolifefm.com.br\/noticias\/\"},{\"@type\":\"ListItem\",\"position\":2,\"name\":\"A Prov\u00edncia e suas \u201ctrocas nada simb\u00f3licas\u201d&#8230;\"}]},{\"@type\":\"WebSite\",\"@id\":\"https:\/\/radiolifefm.com.br\/noticias\/#website\",\"url\":\"https:\/\/radiolifefm.com.br\/noticias\/\",\"name\":\"R\u00e1dio Life FM\",\"description\":\"O Portal de Not\u00edcias de Adamantina\",\"publisher\":{\"@id\":\"https:\/\/radiolifefm.com.br\/noticias\/#organization\"},\"alternateName\":\"Life FM\",\"potentialAction\":[{\"@type\":\"SearchAction\",\"target\":{\"@type\":\"EntryPoint\",\"urlTemplate\":\"https:\/\/radiolifefm.com.br\/noticias\/?s={search_term_string}\"},\"query-input\":{\"@type\":\"PropertyValueSpecification\",\"valueRequired\":true,\"valueName\":\"search_term_string\"}}],\"inLanguage\":\"pt-BR\"},{\"@type\":\"Organization\",\"@id\":\"https:\/\/radiolifefm.com.br\/noticias\/#organization\",\"name\":\"R\u00e1dio Life FM\",\"alternateName\":\"Life FM\",\"url\":\"https:\/\/radiolifefm.com.br\/noticias\/\",\"logo\":{\"@type\":\"ImageObject\",\"inLanguage\":\"pt-BR\",\"@id\":\"https:\/\/radiolifefm.com.br\/noticias\/#\/schema\/logo\/image\/\",\"url\":\"https:\/\/static.radiolifefm.com.br\/noticias\/wp-content\/uploads\/2019\/10\/logo-lifefm.png\",\"contentUrl\":\"https:\/\/static.radiolifefm.com.br\/noticias\/wp-content\/uploads\/2019\/10\/logo-lifefm.png\",\"width\":196,\"height\":47,\"caption\":\"R\u00e1dio Life FM\"},\"image\":{\"@id\":\"https:\/\/radiolifefm.com.br\/noticias\/#\/schema\/logo\/image\/\"},\"sameAs\":[\"https:\/\/www.facebook.com\/radiolifefm\/\",\"https:\/\/www.instagram.com\/life1079fm\/\"]},{\"@type\":\"Person\",\"@id\":\"https:\/\/radiolifefm.com.br\/noticias\/#\/schema\/person\/6339b9fac59d12b071dec680d7375d87\",\"name\":\"ritanery\",\"image\":{\"@type\":\"ImageObject\",\"inLanguage\":\"pt-BR\",\"@id\":\"https:\/\/secure.gravatar.com\/avatar\/0e37bb19071f47c0b8a23f62a903df117c5a0e75f65a0c2901562f97cd41cf86?s=96&d=mm&r=g\",\"url\":\"https:\/\/secure.gravatar.com\/avatar\/0e37bb19071f47c0b8a23f62a903df117c5a0e75f65a0c2901562f97cd41cf86?s=96&d=mm&r=g\",\"contentUrl\":\"https:\/\/secure.gravatar.com\/avatar\/0e37bb19071f47c0b8a23f62a903df117c5a0e75f65a0c2901562f97cd41cf86?s=96&d=mm&r=g\",\"caption\":\"ritanery\"}}]}<\/script>\n<!-- \/ Yoast SEO plugin. -->","yoast_head_json":{"title":"A Prov\u00edncia e suas \u201ctrocas nada simb\u00f3licas\u201d... - R\u00e1dio Life FM","robots":{"index":"index","follow":"follow","max-snippet":"max-snippet:-1","max-image-preview":"max-image-preview:large","max-video-preview":"max-video-preview:-1"},"canonical":"https:\/\/radiolifefm.com.br\/noticias\/a-provincia-e-suas-trocas-nada-simbolicas\/","og_locale":"pt_BR","og_type":"article","og_title":"A Prov\u00edncia e suas \u201ctrocas nada simb\u00f3licas\u201d... - R\u00e1dio Life FM","og_description":"&nbsp; \u00a0\u201cSe voc\u00ea tem uma laranja e troca com outra pessoa que tamb\u00e9m tem uma laranja, cada um fica com uma laranja. Mas se voc\u00ea tem uma ideia e troca com outra pessoa que tamb\u00e9m tem uma ideia, cada um fica com duas.\u201d (Conf\u00facio) \u00a0 By seb@r. Conforme o esperado, a LARGADA rumo ao quinto [&hellip;]","og_url":"https:\/\/radiolifefm.com.br\/noticias\/a-provincia-e-suas-trocas-nada-simbolicas\/","og_site_name":"R\u00e1dio Life FM","article_publisher":"https:\/\/www.facebook.com\/radiolifefm\/","article_published_time":"2024-08-26T11:06:44+00:00","article_modified_time":"2026-04-19T07:52:24+00:00","og_image":[{"width":972,"height":1296,"url":"https:\/\/radiolifefm.com.br\/noticias\/wp-content\/uploads\/2022\/04\/WhatsApp-Image-2022-04-10-at-18.43.02.jpeg","type":"image\/jpeg"}],"author":"ritanery","twitter_card":"summary_large_image","twitter_misc":{"Escrito por":"ritanery","Est. tempo de leitura":"3 minutos"},"schema":{"@context":"https:\/\/schema.org","@graph":[{"@type":"Article","@id":"https:\/\/radiolifefm.com.br\/noticias\/a-provincia-e-suas-trocas-nada-simbolicas\/#article","isPartOf":{"@id":"https:\/\/radiolifefm.com.br\/noticias\/a-provincia-e-suas-trocas-nada-simbolicas\/"},"author":{"name":"ritanery","@id":"https:\/\/radiolifefm.com.br\/noticias\/#\/schema\/person\/6339b9fac59d12b071dec680d7375d87"},"headline":"A Prov\u00edncia e suas \u201ctrocas nada simb\u00f3licas\u201d&#8230;","datePublished":"2024-08-26T11:06:44+00:00","dateModified":"2026-04-19T07:52:24+00:00","mainEntityOfPage":{"@id":"https:\/\/radiolifefm.com.br\/noticias\/a-provincia-e-suas-trocas-nada-simbolicas\/"},"wordCount":493,"publisher":{"@id":"https:\/\/radiolifefm.com.br\/noticias\/#organization"},"image":{"@id":"https:\/\/radiolifefm.com.br\/noticias\/a-provincia-e-suas-trocas-nada-simbolicas\/#primaryimage"},"thumbnailUrl":"https:\/\/radiolifefm.com.br\/noticias\/wp-content\/uploads\/2022\/04\/WhatsApp-Image-2022-04-10-at-18.43.02.jpeg","articleSection":["Opini\u00e3o"],"inLanguage":"pt-BR"},{"@type":"WebPage","@id":"https:\/\/radiolifefm.com.br\/noticias\/a-provincia-e-suas-trocas-nada-simbolicas\/","url":"https:\/\/radiolifefm.com.br\/noticias\/a-provincia-e-suas-trocas-nada-simbolicas\/","name":"A Prov\u00edncia e suas \u201ctrocas nada simb\u00f3licas\u201d... - R\u00e1dio Life FM","isPartOf":{"@id":"https:\/\/radiolifefm.com.br\/noticias\/#website"},"primaryImageOfPage":{"@id":"https:\/\/radiolifefm.com.br\/noticias\/a-provincia-e-suas-trocas-nada-simbolicas\/#primaryimage"},"image":{"@id":"https:\/\/radiolifefm.com.br\/noticias\/a-provincia-e-suas-trocas-nada-simbolicas\/#primaryimage"},"thumbnailUrl":"https:\/\/radiolifefm.com.br\/noticias\/wp-content\/uploads\/2022\/04\/WhatsApp-Image-2022-04-10-at-18.43.02.jpeg","datePublished":"2024-08-26T11:06:44+00:00","dateModified":"2026-04-19T07:52:24+00:00","breadcrumb":{"@id":"https:\/\/radiolifefm.com.br\/noticias\/a-provincia-e-suas-trocas-nada-simbolicas\/#breadcrumb"},"inLanguage":"pt-BR","potentialAction":[{"@type":"ReadAction","target":["https:\/\/radiolifefm.com.br\/noticias\/a-provincia-e-suas-trocas-nada-simbolicas\/"]}]},{"@type":"ImageObject","inLanguage":"pt-BR","@id":"https:\/\/radiolifefm.com.br\/noticias\/a-provincia-e-suas-trocas-nada-simbolicas\/#primaryimage","url":"https:\/\/radiolifefm.com.br\/noticias\/wp-content\/uploads\/2022\/04\/WhatsApp-Image-2022-04-10-at-18.43.02.jpeg","contentUrl":"https:\/\/radiolifefm.com.br\/noticias\/wp-content\/uploads\/2022\/04\/WhatsApp-Image-2022-04-10-at-18.43.02.jpeg","width":972,"height":1296,"caption":"S\u00e9rgio Barbosa"},{"@type":"BreadcrumbList","@id":"https:\/\/radiolifefm.com.br\/noticias\/a-provincia-e-suas-trocas-nada-simbolicas\/#breadcrumb","itemListElement":[{"@type":"ListItem","position":1,"name":"In\u00edcio","item":"https:\/\/radiolifefm.com.br\/noticias\/"},{"@type":"ListItem","position":2,"name":"A Prov\u00edncia e suas \u201ctrocas nada simb\u00f3licas\u201d&#8230;"}]},{"@type":"WebSite","@id":"https:\/\/radiolifefm.com.br\/noticias\/#website","url":"https:\/\/radiolifefm.com.br\/noticias\/","name":"R\u00e1dio Life FM","description":"O Portal de Not\u00edcias de Adamantina","publisher":{"@id":"https:\/\/radiolifefm.com.br\/noticias\/#organization"},"alternateName":"Life FM","potentialAction":[{"@type":"SearchAction","target":{"@type":"EntryPoint","urlTemplate":"https:\/\/radiolifefm.com.br\/noticias\/?s={search_term_string}"},"query-input":{"@type":"PropertyValueSpecification","valueRequired":true,"valueName":"search_term_string"}}],"inLanguage":"pt-BR"},{"@type":"Organization","@id":"https:\/\/radiolifefm.com.br\/noticias\/#organization","name":"R\u00e1dio Life FM","alternateName":"Life FM","url":"https:\/\/radiolifefm.com.br\/noticias\/","logo":{"@type":"ImageObject","inLanguage":"pt-BR","@id":"https:\/\/radiolifefm.com.br\/noticias\/#\/schema\/logo\/image\/","url":"https:\/\/static.radiolifefm.com.br\/noticias\/wp-content\/uploads\/2019\/10\/logo-lifefm.png","contentUrl":"https:\/\/static.radiolifefm.com.br\/noticias\/wp-content\/uploads\/2019\/10\/logo-lifefm.png","width":196,"height":47,"caption":"R\u00e1dio Life FM"},"image":{"@id":"https:\/\/radiolifefm.com.br\/noticias\/#\/schema\/logo\/image\/"},"sameAs":["https:\/\/www.facebook.com\/radiolifefm\/","https:\/\/www.instagram.com\/life1079fm\/"]},{"@type":"Person","@id":"https:\/\/radiolifefm.com.br\/noticias\/#\/schema\/person\/6339b9fac59d12b071dec680d7375d87","name":"ritanery","image":{"@type":"ImageObject","inLanguage":"pt-BR","@id":"https:\/\/secure.gravatar.com\/avatar\/0e37bb19071f47c0b8a23f62a903df117c5a0e75f65a0c2901562f97cd41cf86?s=96&d=mm&r=g","url":"https:\/\/secure.gravatar.com\/avatar\/0e37bb19071f47c0b8a23f62a903df117c5a0e75f65a0c2901562f97cd41cf86?s=96&d=mm&r=g","contentUrl":"https:\/\/secure.gravatar.com\/avatar\/0e37bb19071f47c0b8a23f62a903df117c5a0e75f65a0c2901562f97cd41cf86?s=96&d=mm&r=g","caption":"ritanery"}}]}},"amp_enabled":true,"_links":{"self":[{"href":"https:\/\/radiolifefm.com.br\/noticias\/wp-json\/wp\/v2\/posts\/91837","targetHints":{"allow":["GET"]}}],"collection":[{"href":"https:\/\/radiolifefm.com.br\/noticias\/wp-json\/wp\/v2\/posts"}],"about":[{"href":"https:\/\/radiolifefm.com.br\/noticias\/wp-json\/wp\/v2\/types\/post"}],"author":[{"embeddable":true,"href":"https:\/\/radiolifefm.com.br\/noticias\/wp-json\/wp\/v2\/users\/13"}],"replies":[{"embeddable":true,"href":"https:\/\/radiolifefm.com.br\/noticias\/wp-json\/wp\/v2\/comments?post=91837"}],"version-history":[{"count":1,"href":"https:\/\/radiolifefm.com.br\/noticias\/wp-json\/wp\/v2\/posts\/91837\/revisions"}],"predecessor-version":[{"id":91838,"href":"https:\/\/radiolifefm.com.br\/noticias\/wp-json\/wp\/v2\/posts\/91837\/revisions\/91838"}],"wp:featuredmedia":[{"embeddable":true,"href":"https:\/\/radiolifefm.com.br\/noticias\/wp-json\/wp\/v2\/media\/51988"}],"wp:attachment":[{"href":"https:\/\/radiolifefm.com.br\/noticias\/wp-json\/wp\/v2\/media?parent=91837"}],"wp:term":[{"taxonomy":"category","embeddable":true,"href":"https:\/\/radiolifefm.com.br\/noticias\/wp-json\/wp\/v2\/categories?post=91837"},{"taxonomy":"post_tag","embeddable":true,"href":"https:\/\/radiolifefm.com.br\/noticias\/wp-json\/wp\/v2\/tags?post=91837"}],"curies":[{"name":"wp","href":"https:\/\/api.w.org\/{rel}","templated":true}]}}