{"id":91530,"date":"2024-08-16T08:44:45","date_gmt":"2024-08-16T11:44:45","guid":{"rendered":"https:\/\/radiolifefm.com.br\/noticias\/?p=91530"},"modified":"2026-04-17T11:11:07","modified_gmt":"2026-04-17T14:11:07","slug":"provincia-politica-e-corrida-maluca","status":"publish","type":"post","link":"https:\/\/radiolifefm.com.br\/noticias\/provincia-politica-e-corrida-maluca\/","title":{"rendered":"Prov\u00edncia, Pol\u00edtica e \u201cCorrida Maluca\u201d&#8230;"},"content":{"rendered":"<div id=\"fb-root\"><\/div>\n<p><strong><em>\u00a0\u201cSabe porque o Dick Vigarista NUNCA vai ganhar a corrida maluca?<br \/>\n&#8211; Porque ao inv\u00e9s de TENTAR VENCER, ele perde tempo tentando atrasar a vida dos outros.\u201d <\/em><\/strong><strong><em>(<\/em><\/strong><a href=\"https:\/\/www.pensador.com\/autor\/mgt\/\"><strong><em>MGT<\/em><\/strong><\/a><strong><em>)<\/em><\/strong><\/p>\n<p>&nbsp;<\/p>\n<p><strong><em>\u201cSe a Corrida Maluca acontecesse no Brasil, o Dick Vigarista enfim seria vencedor.\u201d (<\/em><\/strong><a href=\"https:\/\/www.pensador.com\/autor\/allan_caetano_zanetti\/\"><strong><em>Allan Caetano Zanetti<\/em><\/strong><\/a><strong><em>)<\/em><\/strong><\/p>\n<p>&nbsp;<\/p>\n<p><strong>By seb@r.<\/strong><\/p>\n<p>Isso mesmo meu caro leitor ou leitora deste texto, isso \u00e9, com rela\u00e7\u00e3o ao t\u00edtulo acima que apresenta um CEN\u00c1RIO de mais uma CORRIDA MALUCA nesta semana, ainda, quanto aos desencontros mediados pela POLITICAGEM PROVINCIANA&#8230;<\/p>\n<p>Portanto, pelo visto daquilo que n\u00e3o pode ser VISTO, deve-se considerar que os DITOS CUJOS est\u00e3o no in\u00edcio ou na espera da LARGADA desta CORRIDA MALUCA, tal qual aquele SERIADO dos bons e velhos tempos de CRIAN\u00c7A&#8230;<\/p>\n<p>Todavia, n\u00e3o se deve deixar de lado que neste JOGO VICIADO entre os MALES LAVADOS com os SUJOS, tudo pode acontecer deste ou do outro lado de um mesmo lado&#8230;<\/p>\n<p>Pois, como diz aquele velho dito popular, s\u00e3o todos FARINHA DO MESMO SACO, por\u00e9m, mesmo com tantas D\u00daVIDAS NO AR, se bem que para a maioria dos\/as ELEITORES\/AS, tudo pode continuar na MESMICE DE SEMPRE nesta PROV\u00cdNCIA DO FAZ DE CONTA&#8230;<\/p>\n<p>Al\u00e9m do mais, isso \u00e9, depende sempre disto ou daquilo quando se trata das eternas TROCAS NADA SIMB\u00d3LICAS neste jogo com suas CARTAS MARCADAS, por isso, quem tem o poder do VOTO deve fazer a sua REFLEX\u00c3O CR\u00cdTICA quanto aos GRUPOS DE APOIO dos nomes que est\u00e3o como PR\u00c9, por\u00e9m, foram VALIDADOS nas respectivas conven\u00e7\u00f5es partid\u00e1rias com os\/as respectivos\/as VICES&#8230;<\/p>\n<p>Nada contra, bem como,, nada a favor, ainda, MUITO PELO CONTR\u00c1RIO quanto aos NOMES INDICADOS ao EXECUTIVO PROVINCIANO, haja vista que o VENCEDOR, juntamente com o\/a VICE, est\u00e3o com as M\u00c3OS E OS P\u00c9S AMARRADOS com o tal GRUPO DE APOIO e assim, dizem, CAMINHA A HUMANIDADE neste CEN\u00c1RIO PROVINCIANO&#8230;<\/p>\n<p>Tamb\u00e9m, se espera que os NOVOS\/AS LEGISLADORES\/AS eleitos\/as, independente disto ou daquilo, estejam compromissados\/as (sic) com as CAUSAS PROVINCIANAS que envolvem os problemas de sempre, a saber: SA\u00daDE, EDUCA\u00c7\u00c3O, SEGURAN\u00c7A e outras necessidades afins aos interesses da COMUNIDADE local neste TEMPO NOVO TEMPO que se chama hoje&#8230;<\/p>\n<p>Pra n\u00e3o esquecerem, ou seja, os PR\u00c9 deste momento, por\u00e9m, CANDIDATOS OFICIAIS (sic) ao EXECUTIVO PROVINCIANO depois do dia 15 deste m\u00eas, refor\u00e7o a DECLARA\u00c7\u00c3O DO MEU VOTO, a saber: EM BRANCO&#8230;<\/p>\n<p>QUEM SOBREVIVER VAI SABER&#8230;<\/p>\n<p>&nbsp;<\/p>\n<p><strong>e-mail: <\/strong><a href=\"mailto:barbosa.sebar@gmail.com\"><strong>barbosa.sebar@gmail.com<\/strong><\/a><\/p>\n<p>&nbsp;<\/p>\n","protected":false},"excerpt":{"rendered":"<p>\u00a0\u201cSabe porque o Dick Vigarista NUNCA vai ganhar a corrida maluca? &#8211; Porque ao inv\u00e9s de TENTAR VENCER, ele perde tempo tentando atrasar a vida dos outros.\u201d (MGT) &nbsp; \u201cSe a Corrida Maluca acontecesse no Brasil, o Dick Vigarista enfim seria vencedor.\u201d (Allan Caetano Zanetti) &nbsp; By seb@r. Isso mesmo meu caro leitor ou leitora [&hellip;]<\/p>\n","protected":false},"author":13,"featured_media":51988,"comment_status":"closed","ping_status":"open","sticky":false,"template":"","format":"standard","meta":{"_acf_changed":false,"_exactmetrics_skip_tracking":false,"_exactmetrics_sitenote_active":false,"_exactmetrics_sitenote_note":"","_exactmetrics_sitenote_category":0,"footnotes":""},"categories":[59],"tags":[],"class_list":["post-91530","post","type-post","status-publish","format-standard","has-post-thumbnail","hentry","category-opiniao"],"acf":[],"yoast_head":"<!-- This site is optimized with the Yoast SEO plugin v27.2 - https:\/\/yoast.com\/product\/yoast-seo-wordpress\/ -->\n<title>Prov\u00edncia, Pol\u00edtica e \u201cCorrida Maluca\u201d... - R\u00e1dio Life FM<\/title>\n<meta name=\"robots\" content=\"index, follow, max-snippet:-1, max-image-preview:large, max-video-preview:-1\" \/>\n<link rel=\"canonical\" href=\"https:\/\/radiolifefm.com.br\/noticias\/provincia-politica-e-corrida-maluca\/\" \/>\n<meta property=\"og:locale\" content=\"pt_BR\" \/>\n<meta property=\"og:type\" content=\"article\" \/>\n<meta property=\"og:title\" content=\"Prov\u00edncia, Pol\u00edtica e \u201cCorrida Maluca\u201d... - R\u00e1dio Life FM\" \/>\n<meta property=\"og:description\" content=\"\u00a0\u201cSabe porque o Dick Vigarista NUNCA vai ganhar a corrida maluca? &#8211; Porque ao inv\u00e9s de TENTAR VENCER, ele perde tempo tentando atrasar a vida dos outros.\u201d (MGT) &nbsp; \u201cSe a Corrida Maluca acontecesse no Brasil, o Dick Vigarista enfim seria vencedor.\u201d (Allan Caetano Zanetti) &nbsp; By seb@r. Isso mesmo meu caro leitor ou leitora [&hellip;]\" \/>\n<meta property=\"og:url\" content=\"https:\/\/radiolifefm.com.br\/noticias\/provincia-politica-e-corrida-maluca\/\" \/>\n<meta property=\"og:site_name\" content=\"R\u00e1dio Life FM\" \/>\n<meta property=\"article:publisher\" content=\"https:\/\/www.facebook.com\/radiolifefm\/\" \/>\n<meta property=\"article:published_time\" content=\"2024-08-16T11:44:45+00:00\" \/>\n<meta property=\"article:modified_time\" content=\"2026-04-17T14:11:07+00:00\" \/>\n<meta property=\"og:image\" content=\"https:\/\/radiolifefm.com.br\/noticias\/wp-content\/uploads\/2022\/04\/WhatsApp-Image-2022-04-10-at-18.43.02.jpeg\" \/>\n\t<meta property=\"og:image:width\" content=\"972\" \/>\n\t<meta property=\"og:image:height\" content=\"1296\" \/>\n\t<meta property=\"og:image:type\" content=\"image\/jpeg\" \/>\n<meta name=\"author\" content=\"ritanery\" \/>\n<meta name=\"twitter:card\" content=\"summary_large_image\" \/>\n<meta name=\"twitter:label1\" content=\"Escrito por\" \/>\n\t<meta name=\"twitter:data1\" content=\"ritanery\" \/>\n\t<meta name=\"twitter:label2\" content=\"Est. tempo de leitura\" \/>\n\t<meta name=\"twitter:data2\" content=\"3 minutos\" \/>\n<script type=\"application\/ld+json\" class=\"yoast-schema-graph\">{\"@context\":\"https:\/\/schema.org\",\"@graph\":[{\"@type\":\"Article\",\"@id\":\"https:\/\/radiolifefm.com.br\/noticias\/provincia-politica-e-corrida-maluca\/#article\",\"isPartOf\":{\"@id\":\"https:\/\/radiolifefm.com.br\/noticias\/provincia-politica-e-corrida-maluca\/\"},\"author\":{\"name\":\"ritanery\",\"@id\":\"https:\/\/radiolifefm.com.br\/noticias\/#\/schema\/person\/6339b9fac59d12b071dec680d7375d87\"},\"headline\":\"Prov\u00edncia, Pol\u00edtica e \u201cCorrida Maluca\u201d&#8230;\",\"datePublished\":\"2024-08-16T11:44:45+00:00\",\"dateModified\":\"2026-04-17T14:11:07+00:00\",\"mainEntityOfPage\":{\"@id\":\"https:\/\/radiolifefm.com.br\/noticias\/provincia-politica-e-corrida-maluca\/\"},\"wordCount\":440,\"publisher\":{\"@id\":\"https:\/\/radiolifefm.com.br\/noticias\/#organization\"},\"image\":{\"@id\":\"https:\/\/radiolifefm.com.br\/noticias\/provincia-politica-e-corrida-maluca\/#primaryimage\"},\"thumbnailUrl\":\"https:\/\/radiolifefm.com.br\/noticias\/wp-content\/uploads\/2022\/04\/WhatsApp-Image-2022-04-10-at-18.43.02.jpeg\",\"articleSection\":[\"Opini\u00e3o\"],\"inLanguage\":\"pt-BR\"},{\"@type\":\"WebPage\",\"@id\":\"https:\/\/radiolifefm.com.br\/noticias\/provincia-politica-e-corrida-maluca\/\",\"url\":\"https:\/\/radiolifefm.com.br\/noticias\/provincia-politica-e-corrida-maluca\/\",\"name\":\"Prov\u00edncia, Pol\u00edtica e \u201cCorrida Maluca\u201d... - R\u00e1dio Life FM\",\"isPartOf\":{\"@id\":\"https:\/\/radiolifefm.com.br\/noticias\/#website\"},\"primaryImageOfPage\":{\"@id\":\"https:\/\/radiolifefm.com.br\/noticias\/provincia-politica-e-corrida-maluca\/#primaryimage\"},\"image\":{\"@id\":\"https:\/\/radiolifefm.com.br\/noticias\/provincia-politica-e-corrida-maluca\/#primaryimage\"},\"thumbnailUrl\":\"https:\/\/radiolifefm.com.br\/noticias\/wp-content\/uploads\/2022\/04\/WhatsApp-Image-2022-04-10-at-18.43.02.jpeg\",\"datePublished\":\"2024-08-16T11:44:45+00:00\",\"dateModified\":\"2026-04-17T14:11:07+00:00\",\"breadcrumb\":{\"@id\":\"https:\/\/radiolifefm.com.br\/noticias\/provincia-politica-e-corrida-maluca\/#breadcrumb\"},\"inLanguage\":\"pt-BR\",\"potentialAction\":[{\"@type\":\"ReadAction\",\"target\":[\"https:\/\/radiolifefm.com.br\/noticias\/provincia-politica-e-corrida-maluca\/\"]}]},{\"@type\":\"ImageObject\",\"inLanguage\":\"pt-BR\",\"@id\":\"https:\/\/radiolifefm.com.br\/noticias\/provincia-politica-e-corrida-maluca\/#primaryimage\",\"url\":\"https:\/\/radiolifefm.com.br\/noticias\/wp-content\/uploads\/2022\/04\/WhatsApp-Image-2022-04-10-at-18.43.02.jpeg\",\"contentUrl\":\"https:\/\/radiolifefm.com.br\/noticias\/wp-content\/uploads\/2022\/04\/WhatsApp-Image-2022-04-10-at-18.43.02.jpeg\",\"width\":972,\"height\":1296,\"caption\":\"S\u00e9rgio Barbosa\"},{\"@type\":\"BreadcrumbList\",\"@id\":\"https:\/\/radiolifefm.com.br\/noticias\/provincia-politica-e-corrida-maluca\/#breadcrumb\",\"itemListElement\":[{\"@type\":\"ListItem\",\"position\":1,\"name\":\"In\u00edcio\",\"item\":\"https:\/\/radiolifefm.com.br\/noticias\/\"},{\"@type\":\"ListItem\",\"position\":2,\"name\":\"Prov\u00edncia, Pol\u00edtica e \u201cCorrida Maluca\u201d&#8230;\"}]},{\"@type\":\"WebSite\",\"@id\":\"https:\/\/radiolifefm.com.br\/noticias\/#website\",\"url\":\"https:\/\/radiolifefm.com.br\/noticias\/\",\"name\":\"R\u00e1dio Life FM\",\"description\":\"O Portal de Not\u00edcias de Adamantina\",\"publisher\":{\"@id\":\"https:\/\/radiolifefm.com.br\/noticias\/#organization\"},\"alternateName\":\"Life FM\",\"potentialAction\":[{\"@type\":\"SearchAction\",\"target\":{\"@type\":\"EntryPoint\",\"urlTemplate\":\"https:\/\/radiolifefm.com.br\/noticias\/?s={search_term_string}\"},\"query-input\":{\"@type\":\"PropertyValueSpecification\",\"valueRequired\":true,\"valueName\":\"search_term_string\"}}],\"inLanguage\":\"pt-BR\"},{\"@type\":\"Organization\",\"@id\":\"https:\/\/radiolifefm.com.br\/noticias\/#organization\",\"name\":\"R\u00e1dio Life FM\",\"alternateName\":\"Life FM\",\"url\":\"https:\/\/radiolifefm.com.br\/noticias\/\",\"logo\":{\"@type\":\"ImageObject\",\"inLanguage\":\"pt-BR\",\"@id\":\"https:\/\/radiolifefm.com.br\/noticias\/#\/schema\/logo\/image\/\",\"url\":\"https:\/\/static.radiolifefm.com.br\/noticias\/wp-content\/uploads\/2019\/10\/logo-lifefm.png\",\"contentUrl\":\"https:\/\/static.radiolifefm.com.br\/noticias\/wp-content\/uploads\/2019\/10\/logo-lifefm.png\",\"width\":196,\"height\":47,\"caption\":\"R\u00e1dio Life FM\"},\"image\":{\"@id\":\"https:\/\/radiolifefm.com.br\/noticias\/#\/schema\/logo\/image\/\"},\"sameAs\":[\"https:\/\/www.facebook.com\/radiolifefm\/\",\"https:\/\/www.instagram.com\/life1079fm\/\"]},{\"@type\":\"Person\",\"@id\":\"https:\/\/radiolifefm.com.br\/noticias\/#\/schema\/person\/6339b9fac59d12b071dec680d7375d87\",\"name\":\"ritanery\",\"image\":{\"@type\":\"ImageObject\",\"inLanguage\":\"pt-BR\",\"@id\":\"https:\/\/secure.gravatar.com\/avatar\/0e37bb19071f47c0b8a23f62a903df117c5a0e75f65a0c2901562f97cd41cf86?s=96&d=mm&r=g\",\"url\":\"https:\/\/secure.gravatar.com\/avatar\/0e37bb19071f47c0b8a23f62a903df117c5a0e75f65a0c2901562f97cd41cf86?s=96&d=mm&r=g\",\"contentUrl\":\"https:\/\/secure.gravatar.com\/avatar\/0e37bb19071f47c0b8a23f62a903df117c5a0e75f65a0c2901562f97cd41cf86?s=96&d=mm&r=g\",\"caption\":\"ritanery\"}}]}<\/script>\n<!-- \/ Yoast SEO plugin. -->","yoast_head_json":{"title":"Prov\u00edncia, Pol\u00edtica e \u201cCorrida Maluca\u201d... - R\u00e1dio Life FM","robots":{"index":"index","follow":"follow","max-snippet":"max-snippet:-1","max-image-preview":"max-image-preview:large","max-video-preview":"max-video-preview:-1"},"canonical":"https:\/\/radiolifefm.com.br\/noticias\/provincia-politica-e-corrida-maluca\/","og_locale":"pt_BR","og_type":"article","og_title":"Prov\u00edncia, Pol\u00edtica e \u201cCorrida Maluca\u201d... - R\u00e1dio Life FM","og_description":"\u00a0\u201cSabe porque o Dick Vigarista NUNCA vai ganhar a corrida maluca? &#8211; Porque ao inv\u00e9s de TENTAR VENCER, ele perde tempo tentando atrasar a vida dos outros.\u201d (MGT) &nbsp; \u201cSe a Corrida Maluca acontecesse no Brasil, o Dick Vigarista enfim seria vencedor.\u201d (Allan Caetano Zanetti) &nbsp; By seb@r. Isso mesmo meu caro leitor ou leitora [&hellip;]","og_url":"https:\/\/radiolifefm.com.br\/noticias\/provincia-politica-e-corrida-maluca\/","og_site_name":"R\u00e1dio Life FM","article_publisher":"https:\/\/www.facebook.com\/radiolifefm\/","article_published_time":"2024-08-16T11:44:45+00:00","article_modified_time":"2026-04-17T14:11:07+00:00","og_image":[{"width":972,"height":1296,"url":"https:\/\/radiolifefm.com.br\/noticias\/wp-content\/uploads\/2022\/04\/WhatsApp-Image-2022-04-10-at-18.43.02.jpeg","type":"image\/jpeg"}],"author":"ritanery","twitter_card":"summary_large_image","twitter_misc":{"Escrito por":"ritanery","Est. tempo de leitura":"3 minutos"},"schema":{"@context":"https:\/\/schema.org","@graph":[{"@type":"Article","@id":"https:\/\/radiolifefm.com.br\/noticias\/provincia-politica-e-corrida-maluca\/#article","isPartOf":{"@id":"https:\/\/radiolifefm.com.br\/noticias\/provincia-politica-e-corrida-maluca\/"},"author":{"name":"ritanery","@id":"https:\/\/radiolifefm.com.br\/noticias\/#\/schema\/person\/6339b9fac59d12b071dec680d7375d87"},"headline":"Prov\u00edncia, Pol\u00edtica e \u201cCorrida Maluca\u201d&#8230;","datePublished":"2024-08-16T11:44:45+00:00","dateModified":"2026-04-17T14:11:07+00:00","mainEntityOfPage":{"@id":"https:\/\/radiolifefm.com.br\/noticias\/provincia-politica-e-corrida-maluca\/"},"wordCount":440,"publisher":{"@id":"https:\/\/radiolifefm.com.br\/noticias\/#organization"},"image":{"@id":"https:\/\/radiolifefm.com.br\/noticias\/provincia-politica-e-corrida-maluca\/#primaryimage"},"thumbnailUrl":"https:\/\/radiolifefm.com.br\/noticias\/wp-content\/uploads\/2022\/04\/WhatsApp-Image-2022-04-10-at-18.43.02.jpeg","articleSection":["Opini\u00e3o"],"inLanguage":"pt-BR"},{"@type":"WebPage","@id":"https:\/\/radiolifefm.com.br\/noticias\/provincia-politica-e-corrida-maluca\/","url":"https:\/\/radiolifefm.com.br\/noticias\/provincia-politica-e-corrida-maluca\/","name":"Prov\u00edncia, Pol\u00edtica e \u201cCorrida Maluca\u201d... - R\u00e1dio Life FM","isPartOf":{"@id":"https:\/\/radiolifefm.com.br\/noticias\/#website"},"primaryImageOfPage":{"@id":"https:\/\/radiolifefm.com.br\/noticias\/provincia-politica-e-corrida-maluca\/#primaryimage"},"image":{"@id":"https:\/\/radiolifefm.com.br\/noticias\/provincia-politica-e-corrida-maluca\/#primaryimage"},"thumbnailUrl":"https:\/\/radiolifefm.com.br\/noticias\/wp-content\/uploads\/2022\/04\/WhatsApp-Image-2022-04-10-at-18.43.02.jpeg","datePublished":"2024-08-16T11:44:45+00:00","dateModified":"2026-04-17T14:11:07+00:00","breadcrumb":{"@id":"https:\/\/radiolifefm.com.br\/noticias\/provincia-politica-e-corrida-maluca\/#breadcrumb"},"inLanguage":"pt-BR","potentialAction":[{"@type":"ReadAction","target":["https:\/\/radiolifefm.com.br\/noticias\/provincia-politica-e-corrida-maluca\/"]}]},{"@type":"ImageObject","inLanguage":"pt-BR","@id":"https:\/\/radiolifefm.com.br\/noticias\/provincia-politica-e-corrida-maluca\/#primaryimage","url":"https:\/\/radiolifefm.com.br\/noticias\/wp-content\/uploads\/2022\/04\/WhatsApp-Image-2022-04-10-at-18.43.02.jpeg","contentUrl":"https:\/\/radiolifefm.com.br\/noticias\/wp-content\/uploads\/2022\/04\/WhatsApp-Image-2022-04-10-at-18.43.02.jpeg","width":972,"height":1296,"caption":"S\u00e9rgio Barbosa"},{"@type":"BreadcrumbList","@id":"https:\/\/radiolifefm.com.br\/noticias\/provincia-politica-e-corrida-maluca\/#breadcrumb","itemListElement":[{"@type":"ListItem","position":1,"name":"In\u00edcio","item":"https:\/\/radiolifefm.com.br\/noticias\/"},{"@type":"ListItem","position":2,"name":"Prov\u00edncia, Pol\u00edtica e \u201cCorrida Maluca\u201d&#8230;"}]},{"@type":"WebSite","@id":"https:\/\/radiolifefm.com.br\/noticias\/#website","url":"https:\/\/radiolifefm.com.br\/noticias\/","name":"R\u00e1dio Life FM","description":"O Portal de Not\u00edcias de Adamantina","publisher":{"@id":"https:\/\/radiolifefm.com.br\/noticias\/#organization"},"alternateName":"Life FM","potentialAction":[{"@type":"SearchAction","target":{"@type":"EntryPoint","urlTemplate":"https:\/\/radiolifefm.com.br\/noticias\/?s={search_term_string}"},"query-input":{"@type":"PropertyValueSpecification","valueRequired":true,"valueName":"search_term_string"}}],"inLanguage":"pt-BR"},{"@type":"Organization","@id":"https:\/\/radiolifefm.com.br\/noticias\/#organization","name":"R\u00e1dio Life FM","alternateName":"Life FM","url":"https:\/\/radiolifefm.com.br\/noticias\/","logo":{"@type":"ImageObject","inLanguage":"pt-BR","@id":"https:\/\/radiolifefm.com.br\/noticias\/#\/schema\/logo\/image\/","url":"https:\/\/static.radiolifefm.com.br\/noticias\/wp-content\/uploads\/2019\/10\/logo-lifefm.png","contentUrl":"https:\/\/static.radiolifefm.com.br\/noticias\/wp-content\/uploads\/2019\/10\/logo-lifefm.png","width":196,"height":47,"caption":"R\u00e1dio Life FM"},"image":{"@id":"https:\/\/radiolifefm.com.br\/noticias\/#\/schema\/logo\/image\/"},"sameAs":["https:\/\/www.facebook.com\/radiolifefm\/","https:\/\/www.instagram.com\/life1079fm\/"]},{"@type":"Person","@id":"https:\/\/radiolifefm.com.br\/noticias\/#\/schema\/person\/6339b9fac59d12b071dec680d7375d87","name":"ritanery","image":{"@type":"ImageObject","inLanguage":"pt-BR","@id":"https:\/\/secure.gravatar.com\/avatar\/0e37bb19071f47c0b8a23f62a903df117c5a0e75f65a0c2901562f97cd41cf86?s=96&d=mm&r=g","url":"https:\/\/secure.gravatar.com\/avatar\/0e37bb19071f47c0b8a23f62a903df117c5a0e75f65a0c2901562f97cd41cf86?s=96&d=mm&r=g","contentUrl":"https:\/\/secure.gravatar.com\/avatar\/0e37bb19071f47c0b8a23f62a903df117c5a0e75f65a0c2901562f97cd41cf86?s=96&d=mm&r=g","caption":"ritanery"}}]}},"amp_enabled":true,"_links":{"self":[{"href":"https:\/\/radiolifefm.com.br\/noticias\/wp-json\/wp\/v2\/posts\/91530","targetHints":{"allow":["GET"]}}],"collection":[{"href":"https:\/\/radiolifefm.com.br\/noticias\/wp-json\/wp\/v2\/posts"}],"about":[{"href":"https:\/\/radiolifefm.com.br\/noticias\/wp-json\/wp\/v2\/types\/post"}],"author":[{"embeddable":true,"href":"https:\/\/radiolifefm.com.br\/noticias\/wp-json\/wp\/v2\/users\/13"}],"replies":[{"embeddable":true,"href":"https:\/\/radiolifefm.com.br\/noticias\/wp-json\/wp\/v2\/comments?post=91530"}],"version-history":[{"count":1,"href":"https:\/\/radiolifefm.com.br\/noticias\/wp-json\/wp\/v2\/posts\/91530\/revisions"}],"predecessor-version":[{"id":91531,"href":"https:\/\/radiolifefm.com.br\/noticias\/wp-json\/wp\/v2\/posts\/91530\/revisions\/91531"}],"wp:featuredmedia":[{"embeddable":true,"href":"https:\/\/radiolifefm.com.br\/noticias\/wp-json\/wp\/v2\/media\/51988"}],"wp:attachment":[{"href":"https:\/\/radiolifefm.com.br\/noticias\/wp-json\/wp\/v2\/media?parent=91530"}],"wp:term":[{"taxonomy":"category","embeddable":true,"href":"https:\/\/radiolifefm.com.br\/noticias\/wp-json\/wp\/v2\/categories?post=91530"},{"taxonomy":"post_tag","embeddable":true,"href":"https:\/\/radiolifefm.com.br\/noticias\/wp-json\/wp\/v2\/tags?post=91530"}],"curies":[{"name":"wp","href":"https:\/\/api.w.org\/{rel}","templated":true}]}}