{"id":91494,"date":"2024-08-14T09:48:55","date_gmt":"2024-08-14T12:48:55","guid":{"rendered":"https:\/\/radiolifefm.com.br\/noticias\/?p=91494"},"modified":"2026-04-07T19:13:02","modified_gmt":"2026-04-07T22:13:02","slug":"hugo-west-e-le-carre-condenado-sandalias-e-crime","status":"publish","type":"post","link":"https:\/\/radiolifefm.com.br\/noticias\/hugo-west-e-le-carre-condenado-sandalias-e-crime\/","title":{"rendered":"HUGO, WEST e LE CARR\u00c9: Condenado, sand\u00e1lias e crime&#8230;"},"content":{"rendered":"<div id=\"fb-root\"><\/div>\n<p><strong><em>\u00a0\u201cComo um tempo de alegria, por tr\u00e1s do terror me acena,&#8230; E a noite carrega o dia, no seu colo de a\u00e7ucena&#8230; Sei que dois e dois s\u00e3o quatro, Sei que a vida vale a pena&#8230; mesmo que o p\u00e3o seja caro e a liberdade, pequena&#8230;\u201d (<\/em><\/strong><a href=\"https:\/\/www.pensador.com\/autor\/ferreira_gullar\/\"><strong><em>Ferreira Gullar<\/em><\/strong><\/a><strong><em>)<\/em><\/strong><\/p>\n<p><strong><em>\u00a0<\/em><\/strong><\/p>\n<p><strong>By seb@r.<\/strong><\/p>\n<p>Na REALIDADE, isso \u00e9, depende sempre de cada OLHAR sobre aquele mesmo OLHAR, ainda mais quando se trata de LEITURAS DISPERSAS e assim por diante&#8230;<\/p>\n<p>Portanto, quando aquele CONDENADO apareceu sem mais e com muito menos, tudo ficou como se fosse o \u00daLTIMO DIA daquele ano quando muitos foram enviados para a MORTE&#8230;<\/p>\n<p>Mesmo assim, sempre existe aquela falsa ESPERAN\u00c7A da reden\u00e7\u00e3o ou do PERD\u00c3O, todavia, apenas quem esteve naquele lado pode afirmar se a JUSTI\u00c7A prevaleceu acima de tudo para todos\/as&#8230;<\/p>\n<p>Nestes DESENCONTROS mediados pela RELIGI\u00c3O, talvez existam muitas ESCOLHAS quando se trata deste ou daquele PODER que coloca acima do BEM e do MAL, tamb\u00e9m, do BOM ou do MAU&#8230;<\/p>\n<p>Todas as SAND\u00c1LIAS ficam sempre na espera dos respectivos DONOS, todavia, sempre existe uma em especial que pode fazer a diferen\u00e7a para muitas MEDIA\u00c7\u00d5ES em nome da F\u00c9&#8230;<\/p>\n<p>Tamb\u00e9m, n\u00e3o se pode deixar de lado aquele PESCADOR, afinal de contas o mesmo sabia disto e daquilo, haja vista o SOFRIMENTO que passou em nome do PODER que estava do seu lado em nome de DEUS&#8230;<\/p>\n<p>O debate sempre esteve por perto, por isso, quando os temas estavam do lado da RELIG\u00c3O, sempre poderia aparecer a CI\u00caNCIA para fazer o contraponto e tudo se perdia nas MASMORRAS de uma SOLID\u00c3O DIVINA&#8230;<\/p>\n<p>Neste CEN\u00c1RIO que estava al\u00e9m de uma simples ESCOLA ou COL\u00c9GIO, nestes ocasos, depende sempre do LUGAR que pode ser COMUM para todos\/as e nada se resolve por causa das escolhas de si mesmo\/a&#8230;<\/p>\n<p>Aqueles denominados CAVALHEIROS estavam apenas tentando levar suas coisas de um jeito mais do que casual, entretanto, ningu\u00e9m esperava pela VISITA que apareceu daquele outro lado e deu no que deu&#8230;<\/p>\n<p>Mesmo assim, o CRIME acabou acontecendo sem muitas considera\u00e7\u00f5es para os CAVALHEIROS, tamb\u00e9m, com tantas divaga\u00e7\u00f5es sobre aqueles momentos que n\u00e3o eram t\u00e3o SUBLIMES em um ambiente ACAD\u00caMICO&#8230;<\/p>\n<p>Essa UNI\u00c3O mais do que FRATERNAL entre o VICTOR que abra\u00e7ou o JOHN para estar mais pr\u00f3ximo do MORRIS, acabou de um jeito que os mesmos n\u00e3o estavam esperando&#8230;<\/p>\n<p>Por isso, talvez, aquilo, apenas VOC\u00ca vai pode saber se entrar neste JOGO LITER\u00c1RIO, tendo em vista que os DETALHES podem fazer a diferen\u00e7a entre esses AUTORES com seus PERSONAGENS&#8230;<\/p>\n<p>Tais possibilidades colocam qualquer DIA em estado de alerta para quem sempre usa e abusa das SAND\u00c1LIAS, bem como, buscando do seu jeito estar bem longe daquele CRIME que ocorreu naquele lugar perdido no tempo&#8230;<\/p>\n<div class='flex flex-wrap items-center -mx-1'>\r\n<a class='thumbnail gallery p-1 w-1\/2 md:w-1\/4' href='https:\/\/radiolifefm.com.br\/noticias\/wp-content\/uploads\/2024\/08\/WhatsApp-Image-2024-08-13-at-16.37.29-1.jpeg'><img class='border border-white' src='https:\/\/radiolifefm.com.br\/noticias\/wp-content\/uploads\/2024\/08\/WhatsApp-Image-2024-08-13-at-16.37.29-1-200x200.jpeg' alt='WhatsApp Image 2024 08 13 At 16.37.29 (1)' \/><\/a><a class='thumbnail gallery p-1 w-1\/2 md:w-1\/4' href='https:\/\/radiolifefm.com.br\/noticias\/wp-content\/uploads\/2024\/08\/WhatsApp-Image-2024-08-13-at-16.37.29-2.jpeg'><img class='border border-white' src='https:\/\/radiolifefm.com.br\/noticias\/wp-content\/uploads\/2024\/08\/WhatsApp-Image-2024-08-13-at-16.37.29-2-200x200.jpeg' alt='WhatsApp Image 2024 08 13 At 16.37.29 (2)' \/><\/a><a class='thumbnail gallery p-1 w-1\/2 md:w-1\/4' href='https:\/\/radiolifefm.com.br\/noticias\/wp-content\/uploads\/2024\/08\/WhatsApp-Image-2024-08-13-at-16.37.30.jpeg'><img class='border border-white' src='https:\/\/radiolifefm.com.br\/noticias\/wp-content\/uploads\/2024\/08\/WhatsApp-Image-2024-08-13-at-16.37.30-200x200.jpeg' alt='WhatsApp Image 2024 08 13 At 16.37.30' \/><\/a><\/div>\n<p><strong>e-mail: <\/strong><a href=\"mailto:barbosa.sebar@gmail.com\"><strong>barbosa.sebar@gmail.com<\/strong><\/a><\/p>\n<p>&nbsp;<\/p>\n","protected":false},"excerpt":{"rendered":"<p>\u00a0\u201cComo um tempo de alegria, por tr\u00e1s do terror me acena,&#8230; E a noite carrega o dia, no seu colo de a\u00e7ucena&#8230; Sei que dois e dois s\u00e3o quatro, Sei que a vida vale a pena&#8230; mesmo que o p\u00e3o seja caro e a liberdade, pequena&#8230;\u201d (Ferreira Gullar) \u00a0 By seb@r. Na REALIDADE, isso \u00e9, [&hellip;]<\/p>\n","protected":false},"author":13,"featured_media":91495,"comment_status":"closed","ping_status":"open","sticky":false,"template":"","format":"standard","meta":{"_acf_changed":false,"_exactmetrics_skip_tracking":false,"_exactmetrics_sitenote_active":false,"_exactmetrics_sitenote_note":"","_exactmetrics_sitenote_category":0,"footnotes":""},"categories":[59],"tags":[],"class_list":["post-91494","post","type-post","status-publish","format-standard","has-post-thumbnail","hentry","category-opiniao"],"acf":[],"yoast_head":"<!-- This site is optimized with the Yoast SEO plugin v27.2 - https:\/\/yoast.com\/product\/yoast-seo-wordpress\/ -->\n<title>HUGO, WEST e LE CARR\u00c9: Condenado, sand\u00e1lias e crime... - R\u00e1dio Life FM<\/title>\n<meta name=\"robots\" content=\"index, follow, max-snippet:-1, max-image-preview:large, max-video-preview:-1\" \/>\n<link rel=\"canonical\" href=\"https:\/\/radiolifefm.com.br\/noticias\/hugo-west-e-le-carre-condenado-sandalias-e-crime\/\" \/>\n<meta property=\"og:locale\" content=\"pt_BR\" \/>\n<meta property=\"og:type\" content=\"article\" \/>\n<meta property=\"og:title\" content=\"HUGO, WEST e LE CARR\u00c9: Condenado, sand\u00e1lias e crime... - R\u00e1dio Life FM\" \/>\n<meta property=\"og:description\" content=\"\u00a0\u201cComo um tempo de alegria, por tr\u00e1s do terror me acena,&#8230; E a noite carrega o dia, no seu colo de a\u00e7ucena&#8230; Sei que dois e dois s\u00e3o quatro, Sei que a vida vale a pena&#8230; mesmo que o p\u00e3o seja caro e a liberdade, pequena&#8230;\u201d (Ferreira Gullar) \u00a0 By seb@r. Na REALIDADE, isso \u00e9, [&hellip;]\" \/>\n<meta property=\"og:url\" content=\"https:\/\/radiolifefm.com.br\/noticias\/hugo-west-e-le-carre-condenado-sandalias-e-crime\/\" \/>\n<meta property=\"og:site_name\" content=\"R\u00e1dio Life FM\" \/>\n<meta property=\"article:publisher\" content=\"https:\/\/www.facebook.com\/radiolifefm\/\" \/>\n<meta property=\"article:published_time\" content=\"2024-08-14T12:48:55+00:00\" \/>\n<meta property=\"article:modified_time\" content=\"2026-04-07T22:13:02+00:00\" \/>\n<meta property=\"og:image\" content=\"https:\/\/radiolifefm.com.br\/noticias\/wp-content\/uploads\/2024\/08\/WhatsApp-Image-2024-08-13-at-16.37.29.jpeg\" \/>\n\t<meta property=\"og:image:width\" content=\"1600\" \/>\n\t<meta property=\"og:image:height\" content=\"1200\" \/>\n\t<meta property=\"og:image:type\" content=\"image\/jpeg\" \/>\n<meta name=\"author\" content=\"ritanery\" \/>\n<meta name=\"twitter:card\" content=\"summary_large_image\" \/>\n<meta name=\"twitter:label1\" content=\"Escrito por\" \/>\n\t<meta name=\"twitter:data1\" content=\"ritanery\" \/>\n\t<meta name=\"twitter:label2\" content=\"Est. tempo de leitura\" \/>\n\t<meta name=\"twitter:data2\" content=\"3 minutos\" \/>\n<script type=\"application\/ld+json\" class=\"yoast-schema-graph\">{\"@context\":\"https:\/\/schema.org\",\"@graph\":[{\"@type\":\"Article\",\"@id\":\"https:\/\/radiolifefm.com.br\/noticias\/hugo-west-e-le-carre-condenado-sandalias-e-crime\/#article\",\"isPartOf\":{\"@id\":\"https:\/\/radiolifefm.com.br\/noticias\/hugo-west-e-le-carre-condenado-sandalias-e-crime\/\"},\"author\":{\"name\":\"ritanery\",\"@id\":\"https:\/\/radiolifefm.com.br\/noticias\/#\/schema\/person\/6339b9fac59d12b071dec680d7375d87\"},\"headline\":\"HUGO, WEST e LE CARR\u00c9: Condenado, sand\u00e1lias e crime&#8230;\",\"datePublished\":\"2024-08-14T12:48:55+00:00\",\"dateModified\":\"2026-04-07T22:13:02+00:00\",\"mainEntityOfPage\":{\"@id\":\"https:\/\/radiolifefm.com.br\/noticias\/hugo-west-e-le-carre-condenado-sandalias-e-crime\/\"},\"wordCount\":505,\"publisher\":{\"@id\":\"https:\/\/radiolifefm.com.br\/noticias\/#organization\"},\"image\":{\"@id\":\"https:\/\/radiolifefm.com.br\/noticias\/hugo-west-e-le-carre-condenado-sandalias-e-crime\/#primaryimage\"},\"thumbnailUrl\":\"https:\/\/radiolifefm.com.br\/noticias\/wp-content\/uploads\/2024\/08\/WhatsApp-Image-2024-08-13-at-16.37.29.jpeg\",\"articleSection\":[\"Opini\u00e3o\"],\"inLanguage\":\"pt-BR\"},{\"@type\":\"WebPage\",\"@id\":\"https:\/\/radiolifefm.com.br\/noticias\/hugo-west-e-le-carre-condenado-sandalias-e-crime\/\",\"url\":\"https:\/\/radiolifefm.com.br\/noticias\/hugo-west-e-le-carre-condenado-sandalias-e-crime\/\",\"name\":\"HUGO, WEST e LE CARR\u00c9: Condenado, sand\u00e1lias e crime... - R\u00e1dio Life FM\",\"isPartOf\":{\"@id\":\"https:\/\/radiolifefm.com.br\/noticias\/#website\"},\"primaryImageOfPage\":{\"@id\":\"https:\/\/radiolifefm.com.br\/noticias\/hugo-west-e-le-carre-condenado-sandalias-e-crime\/#primaryimage\"},\"image\":{\"@id\":\"https:\/\/radiolifefm.com.br\/noticias\/hugo-west-e-le-carre-condenado-sandalias-e-crime\/#primaryimage\"},\"thumbnailUrl\":\"https:\/\/radiolifefm.com.br\/noticias\/wp-content\/uploads\/2024\/08\/WhatsApp-Image-2024-08-13-at-16.37.29.jpeg\",\"datePublished\":\"2024-08-14T12:48:55+00:00\",\"dateModified\":\"2026-04-07T22:13:02+00:00\",\"breadcrumb\":{\"@id\":\"https:\/\/radiolifefm.com.br\/noticias\/hugo-west-e-le-carre-condenado-sandalias-e-crime\/#breadcrumb\"},\"inLanguage\":\"pt-BR\",\"potentialAction\":[{\"@type\":\"ReadAction\",\"target\":[\"https:\/\/radiolifefm.com.br\/noticias\/hugo-west-e-le-carre-condenado-sandalias-e-crime\/\"]}]},{\"@type\":\"ImageObject\",\"inLanguage\":\"pt-BR\",\"@id\":\"https:\/\/radiolifefm.com.br\/noticias\/hugo-west-e-le-carre-condenado-sandalias-e-crime\/#primaryimage\",\"url\":\"https:\/\/radiolifefm.com.br\/noticias\/wp-content\/uploads\/2024\/08\/WhatsApp-Image-2024-08-13-at-16.37.29.jpeg\",\"contentUrl\":\"https:\/\/radiolifefm.com.br\/noticias\/wp-content\/uploads\/2024\/08\/WhatsApp-Image-2024-08-13-at-16.37.29.jpeg\",\"width\":1600,\"height\":1200},{\"@type\":\"BreadcrumbList\",\"@id\":\"https:\/\/radiolifefm.com.br\/noticias\/hugo-west-e-le-carre-condenado-sandalias-e-crime\/#breadcrumb\",\"itemListElement\":[{\"@type\":\"ListItem\",\"position\":1,\"name\":\"In\u00edcio\",\"item\":\"https:\/\/radiolifefm.com.br\/noticias\/\"},{\"@type\":\"ListItem\",\"position\":2,\"name\":\"HUGO, WEST e LE CARR\u00c9: Condenado, sand\u00e1lias e crime&#8230;\"}]},{\"@type\":\"WebSite\",\"@id\":\"https:\/\/radiolifefm.com.br\/noticias\/#website\",\"url\":\"https:\/\/radiolifefm.com.br\/noticias\/\",\"name\":\"R\u00e1dio Life FM\",\"description\":\"O Portal de Not\u00edcias de Adamantina\",\"publisher\":{\"@id\":\"https:\/\/radiolifefm.com.br\/noticias\/#organization\"},\"alternateName\":\"Life FM\",\"potentialAction\":[{\"@type\":\"SearchAction\",\"target\":{\"@type\":\"EntryPoint\",\"urlTemplate\":\"https:\/\/radiolifefm.com.br\/noticias\/?s={search_term_string}\"},\"query-input\":{\"@type\":\"PropertyValueSpecification\",\"valueRequired\":true,\"valueName\":\"search_term_string\"}}],\"inLanguage\":\"pt-BR\"},{\"@type\":\"Organization\",\"@id\":\"https:\/\/radiolifefm.com.br\/noticias\/#organization\",\"name\":\"R\u00e1dio Life FM\",\"alternateName\":\"Life FM\",\"url\":\"https:\/\/radiolifefm.com.br\/noticias\/\",\"logo\":{\"@type\":\"ImageObject\",\"inLanguage\":\"pt-BR\",\"@id\":\"https:\/\/radiolifefm.com.br\/noticias\/#\/schema\/logo\/image\/\",\"url\":\"https:\/\/static.radiolifefm.com.br\/noticias\/wp-content\/uploads\/2019\/10\/logo-lifefm.png\",\"contentUrl\":\"https:\/\/static.radiolifefm.com.br\/noticias\/wp-content\/uploads\/2019\/10\/logo-lifefm.png\",\"width\":196,\"height\":47,\"caption\":\"R\u00e1dio Life FM\"},\"image\":{\"@id\":\"https:\/\/radiolifefm.com.br\/noticias\/#\/schema\/logo\/image\/\"},\"sameAs\":[\"https:\/\/www.facebook.com\/radiolifefm\/\",\"https:\/\/www.instagram.com\/life1079fm\/\"]},{\"@type\":\"Person\",\"@id\":\"https:\/\/radiolifefm.com.br\/noticias\/#\/schema\/person\/6339b9fac59d12b071dec680d7375d87\",\"name\":\"ritanery\",\"image\":{\"@type\":\"ImageObject\",\"inLanguage\":\"pt-BR\",\"@id\":\"https:\/\/secure.gravatar.com\/avatar\/0e37bb19071f47c0b8a23f62a903df117c5a0e75f65a0c2901562f97cd41cf86?s=96&d=mm&r=g\",\"url\":\"https:\/\/secure.gravatar.com\/avatar\/0e37bb19071f47c0b8a23f62a903df117c5a0e75f65a0c2901562f97cd41cf86?s=96&d=mm&r=g\",\"contentUrl\":\"https:\/\/secure.gravatar.com\/avatar\/0e37bb19071f47c0b8a23f62a903df117c5a0e75f65a0c2901562f97cd41cf86?s=96&d=mm&r=g\",\"caption\":\"ritanery\"}}]}<\/script>\n<!-- \/ Yoast SEO plugin. -->","yoast_head_json":{"title":"HUGO, WEST e LE CARR\u00c9: Condenado, sand\u00e1lias e crime... - R\u00e1dio Life FM","robots":{"index":"index","follow":"follow","max-snippet":"max-snippet:-1","max-image-preview":"max-image-preview:large","max-video-preview":"max-video-preview:-1"},"canonical":"https:\/\/radiolifefm.com.br\/noticias\/hugo-west-e-le-carre-condenado-sandalias-e-crime\/","og_locale":"pt_BR","og_type":"article","og_title":"HUGO, WEST e LE CARR\u00c9: Condenado, sand\u00e1lias e crime... - R\u00e1dio Life FM","og_description":"\u00a0\u201cComo um tempo de alegria, por tr\u00e1s do terror me acena,&#8230; E a noite carrega o dia, no seu colo de a\u00e7ucena&#8230; Sei que dois e dois s\u00e3o quatro, Sei que a vida vale a pena&#8230; mesmo que o p\u00e3o seja caro e a liberdade, pequena&#8230;\u201d (Ferreira Gullar) \u00a0 By seb@r. Na REALIDADE, isso \u00e9, [&hellip;]","og_url":"https:\/\/radiolifefm.com.br\/noticias\/hugo-west-e-le-carre-condenado-sandalias-e-crime\/","og_site_name":"R\u00e1dio Life FM","article_publisher":"https:\/\/www.facebook.com\/radiolifefm\/","article_published_time":"2024-08-14T12:48:55+00:00","article_modified_time":"2026-04-07T22:13:02+00:00","og_image":[{"width":1600,"height":1200,"url":"https:\/\/radiolifefm.com.br\/noticias\/wp-content\/uploads\/2024\/08\/WhatsApp-Image-2024-08-13-at-16.37.29.jpeg","type":"image\/jpeg"}],"author":"ritanery","twitter_card":"summary_large_image","twitter_misc":{"Escrito por":"ritanery","Est. tempo de leitura":"3 minutos"},"schema":{"@context":"https:\/\/schema.org","@graph":[{"@type":"Article","@id":"https:\/\/radiolifefm.com.br\/noticias\/hugo-west-e-le-carre-condenado-sandalias-e-crime\/#article","isPartOf":{"@id":"https:\/\/radiolifefm.com.br\/noticias\/hugo-west-e-le-carre-condenado-sandalias-e-crime\/"},"author":{"name":"ritanery","@id":"https:\/\/radiolifefm.com.br\/noticias\/#\/schema\/person\/6339b9fac59d12b071dec680d7375d87"},"headline":"HUGO, WEST e LE CARR\u00c9: Condenado, sand\u00e1lias e crime&#8230;","datePublished":"2024-08-14T12:48:55+00:00","dateModified":"2026-04-07T22:13:02+00:00","mainEntityOfPage":{"@id":"https:\/\/radiolifefm.com.br\/noticias\/hugo-west-e-le-carre-condenado-sandalias-e-crime\/"},"wordCount":505,"publisher":{"@id":"https:\/\/radiolifefm.com.br\/noticias\/#organization"},"image":{"@id":"https:\/\/radiolifefm.com.br\/noticias\/hugo-west-e-le-carre-condenado-sandalias-e-crime\/#primaryimage"},"thumbnailUrl":"https:\/\/radiolifefm.com.br\/noticias\/wp-content\/uploads\/2024\/08\/WhatsApp-Image-2024-08-13-at-16.37.29.jpeg","articleSection":["Opini\u00e3o"],"inLanguage":"pt-BR"},{"@type":"WebPage","@id":"https:\/\/radiolifefm.com.br\/noticias\/hugo-west-e-le-carre-condenado-sandalias-e-crime\/","url":"https:\/\/radiolifefm.com.br\/noticias\/hugo-west-e-le-carre-condenado-sandalias-e-crime\/","name":"HUGO, WEST e LE CARR\u00c9: Condenado, sand\u00e1lias e crime... - R\u00e1dio Life FM","isPartOf":{"@id":"https:\/\/radiolifefm.com.br\/noticias\/#website"},"primaryImageOfPage":{"@id":"https:\/\/radiolifefm.com.br\/noticias\/hugo-west-e-le-carre-condenado-sandalias-e-crime\/#primaryimage"},"image":{"@id":"https:\/\/radiolifefm.com.br\/noticias\/hugo-west-e-le-carre-condenado-sandalias-e-crime\/#primaryimage"},"thumbnailUrl":"https:\/\/radiolifefm.com.br\/noticias\/wp-content\/uploads\/2024\/08\/WhatsApp-Image-2024-08-13-at-16.37.29.jpeg","datePublished":"2024-08-14T12:48:55+00:00","dateModified":"2026-04-07T22:13:02+00:00","breadcrumb":{"@id":"https:\/\/radiolifefm.com.br\/noticias\/hugo-west-e-le-carre-condenado-sandalias-e-crime\/#breadcrumb"},"inLanguage":"pt-BR","potentialAction":[{"@type":"ReadAction","target":["https:\/\/radiolifefm.com.br\/noticias\/hugo-west-e-le-carre-condenado-sandalias-e-crime\/"]}]},{"@type":"ImageObject","inLanguage":"pt-BR","@id":"https:\/\/radiolifefm.com.br\/noticias\/hugo-west-e-le-carre-condenado-sandalias-e-crime\/#primaryimage","url":"https:\/\/radiolifefm.com.br\/noticias\/wp-content\/uploads\/2024\/08\/WhatsApp-Image-2024-08-13-at-16.37.29.jpeg","contentUrl":"https:\/\/radiolifefm.com.br\/noticias\/wp-content\/uploads\/2024\/08\/WhatsApp-Image-2024-08-13-at-16.37.29.jpeg","width":1600,"height":1200},{"@type":"BreadcrumbList","@id":"https:\/\/radiolifefm.com.br\/noticias\/hugo-west-e-le-carre-condenado-sandalias-e-crime\/#breadcrumb","itemListElement":[{"@type":"ListItem","position":1,"name":"In\u00edcio","item":"https:\/\/radiolifefm.com.br\/noticias\/"},{"@type":"ListItem","position":2,"name":"HUGO, WEST e LE CARR\u00c9: Condenado, sand\u00e1lias e crime&#8230;"}]},{"@type":"WebSite","@id":"https:\/\/radiolifefm.com.br\/noticias\/#website","url":"https:\/\/radiolifefm.com.br\/noticias\/","name":"R\u00e1dio Life FM","description":"O Portal de Not\u00edcias de Adamantina","publisher":{"@id":"https:\/\/radiolifefm.com.br\/noticias\/#organization"},"alternateName":"Life FM","potentialAction":[{"@type":"SearchAction","target":{"@type":"EntryPoint","urlTemplate":"https:\/\/radiolifefm.com.br\/noticias\/?s={search_term_string}"},"query-input":{"@type":"PropertyValueSpecification","valueRequired":true,"valueName":"search_term_string"}}],"inLanguage":"pt-BR"},{"@type":"Organization","@id":"https:\/\/radiolifefm.com.br\/noticias\/#organization","name":"R\u00e1dio Life FM","alternateName":"Life FM","url":"https:\/\/radiolifefm.com.br\/noticias\/","logo":{"@type":"ImageObject","inLanguage":"pt-BR","@id":"https:\/\/radiolifefm.com.br\/noticias\/#\/schema\/logo\/image\/","url":"https:\/\/static.radiolifefm.com.br\/noticias\/wp-content\/uploads\/2019\/10\/logo-lifefm.png","contentUrl":"https:\/\/static.radiolifefm.com.br\/noticias\/wp-content\/uploads\/2019\/10\/logo-lifefm.png","width":196,"height":47,"caption":"R\u00e1dio Life FM"},"image":{"@id":"https:\/\/radiolifefm.com.br\/noticias\/#\/schema\/logo\/image\/"},"sameAs":["https:\/\/www.facebook.com\/radiolifefm\/","https:\/\/www.instagram.com\/life1079fm\/"]},{"@type":"Person","@id":"https:\/\/radiolifefm.com.br\/noticias\/#\/schema\/person\/6339b9fac59d12b071dec680d7375d87","name":"ritanery","image":{"@type":"ImageObject","inLanguage":"pt-BR","@id":"https:\/\/secure.gravatar.com\/avatar\/0e37bb19071f47c0b8a23f62a903df117c5a0e75f65a0c2901562f97cd41cf86?s=96&d=mm&r=g","url":"https:\/\/secure.gravatar.com\/avatar\/0e37bb19071f47c0b8a23f62a903df117c5a0e75f65a0c2901562f97cd41cf86?s=96&d=mm&r=g","contentUrl":"https:\/\/secure.gravatar.com\/avatar\/0e37bb19071f47c0b8a23f62a903df117c5a0e75f65a0c2901562f97cd41cf86?s=96&d=mm&r=g","caption":"ritanery"}}]}},"amp_enabled":true,"_links":{"self":[{"href":"https:\/\/radiolifefm.com.br\/noticias\/wp-json\/wp\/v2\/posts\/91494","targetHints":{"allow":["GET"]}}],"collection":[{"href":"https:\/\/radiolifefm.com.br\/noticias\/wp-json\/wp\/v2\/posts"}],"about":[{"href":"https:\/\/radiolifefm.com.br\/noticias\/wp-json\/wp\/v2\/types\/post"}],"author":[{"embeddable":true,"href":"https:\/\/radiolifefm.com.br\/noticias\/wp-json\/wp\/v2\/users\/13"}],"replies":[{"embeddable":true,"href":"https:\/\/radiolifefm.com.br\/noticias\/wp-json\/wp\/v2\/comments?post=91494"}],"version-history":[{"count":1,"href":"https:\/\/radiolifefm.com.br\/noticias\/wp-json\/wp\/v2\/posts\/91494\/revisions"}],"predecessor-version":[{"id":91499,"href":"https:\/\/radiolifefm.com.br\/noticias\/wp-json\/wp\/v2\/posts\/91494\/revisions\/91499"}],"wp:featuredmedia":[{"embeddable":true,"href":"https:\/\/radiolifefm.com.br\/noticias\/wp-json\/wp\/v2\/media\/91495"}],"wp:attachment":[{"href":"https:\/\/radiolifefm.com.br\/noticias\/wp-json\/wp\/v2\/media?parent=91494"}],"wp:term":[{"taxonomy":"category","embeddable":true,"href":"https:\/\/radiolifefm.com.br\/noticias\/wp-json\/wp\/v2\/categories?post=91494"},{"taxonomy":"post_tag","embeddable":true,"href":"https:\/\/radiolifefm.com.br\/noticias\/wp-json\/wp\/v2\/tags?post=91494"}],"curies":[{"name":"wp","href":"https:\/\/api.w.org\/{rel}","templated":true}]}}