{"id":90957,"date":"2024-08-02T08:44:44","date_gmt":"2024-08-02T11:44:44","guid":{"rendered":"https:\/\/radiolifefm.com.br\/noticias\/?p=90957"},"modified":"2026-01-28T21:21:36","modified_gmt":"2026-01-29T00:21:36","slug":"provincia-no-mais-em-meio-ao-tudo-de-menos","status":"publish","type":"post","link":"https:\/\/radiolifefm.com.br\/noticias\/provincia-no-mais-em-meio-ao-tudo-de-menos\/","title":{"rendered":"Prov\u00edncia: No mais em meio ao tudo de menos&#8230;"},"content":{"rendered":"<div id=\"fb-root\"><\/div>\n<p><strong><em>\u00a0\u201cEm noites como estas os deuses, como j\u00e1 foi dito, jogam outros jogos que n\u00e3o xadrez com os destinos dos mortais e os tronos de reis. Mas \u00e9 importante lembrar que eles fazem batota mesmo at\u00e9 ao fim&#8230;\u201d (<\/em><\/strong><a href=\"https:\/\/www.pensador.com\/autor\/terry_pratchett\/\"><strong><em>Terry Pratchett<\/em><\/strong><\/a><strong><em>)<\/em><\/strong><\/p>\n<p><strong>\u00a0<\/strong><\/p>\n<p><strong>By seb@r.<\/strong><\/p>\n<p>Ent\u00e3o, pelas IDAS e as tais VINDAS, ainda, entre os MALES LAVADOS e os SUJOS que circulam nos corredores da POLITICAGEM PROVINCIANA, tudo indica que os 4 PR\u00c9 v\u00e3o pra cima de um jeito ou de outro&#8230;<\/p>\n<p>A LARGADA j\u00e1 foi sinalizada com um dos NOMES e assim por diante, portanto, agora \u00e9 CADA UM PRA SI e SALVE-SE QUEM PUDER deste e do outro lado de um mesmo lado&#8230;<\/p>\n<p>Como escrevi e continuo mais firme do que nunca com a DECLARA\u00c7\u00c3O ABERTA do meu voto em especial, acredito que o BRANCO \u00e9 a melhor alternativa entre MALES LAVADOS e SUJOS&#8230;<\/p>\n<p>Melhor assim, tendo em vista que nesta PROV\u00cdNCIA DO FAZ DE CONTA, prevalece quase sempre, os mesmos interesses dos GRUPOS que se alternam no PODER pelo PODER em busca do PODER e ponto quase final&#8230;<\/p>\n<p>At\u00e9 onde estou sabendo (sic), s\u00e3o mais de 100 pr\u00e9-candidatos\/as ao LEGISLATIVO PROVINCIANO, todavia, n\u00e3o se pode deixar de lado que existem apenas 9 VAGAS, desta forma, QUEM PODE MAIS, VAI CHORAR MENOS&#8230;<\/p>\n<p>Tamb\u00e9m, neste BALAIO DE GATOS\/AS, ou seja, juntando todos os lados de um mesmo lado, pois, s\u00e3o todos FARINHAS DO MESMO SACO, isso \u00e9, uns mais e outros menos, por\u00e9m, cada qual defendendo os mesmos interesses deste ou daquele GRUPO DE APOIO&#8230;<\/p>\n<p>Deve-se considerar sempre que o VOTO \u00e9 SECRETO, por isso e mais aquilo, tudo e mais alguma coisa pode acontecer na contagem dos VOTOS para o EXECUTIVO e LEGISLATIVO em terras PROVINCIANAS&#8230;<\/p>\n<p>Mas, at\u00e9 o dia FATAL em outubro, muitas \u00c1GUAS devem correr pode debaixo desta ou daquela PONTE, refor\u00e7ando que vai depender das que estiverem servindo aos interesses da COMUNIDADE nesta GEST\u00c3O PINOQUIANA&#8230;<\/p>\n<p>Tamb\u00e9m, n\u00e3o de deve esquecer de jeito nenhum que do outro lado deste JOGO MAIS DO QUE VICIADO, encontra-se a denominada e idolatrada PAREDES ALVAS, isso mesmo, assim, quem receber as BEN\u00c7\u00c3OS DOS VOTOS para o EXECUTIVO, estar\u00e1 com a M\u00c3O NA BOTIJA&#8230;<\/p>\n<p>Mas, como sempre escrevo aqui ou ali, nesta PROV\u00cdNCIA DO FAZ DE CONTA, nada parece ser o que \u00e9, todavia, sempre \u00e9 poss\u00edvel ficar neste meio de um jeito ou de outro, haja vista que MUDAM AS MOSCAS, MAS A M&#8230; \u00c9 SEMPRE A MESMA&#8230;<\/p>\n<p>Refor\u00e7ando que os NOMES indicados como PR\u00c9 e mesmo aquele que j\u00e1 est\u00e1 mais do que definido como candidato, est\u00e3o no mesmo BALAIO ou SACO, desta forma, o\/a ELEITOR\/A dever\u00e1 escolher entre os MALES LAVADOS e os SUJOS&#8230;<\/p>\n<p>QUEM SOBREVIVER VAI SABER&#8230;<\/p>\n<p>&nbsp;<\/p>\n<p>&nbsp;<\/p>\n<p><strong>e-mail: <\/strong><a href=\"mailto:barbosa.sebar@gmail.com\"><strong>barbosa.sebar@gmail.com<\/strong><\/a><\/p>\n","protected":false},"excerpt":{"rendered":"<p>\u00a0\u201cEm noites como estas os deuses, como j\u00e1 foi dito, jogam outros jogos que n\u00e3o xadrez com os destinos dos mortais e os tronos de reis. Mas \u00e9 importante lembrar que eles fazem batota mesmo at\u00e9 ao fim&#8230;\u201d (Terry Pratchett) \u00a0 By seb@r. Ent\u00e3o, pelas IDAS e as tais VINDAS, ainda, entre os MALES LAVADOS [&hellip;]<\/p>\n","protected":false},"author":13,"featured_media":51988,"comment_status":"closed","ping_status":"open","sticky":false,"template":"","format":"standard","meta":{"_acf_changed":false,"_exactmetrics_skip_tracking":false,"_exactmetrics_sitenote_active":false,"_exactmetrics_sitenote_note":"","_exactmetrics_sitenote_category":0,"footnotes":""},"categories":[59],"tags":[],"class_list":["post-90957","post","type-post","status-publish","format-standard","has-post-thumbnail","hentry","category-opiniao"],"acf":[],"yoast_head":"<!-- This site is optimized with the Yoast SEO plugin v27.2 - https:\/\/yoast.com\/product\/yoast-seo-wordpress\/ -->\n<title>Prov\u00edncia: No mais em meio ao tudo de menos... - R\u00e1dio Life FM<\/title>\n<meta name=\"robots\" content=\"index, follow, max-snippet:-1, max-image-preview:large, max-video-preview:-1\" \/>\n<link rel=\"canonical\" href=\"https:\/\/radiolifefm.com.br\/noticias\/provincia-no-mais-em-meio-ao-tudo-de-menos\/\" \/>\n<meta property=\"og:locale\" content=\"pt_BR\" \/>\n<meta property=\"og:type\" content=\"article\" \/>\n<meta property=\"og:title\" content=\"Prov\u00edncia: No mais em meio ao tudo de menos... - R\u00e1dio Life FM\" \/>\n<meta property=\"og:description\" content=\"\u00a0\u201cEm noites como estas os deuses, como j\u00e1 foi dito, jogam outros jogos que n\u00e3o xadrez com os destinos dos mortais e os tronos de reis. Mas \u00e9 importante lembrar que eles fazem batota mesmo at\u00e9 ao fim&#8230;\u201d (Terry Pratchett) \u00a0 By seb@r. Ent\u00e3o, pelas IDAS e as tais VINDAS, ainda, entre os MALES LAVADOS [&hellip;]\" \/>\n<meta property=\"og:url\" content=\"https:\/\/radiolifefm.com.br\/noticias\/provincia-no-mais-em-meio-ao-tudo-de-menos\/\" \/>\n<meta property=\"og:site_name\" content=\"R\u00e1dio Life FM\" \/>\n<meta property=\"article:publisher\" content=\"https:\/\/www.facebook.com\/radiolifefm\/\" \/>\n<meta property=\"article:published_time\" content=\"2024-08-02T11:44:44+00:00\" \/>\n<meta property=\"article:modified_time\" content=\"2026-01-29T00:21:36+00:00\" \/>\n<meta property=\"og:image\" content=\"https:\/\/radiolifefm.com.br\/noticias\/wp-content\/uploads\/2022\/04\/WhatsApp-Image-2022-04-10-at-18.43.02.jpeg\" \/>\n\t<meta property=\"og:image:width\" content=\"972\" \/>\n\t<meta property=\"og:image:height\" content=\"1296\" \/>\n\t<meta property=\"og:image:type\" content=\"image\/jpeg\" \/>\n<meta name=\"author\" content=\"ritanery\" \/>\n<meta name=\"twitter:card\" content=\"summary_large_image\" \/>\n<meta name=\"twitter:label1\" content=\"Escrito por\" \/>\n\t<meta name=\"twitter:data1\" content=\"ritanery\" \/>\n\t<meta name=\"twitter:label2\" content=\"Est. tempo de leitura\" \/>\n\t<meta name=\"twitter:data2\" content=\"3 minutos\" \/>\n<script type=\"application\/ld+json\" class=\"yoast-schema-graph\">{\"@context\":\"https:\/\/schema.org\",\"@graph\":[{\"@type\":\"Article\",\"@id\":\"https:\/\/radiolifefm.com.br\/noticias\/provincia-no-mais-em-meio-ao-tudo-de-menos\/#article\",\"isPartOf\":{\"@id\":\"https:\/\/radiolifefm.com.br\/noticias\/provincia-no-mais-em-meio-ao-tudo-de-menos\/\"},\"author\":{\"name\":\"ritanery\",\"@id\":\"https:\/\/radiolifefm.com.br\/noticias\/#\/schema\/person\/6339b9fac59d12b071dec680d7375d87\"},\"headline\":\"Prov\u00edncia: No mais em meio ao tudo de menos&#8230;\",\"datePublished\":\"2024-08-02T11:44:44+00:00\",\"dateModified\":\"2026-01-29T00:21:36+00:00\",\"mainEntityOfPage\":{\"@id\":\"https:\/\/radiolifefm.com.br\/noticias\/provincia-no-mais-em-meio-ao-tudo-de-menos\/\"},\"wordCount\":479,\"publisher\":{\"@id\":\"https:\/\/radiolifefm.com.br\/noticias\/#organization\"},\"image\":{\"@id\":\"https:\/\/radiolifefm.com.br\/noticias\/provincia-no-mais-em-meio-ao-tudo-de-menos\/#primaryimage\"},\"thumbnailUrl\":\"https:\/\/radiolifefm.com.br\/noticias\/wp-content\/uploads\/2022\/04\/WhatsApp-Image-2022-04-10-at-18.43.02.jpeg\",\"articleSection\":[\"Opini\u00e3o\"],\"inLanguage\":\"pt-BR\"},{\"@type\":\"WebPage\",\"@id\":\"https:\/\/radiolifefm.com.br\/noticias\/provincia-no-mais-em-meio-ao-tudo-de-menos\/\",\"url\":\"https:\/\/radiolifefm.com.br\/noticias\/provincia-no-mais-em-meio-ao-tudo-de-menos\/\",\"name\":\"Prov\u00edncia: No mais em meio ao tudo de menos... - R\u00e1dio Life FM\",\"isPartOf\":{\"@id\":\"https:\/\/radiolifefm.com.br\/noticias\/#website\"},\"primaryImageOfPage\":{\"@id\":\"https:\/\/radiolifefm.com.br\/noticias\/provincia-no-mais-em-meio-ao-tudo-de-menos\/#primaryimage\"},\"image\":{\"@id\":\"https:\/\/radiolifefm.com.br\/noticias\/provincia-no-mais-em-meio-ao-tudo-de-menos\/#primaryimage\"},\"thumbnailUrl\":\"https:\/\/radiolifefm.com.br\/noticias\/wp-content\/uploads\/2022\/04\/WhatsApp-Image-2022-04-10-at-18.43.02.jpeg\",\"datePublished\":\"2024-08-02T11:44:44+00:00\",\"dateModified\":\"2026-01-29T00:21:36+00:00\",\"breadcrumb\":{\"@id\":\"https:\/\/radiolifefm.com.br\/noticias\/provincia-no-mais-em-meio-ao-tudo-de-menos\/#breadcrumb\"},\"inLanguage\":\"pt-BR\",\"potentialAction\":[{\"@type\":\"ReadAction\",\"target\":[\"https:\/\/radiolifefm.com.br\/noticias\/provincia-no-mais-em-meio-ao-tudo-de-menos\/\"]}]},{\"@type\":\"ImageObject\",\"inLanguage\":\"pt-BR\",\"@id\":\"https:\/\/radiolifefm.com.br\/noticias\/provincia-no-mais-em-meio-ao-tudo-de-menos\/#primaryimage\",\"url\":\"https:\/\/radiolifefm.com.br\/noticias\/wp-content\/uploads\/2022\/04\/WhatsApp-Image-2022-04-10-at-18.43.02.jpeg\",\"contentUrl\":\"https:\/\/radiolifefm.com.br\/noticias\/wp-content\/uploads\/2022\/04\/WhatsApp-Image-2022-04-10-at-18.43.02.jpeg\",\"width\":972,\"height\":1296,\"caption\":\"S\u00e9rgio Barbosa\"},{\"@type\":\"BreadcrumbList\",\"@id\":\"https:\/\/radiolifefm.com.br\/noticias\/provincia-no-mais-em-meio-ao-tudo-de-menos\/#breadcrumb\",\"itemListElement\":[{\"@type\":\"ListItem\",\"position\":1,\"name\":\"In\u00edcio\",\"item\":\"https:\/\/radiolifefm.com.br\/noticias\/\"},{\"@type\":\"ListItem\",\"position\":2,\"name\":\"Prov\u00edncia: No mais em meio ao tudo de menos&#8230;\"}]},{\"@type\":\"WebSite\",\"@id\":\"https:\/\/radiolifefm.com.br\/noticias\/#website\",\"url\":\"https:\/\/radiolifefm.com.br\/noticias\/\",\"name\":\"R\u00e1dio Life FM\",\"description\":\"O Portal de Not\u00edcias de Adamantina\",\"publisher\":{\"@id\":\"https:\/\/radiolifefm.com.br\/noticias\/#organization\"},\"alternateName\":\"Life FM\",\"potentialAction\":[{\"@type\":\"SearchAction\",\"target\":{\"@type\":\"EntryPoint\",\"urlTemplate\":\"https:\/\/radiolifefm.com.br\/noticias\/?s={search_term_string}\"},\"query-input\":{\"@type\":\"PropertyValueSpecification\",\"valueRequired\":true,\"valueName\":\"search_term_string\"}}],\"inLanguage\":\"pt-BR\"},{\"@type\":\"Organization\",\"@id\":\"https:\/\/radiolifefm.com.br\/noticias\/#organization\",\"name\":\"R\u00e1dio Life FM\",\"alternateName\":\"Life FM\",\"url\":\"https:\/\/radiolifefm.com.br\/noticias\/\",\"logo\":{\"@type\":\"ImageObject\",\"inLanguage\":\"pt-BR\",\"@id\":\"https:\/\/radiolifefm.com.br\/noticias\/#\/schema\/logo\/image\/\",\"url\":\"https:\/\/static.radiolifefm.com.br\/noticias\/wp-content\/uploads\/2019\/10\/logo-lifefm.png\",\"contentUrl\":\"https:\/\/static.radiolifefm.com.br\/noticias\/wp-content\/uploads\/2019\/10\/logo-lifefm.png\",\"width\":196,\"height\":47,\"caption\":\"R\u00e1dio Life FM\"},\"image\":{\"@id\":\"https:\/\/radiolifefm.com.br\/noticias\/#\/schema\/logo\/image\/\"},\"sameAs\":[\"https:\/\/www.facebook.com\/radiolifefm\/\",\"https:\/\/www.instagram.com\/life1079fm\/\"]},{\"@type\":\"Person\",\"@id\":\"https:\/\/radiolifefm.com.br\/noticias\/#\/schema\/person\/6339b9fac59d12b071dec680d7375d87\",\"name\":\"ritanery\",\"image\":{\"@type\":\"ImageObject\",\"inLanguage\":\"pt-BR\",\"@id\":\"https:\/\/secure.gravatar.com\/avatar\/0e37bb19071f47c0b8a23f62a903df117c5a0e75f65a0c2901562f97cd41cf86?s=96&d=mm&r=g\",\"url\":\"https:\/\/secure.gravatar.com\/avatar\/0e37bb19071f47c0b8a23f62a903df117c5a0e75f65a0c2901562f97cd41cf86?s=96&d=mm&r=g\",\"contentUrl\":\"https:\/\/secure.gravatar.com\/avatar\/0e37bb19071f47c0b8a23f62a903df117c5a0e75f65a0c2901562f97cd41cf86?s=96&d=mm&r=g\",\"caption\":\"ritanery\"}}]}<\/script>\n<!-- \/ Yoast SEO plugin. -->","yoast_head_json":{"title":"Prov\u00edncia: No mais em meio ao tudo de menos... - R\u00e1dio Life FM","robots":{"index":"index","follow":"follow","max-snippet":"max-snippet:-1","max-image-preview":"max-image-preview:large","max-video-preview":"max-video-preview:-1"},"canonical":"https:\/\/radiolifefm.com.br\/noticias\/provincia-no-mais-em-meio-ao-tudo-de-menos\/","og_locale":"pt_BR","og_type":"article","og_title":"Prov\u00edncia: No mais em meio ao tudo de menos... - R\u00e1dio Life FM","og_description":"\u00a0\u201cEm noites como estas os deuses, como j\u00e1 foi dito, jogam outros jogos que n\u00e3o xadrez com os destinos dos mortais e os tronos de reis. Mas \u00e9 importante lembrar que eles fazem batota mesmo at\u00e9 ao fim&#8230;\u201d (Terry Pratchett) \u00a0 By seb@r. Ent\u00e3o, pelas IDAS e as tais VINDAS, ainda, entre os MALES LAVADOS [&hellip;]","og_url":"https:\/\/radiolifefm.com.br\/noticias\/provincia-no-mais-em-meio-ao-tudo-de-menos\/","og_site_name":"R\u00e1dio Life FM","article_publisher":"https:\/\/www.facebook.com\/radiolifefm\/","article_published_time":"2024-08-02T11:44:44+00:00","article_modified_time":"2026-01-29T00:21:36+00:00","og_image":[{"width":972,"height":1296,"url":"https:\/\/radiolifefm.com.br\/noticias\/wp-content\/uploads\/2022\/04\/WhatsApp-Image-2022-04-10-at-18.43.02.jpeg","type":"image\/jpeg"}],"author":"ritanery","twitter_card":"summary_large_image","twitter_misc":{"Escrito por":"ritanery","Est. tempo de leitura":"3 minutos"},"schema":{"@context":"https:\/\/schema.org","@graph":[{"@type":"Article","@id":"https:\/\/radiolifefm.com.br\/noticias\/provincia-no-mais-em-meio-ao-tudo-de-menos\/#article","isPartOf":{"@id":"https:\/\/radiolifefm.com.br\/noticias\/provincia-no-mais-em-meio-ao-tudo-de-menos\/"},"author":{"name":"ritanery","@id":"https:\/\/radiolifefm.com.br\/noticias\/#\/schema\/person\/6339b9fac59d12b071dec680d7375d87"},"headline":"Prov\u00edncia: No mais em meio ao tudo de menos&#8230;","datePublished":"2024-08-02T11:44:44+00:00","dateModified":"2026-01-29T00:21:36+00:00","mainEntityOfPage":{"@id":"https:\/\/radiolifefm.com.br\/noticias\/provincia-no-mais-em-meio-ao-tudo-de-menos\/"},"wordCount":479,"publisher":{"@id":"https:\/\/radiolifefm.com.br\/noticias\/#organization"},"image":{"@id":"https:\/\/radiolifefm.com.br\/noticias\/provincia-no-mais-em-meio-ao-tudo-de-menos\/#primaryimage"},"thumbnailUrl":"https:\/\/radiolifefm.com.br\/noticias\/wp-content\/uploads\/2022\/04\/WhatsApp-Image-2022-04-10-at-18.43.02.jpeg","articleSection":["Opini\u00e3o"],"inLanguage":"pt-BR"},{"@type":"WebPage","@id":"https:\/\/radiolifefm.com.br\/noticias\/provincia-no-mais-em-meio-ao-tudo-de-menos\/","url":"https:\/\/radiolifefm.com.br\/noticias\/provincia-no-mais-em-meio-ao-tudo-de-menos\/","name":"Prov\u00edncia: No mais em meio ao tudo de menos... - R\u00e1dio Life FM","isPartOf":{"@id":"https:\/\/radiolifefm.com.br\/noticias\/#website"},"primaryImageOfPage":{"@id":"https:\/\/radiolifefm.com.br\/noticias\/provincia-no-mais-em-meio-ao-tudo-de-menos\/#primaryimage"},"image":{"@id":"https:\/\/radiolifefm.com.br\/noticias\/provincia-no-mais-em-meio-ao-tudo-de-menos\/#primaryimage"},"thumbnailUrl":"https:\/\/radiolifefm.com.br\/noticias\/wp-content\/uploads\/2022\/04\/WhatsApp-Image-2022-04-10-at-18.43.02.jpeg","datePublished":"2024-08-02T11:44:44+00:00","dateModified":"2026-01-29T00:21:36+00:00","breadcrumb":{"@id":"https:\/\/radiolifefm.com.br\/noticias\/provincia-no-mais-em-meio-ao-tudo-de-menos\/#breadcrumb"},"inLanguage":"pt-BR","potentialAction":[{"@type":"ReadAction","target":["https:\/\/radiolifefm.com.br\/noticias\/provincia-no-mais-em-meio-ao-tudo-de-menos\/"]}]},{"@type":"ImageObject","inLanguage":"pt-BR","@id":"https:\/\/radiolifefm.com.br\/noticias\/provincia-no-mais-em-meio-ao-tudo-de-menos\/#primaryimage","url":"https:\/\/radiolifefm.com.br\/noticias\/wp-content\/uploads\/2022\/04\/WhatsApp-Image-2022-04-10-at-18.43.02.jpeg","contentUrl":"https:\/\/radiolifefm.com.br\/noticias\/wp-content\/uploads\/2022\/04\/WhatsApp-Image-2022-04-10-at-18.43.02.jpeg","width":972,"height":1296,"caption":"S\u00e9rgio Barbosa"},{"@type":"BreadcrumbList","@id":"https:\/\/radiolifefm.com.br\/noticias\/provincia-no-mais-em-meio-ao-tudo-de-menos\/#breadcrumb","itemListElement":[{"@type":"ListItem","position":1,"name":"In\u00edcio","item":"https:\/\/radiolifefm.com.br\/noticias\/"},{"@type":"ListItem","position":2,"name":"Prov\u00edncia: No mais em meio ao tudo de menos&#8230;"}]},{"@type":"WebSite","@id":"https:\/\/radiolifefm.com.br\/noticias\/#website","url":"https:\/\/radiolifefm.com.br\/noticias\/","name":"R\u00e1dio Life FM","description":"O Portal de Not\u00edcias de Adamantina","publisher":{"@id":"https:\/\/radiolifefm.com.br\/noticias\/#organization"},"alternateName":"Life FM","potentialAction":[{"@type":"SearchAction","target":{"@type":"EntryPoint","urlTemplate":"https:\/\/radiolifefm.com.br\/noticias\/?s={search_term_string}"},"query-input":{"@type":"PropertyValueSpecification","valueRequired":true,"valueName":"search_term_string"}}],"inLanguage":"pt-BR"},{"@type":"Organization","@id":"https:\/\/radiolifefm.com.br\/noticias\/#organization","name":"R\u00e1dio Life FM","alternateName":"Life FM","url":"https:\/\/radiolifefm.com.br\/noticias\/","logo":{"@type":"ImageObject","inLanguage":"pt-BR","@id":"https:\/\/radiolifefm.com.br\/noticias\/#\/schema\/logo\/image\/","url":"https:\/\/static.radiolifefm.com.br\/noticias\/wp-content\/uploads\/2019\/10\/logo-lifefm.png","contentUrl":"https:\/\/static.radiolifefm.com.br\/noticias\/wp-content\/uploads\/2019\/10\/logo-lifefm.png","width":196,"height":47,"caption":"R\u00e1dio Life FM"},"image":{"@id":"https:\/\/radiolifefm.com.br\/noticias\/#\/schema\/logo\/image\/"},"sameAs":["https:\/\/www.facebook.com\/radiolifefm\/","https:\/\/www.instagram.com\/life1079fm\/"]},{"@type":"Person","@id":"https:\/\/radiolifefm.com.br\/noticias\/#\/schema\/person\/6339b9fac59d12b071dec680d7375d87","name":"ritanery","image":{"@type":"ImageObject","inLanguage":"pt-BR","@id":"https:\/\/secure.gravatar.com\/avatar\/0e37bb19071f47c0b8a23f62a903df117c5a0e75f65a0c2901562f97cd41cf86?s=96&d=mm&r=g","url":"https:\/\/secure.gravatar.com\/avatar\/0e37bb19071f47c0b8a23f62a903df117c5a0e75f65a0c2901562f97cd41cf86?s=96&d=mm&r=g","contentUrl":"https:\/\/secure.gravatar.com\/avatar\/0e37bb19071f47c0b8a23f62a903df117c5a0e75f65a0c2901562f97cd41cf86?s=96&d=mm&r=g","caption":"ritanery"}}]}},"amp_enabled":true,"_links":{"self":[{"href":"https:\/\/radiolifefm.com.br\/noticias\/wp-json\/wp\/v2\/posts\/90957","targetHints":{"allow":["GET"]}}],"collection":[{"href":"https:\/\/radiolifefm.com.br\/noticias\/wp-json\/wp\/v2\/posts"}],"about":[{"href":"https:\/\/radiolifefm.com.br\/noticias\/wp-json\/wp\/v2\/types\/post"}],"author":[{"embeddable":true,"href":"https:\/\/radiolifefm.com.br\/noticias\/wp-json\/wp\/v2\/users\/13"}],"replies":[{"embeddable":true,"href":"https:\/\/radiolifefm.com.br\/noticias\/wp-json\/wp\/v2\/comments?post=90957"}],"version-history":[{"count":1,"href":"https:\/\/radiolifefm.com.br\/noticias\/wp-json\/wp\/v2\/posts\/90957\/revisions"}],"predecessor-version":[{"id":90958,"href":"https:\/\/radiolifefm.com.br\/noticias\/wp-json\/wp\/v2\/posts\/90957\/revisions\/90958"}],"wp:featuredmedia":[{"embeddable":true,"href":"https:\/\/radiolifefm.com.br\/noticias\/wp-json\/wp\/v2\/media\/51988"}],"wp:attachment":[{"href":"https:\/\/radiolifefm.com.br\/noticias\/wp-json\/wp\/v2\/media?parent=90957"}],"wp:term":[{"taxonomy":"category","embeddable":true,"href":"https:\/\/radiolifefm.com.br\/noticias\/wp-json\/wp\/v2\/categories?post=90957"},{"taxonomy":"post_tag","embeddable":true,"href":"https:\/\/radiolifefm.com.br\/noticias\/wp-json\/wp\/v2\/tags?post=90957"}],"curies":[{"name":"wp","href":"https:\/\/api.w.org\/{rel}","templated":true}]}}