{"id":90607,"date":"2024-07-26T08:05:52","date_gmt":"2024-07-26T11:05:52","guid":{"rendered":"https:\/\/radiolifefm.com.br\/noticias\/?p=90607"},"modified":"2025-12-05T20:46:10","modified_gmt":"2025-12-05T23:46:10","slug":"de-que-momento-vem-a-sua-forca-e-coragem","status":"publish","type":"post","link":"https:\/\/radiolifefm.com.br\/noticias\/de-que-momento-vem-a-sua-forca-e-coragem\/","title":{"rendered":"De que momento vem a sua for\u00e7a e coragem?"},"content":{"rendered":"<div id=\"fb-root\"><\/div>\n<p>\u00c9, de que momento da vida descortinou a imagem dessa mulher que hoje respira liberdade, sonha e realiza? A pergunta poderia ser de\u201d onde\u201d, mas a verdade \u00e9 que em algum momento da vida nos deparamos com a nossa imagem refletida no espelho, como talvez nunca tenhamos visto.<\/p>\n<p>&nbsp;<\/p>\n<p>E pela primeira vez, nos surpreendemos com um olhar cr\u00edtico, n\u00e3o de deprecia\u00e7\u00e3o, mas de autoconhecimento, de admira\u00e7\u00e3o e tomada de decis\u00e3o, como se, de repente, a vis\u00e3o clareasse, o v\u00e9u fosse retirado e todos os medos se dissipassem.<\/p>\n<p>&nbsp;<\/p>\n<p>\u00c9 nessa hora que descobrimos que temos for\u00e7a interior, uma for\u00e7a que nos acompanha desde o nascimento, a garra de viver, aquela tenacidade que faz com que sintamos repulsa pelo que \u00e9 injusto e castrador. E quando chegamos a esse momento na nossa exist\u00eancia, n\u00e3o temos mais como recuar.<\/p>\n<p>&nbsp;<\/p>\n<p>O que me levou a essa autoan\u00e1lise, foi um dia comum, quando de maneira inesperada, l\u00e1 estava o meu eu refletido na tela do tempo presente, e pensei: os meus fantasmas morreram todos h\u00e1 apenas alguns anos, e uma renova\u00e7\u00e3o intr\u00ednseca aconteceu no meu ser e ent\u00e3o um sentimento de admira\u00e7\u00e3o e respeito por mim mesma brotou da minha alma e percebi que sou capaz, que sou forte, que posso ser determinada, que tenho um valor inestim\u00e1vel por mim mesma e diante da vida.<\/p>\n<p>&nbsp;<\/p>\n<p>Entendi ent\u00e3o, que um reconhecimento de valor insuspeitado estava emergindo das entranhas do meu ser adulta, guerreira e encantada pela vida, mas agora, n\u00e3o como uma crian\u00e7a indefesa, mas como uma mulher que reconhece seu valor e suas fragilidades, que se levanta sem medo para erguer sua voz, para decidir e n\u00e3o se deixar guiar, para ter coragem de querer e de amar.<\/p>\n<p>&nbsp;<\/p>\n<p>Ent\u00e3o veio a pergunta: \u201cA que voc\u00ea atribui \u00e0 perda dos seus medos infantis?<\/p>\n<p>&nbsp;<\/p>\n<p>A resposta \u00e9 que no momento do confronto da minha realidade madura com a antiga jovem temerosa e insegura, fui levada a sacudir o jugo dos ombros, a rasgar a capa depreciativa que envolvia minha baixa autoestima e cavar com as pr\u00f3prias m\u00e3os, at\u00e9 encontrar as virtudes que a redoma de prote\u00e7\u00e3o ou segrega\u00e7\u00e3o, soterraram.<\/p>\n<p>&nbsp;<\/p>\n<p>Muitas mulheres, ainda em pleno s\u00e9culo XXI, est\u00e3o encarceradas em situa\u00e7\u00f5es de depend\u00eancia e subjugadas em relacionamentos letais. Eu fiz parte dessa estat\u00edstica, e sei muito bem do que falo.<\/p>\n<p>&nbsp;<\/p>\n<p>Quero dizer a todas que ainda d\u00e1 tempo de olhar-se ousadamente, porque a vida \u00e9 um momento!<\/p>\n<p>&nbsp;<\/p>\n<p><strong>Solange Lisboa<\/strong><\/p>\n<p><strong>Escritora\/Poeta<\/strong><\/p>\n<p><strong>@sollisboapoeta<\/strong><\/p>\n<p><strong>solangeserrao3@gmail.com<\/strong><\/p>\n<p>&nbsp;<\/p>\n","protected":false},"excerpt":{"rendered":"<p>\u00c9, de que momento da vida descortinou a imagem dessa mulher que hoje respira liberdade, sonha e realiza? A pergunta poderia ser de\u201d onde\u201d, mas a verdade \u00e9 que em algum momento da vida nos deparamos com a nossa imagem refletida no espelho, como talvez nunca tenhamos visto. &nbsp; E pela primeira vez, nos surpreendemos [&hellip;]<\/p>\n","protected":false},"author":13,"featured_media":90608,"comment_status":"closed","ping_status":"open","sticky":false,"template":"","format":"standard","meta":{"_acf_changed":false,"_exactmetrics_skip_tracking":false,"_exactmetrics_sitenote_active":false,"_exactmetrics_sitenote_note":"","_exactmetrics_sitenote_category":0,"footnotes":""},"categories":[59],"tags":[],"class_list":["post-90607","post","type-post","status-publish","format-standard","has-post-thumbnail","hentry","category-opiniao"],"acf":[],"yoast_head":"<!-- This site is optimized with the Yoast SEO plugin v27.2 - https:\/\/yoast.com\/product\/yoast-seo-wordpress\/ -->\n<title>De que momento vem a sua for\u00e7a e coragem? - R\u00e1dio Life FM<\/title>\n<meta name=\"robots\" content=\"index, follow, max-snippet:-1, max-image-preview:large, max-video-preview:-1\" \/>\n<link rel=\"canonical\" href=\"https:\/\/radiolifefm.com.br\/noticias\/de-que-momento-vem-a-sua-forca-e-coragem\/\" \/>\n<meta property=\"og:locale\" content=\"pt_BR\" \/>\n<meta property=\"og:type\" content=\"article\" \/>\n<meta property=\"og:title\" content=\"De que momento vem a sua for\u00e7a e coragem? - R\u00e1dio Life FM\" \/>\n<meta property=\"og:description\" content=\"\u00c9, de que momento da vida descortinou a imagem dessa mulher que hoje respira liberdade, sonha e realiza? A pergunta poderia ser de\u201d onde\u201d, mas a verdade \u00e9 que em algum momento da vida nos deparamos com a nossa imagem refletida no espelho, como talvez nunca tenhamos visto. &nbsp; E pela primeira vez, nos surpreendemos [&hellip;]\" \/>\n<meta property=\"og:url\" content=\"https:\/\/radiolifefm.com.br\/noticias\/de-que-momento-vem-a-sua-forca-e-coragem\/\" \/>\n<meta property=\"og:site_name\" content=\"R\u00e1dio Life FM\" \/>\n<meta property=\"article:publisher\" content=\"https:\/\/www.facebook.com\/radiolifefm\/\" \/>\n<meta property=\"article:published_time\" content=\"2024-07-26T11:05:52+00:00\" \/>\n<meta property=\"article:modified_time\" content=\"2025-12-05T23:46:10+00:00\" \/>\n<meta property=\"og:image\" content=\"https:\/\/radiolifefm.com.br\/noticias\/wp-content\/uploads\/2024\/07\/WhatsApp-Image-2024-07-25-at-22.24.10.jpeg\" \/>\n\t<meta property=\"og:image:width\" content=\"900\" \/>\n\t<meta property=\"og:image:height\" content=\"1600\" \/>\n\t<meta property=\"og:image:type\" content=\"image\/jpeg\" \/>\n<meta name=\"author\" content=\"ritanery\" \/>\n<meta name=\"twitter:card\" content=\"summary_large_image\" \/>\n<meta name=\"twitter:label1\" content=\"Escrito por\" \/>\n\t<meta name=\"twitter:data1\" content=\"ritanery\" \/>\n\t<meta name=\"twitter:label2\" content=\"Est. tempo de leitura\" \/>\n\t<meta name=\"twitter:data2\" content=\"3 minutos\" \/>\n<script type=\"application\/ld+json\" class=\"yoast-schema-graph\">{\"@context\":\"https:\/\/schema.org\",\"@graph\":[{\"@type\":\"Article\",\"@id\":\"https:\/\/radiolifefm.com.br\/noticias\/de-que-momento-vem-a-sua-forca-e-coragem\/#article\",\"isPartOf\":{\"@id\":\"https:\/\/radiolifefm.com.br\/noticias\/de-que-momento-vem-a-sua-forca-e-coragem\/\"},\"author\":{\"name\":\"ritanery\",\"@id\":\"https:\/\/radiolifefm.com.br\/noticias\/#\/schema\/person\/6339b9fac59d12b071dec680d7375d87\"},\"headline\":\"De que momento vem a sua for\u00e7a e coragem?\",\"datePublished\":\"2024-07-26T11:05:52+00:00\",\"dateModified\":\"2025-12-05T23:46:10+00:00\",\"mainEntityOfPage\":{\"@id\":\"https:\/\/radiolifefm.com.br\/noticias\/de-que-momento-vem-a-sua-forca-e-coragem\/\"},\"wordCount\":451,\"publisher\":{\"@id\":\"https:\/\/radiolifefm.com.br\/noticias\/#organization\"},\"image\":{\"@id\":\"https:\/\/radiolifefm.com.br\/noticias\/de-que-momento-vem-a-sua-forca-e-coragem\/#primaryimage\"},\"thumbnailUrl\":\"https:\/\/radiolifefm.com.br\/noticias\/wp-content\/uploads\/2024\/07\/WhatsApp-Image-2024-07-25-at-22.24.10.jpeg\",\"articleSection\":[\"Opini\u00e3o\"],\"inLanguage\":\"pt-BR\"},{\"@type\":\"WebPage\",\"@id\":\"https:\/\/radiolifefm.com.br\/noticias\/de-que-momento-vem-a-sua-forca-e-coragem\/\",\"url\":\"https:\/\/radiolifefm.com.br\/noticias\/de-que-momento-vem-a-sua-forca-e-coragem\/\",\"name\":\"De que momento vem a sua for\u00e7a e coragem? - R\u00e1dio Life FM\",\"isPartOf\":{\"@id\":\"https:\/\/radiolifefm.com.br\/noticias\/#website\"},\"primaryImageOfPage\":{\"@id\":\"https:\/\/radiolifefm.com.br\/noticias\/de-que-momento-vem-a-sua-forca-e-coragem\/#primaryimage\"},\"image\":{\"@id\":\"https:\/\/radiolifefm.com.br\/noticias\/de-que-momento-vem-a-sua-forca-e-coragem\/#primaryimage\"},\"thumbnailUrl\":\"https:\/\/radiolifefm.com.br\/noticias\/wp-content\/uploads\/2024\/07\/WhatsApp-Image-2024-07-25-at-22.24.10.jpeg\",\"datePublished\":\"2024-07-26T11:05:52+00:00\",\"dateModified\":\"2025-12-05T23:46:10+00:00\",\"breadcrumb\":{\"@id\":\"https:\/\/radiolifefm.com.br\/noticias\/de-que-momento-vem-a-sua-forca-e-coragem\/#breadcrumb\"},\"inLanguage\":\"pt-BR\",\"potentialAction\":[{\"@type\":\"ReadAction\",\"target\":[\"https:\/\/radiolifefm.com.br\/noticias\/de-que-momento-vem-a-sua-forca-e-coragem\/\"]}]},{\"@type\":\"ImageObject\",\"inLanguage\":\"pt-BR\",\"@id\":\"https:\/\/radiolifefm.com.br\/noticias\/de-que-momento-vem-a-sua-forca-e-coragem\/#primaryimage\",\"url\":\"https:\/\/radiolifefm.com.br\/noticias\/wp-content\/uploads\/2024\/07\/WhatsApp-Image-2024-07-25-at-22.24.10.jpeg\",\"contentUrl\":\"https:\/\/radiolifefm.com.br\/noticias\/wp-content\/uploads\/2024\/07\/WhatsApp-Image-2024-07-25-at-22.24.10.jpeg\",\"width\":900,\"height\":1600},{\"@type\":\"BreadcrumbList\",\"@id\":\"https:\/\/radiolifefm.com.br\/noticias\/de-que-momento-vem-a-sua-forca-e-coragem\/#breadcrumb\",\"itemListElement\":[{\"@type\":\"ListItem\",\"position\":1,\"name\":\"In\u00edcio\",\"item\":\"https:\/\/radiolifefm.com.br\/noticias\/\"},{\"@type\":\"ListItem\",\"position\":2,\"name\":\"De que momento vem a sua for\u00e7a e coragem?\"}]},{\"@type\":\"WebSite\",\"@id\":\"https:\/\/radiolifefm.com.br\/noticias\/#website\",\"url\":\"https:\/\/radiolifefm.com.br\/noticias\/\",\"name\":\"R\u00e1dio Life FM\",\"description\":\"O Portal de Not\u00edcias de Adamantina\",\"publisher\":{\"@id\":\"https:\/\/radiolifefm.com.br\/noticias\/#organization\"},\"alternateName\":\"Life FM\",\"potentialAction\":[{\"@type\":\"SearchAction\",\"target\":{\"@type\":\"EntryPoint\",\"urlTemplate\":\"https:\/\/radiolifefm.com.br\/noticias\/?s={search_term_string}\"},\"query-input\":{\"@type\":\"PropertyValueSpecification\",\"valueRequired\":true,\"valueName\":\"search_term_string\"}}],\"inLanguage\":\"pt-BR\"},{\"@type\":\"Organization\",\"@id\":\"https:\/\/radiolifefm.com.br\/noticias\/#organization\",\"name\":\"R\u00e1dio Life FM\",\"alternateName\":\"Life FM\",\"url\":\"https:\/\/radiolifefm.com.br\/noticias\/\",\"logo\":{\"@type\":\"ImageObject\",\"inLanguage\":\"pt-BR\",\"@id\":\"https:\/\/radiolifefm.com.br\/noticias\/#\/schema\/logo\/image\/\",\"url\":\"https:\/\/static.radiolifefm.com.br\/noticias\/wp-content\/uploads\/2019\/10\/logo-lifefm.png\",\"contentUrl\":\"https:\/\/static.radiolifefm.com.br\/noticias\/wp-content\/uploads\/2019\/10\/logo-lifefm.png\",\"width\":196,\"height\":47,\"caption\":\"R\u00e1dio Life FM\"},\"image\":{\"@id\":\"https:\/\/radiolifefm.com.br\/noticias\/#\/schema\/logo\/image\/\"},\"sameAs\":[\"https:\/\/www.facebook.com\/radiolifefm\/\",\"https:\/\/www.instagram.com\/life1079fm\/\"]},{\"@type\":\"Person\",\"@id\":\"https:\/\/radiolifefm.com.br\/noticias\/#\/schema\/person\/6339b9fac59d12b071dec680d7375d87\",\"name\":\"ritanery\",\"image\":{\"@type\":\"ImageObject\",\"inLanguage\":\"pt-BR\",\"@id\":\"https:\/\/secure.gravatar.com\/avatar\/0e37bb19071f47c0b8a23f62a903df117c5a0e75f65a0c2901562f97cd41cf86?s=96&d=mm&r=g\",\"url\":\"https:\/\/secure.gravatar.com\/avatar\/0e37bb19071f47c0b8a23f62a903df117c5a0e75f65a0c2901562f97cd41cf86?s=96&d=mm&r=g\",\"contentUrl\":\"https:\/\/secure.gravatar.com\/avatar\/0e37bb19071f47c0b8a23f62a903df117c5a0e75f65a0c2901562f97cd41cf86?s=96&d=mm&r=g\",\"caption\":\"ritanery\"}}]}<\/script>\n<!-- \/ Yoast SEO plugin. -->","yoast_head_json":{"title":"De que momento vem a sua for\u00e7a e coragem? - R\u00e1dio Life FM","robots":{"index":"index","follow":"follow","max-snippet":"max-snippet:-1","max-image-preview":"max-image-preview:large","max-video-preview":"max-video-preview:-1"},"canonical":"https:\/\/radiolifefm.com.br\/noticias\/de-que-momento-vem-a-sua-forca-e-coragem\/","og_locale":"pt_BR","og_type":"article","og_title":"De que momento vem a sua for\u00e7a e coragem? - R\u00e1dio Life FM","og_description":"\u00c9, de que momento da vida descortinou a imagem dessa mulher que hoje respira liberdade, sonha e realiza? A pergunta poderia ser de\u201d onde\u201d, mas a verdade \u00e9 que em algum momento da vida nos deparamos com a nossa imagem refletida no espelho, como talvez nunca tenhamos visto. &nbsp; E pela primeira vez, nos surpreendemos [&hellip;]","og_url":"https:\/\/radiolifefm.com.br\/noticias\/de-que-momento-vem-a-sua-forca-e-coragem\/","og_site_name":"R\u00e1dio Life FM","article_publisher":"https:\/\/www.facebook.com\/radiolifefm\/","article_published_time":"2024-07-26T11:05:52+00:00","article_modified_time":"2025-12-05T23:46:10+00:00","og_image":[{"width":900,"height":1600,"url":"https:\/\/radiolifefm.com.br\/noticias\/wp-content\/uploads\/2024\/07\/WhatsApp-Image-2024-07-25-at-22.24.10.jpeg","type":"image\/jpeg"}],"author":"ritanery","twitter_card":"summary_large_image","twitter_misc":{"Escrito por":"ritanery","Est. tempo de leitura":"3 minutos"},"schema":{"@context":"https:\/\/schema.org","@graph":[{"@type":"Article","@id":"https:\/\/radiolifefm.com.br\/noticias\/de-que-momento-vem-a-sua-forca-e-coragem\/#article","isPartOf":{"@id":"https:\/\/radiolifefm.com.br\/noticias\/de-que-momento-vem-a-sua-forca-e-coragem\/"},"author":{"name":"ritanery","@id":"https:\/\/radiolifefm.com.br\/noticias\/#\/schema\/person\/6339b9fac59d12b071dec680d7375d87"},"headline":"De que momento vem a sua for\u00e7a e coragem?","datePublished":"2024-07-26T11:05:52+00:00","dateModified":"2025-12-05T23:46:10+00:00","mainEntityOfPage":{"@id":"https:\/\/radiolifefm.com.br\/noticias\/de-que-momento-vem-a-sua-forca-e-coragem\/"},"wordCount":451,"publisher":{"@id":"https:\/\/radiolifefm.com.br\/noticias\/#organization"},"image":{"@id":"https:\/\/radiolifefm.com.br\/noticias\/de-que-momento-vem-a-sua-forca-e-coragem\/#primaryimage"},"thumbnailUrl":"https:\/\/radiolifefm.com.br\/noticias\/wp-content\/uploads\/2024\/07\/WhatsApp-Image-2024-07-25-at-22.24.10.jpeg","articleSection":["Opini\u00e3o"],"inLanguage":"pt-BR"},{"@type":"WebPage","@id":"https:\/\/radiolifefm.com.br\/noticias\/de-que-momento-vem-a-sua-forca-e-coragem\/","url":"https:\/\/radiolifefm.com.br\/noticias\/de-que-momento-vem-a-sua-forca-e-coragem\/","name":"De que momento vem a sua for\u00e7a e coragem? - R\u00e1dio Life FM","isPartOf":{"@id":"https:\/\/radiolifefm.com.br\/noticias\/#website"},"primaryImageOfPage":{"@id":"https:\/\/radiolifefm.com.br\/noticias\/de-que-momento-vem-a-sua-forca-e-coragem\/#primaryimage"},"image":{"@id":"https:\/\/radiolifefm.com.br\/noticias\/de-que-momento-vem-a-sua-forca-e-coragem\/#primaryimage"},"thumbnailUrl":"https:\/\/radiolifefm.com.br\/noticias\/wp-content\/uploads\/2024\/07\/WhatsApp-Image-2024-07-25-at-22.24.10.jpeg","datePublished":"2024-07-26T11:05:52+00:00","dateModified":"2025-12-05T23:46:10+00:00","breadcrumb":{"@id":"https:\/\/radiolifefm.com.br\/noticias\/de-que-momento-vem-a-sua-forca-e-coragem\/#breadcrumb"},"inLanguage":"pt-BR","potentialAction":[{"@type":"ReadAction","target":["https:\/\/radiolifefm.com.br\/noticias\/de-que-momento-vem-a-sua-forca-e-coragem\/"]}]},{"@type":"ImageObject","inLanguage":"pt-BR","@id":"https:\/\/radiolifefm.com.br\/noticias\/de-que-momento-vem-a-sua-forca-e-coragem\/#primaryimage","url":"https:\/\/radiolifefm.com.br\/noticias\/wp-content\/uploads\/2024\/07\/WhatsApp-Image-2024-07-25-at-22.24.10.jpeg","contentUrl":"https:\/\/radiolifefm.com.br\/noticias\/wp-content\/uploads\/2024\/07\/WhatsApp-Image-2024-07-25-at-22.24.10.jpeg","width":900,"height":1600},{"@type":"BreadcrumbList","@id":"https:\/\/radiolifefm.com.br\/noticias\/de-que-momento-vem-a-sua-forca-e-coragem\/#breadcrumb","itemListElement":[{"@type":"ListItem","position":1,"name":"In\u00edcio","item":"https:\/\/radiolifefm.com.br\/noticias\/"},{"@type":"ListItem","position":2,"name":"De que momento vem a sua for\u00e7a e coragem?"}]},{"@type":"WebSite","@id":"https:\/\/radiolifefm.com.br\/noticias\/#website","url":"https:\/\/radiolifefm.com.br\/noticias\/","name":"R\u00e1dio Life FM","description":"O Portal de Not\u00edcias de Adamantina","publisher":{"@id":"https:\/\/radiolifefm.com.br\/noticias\/#organization"},"alternateName":"Life FM","potentialAction":[{"@type":"SearchAction","target":{"@type":"EntryPoint","urlTemplate":"https:\/\/radiolifefm.com.br\/noticias\/?s={search_term_string}"},"query-input":{"@type":"PropertyValueSpecification","valueRequired":true,"valueName":"search_term_string"}}],"inLanguage":"pt-BR"},{"@type":"Organization","@id":"https:\/\/radiolifefm.com.br\/noticias\/#organization","name":"R\u00e1dio Life FM","alternateName":"Life FM","url":"https:\/\/radiolifefm.com.br\/noticias\/","logo":{"@type":"ImageObject","inLanguage":"pt-BR","@id":"https:\/\/radiolifefm.com.br\/noticias\/#\/schema\/logo\/image\/","url":"https:\/\/static.radiolifefm.com.br\/noticias\/wp-content\/uploads\/2019\/10\/logo-lifefm.png","contentUrl":"https:\/\/static.radiolifefm.com.br\/noticias\/wp-content\/uploads\/2019\/10\/logo-lifefm.png","width":196,"height":47,"caption":"R\u00e1dio Life FM"},"image":{"@id":"https:\/\/radiolifefm.com.br\/noticias\/#\/schema\/logo\/image\/"},"sameAs":["https:\/\/www.facebook.com\/radiolifefm\/","https:\/\/www.instagram.com\/life1079fm\/"]},{"@type":"Person","@id":"https:\/\/radiolifefm.com.br\/noticias\/#\/schema\/person\/6339b9fac59d12b071dec680d7375d87","name":"ritanery","image":{"@type":"ImageObject","inLanguage":"pt-BR","@id":"https:\/\/secure.gravatar.com\/avatar\/0e37bb19071f47c0b8a23f62a903df117c5a0e75f65a0c2901562f97cd41cf86?s=96&d=mm&r=g","url":"https:\/\/secure.gravatar.com\/avatar\/0e37bb19071f47c0b8a23f62a903df117c5a0e75f65a0c2901562f97cd41cf86?s=96&d=mm&r=g","contentUrl":"https:\/\/secure.gravatar.com\/avatar\/0e37bb19071f47c0b8a23f62a903df117c5a0e75f65a0c2901562f97cd41cf86?s=96&d=mm&r=g","caption":"ritanery"}}]}},"amp_enabled":true,"_links":{"self":[{"href":"https:\/\/radiolifefm.com.br\/noticias\/wp-json\/wp\/v2\/posts\/90607","targetHints":{"allow":["GET"]}}],"collection":[{"href":"https:\/\/radiolifefm.com.br\/noticias\/wp-json\/wp\/v2\/posts"}],"about":[{"href":"https:\/\/radiolifefm.com.br\/noticias\/wp-json\/wp\/v2\/types\/post"}],"author":[{"embeddable":true,"href":"https:\/\/radiolifefm.com.br\/noticias\/wp-json\/wp\/v2\/users\/13"}],"replies":[{"embeddable":true,"href":"https:\/\/radiolifefm.com.br\/noticias\/wp-json\/wp\/v2\/comments?post=90607"}],"version-history":[{"count":1,"href":"https:\/\/radiolifefm.com.br\/noticias\/wp-json\/wp\/v2\/posts\/90607\/revisions"}],"predecessor-version":[{"id":90609,"href":"https:\/\/radiolifefm.com.br\/noticias\/wp-json\/wp\/v2\/posts\/90607\/revisions\/90609"}],"wp:featuredmedia":[{"embeddable":true,"href":"https:\/\/radiolifefm.com.br\/noticias\/wp-json\/wp\/v2\/media\/90608"}],"wp:attachment":[{"href":"https:\/\/radiolifefm.com.br\/noticias\/wp-json\/wp\/v2\/media?parent=90607"}],"wp:term":[{"taxonomy":"category","embeddable":true,"href":"https:\/\/radiolifefm.com.br\/noticias\/wp-json\/wp\/v2\/categories?post=90607"},{"taxonomy":"post_tag","embeddable":true,"href":"https:\/\/radiolifefm.com.br\/noticias\/wp-json\/wp\/v2\/tags?post=90607"}],"curies":[{"name":"wp","href":"https:\/\/api.w.org\/{rel}","templated":true}]}}