{"id":90416,"date":"2024-07-22T16:00:53","date_gmt":"2024-07-22T19:00:53","guid":{"rendered":"https:\/\/radiolifefm.com.br\/noticias\/?p=90416"},"modified":"2026-04-17T22:34:08","modified_gmt":"2026-04-18T01:34:08","slug":"olimpiadas-paris-atleta-de-adamantina-critica-recebimento-de-uniformes-masculinos-para-competir","status":"publish","type":"post","link":"https:\/\/radiolifefm.com.br\/noticias\/olimpiadas-paris-atleta-de-adamantina-critica-recebimento-de-uniformes-masculinos-para-competir\/","title":{"rendered":"Olimp\u00edadas Paris: Atleta de Adamantina critica recebimento de uniformes masculinos para competir."},"content":{"rendered":"<div id=\"fb-root\"><\/div>\n<p>Olimp\u00edadas Paris: Atleta brasileira critica recebimento de uniformes masculinos para competir<\/p>\n<p>A atleta Izabela da Silva, especialista em lan\u00e7amento de disco e representante do Brasil nos Jogos Ol\u00edmpicos de Paris 2024, expressou frustra\u00e7\u00e3o ao receber uniformes masculinos, ap\u00f3s n\u00e3o encontrar op\u00e7\u00f5es femininas adequadas para seu tamanho. Segundo ela, ao retirar as pe\u00e7as fornecidas pela Puma, fabricante oficial dos uniformes da Confedera\u00e7\u00e3o Brasileira de Atletismo (CBAt), todas as pe\u00e7as dispon\u00edveis eram destinadas ao p\u00fablico masculino.<\/p>\n<div class='flex flex-wrap items-center -mx-1'>\r\n<a class='thumbnail gallery p-1 w-1\/2 md:w-1\/4' href='https:\/\/radiolifefm.com.br\/noticias\/wp-content\/uploads\/2024\/07\/WhatsApp-Image-2024-07-22-at-15.58.55-2.jpeg'><img class='border border-white' src='https:\/\/radiolifefm.com.br\/noticias\/wp-content\/uploads\/2024\/07\/WhatsApp-Image-2024-07-22-at-15.58.55-2-200x200.jpeg' alt='WhatsApp Image 2024 07 22 At 15.58.55 (2)' \/><\/a><\/div>\n<p>&#8220;Estou bastante chateada porque solicitei algumas pe\u00e7as masculinas e acabei recebendo apenas masculinas. N\u00e3o houve nenhuma op\u00e7\u00e3o feminina dispon\u00edvel para mim. Recebi 19 pe\u00e7as no total, incluindo mochila e bon\u00e9, enquanto as atletas femininas receberam 30. Isso \u00e9 muito triste. Pegar seu uniforme para competir e ser confrontado com essa situa\u00e7\u00e3o, onde dizem que n\u00e3o h\u00e1 tamanhos dispon\u00edveis, \u00e9 desolador. Por exemplo, os tops v\u00e3o apenas at\u00e9 o tamanho M, o que \u00e9 decepcionante e frustrante. Infelizmente, isso \u00e9 algo recorrente nas sele\u00e7\u00f5es. \u00c9 injusto s\u00f3 porque tenho um porte f\u00edsico um pouco maior. Por que n\u00e3o pedir um tamanho maior?&#8221;, desabafou a atleta.<img loading=\"lazy\" decoding=\"async\" class=\"aligncenter size-medium wp-image-90419\" src=\"https:\/\/static.radiolifefm.com.br\/noticias\/wp-content\/uploads\/2024\/07\/WhatsApp-Image-2024-07-22-at-15.58.55-1-300x176.jpeg\" alt=\"\" width=\"300\" height=\"176\" srcset=\"https:\/\/radiolifefm.com.br\/noticias\/wp-content\/uploads\/2024\/07\/WhatsApp-Image-2024-07-22-at-15.58.55-1-300x176.jpeg 300w, https:\/\/radiolifefm.com.br\/noticias\/wp-content\/uploads\/2024\/07\/WhatsApp-Image-2024-07-22-at-15.58.55-1-1024x601.jpeg 1024w, https:\/\/radiolifefm.com.br\/noticias\/wp-content\/uploads\/2024\/07\/WhatsApp-Image-2024-07-22-at-15.58.55-1-768x451.jpeg 768w, https:\/\/radiolifefm.com.br\/noticias\/wp-content\/uploads\/2024\/07\/WhatsApp-Image-2024-07-22-at-15.58.55-1.jpeg 1073w\" sizes=\"auto, (max-width: 300px) 100vw, 300px\" \/><\/p>\n<p>Izabela da Silva, que conquistou a medalha de ouro nos Jogos Pan-americanos de Santiago 2023 e foi finalista ol\u00edmpica em T\u00f3quio-2020 no lan\u00e7amento de disco, possui 1,77m de altura e pesa mais de 100kg, padr\u00f5es comuns entre atletas de sua modalidade. Apesar de integrar a equipe nacional por mais de uma d\u00e9cada, ela lamenta que situa\u00e7\u00f5es semelhantes ainda ocorram em competi\u00e7\u00f5es internacionais.<img loading=\"lazy\" decoding=\"async\" class=\"aligncenter size-medium wp-image-90417\" src=\"https:\/\/static.radiolifefm.com.br\/noticias\/wp-content\/uploads\/2024\/07\/WhatsApp-Image-2024-07-22-at-15.58.54-300x278.jpeg\" alt=\"\" width=\"300\" height=\"278\" srcset=\"https:\/\/radiolifefm.com.br\/noticias\/wp-content\/uploads\/2024\/07\/WhatsApp-Image-2024-07-22-at-15.58.54-300x278.jpeg 300w, https:\/\/radiolifefm.com.br\/noticias\/wp-content\/uploads\/2024\/07\/WhatsApp-Image-2024-07-22-at-15.58.54-1024x949.jpeg 1024w, https:\/\/radiolifefm.com.br\/noticias\/wp-content\/uploads\/2024\/07\/WhatsApp-Image-2024-07-22-at-15.58.54-768x712.jpeg 768w, https:\/\/radiolifefm.com.br\/noticias\/wp-content\/uploads\/2024\/07\/WhatsApp-Image-2024-07-22-at-15.58.54.jpeg 1080w\" sizes=\"auto, (max-width: 300px) 100vw, 300px\" \/><\/p>\n<p>&#8220;Acredito que isso demonstra um descaso com os atletas. Essa situa\u00e7\u00e3o precisa mudar. O que podemos esperar da Confedera\u00e7\u00e3o Brasileira? \u00c9 decepcionante que algo assim aconte\u00e7a repetidamente. N\u00e3o \u00e9 razo\u00e1vel que a Puma n\u00e3o consiga produzir uniformes femininos em tamanhos um pouco maiores. Parece que eles s\u00f3 conseguem fabricar para homens, o que para mim n\u00e3o faz sentido algum&#8221;, concluiu Izabela.<\/p>\n","protected":false},"excerpt":{"rendered":"<p>Olimp\u00edadas Paris: Atleta brasileira critica recebimento de uniformes masculinos para competir A atleta Izabela da Silva, especialista em lan\u00e7amento de disco e representante do Brasil nos Jogos Ol\u00edmpicos de Paris 2024, expressou frustra\u00e7\u00e3o ao receber uniformes masculinos, ap\u00f3s n\u00e3o encontrar op\u00e7\u00f5es femininas adequadas para seu tamanho. Segundo ela, ao retirar as pe\u00e7as fornecidas pela Puma, [&hellip;]<\/p>\n","protected":false},"author":8,"featured_media":90420,"comment_status":"closed","ping_status":"open","sticky":false,"template":"","format":"standard","meta":{"_acf_changed":false,"_exactmetrics_skip_tracking":false,"_exactmetrics_sitenote_active":false,"_exactmetrics_sitenote_note":"","_exactmetrics_sitenote_category":0,"footnotes":""},"categories":[1],"tags":[],"class_list":["post-90416","post","type-post","status-publish","format-standard","has-post-thumbnail","hentry","category-geral"],"acf":[],"yoast_head":"<!-- This site is optimized with the Yoast SEO plugin v27.2 - https:\/\/yoast.com\/product\/yoast-seo-wordpress\/ -->\n<title>Olimp\u00edadas Paris: Atleta de Adamantina critica recebimento de uniformes masculinos para competir. - R\u00e1dio Life FM<\/title>\n<meta name=\"robots\" content=\"index, follow, max-snippet:-1, max-image-preview:large, max-video-preview:-1\" \/>\n<link rel=\"canonical\" href=\"https:\/\/radiolifefm.com.br\/noticias\/olimpiadas-paris-atleta-de-adamantina-critica-recebimento-de-uniformes-masculinos-para-competir\/\" \/>\n<meta property=\"og:locale\" content=\"pt_BR\" \/>\n<meta property=\"og:type\" content=\"article\" \/>\n<meta property=\"og:title\" content=\"Olimp\u00edadas Paris: Atleta de Adamantina critica recebimento de uniformes masculinos para competir. - R\u00e1dio Life FM\" \/>\n<meta property=\"og:description\" content=\"Olimp\u00edadas Paris: Atleta brasileira critica recebimento de uniformes masculinos para competir A atleta Izabela da Silva, especialista em lan\u00e7amento de disco e representante do Brasil nos Jogos Ol\u00edmpicos de Paris 2024, expressou frustra\u00e7\u00e3o ao receber uniformes masculinos, ap\u00f3s n\u00e3o encontrar op\u00e7\u00f5es femininas adequadas para seu tamanho. Segundo ela, ao retirar as pe\u00e7as fornecidas pela Puma, [&hellip;]\" \/>\n<meta property=\"og:url\" content=\"https:\/\/radiolifefm.com.br\/noticias\/olimpiadas-paris-atleta-de-adamantina-critica-recebimento-de-uniformes-masculinos-para-competir\/\" \/>\n<meta property=\"og:site_name\" content=\"R\u00e1dio Life FM\" \/>\n<meta property=\"article:publisher\" content=\"https:\/\/www.facebook.com\/radiolifefm\/\" \/>\n<meta property=\"article:published_time\" content=\"2024-07-22T19:00:53+00:00\" \/>\n<meta property=\"article:modified_time\" content=\"2026-04-18T01:34:08+00:00\" \/>\n<meta property=\"og:image\" content=\"https:\/\/radiolifefm.com.br\/noticias\/wp-content\/uploads\/2024\/07\/WhatsApp-Image-2024-07-22-at-15.58.55.jpeg\" \/>\n\t<meta property=\"og:image:width\" content=\"1057\" \/>\n\t<meta property=\"og:image:height\" content=\"845\" \/>\n\t<meta property=\"og:image:type\" content=\"image\/jpeg\" \/>\n<meta name=\"author\" content=\"joaograndao\" \/>\n<meta name=\"twitter:card\" content=\"summary_large_image\" \/>\n<meta name=\"twitter:label1\" content=\"Escrito por\" \/>\n\t<meta name=\"twitter:data1\" content=\"joaograndao\" \/>\n\t<meta name=\"twitter:label2\" content=\"Est. tempo de leitura\" \/>\n\t<meta name=\"twitter:data2\" content=\"3 minutos\" \/>\n<script type=\"application\/ld+json\" class=\"yoast-schema-graph\">{\"@context\":\"https:\/\/schema.org\",\"@graph\":[{\"@type\":\"Article\",\"@id\":\"https:\/\/radiolifefm.com.br\/noticias\/olimpiadas-paris-atleta-de-adamantina-critica-recebimento-de-uniformes-masculinos-para-competir\/#article\",\"isPartOf\":{\"@id\":\"https:\/\/radiolifefm.com.br\/noticias\/olimpiadas-paris-atleta-de-adamantina-critica-recebimento-de-uniformes-masculinos-para-competir\/\"},\"author\":{\"name\":\"joaograndao\",\"@id\":\"https:\/\/radiolifefm.com.br\/noticias\/#\/schema\/person\/6876e1240feffe6e1b63fd5cb85abf28\"},\"headline\":\"Olimp\u00edadas Paris: Atleta de Adamantina critica recebimento de uniformes masculinos para competir.\",\"datePublished\":\"2024-07-22T19:00:53+00:00\",\"dateModified\":\"2026-04-18T01:34:08+00:00\",\"mainEntityOfPage\":{\"@id\":\"https:\/\/radiolifefm.com.br\/noticias\/olimpiadas-paris-atleta-de-adamantina-critica-recebimento-de-uniformes-masculinos-para-competir\/\"},\"wordCount\":343,\"publisher\":{\"@id\":\"https:\/\/radiolifefm.com.br\/noticias\/#organization\"},\"image\":{\"@id\":\"https:\/\/radiolifefm.com.br\/noticias\/olimpiadas-paris-atleta-de-adamantina-critica-recebimento-de-uniformes-masculinos-para-competir\/#primaryimage\"},\"thumbnailUrl\":\"https:\/\/radiolifefm.com.br\/noticias\/wp-content\/uploads\/2024\/07\/WhatsApp-Image-2024-07-22-at-15.58.55.jpeg\",\"articleSection\":[\"Geral\"],\"inLanguage\":\"pt-BR\"},{\"@type\":\"WebPage\",\"@id\":\"https:\/\/radiolifefm.com.br\/noticias\/olimpiadas-paris-atleta-de-adamantina-critica-recebimento-de-uniformes-masculinos-para-competir\/\",\"url\":\"https:\/\/radiolifefm.com.br\/noticias\/olimpiadas-paris-atleta-de-adamantina-critica-recebimento-de-uniformes-masculinos-para-competir\/\",\"name\":\"Olimp\u00edadas Paris: Atleta de Adamantina critica recebimento de uniformes masculinos para competir. - R\u00e1dio Life FM\",\"isPartOf\":{\"@id\":\"https:\/\/radiolifefm.com.br\/noticias\/#website\"},\"primaryImageOfPage\":{\"@id\":\"https:\/\/radiolifefm.com.br\/noticias\/olimpiadas-paris-atleta-de-adamantina-critica-recebimento-de-uniformes-masculinos-para-competir\/#primaryimage\"},\"image\":{\"@id\":\"https:\/\/radiolifefm.com.br\/noticias\/olimpiadas-paris-atleta-de-adamantina-critica-recebimento-de-uniformes-masculinos-para-competir\/#primaryimage\"},\"thumbnailUrl\":\"https:\/\/radiolifefm.com.br\/noticias\/wp-content\/uploads\/2024\/07\/WhatsApp-Image-2024-07-22-at-15.58.55.jpeg\",\"datePublished\":\"2024-07-22T19:00:53+00:00\",\"dateModified\":\"2026-04-18T01:34:08+00:00\",\"breadcrumb\":{\"@id\":\"https:\/\/radiolifefm.com.br\/noticias\/olimpiadas-paris-atleta-de-adamantina-critica-recebimento-de-uniformes-masculinos-para-competir\/#breadcrumb\"},\"inLanguage\":\"pt-BR\",\"potentialAction\":[{\"@type\":\"ReadAction\",\"target\":[\"https:\/\/radiolifefm.com.br\/noticias\/olimpiadas-paris-atleta-de-adamantina-critica-recebimento-de-uniformes-masculinos-para-competir\/\"]}]},{\"@type\":\"ImageObject\",\"inLanguage\":\"pt-BR\",\"@id\":\"https:\/\/radiolifefm.com.br\/noticias\/olimpiadas-paris-atleta-de-adamantina-critica-recebimento-de-uniformes-masculinos-para-competir\/#primaryimage\",\"url\":\"https:\/\/radiolifefm.com.br\/noticias\/wp-content\/uploads\/2024\/07\/WhatsApp-Image-2024-07-22-at-15.58.55.jpeg\",\"contentUrl\":\"https:\/\/radiolifefm.com.br\/noticias\/wp-content\/uploads\/2024\/07\/WhatsApp-Image-2024-07-22-at-15.58.55.jpeg\",\"width\":1057,\"height\":845},{\"@type\":\"BreadcrumbList\",\"@id\":\"https:\/\/radiolifefm.com.br\/noticias\/olimpiadas-paris-atleta-de-adamantina-critica-recebimento-de-uniformes-masculinos-para-competir\/#breadcrumb\",\"itemListElement\":[{\"@type\":\"ListItem\",\"position\":1,\"name\":\"In\u00edcio\",\"item\":\"https:\/\/radiolifefm.com.br\/noticias\/\"},{\"@type\":\"ListItem\",\"position\":2,\"name\":\"Olimp\u00edadas Paris: Atleta de Adamantina critica recebimento de uniformes masculinos para competir.\"}]},{\"@type\":\"WebSite\",\"@id\":\"https:\/\/radiolifefm.com.br\/noticias\/#website\",\"url\":\"https:\/\/radiolifefm.com.br\/noticias\/\",\"name\":\"R\u00e1dio Life FM\",\"description\":\"O Portal de Not\u00edcias de Adamantina\",\"publisher\":{\"@id\":\"https:\/\/radiolifefm.com.br\/noticias\/#organization\"},\"alternateName\":\"Life FM\",\"potentialAction\":[{\"@type\":\"SearchAction\",\"target\":{\"@type\":\"EntryPoint\",\"urlTemplate\":\"https:\/\/radiolifefm.com.br\/noticias\/?s={search_term_string}\"},\"query-input\":{\"@type\":\"PropertyValueSpecification\",\"valueRequired\":true,\"valueName\":\"search_term_string\"}}],\"inLanguage\":\"pt-BR\"},{\"@type\":\"Organization\",\"@id\":\"https:\/\/radiolifefm.com.br\/noticias\/#organization\",\"name\":\"R\u00e1dio Life FM\",\"alternateName\":\"Life FM\",\"url\":\"https:\/\/radiolifefm.com.br\/noticias\/\",\"logo\":{\"@type\":\"ImageObject\",\"inLanguage\":\"pt-BR\",\"@id\":\"https:\/\/radiolifefm.com.br\/noticias\/#\/schema\/logo\/image\/\",\"url\":\"https:\/\/static.radiolifefm.com.br\/noticias\/wp-content\/uploads\/2019\/10\/logo-lifefm.png\",\"contentUrl\":\"https:\/\/static.radiolifefm.com.br\/noticias\/wp-content\/uploads\/2019\/10\/logo-lifefm.png\",\"width\":196,\"height\":47,\"caption\":\"R\u00e1dio Life FM\"},\"image\":{\"@id\":\"https:\/\/radiolifefm.com.br\/noticias\/#\/schema\/logo\/image\/\"},\"sameAs\":[\"https:\/\/www.facebook.com\/radiolifefm\/\",\"https:\/\/www.instagram.com\/life1079fm\/\"]},{\"@type\":\"Person\",\"@id\":\"https:\/\/radiolifefm.com.br\/noticias\/#\/schema\/person\/6876e1240feffe6e1b63fd5cb85abf28\",\"name\":\"joaograndao\",\"image\":{\"@type\":\"ImageObject\",\"inLanguage\":\"pt-BR\",\"@id\":\"https:\/\/secure.gravatar.com\/avatar\/d5b1a3cf357ed9c50404e256a1294083aa8ab5d2a994001567302786016cb32c?s=96&d=mm&r=g\",\"url\":\"https:\/\/secure.gravatar.com\/avatar\/d5b1a3cf357ed9c50404e256a1294083aa8ab5d2a994001567302786016cb32c?s=96&d=mm&r=g\",\"contentUrl\":\"https:\/\/secure.gravatar.com\/avatar\/d5b1a3cf357ed9c50404e256a1294083aa8ab5d2a994001567302786016cb32c?s=96&d=mm&r=g\",\"caption\":\"joaograndao\"}}]}<\/script>\n<!-- \/ Yoast SEO plugin. -->","yoast_head_json":{"title":"Olimp\u00edadas Paris: Atleta de Adamantina critica recebimento de uniformes masculinos para competir. - R\u00e1dio Life FM","robots":{"index":"index","follow":"follow","max-snippet":"max-snippet:-1","max-image-preview":"max-image-preview:large","max-video-preview":"max-video-preview:-1"},"canonical":"https:\/\/radiolifefm.com.br\/noticias\/olimpiadas-paris-atleta-de-adamantina-critica-recebimento-de-uniformes-masculinos-para-competir\/","og_locale":"pt_BR","og_type":"article","og_title":"Olimp\u00edadas Paris: Atleta de Adamantina critica recebimento de uniformes masculinos para competir. - R\u00e1dio Life FM","og_description":"Olimp\u00edadas Paris: Atleta brasileira critica recebimento de uniformes masculinos para competir A atleta Izabela da Silva, especialista em lan\u00e7amento de disco e representante do Brasil nos Jogos Ol\u00edmpicos de Paris 2024, expressou frustra\u00e7\u00e3o ao receber uniformes masculinos, ap\u00f3s n\u00e3o encontrar op\u00e7\u00f5es femininas adequadas para seu tamanho. Segundo ela, ao retirar as pe\u00e7as fornecidas pela Puma, [&hellip;]","og_url":"https:\/\/radiolifefm.com.br\/noticias\/olimpiadas-paris-atleta-de-adamantina-critica-recebimento-de-uniformes-masculinos-para-competir\/","og_site_name":"R\u00e1dio Life FM","article_publisher":"https:\/\/www.facebook.com\/radiolifefm\/","article_published_time":"2024-07-22T19:00:53+00:00","article_modified_time":"2026-04-18T01:34:08+00:00","og_image":[{"width":1057,"height":845,"url":"https:\/\/radiolifefm.com.br\/noticias\/wp-content\/uploads\/2024\/07\/WhatsApp-Image-2024-07-22-at-15.58.55.jpeg","type":"image\/jpeg"}],"author":"joaograndao","twitter_card":"summary_large_image","twitter_misc":{"Escrito por":"joaograndao","Est. tempo de leitura":"3 minutos"},"schema":{"@context":"https:\/\/schema.org","@graph":[{"@type":"Article","@id":"https:\/\/radiolifefm.com.br\/noticias\/olimpiadas-paris-atleta-de-adamantina-critica-recebimento-de-uniformes-masculinos-para-competir\/#article","isPartOf":{"@id":"https:\/\/radiolifefm.com.br\/noticias\/olimpiadas-paris-atleta-de-adamantina-critica-recebimento-de-uniformes-masculinos-para-competir\/"},"author":{"name":"joaograndao","@id":"https:\/\/radiolifefm.com.br\/noticias\/#\/schema\/person\/6876e1240feffe6e1b63fd5cb85abf28"},"headline":"Olimp\u00edadas Paris: Atleta de Adamantina critica recebimento de uniformes masculinos para competir.","datePublished":"2024-07-22T19:00:53+00:00","dateModified":"2026-04-18T01:34:08+00:00","mainEntityOfPage":{"@id":"https:\/\/radiolifefm.com.br\/noticias\/olimpiadas-paris-atleta-de-adamantina-critica-recebimento-de-uniformes-masculinos-para-competir\/"},"wordCount":343,"publisher":{"@id":"https:\/\/radiolifefm.com.br\/noticias\/#organization"},"image":{"@id":"https:\/\/radiolifefm.com.br\/noticias\/olimpiadas-paris-atleta-de-adamantina-critica-recebimento-de-uniformes-masculinos-para-competir\/#primaryimage"},"thumbnailUrl":"https:\/\/radiolifefm.com.br\/noticias\/wp-content\/uploads\/2024\/07\/WhatsApp-Image-2024-07-22-at-15.58.55.jpeg","articleSection":["Geral"],"inLanguage":"pt-BR"},{"@type":"WebPage","@id":"https:\/\/radiolifefm.com.br\/noticias\/olimpiadas-paris-atleta-de-adamantina-critica-recebimento-de-uniformes-masculinos-para-competir\/","url":"https:\/\/radiolifefm.com.br\/noticias\/olimpiadas-paris-atleta-de-adamantina-critica-recebimento-de-uniformes-masculinos-para-competir\/","name":"Olimp\u00edadas Paris: Atleta de Adamantina critica recebimento de uniformes masculinos para competir. - R\u00e1dio Life FM","isPartOf":{"@id":"https:\/\/radiolifefm.com.br\/noticias\/#website"},"primaryImageOfPage":{"@id":"https:\/\/radiolifefm.com.br\/noticias\/olimpiadas-paris-atleta-de-adamantina-critica-recebimento-de-uniformes-masculinos-para-competir\/#primaryimage"},"image":{"@id":"https:\/\/radiolifefm.com.br\/noticias\/olimpiadas-paris-atleta-de-adamantina-critica-recebimento-de-uniformes-masculinos-para-competir\/#primaryimage"},"thumbnailUrl":"https:\/\/radiolifefm.com.br\/noticias\/wp-content\/uploads\/2024\/07\/WhatsApp-Image-2024-07-22-at-15.58.55.jpeg","datePublished":"2024-07-22T19:00:53+00:00","dateModified":"2026-04-18T01:34:08+00:00","breadcrumb":{"@id":"https:\/\/radiolifefm.com.br\/noticias\/olimpiadas-paris-atleta-de-adamantina-critica-recebimento-de-uniformes-masculinos-para-competir\/#breadcrumb"},"inLanguage":"pt-BR","potentialAction":[{"@type":"ReadAction","target":["https:\/\/radiolifefm.com.br\/noticias\/olimpiadas-paris-atleta-de-adamantina-critica-recebimento-de-uniformes-masculinos-para-competir\/"]}]},{"@type":"ImageObject","inLanguage":"pt-BR","@id":"https:\/\/radiolifefm.com.br\/noticias\/olimpiadas-paris-atleta-de-adamantina-critica-recebimento-de-uniformes-masculinos-para-competir\/#primaryimage","url":"https:\/\/radiolifefm.com.br\/noticias\/wp-content\/uploads\/2024\/07\/WhatsApp-Image-2024-07-22-at-15.58.55.jpeg","contentUrl":"https:\/\/radiolifefm.com.br\/noticias\/wp-content\/uploads\/2024\/07\/WhatsApp-Image-2024-07-22-at-15.58.55.jpeg","width":1057,"height":845},{"@type":"BreadcrumbList","@id":"https:\/\/radiolifefm.com.br\/noticias\/olimpiadas-paris-atleta-de-adamantina-critica-recebimento-de-uniformes-masculinos-para-competir\/#breadcrumb","itemListElement":[{"@type":"ListItem","position":1,"name":"In\u00edcio","item":"https:\/\/radiolifefm.com.br\/noticias\/"},{"@type":"ListItem","position":2,"name":"Olimp\u00edadas Paris: Atleta de Adamantina critica recebimento de uniformes masculinos para competir."}]},{"@type":"WebSite","@id":"https:\/\/radiolifefm.com.br\/noticias\/#website","url":"https:\/\/radiolifefm.com.br\/noticias\/","name":"R\u00e1dio Life FM","description":"O Portal de Not\u00edcias de Adamantina","publisher":{"@id":"https:\/\/radiolifefm.com.br\/noticias\/#organization"},"alternateName":"Life FM","potentialAction":[{"@type":"SearchAction","target":{"@type":"EntryPoint","urlTemplate":"https:\/\/radiolifefm.com.br\/noticias\/?s={search_term_string}"},"query-input":{"@type":"PropertyValueSpecification","valueRequired":true,"valueName":"search_term_string"}}],"inLanguage":"pt-BR"},{"@type":"Organization","@id":"https:\/\/radiolifefm.com.br\/noticias\/#organization","name":"R\u00e1dio Life FM","alternateName":"Life FM","url":"https:\/\/radiolifefm.com.br\/noticias\/","logo":{"@type":"ImageObject","inLanguage":"pt-BR","@id":"https:\/\/radiolifefm.com.br\/noticias\/#\/schema\/logo\/image\/","url":"https:\/\/static.radiolifefm.com.br\/noticias\/wp-content\/uploads\/2019\/10\/logo-lifefm.png","contentUrl":"https:\/\/static.radiolifefm.com.br\/noticias\/wp-content\/uploads\/2019\/10\/logo-lifefm.png","width":196,"height":47,"caption":"R\u00e1dio Life FM"},"image":{"@id":"https:\/\/radiolifefm.com.br\/noticias\/#\/schema\/logo\/image\/"},"sameAs":["https:\/\/www.facebook.com\/radiolifefm\/","https:\/\/www.instagram.com\/life1079fm\/"]},{"@type":"Person","@id":"https:\/\/radiolifefm.com.br\/noticias\/#\/schema\/person\/6876e1240feffe6e1b63fd5cb85abf28","name":"joaograndao","image":{"@type":"ImageObject","inLanguage":"pt-BR","@id":"https:\/\/secure.gravatar.com\/avatar\/d5b1a3cf357ed9c50404e256a1294083aa8ab5d2a994001567302786016cb32c?s=96&d=mm&r=g","url":"https:\/\/secure.gravatar.com\/avatar\/d5b1a3cf357ed9c50404e256a1294083aa8ab5d2a994001567302786016cb32c?s=96&d=mm&r=g","contentUrl":"https:\/\/secure.gravatar.com\/avatar\/d5b1a3cf357ed9c50404e256a1294083aa8ab5d2a994001567302786016cb32c?s=96&d=mm&r=g","caption":"joaograndao"}}]}},"amp_enabled":true,"_links":{"self":[{"href":"https:\/\/radiolifefm.com.br\/noticias\/wp-json\/wp\/v2\/posts\/90416","targetHints":{"allow":["GET"]}}],"collection":[{"href":"https:\/\/radiolifefm.com.br\/noticias\/wp-json\/wp\/v2\/posts"}],"about":[{"href":"https:\/\/radiolifefm.com.br\/noticias\/wp-json\/wp\/v2\/types\/post"}],"author":[{"embeddable":true,"href":"https:\/\/radiolifefm.com.br\/noticias\/wp-json\/wp\/v2\/users\/8"}],"replies":[{"embeddable":true,"href":"https:\/\/radiolifefm.com.br\/noticias\/wp-json\/wp\/v2\/comments?post=90416"}],"version-history":[{"count":1,"href":"https:\/\/radiolifefm.com.br\/noticias\/wp-json\/wp\/v2\/posts\/90416\/revisions"}],"predecessor-version":[{"id":90421,"href":"https:\/\/radiolifefm.com.br\/noticias\/wp-json\/wp\/v2\/posts\/90416\/revisions\/90421"}],"wp:featuredmedia":[{"embeddable":true,"href":"https:\/\/radiolifefm.com.br\/noticias\/wp-json\/wp\/v2\/media\/90420"}],"wp:attachment":[{"href":"https:\/\/radiolifefm.com.br\/noticias\/wp-json\/wp\/v2\/media?parent=90416"}],"wp:term":[{"taxonomy":"category","embeddable":true,"href":"https:\/\/radiolifefm.com.br\/noticias\/wp-json\/wp\/v2\/categories?post=90416"},{"taxonomy":"post_tag","embeddable":true,"href":"https:\/\/radiolifefm.com.br\/noticias\/wp-json\/wp\/v2\/tags?post=90416"}],"curies":[{"name":"wp","href":"https:\/\/api.w.org\/{rel}","templated":true}]}}