{"id":90401,"date":"2024-07-19T15:36:54","date_gmt":"2024-07-19T18:36:54","guid":{"rendered":"https:\/\/radiolifefm.com.br\/noticias\/?p=90401"},"modified":"2026-02-07T19:30:34","modified_gmt":"2026-02-07T22:30:34","slug":"jose-tiveron-novo-define-data-para-convencao-que-deve-confirmar-nome-como-candidato-a-prefeito","status":"publish","type":"post","link":"https:\/\/radiolifefm.com.br\/noticias\/jose-tiveron-novo-define-data-para-convencao-que-deve-confirmar-nome-como-candidato-a-prefeito\/","title":{"rendered":"Jos\u00e9 Tiveron: NOVO define data para conven\u00e7\u00e3o que deve confirmar nome como candidato a prefeito."},"content":{"rendered":"<div id=\"fb-root\"><\/div>\n<p>Em Adamantina, a conven\u00e7\u00e3o do NOVO ser\u00e1 dia 27 de julho, \u00e0s 17h, na Associa\u00e7\u00e3o Comercial.<\/p>\n<p>O partido NOVO, de Adamantina, divulgou a data da conven\u00e7\u00e3o que dever\u00e1 confirmar o nome de Jos\u00e9 Tiveron como candidato a prefeito da cidade. Ser\u00e1 dia 27 de julho, \u00e0s 17h, na Associa\u00e7\u00e3o Comercial e Empresarial (ACE). Tamb\u00e9m da sua base, o PRD (Partido Renova\u00e7\u00e3o Democr\u00e1tica) de Adamantina realiza sua conven\u00e7\u00e3o na data anterior, 26, \u00e0s 19h, na C\u00e2mara Municipal.<\/p>\n<p>Nas conven\u00e7\u00f5es, os dois partidos ir\u00e3o oficializar os nomes de candidatos a prefeito, vice-prefeito e vereadores, e ainda sobre coliga\u00e7\u00e3o. Quest\u00f5es como o n\u00famero que os candidatos a vereadores ir\u00e3o usar tamb\u00e9m s\u00e3o decididas nesse espa\u00e7o.<\/p>\n<p>De acordo com o calend\u00e1rio da Justi\u00e7a Eleitoral, as conven\u00e7\u00f5es est\u00e3o autorizadas a ocorrer a partir deste s\u00e1bado (20) e devem ser realizadas at\u00e9 o dia 5 de agosto.<\/p>\n<p>Os nomes dos candidatos a prefeito, vice-prefeito e vereadores, definidos nas conven\u00e7\u00f5es, devem ser registrados na Justi\u00e7a Eleitoral at\u00e9 o dia 15 de agosto, at\u00e9 as 8h, por transmiss\u00e3o via internet; ou at\u00e9 as 19h, em m\u00eddia entregue nos cart\u00f3rios eleitorais. Encerrado o per\u00edodo do registro, a propaganda eleitoral est\u00e1 liberada a partir do dia 16 de agosto. A propaganda eleitoral gratuita no r\u00e1dio e na televis\u00e3o ocorre no per\u00edodo de 30 de agosto a 3 de outubro.<\/p>\n<p>As elei\u00e7\u00f5es municipais acontecem no dia 6 de outubro.<\/p>\n","protected":false},"excerpt":{"rendered":"<p>Em Adamantina, a conven\u00e7\u00e3o do NOVO ser\u00e1 dia 27 de julho, \u00e0s 17h, na Associa\u00e7\u00e3o Comercial. O partido NOVO, de Adamantina, divulgou a data da conven\u00e7\u00e3o que dever\u00e1 confirmar o nome de Jos\u00e9 Tiveron como candidato a prefeito da cidade. Ser\u00e1 dia 27 de julho, \u00e0s 17h, na Associa\u00e7\u00e3o Comercial e Empresarial (ACE). Tamb\u00e9m da [&hellip;]<\/p>\n","protected":false},"author":8,"featured_media":90402,"comment_status":"closed","ping_status":"open","sticky":false,"template":"","format":"standard","meta":{"_acf_changed":false,"_exactmetrics_skip_tracking":false,"_exactmetrics_sitenote_active":false,"_exactmetrics_sitenote_note":"","_exactmetrics_sitenote_category":0,"footnotes":""},"categories":[1],"tags":[],"class_list":["post-90401","post","type-post","status-publish","format-standard","has-post-thumbnail","hentry","category-geral"],"acf":[],"yoast_head":"<!-- This site is optimized with the Yoast SEO plugin v27.2 - https:\/\/yoast.com\/product\/yoast-seo-wordpress\/ -->\n<title>Jos\u00e9 Tiveron: NOVO define data para conven\u00e7\u00e3o que deve confirmar nome como candidato a prefeito. - R\u00e1dio Life FM<\/title>\n<meta name=\"robots\" content=\"index, follow, max-snippet:-1, max-image-preview:large, max-video-preview:-1\" \/>\n<link rel=\"canonical\" href=\"https:\/\/radiolifefm.com.br\/noticias\/jose-tiveron-novo-define-data-para-convencao-que-deve-confirmar-nome-como-candidato-a-prefeito\/\" \/>\n<meta property=\"og:locale\" content=\"pt_BR\" \/>\n<meta property=\"og:type\" content=\"article\" \/>\n<meta property=\"og:title\" content=\"Jos\u00e9 Tiveron: NOVO define data para conven\u00e7\u00e3o que deve confirmar nome como candidato a prefeito. - R\u00e1dio Life FM\" \/>\n<meta property=\"og:description\" content=\"Em Adamantina, a conven\u00e7\u00e3o do NOVO ser\u00e1 dia 27 de julho, \u00e0s 17h, na Associa\u00e7\u00e3o Comercial. O partido NOVO, de Adamantina, divulgou a data da conven\u00e7\u00e3o que dever\u00e1 confirmar o nome de Jos\u00e9 Tiveron como candidato a prefeito da cidade. Ser\u00e1 dia 27 de julho, \u00e0s 17h, na Associa\u00e7\u00e3o Comercial e Empresarial (ACE). Tamb\u00e9m da [&hellip;]\" \/>\n<meta property=\"og:url\" content=\"https:\/\/radiolifefm.com.br\/noticias\/jose-tiveron-novo-define-data-para-convencao-que-deve-confirmar-nome-como-candidato-a-prefeito\/\" \/>\n<meta property=\"og:site_name\" content=\"R\u00e1dio Life FM\" \/>\n<meta property=\"article:publisher\" content=\"https:\/\/www.facebook.com\/radiolifefm\/\" \/>\n<meta property=\"article:published_time\" content=\"2024-07-19T18:36:54+00:00\" \/>\n<meta property=\"article:modified_time\" content=\"2026-02-07T22:30:34+00:00\" \/>\n<meta property=\"og:image\" content=\"https:\/\/radiolifefm.com.br\/noticias\/wp-content\/uploads\/2024\/07\/WhatsApp-Image-2024-07-19-at-14.57.21.jpeg\" \/>\n\t<meta property=\"og:image:width\" content=\"1080\" \/>\n\t<meta property=\"og:image:height\" content=\"1080\" \/>\n\t<meta property=\"og:image:type\" content=\"image\/jpeg\" \/>\n<meta name=\"author\" content=\"joaograndao\" \/>\n<meta name=\"twitter:card\" content=\"summary_large_image\" \/>\n<meta name=\"twitter:label1\" content=\"Escrito por\" \/>\n\t<meta name=\"twitter:data1\" content=\"joaograndao\" \/>\n\t<meta name=\"twitter:label2\" content=\"Est. tempo de leitura\" \/>\n\t<meta name=\"twitter:data2\" content=\"2 minutos\" \/>\n<script type=\"application\/ld+json\" class=\"yoast-schema-graph\">{\"@context\":\"https:\/\/schema.org\",\"@graph\":[{\"@type\":\"Article\",\"@id\":\"https:\/\/radiolifefm.com.br\/noticias\/jose-tiveron-novo-define-data-para-convencao-que-deve-confirmar-nome-como-candidato-a-prefeito\/#article\",\"isPartOf\":{\"@id\":\"https:\/\/radiolifefm.com.br\/noticias\/jose-tiveron-novo-define-data-para-convencao-que-deve-confirmar-nome-como-candidato-a-prefeito\/\"},\"author\":{\"name\":\"joaograndao\",\"@id\":\"https:\/\/radiolifefm.com.br\/noticias\/#\/schema\/person\/6876e1240feffe6e1b63fd5cb85abf28\"},\"headline\":\"Jos\u00e9 Tiveron: NOVO define data para conven\u00e7\u00e3o que deve confirmar nome como candidato a prefeito.\",\"datePublished\":\"2024-07-19T18:36:54+00:00\",\"dateModified\":\"2026-02-07T22:30:34+00:00\",\"mainEntityOfPage\":{\"@id\":\"https:\/\/radiolifefm.com.br\/noticias\/jose-tiveron-novo-define-data-para-convencao-que-deve-confirmar-nome-como-candidato-a-prefeito\/\"},\"wordCount\":267,\"publisher\":{\"@id\":\"https:\/\/radiolifefm.com.br\/noticias\/#organization\"},\"image\":{\"@id\":\"https:\/\/radiolifefm.com.br\/noticias\/jose-tiveron-novo-define-data-para-convencao-que-deve-confirmar-nome-como-candidato-a-prefeito\/#primaryimage\"},\"thumbnailUrl\":\"https:\/\/radiolifefm.com.br\/noticias\/wp-content\/uploads\/2024\/07\/WhatsApp-Image-2024-07-19-at-14.57.21.jpeg\",\"articleSection\":[\"Geral\"],\"inLanguage\":\"pt-BR\"},{\"@type\":\"WebPage\",\"@id\":\"https:\/\/radiolifefm.com.br\/noticias\/jose-tiveron-novo-define-data-para-convencao-que-deve-confirmar-nome-como-candidato-a-prefeito\/\",\"url\":\"https:\/\/radiolifefm.com.br\/noticias\/jose-tiveron-novo-define-data-para-convencao-que-deve-confirmar-nome-como-candidato-a-prefeito\/\",\"name\":\"Jos\u00e9 Tiveron: NOVO define data para conven\u00e7\u00e3o que deve confirmar nome como candidato a prefeito. - R\u00e1dio Life FM\",\"isPartOf\":{\"@id\":\"https:\/\/radiolifefm.com.br\/noticias\/#website\"},\"primaryImageOfPage\":{\"@id\":\"https:\/\/radiolifefm.com.br\/noticias\/jose-tiveron-novo-define-data-para-convencao-que-deve-confirmar-nome-como-candidato-a-prefeito\/#primaryimage\"},\"image\":{\"@id\":\"https:\/\/radiolifefm.com.br\/noticias\/jose-tiveron-novo-define-data-para-convencao-que-deve-confirmar-nome-como-candidato-a-prefeito\/#primaryimage\"},\"thumbnailUrl\":\"https:\/\/radiolifefm.com.br\/noticias\/wp-content\/uploads\/2024\/07\/WhatsApp-Image-2024-07-19-at-14.57.21.jpeg\",\"datePublished\":\"2024-07-19T18:36:54+00:00\",\"dateModified\":\"2026-02-07T22:30:34+00:00\",\"breadcrumb\":{\"@id\":\"https:\/\/radiolifefm.com.br\/noticias\/jose-tiveron-novo-define-data-para-convencao-que-deve-confirmar-nome-como-candidato-a-prefeito\/#breadcrumb\"},\"inLanguage\":\"pt-BR\",\"potentialAction\":[{\"@type\":\"ReadAction\",\"target\":[\"https:\/\/radiolifefm.com.br\/noticias\/jose-tiveron-novo-define-data-para-convencao-que-deve-confirmar-nome-como-candidato-a-prefeito\/\"]}]},{\"@type\":\"ImageObject\",\"inLanguage\":\"pt-BR\",\"@id\":\"https:\/\/radiolifefm.com.br\/noticias\/jose-tiveron-novo-define-data-para-convencao-que-deve-confirmar-nome-como-candidato-a-prefeito\/#primaryimage\",\"url\":\"https:\/\/radiolifefm.com.br\/noticias\/wp-content\/uploads\/2024\/07\/WhatsApp-Image-2024-07-19-at-14.57.21.jpeg\",\"contentUrl\":\"https:\/\/radiolifefm.com.br\/noticias\/wp-content\/uploads\/2024\/07\/WhatsApp-Image-2024-07-19-at-14.57.21.jpeg\",\"width\":1080,\"height\":1080},{\"@type\":\"BreadcrumbList\",\"@id\":\"https:\/\/radiolifefm.com.br\/noticias\/jose-tiveron-novo-define-data-para-convencao-que-deve-confirmar-nome-como-candidato-a-prefeito\/#breadcrumb\",\"itemListElement\":[{\"@type\":\"ListItem\",\"position\":1,\"name\":\"In\u00edcio\",\"item\":\"https:\/\/radiolifefm.com.br\/noticias\/\"},{\"@type\":\"ListItem\",\"position\":2,\"name\":\"Jos\u00e9 Tiveron: NOVO define data para conven\u00e7\u00e3o que deve confirmar nome como candidato a prefeito.\"}]},{\"@type\":\"WebSite\",\"@id\":\"https:\/\/radiolifefm.com.br\/noticias\/#website\",\"url\":\"https:\/\/radiolifefm.com.br\/noticias\/\",\"name\":\"R\u00e1dio Life FM\",\"description\":\"O Portal de Not\u00edcias de Adamantina\",\"publisher\":{\"@id\":\"https:\/\/radiolifefm.com.br\/noticias\/#organization\"},\"alternateName\":\"Life FM\",\"potentialAction\":[{\"@type\":\"SearchAction\",\"target\":{\"@type\":\"EntryPoint\",\"urlTemplate\":\"https:\/\/radiolifefm.com.br\/noticias\/?s={search_term_string}\"},\"query-input\":{\"@type\":\"PropertyValueSpecification\",\"valueRequired\":true,\"valueName\":\"search_term_string\"}}],\"inLanguage\":\"pt-BR\"},{\"@type\":\"Organization\",\"@id\":\"https:\/\/radiolifefm.com.br\/noticias\/#organization\",\"name\":\"R\u00e1dio Life FM\",\"alternateName\":\"Life FM\",\"url\":\"https:\/\/radiolifefm.com.br\/noticias\/\",\"logo\":{\"@type\":\"ImageObject\",\"inLanguage\":\"pt-BR\",\"@id\":\"https:\/\/radiolifefm.com.br\/noticias\/#\/schema\/logo\/image\/\",\"url\":\"https:\/\/static.radiolifefm.com.br\/noticias\/wp-content\/uploads\/2019\/10\/logo-lifefm.png\",\"contentUrl\":\"https:\/\/static.radiolifefm.com.br\/noticias\/wp-content\/uploads\/2019\/10\/logo-lifefm.png\",\"width\":196,\"height\":47,\"caption\":\"R\u00e1dio Life FM\"},\"image\":{\"@id\":\"https:\/\/radiolifefm.com.br\/noticias\/#\/schema\/logo\/image\/\"},\"sameAs\":[\"https:\/\/www.facebook.com\/radiolifefm\/\",\"https:\/\/www.instagram.com\/life1079fm\/\"]},{\"@type\":\"Person\",\"@id\":\"https:\/\/radiolifefm.com.br\/noticias\/#\/schema\/person\/6876e1240feffe6e1b63fd5cb85abf28\",\"name\":\"joaograndao\",\"image\":{\"@type\":\"ImageObject\",\"inLanguage\":\"pt-BR\",\"@id\":\"https:\/\/secure.gravatar.com\/avatar\/d5b1a3cf357ed9c50404e256a1294083aa8ab5d2a994001567302786016cb32c?s=96&d=mm&r=g\",\"url\":\"https:\/\/secure.gravatar.com\/avatar\/d5b1a3cf357ed9c50404e256a1294083aa8ab5d2a994001567302786016cb32c?s=96&d=mm&r=g\",\"contentUrl\":\"https:\/\/secure.gravatar.com\/avatar\/d5b1a3cf357ed9c50404e256a1294083aa8ab5d2a994001567302786016cb32c?s=96&d=mm&r=g\",\"caption\":\"joaograndao\"}}]}<\/script>\n<!-- \/ Yoast SEO plugin. -->","yoast_head_json":{"title":"Jos\u00e9 Tiveron: NOVO define data para conven\u00e7\u00e3o que deve confirmar nome como candidato a prefeito. - R\u00e1dio Life FM","robots":{"index":"index","follow":"follow","max-snippet":"max-snippet:-1","max-image-preview":"max-image-preview:large","max-video-preview":"max-video-preview:-1"},"canonical":"https:\/\/radiolifefm.com.br\/noticias\/jose-tiveron-novo-define-data-para-convencao-que-deve-confirmar-nome-como-candidato-a-prefeito\/","og_locale":"pt_BR","og_type":"article","og_title":"Jos\u00e9 Tiveron: NOVO define data para conven\u00e7\u00e3o que deve confirmar nome como candidato a prefeito. - R\u00e1dio Life FM","og_description":"Em Adamantina, a conven\u00e7\u00e3o do NOVO ser\u00e1 dia 27 de julho, \u00e0s 17h, na Associa\u00e7\u00e3o Comercial. O partido NOVO, de Adamantina, divulgou a data da conven\u00e7\u00e3o que dever\u00e1 confirmar o nome de Jos\u00e9 Tiveron como candidato a prefeito da cidade. Ser\u00e1 dia 27 de julho, \u00e0s 17h, na Associa\u00e7\u00e3o Comercial e Empresarial (ACE). Tamb\u00e9m da [&hellip;]","og_url":"https:\/\/radiolifefm.com.br\/noticias\/jose-tiveron-novo-define-data-para-convencao-que-deve-confirmar-nome-como-candidato-a-prefeito\/","og_site_name":"R\u00e1dio Life FM","article_publisher":"https:\/\/www.facebook.com\/radiolifefm\/","article_published_time":"2024-07-19T18:36:54+00:00","article_modified_time":"2026-02-07T22:30:34+00:00","og_image":[{"width":1080,"height":1080,"url":"https:\/\/radiolifefm.com.br\/noticias\/wp-content\/uploads\/2024\/07\/WhatsApp-Image-2024-07-19-at-14.57.21.jpeg","type":"image\/jpeg"}],"author":"joaograndao","twitter_card":"summary_large_image","twitter_misc":{"Escrito por":"joaograndao","Est. tempo de leitura":"2 minutos"},"schema":{"@context":"https:\/\/schema.org","@graph":[{"@type":"Article","@id":"https:\/\/radiolifefm.com.br\/noticias\/jose-tiveron-novo-define-data-para-convencao-que-deve-confirmar-nome-como-candidato-a-prefeito\/#article","isPartOf":{"@id":"https:\/\/radiolifefm.com.br\/noticias\/jose-tiveron-novo-define-data-para-convencao-que-deve-confirmar-nome-como-candidato-a-prefeito\/"},"author":{"name":"joaograndao","@id":"https:\/\/radiolifefm.com.br\/noticias\/#\/schema\/person\/6876e1240feffe6e1b63fd5cb85abf28"},"headline":"Jos\u00e9 Tiveron: NOVO define data para conven\u00e7\u00e3o que deve confirmar nome como candidato a prefeito.","datePublished":"2024-07-19T18:36:54+00:00","dateModified":"2026-02-07T22:30:34+00:00","mainEntityOfPage":{"@id":"https:\/\/radiolifefm.com.br\/noticias\/jose-tiveron-novo-define-data-para-convencao-que-deve-confirmar-nome-como-candidato-a-prefeito\/"},"wordCount":267,"publisher":{"@id":"https:\/\/radiolifefm.com.br\/noticias\/#organization"},"image":{"@id":"https:\/\/radiolifefm.com.br\/noticias\/jose-tiveron-novo-define-data-para-convencao-que-deve-confirmar-nome-como-candidato-a-prefeito\/#primaryimage"},"thumbnailUrl":"https:\/\/radiolifefm.com.br\/noticias\/wp-content\/uploads\/2024\/07\/WhatsApp-Image-2024-07-19-at-14.57.21.jpeg","articleSection":["Geral"],"inLanguage":"pt-BR"},{"@type":"WebPage","@id":"https:\/\/radiolifefm.com.br\/noticias\/jose-tiveron-novo-define-data-para-convencao-que-deve-confirmar-nome-como-candidato-a-prefeito\/","url":"https:\/\/radiolifefm.com.br\/noticias\/jose-tiveron-novo-define-data-para-convencao-que-deve-confirmar-nome-como-candidato-a-prefeito\/","name":"Jos\u00e9 Tiveron: NOVO define data para conven\u00e7\u00e3o que deve confirmar nome como candidato a prefeito. - R\u00e1dio Life FM","isPartOf":{"@id":"https:\/\/radiolifefm.com.br\/noticias\/#website"},"primaryImageOfPage":{"@id":"https:\/\/radiolifefm.com.br\/noticias\/jose-tiveron-novo-define-data-para-convencao-que-deve-confirmar-nome-como-candidato-a-prefeito\/#primaryimage"},"image":{"@id":"https:\/\/radiolifefm.com.br\/noticias\/jose-tiveron-novo-define-data-para-convencao-que-deve-confirmar-nome-como-candidato-a-prefeito\/#primaryimage"},"thumbnailUrl":"https:\/\/radiolifefm.com.br\/noticias\/wp-content\/uploads\/2024\/07\/WhatsApp-Image-2024-07-19-at-14.57.21.jpeg","datePublished":"2024-07-19T18:36:54+00:00","dateModified":"2026-02-07T22:30:34+00:00","breadcrumb":{"@id":"https:\/\/radiolifefm.com.br\/noticias\/jose-tiveron-novo-define-data-para-convencao-que-deve-confirmar-nome-como-candidato-a-prefeito\/#breadcrumb"},"inLanguage":"pt-BR","potentialAction":[{"@type":"ReadAction","target":["https:\/\/radiolifefm.com.br\/noticias\/jose-tiveron-novo-define-data-para-convencao-que-deve-confirmar-nome-como-candidato-a-prefeito\/"]}]},{"@type":"ImageObject","inLanguage":"pt-BR","@id":"https:\/\/radiolifefm.com.br\/noticias\/jose-tiveron-novo-define-data-para-convencao-que-deve-confirmar-nome-como-candidato-a-prefeito\/#primaryimage","url":"https:\/\/radiolifefm.com.br\/noticias\/wp-content\/uploads\/2024\/07\/WhatsApp-Image-2024-07-19-at-14.57.21.jpeg","contentUrl":"https:\/\/radiolifefm.com.br\/noticias\/wp-content\/uploads\/2024\/07\/WhatsApp-Image-2024-07-19-at-14.57.21.jpeg","width":1080,"height":1080},{"@type":"BreadcrumbList","@id":"https:\/\/radiolifefm.com.br\/noticias\/jose-tiveron-novo-define-data-para-convencao-que-deve-confirmar-nome-como-candidato-a-prefeito\/#breadcrumb","itemListElement":[{"@type":"ListItem","position":1,"name":"In\u00edcio","item":"https:\/\/radiolifefm.com.br\/noticias\/"},{"@type":"ListItem","position":2,"name":"Jos\u00e9 Tiveron: NOVO define data para conven\u00e7\u00e3o que deve confirmar nome como candidato a prefeito."}]},{"@type":"WebSite","@id":"https:\/\/radiolifefm.com.br\/noticias\/#website","url":"https:\/\/radiolifefm.com.br\/noticias\/","name":"R\u00e1dio Life FM","description":"O Portal de Not\u00edcias de Adamantina","publisher":{"@id":"https:\/\/radiolifefm.com.br\/noticias\/#organization"},"alternateName":"Life FM","potentialAction":[{"@type":"SearchAction","target":{"@type":"EntryPoint","urlTemplate":"https:\/\/radiolifefm.com.br\/noticias\/?s={search_term_string}"},"query-input":{"@type":"PropertyValueSpecification","valueRequired":true,"valueName":"search_term_string"}}],"inLanguage":"pt-BR"},{"@type":"Organization","@id":"https:\/\/radiolifefm.com.br\/noticias\/#organization","name":"R\u00e1dio Life FM","alternateName":"Life FM","url":"https:\/\/radiolifefm.com.br\/noticias\/","logo":{"@type":"ImageObject","inLanguage":"pt-BR","@id":"https:\/\/radiolifefm.com.br\/noticias\/#\/schema\/logo\/image\/","url":"https:\/\/static.radiolifefm.com.br\/noticias\/wp-content\/uploads\/2019\/10\/logo-lifefm.png","contentUrl":"https:\/\/static.radiolifefm.com.br\/noticias\/wp-content\/uploads\/2019\/10\/logo-lifefm.png","width":196,"height":47,"caption":"R\u00e1dio Life FM"},"image":{"@id":"https:\/\/radiolifefm.com.br\/noticias\/#\/schema\/logo\/image\/"},"sameAs":["https:\/\/www.facebook.com\/radiolifefm\/","https:\/\/www.instagram.com\/life1079fm\/"]},{"@type":"Person","@id":"https:\/\/radiolifefm.com.br\/noticias\/#\/schema\/person\/6876e1240feffe6e1b63fd5cb85abf28","name":"joaograndao","image":{"@type":"ImageObject","inLanguage":"pt-BR","@id":"https:\/\/secure.gravatar.com\/avatar\/d5b1a3cf357ed9c50404e256a1294083aa8ab5d2a994001567302786016cb32c?s=96&d=mm&r=g","url":"https:\/\/secure.gravatar.com\/avatar\/d5b1a3cf357ed9c50404e256a1294083aa8ab5d2a994001567302786016cb32c?s=96&d=mm&r=g","contentUrl":"https:\/\/secure.gravatar.com\/avatar\/d5b1a3cf357ed9c50404e256a1294083aa8ab5d2a994001567302786016cb32c?s=96&d=mm&r=g","caption":"joaograndao"}}]}},"amp_enabled":true,"_links":{"self":[{"href":"https:\/\/radiolifefm.com.br\/noticias\/wp-json\/wp\/v2\/posts\/90401","targetHints":{"allow":["GET"]}}],"collection":[{"href":"https:\/\/radiolifefm.com.br\/noticias\/wp-json\/wp\/v2\/posts"}],"about":[{"href":"https:\/\/radiolifefm.com.br\/noticias\/wp-json\/wp\/v2\/types\/post"}],"author":[{"embeddable":true,"href":"https:\/\/radiolifefm.com.br\/noticias\/wp-json\/wp\/v2\/users\/8"}],"replies":[{"embeddable":true,"href":"https:\/\/radiolifefm.com.br\/noticias\/wp-json\/wp\/v2\/comments?post=90401"}],"version-history":[{"count":1,"href":"https:\/\/radiolifefm.com.br\/noticias\/wp-json\/wp\/v2\/posts\/90401\/revisions"}],"predecessor-version":[{"id":90403,"href":"https:\/\/radiolifefm.com.br\/noticias\/wp-json\/wp\/v2\/posts\/90401\/revisions\/90403"}],"wp:featuredmedia":[{"embeddable":true,"href":"https:\/\/radiolifefm.com.br\/noticias\/wp-json\/wp\/v2\/media\/90402"}],"wp:attachment":[{"href":"https:\/\/radiolifefm.com.br\/noticias\/wp-json\/wp\/v2\/media?parent=90401"}],"wp:term":[{"taxonomy":"category","embeddable":true,"href":"https:\/\/radiolifefm.com.br\/noticias\/wp-json\/wp\/v2\/categories?post=90401"},{"taxonomy":"post_tag","embeddable":true,"href":"https:\/\/radiolifefm.com.br\/noticias\/wp-json\/wp\/v2\/tags?post=90401"}],"curies":[{"name":"wp","href":"https:\/\/api.w.org\/{rel}","templated":true}]}}