{"id":90354,"date":"2024-07-19T08:19:16","date_gmt":"2024-07-19T11:19:16","guid":{"rendered":"https:\/\/radiolifefm.com.br\/noticias\/?p=90354"},"modified":"2026-04-19T05:46:01","modified_gmt":"2026-04-19T08:46:01","slug":"apagao-cibernetico-global-afeta-voos-computadores-e-servicos-pelo-mundo","status":"publish","type":"post","link":"https:\/\/radiolifefm.com.br\/noticias\/apagao-cibernetico-global-afeta-voos-computadores-e-servicos-pelo-mundo\/","title":{"rendered":"Apag\u00e3o cibern\u00e9tico global afeta voos, computadores e servi\u00e7os pelo mundo"},"content":{"rendered":"<div id=\"fb-root\"><\/div>\n<p>V\u00e1rios pa\u00edses do mundo sofreram nesta sexta-feira (19) um apag\u00e3o cibern\u00e9tico que atingiu empresas a\u00e9reas, de transportes, de m\u00eddias e companhias de telecomunica\u00e7\u00f5es.<\/p>\n<p>A Microsoft informou nesta sexta que sofreu uma falha que impede a utiliza\u00e7\u00e3o de softwares e servi\u00e7os pr\u00f3prios. Este problema afeta empresas em todo o mundo. Nos Estados Unidos, diversas empresas a\u00e9reas como a American Airlines, Delta, United Airlines e outras tiveram de cancelar seus voos. O mesmo aconteceu em aeroportos na Alemanha, Reino Unido e na Holanda. Parte do sistema de trens na Inglaterra tamb\u00e9m parou.<\/p>\n<p>\u201cEstamos investigando um problema que impacta o acesso aos aplicativos do Microsoft 365 e a servi\u00e7os\u201d, informou a companhia nas redes sociais h\u00e1 algumas horas. Na p\u00e1gina de status do Azure, plataforma de computa\u00e7\u00e3o em nuvem da companhia americana, h\u00e1 a informa\u00e7\u00e3o de que a falha come\u00e7ou na noite de quinta-feira (18), o que provocou paralisa\u00e7\u00f5es em todo o centro dos EUA.<\/p>\n<p>Numa atualiza\u00e7\u00e3o mais recente, a Microsoft disse que conseguiu identificar a causa do problema e que est\u00e1 trabalhando para restaurar o acesso de todos os usu\u00e1rios.<\/p>\n<p>O diretor executivo da empresa de seguran\u00e7a digital CrowdStrike, George Kurtz, publicou em suas redes sociais que o apag\u00e3o tecnol\u00f3gico desta sexta n\u00e3o se trata de \u201cum incidente de seguran\u00e7a ou ataque cibern\u00e9tico\u201d. Segundo ele, um defeito encontrado na \u00faltima atualiza\u00e7\u00e3o de computadores que usam o sistema Windows foi detectado e \u201cuma corre\u00e7\u00e3o foi implantada\u201d. E continuou: \u201cnossa equipe est\u00e1 totalmente mobilizada para garantir a seguran\u00e7a e estabilidade dos clientes CrowdStrike\u201d, conclui.<\/p>\n<p>No Brasil, n\u00e3o foram reportados grandes impactos at\u00e9 o momento, mas houve problemas em algumas empresas e aplicativos de bancos. Nas redes sociais, clientes que tentam acessar o aplicativo de algumas institui\u00e7\u00f5es banc\u00e1rias relataram problemas e uma mensagem de \u201ctente acessar mais tarde\u201d.<\/p>\n<p>&nbsp;<\/p>\n<p>&nbsp;<\/p>\n<p>&nbsp;<\/p>\n<p>Fonte: R7<\/p>\n","protected":false},"excerpt":{"rendered":"<p>V\u00e1rios pa\u00edses do mundo sofreram nesta sexta-feira (19) um apag\u00e3o cibern\u00e9tico que atingiu empresas a\u00e9reas, de transportes, de m\u00eddias e companhias de telecomunica\u00e7\u00f5es. A Microsoft informou nesta sexta que sofreu uma falha que impede a utiliza\u00e7\u00e3o de softwares e servi\u00e7os pr\u00f3prios. Este problema afeta empresas em todo o mundo. Nos Estados Unidos, diversas empresas a\u00e9reas [&hellip;]<\/p>\n","protected":false},"author":13,"featured_media":90355,"comment_status":"closed","ping_status":"open","sticky":false,"template":"","format":"standard","meta":{"_acf_changed":false,"_exactmetrics_skip_tracking":false,"_exactmetrics_sitenote_active":false,"_exactmetrics_sitenote_note":"","_exactmetrics_sitenote_category":0,"footnotes":""},"categories":[1],"tags":[],"class_list":["post-90354","post","type-post","status-publish","format-standard","has-post-thumbnail","hentry","category-geral"],"acf":[],"yoast_head":"<!-- This site is optimized with the Yoast SEO plugin v27.2 - https:\/\/yoast.com\/product\/yoast-seo-wordpress\/ -->\n<title>Apag\u00e3o cibern\u00e9tico global afeta voos, computadores e servi\u00e7os pelo mundo - R\u00e1dio Life FM<\/title>\n<meta name=\"robots\" content=\"index, follow, max-snippet:-1, max-image-preview:large, max-video-preview:-1\" \/>\n<link rel=\"canonical\" href=\"https:\/\/radiolifefm.com.br\/noticias\/apagao-cibernetico-global-afeta-voos-computadores-e-servicos-pelo-mundo\/\" \/>\n<meta property=\"og:locale\" content=\"pt_BR\" \/>\n<meta property=\"og:type\" content=\"article\" \/>\n<meta property=\"og:title\" content=\"Apag\u00e3o cibern\u00e9tico global afeta voos, computadores e servi\u00e7os pelo mundo - R\u00e1dio Life FM\" \/>\n<meta property=\"og:description\" content=\"V\u00e1rios pa\u00edses do mundo sofreram nesta sexta-feira (19) um apag\u00e3o cibern\u00e9tico que atingiu empresas a\u00e9reas, de transportes, de m\u00eddias e companhias de telecomunica\u00e7\u00f5es. A Microsoft informou nesta sexta que sofreu uma falha que impede a utiliza\u00e7\u00e3o de softwares e servi\u00e7os pr\u00f3prios. Este problema afeta empresas em todo o mundo. Nos Estados Unidos, diversas empresas a\u00e9reas [&hellip;]\" \/>\n<meta property=\"og:url\" content=\"https:\/\/radiolifefm.com.br\/noticias\/apagao-cibernetico-global-afeta-voos-computadores-e-servicos-pelo-mundo\/\" \/>\n<meta property=\"og:site_name\" content=\"R\u00e1dio Life FM\" \/>\n<meta property=\"article:publisher\" content=\"https:\/\/www.facebook.com\/radiolifefm\/\" \/>\n<meta property=\"article:published_time\" content=\"2024-07-19T11:19:16+00:00\" \/>\n<meta property=\"article:modified_time\" content=\"2026-04-19T08:46:01+00:00\" \/>\n<meta property=\"og:image\" content=\"https:\/\/radiolifefm.com.br\/noticias\/wp-content\/uploads\/2024\/07\/download-4.jpg\" \/>\n\t<meta property=\"og:image:width\" content=\"293\" \/>\n\t<meta property=\"og:image:height\" content=\"172\" \/>\n\t<meta property=\"og:image:type\" content=\"image\/jpeg\" \/>\n<meta name=\"author\" content=\"ritanery\" \/>\n<meta name=\"twitter:card\" content=\"summary_large_image\" \/>\n<meta name=\"twitter:label1\" content=\"Escrito por\" \/>\n\t<meta name=\"twitter:data1\" content=\"ritanery\" \/>\n\t<meta name=\"twitter:label2\" content=\"Est. tempo de leitura\" \/>\n\t<meta name=\"twitter:data2\" content=\"2 minutos\" \/>\n<script type=\"application\/ld+json\" class=\"yoast-schema-graph\">{\"@context\":\"https:\/\/schema.org\",\"@graph\":[{\"@type\":\"Article\",\"@id\":\"https:\/\/radiolifefm.com.br\/noticias\/apagao-cibernetico-global-afeta-voos-computadores-e-servicos-pelo-mundo\/#article\",\"isPartOf\":{\"@id\":\"https:\/\/radiolifefm.com.br\/noticias\/apagao-cibernetico-global-afeta-voos-computadores-e-servicos-pelo-mundo\/\"},\"author\":{\"name\":\"ritanery\",\"@id\":\"https:\/\/radiolifefm.com.br\/noticias\/#\/schema\/person\/6339b9fac59d12b071dec680d7375d87\"},\"headline\":\"Apag\u00e3o cibern\u00e9tico global afeta voos, computadores e servi\u00e7os pelo mundo\",\"datePublished\":\"2024-07-19T11:19:16+00:00\",\"dateModified\":\"2026-04-19T08:46:01+00:00\",\"mainEntityOfPage\":{\"@id\":\"https:\/\/radiolifefm.com.br\/noticias\/apagao-cibernetico-global-afeta-voos-computadores-e-servicos-pelo-mundo\/\"},\"wordCount\":340,\"publisher\":{\"@id\":\"https:\/\/radiolifefm.com.br\/noticias\/#organization\"},\"image\":{\"@id\":\"https:\/\/radiolifefm.com.br\/noticias\/apagao-cibernetico-global-afeta-voos-computadores-e-servicos-pelo-mundo\/#primaryimage\"},\"thumbnailUrl\":\"https:\/\/radiolifefm.com.br\/noticias\/wp-content\/uploads\/2024\/07\/download-4.jpg\",\"articleSection\":[\"Geral\"],\"inLanguage\":\"pt-BR\"},{\"@type\":\"WebPage\",\"@id\":\"https:\/\/radiolifefm.com.br\/noticias\/apagao-cibernetico-global-afeta-voos-computadores-e-servicos-pelo-mundo\/\",\"url\":\"https:\/\/radiolifefm.com.br\/noticias\/apagao-cibernetico-global-afeta-voos-computadores-e-servicos-pelo-mundo\/\",\"name\":\"Apag\u00e3o cibern\u00e9tico global afeta voos, computadores e servi\u00e7os pelo mundo - R\u00e1dio Life FM\",\"isPartOf\":{\"@id\":\"https:\/\/radiolifefm.com.br\/noticias\/#website\"},\"primaryImageOfPage\":{\"@id\":\"https:\/\/radiolifefm.com.br\/noticias\/apagao-cibernetico-global-afeta-voos-computadores-e-servicos-pelo-mundo\/#primaryimage\"},\"image\":{\"@id\":\"https:\/\/radiolifefm.com.br\/noticias\/apagao-cibernetico-global-afeta-voos-computadores-e-servicos-pelo-mundo\/#primaryimage\"},\"thumbnailUrl\":\"https:\/\/radiolifefm.com.br\/noticias\/wp-content\/uploads\/2024\/07\/download-4.jpg\",\"datePublished\":\"2024-07-19T11:19:16+00:00\",\"dateModified\":\"2026-04-19T08:46:01+00:00\",\"breadcrumb\":{\"@id\":\"https:\/\/radiolifefm.com.br\/noticias\/apagao-cibernetico-global-afeta-voos-computadores-e-servicos-pelo-mundo\/#breadcrumb\"},\"inLanguage\":\"pt-BR\",\"potentialAction\":[{\"@type\":\"ReadAction\",\"target\":[\"https:\/\/radiolifefm.com.br\/noticias\/apagao-cibernetico-global-afeta-voos-computadores-e-servicos-pelo-mundo\/\"]}]},{\"@type\":\"ImageObject\",\"inLanguage\":\"pt-BR\",\"@id\":\"https:\/\/radiolifefm.com.br\/noticias\/apagao-cibernetico-global-afeta-voos-computadores-e-servicos-pelo-mundo\/#primaryimage\",\"url\":\"https:\/\/radiolifefm.com.br\/noticias\/wp-content\/uploads\/2024\/07\/download-4.jpg\",\"contentUrl\":\"https:\/\/radiolifefm.com.br\/noticias\/wp-content\/uploads\/2024\/07\/download-4.jpg\",\"width\":293,\"height\":172,\"caption\":\"Problema acontece a partir de falha na utiliza\u00e7\u00e3o de softwares da Microsoft\"},{\"@type\":\"BreadcrumbList\",\"@id\":\"https:\/\/radiolifefm.com.br\/noticias\/apagao-cibernetico-global-afeta-voos-computadores-e-servicos-pelo-mundo\/#breadcrumb\",\"itemListElement\":[{\"@type\":\"ListItem\",\"position\":1,\"name\":\"In\u00edcio\",\"item\":\"https:\/\/radiolifefm.com.br\/noticias\/\"},{\"@type\":\"ListItem\",\"position\":2,\"name\":\"Apag\u00e3o cibern\u00e9tico global afeta voos, computadores e servi\u00e7os pelo mundo\"}]},{\"@type\":\"WebSite\",\"@id\":\"https:\/\/radiolifefm.com.br\/noticias\/#website\",\"url\":\"https:\/\/radiolifefm.com.br\/noticias\/\",\"name\":\"R\u00e1dio Life FM\",\"description\":\"O Portal de Not\u00edcias de Adamantina\",\"publisher\":{\"@id\":\"https:\/\/radiolifefm.com.br\/noticias\/#organization\"},\"alternateName\":\"Life FM\",\"potentialAction\":[{\"@type\":\"SearchAction\",\"target\":{\"@type\":\"EntryPoint\",\"urlTemplate\":\"https:\/\/radiolifefm.com.br\/noticias\/?s={search_term_string}\"},\"query-input\":{\"@type\":\"PropertyValueSpecification\",\"valueRequired\":true,\"valueName\":\"search_term_string\"}}],\"inLanguage\":\"pt-BR\"},{\"@type\":\"Organization\",\"@id\":\"https:\/\/radiolifefm.com.br\/noticias\/#organization\",\"name\":\"R\u00e1dio Life FM\",\"alternateName\":\"Life FM\",\"url\":\"https:\/\/radiolifefm.com.br\/noticias\/\",\"logo\":{\"@type\":\"ImageObject\",\"inLanguage\":\"pt-BR\",\"@id\":\"https:\/\/radiolifefm.com.br\/noticias\/#\/schema\/logo\/image\/\",\"url\":\"https:\/\/static.radiolifefm.com.br\/noticias\/wp-content\/uploads\/2019\/10\/logo-lifefm.png\",\"contentUrl\":\"https:\/\/static.radiolifefm.com.br\/noticias\/wp-content\/uploads\/2019\/10\/logo-lifefm.png\",\"width\":196,\"height\":47,\"caption\":\"R\u00e1dio Life FM\"},\"image\":{\"@id\":\"https:\/\/radiolifefm.com.br\/noticias\/#\/schema\/logo\/image\/\"},\"sameAs\":[\"https:\/\/www.facebook.com\/radiolifefm\/\",\"https:\/\/www.instagram.com\/life1079fm\/\"]},{\"@type\":\"Person\",\"@id\":\"https:\/\/radiolifefm.com.br\/noticias\/#\/schema\/person\/6339b9fac59d12b071dec680d7375d87\",\"name\":\"ritanery\",\"image\":{\"@type\":\"ImageObject\",\"inLanguage\":\"pt-BR\",\"@id\":\"https:\/\/secure.gravatar.com\/avatar\/0e37bb19071f47c0b8a23f62a903df117c5a0e75f65a0c2901562f97cd41cf86?s=96&d=mm&r=g\",\"url\":\"https:\/\/secure.gravatar.com\/avatar\/0e37bb19071f47c0b8a23f62a903df117c5a0e75f65a0c2901562f97cd41cf86?s=96&d=mm&r=g\",\"contentUrl\":\"https:\/\/secure.gravatar.com\/avatar\/0e37bb19071f47c0b8a23f62a903df117c5a0e75f65a0c2901562f97cd41cf86?s=96&d=mm&r=g\",\"caption\":\"ritanery\"}}]}<\/script>\n<!-- \/ Yoast SEO plugin. -->","yoast_head_json":{"title":"Apag\u00e3o cibern\u00e9tico global afeta voos, computadores e servi\u00e7os pelo mundo - R\u00e1dio Life FM","robots":{"index":"index","follow":"follow","max-snippet":"max-snippet:-1","max-image-preview":"max-image-preview:large","max-video-preview":"max-video-preview:-1"},"canonical":"https:\/\/radiolifefm.com.br\/noticias\/apagao-cibernetico-global-afeta-voos-computadores-e-servicos-pelo-mundo\/","og_locale":"pt_BR","og_type":"article","og_title":"Apag\u00e3o cibern\u00e9tico global afeta voos, computadores e servi\u00e7os pelo mundo - R\u00e1dio Life FM","og_description":"V\u00e1rios pa\u00edses do mundo sofreram nesta sexta-feira (19) um apag\u00e3o cibern\u00e9tico que atingiu empresas a\u00e9reas, de transportes, de m\u00eddias e companhias de telecomunica\u00e7\u00f5es. A Microsoft informou nesta sexta que sofreu uma falha que impede a utiliza\u00e7\u00e3o de softwares e servi\u00e7os pr\u00f3prios. Este problema afeta empresas em todo o mundo. Nos Estados Unidos, diversas empresas a\u00e9reas [&hellip;]","og_url":"https:\/\/radiolifefm.com.br\/noticias\/apagao-cibernetico-global-afeta-voos-computadores-e-servicos-pelo-mundo\/","og_site_name":"R\u00e1dio Life FM","article_publisher":"https:\/\/www.facebook.com\/radiolifefm\/","article_published_time":"2024-07-19T11:19:16+00:00","article_modified_time":"2026-04-19T08:46:01+00:00","og_image":[{"width":293,"height":172,"url":"https:\/\/radiolifefm.com.br\/noticias\/wp-content\/uploads\/2024\/07\/download-4.jpg","type":"image\/jpeg"}],"author":"ritanery","twitter_card":"summary_large_image","twitter_misc":{"Escrito por":"ritanery","Est. tempo de leitura":"2 minutos"},"schema":{"@context":"https:\/\/schema.org","@graph":[{"@type":"Article","@id":"https:\/\/radiolifefm.com.br\/noticias\/apagao-cibernetico-global-afeta-voos-computadores-e-servicos-pelo-mundo\/#article","isPartOf":{"@id":"https:\/\/radiolifefm.com.br\/noticias\/apagao-cibernetico-global-afeta-voos-computadores-e-servicos-pelo-mundo\/"},"author":{"name":"ritanery","@id":"https:\/\/radiolifefm.com.br\/noticias\/#\/schema\/person\/6339b9fac59d12b071dec680d7375d87"},"headline":"Apag\u00e3o cibern\u00e9tico global afeta voos, computadores e servi\u00e7os pelo mundo","datePublished":"2024-07-19T11:19:16+00:00","dateModified":"2026-04-19T08:46:01+00:00","mainEntityOfPage":{"@id":"https:\/\/radiolifefm.com.br\/noticias\/apagao-cibernetico-global-afeta-voos-computadores-e-servicos-pelo-mundo\/"},"wordCount":340,"publisher":{"@id":"https:\/\/radiolifefm.com.br\/noticias\/#organization"},"image":{"@id":"https:\/\/radiolifefm.com.br\/noticias\/apagao-cibernetico-global-afeta-voos-computadores-e-servicos-pelo-mundo\/#primaryimage"},"thumbnailUrl":"https:\/\/radiolifefm.com.br\/noticias\/wp-content\/uploads\/2024\/07\/download-4.jpg","articleSection":["Geral"],"inLanguage":"pt-BR"},{"@type":"WebPage","@id":"https:\/\/radiolifefm.com.br\/noticias\/apagao-cibernetico-global-afeta-voos-computadores-e-servicos-pelo-mundo\/","url":"https:\/\/radiolifefm.com.br\/noticias\/apagao-cibernetico-global-afeta-voos-computadores-e-servicos-pelo-mundo\/","name":"Apag\u00e3o cibern\u00e9tico global afeta voos, computadores e servi\u00e7os pelo mundo - R\u00e1dio Life FM","isPartOf":{"@id":"https:\/\/radiolifefm.com.br\/noticias\/#website"},"primaryImageOfPage":{"@id":"https:\/\/radiolifefm.com.br\/noticias\/apagao-cibernetico-global-afeta-voos-computadores-e-servicos-pelo-mundo\/#primaryimage"},"image":{"@id":"https:\/\/radiolifefm.com.br\/noticias\/apagao-cibernetico-global-afeta-voos-computadores-e-servicos-pelo-mundo\/#primaryimage"},"thumbnailUrl":"https:\/\/radiolifefm.com.br\/noticias\/wp-content\/uploads\/2024\/07\/download-4.jpg","datePublished":"2024-07-19T11:19:16+00:00","dateModified":"2026-04-19T08:46:01+00:00","breadcrumb":{"@id":"https:\/\/radiolifefm.com.br\/noticias\/apagao-cibernetico-global-afeta-voos-computadores-e-servicos-pelo-mundo\/#breadcrumb"},"inLanguage":"pt-BR","potentialAction":[{"@type":"ReadAction","target":["https:\/\/radiolifefm.com.br\/noticias\/apagao-cibernetico-global-afeta-voos-computadores-e-servicos-pelo-mundo\/"]}]},{"@type":"ImageObject","inLanguage":"pt-BR","@id":"https:\/\/radiolifefm.com.br\/noticias\/apagao-cibernetico-global-afeta-voos-computadores-e-servicos-pelo-mundo\/#primaryimage","url":"https:\/\/radiolifefm.com.br\/noticias\/wp-content\/uploads\/2024\/07\/download-4.jpg","contentUrl":"https:\/\/radiolifefm.com.br\/noticias\/wp-content\/uploads\/2024\/07\/download-4.jpg","width":293,"height":172,"caption":"Problema acontece a partir de falha na utiliza\u00e7\u00e3o de softwares da Microsoft"},{"@type":"BreadcrumbList","@id":"https:\/\/radiolifefm.com.br\/noticias\/apagao-cibernetico-global-afeta-voos-computadores-e-servicos-pelo-mundo\/#breadcrumb","itemListElement":[{"@type":"ListItem","position":1,"name":"In\u00edcio","item":"https:\/\/radiolifefm.com.br\/noticias\/"},{"@type":"ListItem","position":2,"name":"Apag\u00e3o cibern\u00e9tico global afeta voos, computadores e servi\u00e7os pelo mundo"}]},{"@type":"WebSite","@id":"https:\/\/radiolifefm.com.br\/noticias\/#website","url":"https:\/\/radiolifefm.com.br\/noticias\/","name":"R\u00e1dio Life FM","description":"O Portal de Not\u00edcias de Adamantina","publisher":{"@id":"https:\/\/radiolifefm.com.br\/noticias\/#organization"},"alternateName":"Life FM","potentialAction":[{"@type":"SearchAction","target":{"@type":"EntryPoint","urlTemplate":"https:\/\/radiolifefm.com.br\/noticias\/?s={search_term_string}"},"query-input":{"@type":"PropertyValueSpecification","valueRequired":true,"valueName":"search_term_string"}}],"inLanguage":"pt-BR"},{"@type":"Organization","@id":"https:\/\/radiolifefm.com.br\/noticias\/#organization","name":"R\u00e1dio Life FM","alternateName":"Life FM","url":"https:\/\/radiolifefm.com.br\/noticias\/","logo":{"@type":"ImageObject","inLanguage":"pt-BR","@id":"https:\/\/radiolifefm.com.br\/noticias\/#\/schema\/logo\/image\/","url":"https:\/\/static.radiolifefm.com.br\/noticias\/wp-content\/uploads\/2019\/10\/logo-lifefm.png","contentUrl":"https:\/\/static.radiolifefm.com.br\/noticias\/wp-content\/uploads\/2019\/10\/logo-lifefm.png","width":196,"height":47,"caption":"R\u00e1dio Life FM"},"image":{"@id":"https:\/\/radiolifefm.com.br\/noticias\/#\/schema\/logo\/image\/"},"sameAs":["https:\/\/www.facebook.com\/radiolifefm\/","https:\/\/www.instagram.com\/life1079fm\/"]},{"@type":"Person","@id":"https:\/\/radiolifefm.com.br\/noticias\/#\/schema\/person\/6339b9fac59d12b071dec680d7375d87","name":"ritanery","image":{"@type":"ImageObject","inLanguage":"pt-BR","@id":"https:\/\/secure.gravatar.com\/avatar\/0e37bb19071f47c0b8a23f62a903df117c5a0e75f65a0c2901562f97cd41cf86?s=96&d=mm&r=g","url":"https:\/\/secure.gravatar.com\/avatar\/0e37bb19071f47c0b8a23f62a903df117c5a0e75f65a0c2901562f97cd41cf86?s=96&d=mm&r=g","contentUrl":"https:\/\/secure.gravatar.com\/avatar\/0e37bb19071f47c0b8a23f62a903df117c5a0e75f65a0c2901562f97cd41cf86?s=96&d=mm&r=g","caption":"ritanery"}}]}},"amp_enabled":true,"_links":{"self":[{"href":"https:\/\/radiolifefm.com.br\/noticias\/wp-json\/wp\/v2\/posts\/90354","targetHints":{"allow":["GET"]}}],"collection":[{"href":"https:\/\/radiolifefm.com.br\/noticias\/wp-json\/wp\/v2\/posts"}],"about":[{"href":"https:\/\/radiolifefm.com.br\/noticias\/wp-json\/wp\/v2\/types\/post"}],"author":[{"embeddable":true,"href":"https:\/\/radiolifefm.com.br\/noticias\/wp-json\/wp\/v2\/users\/13"}],"replies":[{"embeddable":true,"href":"https:\/\/radiolifefm.com.br\/noticias\/wp-json\/wp\/v2\/comments?post=90354"}],"version-history":[{"count":1,"href":"https:\/\/radiolifefm.com.br\/noticias\/wp-json\/wp\/v2\/posts\/90354\/revisions"}],"predecessor-version":[{"id":90356,"href":"https:\/\/radiolifefm.com.br\/noticias\/wp-json\/wp\/v2\/posts\/90354\/revisions\/90356"}],"wp:featuredmedia":[{"embeddable":true,"href":"https:\/\/radiolifefm.com.br\/noticias\/wp-json\/wp\/v2\/media\/90355"}],"wp:attachment":[{"href":"https:\/\/radiolifefm.com.br\/noticias\/wp-json\/wp\/v2\/media?parent=90354"}],"wp:term":[{"taxonomy":"category","embeddable":true,"href":"https:\/\/radiolifefm.com.br\/noticias\/wp-json\/wp\/v2\/categories?post=90354"},{"taxonomy":"post_tag","embeddable":true,"href":"https:\/\/radiolifefm.com.br\/noticias\/wp-json\/wp\/v2\/tags?post=90354"}],"curies":[{"name":"wp","href":"https:\/\/api.w.org\/{rel}","templated":true}]}}