{"id":90329,"date":"2024-07-18T16:07:57","date_gmt":"2024-07-18T19:07:57","guid":{"rendered":"https:\/\/radiolifefm.com.br\/noticias\/?p=90329"},"modified":"2026-04-09T15:14:57","modified_gmt":"2026-04-09T18:14:57","slug":"ninguem-nasce-odiando-outra-pessoa-pela-cor-de-sua-pele-por-sua-origem-ou-religiao-conheca-a-historia-do-ativista-nelson-mandela","status":"publish","type":"post","link":"https:\/\/radiolifefm.com.br\/noticias\/ninguem-nasce-odiando-outra-pessoa-pela-cor-de-sua-pele-por-sua-origem-ou-religiao-conheca-a-historia-do-ativista-nelson-mandela\/","title":{"rendered":"\u201cNingu\u00e9m nasce odiando outra pessoa pela cor de sua pele, por sua origem ou religi\u00e3o.\u201d Conhe\u00e7a a hist\u00f3ria do ativista Nelson Mandela."},"content":{"rendered":"<div id=\"fb-root\"><\/div>\n<p>A edi\u00e7\u00e3o do Jornal do Meio Dia na Life FM conversou na tarde de quinta-feira com Daniel Angria, servidor p\u00fablico municipal, contabilista e economista. Em conversa, Daniel informou que tamb\u00e9m j\u00e1 foi membro do Centro de Valoriza\u00e7\u00e3o da Vida (CVV), atrav\u00e9s de um trabalho volunt\u00e1rio na institui\u00e7\u00e3o.<\/p>\n<div class='flex flex-wrap items-center -mx-1'>\r\n<a class='thumbnail gallery p-1 w-1\/2 md:w-1\/4' href='https:\/\/radiolifefm.com.br\/noticias\/wp-content\/uploads\/2024\/07\/WhatsApp-Image-2024-07-18-at-13.09.39.jpeg'><img class='border border-white' src='https:\/\/radiolifefm.com.br\/noticias\/wp-content\/uploads\/2024\/07\/WhatsApp-Image-2024-07-18-at-13.09.39-200x200.jpeg' alt='WhatsApp Image 2024 07 18 At 13.09.39' \/><\/a><a class='thumbnail gallery p-1 w-1\/2 md:w-1\/4' href='https:\/\/radiolifefm.com.br\/noticias\/wp-content\/uploads\/2024\/07\/WhatsApp-Image-2024-07-18-at-13.09.38-1.jpeg'><img class='border border-white' src='https:\/\/radiolifefm.com.br\/noticias\/wp-content\/uploads\/2024\/07\/WhatsApp-Image-2024-07-18-at-13.09.38-1-200x200.jpeg' alt='WhatsApp Image 2024 07 18 At 13.09.38 (1)' \/><\/a><a class='thumbnail gallery p-1 w-1\/2 md:w-1\/4' href='https:\/\/radiolifefm.com.br\/noticias\/wp-content\/uploads\/2024\/07\/WhatsApp-Image-2024-07-18-at-13.09.38-2.jpeg'><img class='border border-white' src='https:\/\/radiolifefm.com.br\/noticias\/wp-content\/uploads\/2024\/07\/WhatsApp-Image-2024-07-18-at-13.09.38-2-200x200.jpeg' alt='WhatsApp Image 2024 07 18 At 13.09.38 (2)' \/><\/a><\/div>\n<p>Na entrevista, Daniel relatou as inspira\u00e7\u00f5es e influ\u00eancias de Nelson Mandela que contribuem para sua vida. Ele destacou: \u201cNelson Mandela \u00e9 algu\u00e9m que inspirou, e inspira at\u00e9 os dias de hoje, todos n\u00f3s, homens negros que temos uma luta a trilhar.<\/p>\n<div class='flex flex-wrap items-center -mx-1'>\r\n<a class='thumbnail gallery p-1 w-1\/2 md:w-1\/4' href='https:\/\/radiolifefm.com.br\/noticias\/wp-content\/uploads\/2024\/07\/WhatsApp-Image-2024-07-18-at-13.09.38.jpeg'><img class='border border-white' src='https:\/\/radiolifefm.com.br\/noticias\/wp-content\/uploads\/2024\/07\/WhatsApp-Image-2024-07-18-at-13.09.38-200x200.jpeg' alt='WhatsApp Image 2024 07 18 At 13.09.38' \/><\/a><a class='thumbnail gallery p-1 w-1\/2 md:w-1\/4' href='https:\/\/radiolifefm.com.br\/noticias\/wp-content\/uploads\/2024\/07\/WhatsApp-Image-2024-07-18-at-13.09.38-2.jpeg'><img class='border border-white' src='https:\/\/radiolifefm.com.br\/noticias\/wp-content\/uploads\/2024\/07\/WhatsApp-Image-2024-07-18-at-13.09.38-2-200x200.jpeg' alt='WhatsApp Image 2024 07 18 At 13.09.38 (2)' \/><\/a><a class='thumbnail gallery p-1 w-1\/2 md:w-1\/4' href='https:\/\/radiolifefm.com.br\/noticias\/wp-content\/uploads\/2024\/07\/WhatsApp-Image-2024-07-18-at-13.09.24.jpeg'><img class='border border-white' src='https:\/\/radiolifefm.com.br\/noticias\/wp-content\/uploads\/2024\/07\/WhatsApp-Image-2024-07-18-at-13.09.24-200x200.jpeg' alt='WhatsApp Image 2024 07 18 At 13.09.24' \/><\/a><\/div>\n<p>Nelson, atrav\u00e9s de sua vida, trouxe para a sociedade coisas que ainda n\u00e3o existiam, como respeito e a tentativa de negar o racismo.\u201d<img loading=\"lazy\" decoding=\"async\" class=\"aligncenter size-medium wp-image-90340\" src=\"https:\/\/static.radiolifefm.com.br\/noticias\/wp-content\/uploads\/2024\/07\/WhatsApp-Image-2024-07-18-at-14.57.12-1-300x225.jpeg\" alt=\"\" width=\"300\" height=\"225\" srcset=\"https:\/\/radiolifefm.com.br\/noticias\/wp-content\/uploads\/2024\/07\/WhatsApp-Image-2024-07-18-at-14.57.12-1-300x225.jpeg 300w, https:\/\/radiolifefm.com.br\/noticias\/wp-content\/uploads\/2024\/07\/WhatsApp-Image-2024-07-18-at-14.57.12-1-1024x768.jpeg 1024w, https:\/\/radiolifefm.com.br\/noticias\/wp-content\/uploads\/2024\/07\/WhatsApp-Image-2024-07-18-at-14.57.12-1-768x576.jpeg 768w, https:\/\/radiolifefm.com.br\/noticias\/wp-content\/uploads\/2024\/07\/WhatsApp-Image-2024-07-18-at-14.57.12-1-1536x1152.jpeg 1536w, https:\/\/radiolifefm.com.br\/noticias\/wp-content\/uploads\/2024\/07\/WhatsApp-Image-2024-07-18-at-14.57.12-1.jpeg 1600w\" sizes=\"auto, (max-width: 300px) 100vw, 300px\" \/><\/p>\n<p>T\u00f3picos em evid\u00eancia:<br \/>\n&#8211; Saiba o que \u00e9 racismo estrutural.<br \/>\n&#8211; Tese que Nelson Mandela defendia.<br \/>\n&#8211; Forma como os valores e ensinamentos de Mandela podem ser aplicados na sociedade hoje.<br \/>\n&#8211; Principais desafios enfrentados para alcan\u00e7ar a justi\u00e7a social.<br \/>\n&#8211; Momento da vida em que sofreu preconceito.<\/p>\n<div class='flex flex-wrap items-center -mx-1'>\r\n<a class='thumbnail gallery p-1 w-1\/2 md:w-1\/4' href='https:\/\/radiolifefm.com.br\/noticias\/wp-content\/uploads\/2024\/07\/WhatsApp-Image-2024-07-18-at-13.09.24-1.jpeg'><img class='border border-white' src='https:\/\/radiolifefm.com.br\/noticias\/wp-content\/uploads\/2024\/07\/WhatsApp-Image-2024-07-18-at-13.09.24-1-200x200.jpeg' alt='WhatsApp Image 2024 07 18 At 13.09.24 (1)' \/><\/a><a class='thumbnail gallery p-1 w-1\/2 md:w-1\/4' href='https:\/\/radiolifefm.com.br\/noticias\/wp-content\/uploads\/2024\/07\/WhatsApp-Image-2024-07-18-at-13.09.16.jpeg'><img class='border border-white' src='https:\/\/radiolifefm.com.br\/noticias\/wp-content\/uploads\/2024\/07\/WhatsApp-Image-2024-07-18-at-13.09.16-200x200.jpeg' alt='WhatsApp Image 2024 07 18 At 13.09.16' \/><\/a><a class='thumbnail gallery p-1 w-1\/2 md:w-1\/4' href='https:\/\/radiolifefm.com.br\/noticias\/wp-content\/uploads\/2024\/07\/WhatsApp-Image-2024-07-18-at-13.09.16-1.jpeg'><img class='border border-white' src='https:\/\/radiolifefm.com.br\/noticias\/wp-content\/uploads\/2024\/07\/WhatsApp-Image-2024-07-18-at-13.09.16-1-200x200.jpeg' alt='WhatsApp Image 2024 07 18 At 13.09.16 (1)' \/><\/a><\/div>\n<p>Conhe\u00e7a quem foi Nelson Mandela, acesse o link desta entrevista e saiba mais.<\/p>\n<p><a href=\"https:\/\/www.youtube.com\/watch?v=Ee7zJ349CJA\">https:\/\/www.youtube.com\/watch?v=Ee7zJ349CJA<\/a><\/p>\n","protected":false},"excerpt":{"rendered":"<p>A edi\u00e7\u00e3o do Jornal do Meio Dia na Life FM conversou na tarde de quinta-feira com Daniel Angria, servidor p\u00fablico municipal, contabilista e economista. Em conversa, Daniel informou que tamb\u00e9m j\u00e1 foi membro do Centro de Valoriza\u00e7\u00e3o da Vida (CVV), atrav\u00e9s de um trabalho volunt\u00e1rio na institui\u00e7\u00e3o. Na entrevista, Daniel relatou as inspira\u00e7\u00f5es e influ\u00eancias [&hellip;]<\/p>\n","protected":false},"author":8,"featured_media":90330,"comment_status":"closed","ping_status":"open","sticky":false,"template":"","format":"standard","meta":{"_acf_changed":false,"_exactmetrics_skip_tracking":false,"_exactmetrics_sitenote_active":false,"_exactmetrics_sitenote_note":"","_exactmetrics_sitenote_category":0,"footnotes":""},"categories":[1],"tags":[],"class_list":["post-90329","post","type-post","status-publish","format-standard","has-post-thumbnail","hentry","category-geral"],"acf":[],"yoast_head":"<!-- This site is optimized with the Yoast SEO plugin v27.2 - https:\/\/yoast.com\/product\/yoast-seo-wordpress\/ -->\n<title>\u201cNingu\u00e9m nasce odiando outra pessoa pela cor de sua pele, por sua origem ou religi\u00e3o.\u201d Conhe\u00e7a a hist\u00f3ria do ativista Nelson Mandela. - R\u00e1dio Life FM<\/title>\n<meta name=\"robots\" content=\"index, follow, max-snippet:-1, max-image-preview:large, max-video-preview:-1\" \/>\n<link rel=\"canonical\" href=\"https:\/\/radiolifefm.com.br\/noticias\/ninguem-nasce-odiando-outra-pessoa-pela-cor-de-sua-pele-por-sua-origem-ou-religiao-conheca-a-historia-do-ativista-nelson-mandela\/\" \/>\n<meta property=\"og:locale\" content=\"pt_BR\" \/>\n<meta property=\"og:type\" content=\"article\" \/>\n<meta property=\"og:title\" content=\"\u201cNingu\u00e9m nasce odiando outra pessoa pela cor de sua pele, por sua origem ou religi\u00e3o.\u201d Conhe\u00e7a a hist\u00f3ria do ativista Nelson Mandela. - R\u00e1dio Life FM\" \/>\n<meta property=\"og:description\" content=\"A edi\u00e7\u00e3o do Jornal do Meio Dia na Life FM conversou na tarde de quinta-feira com Daniel Angria, servidor p\u00fablico municipal, contabilista e economista. Em conversa, Daniel informou que tamb\u00e9m j\u00e1 foi membro do Centro de Valoriza\u00e7\u00e3o da Vida (CVV), atrav\u00e9s de um trabalho volunt\u00e1rio na institui\u00e7\u00e3o. Na entrevista, Daniel relatou as inspira\u00e7\u00f5es e influ\u00eancias [&hellip;]\" \/>\n<meta property=\"og:url\" content=\"https:\/\/radiolifefm.com.br\/noticias\/ninguem-nasce-odiando-outra-pessoa-pela-cor-de-sua-pele-por-sua-origem-ou-religiao-conheca-a-historia-do-ativista-nelson-mandela\/\" \/>\n<meta property=\"og:site_name\" content=\"R\u00e1dio Life FM\" \/>\n<meta property=\"article:publisher\" content=\"https:\/\/www.facebook.com\/radiolifefm\/\" \/>\n<meta property=\"article:published_time\" content=\"2024-07-18T19:07:57+00:00\" \/>\n<meta property=\"article:modified_time\" content=\"2026-04-09T18:14:57+00:00\" \/>\n<meta property=\"og:image\" content=\"https:\/\/radiolifefm.com.br\/noticias\/wp-content\/uploads\/2024\/07\/WhatsApp-Image-2024-07-18-at-13.09.10-e1721329554196.jpeg\" \/>\n\t<meta property=\"og:image:width\" content=\"1600\" \/>\n\t<meta property=\"og:image:height\" content=\"1106\" \/>\n\t<meta property=\"og:image:type\" content=\"image\/jpeg\" \/>\n<meta name=\"author\" content=\"joaograndao\" \/>\n<meta name=\"twitter:card\" content=\"summary_large_image\" \/>\n<meta name=\"twitter:label1\" content=\"Escrito por\" \/>\n\t<meta name=\"twitter:data1\" content=\"joaograndao\" \/>\n\t<meta name=\"twitter:label2\" content=\"Est. tempo de leitura\" \/>\n\t<meta name=\"twitter:data2\" content=\"2 minutos\" \/>\n<script type=\"application\/ld+json\" class=\"yoast-schema-graph\">{\"@context\":\"https:\/\/schema.org\",\"@graph\":[{\"@type\":\"Article\",\"@id\":\"https:\/\/radiolifefm.com.br\/noticias\/ninguem-nasce-odiando-outra-pessoa-pela-cor-de-sua-pele-por-sua-origem-ou-religiao-conheca-a-historia-do-ativista-nelson-mandela\/#article\",\"isPartOf\":{\"@id\":\"https:\/\/radiolifefm.com.br\/noticias\/ninguem-nasce-odiando-outra-pessoa-pela-cor-de-sua-pele-por-sua-origem-ou-religiao-conheca-a-historia-do-ativista-nelson-mandela\/\"},\"author\":{\"name\":\"joaograndao\",\"@id\":\"https:\/\/radiolifefm.com.br\/noticias\/#\/schema\/person\/6876e1240feffe6e1b63fd5cb85abf28\"},\"headline\":\"\u201cNingu\u00e9m nasce odiando outra pessoa pela cor de sua pele, por sua origem ou religi\u00e3o.\u201d Conhe\u00e7a a hist\u00f3ria do ativista Nelson Mandela.\",\"datePublished\":\"2024-07-18T19:07:57+00:00\",\"dateModified\":\"2026-04-09T18:14:57+00:00\",\"mainEntityOfPage\":{\"@id\":\"https:\/\/radiolifefm.com.br\/noticias\/ninguem-nasce-odiando-outra-pessoa-pela-cor-de-sua-pele-por-sua-origem-ou-religiao-conheca-a-historia-do-ativista-nelson-mandela\/\"},\"wordCount\":229,\"publisher\":{\"@id\":\"https:\/\/radiolifefm.com.br\/noticias\/#organization\"},\"image\":{\"@id\":\"https:\/\/radiolifefm.com.br\/noticias\/ninguem-nasce-odiando-outra-pessoa-pela-cor-de-sua-pele-por-sua-origem-ou-religiao-conheca-a-historia-do-ativista-nelson-mandela\/#primaryimage\"},\"thumbnailUrl\":\"https:\/\/radiolifefm.com.br\/noticias\/wp-content\/uploads\/2024\/07\/WhatsApp-Image-2024-07-18-at-13.09.10-e1721329554196.jpeg\",\"articleSection\":[\"Geral\"],\"inLanguage\":\"pt-BR\"},{\"@type\":\"WebPage\",\"@id\":\"https:\/\/radiolifefm.com.br\/noticias\/ninguem-nasce-odiando-outra-pessoa-pela-cor-de-sua-pele-por-sua-origem-ou-religiao-conheca-a-historia-do-ativista-nelson-mandela\/\",\"url\":\"https:\/\/radiolifefm.com.br\/noticias\/ninguem-nasce-odiando-outra-pessoa-pela-cor-de-sua-pele-por-sua-origem-ou-religiao-conheca-a-historia-do-ativista-nelson-mandela\/\",\"name\":\"\u201cNingu\u00e9m nasce odiando outra pessoa pela cor de sua pele, por sua origem ou religi\u00e3o.\u201d Conhe\u00e7a a hist\u00f3ria do ativista Nelson Mandela. - R\u00e1dio Life FM\",\"isPartOf\":{\"@id\":\"https:\/\/radiolifefm.com.br\/noticias\/#website\"},\"primaryImageOfPage\":{\"@id\":\"https:\/\/radiolifefm.com.br\/noticias\/ninguem-nasce-odiando-outra-pessoa-pela-cor-de-sua-pele-por-sua-origem-ou-religiao-conheca-a-historia-do-ativista-nelson-mandela\/#primaryimage\"},\"image\":{\"@id\":\"https:\/\/radiolifefm.com.br\/noticias\/ninguem-nasce-odiando-outra-pessoa-pela-cor-de-sua-pele-por-sua-origem-ou-religiao-conheca-a-historia-do-ativista-nelson-mandela\/#primaryimage\"},\"thumbnailUrl\":\"https:\/\/radiolifefm.com.br\/noticias\/wp-content\/uploads\/2024\/07\/WhatsApp-Image-2024-07-18-at-13.09.10-e1721329554196.jpeg\",\"datePublished\":\"2024-07-18T19:07:57+00:00\",\"dateModified\":\"2026-04-09T18:14:57+00:00\",\"breadcrumb\":{\"@id\":\"https:\/\/radiolifefm.com.br\/noticias\/ninguem-nasce-odiando-outra-pessoa-pela-cor-de-sua-pele-por-sua-origem-ou-religiao-conheca-a-historia-do-ativista-nelson-mandela\/#breadcrumb\"},\"inLanguage\":\"pt-BR\",\"potentialAction\":[{\"@type\":\"ReadAction\",\"target\":[\"https:\/\/radiolifefm.com.br\/noticias\/ninguem-nasce-odiando-outra-pessoa-pela-cor-de-sua-pele-por-sua-origem-ou-religiao-conheca-a-historia-do-ativista-nelson-mandela\/\"]}]},{\"@type\":\"ImageObject\",\"inLanguage\":\"pt-BR\",\"@id\":\"https:\/\/radiolifefm.com.br\/noticias\/ninguem-nasce-odiando-outra-pessoa-pela-cor-de-sua-pele-por-sua-origem-ou-religiao-conheca-a-historia-do-ativista-nelson-mandela\/#primaryimage\",\"url\":\"https:\/\/radiolifefm.com.br\/noticias\/wp-content\/uploads\/2024\/07\/WhatsApp-Image-2024-07-18-at-13.09.10-e1721329554196.jpeg\",\"contentUrl\":\"https:\/\/radiolifefm.com.br\/noticias\/wp-content\/uploads\/2024\/07\/WhatsApp-Image-2024-07-18-at-13.09.10-e1721329554196.jpeg\",\"width\":1600,\"height\":1106},{\"@type\":\"BreadcrumbList\",\"@id\":\"https:\/\/radiolifefm.com.br\/noticias\/ninguem-nasce-odiando-outra-pessoa-pela-cor-de-sua-pele-por-sua-origem-ou-religiao-conheca-a-historia-do-ativista-nelson-mandela\/#breadcrumb\",\"itemListElement\":[{\"@type\":\"ListItem\",\"position\":1,\"name\":\"In\u00edcio\",\"item\":\"https:\/\/radiolifefm.com.br\/noticias\/\"},{\"@type\":\"ListItem\",\"position\":2,\"name\":\"\u201cNingu\u00e9m nasce odiando outra pessoa pela cor de sua pele, por sua origem ou religi\u00e3o.\u201d Conhe\u00e7a a hist\u00f3ria do ativista Nelson Mandela.\"}]},{\"@type\":\"WebSite\",\"@id\":\"https:\/\/radiolifefm.com.br\/noticias\/#website\",\"url\":\"https:\/\/radiolifefm.com.br\/noticias\/\",\"name\":\"R\u00e1dio Life FM\",\"description\":\"O Portal de Not\u00edcias de Adamantina\",\"publisher\":{\"@id\":\"https:\/\/radiolifefm.com.br\/noticias\/#organization\"},\"alternateName\":\"Life FM\",\"potentialAction\":[{\"@type\":\"SearchAction\",\"target\":{\"@type\":\"EntryPoint\",\"urlTemplate\":\"https:\/\/radiolifefm.com.br\/noticias\/?s={search_term_string}\"},\"query-input\":{\"@type\":\"PropertyValueSpecification\",\"valueRequired\":true,\"valueName\":\"search_term_string\"}}],\"inLanguage\":\"pt-BR\"},{\"@type\":\"Organization\",\"@id\":\"https:\/\/radiolifefm.com.br\/noticias\/#organization\",\"name\":\"R\u00e1dio Life FM\",\"alternateName\":\"Life FM\",\"url\":\"https:\/\/radiolifefm.com.br\/noticias\/\",\"logo\":{\"@type\":\"ImageObject\",\"inLanguage\":\"pt-BR\",\"@id\":\"https:\/\/radiolifefm.com.br\/noticias\/#\/schema\/logo\/image\/\",\"url\":\"https:\/\/static.radiolifefm.com.br\/noticias\/wp-content\/uploads\/2019\/10\/logo-lifefm.png\",\"contentUrl\":\"https:\/\/static.radiolifefm.com.br\/noticias\/wp-content\/uploads\/2019\/10\/logo-lifefm.png\",\"width\":196,\"height\":47,\"caption\":\"R\u00e1dio Life FM\"},\"image\":{\"@id\":\"https:\/\/radiolifefm.com.br\/noticias\/#\/schema\/logo\/image\/\"},\"sameAs\":[\"https:\/\/www.facebook.com\/radiolifefm\/\",\"https:\/\/www.instagram.com\/life1079fm\/\"]},{\"@type\":\"Person\",\"@id\":\"https:\/\/radiolifefm.com.br\/noticias\/#\/schema\/person\/6876e1240feffe6e1b63fd5cb85abf28\",\"name\":\"joaograndao\",\"image\":{\"@type\":\"ImageObject\",\"inLanguage\":\"pt-BR\",\"@id\":\"https:\/\/secure.gravatar.com\/avatar\/d5b1a3cf357ed9c50404e256a1294083aa8ab5d2a994001567302786016cb32c?s=96&d=mm&r=g\",\"url\":\"https:\/\/secure.gravatar.com\/avatar\/d5b1a3cf357ed9c50404e256a1294083aa8ab5d2a994001567302786016cb32c?s=96&d=mm&r=g\",\"contentUrl\":\"https:\/\/secure.gravatar.com\/avatar\/d5b1a3cf357ed9c50404e256a1294083aa8ab5d2a994001567302786016cb32c?s=96&d=mm&r=g\",\"caption\":\"joaograndao\"}}]}<\/script>\n<!-- \/ Yoast SEO plugin. -->","yoast_head_json":{"title":"\u201cNingu\u00e9m nasce odiando outra pessoa pela cor de sua pele, por sua origem ou religi\u00e3o.\u201d Conhe\u00e7a a hist\u00f3ria do ativista Nelson Mandela. - R\u00e1dio Life FM","robots":{"index":"index","follow":"follow","max-snippet":"max-snippet:-1","max-image-preview":"max-image-preview:large","max-video-preview":"max-video-preview:-1"},"canonical":"https:\/\/radiolifefm.com.br\/noticias\/ninguem-nasce-odiando-outra-pessoa-pela-cor-de-sua-pele-por-sua-origem-ou-religiao-conheca-a-historia-do-ativista-nelson-mandela\/","og_locale":"pt_BR","og_type":"article","og_title":"\u201cNingu\u00e9m nasce odiando outra pessoa pela cor de sua pele, por sua origem ou religi\u00e3o.\u201d Conhe\u00e7a a hist\u00f3ria do ativista Nelson Mandela. - R\u00e1dio Life FM","og_description":"A edi\u00e7\u00e3o do Jornal do Meio Dia na Life FM conversou na tarde de quinta-feira com Daniel Angria, servidor p\u00fablico municipal, contabilista e economista. Em conversa, Daniel informou que tamb\u00e9m j\u00e1 foi membro do Centro de Valoriza\u00e7\u00e3o da Vida (CVV), atrav\u00e9s de um trabalho volunt\u00e1rio na institui\u00e7\u00e3o. Na entrevista, Daniel relatou as inspira\u00e7\u00f5es e influ\u00eancias [&hellip;]","og_url":"https:\/\/radiolifefm.com.br\/noticias\/ninguem-nasce-odiando-outra-pessoa-pela-cor-de-sua-pele-por-sua-origem-ou-religiao-conheca-a-historia-do-ativista-nelson-mandela\/","og_site_name":"R\u00e1dio Life FM","article_publisher":"https:\/\/www.facebook.com\/radiolifefm\/","article_published_time":"2024-07-18T19:07:57+00:00","article_modified_time":"2026-04-09T18:14:57+00:00","og_image":[{"width":1600,"height":1106,"url":"https:\/\/radiolifefm.com.br\/noticias\/wp-content\/uploads\/2024\/07\/WhatsApp-Image-2024-07-18-at-13.09.10-e1721329554196.jpeg","type":"image\/jpeg"}],"author":"joaograndao","twitter_card":"summary_large_image","twitter_misc":{"Escrito por":"joaograndao","Est. tempo de leitura":"2 minutos"},"schema":{"@context":"https:\/\/schema.org","@graph":[{"@type":"Article","@id":"https:\/\/radiolifefm.com.br\/noticias\/ninguem-nasce-odiando-outra-pessoa-pela-cor-de-sua-pele-por-sua-origem-ou-religiao-conheca-a-historia-do-ativista-nelson-mandela\/#article","isPartOf":{"@id":"https:\/\/radiolifefm.com.br\/noticias\/ninguem-nasce-odiando-outra-pessoa-pela-cor-de-sua-pele-por-sua-origem-ou-religiao-conheca-a-historia-do-ativista-nelson-mandela\/"},"author":{"name":"joaograndao","@id":"https:\/\/radiolifefm.com.br\/noticias\/#\/schema\/person\/6876e1240feffe6e1b63fd5cb85abf28"},"headline":"\u201cNingu\u00e9m nasce odiando outra pessoa pela cor de sua pele, por sua origem ou religi\u00e3o.\u201d Conhe\u00e7a a hist\u00f3ria do ativista Nelson Mandela.","datePublished":"2024-07-18T19:07:57+00:00","dateModified":"2026-04-09T18:14:57+00:00","mainEntityOfPage":{"@id":"https:\/\/radiolifefm.com.br\/noticias\/ninguem-nasce-odiando-outra-pessoa-pela-cor-de-sua-pele-por-sua-origem-ou-religiao-conheca-a-historia-do-ativista-nelson-mandela\/"},"wordCount":229,"publisher":{"@id":"https:\/\/radiolifefm.com.br\/noticias\/#organization"},"image":{"@id":"https:\/\/radiolifefm.com.br\/noticias\/ninguem-nasce-odiando-outra-pessoa-pela-cor-de-sua-pele-por-sua-origem-ou-religiao-conheca-a-historia-do-ativista-nelson-mandela\/#primaryimage"},"thumbnailUrl":"https:\/\/radiolifefm.com.br\/noticias\/wp-content\/uploads\/2024\/07\/WhatsApp-Image-2024-07-18-at-13.09.10-e1721329554196.jpeg","articleSection":["Geral"],"inLanguage":"pt-BR"},{"@type":"WebPage","@id":"https:\/\/radiolifefm.com.br\/noticias\/ninguem-nasce-odiando-outra-pessoa-pela-cor-de-sua-pele-por-sua-origem-ou-religiao-conheca-a-historia-do-ativista-nelson-mandela\/","url":"https:\/\/radiolifefm.com.br\/noticias\/ninguem-nasce-odiando-outra-pessoa-pela-cor-de-sua-pele-por-sua-origem-ou-religiao-conheca-a-historia-do-ativista-nelson-mandela\/","name":"\u201cNingu\u00e9m nasce odiando outra pessoa pela cor de sua pele, por sua origem ou religi\u00e3o.\u201d Conhe\u00e7a a hist\u00f3ria do ativista Nelson Mandela. - R\u00e1dio Life FM","isPartOf":{"@id":"https:\/\/radiolifefm.com.br\/noticias\/#website"},"primaryImageOfPage":{"@id":"https:\/\/radiolifefm.com.br\/noticias\/ninguem-nasce-odiando-outra-pessoa-pela-cor-de-sua-pele-por-sua-origem-ou-religiao-conheca-a-historia-do-ativista-nelson-mandela\/#primaryimage"},"image":{"@id":"https:\/\/radiolifefm.com.br\/noticias\/ninguem-nasce-odiando-outra-pessoa-pela-cor-de-sua-pele-por-sua-origem-ou-religiao-conheca-a-historia-do-ativista-nelson-mandela\/#primaryimage"},"thumbnailUrl":"https:\/\/radiolifefm.com.br\/noticias\/wp-content\/uploads\/2024\/07\/WhatsApp-Image-2024-07-18-at-13.09.10-e1721329554196.jpeg","datePublished":"2024-07-18T19:07:57+00:00","dateModified":"2026-04-09T18:14:57+00:00","breadcrumb":{"@id":"https:\/\/radiolifefm.com.br\/noticias\/ninguem-nasce-odiando-outra-pessoa-pela-cor-de-sua-pele-por-sua-origem-ou-religiao-conheca-a-historia-do-ativista-nelson-mandela\/#breadcrumb"},"inLanguage":"pt-BR","potentialAction":[{"@type":"ReadAction","target":["https:\/\/radiolifefm.com.br\/noticias\/ninguem-nasce-odiando-outra-pessoa-pela-cor-de-sua-pele-por-sua-origem-ou-religiao-conheca-a-historia-do-ativista-nelson-mandela\/"]}]},{"@type":"ImageObject","inLanguage":"pt-BR","@id":"https:\/\/radiolifefm.com.br\/noticias\/ninguem-nasce-odiando-outra-pessoa-pela-cor-de-sua-pele-por-sua-origem-ou-religiao-conheca-a-historia-do-ativista-nelson-mandela\/#primaryimage","url":"https:\/\/radiolifefm.com.br\/noticias\/wp-content\/uploads\/2024\/07\/WhatsApp-Image-2024-07-18-at-13.09.10-e1721329554196.jpeg","contentUrl":"https:\/\/radiolifefm.com.br\/noticias\/wp-content\/uploads\/2024\/07\/WhatsApp-Image-2024-07-18-at-13.09.10-e1721329554196.jpeg","width":1600,"height":1106},{"@type":"BreadcrumbList","@id":"https:\/\/radiolifefm.com.br\/noticias\/ninguem-nasce-odiando-outra-pessoa-pela-cor-de-sua-pele-por-sua-origem-ou-religiao-conheca-a-historia-do-ativista-nelson-mandela\/#breadcrumb","itemListElement":[{"@type":"ListItem","position":1,"name":"In\u00edcio","item":"https:\/\/radiolifefm.com.br\/noticias\/"},{"@type":"ListItem","position":2,"name":"\u201cNingu\u00e9m nasce odiando outra pessoa pela cor de sua pele, por sua origem ou religi\u00e3o.\u201d Conhe\u00e7a a hist\u00f3ria do ativista Nelson Mandela."}]},{"@type":"WebSite","@id":"https:\/\/radiolifefm.com.br\/noticias\/#website","url":"https:\/\/radiolifefm.com.br\/noticias\/","name":"R\u00e1dio Life FM","description":"O Portal de Not\u00edcias de Adamantina","publisher":{"@id":"https:\/\/radiolifefm.com.br\/noticias\/#organization"},"alternateName":"Life FM","potentialAction":[{"@type":"SearchAction","target":{"@type":"EntryPoint","urlTemplate":"https:\/\/radiolifefm.com.br\/noticias\/?s={search_term_string}"},"query-input":{"@type":"PropertyValueSpecification","valueRequired":true,"valueName":"search_term_string"}}],"inLanguage":"pt-BR"},{"@type":"Organization","@id":"https:\/\/radiolifefm.com.br\/noticias\/#organization","name":"R\u00e1dio Life FM","alternateName":"Life FM","url":"https:\/\/radiolifefm.com.br\/noticias\/","logo":{"@type":"ImageObject","inLanguage":"pt-BR","@id":"https:\/\/radiolifefm.com.br\/noticias\/#\/schema\/logo\/image\/","url":"https:\/\/static.radiolifefm.com.br\/noticias\/wp-content\/uploads\/2019\/10\/logo-lifefm.png","contentUrl":"https:\/\/static.radiolifefm.com.br\/noticias\/wp-content\/uploads\/2019\/10\/logo-lifefm.png","width":196,"height":47,"caption":"R\u00e1dio Life FM"},"image":{"@id":"https:\/\/radiolifefm.com.br\/noticias\/#\/schema\/logo\/image\/"},"sameAs":["https:\/\/www.facebook.com\/radiolifefm\/","https:\/\/www.instagram.com\/life1079fm\/"]},{"@type":"Person","@id":"https:\/\/radiolifefm.com.br\/noticias\/#\/schema\/person\/6876e1240feffe6e1b63fd5cb85abf28","name":"joaograndao","image":{"@type":"ImageObject","inLanguage":"pt-BR","@id":"https:\/\/secure.gravatar.com\/avatar\/d5b1a3cf357ed9c50404e256a1294083aa8ab5d2a994001567302786016cb32c?s=96&d=mm&r=g","url":"https:\/\/secure.gravatar.com\/avatar\/d5b1a3cf357ed9c50404e256a1294083aa8ab5d2a994001567302786016cb32c?s=96&d=mm&r=g","contentUrl":"https:\/\/secure.gravatar.com\/avatar\/d5b1a3cf357ed9c50404e256a1294083aa8ab5d2a994001567302786016cb32c?s=96&d=mm&r=g","caption":"joaograndao"}}]}},"amp_enabled":true,"_links":{"self":[{"href":"https:\/\/radiolifefm.com.br\/noticias\/wp-json\/wp\/v2\/posts\/90329","targetHints":{"allow":["GET"]}}],"collection":[{"href":"https:\/\/radiolifefm.com.br\/noticias\/wp-json\/wp\/v2\/posts"}],"about":[{"href":"https:\/\/radiolifefm.com.br\/noticias\/wp-json\/wp\/v2\/types\/post"}],"author":[{"embeddable":true,"href":"https:\/\/radiolifefm.com.br\/noticias\/wp-json\/wp\/v2\/users\/8"}],"replies":[{"embeddable":true,"href":"https:\/\/radiolifefm.com.br\/noticias\/wp-json\/wp\/v2\/comments?post=90329"}],"version-history":[{"count":1,"href":"https:\/\/radiolifefm.com.br\/noticias\/wp-json\/wp\/v2\/posts\/90329\/revisions"}],"predecessor-version":[{"id":90341,"href":"https:\/\/radiolifefm.com.br\/noticias\/wp-json\/wp\/v2\/posts\/90329\/revisions\/90341"}],"wp:featuredmedia":[{"embeddable":true,"href":"https:\/\/radiolifefm.com.br\/noticias\/wp-json\/wp\/v2\/media\/90330"}],"wp:attachment":[{"href":"https:\/\/radiolifefm.com.br\/noticias\/wp-json\/wp\/v2\/media?parent=90329"}],"wp:term":[{"taxonomy":"category","embeddable":true,"href":"https:\/\/radiolifefm.com.br\/noticias\/wp-json\/wp\/v2\/categories?post=90329"},{"taxonomy":"post_tag","embeddable":true,"href":"https:\/\/radiolifefm.com.br\/noticias\/wp-json\/wp\/v2\/tags?post=90329"}],"curies":[{"name":"wp","href":"https:\/\/api.w.org\/{rel}","templated":true}]}}